{"id":21973,"date":"2023-05-15T18:09:45","date_gmt":"2023-05-15T18:09:45","guid":{"rendered":"https:\/\/www.public.sn\/?p=21973"},"modified":"2023-05-15T18:09:45","modified_gmt":"2023-05-15T18:09:45","slug":"mort-du-policier-hassime-diedhiou-a-ziguinchor-voici-la-reaction-du-ministre-de-linterieur","status":"publish","type":"post","link":"https:\/\/www.public.sn\/index.php\/2023\/05\/15\/mort-du-policier-hassime-diedhiou-a-ziguinchor-voici-la-reaction-du-ministre-de-linterieur\/","title":{"rendered":"Mort du policier Hassime DIEDHIOU \u00e0 Ziguinchor : voici la r\u00e9action du ministre de l&rsquo;Int\u00e9rieur"},"content":{"rendered":"<p><strong>Un policier a trouv\u00e9 la mort \u00e0 Ziguinchor, apr\u00e8s un accident avec le char de la police. Une information que vient de confirmer Antoine Felix Diome, ministre de l\u2019Int\u00e9rieur, via un communiqu\u00e9.<\/strong><\/p><div class=\"publi-paragraphe1\" style=\"margin-top: 10px;margin-bottom: 10px;margin-left: auto;margin-right: auto;text-align: center;\" id=\"publi-2962265188\"><div class=\"publi-adlabel\">Publicit\u00e9<\/div><script async src=\"\/\/pagead2.googlesyndication.com\/pagead\/js\/adsbygoogle.js?client=ca-pub-4089586018074219\" crossorigin=\"anonymous\"><\/script><ins class=\"adsbygoogle\" style=\"display:block;\" data-ad-client=\"ca-pub-4089586018074219\" \ndata-ad-slot=\"2087940154\" \ndata-ad-format=\"auto\"><\/ins>\n<script> \n(adsbygoogle = window.adsbygoogle || []).push({}); \n<\/script>\n<\/div>\n<p>\u00ab Le Ministre de l\u2019Int\u00e9rieur a le regret d\u2019annoncer le d\u00e9c\u00e8s de l\u2019agent de police Hassime DIEDHIOU, survenu ce lundi 15 mai 2023 \u00e0 Ziguinchor, suite \u00e0 un tragique accident caus\u00e9 par un char du Groupement Mobile d\u2019intervention (GMD).<\/p>\n<p>En cette douloureuse circonstance, le Ministre de l\u2019Int\u00e9rieur exprime, au nom de Monsieur le Pr\u00e9sident de la R\u00e9publique, Son Excellence Macky SALL, ses sinc\u00e8res condol\u00e9ances \u00e0 la famille du d\u00e9funt et \u00e0 l\u2019ensemble des fonctionnaires de Police du S\u00e9n\u00e9gal.<\/p>\n<p>Monsieur Hassime DIEDHIOU \u00e9tait un agent de police d\u00e9vou\u00e9 et courageux, qui \u00e0 servi avec honneur et dignit\u00e9. Son d\u00e9c\u00e8s, dans l\u2019exercice de ses fonctions, est une perte immense pour sa famille, ses coll\u00e8gues et l\u2019ensemble des forces de d\u00e9fense et de s\u00e9curit\u00e9 (FDS).<\/p>\n<p>Le Ministre de l\u2019Int\u00e9rieur tient \u00e0 souligner le courage et le d\u00e9vouement des FDS, qui risquent leur vie au quotidien pour assurer la s\u00e9curit\u00e9 de nos concitoyens.<\/p>\n<p>Leur engagement et leur professionnalisme sont exemplaires et m\u00e9ritent notre reconnaissance et tout notre soutien \u00bb, lit-on sur le communiqu\u00e9 du ministre de l\u2019Int\u00e9rieur.<\/p>\n<div class=\"publi-apres-le-contenu\" style=\"margin-top: 10px;margin-bottom: 10px;margin-left: auto;margin-right: auto;text-align: center;\" id=\"publi-2691982355\"><div class=\"publi-adlabel\">Publicit\u00e9<\/div><script async src=\"\/\/pagead2.googlesyndication.com\/pagead\/js\/adsbygoogle.js?client=ca-pub-4089586018074219\" crossorigin=\"anonymous\"><\/script><ins class=\"adsbygoogle\" style=\"display:block;\" data-ad-client=\"ca-pub-4089586018074219\" \ndata-ad-slot=\"2087940154\" \ndata-ad-format=\"auto\"><\/ins>\n<script> \n(adsbygoogle = window.adsbygoogle || []).push({}); \n<\/script>\n<\/div>","protected":false},"excerpt":{"rendered":"<p>Un policier a trouv\u00e9 la mort \u00e0 Ziguinchor, apr\u00e8s un accident avec le char de la police. Une information que vient de confirmer Antoine Felix Diome, ministre de l\u2019Int\u00e9rieur, via un communiqu\u00e9. \u00ab Le Ministre de l\u2019Int\u00e9rieur a le regret d\u2019annoncer le d\u00e9c\u00e8s de l\u2019agent de police Hassime DIEDHIOU, survenu ce lundi 15 mai 2023 \u00e0 Ziguinchor, suite \u00e0 un tragique accident caus\u00e9 par un char du Groupement Mobile d\u2019intervention (GMD). En cette douloureuse circonstance, le Ministre de l\u2019Int\u00e9rieur exprime, au nom de Monsieur le Pr\u00e9sident de la R\u00e9publique, Son Excellence Macky SALL, ses sinc\u00e8res condol\u00e9ances \u00e0 la famille du d\u00e9funt et \u00e0 l\u2019ensemble des fonctionnaires de Police du S\u00e9n\u00e9gal. Monsieur Hassime DIEDHIOU \u00e9tait un agent de police d\u00e9vou\u00e9 et courageux, qui \u00e0 servi avec honneur et dignit\u00e9. Son d\u00e9c\u00e8s, dans l\u2019exercice de ses fonctions, est une perte immense pour sa famille, ses coll\u00e8gues et l\u2019ensemble des forces de d\u00e9fense et de s\u00e9curit\u00e9 (FDS). Le Ministre de l\u2019Int\u00e9rieur tient \u00e0 souligner le courage et le d\u00e9vouement des FDS, qui risquent leur vie au quotidien pour assurer la s\u00e9curit\u00e9 de nos concitoyens. Leur engagement et leur professionnalisme sont exemplaires et m\u00e9ritent notre reconnaissance et tout notre soutien \u00bb, lit-on sur le communiqu\u00e9 du ministre de l\u2019Int\u00e9rieur.<\/p>\n","protected":false},"author":1,"featured_media":18484,"comment_status":"open","ping_status":"open","sticky":false,"template":"","format":"standard","meta":{"_jetpack_memberships_contains_paid_content":false,"footnotes":""},"categories":[375,3,376,1,372],"tags":[4702,5155],"class_list":["post-21973","post","type-post","status-publish","format-standard","has-post-thumbnail","hentry","category-actualites","category-politique","category-securite-justice","category-non-classe","category-vedette","tag-antoine-diome","tag-hassime-diedhiou","entry","has-media","owp-thumbs-layout-horizontal","owp-btn-normal","owp-tabs-layout-horizontal","has-no-thumbnails","has-product-nav"],"yoast_head":"<!-- This site is optimized with the Yoast SEO plugin v25.5 - https:\/\/yoast.com\/wordpress\/plugins\/seo\/ -->\n<title>Mort du policier Hassime DIEDHIOU \u00e0 Ziguinchor : voici la r\u00e9action du ministre de l&#039;Int\u00e9rieur - LE PUBLIC<\/title>\n<meta name=\"description\" content=\"Un policier a trouv\u00e9 la mort \u00e0 Ziguinchor, apr\u00e8s un accident avec le char de la police. Une information que vient de confirmer Antoine Felix Diome, ministre de l\u2019Int\u00e9rieur, via un communiqu\u00e9.\" \/>\n<meta name=\"robots\" content=\"index, follow, max-snippet:-1, max-image-preview:large, max-video-preview:-1\" \/>\n<link rel=\"canonical\" href=\"https:\/\/www.public.sn\/index.php\/2023\/05\/15\/mort-du-policier-hassime-diedhiou-a-ziguinchor-voici-la-reaction-du-ministre-de-linterieur\/\" \/>\n<meta property=\"og:locale\" content=\"fr_FR\" \/>\n<meta property=\"og:type\" content=\"article\" \/>\n<meta property=\"og:title\" content=\"Mort du policier Hassime DIEDHIOU \u00e0 Ziguinchor : voici la r\u00e9action du ministre de l&#039;Int\u00e9rieur - LE PUBLIC\" \/>\n<meta property=\"og:description\" content=\"Un policier a trouv\u00e9 la mort \u00e0 Ziguinchor, apr\u00e8s un accident avec le char de la police. Une information que vient de confirmer Antoine Felix Diome, ministre de l\u2019Int\u00e9rieur, via un communiqu\u00e9.\" \/>\n<meta property=\"og:url\" content=\"https:\/\/www.public.sn\/index.php\/2023\/05\/15\/mort-du-policier-hassime-diedhiou-a-ziguinchor-voici-la-reaction-du-ministre-de-linterieur\/\" \/>\n<meta property=\"og:site_name\" content=\"LE PUBLIC\" \/>\n<meta property=\"article:published_time\" content=\"2023-05-15T18:09:45+00:00\" \/>\n<meta property=\"og:image\" content=\"https:\/\/www.public.sn\/wp-content\/uploads\/2023\/03\/antoine-diome_1715.png\" \/>\n\t<meta property=\"og:image:width\" content=\"1600\" \/>\n\t<meta property=\"og:image:height\" content=\"909\" \/>\n\t<meta property=\"og:image:type\" content=\"image\/png\" \/>\n<meta name=\"author\" content=\"LA REDACTION\" \/>\n<meta name=\"twitter:card\" content=\"summary_large_image\" \/>\n<meta name=\"twitter:label1\" content=\"\u00c9crit par\" \/>\n\t<meta name=\"twitter:data1\" content=\"LA REDACTION\" \/>\n\t<meta name=\"twitter:label2\" content=\"Dur\u00e9e de lecture estim\u00e9e\" \/>\n\t<meta name=\"twitter:data2\" content=\"2 minutes\" \/>\n<script type=\"application\/ld+json\" class=\"yoast-schema-graph\">{\"@context\":\"https:\/\/schema.org\",\"@graph\":[{\"@type\":\"Article\",\"@id\":\"https:\/\/www.public.sn\/index.php\/2023\/05\/15\/mort-du-policier-hassime-diedhiou-a-ziguinchor-voici-la-reaction-du-ministre-de-linterieur\/#article\",\"isPartOf\":{\"@id\":\"https:\/\/www.public.sn\/index.php\/2023\/05\/15\/mort-du-policier-hassime-diedhiou-a-ziguinchor-voici-la-reaction-du-ministre-de-linterieur\/\"},\"author\":{\"name\":\"LA REDACTION\",\"@id\":\"https:\/\/www.public.sn\/#\/schema\/person\/e3f4a11b037d4203902db148f9bc8d5a\"},\"headline\":\"Mort du policier Hassime DIEDHIOU \u00e0 Ziguinchor : voici la r\u00e9action du ministre de l&rsquo;Int\u00e9rieur\",\"datePublished\":\"2023-05-15T18:09:45+00:00\",\"mainEntityOfPage\":{\"@id\":\"https:\/\/www.public.sn\/index.php\/2023\/05\/15\/mort-du-policier-hassime-diedhiou-a-ziguinchor-voici-la-reaction-du-ministre-de-linterieur\/\"},\"wordCount\":244,\"commentCount\":0,\"publisher\":{\"@id\":\"https:\/\/www.public.sn\/#organization\"},\"image\":{\"@id\":\"https:\/\/www.public.sn\/index.php\/2023\/05\/15\/mort-du-policier-hassime-diedhiou-a-ziguinchor-voici-la-reaction-du-ministre-de-linterieur\/#primaryimage\"},\"thumbnailUrl\":\"https:\/\/www.public.sn\/wp-content\/uploads\/2023\/03\/antoine-diome_1715.png\",\"keywords\":[\"Antoine DIOME\",\"Hassime Di\u00e9dhiou\"],\"articleSection\":[\"ACTUALIT\u00c9S\",\"POLITIQUE\",\"S\u00c9CURIT\u00c9 &amp; JUSTICE\",\"S\u00c9N\u00c9GAL\",\"VEDETTE\"],\"inLanguage\":\"fr-FR\",\"potentialAction\":[{\"@type\":\"CommentAction\",\"name\":\"Comment\",\"target\":[\"https:\/\/www.public.sn\/index.php\/2023\/05\/15\/mort-du-policier-hassime-diedhiou-a-ziguinchor-voici-la-reaction-du-ministre-de-linterieur\/#respond\"]}]},{\"@type\":\"WebPage\",\"@id\":\"https:\/\/www.public.sn\/index.php\/2023\/05\/15\/mort-du-policier-hassime-diedhiou-a-ziguinchor-voici-la-reaction-du-ministre-de-linterieur\/\",\"url\":\"https:\/\/www.public.sn\/index.php\/2023\/05\/15\/mort-du-policier-hassime-diedhiou-a-ziguinchor-voici-la-reaction-du-ministre-de-linterieur\/\",\"name\":\"Mort du policier Hassime DIEDHIOU \u00e0 Ziguinchor : voici la r\u00e9action du ministre de l'Int\u00e9rieur - LE PUBLIC\",\"isPartOf\":{\"@id\":\"https:\/\/www.public.sn\/#website\"},\"primaryImageOfPage\":{\"@id\":\"https:\/\/www.public.sn\/index.php\/2023\/05\/15\/mort-du-policier-hassime-diedhiou-a-ziguinchor-voici-la-reaction-du-ministre-de-linterieur\/#primaryimage\"},\"image\":{\"@id\":\"https:\/\/www.public.sn\/index.php\/2023\/05\/15\/mort-du-policier-hassime-diedhiou-a-ziguinchor-voici-la-reaction-du-ministre-de-linterieur\/#primaryimage\"},\"thumbnailUrl\":\"https:\/\/www.public.sn\/wp-content\/uploads\/2023\/03\/antoine-diome_1715.png\",\"datePublished\":\"2023-05-15T18:09:45+00:00\",\"description\":\"Un policier a trouv\u00e9 la mort \u00e0 Ziguinchor, apr\u00e8s un accident avec le char de la police. Une information que vient de confirmer Antoine Felix Diome, ministre de l\u2019Int\u00e9rieur, via un communiqu\u00e9.\",\"breadcrumb\":{\"@id\":\"https:\/\/www.public.sn\/index.php\/2023\/05\/15\/mort-du-policier-hassime-diedhiou-a-ziguinchor-voici-la-reaction-du-ministre-de-linterieur\/#breadcrumb\"},\"inLanguage\":\"fr-FR\",\"potentialAction\":[{\"@type\":\"ReadAction\",\"target\":[\"https:\/\/www.public.sn\/index.php\/2023\/05\/15\/mort-du-policier-hassime-diedhiou-a-ziguinchor-voici-la-reaction-du-ministre-de-linterieur\/\"]}]},{\"@type\":\"ImageObject\",\"inLanguage\":\"fr-FR\",\"@id\":\"https:\/\/www.public.sn\/index.php\/2023\/05\/15\/mort-du-policier-hassime-diedhiou-a-ziguinchor-voici-la-reaction-du-ministre-de-linterieur\/#primaryimage\",\"url\":\"https:\/\/www.public.sn\/wp-content\/uploads\/2023\/03\/antoine-diome_1715.png\",\"contentUrl\":\"https:\/\/www.public.sn\/wp-content\/uploads\/2023\/03\/antoine-diome_1715.png\",\"width\":1600,\"height\":909},{\"@type\":\"BreadcrumbList\",\"@id\":\"https:\/\/www.public.sn\/index.php\/2023\/05\/15\/mort-du-policier-hassime-diedhiou-a-ziguinchor-voici-la-reaction-du-ministre-de-linterieur\/#breadcrumb\",\"itemListElement\":[{\"@type\":\"ListItem\",\"position\":1,\"name\":\"Accueil\",\"item\":\"https:\/\/www.public.sn\/\"},{\"@type\":\"ListItem\",\"position\":2,\"name\":\"Mort du policier Hassime DIEDHIOU \u00e0 Ziguinchor : voici la r\u00e9action du ministre de l&rsquo;Int\u00e9rieur\"}]},{\"@type\":\"WebSite\",\"@id\":\"https:\/\/www.public.sn\/#website\",\"url\":\"https:\/\/www.public.sn\/\",\"name\":\"LE PUBLIC\",\"description\":\"\",\"publisher\":{\"@id\":\"https:\/\/www.public.sn\/#organization\"},\"potentialAction\":[{\"@type\":\"SearchAction\",\"target\":{\"@type\":\"EntryPoint\",\"urlTemplate\":\"https:\/\/www.public.sn\/?s={search_term_string}\"},\"query-input\":{\"@type\":\"PropertyValueSpecification\",\"valueRequired\":true,\"valueName\":\"search_term_string\"}}],\"inLanguage\":\"fr-FR\"},{\"@type\":\"Organization\",\"@id\":\"https:\/\/www.public.sn\/#organization\",\"name\":\"LE PUBLIC\",\"url\":\"https:\/\/www.public.sn\/\",\"logo\":{\"@type\":\"ImageObject\",\"inLanguage\":\"fr-FR\",\"@id\":\"https:\/\/www.public.sn\/#\/schema\/logo\/image\/\",\"url\":\"https:\/\/www.public.sn\/wp-content\/uploads\/2024\/05\/cropped-LOGO-PUBLIC.SN_.png\",\"contentUrl\":\"https:\/\/www.public.sn\/wp-content\/uploads\/2024\/05\/cropped-LOGO-PUBLIC.SN_.png\",\"width\":682,\"height\":192,\"caption\":\"LE PUBLIC\"},\"image\":{\"@id\":\"https:\/\/www.public.sn\/#\/schema\/logo\/image\/\"}},{\"@type\":\"Person\",\"@id\":\"https:\/\/www.public.sn\/#\/schema\/person\/e3f4a11b037d4203902db148f9bc8d5a\",\"name\":\"LA REDACTION\",\"image\":{\"@type\":\"ImageObject\",\"inLanguage\":\"fr-FR\",\"@id\":\"https:\/\/www.public.sn\/#\/schema\/person\/image\/\",\"url\":\"https:\/\/secure.gravatar.com\/avatar\/d6c030db45db2883c075085c5d6c6258654a801a93766b49af0b82d4f454e2a5?s=96&d=mm&r=g\",\"contentUrl\":\"https:\/\/secure.gravatar.com\/avatar\/d6c030db45db2883c075085c5d6c6258654a801a93766b49af0b82d4f454e2a5?s=96&d=mm&r=g\",\"caption\":\"LA REDACTION\"},\"sameAs\":[\"http:\/\/www.public.sn\"],\"url\":\"https:\/\/www.public.sn\/index.php\/author\/admin7324\/\"}]}<\/script>\n<!-- \/ Yoast SEO plugin. -->","yoast_head_json":{"title":"Mort du policier Hassime DIEDHIOU \u00e0 Ziguinchor : voici la r\u00e9action du ministre de l'Int\u00e9rieur - LE PUBLIC","description":"Un policier a trouv\u00e9 la mort \u00e0 Ziguinchor, apr\u00e8s un accident avec le char de la police. Une information que vient de confirmer Antoine Felix Diome, ministre de l\u2019Int\u00e9rieur, via un communiqu\u00e9.","robots":{"index":"index","follow":"follow","max-snippet":"max-snippet:-1","max-image-preview":"max-image-preview:large","max-video-preview":"max-video-preview:-1"},"canonical":"https:\/\/www.public.sn\/index.php\/2023\/05\/15\/mort-du-policier-hassime-diedhiou-a-ziguinchor-voici-la-reaction-du-ministre-de-linterieur\/","og_locale":"fr_FR","og_type":"article","og_title":"Mort du policier Hassime DIEDHIOU \u00e0 Ziguinchor : voici la r\u00e9action du ministre de l'Int\u00e9rieur - LE PUBLIC","og_description":"Un policier a trouv\u00e9 la mort \u00e0 Ziguinchor, apr\u00e8s un accident avec le char de la police. Une information que vient de confirmer Antoine Felix Diome, ministre de l\u2019Int\u00e9rieur, via un communiqu\u00e9.","og_url":"https:\/\/www.public.sn\/index.php\/2023\/05\/15\/mort-du-policier-hassime-diedhiou-a-ziguinchor-voici-la-reaction-du-ministre-de-linterieur\/","og_site_name":"LE PUBLIC","article_published_time":"2023-05-15T18:09:45+00:00","og_image":[{"width":1600,"height":909,"url":"https:\/\/www.public.sn\/wp-content\/uploads\/2023\/03\/antoine-diome_1715.png","type":"image\/png"}],"author":"LA REDACTION","twitter_card":"summary_large_image","twitter_misc":{"\u00c9crit par":"LA REDACTION","Dur\u00e9e de lecture estim\u00e9e":"2 minutes"},"schema":{"@context":"https:\/\/schema.org","@graph":[{"@type":"Article","@id":"https:\/\/www.public.sn\/index.php\/2023\/05\/15\/mort-du-policier-hassime-diedhiou-a-ziguinchor-voici-la-reaction-du-ministre-de-linterieur\/#article","isPartOf":{"@id":"https:\/\/www.public.sn\/index.php\/2023\/05\/15\/mort-du-policier-hassime-diedhiou-a-ziguinchor-voici-la-reaction-du-ministre-de-linterieur\/"},"author":{"name":"LA REDACTION","@id":"https:\/\/www.public.sn\/#\/schema\/person\/e3f4a11b037d4203902db148f9bc8d5a"},"headline":"Mort du policier Hassime DIEDHIOU \u00e0 Ziguinchor : voici la r\u00e9action du ministre de l&rsquo;Int\u00e9rieur","datePublished":"2023-05-15T18:09:45+00:00","mainEntityOfPage":{"@id":"https:\/\/www.public.sn\/index.php\/2023\/05\/15\/mort-du-policier-hassime-diedhiou-a-ziguinchor-voici-la-reaction-du-ministre-de-linterieur\/"},"wordCount":244,"commentCount":0,"publisher":{"@id":"https:\/\/www.public.sn\/#organization"},"image":{"@id":"https:\/\/www.public.sn\/index.php\/2023\/05\/15\/mort-du-policier-hassime-diedhiou-a-ziguinchor-voici-la-reaction-du-ministre-de-linterieur\/#primaryimage"},"thumbnailUrl":"https:\/\/www.public.sn\/wp-content\/uploads\/2023\/03\/antoine-diome_1715.png","keywords":["Antoine DIOME","Hassime Di\u00e9dhiou"],"articleSection":["ACTUALIT\u00c9S","POLITIQUE","S\u00c9CURIT\u00c9 &amp; JUSTICE","S\u00c9N\u00c9GAL","VEDETTE"],"inLanguage":"fr-FR","potentialAction":[{"@type":"CommentAction","name":"Comment","target":["https:\/\/www.public.sn\/index.php\/2023\/05\/15\/mort-du-policier-hassime-diedhiou-a-ziguinchor-voici-la-reaction-du-ministre-de-linterieur\/#respond"]}]},{"@type":"WebPage","@id":"https:\/\/www.public.sn\/index.php\/2023\/05\/15\/mort-du-policier-hassime-diedhiou-a-ziguinchor-voici-la-reaction-du-ministre-de-linterieur\/","url":"https:\/\/www.public.sn\/index.php\/2023\/05\/15\/mort-du-policier-hassime-diedhiou-a-ziguinchor-voici-la-reaction-du-ministre-de-linterieur\/","name":"Mort du policier Hassime DIEDHIOU \u00e0 Ziguinchor : voici la r\u00e9action du ministre de l'Int\u00e9rieur - LE PUBLIC","isPartOf":{"@id":"https:\/\/www.public.sn\/#website"},"primaryImageOfPage":{"@id":"https:\/\/www.public.sn\/index.php\/2023\/05\/15\/mort-du-policier-hassime-diedhiou-a-ziguinchor-voici-la-reaction-du-ministre-de-linterieur\/#primaryimage"},"image":{"@id":"https:\/\/www.public.sn\/index.php\/2023\/05\/15\/mort-du-policier-hassime-diedhiou-a-ziguinchor-voici-la-reaction-du-ministre-de-linterieur\/#primaryimage"},"thumbnailUrl":"https:\/\/www.public.sn\/wp-content\/uploads\/2023\/03\/antoine-diome_1715.png","datePublished":"2023-05-15T18:09:45+00:00","description":"Un policier a trouv\u00e9 la mort \u00e0 Ziguinchor, apr\u00e8s un accident avec le char de la police. Une information que vient de confirmer Antoine Felix Diome, ministre de l\u2019Int\u00e9rieur, via un communiqu\u00e9.","breadcrumb":{"@id":"https:\/\/www.public.sn\/index.php\/2023\/05\/15\/mort-du-policier-hassime-diedhiou-a-ziguinchor-voici-la-reaction-du-ministre-de-linterieur\/#breadcrumb"},"inLanguage":"fr-FR","potentialAction":[{"@type":"ReadAction","target":["https:\/\/www.public.sn\/index.php\/2023\/05\/15\/mort-du-policier-hassime-diedhiou-a-ziguinchor-voici-la-reaction-du-ministre-de-linterieur\/"]}]},{"@type":"ImageObject","inLanguage":"fr-FR","@id":"https:\/\/www.public.sn\/index.php\/2023\/05\/15\/mort-du-policier-hassime-diedhiou-a-ziguinchor-voici-la-reaction-du-ministre-de-linterieur\/#primaryimage","url":"https:\/\/www.public.sn\/wp-content\/uploads\/2023\/03\/antoine-diome_1715.png","contentUrl":"https:\/\/www.public.sn\/wp-content\/uploads\/2023\/03\/antoine-diome_1715.png","width":1600,"height":909},{"@type":"BreadcrumbList","@id":"https:\/\/www.public.sn\/index.php\/2023\/05\/15\/mort-du-policier-hassime-diedhiou-a-ziguinchor-voici-la-reaction-du-ministre-de-linterieur\/#breadcrumb","itemListElement":[{"@type":"ListItem","position":1,"name":"Accueil","item":"https:\/\/www.public.sn\/"},{"@type":"ListItem","position":2,"name":"Mort du policier Hassime DIEDHIOU \u00e0 Ziguinchor : voici la r\u00e9action du ministre de l&rsquo;Int\u00e9rieur"}]},{"@type":"WebSite","@id":"https:\/\/www.public.sn\/#website","url":"https:\/\/www.public.sn\/","name":"LE PUBLIC","description":"","publisher":{"@id":"https:\/\/www.public.sn\/#organization"},"potentialAction":[{"@type":"SearchAction","target":{"@type":"EntryPoint","urlTemplate":"https:\/\/www.public.sn\/?s={search_term_string}"},"query-input":{"@type":"PropertyValueSpecification","valueRequired":true,"valueName":"search_term_string"}}],"inLanguage":"fr-FR"},{"@type":"Organization","@id":"https:\/\/www.public.sn\/#organization","name":"LE PUBLIC","url":"https:\/\/www.public.sn\/","logo":{"@type":"ImageObject","inLanguage":"fr-FR","@id":"https:\/\/www.public.sn\/#\/schema\/logo\/image\/","url":"https:\/\/www.public.sn\/wp-content\/uploads\/2024\/05\/cropped-LOGO-PUBLIC.SN_.png","contentUrl":"https:\/\/www.public.sn\/wp-content\/uploads\/2024\/05\/cropped-LOGO-PUBLIC.SN_.png","width":682,"height":192,"caption":"LE PUBLIC"},"image":{"@id":"https:\/\/www.public.sn\/#\/schema\/logo\/image\/"}},{"@type":"Person","@id":"https:\/\/www.public.sn\/#\/schema\/person\/e3f4a11b037d4203902db148f9bc8d5a","name":"LA REDACTION","image":{"@type":"ImageObject","inLanguage":"fr-FR","@id":"https:\/\/www.public.sn\/#\/schema\/person\/image\/","url":"https:\/\/secure.gravatar.com\/avatar\/d6c030db45db2883c075085c5d6c6258654a801a93766b49af0b82d4f454e2a5?s=96&d=mm&r=g","contentUrl":"https:\/\/secure.gravatar.com\/avatar\/d6c030db45db2883c075085c5d6c6258654a801a93766b49af0b82d4f454e2a5?s=96&d=mm&r=g","caption":"LA REDACTION"},"sameAs":["http:\/\/www.public.sn"],"url":"https:\/\/www.public.sn\/index.php\/author\/admin7324\/"}]}},"jetpack_featured_media_url":"https:\/\/www.public.sn\/wp-content\/uploads\/2023\/03\/antoine-diome_1715.png","jetpack_sharing_enabled":true,"_links":{"self":[{"href":"https:\/\/www.public.sn\/index.php\/wp-json\/wp\/v2\/posts\/21973","targetHints":{"allow":["GET"]}}],"collection":[{"href":"https:\/\/www.public.sn\/index.php\/wp-json\/wp\/v2\/posts"}],"about":[{"href":"https:\/\/www.public.sn\/index.php\/wp-json\/wp\/v2\/types\/post"}],"author":[{"embeddable":true,"href":"https:\/\/www.public.sn\/index.php\/wp-json\/wp\/v2\/users\/1"}],"replies":[{"embeddable":true,"href":"https:\/\/www.public.sn\/index.php\/wp-json\/wp\/v2\/comments?post=21973"}],"version-history":[{"count":1,"href":"https:\/\/www.public.sn\/index.php\/wp-json\/wp\/v2\/posts\/21973\/revisions"}],"predecessor-version":[{"id":21974,"href":"https:\/\/www.public.sn\/index.php\/wp-json\/wp\/v2\/posts\/21973\/revisions\/21974"}],"wp:featuredmedia":[{"embeddable":true,"href":"https:\/\/www.public.sn\/index.php\/wp-json\/wp\/v2\/media\/18484"}],"wp:attachment":[{"href":"https:\/\/www.public.sn\/index.php\/wp-json\/wp\/v2\/media?parent=21973"}],"wp:term":[{"taxonomy":"category","embeddable":true,"href":"https:\/\/www.public.sn\/index.php\/wp-json\/wp\/v2\/categories?post=21973"},{"taxonomy":"post_tag","embeddable":true,"href":"https:\/\/www.public.sn\/index.php\/wp-json\/wp\/v2\/tags?post=21973"}],"curies":[{"name":"wp","href":"https:\/\/api.w.org\/{rel}","templated":true}]}}