{"id":22021,"date":"2023-05-16T07:17:57","date_gmt":"2023-05-16T07:17:57","guid":{"rendered":"https:\/\/www.public.sn\/?p=22021"},"modified":"2023-05-16T07:17:57","modified_gmt":"2023-05-16T07:17:57","slug":"affaire-sweet-beauty-les-raisons-dun-possible-renvoi-du-proces-adji-sarr-sonko","status":"publish","type":"post","link":"https:\/\/www.public.sn\/index.php\/2023\/05\/16\/affaire-sweet-beauty-les-raisons-dun-possible-renvoi-du-proces-adji-sarr-sonko\/","title":{"rendered":"Affaire Sweet Beauty :  les raisons d&rsquo;un possible renvoi du proc\u00e8s Adji Sarr &#8211; Sonko"},"content":{"rendered":"<p><strong>Va-t-on vers un report du proc\u00e8s opposant Ousmane Sonko \u00e0 Adji Sarr ?\u00a0 En tout cas a en croire LES ECHOS, quelques \u00e9l\u00e9ments concourent \u00e0 un renvoi \u00e0 une autre date afin de mieux plaider le dossier.<\/strong><\/p><div class=\"publi-paragraphe1\" style=\"margin-top: 10px;margin-bottom: 10px;margin-left: auto;margin-right: auto;text-align: center;\" id=\"publi-257361880\"><div class=\"publi-adlabel\">Publicit\u00e9<\/div><script async src=\"\/\/pagead2.googlesyndication.com\/pagead\/js\/adsbygoogle.js?client=ca-pub-4089586018074219\" crossorigin=\"anonymous\"><\/script><ins class=\"adsbygoogle\" style=\"display:block;\" data-ad-client=\"ca-pub-4089586018074219\" \ndata-ad-slot=\"2087940154\" \ndata-ad-format=\"auto\"><\/ins>\n<script> \n(adsbygoogle = window.adsbygoogle || []).push({}); \n<\/script>\n<\/div>\n<p>En effet, le journal\u00a0 nous apprend qu\u2019\u00e0 l\u2019audience de pr\u00e9sentation, ce lundi, seuls Nd\u00e8ye Khady Ndiaye et ses avocats \u00e9taient pr\u00e9sents. Ousmane Sonko, actuellement \u00e0 Ziguinchor, ne s\u2019est donc pas pr\u00e9sent\u00e9.<\/p>\n<p>Autre chose importante et qui pourrait mener \u00e0 un renvoi, les avocats ne disposent pas d\u2019assez de temps pour exploiter le dossier. Le journal pr\u00e9cise qu\u2019il est volumineux et ne leur a \u00e9t\u00e9 transf\u00e9r\u00e9 que depuis deux jours.<\/p>\n<div class=\"publi-apres-le-contenu\" style=\"margin-top: 10px;margin-bottom: 10px;margin-left: auto;margin-right: auto;text-align: center;\" id=\"publi-2060759952\"><div class=\"publi-adlabel\">Publicit\u00e9<\/div><script async src=\"\/\/pagead2.googlesyndication.com\/pagead\/js\/adsbygoogle.js?client=ca-pub-4089586018074219\" crossorigin=\"anonymous\"><\/script><ins class=\"adsbygoogle\" style=\"display:block;\" data-ad-client=\"ca-pub-4089586018074219\" \ndata-ad-slot=\"2087940154\" \ndata-ad-format=\"auto\"><\/ins>\n<script> \n(adsbygoogle = window.adsbygoogle || []).push({}); \n<\/script>\n<\/div>","protected":false},"excerpt":{"rendered":"<p>Va-t-on vers un report du proc\u00e8s opposant Ousmane Sonko \u00e0 Adji Sarr ?\u00a0 En tout cas a en croire LES ECHOS, quelques \u00e9l\u00e9ments concourent \u00e0 un renvoi \u00e0 une autre date afin de mieux plaider le dossier. En effet, le journal\u00a0 nous apprend qu\u2019\u00e0 l\u2019audience de pr\u00e9sentation, ce lundi, seuls Nd\u00e8ye Khady Ndiaye et ses avocats \u00e9taient pr\u00e9sents. Ousmane Sonko, actuellement \u00e0 Ziguinchor, ne s\u2019est donc pas pr\u00e9sent\u00e9. Autre chose importante et qui pourrait mener \u00e0 un renvoi, les avocats ne disposent pas d\u2019assez de temps pour exploiter le dossier. Le journal pr\u00e9cise qu\u2019il est volumineux et ne leur a \u00e9t\u00e9 transf\u00e9r\u00e9 que depuis deux jours.<\/p>\n","protected":false},"author":1,"featured_media":13222,"comment_status":"open","ping_status":"open","sticky":false,"template":"","format":"standard","meta":{"_jetpack_memberships_contains_paid_content":false,"footnotes":""},"categories":[375,1,372],"tags":[3716,3632],"class_list":["post-22021","post","type-post","status-publish","format-standard","has-post-thumbnail","hentry","category-actualites","category-non-classe","category-vedette","tag-adji-sarr-sonko","tag-sweet-beauty","entry","has-media","owp-thumbs-layout-horizontal","owp-btn-normal","owp-tabs-layout-horizontal","has-no-thumbnails","has-product-nav"],"yoast_head":"<!-- This site is optimized with the Yoast SEO plugin v25.5 - https:\/\/yoast.com\/wordpress\/plugins\/seo\/ -->\n<title>Affaire Sweet Beauty : les raisons d&#039;un possible renvoi du proc\u00e8s Adji Sarr - Sonko - LE PUBLIC<\/title>\n<meta name=\"description\" content=\"Va-t-on vers un report du proc\u00e8s opposant Ousmane Sonko \u00e0 Adji Sarr ?\u00a0 En tout cas a en croire LES ECHOS, quelques \u00e9l\u00e9ments concourent \u00e0 un renvoi \u00e0 une autre date afin de mieux plaider le dossier.\" \/>\n<meta name=\"robots\" content=\"index, follow, max-snippet:-1, max-image-preview:large, max-video-preview:-1\" \/>\n<link rel=\"canonical\" href=\"https:\/\/www.public.sn\/index.php\/2023\/05\/16\/affaire-sweet-beauty-les-raisons-dun-possible-renvoi-du-proces-adji-sarr-sonko\/\" \/>\n<meta property=\"og:locale\" content=\"fr_FR\" \/>\n<meta property=\"og:type\" content=\"article\" \/>\n<meta property=\"og:title\" content=\"Affaire Sweet Beauty : les raisons d&#039;un possible renvoi du proc\u00e8s Adji Sarr - Sonko - LE PUBLIC\" \/>\n<meta property=\"og:description\" content=\"Va-t-on vers un report du proc\u00e8s opposant Ousmane Sonko \u00e0 Adji Sarr ?\u00a0 En tout cas a en croire LES ECHOS, quelques \u00e9l\u00e9ments concourent \u00e0 un renvoi \u00e0 une autre date afin de mieux plaider le dossier.\" \/>\n<meta property=\"og:url\" content=\"https:\/\/www.public.sn\/index.php\/2023\/05\/16\/affaire-sweet-beauty-les-raisons-dun-possible-renvoi-du-proces-adji-sarr-sonko\/\" \/>\n<meta property=\"og:site_name\" content=\"LE PUBLIC\" \/>\n<meta property=\"article:published_time\" content=\"2023-05-16T07:17:57+00:00\" \/>\n<meta property=\"og:image\" content=\"https:\/\/www.public.sn\/wp-content\/uploads\/2023\/01\/sonko-adji-sarr-palais-de-justice.jpg\" \/>\n\t<meta property=\"og:image:width\" content=\"1200\" \/>\n\t<meta property=\"og:image:height\" content=\"675\" \/>\n\t<meta property=\"og:image:type\" content=\"image\/jpeg\" \/>\n<meta name=\"author\" content=\"LA REDACTION\" \/>\n<meta name=\"twitter:card\" content=\"summary_large_image\" \/>\n<meta name=\"twitter:label1\" content=\"\u00c9crit par\" \/>\n\t<meta name=\"twitter:data1\" content=\"LA REDACTION\" \/>\n\t<meta name=\"twitter:label2\" content=\"Dur\u00e9e de lecture estim\u00e9e\" \/>\n\t<meta name=\"twitter:data2\" content=\"1 minute\" \/>\n<script type=\"application\/ld+json\" class=\"yoast-schema-graph\">{\"@context\":\"https:\/\/schema.org\",\"@graph\":[{\"@type\":\"Article\",\"@id\":\"https:\/\/www.public.sn\/index.php\/2023\/05\/16\/affaire-sweet-beauty-les-raisons-dun-possible-renvoi-du-proces-adji-sarr-sonko\/#article\",\"isPartOf\":{\"@id\":\"https:\/\/www.public.sn\/index.php\/2023\/05\/16\/affaire-sweet-beauty-les-raisons-dun-possible-renvoi-du-proces-adji-sarr-sonko\/\"},\"author\":{\"name\":\"LA REDACTION\",\"@id\":\"https:\/\/www.public.sn\/#\/schema\/person\/e3f4a11b037d4203902db148f9bc8d5a\"},\"headline\":\"Affaire Sweet Beauty : les raisons d&rsquo;un possible renvoi du proc\u00e8s Adji Sarr &#8211; Sonko\",\"datePublished\":\"2023-05-16T07:17:57+00:00\",\"mainEntityOfPage\":{\"@id\":\"https:\/\/www.public.sn\/index.php\/2023\/05\/16\/affaire-sweet-beauty-les-raisons-dun-possible-renvoi-du-proces-adji-sarr-sonko\/\"},\"wordCount\":127,\"commentCount\":0,\"publisher\":{\"@id\":\"https:\/\/www.public.sn\/#organization\"},\"image\":{\"@id\":\"https:\/\/www.public.sn\/index.php\/2023\/05\/16\/affaire-sweet-beauty-les-raisons-dun-possible-renvoi-du-proces-adji-sarr-sonko\/#primaryimage\"},\"thumbnailUrl\":\"https:\/\/www.public.sn\/wp-content\/uploads\/2023\/01\/sonko-adji-sarr-palais-de-justice.jpg\",\"keywords\":[\"adji sarr sonko\",\"Sweet beauty\"],\"articleSection\":[\"ACTUALIT\u00c9S\",\"S\u00c9N\u00c9GAL\",\"VEDETTE\"],\"inLanguage\":\"fr-FR\",\"potentialAction\":[{\"@type\":\"CommentAction\",\"name\":\"Comment\",\"target\":[\"https:\/\/www.public.sn\/index.php\/2023\/05\/16\/affaire-sweet-beauty-les-raisons-dun-possible-renvoi-du-proces-adji-sarr-sonko\/#respond\"]}]},{\"@type\":\"WebPage\",\"@id\":\"https:\/\/www.public.sn\/index.php\/2023\/05\/16\/affaire-sweet-beauty-les-raisons-dun-possible-renvoi-du-proces-adji-sarr-sonko\/\",\"url\":\"https:\/\/www.public.sn\/index.php\/2023\/05\/16\/affaire-sweet-beauty-les-raisons-dun-possible-renvoi-du-proces-adji-sarr-sonko\/\",\"name\":\"Affaire Sweet Beauty : les raisons d'un possible renvoi du proc\u00e8s Adji Sarr - Sonko - LE PUBLIC\",\"isPartOf\":{\"@id\":\"https:\/\/www.public.sn\/#website\"},\"primaryImageOfPage\":{\"@id\":\"https:\/\/www.public.sn\/index.php\/2023\/05\/16\/affaire-sweet-beauty-les-raisons-dun-possible-renvoi-du-proces-adji-sarr-sonko\/#primaryimage\"},\"image\":{\"@id\":\"https:\/\/www.public.sn\/index.php\/2023\/05\/16\/affaire-sweet-beauty-les-raisons-dun-possible-renvoi-du-proces-adji-sarr-sonko\/#primaryimage\"},\"thumbnailUrl\":\"https:\/\/www.public.sn\/wp-content\/uploads\/2023\/01\/sonko-adji-sarr-palais-de-justice.jpg\",\"datePublished\":\"2023-05-16T07:17:57+00:00\",\"description\":\"Va-t-on vers un report du proc\u00e8s opposant Ousmane Sonko \u00e0 Adji Sarr ?\u00a0 En tout cas a en croire LES ECHOS, quelques \u00e9l\u00e9ments concourent \u00e0 un renvoi \u00e0 une autre date afin de mieux plaider le dossier.\",\"breadcrumb\":{\"@id\":\"https:\/\/www.public.sn\/index.php\/2023\/05\/16\/affaire-sweet-beauty-les-raisons-dun-possible-renvoi-du-proces-adji-sarr-sonko\/#breadcrumb\"},\"inLanguage\":\"fr-FR\",\"potentialAction\":[{\"@type\":\"ReadAction\",\"target\":[\"https:\/\/www.public.sn\/index.php\/2023\/05\/16\/affaire-sweet-beauty-les-raisons-dun-possible-renvoi-du-proces-adji-sarr-sonko\/\"]}]},{\"@type\":\"ImageObject\",\"inLanguage\":\"fr-FR\",\"@id\":\"https:\/\/www.public.sn\/index.php\/2023\/05\/16\/affaire-sweet-beauty-les-raisons-dun-possible-renvoi-du-proces-adji-sarr-sonko\/#primaryimage\",\"url\":\"https:\/\/www.public.sn\/wp-content\/uploads\/2023\/01\/sonko-adji-sarr-palais-de-justice.jpg\",\"contentUrl\":\"https:\/\/www.public.sn\/wp-content\/uploads\/2023\/01\/sonko-adji-sarr-palais-de-justice.jpg\",\"width\":1200,\"height\":675},{\"@type\":\"BreadcrumbList\",\"@id\":\"https:\/\/www.public.sn\/index.php\/2023\/05\/16\/affaire-sweet-beauty-les-raisons-dun-possible-renvoi-du-proces-adji-sarr-sonko\/#breadcrumb\",\"itemListElement\":[{\"@type\":\"ListItem\",\"position\":1,\"name\":\"Accueil\",\"item\":\"https:\/\/www.public.sn\/\"},{\"@type\":\"ListItem\",\"position\":2,\"name\":\"Affaire Sweet Beauty : les raisons d&rsquo;un possible renvoi du proc\u00e8s Adji Sarr &#8211; Sonko\"}]},{\"@type\":\"WebSite\",\"@id\":\"https:\/\/www.public.sn\/#website\",\"url\":\"https:\/\/www.public.sn\/\",\"name\":\"LE PUBLIC\",\"description\":\"\",\"publisher\":{\"@id\":\"https:\/\/www.public.sn\/#organization\"},\"potentialAction\":[{\"@type\":\"SearchAction\",\"target\":{\"@type\":\"EntryPoint\",\"urlTemplate\":\"https:\/\/www.public.sn\/?s={search_term_string}\"},\"query-input\":{\"@type\":\"PropertyValueSpecification\",\"valueRequired\":true,\"valueName\":\"search_term_string\"}}],\"inLanguage\":\"fr-FR\"},{\"@type\":\"Organization\",\"@id\":\"https:\/\/www.public.sn\/#organization\",\"name\":\"LE PUBLIC\",\"url\":\"https:\/\/www.public.sn\/\",\"logo\":{\"@type\":\"ImageObject\",\"inLanguage\":\"fr-FR\",\"@id\":\"https:\/\/www.public.sn\/#\/schema\/logo\/image\/\",\"url\":\"https:\/\/www.public.sn\/wp-content\/uploads\/2024\/05\/cropped-LOGO-PUBLIC.SN_.png\",\"contentUrl\":\"https:\/\/www.public.sn\/wp-content\/uploads\/2024\/05\/cropped-LOGO-PUBLIC.SN_.png\",\"width\":682,\"height\":192,\"caption\":\"LE PUBLIC\"},\"image\":{\"@id\":\"https:\/\/www.public.sn\/#\/schema\/logo\/image\/\"}},{\"@type\":\"Person\",\"@id\":\"https:\/\/www.public.sn\/#\/schema\/person\/e3f4a11b037d4203902db148f9bc8d5a\",\"name\":\"LA REDACTION\",\"image\":{\"@type\":\"ImageObject\",\"inLanguage\":\"fr-FR\",\"@id\":\"https:\/\/www.public.sn\/#\/schema\/person\/image\/\",\"url\":\"https:\/\/secure.gravatar.com\/avatar\/d6c030db45db2883c075085c5d6c6258654a801a93766b49af0b82d4f454e2a5?s=96&d=mm&r=g\",\"contentUrl\":\"https:\/\/secure.gravatar.com\/avatar\/d6c030db45db2883c075085c5d6c6258654a801a93766b49af0b82d4f454e2a5?s=96&d=mm&r=g\",\"caption\":\"LA REDACTION\"},\"sameAs\":[\"http:\/\/www.public.sn\"],\"url\":\"https:\/\/www.public.sn\/index.php\/author\/admin7324\/\"}]}<\/script>\n<!-- \/ Yoast SEO plugin. -->","yoast_head_json":{"title":"Affaire Sweet Beauty : les raisons d'un possible renvoi du proc\u00e8s Adji Sarr - Sonko - LE PUBLIC","description":"Va-t-on vers un report du proc\u00e8s opposant Ousmane Sonko \u00e0 Adji Sarr ?\u00a0 En tout cas a en croire LES ECHOS, quelques \u00e9l\u00e9ments concourent \u00e0 un renvoi \u00e0 une autre date afin de mieux plaider le dossier.","robots":{"index":"index","follow":"follow","max-snippet":"max-snippet:-1","max-image-preview":"max-image-preview:large","max-video-preview":"max-video-preview:-1"},"canonical":"https:\/\/www.public.sn\/index.php\/2023\/05\/16\/affaire-sweet-beauty-les-raisons-dun-possible-renvoi-du-proces-adji-sarr-sonko\/","og_locale":"fr_FR","og_type":"article","og_title":"Affaire Sweet Beauty : les raisons d'un possible renvoi du proc\u00e8s Adji Sarr - Sonko - LE PUBLIC","og_description":"Va-t-on vers un report du proc\u00e8s opposant Ousmane Sonko \u00e0 Adji Sarr ?\u00a0 En tout cas a en croire LES ECHOS, quelques \u00e9l\u00e9ments concourent \u00e0 un renvoi \u00e0 une autre date afin de mieux plaider le dossier.","og_url":"https:\/\/www.public.sn\/index.php\/2023\/05\/16\/affaire-sweet-beauty-les-raisons-dun-possible-renvoi-du-proces-adji-sarr-sonko\/","og_site_name":"LE PUBLIC","article_published_time":"2023-05-16T07:17:57+00:00","og_image":[{"width":1200,"height":675,"url":"https:\/\/www.public.sn\/wp-content\/uploads\/2023\/01\/sonko-adji-sarr-palais-de-justice.jpg","type":"image\/jpeg"}],"author":"LA REDACTION","twitter_card":"summary_large_image","twitter_misc":{"\u00c9crit par":"LA REDACTION","Dur\u00e9e de lecture estim\u00e9e":"1 minute"},"schema":{"@context":"https:\/\/schema.org","@graph":[{"@type":"Article","@id":"https:\/\/www.public.sn\/index.php\/2023\/05\/16\/affaire-sweet-beauty-les-raisons-dun-possible-renvoi-du-proces-adji-sarr-sonko\/#article","isPartOf":{"@id":"https:\/\/www.public.sn\/index.php\/2023\/05\/16\/affaire-sweet-beauty-les-raisons-dun-possible-renvoi-du-proces-adji-sarr-sonko\/"},"author":{"name":"LA REDACTION","@id":"https:\/\/www.public.sn\/#\/schema\/person\/e3f4a11b037d4203902db148f9bc8d5a"},"headline":"Affaire Sweet Beauty : les raisons d&rsquo;un possible renvoi du proc\u00e8s Adji Sarr &#8211; Sonko","datePublished":"2023-05-16T07:17:57+00:00","mainEntityOfPage":{"@id":"https:\/\/www.public.sn\/index.php\/2023\/05\/16\/affaire-sweet-beauty-les-raisons-dun-possible-renvoi-du-proces-adji-sarr-sonko\/"},"wordCount":127,"commentCount":0,"publisher":{"@id":"https:\/\/www.public.sn\/#organization"},"image":{"@id":"https:\/\/www.public.sn\/index.php\/2023\/05\/16\/affaire-sweet-beauty-les-raisons-dun-possible-renvoi-du-proces-adji-sarr-sonko\/#primaryimage"},"thumbnailUrl":"https:\/\/www.public.sn\/wp-content\/uploads\/2023\/01\/sonko-adji-sarr-palais-de-justice.jpg","keywords":["adji sarr sonko","Sweet beauty"],"articleSection":["ACTUALIT\u00c9S","S\u00c9N\u00c9GAL","VEDETTE"],"inLanguage":"fr-FR","potentialAction":[{"@type":"CommentAction","name":"Comment","target":["https:\/\/www.public.sn\/index.php\/2023\/05\/16\/affaire-sweet-beauty-les-raisons-dun-possible-renvoi-du-proces-adji-sarr-sonko\/#respond"]}]},{"@type":"WebPage","@id":"https:\/\/www.public.sn\/index.php\/2023\/05\/16\/affaire-sweet-beauty-les-raisons-dun-possible-renvoi-du-proces-adji-sarr-sonko\/","url":"https:\/\/www.public.sn\/index.php\/2023\/05\/16\/affaire-sweet-beauty-les-raisons-dun-possible-renvoi-du-proces-adji-sarr-sonko\/","name":"Affaire Sweet Beauty : les raisons d'un possible renvoi du proc\u00e8s Adji Sarr - Sonko - LE PUBLIC","isPartOf":{"@id":"https:\/\/www.public.sn\/#website"},"primaryImageOfPage":{"@id":"https:\/\/www.public.sn\/index.php\/2023\/05\/16\/affaire-sweet-beauty-les-raisons-dun-possible-renvoi-du-proces-adji-sarr-sonko\/#primaryimage"},"image":{"@id":"https:\/\/www.public.sn\/index.php\/2023\/05\/16\/affaire-sweet-beauty-les-raisons-dun-possible-renvoi-du-proces-adji-sarr-sonko\/#primaryimage"},"thumbnailUrl":"https:\/\/www.public.sn\/wp-content\/uploads\/2023\/01\/sonko-adji-sarr-palais-de-justice.jpg","datePublished":"2023-05-16T07:17:57+00:00","description":"Va-t-on vers un report du proc\u00e8s opposant Ousmane Sonko \u00e0 Adji Sarr ?\u00a0 En tout cas a en croire LES ECHOS, quelques \u00e9l\u00e9ments concourent \u00e0 un renvoi \u00e0 une autre date afin de mieux plaider le dossier.","breadcrumb":{"@id":"https:\/\/www.public.sn\/index.php\/2023\/05\/16\/affaire-sweet-beauty-les-raisons-dun-possible-renvoi-du-proces-adji-sarr-sonko\/#breadcrumb"},"inLanguage":"fr-FR","potentialAction":[{"@type":"ReadAction","target":["https:\/\/www.public.sn\/index.php\/2023\/05\/16\/affaire-sweet-beauty-les-raisons-dun-possible-renvoi-du-proces-adji-sarr-sonko\/"]}]},{"@type":"ImageObject","inLanguage":"fr-FR","@id":"https:\/\/www.public.sn\/index.php\/2023\/05\/16\/affaire-sweet-beauty-les-raisons-dun-possible-renvoi-du-proces-adji-sarr-sonko\/#primaryimage","url":"https:\/\/www.public.sn\/wp-content\/uploads\/2023\/01\/sonko-adji-sarr-palais-de-justice.jpg","contentUrl":"https:\/\/www.public.sn\/wp-content\/uploads\/2023\/01\/sonko-adji-sarr-palais-de-justice.jpg","width":1200,"height":675},{"@type":"BreadcrumbList","@id":"https:\/\/www.public.sn\/index.php\/2023\/05\/16\/affaire-sweet-beauty-les-raisons-dun-possible-renvoi-du-proces-adji-sarr-sonko\/#breadcrumb","itemListElement":[{"@type":"ListItem","position":1,"name":"Accueil","item":"https:\/\/www.public.sn\/"},{"@type":"ListItem","position":2,"name":"Affaire Sweet Beauty : les raisons d&rsquo;un possible renvoi du proc\u00e8s Adji Sarr &#8211; Sonko"}]},{"@type":"WebSite","@id":"https:\/\/www.public.sn\/#website","url":"https:\/\/www.public.sn\/","name":"LE PUBLIC","description":"","publisher":{"@id":"https:\/\/www.public.sn\/#organization"},"potentialAction":[{"@type":"SearchAction","target":{"@type":"EntryPoint","urlTemplate":"https:\/\/www.public.sn\/?s={search_term_string}"},"query-input":{"@type":"PropertyValueSpecification","valueRequired":true,"valueName":"search_term_string"}}],"inLanguage":"fr-FR"},{"@type":"Organization","@id":"https:\/\/www.public.sn\/#organization","name":"LE PUBLIC","url":"https:\/\/www.public.sn\/","logo":{"@type":"ImageObject","inLanguage":"fr-FR","@id":"https:\/\/www.public.sn\/#\/schema\/logo\/image\/","url":"https:\/\/www.public.sn\/wp-content\/uploads\/2024\/05\/cropped-LOGO-PUBLIC.SN_.png","contentUrl":"https:\/\/www.public.sn\/wp-content\/uploads\/2024\/05\/cropped-LOGO-PUBLIC.SN_.png","width":682,"height":192,"caption":"LE PUBLIC"},"image":{"@id":"https:\/\/www.public.sn\/#\/schema\/logo\/image\/"}},{"@type":"Person","@id":"https:\/\/www.public.sn\/#\/schema\/person\/e3f4a11b037d4203902db148f9bc8d5a","name":"LA REDACTION","image":{"@type":"ImageObject","inLanguage":"fr-FR","@id":"https:\/\/www.public.sn\/#\/schema\/person\/image\/","url":"https:\/\/secure.gravatar.com\/avatar\/d6c030db45db2883c075085c5d6c6258654a801a93766b49af0b82d4f454e2a5?s=96&d=mm&r=g","contentUrl":"https:\/\/secure.gravatar.com\/avatar\/d6c030db45db2883c075085c5d6c6258654a801a93766b49af0b82d4f454e2a5?s=96&d=mm&r=g","caption":"LA REDACTION"},"sameAs":["http:\/\/www.public.sn"],"url":"https:\/\/www.public.sn\/index.php\/author\/admin7324\/"}]}},"jetpack_featured_media_url":"https:\/\/www.public.sn\/wp-content\/uploads\/2023\/01\/sonko-adji-sarr-palais-de-justice.jpg","jetpack_sharing_enabled":true,"_links":{"self":[{"href":"https:\/\/www.public.sn\/index.php\/wp-json\/wp\/v2\/posts\/22021","targetHints":{"allow":["GET"]}}],"collection":[{"href":"https:\/\/www.public.sn\/index.php\/wp-json\/wp\/v2\/posts"}],"about":[{"href":"https:\/\/www.public.sn\/index.php\/wp-json\/wp\/v2\/types\/post"}],"author":[{"embeddable":true,"href":"https:\/\/www.public.sn\/index.php\/wp-json\/wp\/v2\/users\/1"}],"replies":[{"embeddable":true,"href":"https:\/\/www.public.sn\/index.php\/wp-json\/wp\/v2\/comments?post=22021"}],"version-history":[{"count":1,"href":"https:\/\/www.public.sn\/index.php\/wp-json\/wp\/v2\/posts\/22021\/revisions"}],"predecessor-version":[{"id":22022,"href":"https:\/\/www.public.sn\/index.php\/wp-json\/wp\/v2\/posts\/22021\/revisions\/22022"}],"wp:featuredmedia":[{"embeddable":true,"href":"https:\/\/www.public.sn\/index.php\/wp-json\/wp\/v2\/media\/13222"}],"wp:attachment":[{"href":"https:\/\/www.public.sn\/index.php\/wp-json\/wp\/v2\/media?parent=22021"}],"wp:term":[{"taxonomy":"category","embeddable":true,"href":"https:\/\/www.public.sn\/index.php\/wp-json\/wp\/v2\/categories?post=22021"},{"taxonomy":"post_tag","embeddable":true,"href":"https:\/\/www.public.sn\/index.php\/wp-json\/wp\/v2\/tags?post=22021"}],"curies":[{"name":"wp","href":"https:\/\/api.w.org\/{rel}","templated":true}]}}