{"id":22023,"date":"2023-05-16T07:43:50","date_gmt":"2023-05-16T07:43:50","guid":{"rendered":"https:\/\/www.public.sn\/?p=22023"},"modified":"2023-05-16T07:38:14","modified_gmt":"2023-05-16T07:38:14","slug":"adji-sarr-des-nuits-durant-jai-prie-mon-guide-religieux-baay-pour-quenfin-ce-proces-se-tienne","status":"publish","type":"post","link":"https:\/\/www.public.sn\/index.php\/2023\/05\/16\/adji-sarr-des-nuits-durant-jai-prie-mon-guide-religieux-baay-pour-quenfin-ce-proces-se-tienne\/","title":{"rendered":"Adji Sarr : \u00abDes nuits durant j\u2019ai pri\u00e9 mon guide religieux, Baay, pour qu\u2019enfin ce proc\u00e8s se tienne\u00bb"},"content":{"rendered":"<p><strong>La date tant attendue est maintenant arriv\u00e9e. Ce mardi 16 mai, le leader de Pastef fera face \u00e0 l&rsquo;ex-masseuse de Sweet beauty pour une affaire de viol et menaces de mort. Dans une message partag\u00e9 hier et repris par Les \u00c9chos, Adji Sarr se dit \u00abfin pr\u00eate\u00bb \u00e0 affronter Ousmane Sonko devant la chambre criminelle. \u00abJ\u2019y serai\u00bb, a-t-elle promis.<\/strong><\/p><div class=\"publi-paragraphe1\" style=\"margin-top: 10px;margin-bottom: 10px;margin-left: auto;margin-right: auto;text-align: center;\" id=\"publi-1596860363\"><div class=\"publi-adlabel\">Publicit\u00e9<\/div><script async src=\"\/\/pagead2.googlesyndication.com\/pagead\/js\/adsbygoogle.js?client=ca-pub-4089586018074219\" crossorigin=\"anonymous\"><\/script><ins class=\"adsbygoogle\" style=\"display:block;\" data-ad-client=\"ca-pub-4089586018074219\" \ndata-ad-slot=\"2087940154\" \ndata-ad-format=\"auto\"><\/ins>\n<script> \n(adsbygoogle = window.adsbygoogle || []).push({}); \n<\/script>\n<\/div>\n<p>\u00abCe mardi 16 est un jour historique pour moi, ma famille, mes soutiens et tous les patriotes \u00e9pris de justice. Je suis fin pr\u00eate, a lanc\u00e9 l\u2019ancienne masseuse. Je convoite d\u2019Allah qu\u2019Il guide mes propos et qu\u2019Il renforce mon courage afin de dire sans flancher tout le mal que j\u2019ai v\u00e9cu entre les mains de cet homme.\u00bb<\/p>\n<p>Adji Sarr d&rsquo;ajouter : \u00abDes nuits durant j\u2019ai pri\u00e9 mon guide religieux, Baay, pour qu\u2019enfin ce proc\u00e8s se tienne. Apr\u00e8s tout ce que mon pays a v\u00e9cu, je pr\u00e9f\u00e8re mourir que de fuir ce face-\u00e0-face avec le juge. Les 14 morts, leurs parents, leurs familles, leurs amis\u2026 ne le m\u00e9ritaient pas.\u00bb<\/p>\n<div class=\"publi-apres-le-contenu\" style=\"margin-top: 10px;margin-bottom: 10px;margin-left: auto;margin-right: auto;text-align: center;\" id=\"publi-996963617\"><div class=\"publi-adlabel\">Publicit\u00e9<\/div><script async src=\"\/\/pagead2.googlesyndication.com\/pagead\/js\/adsbygoogle.js?client=ca-pub-4089586018074219\" crossorigin=\"anonymous\"><\/script><ins class=\"adsbygoogle\" style=\"display:block;\" data-ad-client=\"ca-pub-4089586018074219\" \ndata-ad-slot=\"2087940154\" \ndata-ad-format=\"auto\"><\/ins>\n<script> \n(adsbygoogle = window.adsbygoogle || []).push({}); \n<\/script>\n<\/div>","protected":false},"excerpt":{"rendered":"<p>La date tant attendue est maintenant arriv\u00e9e. Ce mardi 16 mai, le leader de Pastef fera face \u00e0 l&rsquo;ex-masseuse de Sweet beauty pour une affaire de viol et menaces de mort. Dans une message partag\u00e9 hier et repris par Les \u00c9chos, Adji Sarr se dit \u00abfin pr\u00eate\u00bb \u00e0 affronter Ousmane Sonko devant la chambre criminelle. \u00abJ\u2019y serai\u00bb, a-t-elle promis. \u00abCe mardi 16 est un jour historique pour moi, ma famille, mes soutiens et tous les patriotes \u00e9pris de justice. Je suis fin pr\u00eate, a lanc\u00e9 l\u2019ancienne masseuse. Je convoite d\u2019Allah qu\u2019Il guide mes propos et qu\u2019Il renforce mon courage afin de dire sans flancher tout le mal que j\u2019ai v\u00e9cu entre les mains de cet homme.\u00bb Adji Sarr d&rsquo;ajouter : \u00abDes nuits durant j\u2019ai pri\u00e9 mon guide religieux, Baay, pour qu\u2019enfin ce proc\u00e8s se tienne. Apr\u00e8s tout ce que mon pays a v\u00e9cu, je pr\u00e9f\u00e8re mourir que de fuir ce face-\u00e0-face avec le juge. Les 14 morts, leurs parents, leurs familles, leurs amis\u2026 ne le m\u00e9ritaient pas.\u00bb<\/p>\n","protected":false},"author":1,"featured_media":18594,"comment_status":"open","ping_status":"open","sticky":false,"template":"","format":"standard","meta":{"_jetpack_memberships_contains_paid_content":false,"footnotes":""},"categories":[375,5,3,1],"tags":[99,611,306],"class_list":["post-22023","post","type-post","status-publish","format-standard","has-post-thumbnail","hentry","category-actualites","category-people","category-politique","category-non-classe","tag-adji-sarr","tag-proces","tag-sonko","entry","has-media","owp-thumbs-layout-horizontal","owp-btn-normal","owp-tabs-layout-horizontal","has-no-thumbnails","has-product-nav"],"yoast_head":"<!-- This site is optimized with the Yoast SEO plugin v25.5 - https:\/\/yoast.com\/wordpress\/plugins\/seo\/ -->\n<title>Adji Sarr : \u00abDes nuits durant j\u2019ai pri\u00e9 mon guide religieux, Baay, pour qu\u2019enfin ce proc\u00e8s se tienne\u00bb - LE PUBLIC<\/title>\n<meta name=\"description\" content=\"La date tant attendue est maintenant arriv\u00e9e. Ce mardi 16 mai, le leader de Pastef fera face \u00e0 l&#039;ex-masseuse de Sweet beauty pour une affaire de viol et menaces de mort. Dans une message partag\u00e9 hier et repris par Les \u00c9chos, Adji Sarr se dit \u00abfin pr\u00eate\u00bb \u00e0 affronter Ousmane Sonko devant la chambre criminelle. \u00abJ\u2019y serai\u00bb, a-t-elle promis.\" \/>\n<meta name=\"robots\" content=\"index, follow, max-snippet:-1, max-image-preview:large, max-video-preview:-1\" \/>\n<link rel=\"canonical\" href=\"https:\/\/www.public.sn\/index.php\/2023\/05\/16\/adji-sarr-des-nuits-durant-jai-prie-mon-guide-religieux-baay-pour-quenfin-ce-proces-se-tienne\/\" \/>\n<meta property=\"og:locale\" content=\"fr_FR\" \/>\n<meta property=\"og:type\" content=\"article\" \/>\n<meta property=\"og:title\" content=\"Adji Sarr : \u00abDes nuits durant j\u2019ai pri\u00e9 mon guide religieux, Baay, pour qu\u2019enfin ce proc\u00e8s se tienne\u00bb - LE PUBLIC\" \/>\n<meta property=\"og:description\" content=\"La date tant attendue est maintenant arriv\u00e9e. Ce mardi 16 mai, le leader de Pastef fera face \u00e0 l&#039;ex-masseuse de Sweet beauty pour une affaire de viol et menaces de mort. Dans une message partag\u00e9 hier et repris par Les \u00c9chos, Adji Sarr se dit \u00abfin pr\u00eate\u00bb \u00e0 affronter Ousmane Sonko devant la chambre criminelle. \u00abJ\u2019y serai\u00bb, a-t-elle promis.\" \/>\n<meta property=\"og:url\" content=\"https:\/\/www.public.sn\/index.php\/2023\/05\/16\/adji-sarr-des-nuits-durant-jai-prie-mon-guide-religieux-baay-pour-quenfin-ce-proces-se-tienne\/\" \/>\n<meta property=\"og:site_name\" content=\"LE PUBLIC\" \/>\n<meta property=\"article:published_time\" content=\"2023-05-16T07:43:50+00:00\" \/>\n<meta property=\"og:image\" content=\"https:\/\/www.public.sn\/wp-content\/uploads\/2023\/03\/ADJI-SARR.png\" \/>\n\t<meta property=\"og:image:width\" content=\"1200\" \/>\n\t<meta property=\"og:image:height\" content=\"1000\" \/>\n\t<meta property=\"og:image:type\" content=\"image\/png\" \/>\n<meta name=\"author\" content=\"LA REDACTION\" \/>\n<meta name=\"twitter:card\" content=\"summary_large_image\" \/>\n<meta name=\"twitter:label1\" content=\"\u00c9crit par\" \/>\n\t<meta name=\"twitter:data1\" content=\"LA REDACTION\" \/>\n\t<meta name=\"twitter:label2\" content=\"Dur\u00e9e de lecture estim\u00e9e\" \/>\n\t<meta name=\"twitter:data2\" content=\"1 minute\" \/>\n<script type=\"application\/ld+json\" class=\"yoast-schema-graph\">{\"@context\":\"https:\/\/schema.org\",\"@graph\":[{\"@type\":\"Article\",\"@id\":\"https:\/\/www.public.sn\/index.php\/2023\/05\/16\/adji-sarr-des-nuits-durant-jai-prie-mon-guide-religieux-baay-pour-quenfin-ce-proces-se-tienne\/#article\",\"isPartOf\":{\"@id\":\"https:\/\/www.public.sn\/index.php\/2023\/05\/16\/adji-sarr-des-nuits-durant-jai-prie-mon-guide-religieux-baay-pour-quenfin-ce-proces-se-tienne\/\"},\"author\":{\"name\":\"LA REDACTION\",\"@id\":\"https:\/\/www.public.sn\/#\/schema\/person\/e3f4a11b037d4203902db148f9bc8d5a\"},\"headline\":\"Adji Sarr : \u00abDes nuits durant j\u2019ai pri\u00e9 mon guide religieux, Baay, pour qu\u2019enfin ce proc\u00e8s se tienne\u00bb\",\"datePublished\":\"2023-05-16T07:43:50+00:00\",\"mainEntityOfPage\":{\"@id\":\"https:\/\/www.public.sn\/index.php\/2023\/05\/16\/adji-sarr-des-nuits-durant-jai-prie-mon-guide-religieux-baay-pour-quenfin-ce-proces-se-tienne\/\"},\"wordCount\":200,\"commentCount\":0,\"publisher\":{\"@id\":\"https:\/\/www.public.sn\/#organization\"},\"image\":{\"@id\":\"https:\/\/www.public.sn\/index.php\/2023\/05\/16\/adji-sarr-des-nuits-durant-jai-prie-mon-guide-religieux-baay-pour-quenfin-ce-proces-se-tienne\/#primaryimage\"},\"thumbnailUrl\":\"https:\/\/www.public.sn\/wp-content\/uploads\/2023\/03\/ADJI-SARR.png\",\"keywords\":[\"Adji Sarr\",\"Proc\u00e8s\",\"sonko\"],\"articleSection\":[\"ACTUALIT\u00c9S\",\"PEOPLE\",\"POLITIQUE\",\"S\u00c9N\u00c9GAL\"],\"inLanguage\":\"fr-FR\",\"potentialAction\":[{\"@type\":\"CommentAction\",\"name\":\"Comment\",\"target\":[\"https:\/\/www.public.sn\/index.php\/2023\/05\/16\/adji-sarr-des-nuits-durant-jai-prie-mon-guide-religieux-baay-pour-quenfin-ce-proces-se-tienne\/#respond\"]}]},{\"@type\":\"WebPage\",\"@id\":\"https:\/\/www.public.sn\/index.php\/2023\/05\/16\/adji-sarr-des-nuits-durant-jai-prie-mon-guide-religieux-baay-pour-quenfin-ce-proces-se-tienne\/\",\"url\":\"https:\/\/www.public.sn\/index.php\/2023\/05\/16\/adji-sarr-des-nuits-durant-jai-prie-mon-guide-religieux-baay-pour-quenfin-ce-proces-se-tienne\/\",\"name\":\"Adji Sarr : \u00abDes nuits durant j\u2019ai pri\u00e9 mon guide religieux, Baay, pour qu\u2019enfin ce proc\u00e8s se tienne\u00bb - LE PUBLIC\",\"isPartOf\":{\"@id\":\"https:\/\/www.public.sn\/#website\"},\"primaryImageOfPage\":{\"@id\":\"https:\/\/www.public.sn\/index.php\/2023\/05\/16\/adji-sarr-des-nuits-durant-jai-prie-mon-guide-religieux-baay-pour-quenfin-ce-proces-se-tienne\/#primaryimage\"},\"image\":{\"@id\":\"https:\/\/www.public.sn\/index.php\/2023\/05\/16\/adji-sarr-des-nuits-durant-jai-prie-mon-guide-religieux-baay-pour-quenfin-ce-proces-se-tienne\/#primaryimage\"},\"thumbnailUrl\":\"https:\/\/www.public.sn\/wp-content\/uploads\/2023\/03\/ADJI-SARR.png\",\"datePublished\":\"2023-05-16T07:43:50+00:00\",\"description\":\"La date tant attendue est maintenant arriv\u00e9e. Ce mardi 16 mai, le leader de Pastef fera face \u00e0 l'ex-masseuse de Sweet beauty pour une affaire de viol et menaces de mort. Dans une message partag\u00e9 hier et repris par Les \u00c9chos, Adji Sarr se dit \u00abfin pr\u00eate\u00bb \u00e0 affronter Ousmane Sonko devant la chambre criminelle. \u00abJ\u2019y serai\u00bb, a-t-elle promis.\",\"breadcrumb\":{\"@id\":\"https:\/\/www.public.sn\/index.php\/2023\/05\/16\/adji-sarr-des-nuits-durant-jai-prie-mon-guide-religieux-baay-pour-quenfin-ce-proces-se-tienne\/#breadcrumb\"},\"inLanguage\":\"fr-FR\",\"potentialAction\":[{\"@type\":\"ReadAction\",\"target\":[\"https:\/\/www.public.sn\/index.php\/2023\/05\/16\/adji-sarr-des-nuits-durant-jai-prie-mon-guide-religieux-baay-pour-quenfin-ce-proces-se-tienne\/\"]}]},{\"@type\":\"ImageObject\",\"inLanguage\":\"fr-FR\",\"@id\":\"https:\/\/www.public.sn\/index.php\/2023\/05\/16\/adji-sarr-des-nuits-durant-jai-prie-mon-guide-religieux-baay-pour-quenfin-ce-proces-se-tienne\/#primaryimage\",\"url\":\"https:\/\/www.public.sn\/wp-content\/uploads\/2023\/03\/ADJI-SARR.png\",\"contentUrl\":\"https:\/\/www.public.sn\/wp-content\/uploads\/2023\/03\/ADJI-SARR.png\",\"width\":1200,\"height\":1000},{\"@type\":\"BreadcrumbList\",\"@id\":\"https:\/\/www.public.sn\/index.php\/2023\/05\/16\/adji-sarr-des-nuits-durant-jai-prie-mon-guide-religieux-baay-pour-quenfin-ce-proces-se-tienne\/#breadcrumb\",\"itemListElement\":[{\"@type\":\"ListItem\",\"position\":1,\"name\":\"Accueil\",\"item\":\"https:\/\/www.public.sn\/\"},{\"@type\":\"ListItem\",\"position\":2,\"name\":\"Adji Sarr : \u00abDes nuits durant j\u2019ai pri\u00e9 mon guide religieux, Baay, pour qu\u2019enfin ce proc\u00e8s se tienne\u00bb\"}]},{\"@type\":\"WebSite\",\"@id\":\"https:\/\/www.public.sn\/#website\",\"url\":\"https:\/\/www.public.sn\/\",\"name\":\"LE PUBLIC\",\"description\":\"\",\"publisher\":{\"@id\":\"https:\/\/www.public.sn\/#organization\"},\"potentialAction\":[{\"@type\":\"SearchAction\",\"target\":{\"@type\":\"EntryPoint\",\"urlTemplate\":\"https:\/\/www.public.sn\/?s={search_term_string}\"},\"query-input\":{\"@type\":\"PropertyValueSpecification\",\"valueRequired\":true,\"valueName\":\"search_term_string\"}}],\"inLanguage\":\"fr-FR\"},{\"@type\":\"Organization\",\"@id\":\"https:\/\/www.public.sn\/#organization\",\"name\":\"LE PUBLIC\",\"url\":\"https:\/\/www.public.sn\/\",\"logo\":{\"@type\":\"ImageObject\",\"inLanguage\":\"fr-FR\",\"@id\":\"https:\/\/www.public.sn\/#\/schema\/logo\/image\/\",\"url\":\"https:\/\/www.public.sn\/wp-content\/uploads\/2024\/05\/cropped-LOGO-PUBLIC.SN_.png\",\"contentUrl\":\"https:\/\/www.public.sn\/wp-content\/uploads\/2024\/05\/cropped-LOGO-PUBLIC.SN_.png\",\"width\":682,\"height\":192,\"caption\":\"LE PUBLIC\"},\"image\":{\"@id\":\"https:\/\/www.public.sn\/#\/schema\/logo\/image\/\"}},{\"@type\":\"Person\",\"@id\":\"https:\/\/www.public.sn\/#\/schema\/person\/e3f4a11b037d4203902db148f9bc8d5a\",\"name\":\"LA REDACTION\",\"image\":{\"@type\":\"ImageObject\",\"inLanguage\":\"fr-FR\",\"@id\":\"https:\/\/www.public.sn\/#\/schema\/person\/image\/\",\"url\":\"https:\/\/secure.gravatar.com\/avatar\/d6c030db45db2883c075085c5d6c6258654a801a93766b49af0b82d4f454e2a5?s=96&d=mm&r=g\",\"contentUrl\":\"https:\/\/secure.gravatar.com\/avatar\/d6c030db45db2883c075085c5d6c6258654a801a93766b49af0b82d4f454e2a5?s=96&d=mm&r=g\",\"caption\":\"LA REDACTION\"},\"sameAs\":[\"http:\/\/www.public.sn\"],\"url\":\"https:\/\/www.public.sn\/index.php\/author\/admin7324\/\"}]}<\/script>\n<!-- \/ Yoast SEO plugin. -->","yoast_head_json":{"title":"Adji Sarr : \u00abDes nuits durant j\u2019ai pri\u00e9 mon guide religieux, Baay, pour qu\u2019enfin ce proc\u00e8s se tienne\u00bb - LE PUBLIC","description":"La date tant attendue est maintenant arriv\u00e9e. Ce mardi 16 mai, le leader de Pastef fera face \u00e0 l'ex-masseuse de Sweet beauty pour une affaire de viol et menaces de mort. Dans une message partag\u00e9 hier et repris par Les \u00c9chos, Adji Sarr se dit \u00abfin pr\u00eate\u00bb \u00e0 affronter Ousmane Sonko devant la chambre criminelle. \u00abJ\u2019y serai\u00bb, a-t-elle promis.","robots":{"index":"index","follow":"follow","max-snippet":"max-snippet:-1","max-image-preview":"max-image-preview:large","max-video-preview":"max-video-preview:-1"},"canonical":"https:\/\/www.public.sn\/index.php\/2023\/05\/16\/adji-sarr-des-nuits-durant-jai-prie-mon-guide-religieux-baay-pour-quenfin-ce-proces-se-tienne\/","og_locale":"fr_FR","og_type":"article","og_title":"Adji Sarr : \u00abDes nuits durant j\u2019ai pri\u00e9 mon guide religieux, Baay, pour qu\u2019enfin ce proc\u00e8s se tienne\u00bb - LE PUBLIC","og_description":"La date tant attendue est maintenant arriv\u00e9e. Ce mardi 16 mai, le leader de Pastef fera face \u00e0 l'ex-masseuse de Sweet beauty pour une affaire de viol et menaces de mort. Dans une message partag\u00e9 hier et repris par Les \u00c9chos, Adji Sarr se dit \u00abfin pr\u00eate\u00bb \u00e0 affronter Ousmane Sonko devant la chambre criminelle. \u00abJ\u2019y serai\u00bb, a-t-elle promis.","og_url":"https:\/\/www.public.sn\/index.php\/2023\/05\/16\/adji-sarr-des-nuits-durant-jai-prie-mon-guide-religieux-baay-pour-quenfin-ce-proces-se-tienne\/","og_site_name":"LE PUBLIC","article_published_time":"2023-05-16T07:43:50+00:00","og_image":[{"width":1200,"height":1000,"url":"https:\/\/www.public.sn\/wp-content\/uploads\/2023\/03\/ADJI-SARR.png","type":"image\/png"}],"author":"LA REDACTION","twitter_card":"summary_large_image","twitter_misc":{"\u00c9crit par":"LA REDACTION","Dur\u00e9e de lecture estim\u00e9e":"1 minute"},"schema":{"@context":"https:\/\/schema.org","@graph":[{"@type":"Article","@id":"https:\/\/www.public.sn\/index.php\/2023\/05\/16\/adji-sarr-des-nuits-durant-jai-prie-mon-guide-religieux-baay-pour-quenfin-ce-proces-se-tienne\/#article","isPartOf":{"@id":"https:\/\/www.public.sn\/index.php\/2023\/05\/16\/adji-sarr-des-nuits-durant-jai-prie-mon-guide-religieux-baay-pour-quenfin-ce-proces-se-tienne\/"},"author":{"name":"LA REDACTION","@id":"https:\/\/www.public.sn\/#\/schema\/person\/e3f4a11b037d4203902db148f9bc8d5a"},"headline":"Adji Sarr : \u00abDes nuits durant j\u2019ai pri\u00e9 mon guide religieux, Baay, pour qu\u2019enfin ce proc\u00e8s se tienne\u00bb","datePublished":"2023-05-16T07:43:50+00:00","mainEntityOfPage":{"@id":"https:\/\/www.public.sn\/index.php\/2023\/05\/16\/adji-sarr-des-nuits-durant-jai-prie-mon-guide-religieux-baay-pour-quenfin-ce-proces-se-tienne\/"},"wordCount":200,"commentCount":0,"publisher":{"@id":"https:\/\/www.public.sn\/#organization"},"image":{"@id":"https:\/\/www.public.sn\/index.php\/2023\/05\/16\/adji-sarr-des-nuits-durant-jai-prie-mon-guide-religieux-baay-pour-quenfin-ce-proces-se-tienne\/#primaryimage"},"thumbnailUrl":"https:\/\/www.public.sn\/wp-content\/uploads\/2023\/03\/ADJI-SARR.png","keywords":["Adji Sarr","Proc\u00e8s","sonko"],"articleSection":["ACTUALIT\u00c9S","PEOPLE","POLITIQUE","S\u00c9N\u00c9GAL"],"inLanguage":"fr-FR","potentialAction":[{"@type":"CommentAction","name":"Comment","target":["https:\/\/www.public.sn\/index.php\/2023\/05\/16\/adji-sarr-des-nuits-durant-jai-prie-mon-guide-religieux-baay-pour-quenfin-ce-proces-se-tienne\/#respond"]}]},{"@type":"WebPage","@id":"https:\/\/www.public.sn\/index.php\/2023\/05\/16\/adji-sarr-des-nuits-durant-jai-prie-mon-guide-religieux-baay-pour-quenfin-ce-proces-se-tienne\/","url":"https:\/\/www.public.sn\/index.php\/2023\/05\/16\/adji-sarr-des-nuits-durant-jai-prie-mon-guide-religieux-baay-pour-quenfin-ce-proces-se-tienne\/","name":"Adji Sarr : \u00abDes nuits durant j\u2019ai pri\u00e9 mon guide religieux, Baay, pour qu\u2019enfin ce proc\u00e8s se tienne\u00bb - LE PUBLIC","isPartOf":{"@id":"https:\/\/www.public.sn\/#website"},"primaryImageOfPage":{"@id":"https:\/\/www.public.sn\/index.php\/2023\/05\/16\/adji-sarr-des-nuits-durant-jai-prie-mon-guide-religieux-baay-pour-quenfin-ce-proces-se-tienne\/#primaryimage"},"image":{"@id":"https:\/\/www.public.sn\/index.php\/2023\/05\/16\/adji-sarr-des-nuits-durant-jai-prie-mon-guide-religieux-baay-pour-quenfin-ce-proces-se-tienne\/#primaryimage"},"thumbnailUrl":"https:\/\/www.public.sn\/wp-content\/uploads\/2023\/03\/ADJI-SARR.png","datePublished":"2023-05-16T07:43:50+00:00","description":"La date tant attendue est maintenant arriv\u00e9e. Ce mardi 16 mai, le leader de Pastef fera face \u00e0 l'ex-masseuse de Sweet beauty pour une affaire de viol et menaces de mort. Dans une message partag\u00e9 hier et repris par Les \u00c9chos, Adji Sarr se dit \u00abfin pr\u00eate\u00bb \u00e0 affronter Ousmane Sonko devant la chambre criminelle. \u00abJ\u2019y serai\u00bb, a-t-elle promis.","breadcrumb":{"@id":"https:\/\/www.public.sn\/index.php\/2023\/05\/16\/adji-sarr-des-nuits-durant-jai-prie-mon-guide-religieux-baay-pour-quenfin-ce-proces-se-tienne\/#breadcrumb"},"inLanguage":"fr-FR","potentialAction":[{"@type":"ReadAction","target":["https:\/\/www.public.sn\/index.php\/2023\/05\/16\/adji-sarr-des-nuits-durant-jai-prie-mon-guide-religieux-baay-pour-quenfin-ce-proces-se-tienne\/"]}]},{"@type":"ImageObject","inLanguage":"fr-FR","@id":"https:\/\/www.public.sn\/index.php\/2023\/05\/16\/adji-sarr-des-nuits-durant-jai-prie-mon-guide-religieux-baay-pour-quenfin-ce-proces-se-tienne\/#primaryimage","url":"https:\/\/www.public.sn\/wp-content\/uploads\/2023\/03\/ADJI-SARR.png","contentUrl":"https:\/\/www.public.sn\/wp-content\/uploads\/2023\/03\/ADJI-SARR.png","width":1200,"height":1000},{"@type":"BreadcrumbList","@id":"https:\/\/www.public.sn\/index.php\/2023\/05\/16\/adji-sarr-des-nuits-durant-jai-prie-mon-guide-religieux-baay-pour-quenfin-ce-proces-se-tienne\/#breadcrumb","itemListElement":[{"@type":"ListItem","position":1,"name":"Accueil","item":"https:\/\/www.public.sn\/"},{"@type":"ListItem","position":2,"name":"Adji Sarr : \u00abDes nuits durant j\u2019ai pri\u00e9 mon guide religieux, Baay, pour qu\u2019enfin ce proc\u00e8s se tienne\u00bb"}]},{"@type":"WebSite","@id":"https:\/\/www.public.sn\/#website","url":"https:\/\/www.public.sn\/","name":"LE PUBLIC","description":"","publisher":{"@id":"https:\/\/www.public.sn\/#organization"},"potentialAction":[{"@type":"SearchAction","target":{"@type":"EntryPoint","urlTemplate":"https:\/\/www.public.sn\/?s={search_term_string}"},"query-input":{"@type":"PropertyValueSpecification","valueRequired":true,"valueName":"search_term_string"}}],"inLanguage":"fr-FR"},{"@type":"Organization","@id":"https:\/\/www.public.sn\/#organization","name":"LE PUBLIC","url":"https:\/\/www.public.sn\/","logo":{"@type":"ImageObject","inLanguage":"fr-FR","@id":"https:\/\/www.public.sn\/#\/schema\/logo\/image\/","url":"https:\/\/www.public.sn\/wp-content\/uploads\/2024\/05\/cropped-LOGO-PUBLIC.SN_.png","contentUrl":"https:\/\/www.public.sn\/wp-content\/uploads\/2024\/05\/cropped-LOGO-PUBLIC.SN_.png","width":682,"height":192,"caption":"LE PUBLIC"},"image":{"@id":"https:\/\/www.public.sn\/#\/schema\/logo\/image\/"}},{"@type":"Person","@id":"https:\/\/www.public.sn\/#\/schema\/person\/e3f4a11b037d4203902db148f9bc8d5a","name":"LA REDACTION","image":{"@type":"ImageObject","inLanguage":"fr-FR","@id":"https:\/\/www.public.sn\/#\/schema\/person\/image\/","url":"https:\/\/secure.gravatar.com\/avatar\/d6c030db45db2883c075085c5d6c6258654a801a93766b49af0b82d4f454e2a5?s=96&d=mm&r=g","contentUrl":"https:\/\/secure.gravatar.com\/avatar\/d6c030db45db2883c075085c5d6c6258654a801a93766b49af0b82d4f454e2a5?s=96&d=mm&r=g","caption":"LA REDACTION"},"sameAs":["http:\/\/www.public.sn"],"url":"https:\/\/www.public.sn\/index.php\/author\/admin7324\/"}]}},"jetpack_featured_media_url":"https:\/\/www.public.sn\/wp-content\/uploads\/2023\/03\/ADJI-SARR.png","jetpack_sharing_enabled":true,"_links":{"self":[{"href":"https:\/\/www.public.sn\/index.php\/wp-json\/wp\/v2\/posts\/22023","targetHints":{"allow":["GET"]}}],"collection":[{"href":"https:\/\/www.public.sn\/index.php\/wp-json\/wp\/v2\/posts"}],"about":[{"href":"https:\/\/www.public.sn\/index.php\/wp-json\/wp\/v2\/types\/post"}],"author":[{"embeddable":true,"href":"https:\/\/www.public.sn\/index.php\/wp-json\/wp\/v2\/users\/1"}],"replies":[{"embeddable":true,"href":"https:\/\/www.public.sn\/index.php\/wp-json\/wp\/v2\/comments?post=22023"}],"version-history":[{"count":1,"href":"https:\/\/www.public.sn\/index.php\/wp-json\/wp\/v2\/posts\/22023\/revisions"}],"predecessor-version":[{"id":22024,"href":"https:\/\/www.public.sn\/index.php\/wp-json\/wp\/v2\/posts\/22023\/revisions\/22024"}],"wp:featuredmedia":[{"embeddable":true,"href":"https:\/\/www.public.sn\/index.php\/wp-json\/wp\/v2\/media\/18594"}],"wp:attachment":[{"href":"https:\/\/www.public.sn\/index.php\/wp-json\/wp\/v2\/media?parent=22023"}],"wp:term":[{"taxonomy":"category","embeddable":true,"href":"https:\/\/www.public.sn\/index.php\/wp-json\/wp\/v2\/categories?post=22023"},{"taxonomy":"post_tag","embeddable":true,"href":"https:\/\/www.public.sn\/index.php\/wp-json\/wp\/v2\/tags?post=22023"}],"curies":[{"name":"wp","href":"https:\/\/api.w.org\/{rel}","templated":true}]}}