{"id":2208,"date":"2022-09-19T16:31:27","date_gmt":"2022-09-19T16:31:27","guid":{"rendered":"https:\/\/www.public.sn\/?p=2208"},"modified":"2022-09-19T16:34:22","modified_gmt":"2022-09-19T16:34:22","slug":"le-premier-ministre-amadou-ba-remercie-le-chef-de-letat-macky-sall","status":"publish","type":"post","link":"https:\/\/www.public.sn\/index.php\/2022\/09\/19\/le-premier-ministre-amadou-ba-remercie-le-chef-de-letat-macky-sall\/","title":{"rendered":"Le premier ministre Amadou Ba remercie le Chef de l\u2019\u00c9tat Macky Sall."},"content":{"rendered":"\n<p>L\u2019homme qu\u2019il faut \u00e0 la place qu\u2019il faut\u00a0? Apr\u00e8s l\u2019\u00e9lection d\u2019Amadou Mame Diop \u00e0 la pr\u00e9sidence de l\u2019Assembl\u00e9e lundi 12 septembre, la nomination d\u2019Amadou Ba au piste de premier ministre, samedi 17 septembre, la nouvelle \u00e9quipe a affich\u00e9 ses priorit\u00e9s, parmi lesquelles le pouvoir d&rsquo;achat ou encore l&#8217;emploi.<br>Le tout nouveau premier ministre se f\u00e9licite de cette nomination.<\/p><div class=\"publi-paragraphe1\" style=\"margin-top: 10px;margin-bottom: 10px;margin-left: auto;margin-right: auto;text-align: center;\" id=\"publi-228455844\"><div class=\"publi-adlabel\">Publicit\u00e9<\/div><script async src=\"\/\/pagead2.googlesyndication.com\/pagead\/js\/adsbygoogle.js?client=ca-pub-4089586018074219\" crossorigin=\"anonymous\"><\/script><ins class=\"adsbygoogle\" style=\"display:block;\" data-ad-client=\"ca-pub-4089586018074219\" \ndata-ad-slot=\"2087940154\" \ndata-ad-format=\"auto\"><\/ins>\n<script> \n(adsbygoogle = window.adsbygoogle || []).push({}); \n<\/script>\n<\/div>\n\n\n\n<p><em>\u201cJe rends gr\u00e2ce \u00e0 Allah SWT et \u00e0 son Proph\u00e8te SAW. Je remercie vivement Son Excellence Macky Sall pour cette confiance renouvel\u00e9e plac\u00e9e en ma modeste personne. C\u2019est pour moi un honneur d&rsquo;\u00eatre \u00e0 la t\u00eate du gouvernement<\/em>\u201d, \u00e9crit-il sur son compte Twitter.<\/p>\n\n\n\n<figure class=\"wp-block-gallery has-nested-images columns-default is-cropped wp-block-gallery-1 is-layout-flex wp-block-gallery-is-layout-flex\">\n<figure class=\"wp-block-image size-large\"><img fetchpriority=\"high\" decoding=\"async\" width=\"837\" height=\"1024\" data-id=\"2209\" src=\"https:\/\/www.public.sn\/wp-content\/uploads\/2022\/09\/12DF6CEA-035A-4576-A3AA-D2996BB21275-837x1024.jpeg\" alt=\"\" class=\"wp-image-2209\" srcset=\"https:\/\/www.public.sn\/wp-content\/uploads\/2022\/09\/12DF6CEA-035A-4576-A3AA-D2996BB21275-837x1024.jpeg 837w, https:\/\/www.public.sn\/wp-content\/uploads\/2022\/09\/12DF6CEA-035A-4576-A3AA-D2996BB21275-600x734.jpeg 600w, https:\/\/www.public.sn\/wp-content\/uploads\/2022\/09\/12DF6CEA-035A-4576-A3AA-D2996BB21275-245x300.jpeg 245w, https:\/\/www.public.sn\/wp-content\/uploads\/2022\/09\/12DF6CEA-035A-4576-A3AA-D2996BB21275-768x940.jpeg 768w, https:\/\/www.public.sn\/wp-content\/uploads\/2022\/09\/12DF6CEA-035A-4576-A3AA-D2996BB21275.jpeg 1125w\" sizes=\"(max-width: 837px) 100vw, 837px\" \/><\/figure>\n<\/figure>\n<div class=\"publi-apres-le-contenu\" style=\"margin-top: 10px;margin-bottom: 10px;margin-left: auto;margin-right: auto;text-align: center;\" id=\"publi-946249080\"><div class=\"publi-adlabel\">Publicit\u00e9<\/div><script async src=\"\/\/pagead2.googlesyndication.com\/pagead\/js\/adsbygoogle.js?client=ca-pub-4089586018074219\" crossorigin=\"anonymous\"><\/script><ins class=\"adsbygoogle\" style=\"display:block;\" data-ad-client=\"ca-pub-4089586018074219\" \ndata-ad-slot=\"2087940154\" \ndata-ad-format=\"auto\"><\/ins>\n<script> \n(adsbygoogle = window.adsbygoogle || []).push({}); \n<\/script>\n<\/div>","protected":false},"excerpt":{"rendered":"<p>L\u2019homme qu\u2019il faut \u00e0 la place qu\u2019il faut\u00a0? Apr\u00e8s l\u2019\u00e9lection d\u2019Amadou Mame Diop \u00e0 la pr\u00e9sidence de l\u2019Assembl\u00e9e lundi 12 septembre, la nomination d\u2019Amadou Ba au piste de premier ministre, samedi 17 septembre, la nouvelle \u00e9quipe a affich\u00e9 ses priorit\u00e9s, parmi lesquelles le pouvoir d&rsquo;achat ou encore l&#8217;emploi.Le tout nouveau premier ministre se f\u00e9licite de cette nomination. \u201cJe rends gr\u00e2ce \u00e0 Allah SWT et \u00e0 son Proph\u00e8te SAW. Je remercie vivement Son Excellence Macky Sall pour cette confiance renouvel\u00e9e plac\u00e9e en ma modeste personne. C\u2019est pour moi un honneur d&rsquo;\u00eatre \u00e0 la t\u00eate du gouvernement\u201d, \u00e9crit-il sur son compte Twitter.<\/p>\n","protected":false},"author":1,"featured_media":2212,"comment_status":"open","ping_status":"open","sticky":false,"template":"","format":"standard","meta":{"_jetpack_memberships_contains_paid_content":false,"footnotes":""},"categories":[375,3],"tags":[744,723,12,11,20,799],"class_list":["post-2208","post","type-post","status-publish","format-standard","has-post-thumbnail","hentry","category-actualites","category-politique","tag-amadou-ba","tag-amadou-mame-diop","tag-assemblee-nationale","tag-macky-sall","tag-presidentielle-2024","tag-remaniement","entry","has-media","owp-thumbs-layout-horizontal","owp-btn-normal","owp-tabs-layout-horizontal","has-no-thumbnails","has-product-nav"],"yoast_head":"<!-- This site is optimized with the Yoast SEO plugin v25.5 - https:\/\/yoast.com\/wordpress\/plugins\/seo\/ -->\n<title>Le premier ministre Amadou Ba remercie le Chef de l\u2019\u00c9tat Macky Sall. - LE PUBLIC<\/title>\n<meta name=\"robots\" content=\"index, follow, max-snippet:-1, max-image-preview:large, max-video-preview:-1\" \/>\n<link rel=\"canonical\" href=\"https:\/\/www.public.sn\/index.php\/2022\/09\/19\/le-premier-ministre-amadou-ba-remercie-le-chef-de-letat-macky-sall\/\" \/>\n<meta property=\"og:locale\" content=\"fr_FR\" \/>\n<meta property=\"og:type\" content=\"article\" \/>\n<meta property=\"og:title\" content=\"Le premier ministre Amadou Ba remercie le Chef de l\u2019\u00c9tat Macky Sall. - LE PUBLIC\" \/>\n<meta property=\"og:description\" content=\"L\u2019homme qu\u2019il faut \u00e0 la place qu\u2019il faut\u00a0? Apr\u00e8s l\u2019\u00e9lection d\u2019Amadou Mame Diop \u00e0 la pr\u00e9sidence de l\u2019Assembl\u00e9e lundi 12 septembre, la nomination d\u2019Amadou Ba au piste de premier ministre, samedi 17 septembre, la nouvelle \u00e9quipe a affich\u00e9 ses priorit\u00e9s, parmi lesquelles le pouvoir d&rsquo;achat ou encore l&#8217;emploi.Le tout nouveau premier ministre se f\u00e9licite de cette nomination. \u201cJe rends gr\u00e2ce \u00e0 Allah SWT et \u00e0 son Proph\u00e8te SAW. Je remercie vivement Son Excellence Macky Sall pour cette confiance renouvel\u00e9e plac\u00e9e en ma modeste personne. C\u2019est pour moi un honneur d&rsquo;\u00eatre \u00e0 la t\u00eate du gouvernement\u201d, \u00e9crit-il sur son compte Twitter.\" \/>\n<meta property=\"og:url\" content=\"https:\/\/www.public.sn\/index.php\/2022\/09\/19\/le-premier-ministre-amadou-ba-remercie-le-chef-de-letat-macky-sall\/\" \/>\n<meta property=\"og:site_name\" content=\"LE PUBLIC\" \/>\n<meta property=\"article:published_time\" content=\"2022-09-19T16:31:27+00:00\" \/>\n<meta property=\"article:modified_time\" content=\"2022-09-19T16:34:22+00:00\" \/>\n<meta property=\"og:image\" content=\"https:\/\/www.public.sn\/wp-content\/uploads\/2022\/09\/76150EFC-A370-4F55-A477-D4B0C84143CB.jpeg\" \/>\n\t<meta property=\"og:image:width\" content=\"1661\" \/>\n\t<meta property=\"og:image:height\" content=\"1008\" \/>\n\t<meta property=\"og:image:type\" content=\"image\/jpeg\" \/>\n<meta name=\"author\" content=\"LA REDACTION\" \/>\n<meta name=\"twitter:card\" content=\"summary_large_image\" \/>\n<meta name=\"twitter:label1\" content=\"\u00c9crit par\" \/>\n\t<meta name=\"twitter:data1\" content=\"LA REDACTION\" \/>\n\t<meta name=\"twitter:label2\" content=\"Dur\u00e9e de lecture estim\u00e9e\" \/>\n\t<meta name=\"twitter:data2\" content=\"1 minute\" \/>\n<script type=\"application\/ld+json\" class=\"yoast-schema-graph\">{\"@context\":\"https:\/\/schema.org\",\"@graph\":[{\"@type\":\"Article\",\"@id\":\"https:\/\/www.public.sn\/index.php\/2022\/09\/19\/le-premier-ministre-amadou-ba-remercie-le-chef-de-letat-macky-sall\/#article\",\"isPartOf\":{\"@id\":\"https:\/\/www.public.sn\/index.php\/2022\/09\/19\/le-premier-ministre-amadou-ba-remercie-le-chef-de-letat-macky-sall\/\"},\"author\":{\"name\":\"LA REDACTION\",\"@id\":\"https:\/\/www.public.sn\/#\/schema\/person\/e3f4a11b037d4203902db148f9bc8d5a\"},\"headline\":\"Le premier ministre Amadou Ba remercie le Chef de l\u2019\u00c9tat Macky Sall.\",\"datePublished\":\"2022-09-19T16:31:27+00:00\",\"dateModified\":\"2022-09-19T16:34:22+00:00\",\"mainEntityOfPage\":{\"@id\":\"https:\/\/www.public.sn\/index.php\/2022\/09\/19\/le-premier-ministre-amadou-ba-remercie-le-chef-de-letat-macky-sall\/\"},\"wordCount\":126,\"commentCount\":0,\"publisher\":{\"@id\":\"https:\/\/www.public.sn\/#organization\"},\"image\":{\"@id\":\"https:\/\/www.public.sn\/index.php\/2022\/09\/19\/le-premier-ministre-amadou-ba-remercie-le-chef-de-letat-macky-sall\/#primaryimage\"},\"thumbnailUrl\":\"https:\/\/www.public.sn\/wp-content\/uploads\/2022\/09\/76150EFC-A370-4F55-A477-D4B0C84143CB.jpeg\",\"keywords\":[\"Amadou Ba\",\"Amadou Mame Diop\",\"Assembl\u00e9e Nationale\",\"Macky Sall\",\"Pr\u00e9sidentielle 2024\",\"Remaniement\"],\"articleSection\":[\"ACTUALIT\u00c9S\",\"POLITIQUE\"],\"inLanguage\":\"fr-FR\",\"potentialAction\":[{\"@type\":\"CommentAction\",\"name\":\"Comment\",\"target\":[\"https:\/\/www.public.sn\/index.php\/2022\/09\/19\/le-premier-ministre-amadou-ba-remercie-le-chef-de-letat-macky-sall\/#respond\"]}]},{\"@type\":\"WebPage\",\"@id\":\"https:\/\/www.public.sn\/index.php\/2022\/09\/19\/le-premier-ministre-amadou-ba-remercie-le-chef-de-letat-macky-sall\/\",\"url\":\"https:\/\/www.public.sn\/index.php\/2022\/09\/19\/le-premier-ministre-amadou-ba-remercie-le-chef-de-letat-macky-sall\/\",\"name\":\"Le premier ministre Amadou Ba remercie le Chef de l\u2019\u00c9tat Macky Sall. - LE PUBLIC\",\"isPartOf\":{\"@id\":\"https:\/\/www.public.sn\/#website\"},\"primaryImageOfPage\":{\"@id\":\"https:\/\/www.public.sn\/index.php\/2022\/09\/19\/le-premier-ministre-amadou-ba-remercie-le-chef-de-letat-macky-sall\/#primaryimage\"},\"image\":{\"@id\":\"https:\/\/www.public.sn\/index.php\/2022\/09\/19\/le-premier-ministre-amadou-ba-remercie-le-chef-de-letat-macky-sall\/#primaryimage\"},\"thumbnailUrl\":\"https:\/\/www.public.sn\/wp-content\/uploads\/2022\/09\/76150EFC-A370-4F55-A477-D4B0C84143CB.jpeg\",\"datePublished\":\"2022-09-19T16:31:27+00:00\",\"dateModified\":\"2022-09-19T16:34:22+00:00\",\"breadcrumb\":{\"@id\":\"https:\/\/www.public.sn\/index.php\/2022\/09\/19\/le-premier-ministre-amadou-ba-remercie-le-chef-de-letat-macky-sall\/#breadcrumb\"},\"inLanguage\":\"fr-FR\",\"potentialAction\":[{\"@type\":\"ReadAction\",\"target\":[\"https:\/\/www.public.sn\/index.php\/2022\/09\/19\/le-premier-ministre-amadou-ba-remercie-le-chef-de-letat-macky-sall\/\"]}]},{\"@type\":\"ImageObject\",\"inLanguage\":\"fr-FR\",\"@id\":\"https:\/\/www.public.sn\/index.php\/2022\/09\/19\/le-premier-ministre-amadou-ba-remercie-le-chef-de-letat-macky-sall\/#primaryimage\",\"url\":\"https:\/\/www.public.sn\/wp-content\/uploads\/2022\/09\/76150EFC-A370-4F55-A477-D4B0C84143CB.jpeg\",\"contentUrl\":\"https:\/\/www.public.sn\/wp-content\/uploads\/2022\/09\/76150EFC-A370-4F55-A477-D4B0C84143CB.jpeg\",\"width\":1661,\"height\":1008},{\"@type\":\"BreadcrumbList\",\"@id\":\"https:\/\/www.public.sn\/index.php\/2022\/09\/19\/le-premier-ministre-amadou-ba-remercie-le-chef-de-letat-macky-sall\/#breadcrumb\",\"itemListElement\":[{\"@type\":\"ListItem\",\"position\":1,\"name\":\"Accueil\",\"item\":\"https:\/\/www.public.sn\/\"},{\"@type\":\"ListItem\",\"position\":2,\"name\":\"Le premier ministre Amadou Ba remercie le Chef de l\u2019\u00c9tat Macky Sall.\"}]},{\"@type\":\"WebSite\",\"@id\":\"https:\/\/www.public.sn\/#website\",\"url\":\"https:\/\/www.public.sn\/\",\"name\":\"LE PUBLIC\",\"description\":\"\",\"publisher\":{\"@id\":\"https:\/\/www.public.sn\/#organization\"},\"potentialAction\":[{\"@type\":\"SearchAction\",\"target\":{\"@type\":\"EntryPoint\",\"urlTemplate\":\"https:\/\/www.public.sn\/?s={search_term_string}\"},\"query-input\":{\"@type\":\"PropertyValueSpecification\",\"valueRequired\":true,\"valueName\":\"search_term_string\"}}],\"inLanguage\":\"fr-FR\"},{\"@type\":\"Organization\",\"@id\":\"https:\/\/www.public.sn\/#organization\",\"name\":\"LE PUBLIC\",\"url\":\"https:\/\/www.public.sn\/\",\"logo\":{\"@type\":\"ImageObject\",\"inLanguage\":\"fr-FR\",\"@id\":\"https:\/\/www.public.sn\/#\/schema\/logo\/image\/\",\"url\":\"https:\/\/www.public.sn\/wp-content\/uploads\/2024\/05\/cropped-LOGO-PUBLIC.SN_.png\",\"contentUrl\":\"https:\/\/www.public.sn\/wp-content\/uploads\/2024\/05\/cropped-LOGO-PUBLIC.SN_.png\",\"width\":682,\"height\":192,\"caption\":\"LE PUBLIC\"},\"image\":{\"@id\":\"https:\/\/www.public.sn\/#\/schema\/logo\/image\/\"}},{\"@type\":\"Person\",\"@id\":\"https:\/\/www.public.sn\/#\/schema\/person\/e3f4a11b037d4203902db148f9bc8d5a\",\"name\":\"LA REDACTION\",\"image\":{\"@type\":\"ImageObject\",\"inLanguage\":\"fr-FR\",\"@id\":\"https:\/\/www.public.sn\/#\/schema\/person\/image\/\",\"url\":\"https:\/\/secure.gravatar.com\/avatar\/d6c030db45db2883c075085c5d6c6258654a801a93766b49af0b82d4f454e2a5?s=96&d=mm&r=g\",\"contentUrl\":\"https:\/\/secure.gravatar.com\/avatar\/d6c030db45db2883c075085c5d6c6258654a801a93766b49af0b82d4f454e2a5?s=96&d=mm&r=g\",\"caption\":\"LA REDACTION\"},\"sameAs\":[\"http:\/\/www.public.sn\"],\"url\":\"https:\/\/www.public.sn\/index.php\/author\/admin7324\/\"}]}<\/script>\n<!-- \/ Yoast SEO plugin. -->","yoast_head_json":{"title":"Le premier ministre Amadou Ba remercie le Chef de l\u2019\u00c9tat Macky Sall. - LE PUBLIC","robots":{"index":"index","follow":"follow","max-snippet":"max-snippet:-1","max-image-preview":"max-image-preview:large","max-video-preview":"max-video-preview:-1"},"canonical":"https:\/\/www.public.sn\/index.php\/2022\/09\/19\/le-premier-ministre-amadou-ba-remercie-le-chef-de-letat-macky-sall\/","og_locale":"fr_FR","og_type":"article","og_title":"Le premier ministre Amadou Ba remercie le Chef de l\u2019\u00c9tat Macky Sall. - LE PUBLIC","og_description":"L\u2019homme qu\u2019il faut \u00e0 la place qu\u2019il faut\u00a0? Apr\u00e8s l\u2019\u00e9lection d\u2019Amadou Mame Diop \u00e0 la pr\u00e9sidence de l\u2019Assembl\u00e9e lundi 12 septembre, la nomination d\u2019Amadou Ba au piste de premier ministre, samedi 17 septembre, la nouvelle \u00e9quipe a affich\u00e9 ses priorit\u00e9s, parmi lesquelles le pouvoir d&rsquo;achat ou encore l&#8217;emploi.Le tout nouveau premier ministre se f\u00e9licite de cette nomination. \u201cJe rends gr\u00e2ce \u00e0 Allah SWT et \u00e0 son Proph\u00e8te SAW. Je remercie vivement Son Excellence Macky Sall pour cette confiance renouvel\u00e9e plac\u00e9e en ma modeste personne. C\u2019est pour moi un honneur d&rsquo;\u00eatre \u00e0 la t\u00eate du gouvernement\u201d, \u00e9crit-il sur son compte Twitter.","og_url":"https:\/\/www.public.sn\/index.php\/2022\/09\/19\/le-premier-ministre-amadou-ba-remercie-le-chef-de-letat-macky-sall\/","og_site_name":"LE PUBLIC","article_published_time":"2022-09-19T16:31:27+00:00","article_modified_time":"2022-09-19T16:34:22+00:00","og_image":[{"width":1661,"height":1008,"url":"https:\/\/www.public.sn\/wp-content\/uploads\/2022\/09\/76150EFC-A370-4F55-A477-D4B0C84143CB.jpeg","type":"image\/jpeg"}],"author":"LA REDACTION","twitter_card":"summary_large_image","twitter_misc":{"\u00c9crit par":"LA REDACTION","Dur\u00e9e de lecture estim\u00e9e":"1 minute"},"schema":{"@context":"https:\/\/schema.org","@graph":[{"@type":"Article","@id":"https:\/\/www.public.sn\/index.php\/2022\/09\/19\/le-premier-ministre-amadou-ba-remercie-le-chef-de-letat-macky-sall\/#article","isPartOf":{"@id":"https:\/\/www.public.sn\/index.php\/2022\/09\/19\/le-premier-ministre-amadou-ba-remercie-le-chef-de-letat-macky-sall\/"},"author":{"name":"LA REDACTION","@id":"https:\/\/www.public.sn\/#\/schema\/person\/e3f4a11b037d4203902db148f9bc8d5a"},"headline":"Le premier ministre Amadou Ba remercie le Chef de l\u2019\u00c9tat Macky Sall.","datePublished":"2022-09-19T16:31:27+00:00","dateModified":"2022-09-19T16:34:22+00:00","mainEntityOfPage":{"@id":"https:\/\/www.public.sn\/index.php\/2022\/09\/19\/le-premier-ministre-amadou-ba-remercie-le-chef-de-letat-macky-sall\/"},"wordCount":126,"commentCount":0,"publisher":{"@id":"https:\/\/www.public.sn\/#organization"},"image":{"@id":"https:\/\/www.public.sn\/index.php\/2022\/09\/19\/le-premier-ministre-amadou-ba-remercie-le-chef-de-letat-macky-sall\/#primaryimage"},"thumbnailUrl":"https:\/\/www.public.sn\/wp-content\/uploads\/2022\/09\/76150EFC-A370-4F55-A477-D4B0C84143CB.jpeg","keywords":["Amadou Ba","Amadou Mame Diop","Assembl\u00e9e Nationale","Macky Sall","Pr\u00e9sidentielle 2024","Remaniement"],"articleSection":["ACTUALIT\u00c9S","POLITIQUE"],"inLanguage":"fr-FR","potentialAction":[{"@type":"CommentAction","name":"Comment","target":["https:\/\/www.public.sn\/index.php\/2022\/09\/19\/le-premier-ministre-amadou-ba-remercie-le-chef-de-letat-macky-sall\/#respond"]}]},{"@type":"WebPage","@id":"https:\/\/www.public.sn\/index.php\/2022\/09\/19\/le-premier-ministre-amadou-ba-remercie-le-chef-de-letat-macky-sall\/","url":"https:\/\/www.public.sn\/index.php\/2022\/09\/19\/le-premier-ministre-amadou-ba-remercie-le-chef-de-letat-macky-sall\/","name":"Le premier ministre Amadou Ba remercie le Chef de l\u2019\u00c9tat Macky Sall. - LE PUBLIC","isPartOf":{"@id":"https:\/\/www.public.sn\/#website"},"primaryImageOfPage":{"@id":"https:\/\/www.public.sn\/index.php\/2022\/09\/19\/le-premier-ministre-amadou-ba-remercie-le-chef-de-letat-macky-sall\/#primaryimage"},"image":{"@id":"https:\/\/www.public.sn\/index.php\/2022\/09\/19\/le-premier-ministre-amadou-ba-remercie-le-chef-de-letat-macky-sall\/#primaryimage"},"thumbnailUrl":"https:\/\/www.public.sn\/wp-content\/uploads\/2022\/09\/76150EFC-A370-4F55-A477-D4B0C84143CB.jpeg","datePublished":"2022-09-19T16:31:27+00:00","dateModified":"2022-09-19T16:34:22+00:00","breadcrumb":{"@id":"https:\/\/www.public.sn\/index.php\/2022\/09\/19\/le-premier-ministre-amadou-ba-remercie-le-chef-de-letat-macky-sall\/#breadcrumb"},"inLanguage":"fr-FR","potentialAction":[{"@type":"ReadAction","target":["https:\/\/www.public.sn\/index.php\/2022\/09\/19\/le-premier-ministre-amadou-ba-remercie-le-chef-de-letat-macky-sall\/"]}]},{"@type":"ImageObject","inLanguage":"fr-FR","@id":"https:\/\/www.public.sn\/index.php\/2022\/09\/19\/le-premier-ministre-amadou-ba-remercie-le-chef-de-letat-macky-sall\/#primaryimage","url":"https:\/\/www.public.sn\/wp-content\/uploads\/2022\/09\/76150EFC-A370-4F55-A477-D4B0C84143CB.jpeg","contentUrl":"https:\/\/www.public.sn\/wp-content\/uploads\/2022\/09\/76150EFC-A370-4F55-A477-D4B0C84143CB.jpeg","width":1661,"height":1008},{"@type":"BreadcrumbList","@id":"https:\/\/www.public.sn\/index.php\/2022\/09\/19\/le-premier-ministre-amadou-ba-remercie-le-chef-de-letat-macky-sall\/#breadcrumb","itemListElement":[{"@type":"ListItem","position":1,"name":"Accueil","item":"https:\/\/www.public.sn\/"},{"@type":"ListItem","position":2,"name":"Le premier ministre Amadou Ba remercie le Chef de l\u2019\u00c9tat Macky Sall."}]},{"@type":"WebSite","@id":"https:\/\/www.public.sn\/#website","url":"https:\/\/www.public.sn\/","name":"LE PUBLIC","description":"","publisher":{"@id":"https:\/\/www.public.sn\/#organization"},"potentialAction":[{"@type":"SearchAction","target":{"@type":"EntryPoint","urlTemplate":"https:\/\/www.public.sn\/?s={search_term_string}"},"query-input":{"@type":"PropertyValueSpecification","valueRequired":true,"valueName":"search_term_string"}}],"inLanguage":"fr-FR"},{"@type":"Organization","@id":"https:\/\/www.public.sn\/#organization","name":"LE PUBLIC","url":"https:\/\/www.public.sn\/","logo":{"@type":"ImageObject","inLanguage":"fr-FR","@id":"https:\/\/www.public.sn\/#\/schema\/logo\/image\/","url":"https:\/\/www.public.sn\/wp-content\/uploads\/2024\/05\/cropped-LOGO-PUBLIC.SN_.png","contentUrl":"https:\/\/www.public.sn\/wp-content\/uploads\/2024\/05\/cropped-LOGO-PUBLIC.SN_.png","width":682,"height":192,"caption":"LE PUBLIC"},"image":{"@id":"https:\/\/www.public.sn\/#\/schema\/logo\/image\/"}},{"@type":"Person","@id":"https:\/\/www.public.sn\/#\/schema\/person\/e3f4a11b037d4203902db148f9bc8d5a","name":"LA REDACTION","image":{"@type":"ImageObject","inLanguage":"fr-FR","@id":"https:\/\/www.public.sn\/#\/schema\/person\/image\/","url":"https:\/\/secure.gravatar.com\/avatar\/d6c030db45db2883c075085c5d6c6258654a801a93766b49af0b82d4f454e2a5?s=96&d=mm&r=g","contentUrl":"https:\/\/secure.gravatar.com\/avatar\/d6c030db45db2883c075085c5d6c6258654a801a93766b49af0b82d4f454e2a5?s=96&d=mm&r=g","caption":"LA REDACTION"},"sameAs":["http:\/\/www.public.sn"],"url":"https:\/\/www.public.sn\/index.php\/author\/admin7324\/"}]}},"jetpack_featured_media_url":"https:\/\/www.public.sn\/wp-content\/uploads\/2022\/09\/76150EFC-A370-4F55-A477-D4B0C84143CB.jpeg","jetpack_sharing_enabled":true,"_links":{"self":[{"href":"https:\/\/www.public.sn\/index.php\/wp-json\/wp\/v2\/posts\/2208","targetHints":{"allow":["GET"]}}],"collection":[{"href":"https:\/\/www.public.sn\/index.php\/wp-json\/wp\/v2\/posts"}],"about":[{"href":"https:\/\/www.public.sn\/index.php\/wp-json\/wp\/v2\/types\/post"}],"author":[{"embeddable":true,"href":"https:\/\/www.public.sn\/index.php\/wp-json\/wp\/v2\/users\/1"}],"replies":[{"embeddable":true,"href":"https:\/\/www.public.sn\/index.php\/wp-json\/wp\/v2\/comments?post=2208"}],"version-history":[{"count":1,"href":"https:\/\/www.public.sn\/index.php\/wp-json\/wp\/v2\/posts\/2208\/revisions"}],"predecessor-version":[{"id":2210,"href":"https:\/\/www.public.sn\/index.php\/wp-json\/wp\/v2\/posts\/2208\/revisions\/2210"}],"wp:featuredmedia":[{"embeddable":true,"href":"https:\/\/www.public.sn\/index.php\/wp-json\/wp\/v2\/media\/2212"}],"wp:attachment":[{"href":"https:\/\/www.public.sn\/index.php\/wp-json\/wp\/v2\/media?parent=2208"}],"wp:term":[{"taxonomy":"category","embeddable":true,"href":"https:\/\/www.public.sn\/index.php\/wp-json\/wp\/v2\/categories?post=2208"},{"taxonomy":"post_tag","embeddable":true,"href":"https:\/\/www.public.sn\/index.php\/wp-json\/wp\/v2\/tags?post=2208"}],"curies":[{"name":"wp","href":"https:\/\/api.w.org\/{rel}","templated":true}]}}