{"id":2216,"date":"2022-09-19T19:06:38","date_gmt":"2022-09-19T19:06:38","guid":{"rendered":"https:\/\/www.public.sn\/?p=2216"},"modified":"2022-09-20T11:50:06","modified_gmt":"2022-09-20T11:50:06","slug":"le-president-de-lassemblee-nationale-amadou-mame-diop-demissionne-de-poste-de-directeur-general","status":"publish","type":"post","link":"https:\/\/www.public.sn\/index.php\/2022\/09\/19\/le-president-de-lassemblee-nationale-amadou-mame-diop-demissionne-de-poste-de-directeur-general\/","title":{"rendered":"Le Pr\u00e9sident de l\u2019Assembl\u00e9e nationale Amadou Mame Diop d\u00e9missionne de son poste de directeur g\u00e9n\u00e9ral."},"content":{"rendered":"\n<p>Apr\u00e8s le remaniement minist\u00e9riel faisant suite \u00e0 leur installation au niveau de l\u2019Assembl\u00e9e nationale, les ministres d\u00e9put\u00e9s ont finalement d\u00e9missionn\u00e9 de leur r\u00f4le de l\u2019h\u00e9micycle ce lundi. Leurs lettres de d\u00e9missions ont atterri sur la table du pr\u00e9sident de l\u2019Assembl\u00e9e nationale.<\/p><div class=\"publi-paragraphe1\" style=\"margin-top: 10px;margin-bottom: 10px;margin-left: auto;margin-right: auto;text-align: center;\" id=\"publi-2753697372\"><div class=\"publi-adlabel\">Publicit\u00e9<\/div><script async src=\"\/\/pagead2.googlesyndication.com\/pagead\/js\/adsbygoogle.js?client=ca-pub-4089586018074219\" crossorigin=\"anonymous\"><\/script><ins class=\"adsbygoogle\" style=\"display:block;\" data-ad-client=\"ca-pub-4089586018074219\" \ndata-ad-slot=\"2087940154\" \ndata-ad-format=\"auto\"><\/ins>\n<script> \n(adsbygoogle = window.adsbygoogle || []).push({}); \n<\/script>\n<\/div>\n\n\n\n<p>Cette mesure concerne aussi les directeurs g\u00e9n\u00e9raux qui occupent d\u2019autres fonctions dans ce nouveau gouvernement. Par la m\u00eame occasion le pr\u00e9sident de l\u2019Assembl\u00e9e nationale, Amadou&nbsp;Mame Diop a d\u00e9missionn\u00e9 de son poste de directeur g\u00e9n\u00e9ral de Sapco, rapporte la Rfm<\/p>\n<div class=\"publi-apres-le-contenu\" style=\"margin-top: 10px;margin-bottom: 10px;margin-left: auto;margin-right: auto;text-align: center;\" id=\"publi-1575688064\"><div class=\"publi-adlabel\">Publicit\u00e9<\/div><script async src=\"\/\/pagead2.googlesyndication.com\/pagead\/js\/adsbygoogle.js?client=ca-pub-4089586018074219\" crossorigin=\"anonymous\"><\/script><ins class=\"adsbygoogle\" style=\"display:block;\" data-ad-client=\"ca-pub-4089586018074219\" \ndata-ad-slot=\"2087940154\" \ndata-ad-format=\"auto\"><\/ins>\n<script> \n(adsbygoogle = window.adsbygoogle || []).push({}); \n<\/script>\n<\/div>","protected":false},"excerpt":{"rendered":"<p>Apr\u00e8s le remaniement minist\u00e9riel faisant suite \u00e0 leur installation au niveau de l\u2019Assembl\u00e9e nationale, les ministres d\u00e9put\u00e9s ont finalement d\u00e9missionn\u00e9 de leur r\u00f4le de l\u2019h\u00e9micycle ce lundi. Leurs lettres de d\u00e9missions ont atterri sur la table du pr\u00e9sident de l\u2019Assembl\u00e9e nationale. Cette mesure concerne aussi les directeurs g\u00e9n\u00e9raux qui occupent d\u2019autres fonctions dans ce nouveau gouvernement. Par la m\u00eame occasion le pr\u00e9sident de l\u2019Assembl\u00e9e nationale, Amadou&nbsp;Mame Diop a d\u00e9missionn\u00e9 de son poste de directeur g\u00e9n\u00e9ral de Sapco, rapporte la Rfm<\/p>\n","protected":false},"author":1,"featured_media":2217,"comment_status":"open","ping_status":"open","sticky":false,"template":"","format":"standard","meta":{"_jetpack_memberships_contains_paid_content":false,"footnotes":""},"categories":[375,3],"tags":[744,723,12,11,17],"class_list":["post-2216","post","type-post","status-publish","format-standard","has-post-thumbnail","hentry","category-actualites","category-politique","tag-amadou-ba","tag-amadou-mame-diop","tag-assemblee-nationale","tag-macky-sall","tag-opposition","entry","has-media","owp-thumbs-layout-horizontal","owp-btn-normal","owp-tabs-layout-horizontal","has-no-thumbnails","has-product-nav"],"yoast_head":"<!-- This site is optimized with the Yoast SEO plugin v25.5 - https:\/\/yoast.com\/wordpress\/plugins\/seo\/ -->\n<title>Le Pr\u00e9sident de l\u2019Assembl\u00e9e nationale Amadou Mame Diop d\u00e9missionne de son poste de directeur g\u00e9n\u00e9ral. - LE PUBLIC<\/title>\n<meta name=\"robots\" content=\"index, follow, max-snippet:-1, max-image-preview:large, max-video-preview:-1\" \/>\n<link rel=\"canonical\" href=\"https:\/\/www.public.sn\/index.php\/2022\/09\/19\/le-president-de-lassemblee-nationale-amadou-mame-diop-demissionne-de-poste-de-directeur-general\/\" \/>\n<meta property=\"og:locale\" content=\"fr_FR\" \/>\n<meta property=\"og:type\" content=\"article\" \/>\n<meta property=\"og:title\" content=\"Le Pr\u00e9sident de l\u2019Assembl\u00e9e nationale Amadou Mame Diop d\u00e9missionne de son poste de directeur g\u00e9n\u00e9ral. - LE PUBLIC\" \/>\n<meta property=\"og:description\" content=\"Apr\u00e8s le remaniement minist\u00e9riel faisant suite \u00e0 leur installation au niveau de l\u2019Assembl\u00e9e nationale, les ministres d\u00e9put\u00e9s ont finalement d\u00e9missionn\u00e9 de leur r\u00f4le de l\u2019h\u00e9micycle ce lundi. Leurs lettres de d\u00e9missions ont atterri sur la table du pr\u00e9sident de l\u2019Assembl\u00e9e nationale. Cette mesure concerne aussi les directeurs g\u00e9n\u00e9raux qui occupent d\u2019autres fonctions dans ce nouveau gouvernement. Par la m\u00eame occasion le pr\u00e9sident de l\u2019Assembl\u00e9e nationale, Amadou&nbsp;Mame Diop a d\u00e9missionn\u00e9 de son poste de directeur g\u00e9n\u00e9ral de Sapco, rapporte la Rfm\" \/>\n<meta property=\"og:url\" content=\"https:\/\/www.public.sn\/index.php\/2022\/09\/19\/le-president-de-lassemblee-nationale-amadou-mame-diop-demissionne-de-poste-de-directeur-general\/\" \/>\n<meta property=\"og:site_name\" content=\"LE PUBLIC\" \/>\n<meta property=\"article:published_time\" content=\"2022-09-19T19:06:38+00:00\" \/>\n<meta property=\"article:modified_time\" content=\"2022-09-20T11:50:06+00:00\" \/>\n<meta property=\"og:image\" content=\"https:\/\/www.public.sn\/wp-content\/uploads\/2022\/09\/05EA3EC6-3121-4AB2-AB54-A31AE4E9B5E4.png\" \/>\n\t<meta property=\"og:image:width\" content=\"810\" \/>\n\t<meta property=\"og:image:height\" content=\"540\" \/>\n\t<meta property=\"og:image:type\" content=\"image\/png\" \/>\n<meta name=\"author\" content=\"LA REDACTION\" \/>\n<meta name=\"twitter:card\" content=\"summary_large_image\" \/>\n<meta name=\"twitter:label1\" content=\"\u00c9crit par\" \/>\n\t<meta name=\"twitter:data1\" content=\"LA REDACTION\" \/>\n\t<meta name=\"twitter:label2\" content=\"Dur\u00e9e de lecture estim\u00e9e\" \/>\n\t<meta name=\"twitter:data2\" content=\"1 minute\" \/>\n<script type=\"application\/ld+json\" class=\"yoast-schema-graph\">{\"@context\":\"https:\/\/schema.org\",\"@graph\":[{\"@type\":\"Article\",\"@id\":\"https:\/\/www.public.sn\/index.php\/2022\/09\/19\/le-president-de-lassemblee-nationale-amadou-mame-diop-demissionne-de-poste-de-directeur-general\/#article\",\"isPartOf\":{\"@id\":\"https:\/\/www.public.sn\/index.php\/2022\/09\/19\/le-president-de-lassemblee-nationale-amadou-mame-diop-demissionne-de-poste-de-directeur-general\/\"},\"author\":{\"name\":\"LA REDACTION\",\"@id\":\"https:\/\/www.public.sn\/#\/schema\/person\/e3f4a11b037d4203902db148f9bc8d5a\"},\"headline\":\"Le Pr\u00e9sident de l\u2019Assembl\u00e9e nationale Amadou Mame Diop d\u00e9missionne de son poste de directeur g\u00e9n\u00e9ral.\",\"datePublished\":\"2022-09-19T19:06:38+00:00\",\"dateModified\":\"2022-09-20T11:50:06+00:00\",\"mainEntityOfPage\":{\"@id\":\"https:\/\/www.public.sn\/index.php\/2022\/09\/19\/le-president-de-lassemblee-nationale-amadou-mame-diop-demissionne-de-poste-de-directeur-general\/\"},\"wordCount\":126,\"commentCount\":0,\"publisher\":{\"@id\":\"https:\/\/www.public.sn\/#organization\"},\"image\":{\"@id\":\"https:\/\/www.public.sn\/index.php\/2022\/09\/19\/le-president-de-lassemblee-nationale-amadou-mame-diop-demissionne-de-poste-de-directeur-general\/#primaryimage\"},\"thumbnailUrl\":\"https:\/\/www.public.sn\/wp-content\/uploads\/2022\/09\/05EA3EC6-3121-4AB2-AB54-A31AE4E9B5E4.png\",\"keywords\":[\"Amadou Ba\",\"Amadou Mame Diop\",\"Assembl\u00e9e Nationale\",\"Macky Sall\",\"Opposition\"],\"articleSection\":[\"ACTUALIT\u00c9S\",\"POLITIQUE\"],\"inLanguage\":\"fr-FR\",\"potentialAction\":[{\"@type\":\"CommentAction\",\"name\":\"Comment\",\"target\":[\"https:\/\/www.public.sn\/index.php\/2022\/09\/19\/le-president-de-lassemblee-nationale-amadou-mame-diop-demissionne-de-poste-de-directeur-general\/#respond\"]}]},{\"@type\":\"WebPage\",\"@id\":\"https:\/\/www.public.sn\/index.php\/2022\/09\/19\/le-president-de-lassemblee-nationale-amadou-mame-diop-demissionne-de-poste-de-directeur-general\/\",\"url\":\"https:\/\/www.public.sn\/index.php\/2022\/09\/19\/le-president-de-lassemblee-nationale-amadou-mame-diop-demissionne-de-poste-de-directeur-general\/\",\"name\":\"Le Pr\u00e9sident de l\u2019Assembl\u00e9e nationale Amadou Mame Diop d\u00e9missionne de son poste de directeur g\u00e9n\u00e9ral. - LE PUBLIC\",\"isPartOf\":{\"@id\":\"https:\/\/www.public.sn\/#website\"},\"primaryImageOfPage\":{\"@id\":\"https:\/\/www.public.sn\/index.php\/2022\/09\/19\/le-president-de-lassemblee-nationale-amadou-mame-diop-demissionne-de-poste-de-directeur-general\/#primaryimage\"},\"image\":{\"@id\":\"https:\/\/www.public.sn\/index.php\/2022\/09\/19\/le-president-de-lassemblee-nationale-amadou-mame-diop-demissionne-de-poste-de-directeur-general\/#primaryimage\"},\"thumbnailUrl\":\"https:\/\/www.public.sn\/wp-content\/uploads\/2022\/09\/05EA3EC6-3121-4AB2-AB54-A31AE4E9B5E4.png\",\"datePublished\":\"2022-09-19T19:06:38+00:00\",\"dateModified\":\"2022-09-20T11:50:06+00:00\",\"breadcrumb\":{\"@id\":\"https:\/\/www.public.sn\/index.php\/2022\/09\/19\/le-president-de-lassemblee-nationale-amadou-mame-diop-demissionne-de-poste-de-directeur-general\/#breadcrumb\"},\"inLanguage\":\"fr-FR\",\"potentialAction\":[{\"@type\":\"ReadAction\",\"target\":[\"https:\/\/www.public.sn\/index.php\/2022\/09\/19\/le-president-de-lassemblee-nationale-amadou-mame-diop-demissionne-de-poste-de-directeur-general\/\"]}]},{\"@type\":\"ImageObject\",\"inLanguage\":\"fr-FR\",\"@id\":\"https:\/\/www.public.sn\/index.php\/2022\/09\/19\/le-president-de-lassemblee-nationale-amadou-mame-diop-demissionne-de-poste-de-directeur-general\/#primaryimage\",\"url\":\"https:\/\/www.public.sn\/wp-content\/uploads\/2022\/09\/05EA3EC6-3121-4AB2-AB54-A31AE4E9B5E4.png\",\"contentUrl\":\"https:\/\/www.public.sn\/wp-content\/uploads\/2022\/09\/05EA3EC6-3121-4AB2-AB54-A31AE4E9B5E4.png\",\"width\":810,\"height\":540},{\"@type\":\"BreadcrumbList\",\"@id\":\"https:\/\/www.public.sn\/index.php\/2022\/09\/19\/le-president-de-lassemblee-nationale-amadou-mame-diop-demissionne-de-poste-de-directeur-general\/#breadcrumb\",\"itemListElement\":[{\"@type\":\"ListItem\",\"position\":1,\"name\":\"Accueil\",\"item\":\"https:\/\/www.public.sn\/\"},{\"@type\":\"ListItem\",\"position\":2,\"name\":\"Le Pr\u00e9sident de l\u2019Assembl\u00e9e nationale Amadou Mame Diop d\u00e9missionne de son poste de directeur g\u00e9n\u00e9ral.\"}]},{\"@type\":\"WebSite\",\"@id\":\"https:\/\/www.public.sn\/#website\",\"url\":\"https:\/\/www.public.sn\/\",\"name\":\"LE PUBLIC\",\"description\":\"\",\"publisher\":{\"@id\":\"https:\/\/www.public.sn\/#organization\"},\"potentialAction\":[{\"@type\":\"SearchAction\",\"target\":{\"@type\":\"EntryPoint\",\"urlTemplate\":\"https:\/\/www.public.sn\/?s={search_term_string}\"},\"query-input\":{\"@type\":\"PropertyValueSpecification\",\"valueRequired\":true,\"valueName\":\"search_term_string\"}}],\"inLanguage\":\"fr-FR\"},{\"@type\":\"Organization\",\"@id\":\"https:\/\/www.public.sn\/#organization\",\"name\":\"LE PUBLIC\",\"url\":\"https:\/\/www.public.sn\/\",\"logo\":{\"@type\":\"ImageObject\",\"inLanguage\":\"fr-FR\",\"@id\":\"https:\/\/www.public.sn\/#\/schema\/logo\/image\/\",\"url\":\"https:\/\/www.public.sn\/wp-content\/uploads\/2024\/05\/cropped-LOGO-PUBLIC.SN_.png\",\"contentUrl\":\"https:\/\/www.public.sn\/wp-content\/uploads\/2024\/05\/cropped-LOGO-PUBLIC.SN_.png\",\"width\":682,\"height\":192,\"caption\":\"LE PUBLIC\"},\"image\":{\"@id\":\"https:\/\/www.public.sn\/#\/schema\/logo\/image\/\"}},{\"@type\":\"Person\",\"@id\":\"https:\/\/www.public.sn\/#\/schema\/person\/e3f4a11b037d4203902db148f9bc8d5a\",\"name\":\"LA REDACTION\",\"image\":{\"@type\":\"ImageObject\",\"inLanguage\":\"fr-FR\",\"@id\":\"https:\/\/www.public.sn\/#\/schema\/person\/image\/\",\"url\":\"https:\/\/secure.gravatar.com\/avatar\/d6c030db45db2883c075085c5d6c6258654a801a93766b49af0b82d4f454e2a5?s=96&d=mm&r=g\",\"contentUrl\":\"https:\/\/secure.gravatar.com\/avatar\/d6c030db45db2883c075085c5d6c6258654a801a93766b49af0b82d4f454e2a5?s=96&d=mm&r=g\",\"caption\":\"LA REDACTION\"},\"sameAs\":[\"http:\/\/www.public.sn\"],\"url\":\"https:\/\/www.public.sn\/index.php\/author\/admin7324\/\"}]}<\/script>\n<!-- \/ Yoast SEO plugin. -->","yoast_head_json":{"title":"Le Pr\u00e9sident de l\u2019Assembl\u00e9e nationale Amadou Mame Diop d\u00e9missionne de son poste de directeur g\u00e9n\u00e9ral. - LE PUBLIC","robots":{"index":"index","follow":"follow","max-snippet":"max-snippet:-1","max-image-preview":"max-image-preview:large","max-video-preview":"max-video-preview:-1"},"canonical":"https:\/\/www.public.sn\/index.php\/2022\/09\/19\/le-president-de-lassemblee-nationale-amadou-mame-diop-demissionne-de-poste-de-directeur-general\/","og_locale":"fr_FR","og_type":"article","og_title":"Le Pr\u00e9sident de l\u2019Assembl\u00e9e nationale Amadou Mame Diop d\u00e9missionne de son poste de directeur g\u00e9n\u00e9ral. - LE PUBLIC","og_description":"Apr\u00e8s le remaniement minist\u00e9riel faisant suite \u00e0 leur installation au niveau de l\u2019Assembl\u00e9e nationale, les ministres d\u00e9put\u00e9s ont finalement d\u00e9missionn\u00e9 de leur r\u00f4le de l\u2019h\u00e9micycle ce lundi. Leurs lettres de d\u00e9missions ont atterri sur la table du pr\u00e9sident de l\u2019Assembl\u00e9e nationale. Cette mesure concerne aussi les directeurs g\u00e9n\u00e9raux qui occupent d\u2019autres fonctions dans ce nouveau gouvernement. Par la m\u00eame occasion le pr\u00e9sident de l\u2019Assembl\u00e9e nationale, Amadou&nbsp;Mame Diop a d\u00e9missionn\u00e9 de son poste de directeur g\u00e9n\u00e9ral de Sapco, rapporte la Rfm","og_url":"https:\/\/www.public.sn\/index.php\/2022\/09\/19\/le-president-de-lassemblee-nationale-amadou-mame-diop-demissionne-de-poste-de-directeur-general\/","og_site_name":"LE PUBLIC","article_published_time":"2022-09-19T19:06:38+00:00","article_modified_time":"2022-09-20T11:50:06+00:00","og_image":[{"width":810,"height":540,"url":"https:\/\/www.public.sn\/wp-content\/uploads\/2022\/09\/05EA3EC6-3121-4AB2-AB54-A31AE4E9B5E4.png","type":"image\/png"}],"author":"LA REDACTION","twitter_card":"summary_large_image","twitter_misc":{"\u00c9crit par":"LA REDACTION","Dur\u00e9e de lecture estim\u00e9e":"1 minute"},"schema":{"@context":"https:\/\/schema.org","@graph":[{"@type":"Article","@id":"https:\/\/www.public.sn\/index.php\/2022\/09\/19\/le-president-de-lassemblee-nationale-amadou-mame-diop-demissionne-de-poste-de-directeur-general\/#article","isPartOf":{"@id":"https:\/\/www.public.sn\/index.php\/2022\/09\/19\/le-president-de-lassemblee-nationale-amadou-mame-diop-demissionne-de-poste-de-directeur-general\/"},"author":{"name":"LA REDACTION","@id":"https:\/\/www.public.sn\/#\/schema\/person\/e3f4a11b037d4203902db148f9bc8d5a"},"headline":"Le Pr\u00e9sident de l\u2019Assembl\u00e9e nationale Amadou Mame Diop d\u00e9missionne de son poste de directeur g\u00e9n\u00e9ral.","datePublished":"2022-09-19T19:06:38+00:00","dateModified":"2022-09-20T11:50:06+00:00","mainEntityOfPage":{"@id":"https:\/\/www.public.sn\/index.php\/2022\/09\/19\/le-president-de-lassemblee-nationale-amadou-mame-diop-demissionne-de-poste-de-directeur-general\/"},"wordCount":126,"commentCount":0,"publisher":{"@id":"https:\/\/www.public.sn\/#organization"},"image":{"@id":"https:\/\/www.public.sn\/index.php\/2022\/09\/19\/le-president-de-lassemblee-nationale-amadou-mame-diop-demissionne-de-poste-de-directeur-general\/#primaryimage"},"thumbnailUrl":"https:\/\/www.public.sn\/wp-content\/uploads\/2022\/09\/05EA3EC6-3121-4AB2-AB54-A31AE4E9B5E4.png","keywords":["Amadou Ba","Amadou Mame Diop","Assembl\u00e9e Nationale","Macky Sall","Opposition"],"articleSection":["ACTUALIT\u00c9S","POLITIQUE"],"inLanguage":"fr-FR","potentialAction":[{"@type":"CommentAction","name":"Comment","target":["https:\/\/www.public.sn\/index.php\/2022\/09\/19\/le-president-de-lassemblee-nationale-amadou-mame-diop-demissionne-de-poste-de-directeur-general\/#respond"]}]},{"@type":"WebPage","@id":"https:\/\/www.public.sn\/index.php\/2022\/09\/19\/le-president-de-lassemblee-nationale-amadou-mame-diop-demissionne-de-poste-de-directeur-general\/","url":"https:\/\/www.public.sn\/index.php\/2022\/09\/19\/le-president-de-lassemblee-nationale-amadou-mame-diop-demissionne-de-poste-de-directeur-general\/","name":"Le Pr\u00e9sident de l\u2019Assembl\u00e9e nationale Amadou Mame Diop d\u00e9missionne de son poste de directeur g\u00e9n\u00e9ral. - LE PUBLIC","isPartOf":{"@id":"https:\/\/www.public.sn\/#website"},"primaryImageOfPage":{"@id":"https:\/\/www.public.sn\/index.php\/2022\/09\/19\/le-president-de-lassemblee-nationale-amadou-mame-diop-demissionne-de-poste-de-directeur-general\/#primaryimage"},"image":{"@id":"https:\/\/www.public.sn\/index.php\/2022\/09\/19\/le-president-de-lassemblee-nationale-amadou-mame-diop-demissionne-de-poste-de-directeur-general\/#primaryimage"},"thumbnailUrl":"https:\/\/www.public.sn\/wp-content\/uploads\/2022\/09\/05EA3EC6-3121-4AB2-AB54-A31AE4E9B5E4.png","datePublished":"2022-09-19T19:06:38+00:00","dateModified":"2022-09-20T11:50:06+00:00","breadcrumb":{"@id":"https:\/\/www.public.sn\/index.php\/2022\/09\/19\/le-president-de-lassemblee-nationale-amadou-mame-diop-demissionne-de-poste-de-directeur-general\/#breadcrumb"},"inLanguage":"fr-FR","potentialAction":[{"@type":"ReadAction","target":["https:\/\/www.public.sn\/index.php\/2022\/09\/19\/le-president-de-lassemblee-nationale-amadou-mame-diop-demissionne-de-poste-de-directeur-general\/"]}]},{"@type":"ImageObject","inLanguage":"fr-FR","@id":"https:\/\/www.public.sn\/index.php\/2022\/09\/19\/le-president-de-lassemblee-nationale-amadou-mame-diop-demissionne-de-poste-de-directeur-general\/#primaryimage","url":"https:\/\/www.public.sn\/wp-content\/uploads\/2022\/09\/05EA3EC6-3121-4AB2-AB54-A31AE4E9B5E4.png","contentUrl":"https:\/\/www.public.sn\/wp-content\/uploads\/2022\/09\/05EA3EC6-3121-4AB2-AB54-A31AE4E9B5E4.png","width":810,"height":540},{"@type":"BreadcrumbList","@id":"https:\/\/www.public.sn\/index.php\/2022\/09\/19\/le-president-de-lassemblee-nationale-amadou-mame-diop-demissionne-de-poste-de-directeur-general\/#breadcrumb","itemListElement":[{"@type":"ListItem","position":1,"name":"Accueil","item":"https:\/\/www.public.sn\/"},{"@type":"ListItem","position":2,"name":"Le Pr\u00e9sident de l\u2019Assembl\u00e9e nationale Amadou Mame Diop d\u00e9missionne de son poste de directeur g\u00e9n\u00e9ral."}]},{"@type":"WebSite","@id":"https:\/\/www.public.sn\/#website","url":"https:\/\/www.public.sn\/","name":"LE PUBLIC","description":"","publisher":{"@id":"https:\/\/www.public.sn\/#organization"},"potentialAction":[{"@type":"SearchAction","target":{"@type":"EntryPoint","urlTemplate":"https:\/\/www.public.sn\/?s={search_term_string}"},"query-input":{"@type":"PropertyValueSpecification","valueRequired":true,"valueName":"search_term_string"}}],"inLanguage":"fr-FR"},{"@type":"Organization","@id":"https:\/\/www.public.sn\/#organization","name":"LE PUBLIC","url":"https:\/\/www.public.sn\/","logo":{"@type":"ImageObject","inLanguage":"fr-FR","@id":"https:\/\/www.public.sn\/#\/schema\/logo\/image\/","url":"https:\/\/www.public.sn\/wp-content\/uploads\/2024\/05\/cropped-LOGO-PUBLIC.SN_.png","contentUrl":"https:\/\/www.public.sn\/wp-content\/uploads\/2024\/05\/cropped-LOGO-PUBLIC.SN_.png","width":682,"height":192,"caption":"LE PUBLIC"},"image":{"@id":"https:\/\/www.public.sn\/#\/schema\/logo\/image\/"}},{"@type":"Person","@id":"https:\/\/www.public.sn\/#\/schema\/person\/e3f4a11b037d4203902db148f9bc8d5a","name":"LA REDACTION","image":{"@type":"ImageObject","inLanguage":"fr-FR","@id":"https:\/\/www.public.sn\/#\/schema\/person\/image\/","url":"https:\/\/secure.gravatar.com\/avatar\/d6c030db45db2883c075085c5d6c6258654a801a93766b49af0b82d4f454e2a5?s=96&d=mm&r=g","contentUrl":"https:\/\/secure.gravatar.com\/avatar\/d6c030db45db2883c075085c5d6c6258654a801a93766b49af0b82d4f454e2a5?s=96&d=mm&r=g","caption":"LA REDACTION"},"sameAs":["http:\/\/www.public.sn"],"url":"https:\/\/www.public.sn\/index.php\/author\/admin7324\/"}]}},"jetpack_featured_media_url":"https:\/\/www.public.sn\/wp-content\/uploads\/2022\/09\/05EA3EC6-3121-4AB2-AB54-A31AE4E9B5E4.png","jetpack_sharing_enabled":true,"_links":{"self":[{"href":"https:\/\/www.public.sn\/index.php\/wp-json\/wp\/v2\/posts\/2216","targetHints":{"allow":["GET"]}}],"collection":[{"href":"https:\/\/www.public.sn\/index.php\/wp-json\/wp\/v2\/posts"}],"about":[{"href":"https:\/\/www.public.sn\/index.php\/wp-json\/wp\/v2\/types\/post"}],"author":[{"embeddable":true,"href":"https:\/\/www.public.sn\/index.php\/wp-json\/wp\/v2\/users\/1"}],"replies":[{"embeddable":true,"href":"https:\/\/www.public.sn\/index.php\/wp-json\/wp\/v2\/comments?post=2216"}],"version-history":[{"count":2,"href":"https:\/\/www.public.sn\/index.php\/wp-json\/wp\/v2\/posts\/2216\/revisions"}],"predecessor-version":[{"id":2249,"href":"https:\/\/www.public.sn\/index.php\/wp-json\/wp\/v2\/posts\/2216\/revisions\/2249"}],"wp:featuredmedia":[{"embeddable":true,"href":"https:\/\/www.public.sn\/index.php\/wp-json\/wp\/v2\/media\/2217"}],"wp:attachment":[{"href":"https:\/\/www.public.sn\/index.php\/wp-json\/wp\/v2\/media?parent=2216"}],"wp:term":[{"taxonomy":"category","embeddable":true,"href":"https:\/\/www.public.sn\/index.php\/wp-json\/wp\/v2\/categories?post=2216"},{"taxonomy":"post_tag","embeddable":true,"href":"https:\/\/www.public.sn\/index.php\/wp-json\/wp\/v2\/tags?post=2216"}],"curies":[{"name":"wp","href":"https:\/\/api.w.org\/{rel}","templated":true}]}}