{"id":2219,"date":"2022-09-19T20:26:14","date_gmt":"2022-09-19T20:26:14","guid":{"rendered":"https:\/\/www.public.sn\/?p=2219"},"modified":"2022-09-19T20:26:47","modified_gmt":"2022-09-19T20:26:47","slug":"assemblee-nationale-les-deputes-de-yewwi-wallu-liste-une-serie-de-propositions-de-lois","status":"publish","type":"post","link":"https:\/\/www.public.sn\/index.php\/2022\/09\/19\/assemblee-nationale-les-deputes-de-yewwi-wallu-liste-une-serie-de-propositions-de-lois\/","title":{"rendered":"Assembl\u00e9e nationale: Les d\u00e9put\u00e9s de Yewwi-Wallu listent une s\u00e9rie de propositions de lois."},"content":{"rendered":"\n<p>Les propositions de lois vont essentiellement porter sur le code \u00e9lectoral, la criminalisation de l\u2019homosexualit\u00e9, la protection des ressources naturelles et la promotion du secteur priv\u00e9, a indiqu\u00e9 le d\u00e9put\u00e9 lors d\u2019une conf\u00e9rence de presse organis\u00e9e huit jours apr\u00e8s l\u2019installation mouvement\u00e9e de la nouvelle Assembl\u00e9e nationale issue des l\u00e9gislatives du 31 juillet dernier.&nbsp;<\/p><div class=\"publi-paragraphe1\" style=\"margin-top: 10px;margin-bottom: 10px;margin-left: auto;margin-right: auto;text-align: center;\" id=\"publi-4061136030\"><div class=\"publi-adlabel\">Publicit\u00e9<\/div><script async src=\"\/\/pagead2.googlesyndication.com\/pagead\/js\/adsbygoogle.js?client=ca-pub-4089586018074219\" crossorigin=\"anonymous\"><\/script><ins class=\"adsbygoogle\" style=\"display:block;\" data-ad-client=\"ca-pub-4089586018074219\" \ndata-ad-slot=\"2087940154\" \ndata-ad-format=\"auto\"><\/ins>\n<script> \n(adsbygoogle = window.adsbygoogle || []).push({}); \n<\/script>\n<\/div>\n\n\n\n<p>\u2019\u2019Nous sommes en train de travailler sur des projets de lois qui vont concerner en premier le code \u00e9lectoral. Tout le monde sait qu\u2019on n\u2019a pas un bon code, car apr\u00e8s chaque \u00e9lection, on est oblig\u00e9 de passer des jours \u00e0 contester et \u00e0 aller au Conseil constitutionnel pour arbitrage\u2019\u2019, a expliqu\u00e9 Fall.<\/p>\n\n\n\n<p>Ce code \u00e9lectoral \u2019\u2019sera consensuel pour qu\u2019il n\u2019y ait plus de contestations apr\u00e8s des \u00e9lections\u2019\u2019, a-t-il d\u00e9clar\u00e9 lors de cette rencontre avec des journalistes en pr\u00e9sence du pr\u00e9sident du groupe parlementaire, Birame Souleye Diop et d\u2019autres d\u00e9put\u00e9s de l\u2019opposition.&nbsp;<\/p>\n\n\n\n<p>Abass Fall a, dans la foul\u00e9e, annonc\u00e9 le d\u00e9p\u00f4t d\u2019une proposition de loi criminalisant l\u2019homosexualit\u00e9. \u2019\u2019Il est vrai que l\u2019homosexualit\u00e9 n\u2019est pas l\u00e9galis\u00e9e, mais nous voulons aller au-del\u00e0, car cela ne fait pas partie de nos valeurs, encore moins de notre \u00e9ducation et qu\u2019aucune religion ne l\u2019accepte\u2019\u2019, a fait valoir le d\u00e9put\u00e9 de Pastef, formation politique dirig\u00e9e par Ousmane Sonko.<\/p>\n\n\n\n<p>Abass a annonc\u00e9 que le groupe Yewwi allait \u00e9galement faire des propositions de lois relatives \u00e0 la protection des ressources naturelles et la promotion du secteur priv\u00e9 national. Il a soutenu que les entreprises locales devaient \u00eatre fortes afin de devenir des championnes de l\u2019\u00e9conomie dans tous les secteurs. Les d\u00e9put\u00e9s de Yewwi veulent \u00e9galement une modification de la loi sur le terrorisme. Abass Fall a annonc\u00e9 des commissions d\u2019enqu\u00eate sur la gestion de certaines soci\u00e9t\u00e9s comme le Port autonome de Dakar et La Poste.<\/p>\n\n\n\n<p>Lors de la conf\u00e9rence de presse, les d\u00e9put\u00e9s de Yewwi sont largement revenus sur les incidents qui avaient \u00e9maill\u00e9 la s\u00e9ance d\u2019installation de la 14e l\u00e9gislature. Ils ont d\u00e9plor\u00e9 la violation du r\u00e8glement int\u00e9rieur de l\u2019Assembl\u00e9e nationale. Les parlementaires doivent se retrouver, mardi, pour la constitution des commissions, une semaine apr\u00e8s l\u2019installation de l\u2019Assembl\u00e9e nationale<\/p>\n<div class=\"publi-apres-le-contenu\" style=\"margin-top: 10px;margin-bottom: 10px;margin-left: auto;margin-right: auto;text-align: center;\" id=\"publi-411201197\"><div class=\"publi-adlabel\">Publicit\u00e9<\/div><script async src=\"\/\/pagead2.googlesyndication.com\/pagead\/js\/adsbygoogle.js?client=ca-pub-4089586018074219\" crossorigin=\"anonymous\"><\/script><ins class=\"adsbygoogle\" style=\"display:block;\" data-ad-client=\"ca-pub-4089586018074219\" \ndata-ad-slot=\"2087940154\" \ndata-ad-format=\"auto\"><\/ins>\n<script> \n(adsbygoogle = window.adsbygoogle || []).push({}); \n<\/script>\n<\/div>","protected":false},"excerpt":{"rendered":"<p>Les propositions de lois vont essentiellement porter sur le code \u00e9lectoral, la criminalisation de l\u2019homosexualit\u00e9, la protection des ressources naturelles et la promotion du secteur priv\u00e9, a indiqu\u00e9 le d\u00e9put\u00e9 lors d\u2019une conf\u00e9rence de presse organis\u00e9e huit jours apr\u00e8s l\u2019installation mouvement\u00e9e de la nouvelle Assembl\u00e9e nationale issue des l\u00e9gislatives du 31 juillet dernier.&nbsp; \u2019\u2019Nous sommes en train de travailler sur des projets de lois qui vont concerner en premier le code \u00e9lectoral. Tout le monde sait qu\u2019on n\u2019a pas un bon code, car apr\u00e8s chaque \u00e9lection, on est oblig\u00e9 de passer des jours \u00e0 contester et \u00e0 aller au Conseil constitutionnel pour arbitrage\u2019\u2019, a expliqu\u00e9 Fall. Ce code \u00e9lectoral \u2019\u2019sera consensuel pour qu\u2019il n\u2019y ait plus de contestations apr\u00e8s des \u00e9lections\u2019\u2019, a-t-il d\u00e9clar\u00e9 lors de cette rencontre avec des journalistes en pr\u00e9sence du pr\u00e9sident du groupe parlementaire, Birame Souleye Diop et d\u2019autres d\u00e9put\u00e9s de l\u2019opposition.&nbsp; Abass Fall a, dans la foul\u00e9e, annonc\u00e9 le d\u00e9p\u00f4t d\u2019une proposition de loi criminalisant l\u2019homosexualit\u00e9. \u2019\u2019Il est vrai que l\u2019homosexualit\u00e9 n\u2019est pas l\u00e9galis\u00e9e, mais nous voulons aller au-del\u00e0, car cela ne fait pas partie de nos valeurs, encore moins de notre \u00e9ducation et qu\u2019aucune religion ne l\u2019accepte\u2019\u2019, a fait valoir le d\u00e9put\u00e9 de Pastef, formation politique dirig\u00e9e par Ousmane Sonko. Abass a annonc\u00e9 que le groupe Yewwi allait \u00e9galement faire des propositions de lois relatives \u00e0 la protection des ressources naturelles et la promotion du secteur priv\u00e9 national. Il a soutenu que les entreprises locales devaient \u00eatre fortes afin de devenir des championnes de l\u2019\u00e9conomie dans tous les secteurs. Les d\u00e9put\u00e9s de Yewwi veulent \u00e9galement une modification de la loi sur le terrorisme. Abass Fall a annonc\u00e9 des commissions d\u2019enqu\u00eate sur la gestion de certaines soci\u00e9t\u00e9s comme le Port autonome de Dakar et La Poste. Lors de la conf\u00e9rence de presse, les d\u00e9put\u00e9s de Yewwi sont largement revenus sur les incidents qui avaient \u00e9maill\u00e9 la s\u00e9ance d\u2019installation de la 14e l\u00e9gislature. Ils ont d\u00e9plor\u00e9 la violation du r\u00e8glement int\u00e9rieur de l\u2019Assembl\u00e9e nationale. Les parlementaires doivent se retrouver, mardi, pour la constitution des commissions, une semaine apr\u00e8s l\u2019installation de l\u2019Assembl\u00e9e nationale<\/p>\n","protected":false},"author":1,"featured_media":2220,"comment_status":"open","ping_status":"open","sticky":false,"template":"","format":"standard","meta":{"_jetpack_memberships_contains_paid_content":false,"footnotes":""},"categories":[375,3],"tags":[744,12,479,11,17,20],"class_list":["post-2219","post","type-post","status-publish","format-standard","has-post-thumbnail","hentry","category-actualites","category-politique","tag-amadou-ba","tag-assemblee-nationale","tag-benno","tag-macky-sall","tag-opposition","tag-presidentielle-2024","entry","has-media","owp-thumbs-layout-horizontal","owp-btn-normal","owp-tabs-layout-horizontal","has-no-thumbnails","has-product-nav"],"yoast_head":"<!-- This site is optimized with the Yoast SEO plugin v25.5 - https:\/\/yoast.com\/wordpress\/plugins\/seo\/ -->\n<title>Assembl\u00e9e nationale: Les d\u00e9put\u00e9s de Yewwi-Wallu listent une s\u00e9rie de propositions de lois. - LE PUBLIC<\/title>\n<meta name=\"robots\" content=\"index, follow, max-snippet:-1, max-image-preview:large, max-video-preview:-1\" \/>\n<link rel=\"canonical\" href=\"https:\/\/www.public.sn\/index.php\/2022\/09\/19\/assemblee-nationale-les-deputes-de-yewwi-wallu-liste-une-serie-de-propositions-de-lois\/\" \/>\n<meta property=\"og:locale\" content=\"fr_FR\" \/>\n<meta property=\"og:type\" content=\"article\" \/>\n<meta property=\"og:title\" content=\"Assembl\u00e9e nationale: Les d\u00e9put\u00e9s de Yewwi-Wallu listent une s\u00e9rie de propositions de lois. - LE PUBLIC\" \/>\n<meta property=\"og:description\" content=\"Les propositions de lois vont essentiellement porter sur le code \u00e9lectoral, la criminalisation de l\u2019homosexualit\u00e9, la protection des ressources naturelles et la promotion du secteur priv\u00e9, a indiqu\u00e9 le d\u00e9put\u00e9 lors d\u2019une conf\u00e9rence de presse organis\u00e9e huit jours apr\u00e8s l\u2019installation mouvement\u00e9e de la nouvelle Assembl\u00e9e nationale issue des l\u00e9gislatives du 31 juillet dernier.&nbsp; \u2019\u2019Nous sommes en train de travailler sur des projets de lois qui vont concerner en premier le code \u00e9lectoral. Tout le monde sait qu\u2019on n\u2019a pas un bon code, car apr\u00e8s chaque \u00e9lection, on est oblig\u00e9 de passer des jours \u00e0 contester et \u00e0 aller au Conseil constitutionnel pour arbitrage\u2019\u2019, a expliqu\u00e9 Fall. Ce code \u00e9lectoral \u2019\u2019sera consensuel pour qu\u2019il n\u2019y ait plus de contestations apr\u00e8s des \u00e9lections\u2019\u2019, a-t-il d\u00e9clar\u00e9 lors de cette rencontre avec des journalistes en pr\u00e9sence du pr\u00e9sident du groupe parlementaire, Birame Souleye Diop et d\u2019autres d\u00e9put\u00e9s de l\u2019opposition.&nbsp; Abass Fall a, dans la foul\u00e9e, annonc\u00e9 le d\u00e9p\u00f4t d\u2019une proposition de loi criminalisant l\u2019homosexualit\u00e9. \u2019\u2019Il est vrai que l\u2019homosexualit\u00e9 n\u2019est pas l\u00e9galis\u00e9e, mais nous voulons aller au-del\u00e0, car cela ne fait pas partie de nos valeurs, encore moins de notre \u00e9ducation et qu\u2019aucune religion ne l\u2019accepte\u2019\u2019, a fait valoir le d\u00e9put\u00e9 de Pastef, formation politique dirig\u00e9e par Ousmane Sonko. Abass a annonc\u00e9 que le groupe Yewwi allait \u00e9galement faire des propositions de lois relatives \u00e0 la protection des ressources naturelles et la promotion du secteur priv\u00e9 national. Il a soutenu que les entreprises locales devaient \u00eatre fortes afin de devenir des championnes de l\u2019\u00e9conomie dans tous les secteurs. Les d\u00e9put\u00e9s de Yewwi veulent \u00e9galement une modification de la loi sur le terrorisme. Abass Fall a annonc\u00e9 des commissions d\u2019enqu\u00eate sur la gestion de certaines soci\u00e9t\u00e9s comme le Port autonome de Dakar et La Poste. Lors de la conf\u00e9rence de presse, les d\u00e9put\u00e9s de Yewwi sont largement revenus sur les incidents qui avaient \u00e9maill\u00e9 la s\u00e9ance d\u2019installation de la 14e l\u00e9gislature. Ils ont d\u00e9plor\u00e9 la violation du r\u00e8glement int\u00e9rieur de l\u2019Assembl\u00e9e nationale. Les parlementaires doivent se retrouver, mardi, pour la constitution des commissions, une semaine apr\u00e8s l\u2019installation de l\u2019Assembl\u00e9e nationale\" \/>\n<meta property=\"og:url\" content=\"https:\/\/www.public.sn\/index.php\/2022\/09\/19\/assemblee-nationale-les-deputes-de-yewwi-wallu-liste-une-serie-de-propositions-de-lois\/\" \/>\n<meta property=\"og:site_name\" content=\"LE PUBLIC\" \/>\n<meta property=\"article:published_time\" content=\"2022-09-19T20:26:14+00:00\" \/>\n<meta property=\"article:modified_time\" content=\"2022-09-19T20:26:47+00:00\" \/>\n<meta property=\"og:image\" content=\"https:\/\/www.public.sn\/wp-content\/uploads\/2022\/09\/8FC8F9D6-0470-446F-A2FE-84D5FD8430AD.jpeg\" \/>\n\t<meta property=\"og:image:width\" content=\"800\" \/>\n\t<meta property=\"og:image:height\" content=\"599\" \/>\n\t<meta property=\"og:image:type\" content=\"image\/jpeg\" \/>\n<meta name=\"author\" content=\"LA REDACTION\" \/>\n<meta name=\"twitter:card\" content=\"summary_large_image\" \/>\n<meta name=\"twitter:label1\" content=\"\u00c9crit par\" \/>\n\t<meta name=\"twitter:data1\" content=\"LA REDACTION\" \/>\n\t<meta name=\"twitter:label2\" content=\"Dur\u00e9e de lecture estim\u00e9e\" \/>\n\t<meta name=\"twitter:data2\" content=\"2 minutes\" \/>\n<script type=\"application\/ld+json\" class=\"yoast-schema-graph\">{\"@context\":\"https:\/\/schema.org\",\"@graph\":[{\"@type\":\"Article\",\"@id\":\"https:\/\/www.public.sn\/index.php\/2022\/09\/19\/assemblee-nationale-les-deputes-de-yewwi-wallu-liste-une-serie-de-propositions-de-lois\/#article\",\"isPartOf\":{\"@id\":\"https:\/\/www.public.sn\/index.php\/2022\/09\/19\/assemblee-nationale-les-deputes-de-yewwi-wallu-liste-une-serie-de-propositions-de-lois\/\"},\"author\":{\"name\":\"LA REDACTION\",\"@id\":\"https:\/\/www.public.sn\/#\/schema\/person\/e3f4a11b037d4203902db148f9bc8d5a\"},\"headline\":\"Assembl\u00e9e nationale: Les d\u00e9put\u00e9s de Yewwi-Wallu listent une s\u00e9rie de propositions de lois.\",\"datePublished\":\"2022-09-19T20:26:14+00:00\",\"dateModified\":\"2022-09-19T20:26:47+00:00\",\"mainEntityOfPage\":{\"@id\":\"https:\/\/www.public.sn\/index.php\/2022\/09\/19\/assemblee-nationale-les-deputes-de-yewwi-wallu-liste-une-serie-de-propositions-de-lois\/\"},\"wordCount\":418,\"commentCount\":0,\"publisher\":{\"@id\":\"https:\/\/www.public.sn\/#organization\"},\"image\":{\"@id\":\"https:\/\/www.public.sn\/index.php\/2022\/09\/19\/assemblee-nationale-les-deputes-de-yewwi-wallu-liste-une-serie-de-propositions-de-lois\/#primaryimage\"},\"thumbnailUrl\":\"https:\/\/www.public.sn\/wp-content\/uploads\/2022\/09\/8FC8F9D6-0470-446F-A2FE-84D5FD8430AD.jpeg\",\"keywords\":[\"Amadou Ba\",\"Assembl\u00e9e Nationale\",\"Benno\",\"Macky Sall\",\"Opposition\",\"Pr\u00e9sidentielle 2024\"],\"articleSection\":[\"ACTUALIT\u00c9S\",\"POLITIQUE\"],\"inLanguage\":\"fr-FR\",\"potentialAction\":[{\"@type\":\"CommentAction\",\"name\":\"Comment\",\"target\":[\"https:\/\/www.public.sn\/index.php\/2022\/09\/19\/assemblee-nationale-les-deputes-de-yewwi-wallu-liste-une-serie-de-propositions-de-lois\/#respond\"]}]},{\"@type\":\"WebPage\",\"@id\":\"https:\/\/www.public.sn\/index.php\/2022\/09\/19\/assemblee-nationale-les-deputes-de-yewwi-wallu-liste-une-serie-de-propositions-de-lois\/\",\"url\":\"https:\/\/www.public.sn\/index.php\/2022\/09\/19\/assemblee-nationale-les-deputes-de-yewwi-wallu-liste-une-serie-de-propositions-de-lois\/\",\"name\":\"Assembl\u00e9e nationale: Les d\u00e9put\u00e9s de Yewwi-Wallu listent une s\u00e9rie de propositions de lois. - LE PUBLIC\",\"isPartOf\":{\"@id\":\"https:\/\/www.public.sn\/#website\"},\"primaryImageOfPage\":{\"@id\":\"https:\/\/www.public.sn\/index.php\/2022\/09\/19\/assemblee-nationale-les-deputes-de-yewwi-wallu-liste-une-serie-de-propositions-de-lois\/#primaryimage\"},\"image\":{\"@id\":\"https:\/\/www.public.sn\/index.php\/2022\/09\/19\/assemblee-nationale-les-deputes-de-yewwi-wallu-liste-une-serie-de-propositions-de-lois\/#primaryimage\"},\"thumbnailUrl\":\"https:\/\/www.public.sn\/wp-content\/uploads\/2022\/09\/8FC8F9D6-0470-446F-A2FE-84D5FD8430AD.jpeg\",\"datePublished\":\"2022-09-19T20:26:14+00:00\",\"dateModified\":\"2022-09-19T20:26:47+00:00\",\"breadcrumb\":{\"@id\":\"https:\/\/www.public.sn\/index.php\/2022\/09\/19\/assemblee-nationale-les-deputes-de-yewwi-wallu-liste-une-serie-de-propositions-de-lois\/#breadcrumb\"},\"inLanguage\":\"fr-FR\",\"potentialAction\":[{\"@type\":\"ReadAction\",\"target\":[\"https:\/\/www.public.sn\/index.php\/2022\/09\/19\/assemblee-nationale-les-deputes-de-yewwi-wallu-liste-une-serie-de-propositions-de-lois\/\"]}]},{\"@type\":\"ImageObject\",\"inLanguage\":\"fr-FR\",\"@id\":\"https:\/\/www.public.sn\/index.php\/2022\/09\/19\/assemblee-nationale-les-deputes-de-yewwi-wallu-liste-une-serie-de-propositions-de-lois\/#primaryimage\",\"url\":\"https:\/\/www.public.sn\/wp-content\/uploads\/2022\/09\/8FC8F9D6-0470-446F-A2FE-84D5FD8430AD.jpeg\",\"contentUrl\":\"https:\/\/www.public.sn\/wp-content\/uploads\/2022\/09\/8FC8F9D6-0470-446F-A2FE-84D5FD8430AD.jpeg\",\"width\":800,\"height\":599},{\"@type\":\"BreadcrumbList\",\"@id\":\"https:\/\/www.public.sn\/index.php\/2022\/09\/19\/assemblee-nationale-les-deputes-de-yewwi-wallu-liste-une-serie-de-propositions-de-lois\/#breadcrumb\",\"itemListElement\":[{\"@type\":\"ListItem\",\"position\":1,\"name\":\"Accueil\",\"item\":\"https:\/\/www.public.sn\/\"},{\"@type\":\"ListItem\",\"position\":2,\"name\":\"Assembl\u00e9e nationale: Les d\u00e9put\u00e9s de Yewwi-Wallu listent une s\u00e9rie de propositions de lois.\"}]},{\"@type\":\"WebSite\",\"@id\":\"https:\/\/www.public.sn\/#website\",\"url\":\"https:\/\/www.public.sn\/\",\"name\":\"LE PUBLIC\",\"description\":\"\",\"publisher\":{\"@id\":\"https:\/\/www.public.sn\/#organization\"},\"potentialAction\":[{\"@type\":\"SearchAction\",\"target\":{\"@type\":\"EntryPoint\",\"urlTemplate\":\"https:\/\/www.public.sn\/?s={search_term_string}\"},\"query-input\":{\"@type\":\"PropertyValueSpecification\",\"valueRequired\":true,\"valueName\":\"search_term_string\"}}],\"inLanguage\":\"fr-FR\"},{\"@type\":\"Organization\",\"@id\":\"https:\/\/www.public.sn\/#organization\",\"name\":\"LE PUBLIC\",\"url\":\"https:\/\/www.public.sn\/\",\"logo\":{\"@type\":\"ImageObject\",\"inLanguage\":\"fr-FR\",\"@id\":\"https:\/\/www.public.sn\/#\/schema\/logo\/image\/\",\"url\":\"https:\/\/www.public.sn\/wp-content\/uploads\/2024\/05\/cropped-LOGO-PUBLIC.SN_.png\",\"contentUrl\":\"https:\/\/www.public.sn\/wp-content\/uploads\/2024\/05\/cropped-LOGO-PUBLIC.SN_.png\",\"width\":682,\"height\":192,\"caption\":\"LE PUBLIC\"},\"image\":{\"@id\":\"https:\/\/www.public.sn\/#\/schema\/logo\/image\/\"}},{\"@type\":\"Person\",\"@id\":\"https:\/\/www.public.sn\/#\/schema\/person\/e3f4a11b037d4203902db148f9bc8d5a\",\"name\":\"LA REDACTION\",\"image\":{\"@type\":\"ImageObject\",\"inLanguage\":\"fr-FR\",\"@id\":\"https:\/\/www.public.sn\/#\/schema\/person\/image\/\",\"url\":\"https:\/\/secure.gravatar.com\/avatar\/d6c030db45db2883c075085c5d6c6258654a801a93766b49af0b82d4f454e2a5?s=96&d=mm&r=g\",\"contentUrl\":\"https:\/\/secure.gravatar.com\/avatar\/d6c030db45db2883c075085c5d6c6258654a801a93766b49af0b82d4f454e2a5?s=96&d=mm&r=g\",\"caption\":\"LA REDACTION\"},\"sameAs\":[\"http:\/\/www.public.sn\"],\"url\":\"https:\/\/www.public.sn\/index.php\/author\/admin7324\/\"}]}<\/script>\n<!-- \/ Yoast SEO plugin. -->","yoast_head_json":{"title":"Assembl\u00e9e nationale: Les d\u00e9put\u00e9s de Yewwi-Wallu listent une s\u00e9rie de propositions de lois. - LE PUBLIC","robots":{"index":"index","follow":"follow","max-snippet":"max-snippet:-1","max-image-preview":"max-image-preview:large","max-video-preview":"max-video-preview:-1"},"canonical":"https:\/\/www.public.sn\/index.php\/2022\/09\/19\/assemblee-nationale-les-deputes-de-yewwi-wallu-liste-une-serie-de-propositions-de-lois\/","og_locale":"fr_FR","og_type":"article","og_title":"Assembl\u00e9e nationale: Les d\u00e9put\u00e9s de Yewwi-Wallu listent une s\u00e9rie de propositions de lois. - LE PUBLIC","og_description":"Les propositions de lois vont essentiellement porter sur le code \u00e9lectoral, la criminalisation de l\u2019homosexualit\u00e9, la protection des ressources naturelles et la promotion du secteur priv\u00e9, a indiqu\u00e9 le d\u00e9put\u00e9 lors d\u2019une conf\u00e9rence de presse organis\u00e9e huit jours apr\u00e8s l\u2019installation mouvement\u00e9e de la nouvelle Assembl\u00e9e nationale issue des l\u00e9gislatives du 31 juillet dernier.&nbsp; \u2019\u2019Nous sommes en train de travailler sur des projets de lois qui vont concerner en premier le code \u00e9lectoral. Tout le monde sait qu\u2019on n\u2019a pas un bon code, car apr\u00e8s chaque \u00e9lection, on est oblig\u00e9 de passer des jours \u00e0 contester et \u00e0 aller au Conseil constitutionnel pour arbitrage\u2019\u2019, a expliqu\u00e9 Fall. Ce code \u00e9lectoral \u2019\u2019sera consensuel pour qu\u2019il n\u2019y ait plus de contestations apr\u00e8s des \u00e9lections\u2019\u2019, a-t-il d\u00e9clar\u00e9 lors de cette rencontre avec des journalistes en pr\u00e9sence du pr\u00e9sident du groupe parlementaire, Birame Souleye Diop et d\u2019autres d\u00e9put\u00e9s de l\u2019opposition.&nbsp; Abass Fall a, dans la foul\u00e9e, annonc\u00e9 le d\u00e9p\u00f4t d\u2019une proposition de loi criminalisant l\u2019homosexualit\u00e9. \u2019\u2019Il est vrai que l\u2019homosexualit\u00e9 n\u2019est pas l\u00e9galis\u00e9e, mais nous voulons aller au-del\u00e0, car cela ne fait pas partie de nos valeurs, encore moins de notre \u00e9ducation et qu\u2019aucune religion ne l\u2019accepte\u2019\u2019, a fait valoir le d\u00e9put\u00e9 de Pastef, formation politique dirig\u00e9e par Ousmane Sonko. Abass a annonc\u00e9 que le groupe Yewwi allait \u00e9galement faire des propositions de lois relatives \u00e0 la protection des ressources naturelles et la promotion du secteur priv\u00e9 national. Il a soutenu que les entreprises locales devaient \u00eatre fortes afin de devenir des championnes de l\u2019\u00e9conomie dans tous les secteurs. Les d\u00e9put\u00e9s de Yewwi veulent \u00e9galement une modification de la loi sur le terrorisme. Abass Fall a annonc\u00e9 des commissions d\u2019enqu\u00eate sur la gestion de certaines soci\u00e9t\u00e9s comme le Port autonome de Dakar et La Poste. Lors de la conf\u00e9rence de presse, les d\u00e9put\u00e9s de Yewwi sont largement revenus sur les incidents qui avaient \u00e9maill\u00e9 la s\u00e9ance d\u2019installation de la 14e l\u00e9gislature. Ils ont d\u00e9plor\u00e9 la violation du r\u00e8glement int\u00e9rieur de l\u2019Assembl\u00e9e nationale. Les parlementaires doivent se retrouver, mardi, pour la constitution des commissions, une semaine apr\u00e8s l\u2019installation de l\u2019Assembl\u00e9e nationale","og_url":"https:\/\/www.public.sn\/index.php\/2022\/09\/19\/assemblee-nationale-les-deputes-de-yewwi-wallu-liste-une-serie-de-propositions-de-lois\/","og_site_name":"LE PUBLIC","article_published_time":"2022-09-19T20:26:14+00:00","article_modified_time":"2022-09-19T20:26:47+00:00","og_image":[{"width":800,"height":599,"url":"https:\/\/www.public.sn\/wp-content\/uploads\/2022\/09\/8FC8F9D6-0470-446F-A2FE-84D5FD8430AD.jpeg","type":"image\/jpeg"}],"author":"LA REDACTION","twitter_card":"summary_large_image","twitter_misc":{"\u00c9crit par":"LA REDACTION","Dur\u00e9e de lecture estim\u00e9e":"2 minutes"},"schema":{"@context":"https:\/\/schema.org","@graph":[{"@type":"Article","@id":"https:\/\/www.public.sn\/index.php\/2022\/09\/19\/assemblee-nationale-les-deputes-de-yewwi-wallu-liste-une-serie-de-propositions-de-lois\/#article","isPartOf":{"@id":"https:\/\/www.public.sn\/index.php\/2022\/09\/19\/assemblee-nationale-les-deputes-de-yewwi-wallu-liste-une-serie-de-propositions-de-lois\/"},"author":{"name":"LA REDACTION","@id":"https:\/\/www.public.sn\/#\/schema\/person\/e3f4a11b037d4203902db148f9bc8d5a"},"headline":"Assembl\u00e9e nationale: Les d\u00e9put\u00e9s de Yewwi-Wallu listent une s\u00e9rie de propositions de lois.","datePublished":"2022-09-19T20:26:14+00:00","dateModified":"2022-09-19T20:26:47+00:00","mainEntityOfPage":{"@id":"https:\/\/www.public.sn\/index.php\/2022\/09\/19\/assemblee-nationale-les-deputes-de-yewwi-wallu-liste-une-serie-de-propositions-de-lois\/"},"wordCount":418,"commentCount":0,"publisher":{"@id":"https:\/\/www.public.sn\/#organization"},"image":{"@id":"https:\/\/www.public.sn\/index.php\/2022\/09\/19\/assemblee-nationale-les-deputes-de-yewwi-wallu-liste-une-serie-de-propositions-de-lois\/#primaryimage"},"thumbnailUrl":"https:\/\/www.public.sn\/wp-content\/uploads\/2022\/09\/8FC8F9D6-0470-446F-A2FE-84D5FD8430AD.jpeg","keywords":["Amadou Ba","Assembl\u00e9e Nationale","Benno","Macky Sall","Opposition","Pr\u00e9sidentielle 2024"],"articleSection":["ACTUALIT\u00c9S","POLITIQUE"],"inLanguage":"fr-FR","potentialAction":[{"@type":"CommentAction","name":"Comment","target":["https:\/\/www.public.sn\/index.php\/2022\/09\/19\/assemblee-nationale-les-deputes-de-yewwi-wallu-liste-une-serie-de-propositions-de-lois\/#respond"]}]},{"@type":"WebPage","@id":"https:\/\/www.public.sn\/index.php\/2022\/09\/19\/assemblee-nationale-les-deputes-de-yewwi-wallu-liste-une-serie-de-propositions-de-lois\/","url":"https:\/\/www.public.sn\/index.php\/2022\/09\/19\/assemblee-nationale-les-deputes-de-yewwi-wallu-liste-une-serie-de-propositions-de-lois\/","name":"Assembl\u00e9e nationale: Les d\u00e9put\u00e9s de Yewwi-Wallu listent une s\u00e9rie de propositions de lois. - LE PUBLIC","isPartOf":{"@id":"https:\/\/www.public.sn\/#website"},"primaryImageOfPage":{"@id":"https:\/\/www.public.sn\/index.php\/2022\/09\/19\/assemblee-nationale-les-deputes-de-yewwi-wallu-liste-une-serie-de-propositions-de-lois\/#primaryimage"},"image":{"@id":"https:\/\/www.public.sn\/index.php\/2022\/09\/19\/assemblee-nationale-les-deputes-de-yewwi-wallu-liste-une-serie-de-propositions-de-lois\/#primaryimage"},"thumbnailUrl":"https:\/\/www.public.sn\/wp-content\/uploads\/2022\/09\/8FC8F9D6-0470-446F-A2FE-84D5FD8430AD.jpeg","datePublished":"2022-09-19T20:26:14+00:00","dateModified":"2022-09-19T20:26:47+00:00","breadcrumb":{"@id":"https:\/\/www.public.sn\/index.php\/2022\/09\/19\/assemblee-nationale-les-deputes-de-yewwi-wallu-liste-une-serie-de-propositions-de-lois\/#breadcrumb"},"inLanguage":"fr-FR","potentialAction":[{"@type":"ReadAction","target":["https:\/\/www.public.sn\/index.php\/2022\/09\/19\/assemblee-nationale-les-deputes-de-yewwi-wallu-liste-une-serie-de-propositions-de-lois\/"]}]},{"@type":"ImageObject","inLanguage":"fr-FR","@id":"https:\/\/www.public.sn\/index.php\/2022\/09\/19\/assemblee-nationale-les-deputes-de-yewwi-wallu-liste-une-serie-de-propositions-de-lois\/#primaryimage","url":"https:\/\/www.public.sn\/wp-content\/uploads\/2022\/09\/8FC8F9D6-0470-446F-A2FE-84D5FD8430AD.jpeg","contentUrl":"https:\/\/www.public.sn\/wp-content\/uploads\/2022\/09\/8FC8F9D6-0470-446F-A2FE-84D5FD8430AD.jpeg","width":800,"height":599},{"@type":"BreadcrumbList","@id":"https:\/\/www.public.sn\/index.php\/2022\/09\/19\/assemblee-nationale-les-deputes-de-yewwi-wallu-liste-une-serie-de-propositions-de-lois\/#breadcrumb","itemListElement":[{"@type":"ListItem","position":1,"name":"Accueil","item":"https:\/\/www.public.sn\/"},{"@type":"ListItem","position":2,"name":"Assembl\u00e9e nationale: Les d\u00e9put\u00e9s de Yewwi-Wallu listent une s\u00e9rie de propositions de lois."}]},{"@type":"WebSite","@id":"https:\/\/www.public.sn\/#website","url":"https:\/\/www.public.sn\/","name":"LE PUBLIC","description":"","publisher":{"@id":"https:\/\/www.public.sn\/#organization"},"potentialAction":[{"@type":"SearchAction","target":{"@type":"EntryPoint","urlTemplate":"https:\/\/www.public.sn\/?s={search_term_string}"},"query-input":{"@type":"PropertyValueSpecification","valueRequired":true,"valueName":"search_term_string"}}],"inLanguage":"fr-FR"},{"@type":"Organization","@id":"https:\/\/www.public.sn\/#organization","name":"LE PUBLIC","url":"https:\/\/www.public.sn\/","logo":{"@type":"ImageObject","inLanguage":"fr-FR","@id":"https:\/\/www.public.sn\/#\/schema\/logo\/image\/","url":"https:\/\/www.public.sn\/wp-content\/uploads\/2024\/05\/cropped-LOGO-PUBLIC.SN_.png","contentUrl":"https:\/\/www.public.sn\/wp-content\/uploads\/2024\/05\/cropped-LOGO-PUBLIC.SN_.png","width":682,"height":192,"caption":"LE PUBLIC"},"image":{"@id":"https:\/\/www.public.sn\/#\/schema\/logo\/image\/"}},{"@type":"Person","@id":"https:\/\/www.public.sn\/#\/schema\/person\/e3f4a11b037d4203902db148f9bc8d5a","name":"LA REDACTION","image":{"@type":"ImageObject","inLanguage":"fr-FR","@id":"https:\/\/www.public.sn\/#\/schema\/person\/image\/","url":"https:\/\/secure.gravatar.com\/avatar\/d6c030db45db2883c075085c5d6c6258654a801a93766b49af0b82d4f454e2a5?s=96&d=mm&r=g","contentUrl":"https:\/\/secure.gravatar.com\/avatar\/d6c030db45db2883c075085c5d6c6258654a801a93766b49af0b82d4f454e2a5?s=96&d=mm&r=g","caption":"LA REDACTION"},"sameAs":["http:\/\/www.public.sn"],"url":"https:\/\/www.public.sn\/index.php\/author\/admin7324\/"}]}},"jetpack_featured_media_url":"https:\/\/www.public.sn\/wp-content\/uploads\/2022\/09\/8FC8F9D6-0470-446F-A2FE-84D5FD8430AD.jpeg","jetpack_sharing_enabled":true,"_links":{"self":[{"href":"https:\/\/www.public.sn\/index.php\/wp-json\/wp\/v2\/posts\/2219","targetHints":{"allow":["GET"]}}],"collection":[{"href":"https:\/\/www.public.sn\/index.php\/wp-json\/wp\/v2\/posts"}],"about":[{"href":"https:\/\/www.public.sn\/index.php\/wp-json\/wp\/v2\/types\/post"}],"author":[{"embeddable":true,"href":"https:\/\/www.public.sn\/index.php\/wp-json\/wp\/v2\/users\/1"}],"replies":[{"embeddable":true,"href":"https:\/\/www.public.sn\/index.php\/wp-json\/wp\/v2\/comments?post=2219"}],"version-history":[{"count":2,"href":"https:\/\/www.public.sn\/index.php\/wp-json\/wp\/v2\/posts\/2219\/revisions"}],"predecessor-version":[{"id":2222,"href":"https:\/\/www.public.sn\/index.php\/wp-json\/wp\/v2\/posts\/2219\/revisions\/2222"}],"wp:featuredmedia":[{"embeddable":true,"href":"https:\/\/www.public.sn\/index.php\/wp-json\/wp\/v2\/media\/2220"}],"wp:attachment":[{"href":"https:\/\/www.public.sn\/index.php\/wp-json\/wp\/v2\/media?parent=2219"}],"wp:term":[{"taxonomy":"category","embeddable":true,"href":"https:\/\/www.public.sn\/index.php\/wp-json\/wp\/v2\/categories?post=2219"},{"taxonomy":"post_tag","embeddable":true,"href":"https:\/\/www.public.sn\/index.php\/wp-json\/wp\/v2\/tags?post=2219"}],"curies":[{"name":"wp","href":"https:\/\/api.w.org\/{rel}","templated":true}]}}