{"id":222,"date":"2022-08-19T22:18:17","date_gmt":"2022-08-19T20:18:17","guid":{"rendered":"https:\/\/www.public.sn\/?p=222"},"modified":"2022-08-20T00:11:17","modified_gmt":"2022-08-19T22:11:17","slug":"retrait-du-contingent-senegalais-au-mali-larmee-dement-et-precise","status":"publish","type":"post","link":"https:\/\/www.public.sn\/index.php\/2022\/08\/19\/retrait-du-contingent-senegalais-au-mali-larmee-dement-et-precise\/","title":{"rendered":"Retrait du Contingent S\u00e9n\u00e9galais au Mali : L&rsquo;arm\u00e9e d\u00e9ment et pr\u00e9cise."},"content":{"rendered":"\n<p class=\"has-medium-font-size\">L&rsquo;Arm\u00e9e S\u00e9n\u00e9galaise a publi\u00e9 un communiqu\u00e9 pour r\u00e9pondre aux all\u00e9gations du leader de Pastef tenues hier lors de sa d\u00e9claration de presse sur les militaires s\u00e9n\u00e9galais d\u00e9ploy\u00e9s au Mali.<\/p><div class=\"publi-paragraphe1\" style=\"margin-top: 10px;margin-bottom: 10px;margin-left: auto;margin-right: auto;text-align: center;\" id=\"publi-431448096\"><div class=\"publi-adlabel\">Publicit\u00e9<\/div><script async src=\"\/\/pagead2.googlesyndication.com\/pagead\/js\/adsbygoogle.js?client=ca-pub-4089586018074219\" crossorigin=\"anonymous\"><\/script><ins class=\"adsbygoogle\" style=\"display:block;\" data-ad-client=\"ca-pub-4089586018074219\" \ndata-ad-slot=\"2087940154\" \ndata-ad-format=\"auto\"><\/ins>\n<script> \n(adsbygoogle = window.adsbygoogle || []).push({}); \n<\/script>\n<\/div>\n\n\n\n<p>Ousmane Sonko avait publiquement d\u00e9clar\u00e9 que l&rsquo;\u00c9tat du S\u00e9n\u00e9gal avait des militaires au Mali uniquement \u00e0 la demande de la France et que d\u00e9sormais, le S\u00e9n\u00e9gal s&rsquo;est d\u00e9sengag\u00e9 de la situation actuelle au Mali apr\u00e8s un retrait des troupes fran\u00e7aises. Une information que la Direction de l&rsquo;Information et des Relations Publiques des Arm\u00e9es.<\/p>\n\n\n\n<p>Communiqu\u00e9&#8230;<\/p>\n\n\n\n<figure class=\"wp-block-gallery has-nested-images columns-default is-cropped wp-block-gallery-1 is-layout-flex wp-block-gallery-is-layout-flex\">\n<figure class=\"wp-block-image size-large\"><img fetchpriority=\"high\" decoding=\"async\" width=\"720\" height=\"991\" data-id=\"223\" src=\"https:\/\/www.public.sn\/wp-content\/uploads\/2022\/08\/247cc710-0fda-4abc-b399-8aec14c5fbd8.jpeg\" alt=\"\" class=\"wp-image-223\" srcset=\"https:\/\/www.public.sn\/wp-content\/uploads\/2022\/08\/247cc710-0fda-4abc-b399-8aec14c5fbd8.jpeg 720w, https:\/\/www.public.sn\/wp-content\/uploads\/2022\/08\/247cc710-0fda-4abc-b399-8aec14c5fbd8-600x826.jpeg 600w, https:\/\/www.public.sn\/wp-content\/uploads\/2022\/08\/247cc710-0fda-4abc-b399-8aec14c5fbd8-218x300.jpeg 218w\" sizes=\"(max-width: 720px) 100vw, 720px\" \/><\/figure>\n<\/figure>\n<div class=\"publi-apres-le-contenu\" style=\"margin-top: 10px;margin-bottom: 10px;margin-left: auto;margin-right: auto;text-align: center;\" id=\"publi-946503234\"><div class=\"publi-adlabel\">Publicit\u00e9<\/div><script async src=\"\/\/pagead2.googlesyndication.com\/pagead\/js\/adsbygoogle.js?client=ca-pub-4089586018074219\" crossorigin=\"anonymous\"><\/script><ins class=\"adsbygoogle\" style=\"display:block;\" data-ad-client=\"ca-pub-4089586018074219\" \ndata-ad-slot=\"2087940154\" \ndata-ad-format=\"auto\"><\/ins>\n<script> \n(adsbygoogle = window.adsbygoogle || []).push({}); \n<\/script>\n<\/div>","protected":false},"excerpt":{"rendered":"<p>L&rsquo;Arm\u00e9e S\u00e9n\u00e9galaise a publi\u00e9 un communiqu\u00e9 pour r\u00e9pondre aux all\u00e9gations du leader de Pastef tenues hier lors de sa d\u00e9claration de presse sur les militaires s\u00e9n\u00e9galais d\u00e9ploy\u00e9s au Mali. Ousmane Sonko avait publiquement d\u00e9clar\u00e9 que l&rsquo;\u00c9tat du S\u00e9n\u00e9gal avait des militaires au Mali uniquement \u00e0 la demande de la France et que d\u00e9sormais, le S\u00e9n\u00e9gal s&rsquo;est d\u00e9sengag\u00e9 de la situation actuelle au Mali apr\u00e8s un retrait des troupes fran\u00e7aises. Une information que la Direction de l&rsquo;Information et des Relations Publiques des Arm\u00e9es. Communiqu\u00e9&#8230;<\/p>\n","protected":false},"author":1,"featured_media":226,"comment_status":"open","ping_status":"open","sticky":false,"template":"","format":"standard","meta":{"_jetpack_memberships_contains_paid_content":false,"footnotes":""},"categories":[9,4],"tags":[89,90,88,11,45],"class_list":["post-222","post","type-post","status-publish","format-standard","has-post-thumbnail","hentry","category-communique","category-societe","tag-armees-senegalaises","tag-assimi-goita","tag-dirpa","tag-macky-sall","tag-mali","entry","has-media","owp-thumbs-layout-horizontal","owp-btn-normal","owp-tabs-layout-horizontal","has-no-thumbnails","has-product-nav"],"yoast_head":"<!-- This site is optimized with the Yoast SEO plugin v25.5 - https:\/\/yoast.com\/wordpress\/plugins\/seo\/ -->\n<title>Retrait du Contingent S\u00e9n\u00e9galais au Mali : L&#039;arm\u00e9e d\u00e9ment et pr\u00e9cise. - LE PUBLIC<\/title>\n<meta name=\"robots\" content=\"index, follow, max-snippet:-1, max-image-preview:large, max-video-preview:-1\" \/>\n<link rel=\"canonical\" href=\"https:\/\/www.public.sn\/index.php\/2022\/08\/19\/retrait-du-contingent-senegalais-au-mali-larmee-dement-et-precise\/\" \/>\n<meta property=\"og:locale\" content=\"fr_FR\" \/>\n<meta property=\"og:type\" content=\"article\" \/>\n<meta property=\"og:title\" content=\"Retrait du Contingent S\u00e9n\u00e9galais au Mali : L&#039;arm\u00e9e d\u00e9ment et pr\u00e9cise. - LE PUBLIC\" \/>\n<meta property=\"og:description\" content=\"L&rsquo;Arm\u00e9e S\u00e9n\u00e9galaise a publi\u00e9 un communiqu\u00e9 pour r\u00e9pondre aux all\u00e9gations du leader de Pastef tenues hier lors de sa d\u00e9claration de presse sur les militaires s\u00e9n\u00e9galais d\u00e9ploy\u00e9s au Mali. Ousmane Sonko avait publiquement d\u00e9clar\u00e9 que l&rsquo;\u00c9tat du S\u00e9n\u00e9gal avait des militaires au Mali uniquement \u00e0 la demande de la France et que d\u00e9sormais, le S\u00e9n\u00e9gal s&rsquo;est d\u00e9sengag\u00e9 de la situation actuelle au Mali apr\u00e8s un retrait des troupes fran\u00e7aises. Une information que la Direction de l&rsquo;Information et des Relations Publiques des Arm\u00e9es. Communiqu\u00e9&#8230;\" \/>\n<meta property=\"og:url\" content=\"https:\/\/www.public.sn\/index.php\/2022\/08\/19\/retrait-du-contingent-senegalais-au-mali-larmee-dement-et-precise\/\" \/>\n<meta property=\"og:site_name\" content=\"LE PUBLIC\" \/>\n<meta property=\"article:published_time\" content=\"2022-08-19T20:18:17+00:00\" \/>\n<meta property=\"article:modified_time\" content=\"2022-08-19T22:11:17+00:00\" \/>\n<meta property=\"og:image\" content=\"https:\/\/www.public.sn\/wp-content\/uploads\/2022\/08\/minusma_5.jpeg\" \/>\n\t<meta property=\"og:image:width\" content=\"600\" \/>\n\t<meta property=\"og:image:height\" content=\"337\" \/>\n\t<meta property=\"og:image:type\" content=\"image\/jpeg\" \/>\n<meta name=\"author\" content=\"LA REDACTION\" \/>\n<meta name=\"twitter:card\" content=\"summary_large_image\" \/>\n<meta name=\"twitter:label1\" content=\"\u00c9crit par\" \/>\n\t<meta name=\"twitter:data1\" content=\"LA REDACTION\" \/>\n\t<meta name=\"twitter:label2\" content=\"Dur\u00e9e de lecture estim\u00e9e\" \/>\n\t<meta name=\"twitter:data2\" content=\"1 minute\" \/>\n<script type=\"application\/ld+json\" class=\"yoast-schema-graph\">{\"@context\":\"https:\/\/schema.org\",\"@graph\":[{\"@type\":\"Article\",\"@id\":\"https:\/\/www.public.sn\/index.php\/2022\/08\/19\/retrait-du-contingent-senegalais-au-mali-larmee-dement-et-precise\/#article\",\"isPartOf\":{\"@id\":\"https:\/\/www.public.sn\/index.php\/2022\/08\/19\/retrait-du-contingent-senegalais-au-mali-larmee-dement-et-precise\/\"},\"author\":{\"name\":\"LA REDACTION\",\"@id\":\"https:\/\/www.public.sn\/#\/schema\/person\/e3f4a11b037d4203902db148f9bc8d5a\"},\"headline\":\"Retrait du Contingent S\u00e9n\u00e9galais au Mali : L&rsquo;arm\u00e9e d\u00e9ment et pr\u00e9cise.\",\"datePublished\":\"2022-08-19T20:18:17+00:00\",\"dateModified\":\"2022-08-19T22:11:17+00:00\",\"mainEntityOfPage\":{\"@id\":\"https:\/\/www.public.sn\/index.php\/2022\/08\/19\/retrait-du-contingent-senegalais-au-mali-larmee-dement-et-precise\/\"},\"wordCount\":118,\"commentCount\":0,\"publisher\":{\"@id\":\"https:\/\/www.public.sn\/#organization\"},\"image\":{\"@id\":\"https:\/\/www.public.sn\/index.php\/2022\/08\/19\/retrait-du-contingent-senegalais-au-mali-larmee-dement-et-precise\/#primaryimage\"},\"thumbnailUrl\":\"https:\/\/www.public.sn\/wp-content\/uploads\/2022\/08\/minusma_5.jpeg\",\"keywords\":[\"Arm\u00e9es S\u00e9n\u00e9galaises\",\"Assimi Goita\",\"DIRPA\",\"Macky Sall\",\"Mali\"],\"articleSection\":[\"COMMUNIQU\u00c9\",\"SOCIETE\"],\"inLanguage\":\"fr-FR\",\"potentialAction\":[{\"@type\":\"CommentAction\",\"name\":\"Comment\",\"target\":[\"https:\/\/www.public.sn\/index.php\/2022\/08\/19\/retrait-du-contingent-senegalais-au-mali-larmee-dement-et-precise\/#respond\"]}]},{\"@type\":\"WebPage\",\"@id\":\"https:\/\/www.public.sn\/index.php\/2022\/08\/19\/retrait-du-contingent-senegalais-au-mali-larmee-dement-et-precise\/\",\"url\":\"https:\/\/www.public.sn\/index.php\/2022\/08\/19\/retrait-du-contingent-senegalais-au-mali-larmee-dement-et-precise\/\",\"name\":\"Retrait du Contingent S\u00e9n\u00e9galais au Mali : L'arm\u00e9e d\u00e9ment et pr\u00e9cise. - LE PUBLIC\",\"isPartOf\":{\"@id\":\"https:\/\/www.public.sn\/#website\"},\"primaryImageOfPage\":{\"@id\":\"https:\/\/www.public.sn\/index.php\/2022\/08\/19\/retrait-du-contingent-senegalais-au-mali-larmee-dement-et-precise\/#primaryimage\"},\"image\":{\"@id\":\"https:\/\/www.public.sn\/index.php\/2022\/08\/19\/retrait-du-contingent-senegalais-au-mali-larmee-dement-et-precise\/#primaryimage\"},\"thumbnailUrl\":\"https:\/\/www.public.sn\/wp-content\/uploads\/2022\/08\/minusma_5.jpeg\",\"datePublished\":\"2022-08-19T20:18:17+00:00\",\"dateModified\":\"2022-08-19T22:11:17+00:00\",\"breadcrumb\":{\"@id\":\"https:\/\/www.public.sn\/index.php\/2022\/08\/19\/retrait-du-contingent-senegalais-au-mali-larmee-dement-et-precise\/#breadcrumb\"},\"inLanguage\":\"fr-FR\",\"potentialAction\":[{\"@type\":\"ReadAction\",\"target\":[\"https:\/\/www.public.sn\/index.php\/2022\/08\/19\/retrait-du-contingent-senegalais-au-mali-larmee-dement-et-precise\/\"]}]},{\"@type\":\"ImageObject\",\"inLanguage\":\"fr-FR\",\"@id\":\"https:\/\/www.public.sn\/index.php\/2022\/08\/19\/retrait-du-contingent-senegalais-au-mali-larmee-dement-et-precise\/#primaryimage\",\"url\":\"https:\/\/www.public.sn\/wp-content\/uploads\/2022\/08\/minusma_5.jpeg\",\"contentUrl\":\"https:\/\/www.public.sn\/wp-content\/uploads\/2022\/08\/minusma_5.jpeg\",\"width\":600,\"height\":337},{\"@type\":\"BreadcrumbList\",\"@id\":\"https:\/\/www.public.sn\/index.php\/2022\/08\/19\/retrait-du-contingent-senegalais-au-mali-larmee-dement-et-precise\/#breadcrumb\",\"itemListElement\":[{\"@type\":\"ListItem\",\"position\":1,\"name\":\"Accueil\",\"item\":\"https:\/\/www.public.sn\/\"},{\"@type\":\"ListItem\",\"position\":2,\"name\":\"Retrait du Contingent S\u00e9n\u00e9galais au Mali : L&rsquo;arm\u00e9e d\u00e9ment et pr\u00e9cise.\"}]},{\"@type\":\"WebSite\",\"@id\":\"https:\/\/www.public.sn\/#website\",\"url\":\"https:\/\/www.public.sn\/\",\"name\":\"LE PUBLIC\",\"description\":\"\",\"publisher\":{\"@id\":\"https:\/\/www.public.sn\/#organization\"},\"potentialAction\":[{\"@type\":\"SearchAction\",\"target\":{\"@type\":\"EntryPoint\",\"urlTemplate\":\"https:\/\/www.public.sn\/?s={search_term_string}\"},\"query-input\":{\"@type\":\"PropertyValueSpecification\",\"valueRequired\":true,\"valueName\":\"search_term_string\"}}],\"inLanguage\":\"fr-FR\"},{\"@type\":\"Organization\",\"@id\":\"https:\/\/www.public.sn\/#organization\",\"name\":\"LE PUBLIC\",\"url\":\"https:\/\/www.public.sn\/\",\"logo\":{\"@type\":\"ImageObject\",\"inLanguage\":\"fr-FR\",\"@id\":\"https:\/\/www.public.sn\/#\/schema\/logo\/image\/\",\"url\":\"https:\/\/www.public.sn\/wp-content\/uploads\/2024\/05\/cropped-LOGO-PUBLIC.SN_.png\",\"contentUrl\":\"https:\/\/www.public.sn\/wp-content\/uploads\/2024\/05\/cropped-LOGO-PUBLIC.SN_.png\",\"width\":682,\"height\":192,\"caption\":\"LE PUBLIC\"},\"image\":{\"@id\":\"https:\/\/www.public.sn\/#\/schema\/logo\/image\/\"}},{\"@type\":\"Person\",\"@id\":\"https:\/\/www.public.sn\/#\/schema\/person\/e3f4a11b037d4203902db148f9bc8d5a\",\"name\":\"LA REDACTION\",\"image\":{\"@type\":\"ImageObject\",\"inLanguage\":\"fr-FR\",\"@id\":\"https:\/\/www.public.sn\/#\/schema\/person\/image\/\",\"url\":\"https:\/\/secure.gravatar.com\/avatar\/d6c030db45db2883c075085c5d6c6258654a801a93766b49af0b82d4f454e2a5?s=96&d=mm&r=g\",\"contentUrl\":\"https:\/\/secure.gravatar.com\/avatar\/d6c030db45db2883c075085c5d6c6258654a801a93766b49af0b82d4f454e2a5?s=96&d=mm&r=g\",\"caption\":\"LA REDACTION\"},\"sameAs\":[\"http:\/\/www.public.sn\"],\"url\":\"https:\/\/www.public.sn\/index.php\/author\/admin7324\/\"}]}<\/script>\n<!-- \/ Yoast SEO plugin. -->","yoast_head_json":{"title":"Retrait du Contingent S\u00e9n\u00e9galais au Mali : L'arm\u00e9e d\u00e9ment et pr\u00e9cise. - LE PUBLIC","robots":{"index":"index","follow":"follow","max-snippet":"max-snippet:-1","max-image-preview":"max-image-preview:large","max-video-preview":"max-video-preview:-1"},"canonical":"https:\/\/www.public.sn\/index.php\/2022\/08\/19\/retrait-du-contingent-senegalais-au-mali-larmee-dement-et-precise\/","og_locale":"fr_FR","og_type":"article","og_title":"Retrait du Contingent S\u00e9n\u00e9galais au Mali : L'arm\u00e9e d\u00e9ment et pr\u00e9cise. - LE PUBLIC","og_description":"L&rsquo;Arm\u00e9e S\u00e9n\u00e9galaise a publi\u00e9 un communiqu\u00e9 pour r\u00e9pondre aux all\u00e9gations du leader de Pastef tenues hier lors de sa d\u00e9claration de presse sur les militaires s\u00e9n\u00e9galais d\u00e9ploy\u00e9s au Mali. Ousmane Sonko avait publiquement d\u00e9clar\u00e9 que l&rsquo;\u00c9tat du S\u00e9n\u00e9gal avait des militaires au Mali uniquement \u00e0 la demande de la France et que d\u00e9sormais, le S\u00e9n\u00e9gal s&rsquo;est d\u00e9sengag\u00e9 de la situation actuelle au Mali apr\u00e8s un retrait des troupes fran\u00e7aises. Une information que la Direction de l&rsquo;Information et des Relations Publiques des Arm\u00e9es. Communiqu\u00e9&#8230;","og_url":"https:\/\/www.public.sn\/index.php\/2022\/08\/19\/retrait-du-contingent-senegalais-au-mali-larmee-dement-et-precise\/","og_site_name":"LE PUBLIC","article_published_time":"2022-08-19T20:18:17+00:00","article_modified_time":"2022-08-19T22:11:17+00:00","og_image":[{"width":600,"height":337,"url":"https:\/\/www.public.sn\/wp-content\/uploads\/2022\/08\/minusma_5.jpeg","type":"image\/jpeg"}],"author":"LA REDACTION","twitter_card":"summary_large_image","twitter_misc":{"\u00c9crit par":"LA REDACTION","Dur\u00e9e de lecture estim\u00e9e":"1 minute"},"schema":{"@context":"https:\/\/schema.org","@graph":[{"@type":"Article","@id":"https:\/\/www.public.sn\/index.php\/2022\/08\/19\/retrait-du-contingent-senegalais-au-mali-larmee-dement-et-precise\/#article","isPartOf":{"@id":"https:\/\/www.public.sn\/index.php\/2022\/08\/19\/retrait-du-contingent-senegalais-au-mali-larmee-dement-et-precise\/"},"author":{"name":"LA REDACTION","@id":"https:\/\/www.public.sn\/#\/schema\/person\/e3f4a11b037d4203902db148f9bc8d5a"},"headline":"Retrait du Contingent S\u00e9n\u00e9galais au Mali : L&rsquo;arm\u00e9e d\u00e9ment et pr\u00e9cise.","datePublished":"2022-08-19T20:18:17+00:00","dateModified":"2022-08-19T22:11:17+00:00","mainEntityOfPage":{"@id":"https:\/\/www.public.sn\/index.php\/2022\/08\/19\/retrait-du-contingent-senegalais-au-mali-larmee-dement-et-precise\/"},"wordCount":118,"commentCount":0,"publisher":{"@id":"https:\/\/www.public.sn\/#organization"},"image":{"@id":"https:\/\/www.public.sn\/index.php\/2022\/08\/19\/retrait-du-contingent-senegalais-au-mali-larmee-dement-et-precise\/#primaryimage"},"thumbnailUrl":"https:\/\/www.public.sn\/wp-content\/uploads\/2022\/08\/minusma_5.jpeg","keywords":["Arm\u00e9es S\u00e9n\u00e9galaises","Assimi Goita","DIRPA","Macky Sall","Mali"],"articleSection":["COMMUNIQU\u00c9","SOCIETE"],"inLanguage":"fr-FR","potentialAction":[{"@type":"CommentAction","name":"Comment","target":["https:\/\/www.public.sn\/index.php\/2022\/08\/19\/retrait-du-contingent-senegalais-au-mali-larmee-dement-et-precise\/#respond"]}]},{"@type":"WebPage","@id":"https:\/\/www.public.sn\/index.php\/2022\/08\/19\/retrait-du-contingent-senegalais-au-mali-larmee-dement-et-precise\/","url":"https:\/\/www.public.sn\/index.php\/2022\/08\/19\/retrait-du-contingent-senegalais-au-mali-larmee-dement-et-precise\/","name":"Retrait du Contingent S\u00e9n\u00e9galais au Mali : L'arm\u00e9e d\u00e9ment et pr\u00e9cise. - LE PUBLIC","isPartOf":{"@id":"https:\/\/www.public.sn\/#website"},"primaryImageOfPage":{"@id":"https:\/\/www.public.sn\/index.php\/2022\/08\/19\/retrait-du-contingent-senegalais-au-mali-larmee-dement-et-precise\/#primaryimage"},"image":{"@id":"https:\/\/www.public.sn\/index.php\/2022\/08\/19\/retrait-du-contingent-senegalais-au-mali-larmee-dement-et-precise\/#primaryimage"},"thumbnailUrl":"https:\/\/www.public.sn\/wp-content\/uploads\/2022\/08\/minusma_5.jpeg","datePublished":"2022-08-19T20:18:17+00:00","dateModified":"2022-08-19T22:11:17+00:00","breadcrumb":{"@id":"https:\/\/www.public.sn\/index.php\/2022\/08\/19\/retrait-du-contingent-senegalais-au-mali-larmee-dement-et-precise\/#breadcrumb"},"inLanguage":"fr-FR","potentialAction":[{"@type":"ReadAction","target":["https:\/\/www.public.sn\/index.php\/2022\/08\/19\/retrait-du-contingent-senegalais-au-mali-larmee-dement-et-precise\/"]}]},{"@type":"ImageObject","inLanguage":"fr-FR","@id":"https:\/\/www.public.sn\/index.php\/2022\/08\/19\/retrait-du-contingent-senegalais-au-mali-larmee-dement-et-precise\/#primaryimage","url":"https:\/\/www.public.sn\/wp-content\/uploads\/2022\/08\/minusma_5.jpeg","contentUrl":"https:\/\/www.public.sn\/wp-content\/uploads\/2022\/08\/minusma_5.jpeg","width":600,"height":337},{"@type":"BreadcrumbList","@id":"https:\/\/www.public.sn\/index.php\/2022\/08\/19\/retrait-du-contingent-senegalais-au-mali-larmee-dement-et-precise\/#breadcrumb","itemListElement":[{"@type":"ListItem","position":1,"name":"Accueil","item":"https:\/\/www.public.sn\/"},{"@type":"ListItem","position":2,"name":"Retrait du Contingent S\u00e9n\u00e9galais au Mali : L&rsquo;arm\u00e9e d\u00e9ment et pr\u00e9cise."}]},{"@type":"WebSite","@id":"https:\/\/www.public.sn\/#website","url":"https:\/\/www.public.sn\/","name":"LE PUBLIC","description":"","publisher":{"@id":"https:\/\/www.public.sn\/#organization"},"potentialAction":[{"@type":"SearchAction","target":{"@type":"EntryPoint","urlTemplate":"https:\/\/www.public.sn\/?s={search_term_string}"},"query-input":{"@type":"PropertyValueSpecification","valueRequired":true,"valueName":"search_term_string"}}],"inLanguage":"fr-FR"},{"@type":"Organization","@id":"https:\/\/www.public.sn\/#organization","name":"LE PUBLIC","url":"https:\/\/www.public.sn\/","logo":{"@type":"ImageObject","inLanguage":"fr-FR","@id":"https:\/\/www.public.sn\/#\/schema\/logo\/image\/","url":"https:\/\/www.public.sn\/wp-content\/uploads\/2024\/05\/cropped-LOGO-PUBLIC.SN_.png","contentUrl":"https:\/\/www.public.sn\/wp-content\/uploads\/2024\/05\/cropped-LOGO-PUBLIC.SN_.png","width":682,"height":192,"caption":"LE PUBLIC"},"image":{"@id":"https:\/\/www.public.sn\/#\/schema\/logo\/image\/"}},{"@type":"Person","@id":"https:\/\/www.public.sn\/#\/schema\/person\/e3f4a11b037d4203902db148f9bc8d5a","name":"LA REDACTION","image":{"@type":"ImageObject","inLanguage":"fr-FR","@id":"https:\/\/www.public.sn\/#\/schema\/person\/image\/","url":"https:\/\/secure.gravatar.com\/avatar\/d6c030db45db2883c075085c5d6c6258654a801a93766b49af0b82d4f454e2a5?s=96&d=mm&r=g","contentUrl":"https:\/\/secure.gravatar.com\/avatar\/d6c030db45db2883c075085c5d6c6258654a801a93766b49af0b82d4f454e2a5?s=96&d=mm&r=g","caption":"LA REDACTION"},"sameAs":["http:\/\/www.public.sn"],"url":"https:\/\/www.public.sn\/index.php\/author\/admin7324\/"}]}},"jetpack_featured_media_url":"https:\/\/www.public.sn\/wp-content\/uploads\/2022\/08\/minusma_5.jpeg","jetpack_sharing_enabled":true,"_links":{"self":[{"href":"https:\/\/www.public.sn\/index.php\/wp-json\/wp\/v2\/posts\/222","targetHints":{"allow":["GET"]}}],"collection":[{"href":"https:\/\/www.public.sn\/index.php\/wp-json\/wp\/v2\/posts"}],"about":[{"href":"https:\/\/www.public.sn\/index.php\/wp-json\/wp\/v2\/types\/post"}],"author":[{"embeddable":true,"href":"https:\/\/www.public.sn\/index.php\/wp-json\/wp\/v2\/users\/1"}],"replies":[{"embeddable":true,"href":"https:\/\/www.public.sn\/index.php\/wp-json\/wp\/v2\/comments?post=222"}],"version-history":[{"count":4,"href":"https:\/\/www.public.sn\/index.php\/wp-json\/wp\/v2\/posts\/222\/revisions"}],"predecessor-version":[{"id":230,"href":"https:\/\/www.public.sn\/index.php\/wp-json\/wp\/v2\/posts\/222\/revisions\/230"}],"wp:featuredmedia":[{"embeddable":true,"href":"https:\/\/www.public.sn\/index.php\/wp-json\/wp\/v2\/media\/226"}],"wp:attachment":[{"href":"https:\/\/www.public.sn\/index.php\/wp-json\/wp\/v2\/media?parent=222"}],"wp:term":[{"taxonomy":"category","embeddable":true,"href":"https:\/\/www.public.sn\/index.php\/wp-json\/wp\/v2\/categories?post=222"},{"taxonomy":"post_tag","embeddable":true,"href":"https:\/\/www.public.sn\/index.php\/wp-json\/wp\/v2\/tags?post=222"}],"curies":[{"name":"wp","href":"https:\/\/api.w.org\/{rel}","templated":true}]}}