{"id":22368,"date":"2023-05-23T09:52:11","date_gmt":"2023-05-23T09:52:11","guid":{"rendered":"https:\/\/www.public.sn\/?p=22368"},"modified":"2023-05-23T09:52:11","modified_gmt":"2023-05-23T09:52:11","slug":"incendie-au-marche-de-kaolack-plusieurs-blesses-et-des-degats-enormes","status":"publish","type":"post","link":"https:\/\/www.public.sn\/index.php\/2023\/05\/23\/incendie-au-marche-de-kaolack-plusieurs-blesses-et-des-degats-enormes\/","title":{"rendered":"Incendie au march\u00e9 de Kaolack : plusieurs bless\u00e9s et des d\u00e9g\u00e2ts \u00e9normes"},"content":{"rendered":"<p><b>Un incendie d&rsquo;une rare violence s&rsquo;est d\u00e9clench\u00e9 hier vers 15h au march\u00e9 central de Kaolack. Pas de pertes en vies humaines mais le d\u00e9g\u00e2t mat\u00e9riel est \u00e9norme.\u00a0 Les flammes ont ravag\u00e9 un magasin de quincaillerie.\u00a0<\/b><\/p><div class=\"publi-paragraphe1\" style=\"margin-top: 10px;margin-bottom: 10px;margin-left: auto;margin-right: auto;text-align: center;\" id=\"publi-2012552103\"><div class=\"publi-adlabel\">Publicit\u00e9<\/div><script async src=\"\/\/pagead2.googlesyndication.com\/pagead\/js\/adsbygoogle.js?client=ca-pub-4089586018074219\" crossorigin=\"anonymous\"><\/script><ins class=\"adsbygoogle\" style=\"display:block;\" data-ad-client=\"ca-pub-4089586018074219\" \ndata-ad-slot=\"2087940154\" \ndata-ad-format=\"auto\"><\/ins>\n<script> \n(adsbygoogle = window.adsbygoogle || []).push({}); \n<\/script>\n<\/div>\n<p>Reportage de la Rts1<\/p>\n<div style=\"position: relative; padding-bottom: 56.25%; height: 0; overflow: hidden;\"><iframe style=\"width: 100%; height: 100%; position: absolute; left: 0px; top: 0px; overflow: hidden;\" title=\"Dailymotion Video Player\" src=\"https:\/\/www.dailymotion.com\/embed\/video\/x8l5tmb\" width=\"100%\" height=\"100%\" frameborder=\"0\" allowfullscreen=\"allowfullscreen\"> <\/iframe><\/div>\n<div class=\"publi-apres-le-contenu\" style=\"margin-top: 10px;margin-bottom: 10px;margin-left: auto;margin-right: auto;text-align: center;\" id=\"publi-1584200532\"><div class=\"publi-adlabel\">Publicit\u00e9<\/div><script async src=\"\/\/pagead2.googlesyndication.com\/pagead\/js\/adsbygoogle.js?client=ca-pub-4089586018074219\" crossorigin=\"anonymous\"><\/script><ins class=\"adsbygoogle\" style=\"display:block;\" data-ad-client=\"ca-pub-4089586018074219\" \ndata-ad-slot=\"2087940154\" \ndata-ad-format=\"auto\"><\/ins>\n<script> \n(adsbygoogle = window.adsbygoogle || []).push({}); \n<\/script>\n<\/div>","protected":false},"excerpt":{"rendered":"<p>Un incendie d&rsquo;une rare violence s&rsquo;est d\u00e9clench\u00e9 hier vers 15h au march\u00e9 central de Kaolack. Pas de pertes en vies humaines mais le d\u00e9g\u00e2t mat\u00e9riel est \u00e9norme.\u00a0 Les flammes ont ravag\u00e9 un magasin de quincaillerie.\u00a0 Reportage de la Rts1<\/p>\n","protected":false},"author":1,"featured_media":22369,"comment_status":"open","ping_status":"open","sticky":false,"template":"","format":"standard","meta":{"_jetpack_memberships_contains_paid_content":false,"footnotes":""},"categories":[375,1,4,6],"tags":[1183,33],"class_list":["post-22368","post","type-post","status-publish","format-standard","has-post-thumbnail","hentry","category-actualites","category-non-classe","category-societe","category-videos","tag-incendie","tag-kaolack","entry","has-media","owp-thumbs-layout-horizontal","owp-btn-normal","owp-tabs-layout-horizontal","has-no-thumbnails","has-product-nav"],"yoast_head":"<!-- This site is optimized with the Yoast SEO plugin v25.5 - https:\/\/yoast.com\/wordpress\/plugins\/seo\/ -->\n<title>Incendie au march\u00e9 de Kaolack : plusieurs bless\u00e9s et des d\u00e9g\u00e2ts \u00e9normes - LE PUBLIC<\/title>\n<meta name=\"description\" content=\"Un incendie d&#039;une rare violence s&#039;est d\u00e9clench\u00e9 hier vers 15h au march\u00e9 central de Kaolack. Pas de pertes en vies humaines mais le d\u00e9g\u00e2t mat\u00e9riel est \u00e9norme.\u00a0 Les flammes ont ravag\u00e9 un magasin de quincaillerie.\u00a0\" \/>\n<meta name=\"robots\" content=\"index, follow, max-snippet:-1, max-image-preview:large, max-video-preview:-1\" \/>\n<link rel=\"canonical\" href=\"https:\/\/www.public.sn\/index.php\/2023\/05\/23\/incendie-au-marche-de-kaolack-plusieurs-blesses-et-des-degats-enormes\/\" \/>\n<meta property=\"og:locale\" content=\"fr_FR\" \/>\n<meta property=\"og:type\" content=\"article\" \/>\n<meta property=\"og:title\" content=\"Incendie au march\u00e9 de Kaolack : plusieurs bless\u00e9s et des d\u00e9g\u00e2ts \u00e9normes - LE PUBLIC\" \/>\n<meta property=\"og:description\" content=\"Un incendie d&#039;une rare violence s&#039;est d\u00e9clench\u00e9 hier vers 15h au march\u00e9 central de Kaolack. Pas de pertes en vies humaines mais le d\u00e9g\u00e2t mat\u00e9riel est \u00e9norme.\u00a0 Les flammes ont ravag\u00e9 un magasin de quincaillerie.\u00a0\" \/>\n<meta property=\"og:url\" content=\"https:\/\/www.public.sn\/index.php\/2023\/05\/23\/incendie-au-marche-de-kaolack-plusieurs-blesses-et-des-degats-enormes\/\" \/>\n<meta property=\"og:site_name\" content=\"LE PUBLIC\" \/>\n<meta property=\"article:published_time\" content=\"2023-05-23T09:52:11+00:00\" \/>\n<meta property=\"og:image\" content=\"https:\/\/www.public.sn\/wp-content\/uploads\/2023\/05\/incendie-kaolack.png\" \/>\n\t<meta property=\"og:image:width\" content=\"612\" \/>\n\t<meta property=\"og:image:height\" content=\"298\" \/>\n\t<meta property=\"og:image:type\" content=\"image\/png\" \/>\n<meta name=\"author\" content=\"LA REDACTION\" \/>\n<meta name=\"twitter:card\" content=\"summary_large_image\" \/>\n<meta name=\"twitter:label1\" content=\"\u00c9crit par\" \/>\n\t<meta name=\"twitter:data1\" content=\"LA REDACTION\" \/>\n\t<meta name=\"twitter:label2\" content=\"Dur\u00e9e de lecture estim\u00e9e\" \/>\n\t<meta name=\"twitter:data2\" content=\"1 minute\" \/>\n<script type=\"application\/ld+json\" class=\"yoast-schema-graph\">{\"@context\":\"https:\/\/schema.org\",\"@graph\":[{\"@type\":\"Article\",\"@id\":\"https:\/\/www.public.sn\/index.php\/2023\/05\/23\/incendie-au-marche-de-kaolack-plusieurs-blesses-et-des-degats-enormes\/#article\",\"isPartOf\":{\"@id\":\"https:\/\/www.public.sn\/index.php\/2023\/05\/23\/incendie-au-marche-de-kaolack-plusieurs-blesses-et-des-degats-enormes\/\"},\"author\":{\"name\":\"LA REDACTION\",\"@id\":\"https:\/\/www.public.sn\/#\/schema\/person\/e3f4a11b037d4203902db148f9bc8d5a\"},\"headline\":\"Incendie au march\u00e9 de Kaolack : plusieurs bless\u00e9s et des d\u00e9g\u00e2ts \u00e9normes\",\"datePublished\":\"2023-05-23T09:52:11+00:00\",\"mainEntityOfPage\":{\"@id\":\"https:\/\/www.public.sn\/index.php\/2023\/05\/23\/incendie-au-marche-de-kaolack-plusieurs-blesses-et-des-degats-enormes\/\"},\"wordCount\":57,\"commentCount\":0,\"publisher\":{\"@id\":\"https:\/\/www.public.sn\/#organization\"},\"image\":{\"@id\":\"https:\/\/www.public.sn\/index.php\/2023\/05\/23\/incendie-au-marche-de-kaolack-plusieurs-blesses-et-des-degats-enormes\/#primaryimage\"},\"thumbnailUrl\":\"https:\/\/www.public.sn\/wp-content\/uploads\/2023\/05\/incendie-kaolack.png\",\"keywords\":[\"incendie\",\"Kaolack\"],\"articleSection\":[\"ACTUALIT\u00c9S\",\"S\u00c9N\u00c9GAL\",\"SOCIETE\",\"VIDEOS\"],\"inLanguage\":\"fr-FR\",\"potentialAction\":[{\"@type\":\"CommentAction\",\"name\":\"Comment\",\"target\":[\"https:\/\/www.public.sn\/index.php\/2023\/05\/23\/incendie-au-marche-de-kaolack-plusieurs-blesses-et-des-degats-enormes\/#respond\"]}]},{\"@type\":\"WebPage\",\"@id\":\"https:\/\/www.public.sn\/index.php\/2023\/05\/23\/incendie-au-marche-de-kaolack-plusieurs-blesses-et-des-degats-enormes\/\",\"url\":\"https:\/\/www.public.sn\/index.php\/2023\/05\/23\/incendie-au-marche-de-kaolack-plusieurs-blesses-et-des-degats-enormes\/\",\"name\":\"Incendie au march\u00e9 de Kaolack : plusieurs bless\u00e9s et des d\u00e9g\u00e2ts \u00e9normes - LE PUBLIC\",\"isPartOf\":{\"@id\":\"https:\/\/www.public.sn\/#website\"},\"primaryImageOfPage\":{\"@id\":\"https:\/\/www.public.sn\/index.php\/2023\/05\/23\/incendie-au-marche-de-kaolack-plusieurs-blesses-et-des-degats-enormes\/#primaryimage\"},\"image\":{\"@id\":\"https:\/\/www.public.sn\/index.php\/2023\/05\/23\/incendie-au-marche-de-kaolack-plusieurs-blesses-et-des-degats-enormes\/#primaryimage\"},\"thumbnailUrl\":\"https:\/\/www.public.sn\/wp-content\/uploads\/2023\/05\/incendie-kaolack.png\",\"datePublished\":\"2023-05-23T09:52:11+00:00\",\"description\":\"Un incendie d'une rare violence s'est d\u00e9clench\u00e9 hier vers 15h au march\u00e9 central de Kaolack. Pas de pertes en vies humaines mais le d\u00e9g\u00e2t mat\u00e9riel est \u00e9norme.\u00a0 Les flammes ont ravag\u00e9 un magasin de quincaillerie.\u00a0\",\"breadcrumb\":{\"@id\":\"https:\/\/www.public.sn\/index.php\/2023\/05\/23\/incendie-au-marche-de-kaolack-plusieurs-blesses-et-des-degats-enormes\/#breadcrumb\"},\"inLanguage\":\"fr-FR\",\"potentialAction\":[{\"@type\":\"ReadAction\",\"target\":[\"https:\/\/www.public.sn\/index.php\/2023\/05\/23\/incendie-au-marche-de-kaolack-plusieurs-blesses-et-des-degats-enormes\/\"]}]},{\"@type\":\"ImageObject\",\"inLanguage\":\"fr-FR\",\"@id\":\"https:\/\/www.public.sn\/index.php\/2023\/05\/23\/incendie-au-marche-de-kaolack-plusieurs-blesses-et-des-degats-enormes\/#primaryimage\",\"url\":\"https:\/\/www.public.sn\/wp-content\/uploads\/2023\/05\/incendie-kaolack.png\",\"contentUrl\":\"https:\/\/www.public.sn\/wp-content\/uploads\/2023\/05\/incendie-kaolack.png\",\"width\":612,\"height\":298},{\"@type\":\"BreadcrumbList\",\"@id\":\"https:\/\/www.public.sn\/index.php\/2023\/05\/23\/incendie-au-marche-de-kaolack-plusieurs-blesses-et-des-degats-enormes\/#breadcrumb\",\"itemListElement\":[{\"@type\":\"ListItem\",\"position\":1,\"name\":\"Accueil\",\"item\":\"https:\/\/www.public.sn\/\"},{\"@type\":\"ListItem\",\"position\":2,\"name\":\"Incendie au march\u00e9 de Kaolack : plusieurs bless\u00e9s et des d\u00e9g\u00e2ts \u00e9normes\"}]},{\"@type\":\"WebSite\",\"@id\":\"https:\/\/www.public.sn\/#website\",\"url\":\"https:\/\/www.public.sn\/\",\"name\":\"LE PUBLIC\",\"description\":\"\",\"publisher\":{\"@id\":\"https:\/\/www.public.sn\/#organization\"},\"potentialAction\":[{\"@type\":\"SearchAction\",\"target\":{\"@type\":\"EntryPoint\",\"urlTemplate\":\"https:\/\/www.public.sn\/?s={search_term_string}\"},\"query-input\":{\"@type\":\"PropertyValueSpecification\",\"valueRequired\":true,\"valueName\":\"search_term_string\"}}],\"inLanguage\":\"fr-FR\"},{\"@type\":\"Organization\",\"@id\":\"https:\/\/www.public.sn\/#organization\",\"name\":\"LE PUBLIC\",\"url\":\"https:\/\/www.public.sn\/\",\"logo\":{\"@type\":\"ImageObject\",\"inLanguage\":\"fr-FR\",\"@id\":\"https:\/\/www.public.sn\/#\/schema\/logo\/image\/\",\"url\":\"https:\/\/www.public.sn\/wp-content\/uploads\/2024\/05\/cropped-LOGO-PUBLIC.SN_.png\",\"contentUrl\":\"https:\/\/www.public.sn\/wp-content\/uploads\/2024\/05\/cropped-LOGO-PUBLIC.SN_.png\",\"width\":682,\"height\":192,\"caption\":\"LE PUBLIC\"},\"image\":{\"@id\":\"https:\/\/www.public.sn\/#\/schema\/logo\/image\/\"}},{\"@type\":\"Person\",\"@id\":\"https:\/\/www.public.sn\/#\/schema\/person\/e3f4a11b037d4203902db148f9bc8d5a\",\"name\":\"LA REDACTION\",\"image\":{\"@type\":\"ImageObject\",\"inLanguage\":\"fr-FR\",\"@id\":\"https:\/\/www.public.sn\/#\/schema\/person\/image\/\",\"url\":\"https:\/\/secure.gravatar.com\/avatar\/d6c030db45db2883c075085c5d6c6258654a801a93766b49af0b82d4f454e2a5?s=96&d=mm&r=g\",\"contentUrl\":\"https:\/\/secure.gravatar.com\/avatar\/d6c030db45db2883c075085c5d6c6258654a801a93766b49af0b82d4f454e2a5?s=96&d=mm&r=g\",\"caption\":\"LA REDACTION\"},\"sameAs\":[\"http:\/\/www.public.sn\"],\"url\":\"https:\/\/www.public.sn\/index.php\/author\/admin7324\/\"}]}<\/script>\n<!-- \/ Yoast SEO plugin. -->","yoast_head_json":{"title":"Incendie au march\u00e9 de Kaolack : plusieurs bless\u00e9s et des d\u00e9g\u00e2ts \u00e9normes - LE PUBLIC","description":"Un incendie d'une rare violence s'est d\u00e9clench\u00e9 hier vers 15h au march\u00e9 central de Kaolack. Pas de pertes en vies humaines mais le d\u00e9g\u00e2t mat\u00e9riel est \u00e9norme.\u00a0 Les flammes ont ravag\u00e9 un magasin de quincaillerie.\u00a0","robots":{"index":"index","follow":"follow","max-snippet":"max-snippet:-1","max-image-preview":"max-image-preview:large","max-video-preview":"max-video-preview:-1"},"canonical":"https:\/\/www.public.sn\/index.php\/2023\/05\/23\/incendie-au-marche-de-kaolack-plusieurs-blesses-et-des-degats-enormes\/","og_locale":"fr_FR","og_type":"article","og_title":"Incendie au march\u00e9 de Kaolack : plusieurs bless\u00e9s et des d\u00e9g\u00e2ts \u00e9normes - LE PUBLIC","og_description":"Un incendie d'une rare violence s'est d\u00e9clench\u00e9 hier vers 15h au march\u00e9 central de Kaolack. Pas de pertes en vies humaines mais le d\u00e9g\u00e2t mat\u00e9riel est \u00e9norme.\u00a0 Les flammes ont ravag\u00e9 un magasin de quincaillerie.\u00a0","og_url":"https:\/\/www.public.sn\/index.php\/2023\/05\/23\/incendie-au-marche-de-kaolack-plusieurs-blesses-et-des-degats-enormes\/","og_site_name":"LE PUBLIC","article_published_time":"2023-05-23T09:52:11+00:00","og_image":[{"width":612,"height":298,"url":"https:\/\/www.public.sn\/wp-content\/uploads\/2023\/05\/incendie-kaolack.png","type":"image\/png"}],"author":"LA REDACTION","twitter_card":"summary_large_image","twitter_misc":{"\u00c9crit par":"LA REDACTION","Dur\u00e9e de lecture estim\u00e9e":"1 minute"},"schema":{"@context":"https:\/\/schema.org","@graph":[{"@type":"Article","@id":"https:\/\/www.public.sn\/index.php\/2023\/05\/23\/incendie-au-marche-de-kaolack-plusieurs-blesses-et-des-degats-enormes\/#article","isPartOf":{"@id":"https:\/\/www.public.sn\/index.php\/2023\/05\/23\/incendie-au-marche-de-kaolack-plusieurs-blesses-et-des-degats-enormes\/"},"author":{"name":"LA REDACTION","@id":"https:\/\/www.public.sn\/#\/schema\/person\/e3f4a11b037d4203902db148f9bc8d5a"},"headline":"Incendie au march\u00e9 de Kaolack : plusieurs bless\u00e9s et des d\u00e9g\u00e2ts \u00e9normes","datePublished":"2023-05-23T09:52:11+00:00","mainEntityOfPage":{"@id":"https:\/\/www.public.sn\/index.php\/2023\/05\/23\/incendie-au-marche-de-kaolack-plusieurs-blesses-et-des-degats-enormes\/"},"wordCount":57,"commentCount":0,"publisher":{"@id":"https:\/\/www.public.sn\/#organization"},"image":{"@id":"https:\/\/www.public.sn\/index.php\/2023\/05\/23\/incendie-au-marche-de-kaolack-plusieurs-blesses-et-des-degats-enormes\/#primaryimage"},"thumbnailUrl":"https:\/\/www.public.sn\/wp-content\/uploads\/2023\/05\/incendie-kaolack.png","keywords":["incendie","Kaolack"],"articleSection":["ACTUALIT\u00c9S","S\u00c9N\u00c9GAL","SOCIETE","VIDEOS"],"inLanguage":"fr-FR","potentialAction":[{"@type":"CommentAction","name":"Comment","target":["https:\/\/www.public.sn\/index.php\/2023\/05\/23\/incendie-au-marche-de-kaolack-plusieurs-blesses-et-des-degats-enormes\/#respond"]}]},{"@type":"WebPage","@id":"https:\/\/www.public.sn\/index.php\/2023\/05\/23\/incendie-au-marche-de-kaolack-plusieurs-blesses-et-des-degats-enormes\/","url":"https:\/\/www.public.sn\/index.php\/2023\/05\/23\/incendie-au-marche-de-kaolack-plusieurs-blesses-et-des-degats-enormes\/","name":"Incendie au march\u00e9 de Kaolack : plusieurs bless\u00e9s et des d\u00e9g\u00e2ts \u00e9normes - LE PUBLIC","isPartOf":{"@id":"https:\/\/www.public.sn\/#website"},"primaryImageOfPage":{"@id":"https:\/\/www.public.sn\/index.php\/2023\/05\/23\/incendie-au-marche-de-kaolack-plusieurs-blesses-et-des-degats-enormes\/#primaryimage"},"image":{"@id":"https:\/\/www.public.sn\/index.php\/2023\/05\/23\/incendie-au-marche-de-kaolack-plusieurs-blesses-et-des-degats-enormes\/#primaryimage"},"thumbnailUrl":"https:\/\/www.public.sn\/wp-content\/uploads\/2023\/05\/incendie-kaolack.png","datePublished":"2023-05-23T09:52:11+00:00","description":"Un incendie d'une rare violence s'est d\u00e9clench\u00e9 hier vers 15h au march\u00e9 central de Kaolack. Pas de pertes en vies humaines mais le d\u00e9g\u00e2t mat\u00e9riel est \u00e9norme.\u00a0 Les flammes ont ravag\u00e9 un magasin de quincaillerie.\u00a0","breadcrumb":{"@id":"https:\/\/www.public.sn\/index.php\/2023\/05\/23\/incendie-au-marche-de-kaolack-plusieurs-blesses-et-des-degats-enormes\/#breadcrumb"},"inLanguage":"fr-FR","potentialAction":[{"@type":"ReadAction","target":["https:\/\/www.public.sn\/index.php\/2023\/05\/23\/incendie-au-marche-de-kaolack-plusieurs-blesses-et-des-degats-enormes\/"]}]},{"@type":"ImageObject","inLanguage":"fr-FR","@id":"https:\/\/www.public.sn\/index.php\/2023\/05\/23\/incendie-au-marche-de-kaolack-plusieurs-blesses-et-des-degats-enormes\/#primaryimage","url":"https:\/\/www.public.sn\/wp-content\/uploads\/2023\/05\/incendie-kaolack.png","contentUrl":"https:\/\/www.public.sn\/wp-content\/uploads\/2023\/05\/incendie-kaolack.png","width":612,"height":298},{"@type":"BreadcrumbList","@id":"https:\/\/www.public.sn\/index.php\/2023\/05\/23\/incendie-au-marche-de-kaolack-plusieurs-blesses-et-des-degats-enormes\/#breadcrumb","itemListElement":[{"@type":"ListItem","position":1,"name":"Accueil","item":"https:\/\/www.public.sn\/"},{"@type":"ListItem","position":2,"name":"Incendie au march\u00e9 de Kaolack : plusieurs bless\u00e9s et des d\u00e9g\u00e2ts \u00e9normes"}]},{"@type":"WebSite","@id":"https:\/\/www.public.sn\/#website","url":"https:\/\/www.public.sn\/","name":"LE PUBLIC","description":"","publisher":{"@id":"https:\/\/www.public.sn\/#organization"},"potentialAction":[{"@type":"SearchAction","target":{"@type":"EntryPoint","urlTemplate":"https:\/\/www.public.sn\/?s={search_term_string}"},"query-input":{"@type":"PropertyValueSpecification","valueRequired":true,"valueName":"search_term_string"}}],"inLanguage":"fr-FR"},{"@type":"Organization","@id":"https:\/\/www.public.sn\/#organization","name":"LE PUBLIC","url":"https:\/\/www.public.sn\/","logo":{"@type":"ImageObject","inLanguage":"fr-FR","@id":"https:\/\/www.public.sn\/#\/schema\/logo\/image\/","url":"https:\/\/www.public.sn\/wp-content\/uploads\/2024\/05\/cropped-LOGO-PUBLIC.SN_.png","contentUrl":"https:\/\/www.public.sn\/wp-content\/uploads\/2024\/05\/cropped-LOGO-PUBLIC.SN_.png","width":682,"height":192,"caption":"LE PUBLIC"},"image":{"@id":"https:\/\/www.public.sn\/#\/schema\/logo\/image\/"}},{"@type":"Person","@id":"https:\/\/www.public.sn\/#\/schema\/person\/e3f4a11b037d4203902db148f9bc8d5a","name":"LA REDACTION","image":{"@type":"ImageObject","inLanguage":"fr-FR","@id":"https:\/\/www.public.sn\/#\/schema\/person\/image\/","url":"https:\/\/secure.gravatar.com\/avatar\/d6c030db45db2883c075085c5d6c6258654a801a93766b49af0b82d4f454e2a5?s=96&d=mm&r=g","contentUrl":"https:\/\/secure.gravatar.com\/avatar\/d6c030db45db2883c075085c5d6c6258654a801a93766b49af0b82d4f454e2a5?s=96&d=mm&r=g","caption":"LA REDACTION"},"sameAs":["http:\/\/www.public.sn"],"url":"https:\/\/www.public.sn\/index.php\/author\/admin7324\/"}]}},"jetpack_featured_media_url":"https:\/\/www.public.sn\/wp-content\/uploads\/2023\/05\/incendie-kaolack.png","jetpack_sharing_enabled":true,"_links":{"self":[{"href":"https:\/\/www.public.sn\/index.php\/wp-json\/wp\/v2\/posts\/22368","targetHints":{"allow":["GET"]}}],"collection":[{"href":"https:\/\/www.public.sn\/index.php\/wp-json\/wp\/v2\/posts"}],"about":[{"href":"https:\/\/www.public.sn\/index.php\/wp-json\/wp\/v2\/types\/post"}],"author":[{"embeddable":true,"href":"https:\/\/www.public.sn\/index.php\/wp-json\/wp\/v2\/users\/1"}],"replies":[{"embeddable":true,"href":"https:\/\/www.public.sn\/index.php\/wp-json\/wp\/v2\/comments?post=22368"}],"version-history":[{"count":1,"href":"https:\/\/www.public.sn\/index.php\/wp-json\/wp\/v2\/posts\/22368\/revisions"}],"predecessor-version":[{"id":22370,"href":"https:\/\/www.public.sn\/index.php\/wp-json\/wp\/v2\/posts\/22368\/revisions\/22370"}],"wp:featuredmedia":[{"embeddable":true,"href":"https:\/\/www.public.sn\/index.php\/wp-json\/wp\/v2\/media\/22369"}],"wp:attachment":[{"href":"https:\/\/www.public.sn\/index.php\/wp-json\/wp\/v2\/media?parent=22368"}],"wp:term":[{"taxonomy":"category","embeddable":true,"href":"https:\/\/www.public.sn\/index.php\/wp-json\/wp\/v2\/categories?post=22368"},{"taxonomy":"post_tag","embeddable":true,"href":"https:\/\/www.public.sn\/index.php\/wp-json\/wp\/v2\/tags?post=22368"}],"curies":[{"name":"wp","href":"https:\/\/api.w.org\/{rel}","templated":true}]}}