{"id":22426,"date":"2023-05-24T12:40:18","date_gmt":"2023-05-24T12:40:18","guid":{"rendered":"https:\/\/www.public.sn\/?p=22426"},"modified":"2023-05-24T12:40:18","modified_gmt":"2023-05-24T12:40:18","slug":"tout-savoir-sur-el-hadji-issa-ndiaye-le-juge-qui-a-preside-laudience-speciale-du-23-mai","status":"publish","type":"post","link":"https:\/\/www.public.sn\/index.php\/2023\/05\/24\/tout-savoir-sur-el-hadji-issa-ndiaye-le-juge-qui-a-preside-laudience-speciale-du-23-mai\/","title":{"rendered":"Tout savoir sur El Hadji Issa Ndiaye, le juge qui a pr\u00e9sid\u00e9 l\u2019audience sp\u00e9ciale du 23 mai"},"content":{"rendered":"<p>Il a \u00e9t\u00e9 dit hier que c&rsquo;est le juge Moustapha Fall devrait\u00a0 pr\u00e9sider l\u2019audience sp\u00e9ciale. Mais, au Tribunal de Grande Instance de Dakar, c\u2019est finalement le juge El Hadji Issa Ndiaye qui a \u00e9t\u00e9 charg\u00e9 de juger l\u2019affaire Sweet Beauty.<\/p><div class=\"publi-paragraphe1\" style=\"margin-top: 10px;margin-bottom: 10px;margin-left: auto;margin-right: auto;text-align: center;\" id=\"publi-1073810541\"><div class=\"publi-adlabel\">Publicit\u00e9<\/div><script async src=\"\/\/pagead2.googlesyndication.com\/pagead\/js\/adsbygoogle.js?client=ca-pub-4089586018074219\" crossorigin=\"anonymous\"><\/script><ins class=\"adsbygoogle\" style=\"display:block;\" data-ad-client=\"ca-pub-4089586018074219\" \ndata-ad-slot=\"2087940154\" \ndata-ad-format=\"auto\"><\/ins>\n<script> \n(adsbygoogle = window.adsbygoogle || []).push({}); \n<\/script>\n<\/div>\n<p>Quelques \u00e9l\u00e9ments sur le juge El Hadji Issa Ndiaye,<\/p>\n<p>\u00a0El Hadji Issa Ndiaye anciennement pr\u00e9sident du tribunal d\u2019instance d\u2019Oussouye, a \u00e9t\u00e9 nomm\u00e9 juge au tribunal de grande instance hors classe de Dakar lors du Conseil sup\u00e9rieur de la magistrature qui s\u2019est tenu le 20 f\u00e9vrier 2023 au Palais de la R\u00e9publique.<\/p>\n<p>Le journal Source A est ainsi revenu sur le profil de ce dernier. A suivre nos confr\u00e8res, le juge fait partie de la g\u00e9n\u00e9ration des juges qui sont sortis de l\u2019\u00e9cole il y a une quinzaine d\u2019ann\u00e9es. Il a \u00e9t\u00e9 red\u00e9ploy\u00e9 \u00e0 Dakar lors de la derni\u00e8re r\u00e9union du Conseil sup\u00e9rieur de la magistrature.<\/p>\n<p>Il est r\u00e9put\u00e9 pour \u00eatre strict et s\u00e9v\u00e8re. C\u2019est quelqu\u2019un qui parle peu, ajoute le journal. Cependant, il est tr\u00e8s rigoureux en mati\u00e8re d\u2019int\u00e9grit\u00e9 morale et attache une grande importance au respect des r\u00e8gles. Sa comp\u00e9tence est \u00e9galement salu\u00e9e dans le milieu.<\/p>\n<div class=\"publi-apres-le-contenu\" style=\"margin-top: 10px;margin-bottom: 10px;margin-left: auto;margin-right: auto;text-align: center;\" id=\"publi-4058491245\"><div class=\"publi-adlabel\">Publicit\u00e9<\/div><script async src=\"\/\/pagead2.googlesyndication.com\/pagead\/js\/adsbygoogle.js?client=ca-pub-4089586018074219\" crossorigin=\"anonymous\"><\/script><ins class=\"adsbygoogle\" style=\"display:block;\" data-ad-client=\"ca-pub-4089586018074219\" \ndata-ad-slot=\"2087940154\" \ndata-ad-format=\"auto\"><\/ins>\n<script> \n(adsbygoogle = window.adsbygoogle || []).push({}); \n<\/script>\n<\/div>","protected":false},"excerpt":{"rendered":"<p>Il a \u00e9t\u00e9 dit hier que c&rsquo;est le juge Moustapha Fall devrait\u00a0 pr\u00e9sider l\u2019audience sp\u00e9ciale. Mais, au Tribunal de Grande Instance de Dakar, c\u2019est finalement le juge El Hadji Issa Ndiaye qui a \u00e9t\u00e9 charg\u00e9 de juger l\u2019affaire Sweet Beauty. Quelques \u00e9l\u00e9ments sur le juge El Hadji Issa Ndiaye, \u00a0El Hadji Issa Ndiaye anciennement pr\u00e9sident du tribunal d\u2019instance d\u2019Oussouye, a \u00e9t\u00e9 nomm\u00e9 juge au tribunal de grande instance hors classe de Dakar lors du Conseil sup\u00e9rieur de la magistrature qui s\u2019est tenu le 20 f\u00e9vrier 2023 au Palais de la R\u00e9publique. Le journal Source A est ainsi revenu sur le profil de ce dernier. A suivre nos confr\u00e8res, le juge fait partie de la g\u00e9n\u00e9ration des juges qui sont sortis de l\u2019\u00e9cole il y a une quinzaine d\u2019ann\u00e9es. Il a \u00e9t\u00e9 red\u00e9ploy\u00e9 \u00e0 Dakar lors de la derni\u00e8re r\u00e9union du Conseil sup\u00e9rieur de la magistrature. Il est r\u00e9put\u00e9 pour \u00eatre strict et s\u00e9v\u00e8re. C\u2019est quelqu\u2019un qui parle peu, ajoute le journal. Cependant, il est tr\u00e8s rigoureux en mati\u00e8re d\u2019int\u00e9grit\u00e9 morale et attache une grande importance au respect des r\u00e8gles. Sa comp\u00e9tence est \u00e9galement salu\u00e9e dans le milieu.<\/p>\n","protected":false},"author":1,"featured_media":22427,"comment_status":"open","ping_status":"open","sticky":false,"template":"","format":"standard","meta":{"_jetpack_memberships_contains_paid_content":false,"footnotes":""},"categories":[375,3,376,1],"tags":[5174,1257,16],"class_list":["post-22426","post","type-post","status-publish","format-standard","has-post-thumbnail","hentry","category-actualites","category-politique","category-securite-justice","category-non-classe","tag-el-hadji-issa-ndiaye","tag-juge","tag-ousmane-sonko","entry","has-media","owp-thumbs-layout-horizontal","owp-btn-normal","owp-tabs-layout-horizontal","has-no-thumbnails","has-product-nav"],"yoast_head":"<!-- This site is optimized with the Yoast SEO plugin v25.5 - https:\/\/yoast.com\/wordpress\/plugins\/seo\/ -->\n<title>Tout savoir sur El Hadji Issa Ndiaye, le juge qui a pr\u00e9sid\u00e9 l\u2019audience sp\u00e9ciale du 23 mai - LE PUBLIC<\/title>\n<meta name=\"robots\" content=\"index, follow, max-snippet:-1, max-image-preview:large, max-video-preview:-1\" \/>\n<link rel=\"canonical\" href=\"https:\/\/www.public.sn\/index.php\/2023\/05\/24\/tout-savoir-sur-el-hadji-issa-ndiaye-le-juge-qui-a-preside-laudience-speciale-du-23-mai\/\" \/>\n<meta property=\"og:locale\" content=\"fr_FR\" \/>\n<meta property=\"og:type\" content=\"article\" \/>\n<meta property=\"og:title\" content=\"Tout savoir sur El Hadji Issa Ndiaye, le juge qui a pr\u00e9sid\u00e9 l\u2019audience sp\u00e9ciale du 23 mai - LE PUBLIC\" \/>\n<meta property=\"og:description\" content=\"Il a \u00e9t\u00e9 dit hier que c&rsquo;est le juge Moustapha Fall devrait\u00a0 pr\u00e9sider l\u2019audience sp\u00e9ciale. Mais, au Tribunal de Grande Instance de Dakar, c\u2019est finalement le juge El Hadji Issa Ndiaye qui a \u00e9t\u00e9 charg\u00e9 de juger l\u2019affaire Sweet Beauty. Quelques \u00e9l\u00e9ments sur le juge El Hadji Issa Ndiaye, \u00a0El Hadji Issa Ndiaye anciennement pr\u00e9sident du tribunal d\u2019instance d\u2019Oussouye, a \u00e9t\u00e9 nomm\u00e9 juge au tribunal de grande instance hors classe de Dakar lors du Conseil sup\u00e9rieur de la magistrature qui s\u2019est tenu le 20 f\u00e9vrier 2023 au Palais de la R\u00e9publique. Le journal Source A est ainsi revenu sur le profil de ce dernier. A suivre nos confr\u00e8res, le juge fait partie de la g\u00e9n\u00e9ration des juges qui sont sortis de l\u2019\u00e9cole il y a une quinzaine d\u2019ann\u00e9es. Il a \u00e9t\u00e9 red\u00e9ploy\u00e9 \u00e0 Dakar lors de la derni\u00e8re r\u00e9union du Conseil sup\u00e9rieur de la magistrature. Il est r\u00e9put\u00e9 pour \u00eatre strict et s\u00e9v\u00e8re. C\u2019est quelqu\u2019un qui parle peu, ajoute le journal. Cependant, il est tr\u00e8s rigoureux en mati\u00e8re d\u2019int\u00e9grit\u00e9 morale et attache une grande importance au respect des r\u00e8gles. Sa comp\u00e9tence est \u00e9galement salu\u00e9e dans le milieu.\" \/>\n<meta property=\"og:url\" content=\"https:\/\/www.public.sn\/index.php\/2023\/05\/24\/tout-savoir-sur-el-hadji-issa-ndiaye-le-juge-qui-a-preside-laudience-speciale-du-23-mai\/\" \/>\n<meta property=\"og:site_name\" content=\"LE PUBLIC\" \/>\n<meta property=\"article:published_time\" content=\"2023-05-24T12:40:18+00:00\" \/>\n<meta property=\"og:image\" content=\"https:\/\/www.public.sn\/wp-content\/uploads\/2023\/05\/juge.jpg\" \/>\n\t<meta property=\"og:image:width\" content=\"800\" \/>\n\t<meta property=\"og:image:height\" content=\"533\" \/>\n\t<meta property=\"og:image:type\" content=\"image\/jpeg\" \/>\n<meta name=\"author\" content=\"LA REDACTION\" \/>\n<meta name=\"twitter:card\" content=\"summary_large_image\" \/>\n<meta name=\"twitter:label1\" content=\"\u00c9crit par\" \/>\n\t<meta name=\"twitter:data1\" content=\"LA REDACTION\" \/>\n<script type=\"application\/ld+json\" class=\"yoast-schema-graph\">{\"@context\":\"https:\/\/schema.org\",\"@graph\":[{\"@type\":\"Article\",\"@id\":\"https:\/\/www.public.sn\/index.php\/2023\/05\/24\/tout-savoir-sur-el-hadji-issa-ndiaye-le-juge-qui-a-preside-laudience-speciale-du-23-mai\/#article\",\"isPartOf\":{\"@id\":\"https:\/\/www.public.sn\/index.php\/2023\/05\/24\/tout-savoir-sur-el-hadji-issa-ndiaye-le-juge-qui-a-preside-laudience-speciale-du-23-mai\/\"},\"author\":{\"name\":\"LA REDACTION\",\"@id\":\"https:\/\/www.public.sn\/#\/schema\/person\/e3f4a11b037d4203902db148f9bc8d5a\"},\"headline\":\"Tout savoir sur El Hadji Issa Ndiaye, le juge qui a pr\u00e9sid\u00e9 l\u2019audience sp\u00e9ciale du 23 mai\",\"datePublished\":\"2023-05-24T12:40:18+00:00\",\"mainEntityOfPage\":{\"@id\":\"https:\/\/www.public.sn\/index.php\/2023\/05\/24\/tout-savoir-sur-el-hadji-issa-ndiaye-le-juge-qui-a-preside-laudience-speciale-du-23-mai\/\"},\"wordCount\":238,\"commentCount\":0,\"publisher\":{\"@id\":\"https:\/\/www.public.sn\/#organization\"},\"image\":{\"@id\":\"https:\/\/www.public.sn\/index.php\/2023\/05\/24\/tout-savoir-sur-el-hadji-issa-ndiaye-le-juge-qui-a-preside-laudience-speciale-du-23-mai\/#primaryimage\"},\"thumbnailUrl\":\"https:\/\/www.public.sn\/wp-content\/uploads\/2023\/05\/juge.jpg\",\"keywords\":[\"El Hadji Issa Ndiaye\",\"juge\",\"Ousmane Sonko\"],\"articleSection\":[\"ACTUALIT\u00c9S\",\"POLITIQUE\",\"S\u00c9CURIT\u00c9 &amp; JUSTICE\",\"S\u00c9N\u00c9GAL\"],\"inLanguage\":\"fr-FR\",\"potentialAction\":[{\"@type\":\"CommentAction\",\"name\":\"Comment\",\"target\":[\"https:\/\/www.public.sn\/index.php\/2023\/05\/24\/tout-savoir-sur-el-hadji-issa-ndiaye-le-juge-qui-a-preside-laudience-speciale-du-23-mai\/#respond\"]}]},{\"@type\":\"WebPage\",\"@id\":\"https:\/\/www.public.sn\/index.php\/2023\/05\/24\/tout-savoir-sur-el-hadji-issa-ndiaye-le-juge-qui-a-preside-laudience-speciale-du-23-mai\/\",\"url\":\"https:\/\/www.public.sn\/index.php\/2023\/05\/24\/tout-savoir-sur-el-hadji-issa-ndiaye-le-juge-qui-a-preside-laudience-speciale-du-23-mai\/\",\"name\":\"Tout savoir sur El Hadji Issa Ndiaye, le juge qui a pr\u00e9sid\u00e9 l\u2019audience sp\u00e9ciale du 23 mai - LE PUBLIC\",\"isPartOf\":{\"@id\":\"https:\/\/www.public.sn\/#website\"},\"primaryImageOfPage\":{\"@id\":\"https:\/\/www.public.sn\/index.php\/2023\/05\/24\/tout-savoir-sur-el-hadji-issa-ndiaye-le-juge-qui-a-preside-laudience-speciale-du-23-mai\/#primaryimage\"},\"image\":{\"@id\":\"https:\/\/www.public.sn\/index.php\/2023\/05\/24\/tout-savoir-sur-el-hadji-issa-ndiaye-le-juge-qui-a-preside-laudience-speciale-du-23-mai\/#primaryimage\"},\"thumbnailUrl\":\"https:\/\/www.public.sn\/wp-content\/uploads\/2023\/05\/juge.jpg\",\"datePublished\":\"2023-05-24T12:40:18+00:00\",\"breadcrumb\":{\"@id\":\"https:\/\/www.public.sn\/index.php\/2023\/05\/24\/tout-savoir-sur-el-hadji-issa-ndiaye-le-juge-qui-a-preside-laudience-speciale-du-23-mai\/#breadcrumb\"},\"inLanguage\":\"fr-FR\",\"potentialAction\":[{\"@type\":\"ReadAction\",\"target\":[\"https:\/\/www.public.sn\/index.php\/2023\/05\/24\/tout-savoir-sur-el-hadji-issa-ndiaye-le-juge-qui-a-preside-laudience-speciale-du-23-mai\/\"]}]},{\"@type\":\"ImageObject\",\"inLanguage\":\"fr-FR\",\"@id\":\"https:\/\/www.public.sn\/index.php\/2023\/05\/24\/tout-savoir-sur-el-hadji-issa-ndiaye-le-juge-qui-a-preside-laudience-speciale-du-23-mai\/#primaryimage\",\"url\":\"https:\/\/www.public.sn\/wp-content\/uploads\/2023\/05\/juge.jpg\",\"contentUrl\":\"https:\/\/www.public.sn\/wp-content\/uploads\/2023\/05\/juge.jpg\",\"width\":800,\"height\":533},{\"@type\":\"BreadcrumbList\",\"@id\":\"https:\/\/www.public.sn\/index.php\/2023\/05\/24\/tout-savoir-sur-el-hadji-issa-ndiaye-le-juge-qui-a-preside-laudience-speciale-du-23-mai\/#breadcrumb\",\"itemListElement\":[{\"@type\":\"ListItem\",\"position\":1,\"name\":\"Accueil\",\"item\":\"https:\/\/www.public.sn\/\"},{\"@type\":\"ListItem\",\"position\":2,\"name\":\"Tout savoir sur El Hadji Issa Ndiaye, le juge qui a pr\u00e9sid\u00e9 l\u2019audience sp\u00e9ciale du 23 mai\"}]},{\"@type\":\"WebSite\",\"@id\":\"https:\/\/www.public.sn\/#website\",\"url\":\"https:\/\/www.public.sn\/\",\"name\":\"LE PUBLIC\",\"description\":\"\",\"publisher\":{\"@id\":\"https:\/\/www.public.sn\/#organization\"},\"potentialAction\":[{\"@type\":\"SearchAction\",\"target\":{\"@type\":\"EntryPoint\",\"urlTemplate\":\"https:\/\/www.public.sn\/?s={search_term_string}\"},\"query-input\":{\"@type\":\"PropertyValueSpecification\",\"valueRequired\":true,\"valueName\":\"search_term_string\"}}],\"inLanguage\":\"fr-FR\"},{\"@type\":\"Organization\",\"@id\":\"https:\/\/www.public.sn\/#organization\",\"name\":\"LE PUBLIC\",\"url\":\"https:\/\/www.public.sn\/\",\"logo\":{\"@type\":\"ImageObject\",\"inLanguage\":\"fr-FR\",\"@id\":\"https:\/\/www.public.sn\/#\/schema\/logo\/image\/\",\"url\":\"https:\/\/www.public.sn\/wp-content\/uploads\/2024\/05\/cropped-LOGO-PUBLIC.SN_.png\",\"contentUrl\":\"https:\/\/www.public.sn\/wp-content\/uploads\/2024\/05\/cropped-LOGO-PUBLIC.SN_.png\",\"width\":682,\"height\":192,\"caption\":\"LE PUBLIC\"},\"image\":{\"@id\":\"https:\/\/www.public.sn\/#\/schema\/logo\/image\/\"}},{\"@type\":\"Person\",\"@id\":\"https:\/\/www.public.sn\/#\/schema\/person\/e3f4a11b037d4203902db148f9bc8d5a\",\"name\":\"LA REDACTION\",\"image\":{\"@type\":\"ImageObject\",\"inLanguage\":\"fr-FR\",\"@id\":\"https:\/\/www.public.sn\/#\/schema\/person\/image\/\",\"url\":\"https:\/\/secure.gravatar.com\/avatar\/d6c030db45db2883c075085c5d6c6258654a801a93766b49af0b82d4f454e2a5?s=96&d=mm&r=g\",\"contentUrl\":\"https:\/\/secure.gravatar.com\/avatar\/d6c030db45db2883c075085c5d6c6258654a801a93766b49af0b82d4f454e2a5?s=96&d=mm&r=g\",\"caption\":\"LA REDACTION\"},\"sameAs\":[\"http:\/\/www.public.sn\"],\"url\":\"https:\/\/www.public.sn\/index.php\/author\/admin7324\/\"}]}<\/script>\n<!-- \/ Yoast SEO plugin. -->","yoast_head_json":{"title":"Tout savoir sur El Hadji Issa Ndiaye, le juge qui a pr\u00e9sid\u00e9 l\u2019audience sp\u00e9ciale du 23 mai - LE PUBLIC","robots":{"index":"index","follow":"follow","max-snippet":"max-snippet:-1","max-image-preview":"max-image-preview:large","max-video-preview":"max-video-preview:-1"},"canonical":"https:\/\/www.public.sn\/index.php\/2023\/05\/24\/tout-savoir-sur-el-hadji-issa-ndiaye-le-juge-qui-a-preside-laudience-speciale-du-23-mai\/","og_locale":"fr_FR","og_type":"article","og_title":"Tout savoir sur El Hadji Issa Ndiaye, le juge qui a pr\u00e9sid\u00e9 l\u2019audience sp\u00e9ciale du 23 mai - LE PUBLIC","og_description":"Il a \u00e9t\u00e9 dit hier que c&rsquo;est le juge Moustapha Fall devrait\u00a0 pr\u00e9sider l\u2019audience sp\u00e9ciale. Mais, au Tribunal de Grande Instance de Dakar, c\u2019est finalement le juge El Hadji Issa Ndiaye qui a \u00e9t\u00e9 charg\u00e9 de juger l\u2019affaire Sweet Beauty. Quelques \u00e9l\u00e9ments sur le juge El Hadji Issa Ndiaye, \u00a0El Hadji Issa Ndiaye anciennement pr\u00e9sident du tribunal d\u2019instance d\u2019Oussouye, a \u00e9t\u00e9 nomm\u00e9 juge au tribunal de grande instance hors classe de Dakar lors du Conseil sup\u00e9rieur de la magistrature qui s\u2019est tenu le 20 f\u00e9vrier 2023 au Palais de la R\u00e9publique. Le journal Source A est ainsi revenu sur le profil de ce dernier. A suivre nos confr\u00e8res, le juge fait partie de la g\u00e9n\u00e9ration des juges qui sont sortis de l\u2019\u00e9cole il y a une quinzaine d\u2019ann\u00e9es. Il a \u00e9t\u00e9 red\u00e9ploy\u00e9 \u00e0 Dakar lors de la derni\u00e8re r\u00e9union du Conseil sup\u00e9rieur de la magistrature. Il est r\u00e9put\u00e9 pour \u00eatre strict et s\u00e9v\u00e8re. C\u2019est quelqu\u2019un qui parle peu, ajoute le journal. Cependant, il est tr\u00e8s rigoureux en mati\u00e8re d\u2019int\u00e9grit\u00e9 morale et attache une grande importance au respect des r\u00e8gles. Sa comp\u00e9tence est \u00e9galement salu\u00e9e dans le milieu.","og_url":"https:\/\/www.public.sn\/index.php\/2023\/05\/24\/tout-savoir-sur-el-hadji-issa-ndiaye-le-juge-qui-a-preside-laudience-speciale-du-23-mai\/","og_site_name":"LE PUBLIC","article_published_time":"2023-05-24T12:40:18+00:00","og_image":[{"width":800,"height":533,"url":"https:\/\/www.public.sn\/wp-content\/uploads\/2023\/05\/juge.jpg","type":"image\/jpeg"}],"author":"LA REDACTION","twitter_card":"summary_large_image","twitter_misc":{"\u00c9crit par":"LA REDACTION"},"schema":{"@context":"https:\/\/schema.org","@graph":[{"@type":"Article","@id":"https:\/\/www.public.sn\/index.php\/2023\/05\/24\/tout-savoir-sur-el-hadji-issa-ndiaye-le-juge-qui-a-preside-laudience-speciale-du-23-mai\/#article","isPartOf":{"@id":"https:\/\/www.public.sn\/index.php\/2023\/05\/24\/tout-savoir-sur-el-hadji-issa-ndiaye-le-juge-qui-a-preside-laudience-speciale-du-23-mai\/"},"author":{"name":"LA REDACTION","@id":"https:\/\/www.public.sn\/#\/schema\/person\/e3f4a11b037d4203902db148f9bc8d5a"},"headline":"Tout savoir sur El Hadji Issa Ndiaye, le juge qui a pr\u00e9sid\u00e9 l\u2019audience sp\u00e9ciale du 23 mai","datePublished":"2023-05-24T12:40:18+00:00","mainEntityOfPage":{"@id":"https:\/\/www.public.sn\/index.php\/2023\/05\/24\/tout-savoir-sur-el-hadji-issa-ndiaye-le-juge-qui-a-preside-laudience-speciale-du-23-mai\/"},"wordCount":238,"commentCount":0,"publisher":{"@id":"https:\/\/www.public.sn\/#organization"},"image":{"@id":"https:\/\/www.public.sn\/index.php\/2023\/05\/24\/tout-savoir-sur-el-hadji-issa-ndiaye-le-juge-qui-a-preside-laudience-speciale-du-23-mai\/#primaryimage"},"thumbnailUrl":"https:\/\/www.public.sn\/wp-content\/uploads\/2023\/05\/juge.jpg","keywords":["El Hadji Issa Ndiaye","juge","Ousmane Sonko"],"articleSection":["ACTUALIT\u00c9S","POLITIQUE","S\u00c9CURIT\u00c9 &amp; JUSTICE","S\u00c9N\u00c9GAL"],"inLanguage":"fr-FR","potentialAction":[{"@type":"CommentAction","name":"Comment","target":["https:\/\/www.public.sn\/index.php\/2023\/05\/24\/tout-savoir-sur-el-hadji-issa-ndiaye-le-juge-qui-a-preside-laudience-speciale-du-23-mai\/#respond"]}]},{"@type":"WebPage","@id":"https:\/\/www.public.sn\/index.php\/2023\/05\/24\/tout-savoir-sur-el-hadji-issa-ndiaye-le-juge-qui-a-preside-laudience-speciale-du-23-mai\/","url":"https:\/\/www.public.sn\/index.php\/2023\/05\/24\/tout-savoir-sur-el-hadji-issa-ndiaye-le-juge-qui-a-preside-laudience-speciale-du-23-mai\/","name":"Tout savoir sur El Hadji Issa Ndiaye, le juge qui a pr\u00e9sid\u00e9 l\u2019audience sp\u00e9ciale du 23 mai - LE PUBLIC","isPartOf":{"@id":"https:\/\/www.public.sn\/#website"},"primaryImageOfPage":{"@id":"https:\/\/www.public.sn\/index.php\/2023\/05\/24\/tout-savoir-sur-el-hadji-issa-ndiaye-le-juge-qui-a-preside-laudience-speciale-du-23-mai\/#primaryimage"},"image":{"@id":"https:\/\/www.public.sn\/index.php\/2023\/05\/24\/tout-savoir-sur-el-hadji-issa-ndiaye-le-juge-qui-a-preside-laudience-speciale-du-23-mai\/#primaryimage"},"thumbnailUrl":"https:\/\/www.public.sn\/wp-content\/uploads\/2023\/05\/juge.jpg","datePublished":"2023-05-24T12:40:18+00:00","breadcrumb":{"@id":"https:\/\/www.public.sn\/index.php\/2023\/05\/24\/tout-savoir-sur-el-hadji-issa-ndiaye-le-juge-qui-a-preside-laudience-speciale-du-23-mai\/#breadcrumb"},"inLanguage":"fr-FR","potentialAction":[{"@type":"ReadAction","target":["https:\/\/www.public.sn\/index.php\/2023\/05\/24\/tout-savoir-sur-el-hadji-issa-ndiaye-le-juge-qui-a-preside-laudience-speciale-du-23-mai\/"]}]},{"@type":"ImageObject","inLanguage":"fr-FR","@id":"https:\/\/www.public.sn\/index.php\/2023\/05\/24\/tout-savoir-sur-el-hadji-issa-ndiaye-le-juge-qui-a-preside-laudience-speciale-du-23-mai\/#primaryimage","url":"https:\/\/www.public.sn\/wp-content\/uploads\/2023\/05\/juge.jpg","contentUrl":"https:\/\/www.public.sn\/wp-content\/uploads\/2023\/05\/juge.jpg","width":800,"height":533},{"@type":"BreadcrumbList","@id":"https:\/\/www.public.sn\/index.php\/2023\/05\/24\/tout-savoir-sur-el-hadji-issa-ndiaye-le-juge-qui-a-preside-laudience-speciale-du-23-mai\/#breadcrumb","itemListElement":[{"@type":"ListItem","position":1,"name":"Accueil","item":"https:\/\/www.public.sn\/"},{"@type":"ListItem","position":2,"name":"Tout savoir sur El Hadji Issa Ndiaye, le juge qui a pr\u00e9sid\u00e9 l\u2019audience sp\u00e9ciale du 23 mai"}]},{"@type":"WebSite","@id":"https:\/\/www.public.sn\/#website","url":"https:\/\/www.public.sn\/","name":"LE PUBLIC","description":"","publisher":{"@id":"https:\/\/www.public.sn\/#organization"},"potentialAction":[{"@type":"SearchAction","target":{"@type":"EntryPoint","urlTemplate":"https:\/\/www.public.sn\/?s={search_term_string}"},"query-input":{"@type":"PropertyValueSpecification","valueRequired":true,"valueName":"search_term_string"}}],"inLanguage":"fr-FR"},{"@type":"Organization","@id":"https:\/\/www.public.sn\/#organization","name":"LE PUBLIC","url":"https:\/\/www.public.sn\/","logo":{"@type":"ImageObject","inLanguage":"fr-FR","@id":"https:\/\/www.public.sn\/#\/schema\/logo\/image\/","url":"https:\/\/www.public.sn\/wp-content\/uploads\/2024\/05\/cropped-LOGO-PUBLIC.SN_.png","contentUrl":"https:\/\/www.public.sn\/wp-content\/uploads\/2024\/05\/cropped-LOGO-PUBLIC.SN_.png","width":682,"height":192,"caption":"LE PUBLIC"},"image":{"@id":"https:\/\/www.public.sn\/#\/schema\/logo\/image\/"}},{"@type":"Person","@id":"https:\/\/www.public.sn\/#\/schema\/person\/e3f4a11b037d4203902db148f9bc8d5a","name":"LA REDACTION","image":{"@type":"ImageObject","inLanguage":"fr-FR","@id":"https:\/\/www.public.sn\/#\/schema\/person\/image\/","url":"https:\/\/secure.gravatar.com\/avatar\/d6c030db45db2883c075085c5d6c6258654a801a93766b49af0b82d4f454e2a5?s=96&d=mm&r=g","contentUrl":"https:\/\/secure.gravatar.com\/avatar\/d6c030db45db2883c075085c5d6c6258654a801a93766b49af0b82d4f454e2a5?s=96&d=mm&r=g","caption":"LA REDACTION"},"sameAs":["http:\/\/www.public.sn"],"url":"https:\/\/www.public.sn\/index.php\/author\/admin7324\/"}]}},"jetpack_featured_media_url":"https:\/\/www.public.sn\/wp-content\/uploads\/2023\/05\/juge.jpg","jetpack_sharing_enabled":true,"_links":{"self":[{"href":"https:\/\/www.public.sn\/index.php\/wp-json\/wp\/v2\/posts\/22426","targetHints":{"allow":["GET"]}}],"collection":[{"href":"https:\/\/www.public.sn\/index.php\/wp-json\/wp\/v2\/posts"}],"about":[{"href":"https:\/\/www.public.sn\/index.php\/wp-json\/wp\/v2\/types\/post"}],"author":[{"embeddable":true,"href":"https:\/\/www.public.sn\/index.php\/wp-json\/wp\/v2\/users\/1"}],"replies":[{"embeddable":true,"href":"https:\/\/www.public.sn\/index.php\/wp-json\/wp\/v2\/comments?post=22426"}],"version-history":[{"count":2,"href":"https:\/\/www.public.sn\/index.php\/wp-json\/wp\/v2\/posts\/22426\/revisions"}],"predecessor-version":[{"id":22429,"href":"https:\/\/www.public.sn\/index.php\/wp-json\/wp\/v2\/posts\/22426\/revisions\/22429"}],"wp:featuredmedia":[{"embeddable":true,"href":"https:\/\/www.public.sn\/index.php\/wp-json\/wp\/v2\/media\/22427"}],"wp:attachment":[{"href":"https:\/\/www.public.sn\/index.php\/wp-json\/wp\/v2\/media?parent=22426"}],"wp:term":[{"taxonomy":"category","embeddable":true,"href":"https:\/\/www.public.sn\/index.php\/wp-json\/wp\/v2\/categories?post=22426"},{"taxonomy":"post_tag","embeddable":true,"href":"https:\/\/www.public.sn\/index.php\/wp-json\/wp\/v2\/tags?post=22426"}],"curies":[{"name":"wp","href":"https:\/\/api.w.org\/{rel}","templated":true}]}}