{"id":22513,"date":"2023-05-25T17:10:01","date_gmt":"2023-05-25T17:10:01","guid":{"rendered":"https:\/\/www.public.sn\/?p=22513"},"modified":"2023-05-25T17:10:01","modified_gmt":"2023-05-25T17:10:01","slug":"proces-sonko-adji-sarr-modou-ndiaye-ladministrateur-de-bambey-tv-en-prison","status":"publish","type":"post","link":"https:\/\/www.public.sn\/index.php\/2023\/05\/25\/proces-sonko-adji-sarr-modou-ndiaye-ladministrateur-de-bambey-tv-en-prison\/","title":{"rendered":"Proc\u00e8s Sonko &#8211; Adji Sarr : Modou Ndiaye, l&rsquo;administrateur de Bambey TV en prison"},"content":{"rendered":"<p><strong>Le jour du proc\u00e8s Adji Sarr contre Ousmane Sonko, la cha\u00eene YouTube Bambey TV avait annonc\u00e9 que le juge Mamadou Fall qui devrait pr\u00e9sider l&rsquo;audience s&rsquo;est d\u00e9sist\u00e9. Arr\u00eat\u00e9 il y a quelques jours par les \u00e9l\u00e9ments de la Division des investigations criminelles (Dic), Modou Ndiaye, l&rsquo;administrateur de la cha\u00eene a \u00e9t\u00e9 plac\u00e9 finalement sous mandat de d\u00e9p\u00f4t par le juge d&rsquo;instruction du premier cabinet qu&rsquo;est Maham Diallo.<\/strong><\/p><div class=\"publi-paragraphe1\" style=\"margin-top: 10px;margin-bottom: 10px;margin-left: auto;margin-right: auto;text-align: center;\" id=\"publi-19905564\"><div class=\"publi-adlabel\">Publicit\u00e9<\/div><script async src=\"\/\/pagead2.googlesyndication.com\/pagead\/js\/adsbygoogle.js?client=ca-pub-4089586018074219\" crossorigin=\"anonymous\"><\/script><ins class=\"adsbygoogle\" style=\"display:block;\" data-ad-client=\"ca-pub-4089586018074219\" \ndata-ad-slot=\"2087940154\" \ndata-ad-format=\"auto\"><\/ins>\n<script> \n(adsbygoogle = window.adsbygoogle || []).push({}); \n<\/script>\n<\/div>\n<p>Il est reproch\u00e9 \u00e0 l&rsquo;administrateur de Bambey des faits de \u00ab man\u0153uvres et actes de nature \u00e0 compromettre la s\u00e9curit\u00e9 publique ou \u00e0 occasionner des troubles politiques graves, \u00e0 enfreindre les lois, apologie du terrorisme, incitation \u00e0 des actes terroristes, apologie de crimes ou d\u00e9lits \u00bb.<\/p>\n<div class=\"publi-apres-le-contenu\" style=\"margin-top: 10px;margin-bottom: 10px;margin-left: auto;margin-right: auto;text-align: center;\" id=\"publi-3603954234\"><div class=\"publi-adlabel\">Publicit\u00e9<\/div><script async src=\"\/\/pagead2.googlesyndication.com\/pagead\/js\/adsbygoogle.js?client=ca-pub-4089586018074219\" crossorigin=\"anonymous\"><\/script><ins class=\"adsbygoogle\" style=\"display:block;\" data-ad-client=\"ca-pub-4089586018074219\" \ndata-ad-slot=\"2087940154\" \ndata-ad-format=\"auto\"><\/ins>\n<script> \n(adsbygoogle = window.adsbygoogle || []).push({}); \n<\/script>\n<\/div>","protected":false},"excerpt":{"rendered":"<p>Le jour du proc\u00e8s Adji Sarr contre Ousmane Sonko, la cha\u00eene YouTube Bambey TV avait annonc\u00e9 que le juge Mamadou Fall qui devrait pr\u00e9sider l&rsquo;audience s&rsquo;est d\u00e9sist\u00e9. Arr\u00eat\u00e9 il y a quelques jours par les \u00e9l\u00e9ments de la Division des investigations criminelles (Dic), Modou Ndiaye, l&rsquo;administrateur de la cha\u00eene a \u00e9t\u00e9 plac\u00e9 finalement sous mandat de d\u00e9p\u00f4t par le juge d&rsquo;instruction du premier cabinet qu&rsquo;est Maham Diallo. Il est reproch\u00e9 \u00e0 l&rsquo;administrateur de Bambey des faits de \u00ab man\u0153uvres et actes de nature \u00e0 compromettre la s\u00e9curit\u00e9 publique ou \u00e0 occasionner des troubles politiques graves, \u00e0 enfreindre les lois, apologie du terrorisme, incitation \u00e0 des actes terroristes, apologie de crimes ou d\u00e9lits \u00bb.<\/p>\n","protected":false},"author":1,"featured_media":22514,"comment_status":"open","ping_status":"open","sticky":false,"template":"","format":"standard","meta":{"_jetpack_memberships_contains_paid_content":false,"footnotes":""},"categories":[375,3,376,1,372,6],"tags":[99,5178,5179,16],"class_list":["post-22513","post","type-post","status-publish","format-standard","has-post-thumbnail","hentry","category-actualites","category-politique","category-securite-justice","category-non-classe","category-vedette","category-videos","tag-adji-sarr","tag-bambey-tv","tag-modou-ndiaye","tag-ousmane-sonko","entry","has-media","owp-thumbs-layout-horizontal","owp-btn-normal","owp-tabs-layout-horizontal","has-no-thumbnails","has-product-nav"],"yoast_head":"<!-- This site is optimized with the Yoast SEO plugin v25.5 - https:\/\/yoast.com\/wordpress\/plugins\/seo\/ -->\n<title>Proc\u00e8s Sonko - Adji Sarr : Modou Ndiaye, l&#039;administrateur de Bambey TV en prison - LE PUBLIC<\/title>\n<meta name=\"description\" content=\"Le jour du proc\u00e8s Adji Sarr contre Ousmane Sonko, la cha\u00eene YouTube Bambey TV avait annonc\u00e9 que le juge Mamadou Fall qui devrait pr\u00e9sider l&#039;audience s&#039;est d\u00e9sist\u00e9. Arr\u00eat\u00e9 il y a quelques jours par les \u00e9l\u00e9ments de la Division des investigations criminelles (Dic), Modou Ndiaye, l&#039;administrateur de la cha\u00eene a \u00e9t\u00e9 plac\u00e9 finalement sous mandat de d\u00e9p\u00f4t par le juge d&#039;instruction du premier cabinet qu&#039;est Maham Diallo.\" \/>\n<meta name=\"robots\" content=\"index, follow, max-snippet:-1, max-image-preview:large, max-video-preview:-1\" \/>\n<link rel=\"canonical\" href=\"https:\/\/www.public.sn\/index.php\/2023\/05\/25\/proces-sonko-adji-sarr-modou-ndiaye-ladministrateur-de-bambey-tv-en-prison\/\" \/>\n<meta property=\"og:locale\" content=\"fr_FR\" \/>\n<meta property=\"og:type\" content=\"article\" \/>\n<meta property=\"og:title\" content=\"Proc\u00e8s Sonko - Adji Sarr : Modou Ndiaye, l&#039;administrateur de Bambey TV en prison - LE PUBLIC\" \/>\n<meta property=\"og:description\" content=\"Le jour du proc\u00e8s Adji Sarr contre Ousmane Sonko, la cha\u00eene YouTube Bambey TV avait annonc\u00e9 que le juge Mamadou Fall qui devrait pr\u00e9sider l&#039;audience s&#039;est d\u00e9sist\u00e9. Arr\u00eat\u00e9 il y a quelques jours par les \u00e9l\u00e9ments de la Division des investigations criminelles (Dic), Modou Ndiaye, l&#039;administrateur de la cha\u00eene a \u00e9t\u00e9 plac\u00e9 finalement sous mandat de d\u00e9p\u00f4t par le juge d&#039;instruction du premier cabinet qu&#039;est Maham Diallo.\" \/>\n<meta property=\"og:url\" content=\"https:\/\/www.public.sn\/index.php\/2023\/05\/25\/proces-sonko-adji-sarr-modou-ndiaye-ladministrateur-de-bambey-tv-en-prison\/\" \/>\n<meta property=\"og:site_name\" content=\"LE PUBLIC\" \/>\n<meta property=\"article:published_time\" content=\"2023-05-25T17:10:01+00:00\" \/>\n<meta property=\"og:image\" content=\"https:\/\/www.public.sn\/wp-content\/uploads\/2023\/05\/73069429-50846787.jpg\" \/>\n\t<meta property=\"og:image:width\" content=\"612\" \/>\n\t<meta property=\"og:image:height\" content=\"298\" \/>\n\t<meta property=\"og:image:type\" content=\"image\/jpeg\" \/>\n<meta name=\"author\" content=\"LA REDACTION\" \/>\n<meta name=\"twitter:card\" content=\"summary_large_image\" \/>\n<meta name=\"twitter:label1\" content=\"\u00c9crit par\" \/>\n\t<meta name=\"twitter:data1\" content=\"LA REDACTION\" \/>\n\t<meta name=\"twitter:label2\" content=\"Dur\u00e9e de lecture estim\u00e9e\" \/>\n\t<meta name=\"twitter:data2\" content=\"1 minute\" \/>\n<script type=\"application\/ld+json\" class=\"yoast-schema-graph\">{\"@context\":\"https:\/\/schema.org\",\"@graph\":[{\"@type\":\"Article\",\"@id\":\"https:\/\/www.public.sn\/index.php\/2023\/05\/25\/proces-sonko-adji-sarr-modou-ndiaye-ladministrateur-de-bambey-tv-en-prison\/#article\",\"isPartOf\":{\"@id\":\"https:\/\/www.public.sn\/index.php\/2023\/05\/25\/proces-sonko-adji-sarr-modou-ndiaye-ladministrateur-de-bambey-tv-en-prison\/\"},\"author\":{\"name\":\"LA REDACTION\",\"@id\":\"https:\/\/www.public.sn\/#\/schema\/person\/e3f4a11b037d4203902db148f9bc8d5a\"},\"headline\":\"Proc\u00e8s Sonko &#8211; Adji Sarr : Modou Ndiaye, l&rsquo;administrateur de Bambey TV en prison\",\"datePublished\":\"2023-05-25T17:10:01+00:00\",\"mainEntityOfPage\":{\"@id\":\"https:\/\/www.public.sn\/index.php\/2023\/05\/25\/proces-sonko-adji-sarr-modou-ndiaye-ladministrateur-de-bambey-tv-en-prison\/\"},\"wordCount\":132,\"commentCount\":0,\"publisher\":{\"@id\":\"https:\/\/www.public.sn\/#organization\"},\"image\":{\"@id\":\"https:\/\/www.public.sn\/index.php\/2023\/05\/25\/proces-sonko-adji-sarr-modou-ndiaye-ladministrateur-de-bambey-tv-en-prison\/#primaryimage\"},\"thumbnailUrl\":\"https:\/\/www.public.sn\/wp-content\/uploads\/2023\/05\/73069429-50846787.jpg\",\"keywords\":[\"Adji Sarr\",\"Bambey TV\",\"Modou Ndiaye\",\"Ousmane Sonko\"],\"articleSection\":[\"ACTUALIT\u00c9S\",\"POLITIQUE\",\"S\u00c9CURIT\u00c9 &amp; JUSTICE\",\"S\u00c9N\u00c9GAL\",\"VEDETTE\",\"VIDEOS\"],\"inLanguage\":\"fr-FR\",\"potentialAction\":[{\"@type\":\"CommentAction\",\"name\":\"Comment\",\"target\":[\"https:\/\/www.public.sn\/index.php\/2023\/05\/25\/proces-sonko-adji-sarr-modou-ndiaye-ladministrateur-de-bambey-tv-en-prison\/#respond\"]}]},{\"@type\":\"WebPage\",\"@id\":\"https:\/\/www.public.sn\/index.php\/2023\/05\/25\/proces-sonko-adji-sarr-modou-ndiaye-ladministrateur-de-bambey-tv-en-prison\/\",\"url\":\"https:\/\/www.public.sn\/index.php\/2023\/05\/25\/proces-sonko-adji-sarr-modou-ndiaye-ladministrateur-de-bambey-tv-en-prison\/\",\"name\":\"Proc\u00e8s Sonko - Adji Sarr : Modou Ndiaye, l'administrateur de Bambey TV en prison - LE PUBLIC\",\"isPartOf\":{\"@id\":\"https:\/\/www.public.sn\/#website\"},\"primaryImageOfPage\":{\"@id\":\"https:\/\/www.public.sn\/index.php\/2023\/05\/25\/proces-sonko-adji-sarr-modou-ndiaye-ladministrateur-de-bambey-tv-en-prison\/#primaryimage\"},\"image\":{\"@id\":\"https:\/\/www.public.sn\/index.php\/2023\/05\/25\/proces-sonko-adji-sarr-modou-ndiaye-ladministrateur-de-bambey-tv-en-prison\/#primaryimage\"},\"thumbnailUrl\":\"https:\/\/www.public.sn\/wp-content\/uploads\/2023\/05\/73069429-50846787.jpg\",\"datePublished\":\"2023-05-25T17:10:01+00:00\",\"description\":\"Le jour du proc\u00e8s Adji Sarr contre Ousmane Sonko, la cha\u00eene YouTube Bambey TV avait annonc\u00e9 que le juge Mamadou Fall qui devrait pr\u00e9sider l'audience s'est d\u00e9sist\u00e9. Arr\u00eat\u00e9 il y a quelques jours par les \u00e9l\u00e9ments de la Division des investigations criminelles (Dic), Modou Ndiaye, l'administrateur de la cha\u00eene a \u00e9t\u00e9 plac\u00e9 finalement sous mandat de d\u00e9p\u00f4t par le juge d'instruction du premier cabinet qu'est Maham Diallo.\",\"breadcrumb\":{\"@id\":\"https:\/\/www.public.sn\/index.php\/2023\/05\/25\/proces-sonko-adji-sarr-modou-ndiaye-ladministrateur-de-bambey-tv-en-prison\/#breadcrumb\"},\"inLanguage\":\"fr-FR\",\"potentialAction\":[{\"@type\":\"ReadAction\",\"target\":[\"https:\/\/www.public.sn\/index.php\/2023\/05\/25\/proces-sonko-adji-sarr-modou-ndiaye-ladministrateur-de-bambey-tv-en-prison\/\"]}]},{\"@type\":\"ImageObject\",\"inLanguage\":\"fr-FR\",\"@id\":\"https:\/\/www.public.sn\/index.php\/2023\/05\/25\/proces-sonko-adji-sarr-modou-ndiaye-ladministrateur-de-bambey-tv-en-prison\/#primaryimage\",\"url\":\"https:\/\/www.public.sn\/wp-content\/uploads\/2023\/05\/73069429-50846787.jpg\",\"contentUrl\":\"https:\/\/www.public.sn\/wp-content\/uploads\/2023\/05\/73069429-50846787.jpg\",\"width\":612,\"height\":298},{\"@type\":\"BreadcrumbList\",\"@id\":\"https:\/\/www.public.sn\/index.php\/2023\/05\/25\/proces-sonko-adji-sarr-modou-ndiaye-ladministrateur-de-bambey-tv-en-prison\/#breadcrumb\",\"itemListElement\":[{\"@type\":\"ListItem\",\"position\":1,\"name\":\"Accueil\",\"item\":\"https:\/\/www.public.sn\/\"},{\"@type\":\"ListItem\",\"position\":2,\"name\":\"Proc\u00e8s Sonko &#8211; Adji Sarr : Modou Ndiaye, l&rsquo;administrateur de Bambey TV en prison\"}]},{\"@type\":\"WebSite\",\"@id\":\"https:\/\/www.public.sn\/#website\",\"url\":\"https:\/\/www.public.sn\/\",\"name\":\"LE PUBLIC\",\"description\":\"\",\"publisher\":{\"@id\":\"https:\/\/www.public.sn\/#organization\"},\"potentialAction\":[{\"@type\":\"SearchAction\",\"target\":{\"@type\":\"EntryPoint\",\"urlTemplate\":\"https:\/\/www.public.sn\/?s={search_term_string}\"},\"query-input\":{\"@type\":\"PropertyValueSpecification\",\"valueRequired\":true,\"valueName\":\"search_term_string\"}}],\"inLanguage\":\"fr-FR\"},{\"@type\":\"Organization\",\"@id\":\"https:\/\/www.public.sn\/#organization\",\"name\":\"LE PUBLIC\",\"url\":\"https:\/\/www.public.sn\/\",\"logo\":{\"@type\":\"ImageObject\",\"inLanguage\":\"fr-FR\",\"@id\":\"https:\/\/www.public.sn\/#\/schema\/logo\/image\/\",\"url\":\"https:\/\/www.public.sn\/wp-content\/uploads\/2024\/05\/cropped-LOGO-PUBLIC.SN_.png\",\"contentUrl\":\"https:\/\/www.public.sn\/wp-content\/uploads\/2024\/05\/cropped-LOGO-PUBLIC.SN_.png\",\"width\":682,\"height\":192,\"caption\":\"LE PUBLIC\"},\"image\":{\"@id\":\"https:\/\/www.public.sn\/#\/schema\/logo\/image\/\"}},{\"@type\":\"Person\",\"@id\":\"https:\/\/www.public.sn\/#\/schema\/person\/e3f4a11b037d4203902db148f9bc8d5a\",\"name\":\"LA REDACTION\",\"image\":{\"@type\":\"ImageObject\",\"inLanguage\":\"fr-FR\",\"@id\":\"https:\/\/www.public.sn\/#\/schema\/person\/image\/\",\"url\":\"https:\/\/secure.gravatar.com\/avatar\/d6c030db45db2883c075085c5d6c6258654a801a93766b49af0b82d4f454e2a5?s=96&d=mm&r=g\",\"contentUrl\":\"https:\/\/secure.gravatar.com\/avatar\/d6c030db45db2883c075085c5d6c6258654a801a93766b49af0b82d4f454e2a5?s=96&d=mm&r=g\",\"caption\":\"LA REDACTION\"},\"sameAs\":[\"http:\/\/www.public.sn\"],\"url\":\"https:\/\/www.public.sn\/index.php\/author\/admin7324\/\"}]}<\/script>\n<!-- \/ Yoast SEO plugin. -->","yoast_head_json":{"title":"Proc\u00e8s Sonko - Adji Sarr : Modou Ndiaye, l'administrateur de Bambey TV en prison - LE PUBLIC","description":"Le jour du proc\u00e8s Adji Sarr contre Ousmane Sonko, la cha\u00eene YouTube Bambey TV avait annonc\u00e9 que le juge Mamadou Fall qui devrait pr\u00e9sider l'audience s'est d\u00e9sist\u00e9. Arr\u00eat\u00e9 il y a quelques jours par les \u00e9l\u00e9ments de la Division des investigations criminelles (Dic), Modou Ndiaye, l'administrateur de la cha\u00eene a \u00e9t\u00e9 plac\u00e9 finalement sous mandat de d\u00e9p\u00f4t par le juge d'instruction du premier cabinet qu'est Maham Diallo.","robots":{"index":"index","follow":"follow","max-snippet":"max-snippet:-1","max-image-preview":"max-image-preview:large","max-video-preview":"max-video-preview:-1"},"canonical":"https:\/\/www.public.sn\/index.php\/2023\/05\/25\/proces-sonko-adji-sarr-modou-ndiaye-ladministrateur-de-bambey-tv-en-prison\/","og_locale":"fr_FR","og_type":"article","og_title":"Proc\u00e8s Sonko - Adji Sarr : Modou Ndiaye, l'administrateur de Bambey TV en prison - LE PUBLIC","og_description":"Le jour du proc\u00e8s Adji Sarr contre Ousmane Sonko, la cha\u00eene YouTube Bambey TV avait annonc\u00e9 que le juge Mamadou Fall qui devrait pr\u00e9sider l'audience s'est d\u00e9sist\u00e9. Arr\u00eat\u00e9 il y a quelques jours par les \u00e9l\u00e9ments de la Division des investigations criminelles (Dic), Modou Ndiaye, l'administrateur de la cha\u00eene a \u00e9t\u00e9 plac\u00e9 finalement sous mandat de d\u00e9p\u00f4t par le juge d'instruction du premier cabinet qu'est Maham Diallo.","og_url":"https:\/\/www.public.sn\/index.php\/2023\/05\/25\/proces-sonko-adji-sarr-modou-ndiaye-ladministrateur-de-bambey-tv-en-prison\/","og_site_name":"LE PUBLIC","article_published_time":"2023-05-25T17:10:01+00:00","og_image":[{"width":612,"height":298,"url":"https:\/\/www.public.sn\/wp-content\/uploads\/2023\/05\/73069429-50846787.jpg","type":"image\/jpeg"}],"author":"LA REDACTION","twitter_card":"summary_large_image","twitter_misc":{"\u00c9crit par":"LA REDACTION","Dur\u00e9e de lecture estim\u00e9e":"1 minute"},"schema":{"@context":"https:\/\/schema.org","@graph":[{"@type":"Article","@id":"https:\/\/www.public.sn\/index.php\/2023\/05\/25\/proces-sonko-adji-sarr-modou-ndiaye-ladministrateur-de-bambey-tv-en-prison\/#article","isPartOf":{"@id":"https:\/\/www.public.sn\/index.php\/2023\/05\/25\/proces-sonko-adji-sarr-modou-ndiaye-ladministrateur-de-bambey-tv-en-prison\/"},"author":{"name":"LA REDACTION","@id":"https:\/\/www.public.sn\/#\/schema\/person\/e3f4a11b037d4203902db148f9bc8d5a"},"headline":"Proc\u00e8s Sonko &#8211; Adji Sarr : Modou Ndiaye, l&rsquo;administrateur de Bambey TV en prison","datePublished":"2023-05-25T17:10:01+00:00","mainEntityOfPage":{"@id":"https:\/\/www.public.sn\/index.php\/2023\/05\/25\/proces-sonko-adji-sarr-modou-ndiaye-ladministrateur-de-bambey-tv-en-prison\/"},"wordCount":132,"commentCount":0,"publisher":{"@id":"https:\/\/www.public.sn\/#organization"},"image":{"@id":"https:\/\/www.public.sn\/index.php\/2023\/05\/25\/proces-sonko-adji-sarr-modou-ndiaye-ladministrateur-de-bambey-tv-en-prison\/#primaryimage"},"thumbnailUrl":"https:\/\/www.public.sn\/wp-content\/uploads\/2023\/05\/73069429-50846787.jpg","keywords":["Adji Sarr","Bambey TV","Modou Ndiaye","Ousmane Sonko"],"articleSection":["ACTUALIT\u00c9S","POLITIQUE","S\u00c9CURIT\u00c9 &amp; JUSTICE","S\u00c9N\u00c9GAL","VEDETTE","VIDEOS"],"inLanguage":"fr-FR","potentialAction":[{"@type":"CommentAction","name":"Comment","target":["https:\/\/www.public.sn\/index.php\/2023\/05\/25\/proces-sonko-adji-sarr-modou-ndiaye-ladministrateur-de-bambey-tv-en-prison\/#respond"]}]},{"@type":"WebPage","@id":"https:\/\/www.public.sn\/index.php\/2023\/05\/25\/proces-sonko-adji-sarr-modou-ndiaye-ladministrateur-de-bambey-tv-en-prison\/","url":"https:\/\/www.public.sn\/index.php\/2023\/05\/25\/proces-sonko-adji-sarr-modou-ndiaye-ladministrateur-de-bambey-tv-en-prison\/","name":"Proc\u00e8s Sonko - Adji Sarr : Modou Ndiaye, l'administrateur de Bambey TV en prison - LE PUBLIC","isPartOf":{"@id":"https:\/\/www.public.sn\/#website"},"primaryImageOfPage":{"@id":"https:\/\/www.public.sn\/index.php\/2023\/05\/25\/proces-sonko-adji-sarr-modou-ndiaye-ladministrateur-de-bambey-tv-en-prison\/#primaryimage"},"image":{"@id":"https:\/\/www.public.sn\/index.php\/2023\/05\/25\/proces-sonko-adji-sarr-modou-ndiaye-ladministrateur-de-bambey-tv-en-prison\/#primaryimage"},"thumbnailUrl":"https:\/\/www.public.sn\/wp-content\/uploads\/2023\/05\/73069429-50846787.jpg","datePublished":"2023-05-25T17:10:01+00:00","description":"Le jour du proc\u00e8s Adji Sarr contre Ousmane Sonko, la cha\u00eene YouTube Bambey TV avait annonc\u00e9 que le juge Mamadou Fall qui devrait pr\u00e9sider l'audience s'est d\u00e9sist\u00e9. Arr\u00eat\u00e9 il y a quelques jours par les \u00e9l\u00e9ments de la Division des investigations criminelles (Dic), Modou Ndiaye, l'administrateur de la cha\u00eene a \u00e9t\u00e9 plac\u00e9 finalement sous mandat de d\u00e9p\u00f4t par le juge d'instruction du premier cabinet qu'est Maham Diallo.","breadcrumb":{"@id":"https:\/\/www.public.sn\/index.php\/2023\/05\/25\/proces-sonko-adji-sarr-modou-ndiaye-ladministrateur-de-bambey-tv-en-prison\/#breadcrumb"},"inLanguage":"fr-FR","potentialAction":[{"@type":"ReadAction","target":["https:\/\/www.public.sn\/index.php\/2023\/05\/25\/proces-sonko-adji-sarr-modou-ndiaye-ladministrateur-de-bambey-tv-en-prison\/"]}]},{"@type":"ImageObject","inLanguage":"fr-FR","@id":"https:\/\/www.public.sn\/index.php\/2023\/05\/25\/proces-sonko-adji-sarr-modou-ndiaye-ladministrateur-de-bambey-tv-en-prison\/#primaryimage","url":"https:\/\/www.public.sn\/wp-content\/uploads\/2023\/05\/73069429-50846787.jpg","contentUrl":"https:\/\/www.public.sn\/wp-content\/uploads\/2023\/05\/73069429-50846787.jpg","width":612,"height":298},{"@type":"BreadcrumbList","@id":"https:\/\/www.public.sn\/index.php\/2023\/05\/25\/proces-sonko-adji-sarr-modou-ndiaye-ladministrateur-de-bambey-tv-en-prison\/#breadcrumb","itemListElement":[{"@type":"ListItem","position":1,"name":"Accueil","item":"https:\/\/www.public.sn\/"},{"@type":"ListItem","position":2,"name":"Proc\u00e8s Sonko &#8211; Adji Sarr : Modou Ndiaye, l&rsquo;administrateur de Bambey TV en prison"}]},{"@type":"WebSite","@id":"https:\/\/www.public.sn\/#website","url":"https:\/\/www.public.sn\/","name":"LE PUBLIC","description":"","publisher":{"@id":"https:\/\/www.public.sn\/#organization"},"potentialAction":[{"@type":"SearchAction","target":{"@type":"EntryPoint","urlTemplate":"https:\/\/www.public.sn\/?s={search_term_string}"},"query-input":{"@type":"PropertyValueSpecification","valueRequired":true,"valueName":"search_term_string"}}],"inLanguage":"fr-FR"},{"@type":"Organization","@id":"https:\/\/www.public.sn\/#organization","name":"LE PUBLIC","url":"https:\/\/www.public.sn\/","logo":{"@type":"ImageObject","inLanguage":"fr-FR","@id":"https:\/\/www.public.sn\/#\/schema\/logo\/image\/","url":"https:\/\/www.public.sn\/wp-content\/uploads\/2024\/05\/cropped-LOGO-PUBLIC.SN_.png","contentUrl":"https:\/\/www.public.sn\/wp-content\/uploads\/2024\/05\/cropped-LOGO-PUBLIC.SN_.png","width":682,"height":192,"caption":"LE PUBLIC"},"image":{"@id":"https:\/\/www.public.sn\/#\/schema\/logo\/image\/"}},{"@type":"Person","@id":"https:\/\/www.public.sn\/#\/schema\/person\/e3f4a11b037d4203902db148f9bc8d5a","name":"LA REDACTION","image":{"@type":"ImageObject","inLanguage":"fr-FR","@id":"https:\/\/www.public.sn\/#\/schema\/person\/image\/","url":"https:\/\/secure.gravatar.com\/avatar\/d6c030db45db2883c075085c5d6c6258654a801a93766b49af0b82d4f454e2a5?s=96&d=mm&r=g","contentUrl":"https:\/\/secure.gravatar.com\/avatar\/d6c030db45db2883c075085c5d6c6258654a801a93766b49af0b82d4f454e2a5?s=96&d=mm&r=g","caption":"LA REDACTION"},"sameAs":["http:\/\/www.public.sn"],"url":"https:\/\/www.public.sn\/index.php\/author\/admin7324\/"}]}},"jetpack_featured_media_url":"https:\/\/www.public.sn\/wp-content\/uploads\/2023\/05\/73069429-50846787.jpg","jetpack_sharing_enabled":true,"_links":{"self":[{"href":"https:\/\/www.public.sn\/index.php\/wp-json\/wp\/v2\/posts\/22513","targetHints":{"allow":["GET"]}}],"collection":[{"href":"https:\/\/www.public.sn\/index.php\/wp-json\/wp\/v2\/posts"}],"about":[{"href":"https:\/\/www.public.sn\/index.php\/wp-json\/wp\/v2\/types\/post"}],"author":[{"embeddable":true,"href":"https:\/\/www.public.sn\/index.php\/wp-json\/wp\/v2\/users\/1"}],"replies":[{"embeddable":true,"href":"https:\/\/www.public.sn\/index.php\/wp-json\/wp\/v2\/comments?post=22513"}],"version-history":[{"count":1,"href":"https:\/\/www.public.sn\/index.php\/wp-json\/wp\/v2\/posts\/22513\/revisions"}],"predecessor-version":[{"id":22515,"href":"https:\/\/www.public.sn\/index.php\/wp-json\/wp\/v2\/posts\/22513\/revisions\/22515"}],"wp:featuredmedia":[{"embeddable":true,"href":"https:\/\/www.public.sn\/index.php\/wp-json\/wp\/v2\/media\/22514"}],"wp:attachment":[{"href":"https:\/\/www.public.sn\/index.php\/wp-json\/wp\/v2\/media?parent=22513"}],"wp:term":[{"taxonomy":"category","embeddable":true,"href":"https:\/\/www.public.sn\/index.php\/wp-json\/wp\/v2\/categories?post=22513"},{"taxonomy":"post_tag","embeddable":true,"href":"https:\/\/www.public.sn\/index.php\/wp-json\/wp\/v2\/tags?post=22513"}],"curies":[{"name":"wp","href":"https:\/\/api.w.org\/{rel}","templated":true}]}}