{"id":22516,"date":"2023-05-25T18:05:11","date_gmt":"2023-05-25T18:05:11","guid":{"rendered":"https:\/\/www.public.sn\/?p=22516"},"modified":"2023-05-25T18:06:54","modified_gmt":"2023-05-25T18:06:54","slug":"abdou-karim-fofana-nous-maintiendrons-lordre-public-quel-quen-soit-le-prix","status":"publish","type":"post","link":"https:\/\/www.public.sn\/index.php\/2023\/05\/25\/abdou-karim-fofana-nous-maintiendrons-lordre-public-quel-quen-soit-le-prix\/","title":{"rendered":"Abdou Karim Fofana : \u00ab Nous maintiendrons l\u2019ordre public quel qu\u2019en soit le prix \u00bb"},"content":{"rendered":"<p><strong>R\u00e9ponse du berger \u00e0 la berg\u00e8re. Quelques heures apr\u00e8s la sortie de Ousmane Sonko menacer de marcher jusqu&rsquo;\u00e0 palais, le gouvernement s\u00e9n\u00e9galais sort de son mutisme et affirme sa d\u00e9termination \u00e0 r\u00e9primer toute tentative de troubles \u00e0 l\u2019ordre public.\u00a0\u00a0<\/strong><\/p><div class=\"publi-paragraphe1\" style=\"margin-top: 10px;margin-bottom: 10px;margin-left: auto;margin-right: auto;text-align: center;\" id=\"publi-795348467\"><div class=\"publi-adlabel\">Publicit\u00e9<\/div><script async src=\"\/\/pagead2.googlesyndication.com\/pagead\/js\/adsbygoogle.js?client=ca-pub-4089586018074219\" crossorigin=\"anonymous\"><\/script><ins class=\"adsbygoogle\" style=\"display:block;\" data-ad-client=\"ca-pub-4089586018074219\" \ndata-ad-slot=\"2087940154\" \ndata-ad-format=\"auto\"><\/ins>\n<script> \n(adsbygoogle = window.adsbygoogle || []).push({}); \n<\/script>\n<\/div>\n<p>\u00ab Nous maintiendrons l\u2019ordre public quel qu\u2019en soit le prix \u00bb, a d\u00e9clar\u00e9 le porte-parole du gouvernement, Abdou Karim Fofana, lors d\u2019une conf\u00e9rence de presse. \u00ab Nous n\u2019autoriserons personne, absolument personne, \u00e0 perturber l\u2019ordre public et la tranquillit\u00e9 des S\u00e9n\u00e9galais \u00bb, a-t-il ajout\u00e9. Apr\u00e8s son proc\u00e8s pour viol tenu en son absence mardi, Ousmane Sonko a annonc\u00e9 mercredi \u00e0 Ziguinchor son intention de rentrer \u00e0 Dakar par la route et de transformer ce trajet d\u2019environ 500 kilom\u00e8tres en une \u00ab caravane de la libert\u00e9 \u00bb, afin de mener \u00ab le combat final \u00bb contre le pr\u00e9sident Macky Sall.<\/p>\n<p>\u00ab M\u00eame s\u2019il souhaite se rendre \u00e0 Dakar \u00e0 pied, cela ne pose pas de probl\u00e8me tant qu\u2019il respecte les lois et les r\u00e8glements \u00bb, a expliqu\u00e9 M. Fofana. Aucune demande de manifestation n\u2019a \u00e9t\u00e9 d\u00e9pos\u00e9e \u00ab \u00e0 notre connaissance \u00bb, a-t-il pr\u00e9cis\u00e9 jeudi apr\u00e8s-midi. Le porte-parole du gouvernement s\u2019est interrog\u00e9 sur la possibilit\u00e9 que M. Sonko cherche \u00e0 \u00ab se faire arr\u00eater pour des raisons politiques \u00bb afin d\u2019\u00e9viter la honte d\u2019une condamnation p\u00e9nale \u00ab pour des affaires sordides \u00bb.<\/p>\n<p>&nbsp;<\/p>\n<div class=\"publi-apres-le-contenu\" style=\"margin-top: 10px;margin-bottom: 10px;margin-left: auto;margin-right: auto;text-align: center;\" id=\"publi-1228613574\"><div class=\"publi-adlabel\">Publicit\u00e9<\/div><script async src=\"\/\/pagead2.googlesyndication.com\/pagead\/js\/adsbygoogle.js?client=ca-pub-4089586018074219\" crossorigin=\"anonymous\"><\/script><ins class=\"adsbygoogle\" style=\"display:block;\" data-ad-client=\"ca-pub-4089586018074219\" \ndata-ad-slot=\"2087940154\" \ndata-ad-format=\"auto\"><\/ins>\n<script> \n(adsbygoogle = window.adsbygoogle || []).push({}); \n<\/script>\n<\/div>","protected":false},"excerpt":{"rendered":"<p>R\u00e9ponse du berger \u00e0 la berg\u00e8re. Quelques heures apr\u00e8s la sortie de Ousmane Sonko menacer de marcher jusqu&rsquo;\u00e0 palais, le gouvernement s\u00e9n\u00e9galais sort de son mutisme et affirme sa d\u00e9termination \u00e0 r\u00e9primer toute tentative de troubles \u00e0 l\u2019ordre public.\u00a0\u00a0 \u00ab Nous maintiendrons l\u2019ordre public quel qu\u2019en soit le prix \u00bb, a d\u00e9clar\u00e9 le porte-parole du gouvernement, Abdou Karim Fofana, lors d\u2019une conf\u00e9rence de presse. \u00ab Nous n\u2019autoriserons personne, absolument personne, \u00e0 perturber l\u2019ordre public et la tranquillit\u00e9 des S\u00e9n\u00e9galais \u00bb, a-t-il ajout\u00e9. Apr\u00e8s son proc\u00e8s pour viol tenu en son absence mardi, Ousmane Sonko a annonc\u00e9 mercredi \u00e0 Ziguinchor son intention de rentrer \u00e0 Dakar par la route et de transformer ce trajet d\u2019environ 500 kilom\u00e8tres en une \u00ab caravane de la libert\u00e9 \u00bb, afin de mener \u00ab le combat final \u00bb contre le pr\u00e9sident Macky Sall. \u00ab M\u00eame s\u2019il souhaite se rendre \u00e0 Dakar \u00e0 pied, cela ne pose pas de probl\u00e8me tant qu\u2019il respecte les lois et les r\u00e8glements \u00bb, a expliqu\u00e9 M. Fofana. Aucune demande de manifestation n\u2019a \u00e9t\u00e9 d\u00e9pos\u00e9e \u00ab \u00e0 notre connaissance \u00bb, a-t-il pr\u00e9cis\u00e9 jeudi apr\u00e8s-midi. Le porte-parole du gouvernement s\u2019est interrog\u00e9 sur la possibilit\u00e9 que M. Sonko cherche \u00e0 \u00ab se faire arr\u00eater pour des raisons politiques \u00bb afin d\u2019\u00e9viter la honte d\u2019une condamnation p\u00e9nale \u00ab pour des affaires sordides \u00bb. &nbsp;<\/p>\n","protected":false},"author":1,"featured_media":18466,"comment_status":"open","ping_status":"open","sticky":false,"template":"","format":"standard","meta":{"_jetpack_memberships_contains_paid_content":false,"footnotes":""},"categories":[375,3,372],"tags":[2568],"class_list":["post-22516","post","type-post","status-publish","format-standard","has-post-thumbnail","hentry","category-actualites","category-politique","category-vedette","tag-abdou-karim-fofana","entry","has-media","owp-thumbs-layout-horizontal","owp-btn-normal","owp-tabs-layout-horizontal","has-no-thumbnails","has-product-nav"],"yoast_head":"<!-- This site is optimized with the Yoast SEO plugin v25.5 - https:\/\/yoast.com\/wordpress\/plugins\/seo\/ -->\n<title>Abdou Karim Fofana : \u00ab Nous maintiendrons l\u2019ordre public quel qu\u2019en soit le prix \u00bb - LE PUBLIC<\/title>\n<meta name=\"robots\" content=\"index, follow, max-snippet:-1, max-image-preview:large, max-video-preview:-1\" \/>\n<link rel=\"canonical\" href=\"https:\/\/www.public.sn\/index.php\/2023\/05\/25\/abdou-karim-fofana-nous-maintiendrons-lordre-public-quel-quen-soit-le-prix\/\" \/>\n<meta property=\"og:locale\" content=\"fr_FR\" \/>\n<meta property=\"og:type\" content=\"article\" \/>\n<meta property=\"og:title\" content=\"Abdou Karim Fofana : \u00ab Nous maintiendrons l\u2019ordre public quel qu\u2019en soit le prix \u00bb - LE PUBLIC\" \/>\n<meta property=\"og:description\" content=\"R\u00e9ponse du berger \u00e0 la berg\u00e8re. Quelques heures apr\u00e8s la sortie de Ousmane Sonko menacer de marcher jusqu&rsquo;\u00e0 palais, le gouvernement s\u00e9n\u00e9galais sort de son mutisme et affirme sa d\u00e9termination \u00e0 r\u00e9primer toute tentative de troubles \u00e0 l\u2019ordre public.\u00a0\u00a0 \u00ab Nous maintiendrons l\u2019ordre public quel qu\u2019en soit le prix \u00bb, a d\u00e9clar\u00e9 le porte-parole du gouvernement, Abdou Karim Fofana, lors d\u2019une conf\u00e9rence de presse. \u00ab Nous n\u2019autoriserons personne, absolument personne, \u00e0 perturber l\u2019ordre public et la tranquillit\u00e9 des S\u00e9n\u00e9galais \u00bb, a-t-il ajout\u00e9. Apr\u00e8s son proc\u00e8s pour viol tenu en son absence mardi, Ousmane Sonko a annonc\u00e9 mercredi \u00e0 Ziguinchor son intention de rentrer \u00e0 Dakar par la route et de transformer ce trajet d\u2019environ 500 kilom\u00e8tres en une \u00ab caravane de la libert\u00e9 \u00bb, afin de mener \u00ab le combat final \u00bb contre le pr\u00e9sident Macky Sall. \u00ab M\u00eame s\u2019il souhaite se rendre \u00e0 Dakar \u00e0 pied, cela ne pose pas de probl\u00e8me tant qu\u2019il respecte les lois et les r\u00e8glements \u00bb, a expliqu\u00e9 M. Fofana. Aucune demande de manifestation n\u2019a \u00e9t\u00e9 d\u00e9pos\u00e9e \u00ab \u00e0 notre connaissance \u00bb, a-t-il pr\u00e9cis\u00e9 jeudi apr\u00e8s-midi. Le porte-parole du gouvernement s\u2019est interrog\u00e9 sur la possibilit\u00e9 que M. Sonko cherche \u00e0 \u00ab se faire arr\u00eater pour des raisons politiques \u00bb afin d\u2019\u00e9viter la honte d\u2019une condamnation p\u00e9nale \u00ab pour des affaires sordides \u00bb. &nbsp;\" \/>\n<meta property=\"og:url\" content=\"https:\/\/www.public.sn\/index.php\/2023\/05\/25\/abdou-karim-fofana-nous-maintiendrons-lordre-public-quel-quen-soit-le-prix\/\" \/>\n<meta property=\"og:site_name\" content=\"LE PUBLIC\" \/>\n<meta property=\"article:published_time\" content=\"2023-05-25T18:05:11+00:00\" \/>\n<meta property=\"article:modified_time\" content=\"2023-05-25T18:06:54+00:00\" \/>\n<meta property=\"og:image\" content=\"https:\/\/www.public.sn\/wp-content\/uploads\/2023\/03\/Abdou-Karim-Fofana-1.jpg\" \/>\n\t<meta property=\"og:image:width\" content=\"650\" \/>\n\t<meta property=\"og:image:height\" content=\"467\" \/>\n\t<meta property=\"og:image:type\" content=\"image\/jpeg\" \/>\n<meta name=\"author\" content=\"LA REDACTION\" \/>\n<meta name=\"twitter:card\" content=\"summary_large_image\" \/>\n<meta name=\"twitter:label1\" content=\"\u00c9crit par\" \/>\n\t<meta name=\"twitter:data1\" content=\"LA REDACTION\" \/>\n\t<meta name=\"twitter:label2\" content=\"Dur\u00e9e de lecture estim\u00e9e\" \/>\n\t<meta name=\"twitter:data2\" content=\"2 minutes\" \/>\n<script type=\"application\/ld+json\" class=\"yoast-schema-graph\">{\"@context\":\"https:\/\/schema.org\",\"@graph\":[{\"@type\":\"Article\",\"@id\":\"https:\/\/www.public.sn\/index.php\/2023\/05\/25\/abdou-karim-fofana-nous-maintiendrons-lordre-public-quel-quen-soit-le-prix\/#article\",\"isPartOf\":{\"@id\":\"https:\/\/www.public.sn\/index.php\/2023\/05\/25\/abdou-karim-fofana-nous-maintiendrons-lordre-public-quel-quen-soit-le-prix\/\"},\"author\":{\"name\":\"LA REDACTION\",\"@id\":\"https:\/\/www.public.sn\/#\/schema\/person\/e3f4a11b037d4203902db148f9bc8d5a\"},\"headline\":\"Abdou Karim Fofana : \u00ab Nous maintiendrons l\u2019ordre public quel qu\u2019en soit le prix \u00bb\",\"datePublished\":\"2023-05-25T18:05:11+00:00\",\"dateModified\":\"2023-05-25T18:06:54+00:00\",\"mainEntityOfPage\":{\"@id\":\"https:\/\/www.public.sn\/index.php\/2023\/05\/25\/abdou-karim-fofana-nous-maintiendrons-lordre-public-quel-quen-soit-le-prix\/\"},\"wordCount\":243,\"commentCount\":0,\"publisher\":{\"@id\":\"https:\/\/www.public.sn\/#organization\"},\"image\":{\"@id\":\"https:\/\/www.public.sn\/index.php\/2023\/05\/25\/abdou-karim-fofana-nous-maintiendrons-lordre-public-quel-quen-soit-le-prix\/#primaryimage\"},\"thumbnailUrl\":\"https:\/\/www.public.sn\/wp-content\/uploads\/2023\/03\/Abdou-Karim-Fofana-1.jpg\",\"keywords\":[\"Abdou Karim Fofana\"],\"articleSection\":[\"ACTUALIT\u00c9S\",\"POLITIQUE\",\"VEDETTE\"],\"inLanguage\":\"fr-FR\",\"potentialAction\":[{\"@type\":\"CommentAction\",\"name\":\"Comment\",\"target\":[\"https:\/\/www.public.sn\/index.php\/2023\/05\/25\/abdou-karim-fofana-nous-maintiendrons-lordre-public-quel-quen-soit-le-prix\/#respond\"]}]},{\"@type\":\"WebPage\",\"@id\":\"https:\/\/www.public.sn\/index.php\/2023\/05\/25\/abdou-karim-fofana-nous-maintiendrons-lordre-public-quel-quen-soit-le-prix\/\",\"url\":\"https:\/\/www.public.sn\/index.php\/2023\/05\/25\/abdou-karim-fofana-nous-maintiendrons-lordre-public-quel-quen-soit-le-prix\/\",\"name\":\"Abdou Karim Fofana : \u00ab Nous maintiendrons l\u2019ordre public quel qu\u2019en soit le prix \u00bb - LE PUBLIC\",\"isPartOf\":{\"@id\":\"https:\/\/www.public.sn\/#website\"},\"primaryImageOfPage\":{\"@id\":\"https:\/\/www.public.sn\/index.php\/2023\/05\/25\/abdou-karim-fofana-nous-maintiendrons-lordre-public-quel-quen-soit-le-prix\/#primaryimage\"},\"image\":{\"@id\":\"https:\/\/www.public.sn\/index.php\/2023\/05\/25\/abdou-karim-fofana-nous-maintiendrons-lordre-public-quel-quen-soit-le-prix\/#primaryimage\"},\"thumbnailUrl\":\"https:\/\/www.public.sn\/wp-content\/uploads\/2023\/03\/Abdou-Karim-Fofana-1.jpg\",\"datePublished\":\"2023-05-25T18:05:11+00:00\",\"dateModified\":\"2023-05-25T18:06:54+00:00\",\"breadcrumb\":{\"@id\":\"https:\/\/www.public.sn\/index.php\/2023\/05\/25\/abdou-karim-fofana-nous-maintiendrons-lordre-public-quel-quen-soit-le-prix\/#breadcrumb\"},\"inLanguage\":\"fr-FR\",\"potentialAction\":[{\"@type\":\"ReadAction\",\"target\":[\"https:\/\/www.public.sn\/index.php\/2023\/05\/25\/abdou-karim-fofana-nous-maintiendrons-lordre-public-quel-quen-soit-le-prix\/\"]}]},{\"@type\":\"ImageObject\",\"inLanguage\":\"fr-FR\",\"@id\":\"https:\/\/www.public.sn\/index.php\/2023\/05\/25\/abdou-karim-fofana-nous-maintiendrons-lordre-public-quel-quen-soit-le-prix\/#primaryimage\",\"url\":\"https:\/\/www.public.sn\/wp-content\/uploads\/2023\/03\/Abdou-Karim-Fofana-1.jpg\",\"contentUrl\":\"https:\/\/www.public.sn\/wp-content\/uploads\/2023\/03\/Abdou-Karim-Fofana-1.jpg\",\"width\":650,\"height\":467},{\"@type\":\"BreadcrumbList\",\"@id\":\"https:\/\/www.public.sn\/index.php\/2023\/05\/25\/abdou-karim-fofana-nous-maintiendrons-lordre-public-quel-quen-soit-le-prix\/#breadcrumb\",\"itemListElement\":[{\"@type\":\"ListItem\",\"position\":1,\"name\":\"Accueil\",\"item\":\"https:\/\/www.public.sn\/\"},{\"@type\":\"ListItem\",\"position\":2,\"name\":\"Abdou Karim Fofana : \u00ab Nous maintiendrons l\u2019ordre public quel qu\u2019en soit le prix \u00bb\"}]},{\"@type\":\"WebSite\",\"@id\":\"https:\/\/www.public.sn\/#website\",\"url\":\"https:\/\/www.public.sn\/\",\"name\":\"LE PUBLIC\",\"description\":\"\",\"publisher\":{\"@id\":\"https:\/\/www.public.sn\/#organization\"},\"potentialAction\":[{\"@type\":\"SearchAction\",\"target\":{\"@type\":\"EntryPoint\",\"urlTemplate\":\"https:\/\/www.public.sn\/?s={search_term_string}\"},\"query-input\":{\"@type\":\"PropertyValueSpecification\",\"valueRequired\":true,\"valueName\":\"search_term_string\"}}],\"inLanguage\":\"fr-FR\"},{\"@type\":\"Organization\",\"@id\":\"https:\/\/www.public.sn\/#organization\",\"name\":\"LE PUBLIC\",\"url\":\"https:\/\/www.public.sn\/\",\"logo\":{\"@type\":\"ImageObject\",\"inLanguage\":\"fr-FR\",\"@id\":\"https:\/\/www.public.sn\/#\/schema\/logo\/image\/\",\"url\":\"https:\/\/www.public.sn\/wp-content\/uploads\/2024\/05\/cropped-LOGO-PUBLIC.SN_.png\",\"contentUrl\":\"https:\/\/www.public.sn\/wp-content\/uploads\/2024\/05\/cropped-LOGO-PUBLIC.SN_.png\",\"width\":682,\"height\":192,\"caption\":\"LE PUBLIC\"},\"image\":{\"@id\":\"https:\/\/www.public.sn\/#\/schema\/logo\/image\/\"}},{\"@type\":\"Person\",\"@id\":\"https:\/\/www.public.sn\/#\/schema\/person\/e3f4a11b037d4203902db148f9bc8d5a\",\"name\":\"LA REDACTION\",\"image\":{\"@type\":\"ImageObject\",\"inLanguage\":\"fr-FR\",\"@id\":\"https:\/\/www.public.sn\/#\/schema\/person\/image\/\",\"url\":\"https:\/\/secure.gravatar.com\/avatar\/d6c030db45db2883c075085c5d6c6258654a801a93766b49af0b82d4f454e2a5?s=96&d=mm&r=g\",\"contentUrl\":\"https:\/\/secure.gravatar.com\/avatar\/d6c030db45db2883c075085c5d6c6258654a801a93766b49af0b82d4f454e2a5?s=96&d=mm&r=g\",\"caption\":\"LA REDACTION\"},\"sameAs\":[\"http:\/\/www.public.sn\"],\"url\":\"https:\/\/www.public.sn\/index.php\/author\/admin7324\/\"}]}<\/script>\n<!-- \/ Yoast SEO plugin. -->","yoast_head_json":{"title":"Abdou Karim Fofana : \u00ab Nous maintiendrons l\u2019ordre public quel qu\u2019en soit le prix \u00bb - LE PUBLIC","robots":{"index":"index","follow":"follow","max-snippet":"max-snippet:-1","max-image-preview":"max-image-preview:large","max-video-preview":"max-video-preview:-1"},"canonical":"https:\/\/www.public.sn\/index.php\/2023\/05\/25\/abdou-karim-fofana-nous-maintiendrons-lordre-public-quel-quen-soit-le-prix\/","og_locale":"fr_FR","og_type":"article","og_title":"Abdou Karim Fofana : \u00ab Nous maintiendrons l\u2019ordre public quel qu\u2019en soit le prix \u00bb - LE PUBLIC","og_description":"R\u00e9ponse du berger \u00e0 la berg\u00e8re. Quelques heures apr\u00e8s la sortie de Ousmane Sonko menacer de marcher jusqu&rsquo;\u00e0 palais, le gouvernement s\u00e9n\u00e9galais sort de son mutisme et affirme sa d\u00e9termination \u00e0 r\u00e9primer toute tentative de troubles \u00e0 l\u2019ordre public.\u00a0\u00a0 \u00ab Nous maintiendrons l\u2019ordre public quel qu\u2019en soit le prix \u00bb, a d\u00e9clar\u00e9 le porte-parole du gouvernement, Abdou Karim Fofana, lors d\u2019une conf\u00e9rence de presse. \u00ab Nous n\u2019autoriserons personne, absolument personne, \u00e0 perturber l\u2019ordre public et la tranquillit\u00e9 des S\u00e9n\u00e9galais \u00bb, a-t-il ajout\u00e9. Apr\u00e8s son proc\u00e8s pour viol tenu en son absence mardi, Ousmane Sonko a annonc\u00e9 mercredi \u00e0 Ziguinchor son intention de rentrer \u00e0 Dakar par la route et de transformer ce trajet d\u2019environ 500 kilom\u00e8tres en une \u00ab caravane de la libert\u00e9 \u00bb, afin de mener \u00ab le combat final \u00bb contre le pr\u00e9sident Macky Sall. \u00ab M\u00eame s\u2019il souhaite se rendre \u00e0 Dakar \u00e0 pied, cela ne pose pas de probl\u00e8me tant qu\u2019il respecte les lois et les r\u00e8glements \u00bb, a expliqu\u00e9 M. Fofana. Aucune demande de manifestation n\u2019a \u00e9t\u00e9 d\u00e9pos\u00e9e \u00ab \u00e0 notre connaissance \u00bb, a-t-il pr\u00e9cis\u00e9 jeudi apr\u00e8s-midi. Le porte-parole du gouvernement s\u2019est interrog\u00e9 sur la possibilit\u00e9 que M. Sonko cherche \u00e0 \u00ab se faire arr\u00eater pour des raisons politiques \u00bb afin d\u2019\u00e9viter la honte d\u2019une condamnation p\u00e9nale \u00ab pour des affaires sordides \u00bb. &nbsp;","og_url":"https:\/\/www.public.sn\/index.php\/2023\/05\/25\/abdou-karim-fofana-nous-maintiendrons-lordre-public-quel-quen-soit-le-prix\/","og_site_name":"LE PUBLIC","article_published_time":"2023-05-25T18:05:11+00:00","article_modified_time":"2023-05-25T18:06:54+00:00","og_image":[{"width":650,"height":467,"url":"https:\/\/www.public.sn\/wp-content\/uploads\/2023\/03\/Abdou-Karim-Fofana-1.jpg","type":"image\/jpeg"}],"author":"LA REDACTION","twitter_card":"summary_large_image","twitter_misc":{"\u00c9crit par":"LA REDACTION","Dur\u00e9e de lecture estim\u00e9e":"2 minutes"},"schema":{"@context":"https:\/\/schema.org","@graph":[{"@type":"Article","@id":"https:\/\/www.public.sn\/index.php\/2023\/05\/25\/abdou-karim-fofana-nous-maintiendrons-lordre-public-quel-quen-soit-le-prix\/#article","isPartOf":{"@id":"https:\/\/www.public.sn\/index.php\/2023\/05\/25\/abdou-karim-fofana-nous-maintiendrons-lordre-public-quel-quen-soit-le-prix\/"},"author":{"name":"LA REDACTION","@id":"https:\/\/www.public.sn\/#\/schema\/person\/e3f4a11b037d4203902db148f9bc8d5a"},"headline":"Abdou Karim Fofana : \u00ab Nous maintiendrons l\u2019ordre public quel qu\u2019en soit le prix \u00bb","datePublished":"2023-05-25T18:05:11+00:00","dateModified":"2023-05-25T18:06:54+00:00","mainEntityOfPage":{"@id":"https:\/\/www.public.sn\/index.php\/2023\/05\/25\/abdou-karim-fofana-nous-maintiendrons-lordre-public-quel-quen-soit-le-prix\/"},"wordCount":243,"commentCount":0,"publisher":{"@id":"https:\/\/www.public.sn\/#organization"},"image":{"@id":"https:\/\/www.public.sn\/index.php\/2023\/05\/25\/abdou-karim-fofana-nous-maintiendrons-lordre-public-quel-quen-soit-le-prix\/#primaryimage"},"thumbnailUrl":"https:\/\/www.public.sn\/wp-content\/uploads\/2023\/03\/Abdou-Karim-Fofana-1.jpg","keywords":["Abdou Karim Fofana"],"articleSection":["ACTUALIT\u00c9S","POLITIQUE","VEDETTE"],"inLanguage":"fr-FR","potentialAction":[{"@type":"CommentAction","name":"Comment","target":["https:\/\/www.public.sn\/index.php\/2023\/05\/25\/abdou-karim-fofana-nous-maintiendrons-lordre-public-quel-quen-soit-le-prix\/#respond"]}]},{"@type":"WebPage","@id":"https:\/\/www.public.sn\/index.php\/2023\/05\/25\/abdou-karim-fofana-nous-maintiendrons-lordre-public-quel-quen-soit-le-prix\/","url":"https:\/\/www.public.sn\/index.php\/2023\/05\/25\/abdou-karim-fofana-nous-maintiendrons-lordre-public-quel-quen-soit-le-prix\/","name":"Abdou Karim Fofana : \u00ab Nous maintiendrons l\u2019ordre public quel qu\u2019en soit le prix \u00bb - LE PUBLIC","isPartOf":{"@id":"https:\/\/www.public.sn\/#website"},"primaryImageOfPage":{"@id":"https:\/\/www.public.sn\/index.php\/2023\/05\/25\/abdou-karim-fofana-nous-maintiendrons-lordre-public-quel-quen-soit-le-prix\/#primaryimage"},"image":{"@id":"https:\/\/www.public.sn\/index.php\/2023\/05\/25\/abdou-karim-fofana-nous-maintiendrons-lordre-public-quel-quen-soit-le-prix\/#primaryimage"},"thumbnailUrl":"https:\/\/www.public.sn\/wp-content\/uploads\/2023\/03\/Abdou-Karim-Fofana-1.jpg","datePublished":"2023-05-25T18:05:11+00:00","dateModified":"2023-05-25T18:06:54+00:00","breadcrumb":{"@id":"https:\/\/www.public.sn\/index.php\/2023\/05\/25\/abdou-karim-fofana-nous-maintiendrons-lordre-public-quel-quen-soit-le-prix\/#breadcrumb"},"inLanguage":"fr-FR","potentialAction":[{"@type":"ReadAction","target":["https:\/\/www.public.sn\/index.php\/2023\/05\/25\/abdou-karim-fofana-nous-maintiendrons-lordre-public-quel-quen-soit-le-prix\/"]}]},{"@type":"ImageObject","inLanguage":"fr-FR","@id":"https:\/\/www.public.sn\/index.php\/2023\/05\/25\/abdou-karim-fofana-nous-maintiendrons-lordre-public-quel-quen-soit-le-prix\/#primaryimage","url":"https:\/\/www.public.sn\/wp-content\/uploads\/2023\/03\/Abdou-Karim-Fofana-1.jpg","contentUrl":"https:\/\/www.public.sn\/wp-content\/uploads\/2023\/03\/Abdou-Karim-Fofana-1.jpg","width":650,"height":467},{"@type":"BreadcrumbList","@id":"https:\/\/www.public.sn\/index.php\/2023\/05\/25\/abdou-karim-fofana-nous-maintiendrons-lordre-public-quel-quen-soit-le-prix\/#breadcrumb","itemListElement":[{"@type":"ListItem","position":1,"name":"Accueil","item":"https:\/\/www.public.sn\/"},{"@type":"ListItem","position":2,"name":"Abdou Karim Fofana : \u00ab Nous maintiendrons l\u2019ordre public quel qu\u2019en soit le prix \u00bb"}]},{"@type":"WebSite","@id":"https:\/\/www.public.sn\/#website","url":"https:\/\/www.public.sn\/","name":"LE PUBLIC","description":"","publisher":{"@id":"https:\/\/www.public.sn\/#organization"},"potentialAction":[{"@type":"SearchAction","target":{"@type":"EntryPoint","urlTemplate":"https:\/\/www.public.sn\/?s={search_term_string}"},"query-input":{"@type":"PropertyValueSpecification","valueRequired":true,"valueName":"search_term_string"}}],"inLanguage":"fr-FR"},{"@type":"Organization","@id":"https:\/\/www.public.sn\/#organization","name":"LE PUBLIC","url":"https:\/\/www.public.sn\/","logo":{"@type":"ImageObject","inLanguage":"fr-FR","@id":"https:\/\/www.public.sn\/#\/schema\/logo\/image\/","url":"https:\/\/www.public.sn\/wp-content\/uploads\/2024\/05\/cropped-LOGO-PUBLIC.SN_.png","contentUrl":"https:\/\/www.public.sn\/wp-content\/uploads\/2024\/05\/cropped-LOGO-PUBLIC.SN_.png","width":682,"height":192,"caption":"LE PUBLIC"},"image":{"@id":"https:\/\/www.public.sn\/#\/schema\/logo\/image\/"}},{"@type":"Person","@id":"https:\/\/www.public.sn\/#\/schema\/person\/e3f4a11b037d4203902db148f9bc8d5a","name":"LA REDACTION","image":{"@type":"ImageObject","inLanguage":"fr-FR","@id":"https:\/\/www.public.sn\/#\/schema\/person\/image\/","url":"https:\/\/secure.gravatar.com\/avatar\/d6c030db45db2883c075085c5d6c6258654a801a93766b49af0b82d4f454e2a5?s=96&d=mm&r=g","contentUrl":"https:\/\/secure.gravatar.com\/avatar\/d6c030db45db2883c075085c5d6c6258654a801a93766b49af0b82d4f454e2a5?s=96&d=mm&r=g","caption":"LA REDACTION"},"sameAs":["http:\/\/www.public.sn"],"url":"https:\/\/www.public.sn\/index.php\/author\/admin7324\/"}]}},"jetpack_featured_media_url":"https:\/\/www.public.sn\/wp-content\/uploads\/2023\/03\/Abdou-Karim-Fofana-1.jpg","jetpack_sharing_enabled":true,"_links":{"self":[{"href":"https:\/\/www.public.sn\/index.php\/wp-json\/wp\/v2\/posts\/22516","targetHints":{"allow":["GET"]}}],"collection":[{"href":"https:\/\/www.public.sn\/index.php\/wp-json\/wp\/v2\/posts"}],"about":[{"href":"https:\/\/www.public.sn\/index.php\/wp-json\/wp\/v2\/types\/post"}],"author":[{"embeddable":true,"href":"https:\/\/www.public.sn\/index.php\/wp-json\/wp\/v2\/users\/1"}],"replies":[{"embeddable":true,"href":"https:\/\/www.public.sn\/index.php\/wp-json\/wp\/v2\/comments?post=22516"}],"version-history":[{"count":2,"href":"https:\/\/www.public.sn\/index.php\/wp-json\/wp\/v2\/posts\/22516\/revisions"}],"predecessor-version":[{"id":22518,"href":"https:\/\/www.public.sn\/index.php\/wp-json\/wp\/v2\/posts\/22516\/revisions\/22518"}],"wp:featuredmedia":[{"embeddable":true,"href":"https:\/\/www.public.sn\/index.php\/wp-json\/wp\/v2\/media\/18466"}],"wp:attachment":[{"href":"https:\/\/www.public.sn\/index.php\/wp-json\/wp\/v2\/media?parent=22516"}],"wp:term":[{"taxonomy":"category","embeddable":true,"href":"https:\/\/www.public.sn\/index.php\/wp-json\/wp\/v2\/categories?post=22516"},{"taxonomy":"post_tag","embeddable":true,"href":"https:\/\/www.public.sn\/index.php\/wp-json\/wp\/v2\/tags?post=22516"}],"curies":[{"name":"wp","href":"https:\/\/api.w.org\/{rel}","templated":true}]}}