{"id":2253,"date":"2022-09-20T12:44:23","date_gmt":"2022-09-20T12:44:23","guid":{"rendered":"https:\/\/www.public.sn\/?p=2253"},"modified":"2022-09-20T13:34:03","modified_gmt":"2022-09-20T13:34:03","slug":"cledor-sene-sexprime-sur-la-nomination-damadou-ba-pm-nouveau-gouvernement-mimi-toure-bagarres-des-deputes-a-lassemblee-nationale","status":"publish","type":"post","link":"https:\/\/www.public.sn\/index.php\/2022\/09\/20\/cledor-sene-sexprime-sur-la-nomination-damadou-ba-pm-nouveau-gouvernement-mimi-toure-bagarres-des-deputes-a-lassemblee-nationale\/","title":{"rendered":"Les r\u00e9v\u00e9lations de Cl\u00e9dor S\u00e9ne sur la nomination d&rsquo;Amadou Ba PM, Nouveau Gouvernement, Mimi Tour\u00e9, d\u00e9c\u00e8s d\u2019Imam Aliou Ndao."},"content":{"rendered":"\n<p>Amadou Cl\u00e9dor S\u00e9ne a r\u00e9visit\u00e9 l&rsquo;actualit\u00e9 politique en abordant la nomination de l&rsquo;ancien ministre des affaires \u00e9trang\u00e8res au poste de premier, la formation du nouveau gouvernement, la non reconduction de Matar Ba au d\u00e9partement des sports en remplacement de Yankhoba Diattara, la mort de l&rsquo;imam Aliou Badara Ndao, les ressources naturelles.<\/p><div class=\"publi-paragraphe1\" style=\"margin-top: 10px;margin-bottom: 10px;margin-left: auto;margin-right: auto;text-align: center;\" id=\"publi-3421883722\"><div class=\"publi-adlabel\">Publicit\u00e9<\/div><script async src=\"\/\/pagead2.googlesyndication.com\/pagead\/js\/adsbygoogle.js?client=ca-pub-4089586018074219\" crossorigin=\"anonymous\"><\/script><ins class=\"adsbygoogle\" style=\"display:block;\" data-ad-client=\"ca-pub-4089586018074219\" \ndata-ad-slot=\"2087940154\" \ndata-ad-format=\"auto\"><\/ins>\n<script> \n(adsbygoogle = window.adsbygoogle || []).push({}); \n<\/script>\n<\/div>\n\n\n\n<p>Le pr\u00e9sident du parti affirme le pr\u00e9sident Macky Sall avait mis\u00e9 son choix sur Abdoulaye Daouda Diallo au poste de ministre du S\u00e9n\u00e9gal. Un choix compl\u00e9tement chang\u00e9 lors des consultations d&rsquo;apr\u00e8s Cl\u00e9dor S\u00e8ne qui dit ne pas comprendre le changement d&rsquo;option de derni\u00e8res minutes du Chef de l&rsquo;Etat. A l&rsquo;en croire Matar Ba est le meilleur ministre des sports qui ne devrait pas \u00eatre remplac\u00e9 car il a abattu un excellent travail au sein de son d\u00e9partement minist\u00e9riel. <\/p>\n\n\n\n<p>S&rsquo;agissant de l&rsquo;arrestation de Karim Xrum Xax et du Professeur Cheikh Omar Diagne li\u00e9e au d\u00e9c\u00e8s de l&rsquo;imam Aliou Badara Ndao, Cl\u00e9dor S\u00e9ne pr\u00e9cise qu&rsquo;en r\u00e9alit\u00e9 la principale cible de l&rsquo;\u00e9tat du S\u00e9n\u00e9gal c&rsquo;\u00e9tait Cheikh Omar Diagne du fait qu&rsquo;il ait cr\u00e9\u00e9 son parti politique pour conqu\u00e9rir le pouvoir face au r\u00e9gime&#8230;<\/p>\n\n\n\n<p>Suivez l&rsquo;int\u00e9gralit\u00e9 de l&rsquo;\u00e9mission !<\/p>\n\n\n\n<figure class=\"wp-block-embed is-type-rich is-provider-prise-en-charge-des-contenus-embarques wp-block-embed-prise-en-charge-des-contenus-embarques wp-embed-aspect-16-9 wp-has-aspect-ratio\"><div class=\"wp-block-embed__wrapper\">\n<p class=\"responsive-video-wrap clr\"><iframe title=\"Cl\u00e9dor S\u00e9ne sur la nomination d&#039;Amadou Ba PM, Nouveau Gouvernement, Mimi Tour\u00e9, Bagarres des d\u00e9put\u00e9s\" width=\"1200\" height=\"675\" src=\"https:\/\/www.youtube.com\/embed\/2rBE__VT3Ac?feature=oembed\" frameborder=\"0\" allow=\"accelerometer; autoplay; clipboard-write; encrypted-media; gyroscope; picture-in-picture\" allowfullscreen><\/iframe><\/p>\n<\/div><\/figure>\n<div class=\"publi-apres-le-contenu\" style=\"margin-top: 10px;margin-bottom: 10px;margin-left: auto;margin-right: auto;text-align: center;\" id=\"publi-3482493721\"><div class=\"publi-adlabel\">Publicit\u00e9<\/div><script async src=\"\/\/pagead2.googlesyndication.com\/pagead\/js\/adsbygoogle.js?client=ca-pub-4089586018074219\" crossorigin=\"anonymous\"><\/script><ins class=\"adsbygoogle\" style=\"display:block;\" data-ad-client=\"ca-pub-4089586018074219\" \ndata-ad-slot=\"2087940154\" \ndata-ad-format=\"auto\"><\/ins>\n<script> \n(adsbygoogle = window.adsbygoogle || []).push({}); \n<\/script>\n<\/div>","protected":false},"excerpt":{"rendered":"<p>Amadou Cl\u00e9dor S\u00e9ne a r\u00e9visit\u00e9 l&rsquo;actualit\u00e9 politique en abordant la nomination de l&rsquo;ancien ministre des affaires \u00e9trang\u00e8res au poste de premier, la formation du nouveau gouvernement, la non reconduction de Matar Ba au d\u00e9partement des sports en remplacement de Yankhoba Diattara, la mort de l&rsquo;imam Aliou Badara Ndao, les ressources naturelles. Le pr\u00e9sident du parti affirme le pr\u00e9sident Macky Sall avait mis\u00e9 son choix sur Abdoulaye Daouda Diallo au poste de ministre du S\u00e9n\u00e9gal. Un choix compl\u00e9tement chang\u00e9 lors des consultations d&rsquo;apr\u00e8s Cl\u00e9dor S\u00e8ne qui dit ne pas comprendre le changement d&rsquo;option de derni\u00e8res minutes du Chef de l&rsquo;Etat. A l&rsquo;en croire Matar Ba est le meilleur ministre des sports qui ne devrait pas \u00eatre remplac\u00e9 car il a abattu un excellent travail au sein de son d\u00e9partement minist\u00e9riel. S&rsquo;agissant de l&rsquo;arrestation de Karim Xrum Xax et du Professeur Cheikh Omar Diagne li\u00e9e au d\u00e9c\u00e8s de l&rsquo;imam Aliou Badara Ndao, Cl\u00e9dor S\u00e9ne pr\u00e9cise qu&rsquo;en r\u00e9alit\u00e9 la principale cible de l&rsquo;\u00e9tat du S\u00e9n\u00e9gal c&rsquo;\u00e9tait Cheikh Omar Diagne du fait qu&rsquo;il ait cr\u00e9\u00e9 son parti politique pour conqu\u00e9rir le pouvoir face au r\u00e9gime&#8230; Suivez l&rsquo;int\u00e9gralit\u00e9 de l&rsquo;\u00e9mission !<\/p>\n","protected":false},"author":1,"featured_media":2255,"comment_status":"open","ping_status":"open","sticky":false,"template":"","format":"standard","meta":{"_jetpack_memberships_contains_paid_content":false,"footnotes":""},"categories":[375,3,8],"tags":[12,479,842,112,11,17],"class_list":["post-2253","post","type-post","status-publish","format-standard","has-post-thumbnail","hentry","category-actualites","category-politique","category-public-tv","tag-assemblee-nationale","tag-benno","tag-cledor-sene","tag-guy-marius-sagna","tag-macky-sall","tag-opposition","entry","has-media","owp-thumbs-layout-horizontal","owp-btn-normal","owp-tabs-layout-horizontal","has-no-thumbnails","has-product-nav"],"yoast_head":"<!-- This site is optimized with the Yoast SEO plugin v25.5 - https:\/\/yoast.com\/wordpress\/plugins\/seo\/ -->\n<title>Les r\u00e9v\u00e9lations de Cl\u00e9dor S\u00e9ne sur la nomination d&#039;Amadou Ba PM, Nouveau Gouvernement, Mimi Tour\u00e9, d\u00e9c\u00e8s d\u2019Imam Aliou Ndao. - LE PUBLIC<\/title>\n<meta name=\"robots\" content=\"index, follow, max-snippet:-1, max-image-preview:large, max-video-preview:-1\" \/>\n<link rel=\"canonical\" href=\"https:\/\/www.public.sn\/index.php\/2022\/09\/20\/cledor-sene-sexprime-sur-la-nomination-damadou-ba-pm-nouveau-gouvernement-mimi-toure-bagarres-des-deputes-a-lassemblee-nationale\/\" \/>\n<meta property=\"og:locale\" content=\"fr_FR\" \/>\n<meta property=\"og:type\" content=\"article\" \/>\n<meta property=\"og:title\" content=\"Les r\u00e9v\u00e9lations de Cl\u00e9dor S\u00e9ne sur la nomination d&#039;Amadou Ba PM, Nouveau Gouvernement, Mimi Tour\u00e9, d\u00e9c\u00e8s d\u2019Imam Aliou Ndao. - LE PUBLIC\" \/>\n<meta property=\"og:description\" content=\"Amadou Cl\u00e9dor S\u00e9ne a r\u00e9visit\u00e9 l&rsquo;actualit\u00e9 politique en abordant la nomination de l&rsquo;ancien ministre des affaires \u00e9trang\u00e8res au poste de premier, la formation du nouveau gouvernement, la non reconduction de Matar Ba au d\u00e9partement des sports en remplacement de Yankhoba Diattara, la mort de l&rsquo;imam Aliou Badara Ndao, les ressources naturelles. Le pr\u00e9sident du parti affirme le pr\u00e9sident Macky Sall avait mis\u00e9 son choix sur Abdoulaye Daouda Diallo au poste de ministre du S\u00e9n\u00e9gal. Un choix compl\u00e9tement chang\u00e9 lors des consultations d&rsquo;apr\u00e8s Cl\u00e9dor S\u00e8ne qui dit ne pas comprendre le changement d&rsquo;option de derni\u00e8res minutes du Chef de l&rsquo;Etat. A l&rsquo;en croire Matar Ba est le meilleur ministre des sports qui ne devrait pas \u00eatre remplac\u00e9 car il a abattu un excellent travail au sein de son d\u00e9partement minist\u00e9riel. S&rsquo;agissant de l&rsquo;arrestation de Karim Xrum Xax et du Professeur Cheikh Omar Diagne li\u00e9e au d\u00e9c\u00e8s de l&rsquo;imam Aliou Badara Ndao, Cl\u00e9dor S\u00e9ne pr\u00e9cise qu&rsquo;en r\u00e9alit\u00e9 la principale cible de l&rsquo;\u00e9tat du S\u00e9n\u00e9gal c&rsquo;\u00e9tait Cheikh Omar Diagne du fait qu&rsquo;il ait cr\u00e9\u00e9 son parti politique pour conqu\u00e9rir le pouvoir face au r\u00e9gime&#8230; Suivez l&rsquo;int\u00e9gralit\u00e9 de l&rsquo;\u00e9mission !\" \/>\n<meta property=\"og:url\" content=\"https:\/\/www.public.sn\/index.php\/2022\/09\/20\/cledor-sene-sexprime-sur-la-nomination-damadou-ba-pm-nouveau-gouvernement-mimi-toure-bagarres-des-deputes-a-lassemblee-nationale\/\" \/>\n<meta property=\"og:site_name\" content=\"LE PUBLIC\" \/>\n<meta property=\"article:published_time\" content=\"2022-09-20T12:44:23+00:00\" \/>\n<meta property=\"article:modified_time\" content=\"2022-09-20T13:34:03+00:00\" \/>\n<meta property=\"og:image\" content=\"https:\/\/www.public.sn\/wp-content\/uploads\/2022\/09\/ASS.jpg\" \/>\n\t<meta property=\"og:image:width\" content=\"1440\" \/>\n\t<meta property=\"og:image:height\" content=\"1080\" \/>\n\t<meta property=\"og:image:type\" content=\"image\/jpeg\" \/>\n<meta name=\"author\" content=\"LA REDACTION\" \/>\n<meta name=\"twitter:card\" content=\"summary_large_image\" \/>\n<meta name=\"twitter:label1\" content=\"\u00c9crit par\" \/>\n\t<meta name=\"twitter:data1\" content=\"LA REDACTION\" \/>\n\t<meta name=\"twitter:label2\" content=\"Dur\u00e9e de lecture estim\u00e9e\" \/>\n\t<meta name=\"twitter:data2\" content=\"1 minute\" \/>\n<script type=\"application\/ld+json\" class=\"yoast-schema-graph\">{\"@context\":\"https:\/\/schema.org\",\"@graph\":[{\"@type\":\"Article\",\"@id\":\"https:\/\/www.public.sn\/index.php\/2022\/09\/20\/cledor-sene-sexprime-sur-la-nomination-damadou-ba-pm-nouveau-gouvernement-mimi-toure-bagarres-des-deputes-a-lassemblee-nationale\/#article\",\"isPartOf\":{\"@id\":\"https:\/\/www.public.sn\/index.php\/2022\/09\/20\/cledor-sene-sexprime-sur-la-nomination-damadou-ba-pm-nouveau-gouvernement-mimi-toure-bagarres-des-deputes-a-lassemblee-nationale\/\"},\"author\":{\"name\":\"LA REDACTION\",\"@id\":\"https:\/\/www.public.sn\/#\/schema\/person\/e3f4a11b037d4203902db148f9bc8d5a\"},\"headline\":\"Les r\u00e9v\u00e9lations de Cl\u00e9dor S\u00e9ne sur la nomination d&rsquo;Amadou Ba PM, Nouveau Gouvernement, Mimi Tour\u00e9, d\u00e9c\u00e8s d\u2019Imam Aliou Ndao.\",\"datePublished\":\"2022-09-20T12:44:23+00:00\",\"dateModified\":\"2022-09-20T13:34:03+00:00\",\"mainEntityOfPage\":{\"@id\":\"https:\/\/www.public.sn\/index.php\/2022\/09\/20\/cledor-sene-sexprime-sur-la-nomination-damadou-ba-pm-nouveau-gouvernement-mimi-toure-bagarres-des-deputes-a-lassemblee-nationale\/\"},\"wordCount\":250,\"commentCount\":0,\"publisher\":{\"@id\":\"https:\/\/www.public.sn\/#organization\"},\"image\":{\"@id\":\"https:\/\/www.public.sn\/index.php\/2022\/09\/20\/cledor-sene-sexprime-sur-la-nomination-damadou-ba-pm-nouveau-gouvernement-mimi-toure-bagarres-des-deputes-a-lassemblee-nationale\/#primaryimage\"},\"thumbnailUrl\":\"https:\/\/www.public.sn\/wp-content\/uploads\/2022\/09\/ASS.jpg\",\"keywords\":[\"Assembl\u00e9e Nationale\",\"Benno\",\"Cl\u00e9dor S\u00e9ne\",\"Guy Marius Sagna\",\"Macky Sall\",\"Opposition\"],\"articleSection\":[\"ACTUALIT\u00c9S\",\"POLITIQUE\",\"PUBLIC TV\"],\"inLanguage\":\"fr-FR\",\"potentialAction\":[{\"@type\":\"CommentAction\",\"name\":\"Comment\",\"target\":[\"https:\/\/www.public.sn\/index.php\/2022\/09\/20\/cledor-sene-sexprime-sur-la-nomination-damadou-ba-pm-nouveau-gouvernement-mimi-toure-bagarres-des-deputes-a-lassemblee-nationale\/#respond\"]}]},{\"@type\":\"WebPage\",\"@id\":\"https:\/\/www.public.sn\/index.php\/2022\/09\/20\/cledor-sene-sexprime-sur-la-nomination-damadou-ba-pm-nouveau-gouvernement-mimi-toure-bagarres-des-deputes-a-lassemblee-nationale\/\",\"url\":\"https:\/\/www.public.sn\/index.php\/2022\/09\/20\/cledor-sene-sexprime-sur-la-nomination-damadou-ba-pm-nouveau-gouvernement-mimi-toure-bagarres-des-deputes-a-lassemblee-nationale\/\",\"name\":\"Les r\u00e9v\u00e9lations de Cl\u00e9dor S\u00e9ne sur la nomination d'Amadou Ba PM, Nouveau Gouvernement, Mimi Tour\u00e9, d\u00e9c\u00e8s d\u2019Imam Aliou Ndao. - LE PUBLIC\",\"isPartOf\":{\"@id\":\"https:\/\/www.public.sn\/#website\"},\"primaryImageOfPage\":{\"@id\":\"https:\/\/www.public.sn\/index.php\/2022\/09\/20\/cledor-sene-sexprime-sur-la-nomination-damadou-ba-pm-nouveau-gouvernement-mimi-toure-bagarres-des-deputes-a-lassemblee-nationale\/#primaryimage\"},\"image\":{\"@id\":\"https:\/\/www.public.sn\/index.php\/2022\/09\/20\/cledor-sene-sexprime-sur-la-nomination-damadou-ba-pm-nouveau-gouvernement-mimi-toure-bagarres-des-deputes-a-lassemblee-nationale\/#primaryimage\"},\"thumbnailUrl\":\"https:\/\/www.public.sn\/wp-content\/uploads\/2022\/09\/ASS.jpg\",\"datePublished\":\"2022-09-20T12:44:23+00:00\",\"dateModified\":\"2022-09-20T13:34:03+00:00\",\"breadcrumb\":{\"@id\":\"https:\/\/www.public.sn\/index.php\/2022\/09\/20\/cledor-sene-sexprime-sur-la-nomination-damadou-ba-pm-nouveau-gouvernement-mimi-toure-bagarres-des-deputes-a-lassemblee-nationale\/#breadcrumb\"},\"inLanguage\":\"fr-FR\",\"potentialAction\":[{\"@type\":\"ReadAction\",\"target\":[\"https:\/\/www.public.sn\/index.php\/2022\/09\/20\/cledor-sene-sexprime-sur-la-nomination-damadou-ba-pm-nouveau-gouvernement-mimi-toure-bagarres-des-deputes-a-lassemblee-nationale\/\"]}]},{\"@type\":\"ImageObject\",\"inLanguage\":\"fr-FR\",\"@id\":\"https:\/\/www.public.sn\/index.php\/2022\/09\/20\/cledor-sene-sexprime-sur-la-nomination-damadou-ba-pm-nouveau-gouvernement-mimi-toure-bagarres-des-deputes-a-lassemblee-nationale\/#primaryimage\",\"url\":\"https:\/\/www.public.sn\/wp-content\/uploads\/2022\/09\/ASS.jpg\",\"contentUrl\":\"https:\/\/www.public.sn\/wp-content\/uploads\/2022\/09\/ASS.jpg\",\"width\":1440,\"height\":1080},{\"@type\":\"BreadcrumbList\",\"@id\":\"https:\/\/www.public.sn\/index.php\/2022\/09\/20\/cledor-sene-sexprime-sur-la-nomination-damadou-ba-pm-nouveau-gouvernement-mimi-toure-bagarres-des-deputes-a-lassemblee-nationale\/#breadcrumb\",\"itemListElement\":[{\"@type\":\"ListItem\",\"position\":1,\"name\":\"Accueil\",\"item\":\"https:\/\/www.public.sn\/\"},{\"@type\":\"ListItem\",\"position\":2,\"name\":\"Les r\u00e9v\u00e9lations de Cl\u00e9dor S\u00e9ne sur la nomination d&rsquo;Amadou Ba PM, Nouveau Gouvernement, Mimi Tour\u00e9, d\u00e9c\u00e8s d\u2019Imam Aliou Ndao.\"}]},{\"@type\":\"WebSite\",\"@id\":\"https:\/\/www.public.sn\/#website\",\"url\":\"https:\/\/www.public.sn\/\",\"name\":\"LE PUBLIC\",\"description\":\"\",\"publisher\":{\"@id\":\"https:\/\/www.public.sn\/#organization\"},\"potentialAction\":[{\"@type\":\"SearchAction\",\"target\":{\"@type\":\"EntryPoint\",\"urlTemplate\":\"https:\/\/www.public.sn\/?s={search_term_string}\"},\"query-input\":{\"@type\":\"PropertyValueSpecification\",\"valueRequired\":true,\"valueName\":\"search_term_string\"}}],\"inLanguage\":\"fr-FR\"},{\"@type\":\"Organization\",\"@id\":\"https:\/\/www.public.sn\/#organization\",\"name\":\"LE PUBLIC\",\"url\":\"https:\/\/www.public.sn\/\",\"logo\":{\"@type\":\"ImageObject\",\"inLanguage\":\"fr-FR\",\"@id\":\"https:\/\/www.public.sn\/#\/schema\/logo\/image\/\",\"url\":\"https:\/\/www.public.sn\/wp-content\/uploads\/2024\/05\/cropped-LOGO-PUBLIC.SN_.png\",\"contentUrl\":\"https:\/\/www.public.sn\/wp-content\/uploads\/2024\/05\/cropped-LOGO-PUBLIC.SN_.png\",\"width\":682,\"height\":192,\"caption\":\"LE PUBLIC\"},\"image\":{\"@id\":\"https:\/\/www.public.sn\/#\/schema\/logo\/image\/\"}},{\"@type\":\"Person\",\"@id\":\"https:\/\/www.public.sn\/#\/schema\/person\/e3f4a11b037d4203902db148f9bc8d5a\",\"name\":\"LA REDACTION\",\"image\":{\"@type\":\"ImageObject\",\"inLanguage\":\"fr-FR\",\"@id\":\"https:\/\/www.public.sn\/#\/schema\/person\/image\/\",\"url\":\"https:\/\/secure.gravatar.com\/avatar\/d6c030db45db2883c075085c5d6c6258654a801a93766b49af0b82d4f454e2a5?s=96&d=mm&r=g\",\"contentUrl\":\"https:\/\/secure.gravatar.com\/avatar\/d6c030db45db2883c075085c5d6c6258654a801a93766b49af0b82d4f454e2a5?s=96&d=mm&r=g\",\"caption\":\"LA REDACTION\"},\"sameAs\":[\"http:\/\/www.public.sn\"],\"url\":\"https:\/\/www.public.sn\/index.php\/author\/admin7324\/\"}]}<\/script>\n<!-- \/ Yoast SEO plugin. -->","yoast_head_json":{"title":"Les r\u00e9v\u00e9lations de Cl\u00e9dor S\u00e9ne sur la nomination d'Amadou Ba PM, Nouveau Gouvernement, Mimi Tour\u00e9, d\u00e9c\u00e8s d\u2019Imam Aliou Ndao. - LE PUBLIC","robots":{"index":"index","follow":"follow","max-snippet":"max-snippet:-1","max-image-preview":"max-image-preview:large","max-video-preview":"max-video-preview:-1"},"canonical":"https:\/\/www.public.sn\/index.php\/2022\/09\/20\/cledor-sene-sexprime-sur-la-nomination-damadou-ba-pm-nouveau-gouvernement-mimi-toure-bagarres-des-deputes-a-lassemblee-nationale\/","og_locale":"fr_FR","og_type":"article","og_title":"Les r\u00e9v\u00e9lations de Cl\u00e9dor S\u00e9ne sur la nomination d'Amadou Ba PM, Nouveau Gouvernement, Mimi Tour\u00e9, d\u00e9c\u00e8s d\u2019Imam Aliou Ndao. - LE PUBLIC","og_description":"Amadou Cl\u00e9dor S\u00e9ne a r\u00e9visit\u00e9 l&rsquo;actualit\u00e9 politique en abordant la nomination de l&rsquo;ancien ministre des affaires \u00e9trang\u00e8res au poste de premier, la formation du nouveau gouvernement, la non reconduction de Matar Ba au d\u00e9partement des sports en remplacement de Yankhoba Diattara, la mort de l&rsquo;imam Aliou Badara Ndao, les ressources naturelles. Le pr\u00e9sident du parti affirme le pr\u00e9sident Macky Sall avait mis\u00e9 son choix sur Abdoulaye Daouda Diallo au poste de ministre du S\u00e9n\u00e9gal. Un choix compl\u00e9tement chang\u00e9 lors des consultations d&rsquo;apr\u00e8s Cl\u00e9dor S\u00e8ne qui dit ne pas comprendre le changement d&rsquo;option de derni\u00e8res minutes du Chef de l&rsquo;Etat. A l&rsquo;en croire Matar Ba est le meilleur ministre des sports qui ne devrait pas \u00eatre remplac\u00e9 car il a abattu un excellent travail au sein de son d\u00e9partement minist\u00e9riel. S&rsquo;agissant de l&rsquo;arrestation de Karim Xrum Xax et du Professeur Cheikh Omar Diagne li\u00e9e au d\u00e9c\u00e8s de l&rsquo;imam Aliou Badara Ndao, Cl\u00e9dor S\u00e9ne pr\u00e9cise qu&rsquo;en r\u00e9alit\u00e9 la principale cible de l&rsquo;\u00e9tat du S\u00e9n\u00e9gal c&rsquo;\u00e9tait Cheikh Omar Diagne du fait qu&rsquo;il ait cr\u00e9\u00e9 son parti politique pour conqu\u00e9rir le pouvoir face au r\u00e9gime&#8230; Suivez l&rsquo;int\u00e9gralit\u00e9 de l&rsquo;\u00e9mission !","og_url":"https:\/\/www.public.sn\/index.php\/2022\/09\/20\/cledor-sene-sexprime-sur-la-nomination-damadou-ba-pm-nouveau-gouvernement-mimi-toure-bagarres-des-deputes-a-lassemblee-nationale\/","og_site_name":"LE PUBLIC","article_published_time":"2022-09-20T12:44:23+00:00","article_modified_time":"2022-09-20T13:34:03+00:00","og_image":[{"width":1440,"height":1080,"url":"https:\/\/www.public.sn\/wp-content\/uploads\/2022\/09\/ASS.jpg","type":"image\/jpeg"}],"author":"LA REDACTION","twitter_card":"summary_large_image","twitter_misc":{"\u00c9crit par":"LA REDACTION","Dur\u00e9e de lecture estim\u00e9e":"1 minute"},"schema":{"@context":"https:\/\/schema.org","@graph":[{"@type":"Article","@id":"https:\/\/www.public.sn\/index.php\/2022\/09\/20\/cledor-sene-sexprime-sur-la-nomination-damadou-ba-pm-nouveau-gouvernement-mimi-toure-bagarres-des-deputes-a-lassemblee-nationale\/#article","isPartOf":{"@id":"https:\/\/www.public.sn\/index.php\/2022\/09\/20\/cledor-sene-sexprime-sur-la-nomination-damadou-ba-pm-nouveau-gouvernement-mimi-toure-bagarres-des-deputes-a-lassemblee-nationale\/"},"author":{"name":"LA REDACTION","@id":"https:\/\/www.public.sn\/#\/schema\/person\/e3f4a11b037d4203902db148f9bc8d5a"},"headline":"Les r\u00e9v\u00e9lations de Cl\u00e9dor S\u00e9ne sur la nomination d&rsquo;Amadou Ba PM, Nouveau Gouvernement, Mimi Tour\u00e9, d\u00e9c\u00e8s d\u2019Imam Aliou Ndao.","datePublished":"2022-09-20T12:44:23+00:00","dateModified":"2022-09-20T13:34:03+00:00","mainEntityOfPage":{"@id":"https:\/\/www.public.sn\/index.php\/2022\/09\/20\/cledor-sene-sexprime-sur-la-nomination-damadou-ba-pm-nouveau-gouvernement-mimi-toure-bagarres-des-deputes-a-lassemblee-nationale\/"},"wordCount":250,"commentCount":0,"publisher":{"@id":"https:\/\/www.public.sn\/#organization"},"image":{"@id":"https:\/\/www.public.sn\/index.php\/2022\/09\/20\/cledor-sene-sexprime-sur-la-nomination-damadou-ba-pm-nouveau-gouvernement-mimi-toure-bagarres-des-deputes-a-lassemblee-nationale\/#primaryimage"},"thumbnailUrl":"https:\/\/www.public.sn\/wp-content\/uploads\/2022\/09\/ASS.jpg","keywords":["Assembl\u00e9e Nationale","Benno","Cl\u00e9dor S\u00e9ne","Guy Marius Sagna","Macky Sall","Opposition"],"articleSection":["ACTUALIT\u00c9S","POLITIQUE","PUBLIC TV"],"inLanguage":"fr-FR","potentialAction":[{"@type":"CommentAction","name":"Comment","target":["https:\/\/www.public.sn\/index.php\/2022\/09\/20\/cledor-sene-sexprime-sur-la-nomination-damadou-ba-pm-nouveau-gouvernement-mimi-toure-bagarres-des-deputes-a-lassemblee-nationale\/#respond"]}]},{"@type":"WebPage","@id":"https:\/\/www.public.sn\/index.php\/2022\/09\/20\/cledor-sene-sexprime-sur-la-nomination-damadou-ba-pm-nouveau-gouvernement-mimi-toure-bagarres-des-deputes-a-lassemblee-nationale\/","url":"https:\/\/www.public.sn\/index.php\/2022\/09\/20\/cledor-sene-sexprime-sur-la-nomination-damadou-ba-pm-nouveau-gouvernement-mimi-toure-bagarres-des-deputes-a-lassemblee-nationale\/","name":"Les r\u00e9v\u00e9lations de Cl\u00e9dor S\u00e9ne sur la nomination d'Amadou Ba PM, Nouveau Gouvernement, Mimi Tour\u00e9, d\u00e9c\u00e8s d\u2019Imam Aliou Ndao. - LE PUBLIC","isPartOf":{"@id":"https:\/\/www.public.sn\/#website"},"primaryImageOfPage":{"@id":"https:\/\/www.public.sn\/index.php\/2022\/09\/20\/cledor-sene-sexprime-sur-la-nomination-damadou-ba-pm-nouveau-gouvernement-mimi-toure-bagarres-des-deputes-a-lassemblee-nationale\/#primaryimage"},"image":{"@id":"https:\/\/www.public.sn\/index.php\/2022\/09\/20\/cledor-sene-sexprime-sur-la-nomination-damadou-ba-pm-nouveau-gouvernement-mimi-toure-bagarres-des-deputes-a-lassemblee-nationale\/#primaryimage"},"thumbnailUrl":"https:\/\/www.public.sn\/wp-content\/uploads\/2022\/09\/ASS.jpg","datePublished":"2022-09-20T12:44:23+00:00","dateModified":"2022-09-20T13:34:03+00:00","breadcrumb":{"@id":"https:\/\/www.public.sn\/index.php\/2022\/09\/20\/cledor-sene-sexprime-sur-la-nomination-damadou-ba-pm-nouveau-gouvernement-mimi-toure-bagarres-des-deputes-a-lassemblee-nationale\/#breadcrumb"},"inLanguage":"fr-FR","potentialAction":[{"@type":"ReadAction","target":["https:\/\/www.public.sn\/index.php\/2022\/09\/20\/cledor-sene-sexprime-sur-la-nomination-damadou-ba-pm-nouveau-gouvernement-mimi-toure-bagarres-des-deputes-a-lassemblee-nationale\/"]}]},{"@type":"ImageObject","inLanguage":"fr-FR","@id":"https:\/\/www.public.sn\/index.php\/2022\/09\/20\/cledor-sene-sexprime-sur-la-nomination-damadou-ba-pm-nouveau-gouvernement-mimi-toure-bagarres-des-deputes-a-lassemblee-nationale\/#primaryimage","url":"https:\/\/www.public.sn\/wp-content\/uploads\/2022\/09\/ASS.jpg","contentUrl":"https:\/\/www.public.sn\/wp-content\/uploads\/2022\/09\/ASS.jpg","width":1440,"height":1080},{"@type":"BreadcrumbList","@id":"https:\/\/www.public.sn\/index.php\/2022\/09\/20\/cledor-sene-sexprime-sur-la-nomination-damadou-ba-pm-nouveau-gouvernement-mimi-toure-bagarres-des-deputes-a-lassemblee-nationale\/#breadcrumb","itemListElement":[{"@type":"ListItem","position":1,"name":"Accueil","item":"https:\/\/www.public.sn\/"},{"@type":"ListItem","position":2,"name":"Les r\u00e9v\u00e9lations de Cl\u00e9dor S\u00e9ne sur la nomination d&rsquo;Amadou Ba PM, Nouveau Gouvernement, Mimi Tour\u00e9, d\u00e9c\u00e8s d\u2019Imam Aliou Ndao."}]},{"@type":"WebSite","@id":"https:\/\/www.public.sn\/#website","url":"https:\/\/www.public.sn\/","name":"LE PUBLIC","description":"","publisher":{"@id":"https:\/\/www.public.sn\/#organization"},"potentialAction":[{"@type":"SearchAction","target":{"@type":"EntryPoint","urlTemplate":"https:\/\/www.public.sn\/?s={search_term_string}"},"query-input":{"@type":"PropertyValueSpecification","valueRequired":true,"valueName":"search_term_string"}}],"inLanguage":"fr-FR"},{"@type":"Organization","@id":"https:\/\/www.public.sn\/#organization","name":"LE PUBLIC","url":"https:\/\/www.public.sn\/","logo":{"@type":"ImageObject","inLanguage":"fr-FR","@id":"https:\/\/www.public.sn\/#\/schema\/logo\/image\/","url":"https:\/\/www.public.sn\/wp-content\/uploads\/2024\/05\/cropped-LOGO-PUBLIC.SN_.png","contentUrl":"https:\/\/www.public.sn\/wp-content\/uploads\/2024\/05\/cropped-LOGO-PUBLIC.SN_.png","width":682,"height":192,"caption":"LE PUBLIC"},"image":{"@id":"https:\/\/www.public.sn\/#\/schema\/logo\/image\/"}},{"@type":"Person","@id":"https:\/\/www.public.sn\/#\/schema\/person\/e3f4a11b037d4203902db148f9bc8d5a","name":"LA REDACTION","image":{"@type":"ImageObject","inLanguage":"fr-FR","@id":"https:\/\/www.public.sn\/#\/schema\/person\/image\/","url":"https:\/\/secure.gravatar.com\/avatar\/d6c030db45db2883c075085c5d6c6258654a801a93766b49af0b82d4f454e2a5?s=96&d=mm&r=g","contentUrl":"https:\/\/secure.gravatar.com\/avatar\/d6c030db45db2883c075085c5d6c6258654a801a93766b49af0b82d4f454e2a5?s=96&d=mm&r=g","caption":"LA REDACTION"},"sameAs":["http:\/\/www.public.sn"],"url":"https:\/\/www.public.sn\/index.php\/author\/admin7324\/"}]}},"jetpack_featured_media_url":"https:\/\/www.public.sn\/wp-content\/uploads\/2022\/09\/ASS.jpg","jetpack_sharing_enabled":true,"_links":{"self":[{"href":"https:\/\/www.public.sn\/index.php\/wp-json\/wp\/v2\/posts\/2253","targetHints":{"allow":["GET"]}}],"collection":[{"href":"https:\/\/www.public.sn\/index.php\/wp-json\/wp\/v2\/posts"}],"about":[{"href":"https:\/\/www.public.sn\/index.php\/wp-json\/wp\/v2\/types\/post"}],"author":[{"embeddable":true,"href":"https:\/\/www.public.sn\/index.php\/wp-json\/wp\/v2\/users\/1"}],"replies":[{"embeddable":true,"href":"https:\/\/www.public.sn\/index.php\/wp-json\/wp\/v2\/comments?post=2253"}],"version-history":[{"count":2,"href":"https:\/\/www.public.sn\/index.php\/wp-json\/wp\/v2\/posts\/2253\/revisions"}],"predecessor-version":[{"id":2257,"href":"https:\/\/www.public.sn\/index.php\/wp-json\/wp\/v2\/posts\/2253\/revisions\/2257"}],"wp:featuredmedia":[{"embeddable":true,"href":"https:\/\/www.public.sn\/index.php\/wp-json\/wp\/v2\/media\/2255"}],"wp:attachment":[{"href":"https:\/\/www.public.sn\/index.php\/wp-json\/wp\/v2\/media?parent=2253"}],"wp:term":[{"taxonomy":"category","embeddable":true,"href":"https:\/\/www.public.sn\/index.php\/wp-json\/wp\/v2\/categories?post=2253"},{"taxonomy":"post_tag","embeddable":true,"href":"https:\/\/www.public.sn\/index.php\/wp-json\/wp\/v2\/tags?post=2253"}],"curies":[{"name":"wp","href":"https:\/\/api.w.org\/{rel}","templated":true}]}}