{"id":22569,"date":"2023-05-26T10:45:46","date_gmt":"2023-05-26T10:45:46","guid":{"rendered":"https:\/\/www.public.sn\/?p=22569"},"modified":"2023-05-26T10:45:46","modified_gmt":"2023-05-26T10:45:46","slug":"affaire-serigne-saliou-gueye-vers-louverture-dune-information-judiciaire","status":"publish","type":"post","link":"https:\/\/www.public.sn\/index.php\/2023\/05\/26\/affaire-serigne-saliou-gueye-vers-louverture-dune-information-judiciaire\/","title":{"rendered":"Affaire Serigne Saliou Gu\u00e8ye : vers l&rsquo;ouverture d&rsquo;une information judiciaire"},"content":{"rendered":"<p><strong>Va-t-on vers l&rsquo;ouverture d&rsquo;une information judiciaire sur l&rsquo;affaire concernant Serigne Salou Gu\u00e8ye? En tout cas, a en croire Lib\u00e9ration, le directeur de publication de \u00ab Yoor Yoor \u00bb qui a b\u00e9n\u00e9fici\u00e9, pour la deuxi\u00e8me fois d\u2019un retour de parquet est toujours dans une situation embarrassante.\u00a0<\/strong><\/p><div class=\"publi-paragraphe1\" style=\"margin-top: 10px;margin-bottom: 10px;margin-left: auto;margin-right: auto;text-align: center;\" id=\"publi-3623623281\"><div class=\"publi-adlabel\">Publicit\u00e9<\/div><script async src=\"\/\/pagead2.googlesyndication.com\/pagead\/js\/adsbygoogle.js?client=ca-pub-4089586018074219\" crossorigin=\"anonymous\"><\/script><ins class=\"adsbygoogle\" style=\"display:block;\" data-ad-client=\"ca-pub-4089586018074219\" \ndata-ad-slot=\"2087940154\" \ndata-ad-format=\"auto\"><\/ins>\n<script> \n(adsbygoogle = window.adsbygoogle || []).push({}); \n<\/script>\n<\/div>\n<p>Plac\u00e9 en garde \u00e0 vue \u00e0 la S\u00fbret\u00e9 urbaine (Su) mardi, le chroniqueur de Sen Tv a \u00e9t\u00e9 d\u00e9f\u00e9r\u00e9 mercredi pour \u00aboutrage \u00e0 magistrat\u00bb et \u00abexercice ill\u00e9gale de la fonction de journaliste\u00bb. Sur ce, \u00a0le parquet compte demander l\u2019ouverture d\u2019une information judiciaire.<\/p>\n<p>Pour rappel, Serigne Saliou Gu\u00e8ye avait \u00e9t\u00e9 interrog\u00e9 \u00e0 la S\u00fbret\u00e9 Urbaine par rapport \u00e0 un texte sign\u00e9 par \u00abMagistrat\u00bb et intitul\u00e9 \u00abChers coll\u00e8gues magistrats, ressaisissons-nous \u00bb.<\/p>\n<p>Face aux enqu\u00eateurs, le directeur de publication de \u00ab Yoor Yoor \u00bb a inform\u00e9 qu\u2019il a cr\u00e9\u00e9 son journal en compagnie de deux autres personnes dont il pr\u00e9f\u00e8re taire les noms. Concernant le texte en cause ou certains magistrats sont trait\u00e9s d&rsquo;indign\u00e9s, il avait dit aux policiers qu\u2019il s\u2019agit d\u2019une chronique transmise par un magistrat qui a pr\u00e9f\u00e9r\u00e9 garder l\u2019anonymat. Celui-ci, ajoutait qu\u2019il a pr\u00e9f\u00e9r\u00e9 interpeller ses coll\u00e8gues sur le \u00ab dysfonctionnement de la justice et sur le traitement r\u00e9serv\u00e9 \u00e0 Ousmane Sonko \u00bb.<\/p>\n<p>Malgr\u00e9 l\u2019insistance des enqu\u00eateurs, Serigne Saliou Gueye a pr\u00e9cis\u00e9 qu\u2019il ne peut fournir l\u2019identit\u00e9 du magistrat qui est l\u2019auteur de l\u2019article.<\/p>\n<p>Relativement \u00e0 la profession de journaliste, Serigne Saliou Gu\u00e8ye a pr\u00e9cis\u00e9 qu\u2019il ne dispose d\u2019aucun dipl\u00f4me de journalisme car ayant \u00e9t\u00e9 form\u00e9 dans les r\u00e9dactions. De m\u00eame, il ne dispose pas de carte de presse.<\/p>\n<div class=\"publi-apres-le-contenu\" style=\"margin-top: 10px;margin-bottom: 10px;margin-left: auto;margin-right: auto;text-align: center;\" id=\"publi-2038247724\"><div class=\"publi-adlabel\">Publicit\u00e9<\/div><script async src=\"\/\/pagead2.googlesyndication.com\/pagead\/js\/adsbygoogle.js?client=ca-pub-4089586018074219\" crossorigin=\"anonymous\"><\/script><ins class=\"adsbygoogle\" style=\"display:block;\" data-ad-client=\"ca-pub-4089586018074219\" \ndata-ad-slot=\"2087940154\" \ndata-ad-format=\"auto\"><\/ins>\n<script> \n(adsbygoogle = window.adsbygoogle || []).push({}); \n<\/script>\n<\/div>","protected":false},"excerpt":{"rendered":"<p>Va-t-on vers l&rsquo;ouverture d&rsquo;une information judiciaire sur l&rsquo;affaire concernant Serigne Salou Gu\u00e8ye? En tout cas, a en croire Lib\u00e9ration, le directeur de publication de \u00ab Yoor Yoor \u00bb qui a b\u00e9n\u00e9fici\u00e9, pour la deuxi\u00e8me fois d\u2019un retour de parquet est toujours dans une situation embarrassante.\u00a0 Plac\u00e9 en garde \u00e0 vue \u00e0 la S\u00fbret\u00e9 urbaine (Su) mardi, le chroniqueur de Sen Tv a \u00e9t\u00e9 d\u00e9f\u00e9r\u00e9 mercredi pour \u00aboutrage \u00e0 magistrat\u00bb et \u00abexercice ill\u00e9gale de la fonction de journaliste\u00bb. Sur ce, \u00a0le parquet compte demander l\u2019ouverture d\u2019une information judiciaire. Pour rappel, Serigne Saliou Gu\u00e8ye avait \u00e9t\u00e9 interrog\u00e9 \u00e0 la S\u00fbret\u00e9 Urbaine par rapport \u00e0 un texte sign\u00e9 par \u00abMagistrat\u00bb et intitul\u00e9 \u00abChers coll\u00e8gues magistrats, ressaisissons-nous \u00bb. Face aux enqu\u00eateurs, le directeur de publication de \u00ab Yoor Yoor \u00bb a inform\u00e9 qu\u2019il a cr\u00e9\u00e9 son journal en compagnie de deux autres personnes dont il pr\u00e9f\u00e8re taire les noms. Concernant le texte en cause ou certains magistrats sont trait\u00e9s d&rsquo;indign\u00e9s, il avait dit aux policiers qu\u2019il s\u2019agit d\u2019une chronique transmise par un magistrat qui a pr\u00e9f\u00e9r\u00e9 garder l\u2019anonymat. Celui-ci, ajoutait qu\u2019il a pr\u00e9f\u00e9r\u00e9 interpeller ses coll\u00e8gues sur le \u00ab dysfonctionnement de la justice et sur le traitement r\u00e9serv\u00e9 \u00e0 Ousmane Sonko \u00bb. Malgr\u00e9 l\u2019insistance des enqu\u00eateurs, Serigne Saliou Gueye a pr\u00e9cis\u00e9 qu\u2019il ne peut fournir l\u2019identit\u00e9 du magistrat qui est l\u2019auteur de l\u2019article. Relativement \u00e0 la profession de journaliste, Serigne Saliou Gu\u00e8ye a pr\u00e9cis\u00e9 qu\u2019il ne dispose d\u2019aucun dipl\u00f4me de journalisme car ayant \u00e9t\u00e9 form\u00e9 dans les r\u00e9dactions. De m\u00eame, il ne dispose pas de carte de presse.<\/p>\n","protected":false},"author":1,"featured_media":22501,"comment_status":"open","ping_status":"open","sticky":false,"template":"","format":"standard","meta":{"_jetpack_memberships_contains_paid_content":false,"footnotes":""},"categories":[375,961,1,372],"tags":[5181,5167],"class_list":["post-22569","post","type-post","status-publish","format-standard","has-post-thumbnail","hentry","category-actualites","category-medias","category-non-classe","category-vedette","tag-information-judiciaire","tag-serigne-saliou-gueye","entry","has-media","owp-thumbs-layout-horizontal","owp-btn-normal","owp-tabs-layout-horizontal","has-no-thumbnails","has-product-nav"],"yoast_head":"<!-- This site is optimized with the Yoast SEO plugin v25.5 - https:\/\/yoast.com\/wordpress\/plugins\/seo\/ -->\n<title>Affaire Serigne Saliou Gu\u00e8ye : vers l&#039;ouverture d&#039;une information judiciaire - LE PUBLIC<\/title>\n<meta name=\"description\" content=\"Va-t-on vers l&#039;ouverture d&#039;une information judiciaire sur l&#039;affaire concernant Serigne Salou Gu\u00e8ye? En tout cas, a en croire Lib\u00e9ration, le directeur de publication de \u00ab Yoor Yoor \u00bb qui a b\u00e9n\u00e9fici\u00e9, pour la deuxi\u00e8me fois d\u2019un retour de parquet est toujours dans une situation embarrassante.\u00a0\" \/>\n<meta name=\"robots\" content=\"index, follow, max-snippet:-1, max-image-preview:large, max-video-preview:-1\" \/>\n<link rel=\"canonical\" href=\"https:\/\/www.public.sn\/index.php\/2023\/05\/26\/affaire-serigne-saliou-gueye-vers-louverture-dune-information-judiciaire\/\" \/>\n<meta property=\"og:locale\" content=\"fr_FR\" \/>\n<meta property=\"og:type\" content=\"article\" \/>\n<meta property=\"og:title\" content=\"Affaire Serigne Saliou Gu\u00e8ye : vers l&#039;ouverture d&#039;une information judiciaire - LE PUBLIC\" \/>\n<meta property=\"og:description\" content=\"Va-t-on vers l&#039;ouverture d&#039;une information judiciaire sur l&#039;affaire concernant Serigne Salou Gu\u00e8ye? En tout cas, a en croire Lib\u00e9ration, le directeur de publication de \u00ab Yoor Yoor \u00bb qui a b\u00e9n\u00e9fici\u00e9, pour la deuxi\u00e8me fois d\u2019un retour de parquet est toujours dans une situation embarrassante.\u00a0\" \/>\n<meta property=\"og:url\" content=\"https:\/\/www.public.sn\/index.php\/2023\/05\/26\/affaire-serigne-saliou-gueye-vers-louverture-dune-information-judiciaire\/\" \/>\n<meta property=\"og:site_name\" content=\"LE PUBLIC\" \/>\n<meta property=\"article:published_time\" content=\"2023-05-26T10:45:46+00:00\" \/>\n<meta property=\"og:image\" content=\"https:\/\/www.public.sn\/wp-content\/uploads\/2023\/05\/serignesaliougueye14-3_1_0_0.jpeg\" \/>\n\t<meta property=\"og:image:width\" content=\"800\" \/>\n\t<meta property=\"og:image:height\" content=\"530\" \/>\n\t<meta property=\"og:image:type\" content=\"image\/jpeg\" \/>\n<meta name=\"author\" content=\"LA REDACTION\" \/>\n<meta name=\"twitter:card\" content=\"summary_large_image\" \/>\n<meta name=\"twitter:label1\" content=\"\u00c9crit par\" \/>\n\t<meta name=\"twitter:data1\" content=\"LA REDACTION\" \/>\n\t<meta name=\"twitter:label2\" content=\"Dur\u00e9e de lecture estim\u00e9e\" \/>\n\t<meta name=\"twitter:data2\" content=\"2 minutes\" \/>\n<script type=\"application\/ld+json\" class=\"yoast-schema-graph\">{\"@context\":\"https:\/\/schema.org\",\"@graph\":[{\"@type\":\"Article\",\"@id\":\"https:\/\/www.public.sn\/index.php\/2023\/05\/26\/affaire-serigne-saliou-gueye-vers-louverture-dune-information-judiciaire\/#article\",\"isPartOf\":{\"@id\":\"https:\/\/www.public.sn\/index.php\/2023\/05\/26\/affaire-serigne-saliou-gueye-vers-louverture-dune-information-judiciaire\/\"},\"author\":{\"name\":\"LA REDACTION\",\"@id\":\"https:\/\/www.public.sn\/#\/schema\/person\/e3f4a11b037d4203902db148f9bc8d5a\"},\"headline\":\"Affaire Serigne Saliou Gu\u00e8ye : vers l&rsquo;ouverture d&rsquo;une information judiciaire\",\"datePublished\":\"2023-05-26T10:45:46+00:00\",\"mainEntityOfPage\":{\"@id\":\"https:\/\/www.public.sn\/index.php\/2023\/05\/26\/affaire-serigne-saliou-gueye-vers-louverture-dune-information-judiciaire\/\"},\"wordCount\":296,\"commentCount\":0,\"publisher\":{\"@id\":\"https:\/\/www.public.sn\/#organization\"},\"image\":{\"@id\":\"https:\/\/www.public.sn\/index.php\/2023\/05\/26\/affaire-serigne-saliou-gueye-vers-louverture-dune-information-judiciaire\/#primaryimage\"},\"thumbnailUrl\":\"https:\/\/www.public.sn\/wp-content\/uploads\/2023\/05\/serignesaliougueye14-3_1_0_0.jpeg\",\"keywords\":[\"information judiciaire\",\"Serigne Saliou Gu\u00e8ye\"],\"articleSection\":[\"ACTUALIT\u00c9S\",\"M\u00c9DIAS\",\"S\u00c9N\u00c9GAL\",\"VEDETTE\"],\"inLanguage\":\"fr-FR\",\"potentialAction\":[{\"@type\":\"CommentAction\",\"name\":\"Comment\",\"target\":[\"https:\/\/www.public.sn\/index.php\/2023\/05\/26\/affaire-serigne-saliou-gueye-vers-louverture-dune-information-judiciaire\/#respond\"]}]},{\"@type\":\"WebPage\",\"@id\":\"https:\/\/www.public.sn\/index.php\/2023\/05\/26\/affaire-serigne-saliou-gueye-vers-louverture-dune-information-judiciaire\/\",\"url\":\"https:\/\/www.public.sn\/index.php\/2023\/05\/26\/affaire-serigne-saliou-gueye-vers-louverture-dune-information-judiciaire\/\",\"name\":\"Affaire Serigne Saliou Gu\u00e8ye : vers l'ouverture d'une information judiciaire - LE PUBLIC\",\"isPartOf\":{\"@id\":\"https:\/\/www.public.sn\/#website\"},\"primaryImageOfPage\":{\"@id\":\"https:\/\/www.public.sn\/index.php\/2023\/05\/26\/affaire-serigne-saliou-gueye-vers-louverture-dune-information-judiciaire\/#primaryimage\"},\"image\":{\"@id\":\"https:\/\/www.public.sn\/index.php\/2023\/05\/26\/affaire-serigne-saliou-gueye-vers-louverture-dune-information-judiciaire\/#primaryimage\"},\"thumbnailUrl\":\"https:\/\/www.public.sn\/wp-content\/uploads\/2023\/05\/serignesaliougueye14-3_1_0_0.jpeg\",\"datePublished\":\"2023-05-26T10:45:46+00:00\",\"description\":\"Va-t-on vers l'ouverture d'une information judiciaire sur l'affaire concernant Serigne Salou Gu\u00e8ye? En tout cas, a en croire Lib\u00e9ration, le directeur de publication de \u00ab Yoor Yoor \u00bb qui a b\u00e9n\u00e9fici\u00e9, pour la deuxi\u00e8me fois d\u2019un retour de parquet est toujours dans une situation embarrassante.\u00a0\",\"breadcrumb\":{\"@id\":\"https:\/\/www.public.sn\/index.php\/2023\/05\/26\/affaire-serigne-saliou-gueye-vers-louverture-dune-information-judiciaire\/#breadcrumb\"},\"inLanguage\":\"fr-FR\",\"potentialAction\":[{\"@type\":\"ReadAction\",\"target\":[\"https:\/\/www.public.sn\/index.php\/2023\/05\/26\/affaire-serigne-saliou-gueye-vers-louverture-dune-information-judiciaire\/\"]}]},{\"@type\":\"ImageObject\",\"inLanguage\":\"fr-FR\",\"@id\":\"https:\/\/www.public.sn\/index.php\/2023\/05\/26\/affaire-serigne-saliou-gueye-vers-louverture-dune-information-judiciaire\/#primaryimage\",\"url\":\"https:\/\/www.public.sn\/wp-content\/uploads\/2023\/05\/serignesaliougueye14-3_1_0_0.jpeg\",\"contentUrl\":\"https:\/\/www.public.sn\/wp-content\/uploads\/2023\/05\/serignesaliougueye14-3_1_0_0.jpeg\",\"width\":800,\"height\":530},{\"@type\":\"BreadcrumbList\",\"@id\":\"https:\/\/www.public.sn\/index.php\/2023\/05\/26\/affaire-serigne-saliou-gueye-vers-louverture-dune-information-judiciaire\/#breadcrumb\",\"itemListElement\":[{\"@type\":\"ListItem\",\"position\":1,\"name\":\"Accueil\",\"item\":\"https:\/\/www.public.sn\/\"},{\"@type\":\"ListItem\",\"position\":2,\"name\":\"Affaire Serigne Saliou Gu\u00e8ye : vers l&rsquo;ouverture d&rsquo;une information judiciaire\"}]},{\"@type\":\"WebSite\",\"@id\":\"https:\/\/www.public.sn\/#website\",\"url\":\"https:\/\/www.public.sn\/\",\"name\":\"LE PUBLIC\",\"description\":\"\",\"publisher\":{\"@id\":\"https:\/\/www.public.sn\/#organization\"},\"potentialAction\":[{\"@type\":\"SearchAction\",\"target\":{\"@type\":\"EntryPoint\",\"urlTemplate\":\"https:\/\/www.public.sn\/?s={search_term_string}\"},\"query-input\":{\"@type\":\"PropertyValueSpecification\",\"valueRequired\":true,\"valueName\":\"search_term_string\"}}],\"inLanguage\":\"fr-FR\"},{\"@type\":\"Organization\",\"@id\":\"https:\/\/www.public.sn\/#organization\",\"name\":\"LE PUBLIC\",\"url\":\"https:\/\/www.public.sn\/\",\"logo\":{\"@type\":\"ImageObject\",\"inLanguage\":\"fr-FR\",\"@id\":\"https:\/\/www.public.sn\/#\/schema\/logo\/image\/\",\"url\":\"https:\/\/www.public.sn\/wp-content\/uploads\/2024\/05\/cropped-LOGO-PUBLIC.SN_.png\",\"contentUrl\":\"https:\/\/www.public.sn\/wp-content\/uploads\/2024\/05\/cropped-LOGO-PUBLIC.SN_.png\",\"width\":682,\"height\":192,\"caption\":\"LE PUBLIC\"},\"image\":{\"@id\":\"https:\/\/www.public.sn\/#\/schema\/logo\/image\/\"}},{\"@type\":\"Person\",\"@id\":\"https:\/\/www.public.sn\/#\/schema\/person\/e3f4a11b037d4203902db148f9bc8d5a\",\"name\":\"LA REDACTION\",\"image\":{\"@type\":\"ImageObject\",\"inLanguage\":\"fr-FR\",\"@id\":\"https:\/\/www.public.sn\/#\/schema\/person\/image\/\",\"url\":\"https:\/\/secure.gravatar.com\/avatar\/d6c030db45db2883c075085c5d6c6258654a801a93766b49af0b82d4f454e2a5?s=96&d=mm&r=g\",\"contentUrl\":\"https:\/\/secure.gravatar.com\/avatar\/d6c030db45db2883c075085c5d6c6258654a801a93766b49af0b82d4f454e2a5?s=96&d=mm&r=g\",\"caption\":\"LA REDACTION\"},\"sameAs\":[\"http:\/\/www.public.sn\"],\"url\":\"https:\/\/www.public.sn\/index.php\/author\/admin7324\/\"}]}<\/script>\n<!-- \/ Yoast SEO plugin. -->","yoast_head_json":{"title":"Affaire Serigne Saliou Gu\u00e8ye : vers l'ouverture d'une information judiciaire - LE PUBLIC","description":"Va-t-on vers l'ouverture d'une information judiciaire sur l'affaire concernant Serigne Salou Gu\u00e8ye? En tout cas, a en croire Lib\u00e9ration, le directeur de publication de \u00ab Yoor Yoor \u00bb qui a b\u00e9n\u00e9fici\u00e9, pour la deuxi\u00e8me fois d\u2019un retour de parquet est toujours dans une situation embarrassante.\u00a0","robots":{"index":"index","follow":"follow","max-snippet":"max-snippet:-1","max-image-preview":"max-image-preview:large","max-video-preview":"max-video-preview:-1"},"canonical":"https:\/\/www.public.sn\/index.php\/2023\/05\/26\/affaire-serigne-saliou-gueye-vers-louverture-dune-information-judiciaire\/","og_locale":"fr_FR","og_type":"article","og_title":"Affaire Serigne Saliou Gu\u00e8ye : vers l'ouverture d'une information judiciaire - LE PUBLIC","og_description":"Va-t-on vers l'ouverture d'une information judiciaire sur l'affaire concernant Serigne Salou Gu\u00e8ye? En tout cas, a en croire Lib\u00e9ration, le directeur de publication de \u00ab Yoor Yoor \u00bb qui a b\u00e9n\u00e9fici\u00e9, pour la deuxi\u00e8me fois d\u2019un retour de parquet est toujours dans une situation embarrassante.\u00a0","og_url":"https:\/\/www.public.sn\/index.php\/2023\/05\/26\/affaire-serigne-saliou-gueye-vers-louverture-dune-information-judiciaire\/","og_site_name":"LE PUBLIC","article_published_time":"2023-05-26T10:45:46+00:00","og_image":[{"width":800,"height":530,"url":"https:\/\/www.public.sn\/wp-content\/uploads\/2023\/05\/serignesaliougueye14-3_1_0_0.jpeg","type":"image\/jpeg"}],"author":"LA REDACTION","twitter_card":"summary_large_image","twitter_misc":{"\u00c9crit par":"LA REDACTION","Dur\u00e9e de lecture estim\u00e9e":"2 minutes"},"schema":{"@context":"https:\/\/schema.org","@graph":[{"@type":"Article","@id":"https:\/\/www.public.sn\/index.php\/2023\/05\/26\/affaire-serigne-saliou-gueye-vers-louverture-dune-information-judiciaire\/#article","isPartOf":{"@id":"https:\/\/www.public.sn\/index.php\/2023\/05\/26\/affaire-serigne-saliou-gueye-vers-louverture-dune-information-judiciaire\/"},"author":{"name":"LA REDACTION","@id":"https:\/\/www.public.sn\/#\/schema\/person\/e3f4a11b037d4203902db148f9bc8d5a"},"headline":"Affaire Serigne Saliou Gu\u00e8ye : vers l&rsquo;ouverture d&rsquo;une information judiciaire","datePublished":"2023-05-26T10:45:46+00:00","mainEntityOfPage":{"@id":"https:\/\/www.public.sn\/index.php\/2023\/05\/26\/affaire-serigne-saliou-gueye-vers-louverture-dune-information-judiciaire\/"},"wordCount":296,"commentCount":0,"publisher":{"@id":"https:\/\/www.public.sn\/#organization"},"image":{"@id":"https:\/\/www.public.sn\/index.php\/2023\/05\/26\/affaire-serigne-saliou-gueye-vers-louverture-dune-information-judiciaire\/#primaryimage"},"thumbnailUrl":"https:\/\/www.public.sn\/wp-content\/uploads\/2023\/05\/serignesaliougueye14-3_1_0_0.jpeg","keywords":["information judiciaire","Serigne Saliou Gu\u00e8ye"],"articleSection":["ACTUALIT\u00c9S","M\u00c9DIAS","S\u00c9N\u00c9GAL","VEDETTE"],"inLanguage":"fr-FR","potentialAction":[{"@type":"CommentAction","name":"Comment","target":["https:\/\/www.public.sn\/index.php\/2023\/05\/26\/affaire-serigne-saliou-gueye-vers-louverture-dune-information-judiciaire\/#respond"]}]},{"@type":"WebPage","@id":"https:\/\/www.public.sn\/index.php\/2023\/05\/26\/affaire-serigne-saliou-gueye-vers-louverture-dune-information-judiciaire\/","url":"https:\/\/www.public.sn\/index.php\/2023\/05\/26\/affaire-serigne-saliou-gueye-vers-louverture-dune-information-judiciaire\/","name":"Affaire Serigne Saliou Gu\u00e8ye : vers l'ouverture d'une information judiciaire - LE PUBLIC","isPartOf":{"@id":"https:\/\/www.public.sn\/#website"},"primaryImageOfPage":{"@id":"https:\/\/www.public.sn\/index.php\/2023\/05\/26\/affaire-serigne-saliou-gueye-vers-louverture-dune-information-judiciaire\/#primaryimage"},"image":{"@id":"https:\/\/www.public.sn\/index.php\/2023\/05\/26\/affaire-serigne-saliou-gueye-vers-louverture-dune-information-judiciaire\/#primaryimage"},"thumbnailUrl":"https:\/\/www.public.sn\/wp-content\/uploads\/2023\/05\/serignesaliougueye14-3_1_0_0.jpeg","datePublished":"2023-05-26T10:45:46+00:00","description":"Va-t-on vers l'ouverture d'une information judiciaire sur l'affaire concernant Serigne Salou Gu\u00e8ye? En tout cas, a en croire Lib\u00e9ration, le directeur de publication de \u00ab Yoor Yoor \u00bb qui a b\u00e9n\u00e9fici\u00e9, pour la deuxi\u00e8me fois d\u2019un retour de parquet est toujours dans une situation embarrassante.\u00a0","breadcrumb":{"@id":"https:\/\/www.public.sn\/index.php\/2023\/05\/26\/affaire-serigne-saliou-gueye-vers-louverture-dune-information-judiciaire\/#breadcrumb"},"inLanguage":"fr-FR","potentialAction":[{"@type":"ReadAction","target":["https:\/\/www.public.sn\/index.php\/2023\/05\/26\/affaire-serigne-saliou-gueye-vers-louverture-dune-information-judiciaire\/"]}]},{"@type":"ImageObject","inLanguage":"fr-FR","@id":"https:\/\/www.public.sn\/index.php\/2023\/05\/26\/affaire-serigne-saliou-gueye-vers-louverture-dune-information-judiciaire\/#primaryimage","url":"https:\/\/www.public.sn\/wp-content\/uploads\/2023\/05\/serignesaliougueye14-3_1_0_0.jpeg","contentUrl":"https:\/\/www.public.sn\/wp-content\/uploads\/2023\/05\/serignesaliougueye14-3_1_0_0.jpeg","width":800,"height":530},{"@type":"BreadcrumbList","@id":"https:\/\/www.public.sn\/index.php\/2023\/05\/26\/affaire-serigne-saliou-gueye-vers-louverture-dune-information-judiciaire\/#breadcrumb","itemListElement":[{"@type":"ListItem","position":1,"name":"Accueil","item":"https:\/\/www.public.sn\/"},{"@type":"ListItem","position":2,"name":"Affaire Serigne Saliou Gu\u00e8ye : vers l&rsquo;ouverture d&rsquo;une information judiciaire"}]},{"@type":"WebSite","@id":"https:\/\/www.public.sn\/#website","url":"https:\/\/www.public.sn\/","name":"LE PUBLIC","description":"","publisher":{"@id":"https:\/\/www.public.sn\/#organization"},"potentialAction":[{"@type":"SearchAction","target":{"@type":"EntryPoint","urlTemplate":"https:\/\/www.public.sn\/?s={search_term_string}"},"query-input":{"@type":"PropertyValueSpecification","valueRequired":true,"valueName":"search_term_string"}}],"inLanguage":"fr-FR"},{"@type":"Organization","@id":"https:\/\/www.public.sn\/#organization","name":"LE PUBLIC","url":"https:\/\/www.public.sn\/","logo":{"@type":"ImageObject","inLanguage":"fr-FR","@id":"https:\/\/www.public.sn\/#\/schema\/logo\/image\/","url":"https:\/\/www.public.sn\/wp-content\/uploads\/2024\/05\/cropped-LOGO-PUBLIC.SN_.png","contentUrl":"https:\/\/www.public.sn\/wp-content\/uploads\/2024\/05\/cropped-LOGO-PUBLIC.SN_.png","width":682,"height":192,"caption":"LE PUBLIC"},"image":{"@id":"https:\/\/www.public.sn\/#\/schema\/logo\/image\/"}},{"@type":"Person","@id":"https:\/\/www.public.sn\/#\/schema\/person\/e3f4a11b037d4203902db148f9bc8d5a","name":"LA REDACTION","image":{"@type":"ImageObject","inLanguage":"fr-FR","@id":"https:\/\/www.public.sn\/#\/schema\/person\/image\/","url":"https:\/\/secure.gravatar.com\/avatar\/d6c030db45db2883c075085c5d6c6258654a801a93766b49af0b82d4f454e2a5?s=96&d=mm&r=g","contentUrl":"https:\/\/secure.gravatar.com\/avatar\/d6c030db45db2883c075085c5d6c6258654a801a93766b49af0b82d4f454e2a5?s=96&d=mm&r=g","caption":"LA REDACTION"},"sameAs":["http:\/\/www.public.sn"],"url":"https:\/\/www.public.sn\/index.php\/author\/admin7324\/"}]}},"jetpack_featured_media_url":"https:\/\/www.public.sn\/wp-content\/uploads\/2023\/05\/serignesaliougueye14-3_1_0_0.jpeg","jetpack_sharing_enabled":true,"_links":{"self":[{"href":"https:\/\/www.public.sn\/index.php\/wp-json\/wp\/v2\/posts\/22569","targetHints":{"allow":["GET"]}}],"collection":[{"href":"https:\/\/www.public.sn\/index.php\/wp-json\/wp\/v2\/posts"}],"about":[{"href":"https:\/\/www.public.sn\/index.php\/wp-json\/wp\/v2\/types\/post"}],"author":[{"embeddable":true,"href":"https:\/\/www.public.sn\/index.php\/wp-json\/wp\/v2\/users\/1"}],"replies":[{"embeddable":true,"href":"https:\/\/www.public.sn\/index.php\/wp-json\/wp\/v2\/comments?post=22569"}],"version-history":[{"count":1,"href":"https:\/\/www.public.sn\/index.php\/wp-json\/wp\/v2\/posts\/22569\/revisions"}],"predecessor-version":[{"id":22570,"href":"https:\/\/www.public.sn\/index.php\/wp-json\/wp\/v2\/posts\/22569\/revisions\/22570"}],"wp:featuredmedia":[{"embeddable":true,"href":"https:\/\/www.public.sn\/index.php\/wp-json\/wp\/v2\/media\/22501"}],"wp:attachment":[{"href":"https:\/\/www.public.sn\/index.php\/wp-json\/wp\/v2\/media?parent=22569"}],"wp:term":[{"taxonomy":"category","embeddable":true,"href":"https:\/\/www.public.sn\/index.php\/wp-json\/wp\/v2\/categories?post=22569"},{"taxonomy":"post_tag","embeddable":true,"href":"https:\/\/www.public.sn\/index.php\/wp-json\/wp\/v2\/tags?post=22569"}],"curies":[{"name":"wp","href":"https:\/\/api.w.org\/{rel}","templated":true}]}}