{"id":22572,"date":"2023-05-26T12:36:11","date_gmt":"2023-05-26T12:36:11","guid":{"rendered":"https:\/\/www.public.sn\/?p=22572"},"modified":"2023-05-26T12:36:11","modified_gmt":"2023-05-26T12:36:11","slug":"les-manifestations-de-yewwi-askan-wi-interdites","status":"publish","type":"post","link":"https:\/\/www.public.sn\/index.php\/2023\/05\/26\/les-manifestations-de-yewwi-askan-wi-interdites\/","title":{"rendered":"Les manifestations de Yewwi Askan Wi interdites"},"content":{"rendered":"<p><strong>Pr\u00e9vue ce vendredi, les manifestations de Yewwi Askan risquent de tomber \u00e0 l&rsquo;eau. Selon Les Echos, aucune d\u2019entre elles n\u2019a \u00e9t\u00e9 autoris\u00e9e. Aussi bien la marche pr\u00e9vue sur l\u2019itin\u00e9raire de l\u2019Avenue Cheikh Anta Diop que celle sur l\u2019Avenue Bourguiba. Elles ont tous \u00e9t\u00e9 interdites par le pr\u00e9fet de Dakar.<\/strong><\/p><div class=\"publi-paragraphe1\" style=\"margin-top: 10px;margin-bottom: 10px;margin-left: auto;margin-right: auto;text-align: center;\" id=\"publi-2424685022\"><div class=\"publi-adlabel\">Publicit\u00e9<\/div><script async src=\"\/\/pagead2.googlesyndication.com\/pagead\/js\/adsbygoogle.js?client=ca-pub-4089586018074219\" crossorigin=\"anonymous\"><\/script><ins class=\"adsbygoogle\" style=\"display:block;\" data-ad-client=\"ca-pub-4089586018074219\" \ndata-ad-slot=\"2087940154\" \ndata-ad-format=\"auto\"><\/ins>\n<script> \n(adsbygoogle = window.adsbygoogle || []).push({}); \n<\/script>\n<\/div>\n<p>Les interdictions sont justifi\u00e9es par le fait que l\u2019heure n\u2019est pas pr\u00e9cis\u00e9e dans la demande d\u2019autorisation alors que la coalition \u00e9tait \u00e0 fond dans la pr\u00e9paration de ces grands rassemblements.<\/p>\n<p>Pour rappel, la coalition Yewwi Askan Wi avait pr\u00e9vu d\u2019organiser ces manifestations pour d\u00e9noncer la tentative du pr\u00e9sident Macky Sall \u00ab d\u2019\u00e9liminer de potentiels adversaires \u00e0 l\u2019\u00e9lection pr\u00e9sidentielle 2024 \u00bb.<\/p>\n<div class=\"publi-apres-le-contenu\" style=\"margin-top: 10px;margin-bottom: 10px;margin-left: auto;margin-right: auto;text-align: center;\" id=\"publi-3683635576\"><div class=\"publi-adlabel\">Publicit\u00e9<\/div><script async src=\"\/\/pagead2.googlesyndication.com\/pagead\/js\/adsbygoogle.js?client=ca-pub-4089586018074219\" crossorigin=\"anonymous\"><\/script><ins class=\"adsbygoogle\" style=\"display:block;\" data-ad-client=\"ca-pub-4089586018074219\" \ndata-ad-slot=\"2087940154\" \ndata-ad-format=\"auto\"><\/ins>\n<script> \n(adsbygoogle = window.adsbygoogle || []).push({}); \n<\/script>\n<\/div>","protected":false},"excerpt":{"rendered":"<p>Pr\u00e9vue ce vendredi, les manifestations de Yewwi Askan risquent de tomber \u00e0 l&rsquo;eau. Selon Les Echos, aucune d\u2019entre elles n\u2019a \u00e9t\u00e9 autoris\u00e9e. Aussi bien la marche pr\u00e9vue sur l\u2019itin\u00e9raire de l\u2019Avenue Cheikh Anta Diop que celle sur l\u2019Avenue Bourguiba. Elles ont tous \u00e9t\u00e9 interdites par le pr\u00e9fet de Dakar. Les interdictions sont justifi\u00e9es par le fait que l\u2019heure n\u2019est pas pr\u00e9cis\u00e9e dans la demande d\u2019autorisation alors que la coalition \u00e9tait \u00e0 fond dans la pr\u00e9paration de ces grands rassemblements. Pour rappel, la coalition Yewwi Askan Wi avait pr\u00e9vu d\u2019organiser ces manifestations pour d\u00e9noncer la tentative du pr\u00e9sident Macky Sall \u00ab d\u2019\u00e9liminer de potentiels adversaires \u00e0 l\u2019\u00e9lection pr\u00e9sidentielle 2024 \u00bb.<\/p>\n","protected":false},"author":1,"featured_media":16640,"comment_status":"open","ping_status":"open","sticky":false,"template":"","format":"standard","meta":{"_jetpack_memberships_contains_paid_content":false,"footnotes":""},"categories":[375,9,3,376,1,372],"tags":[301],"class_list":["post-22572","post","type-post","status-publish","format-standard","has-post-thumbnail","hentry","category-actualites","category-communique","category-politique","category-securite-justice","category-non-classe","category-vedette","tag-yewwi","entry","has-media","owp-thumbs-layout-horizontal","owp-btn-normal","owp-tabs-layout-horizontal","has-no-thumbnails","has-product-nav"],"yoast_head":"<!-- This site is optimized with the Yoast SEO plugin v25.5 - https:\/\/yoast.com\/wordpress\/plugins\/seo\/ -->\n<title>Les manifestations de Yewwi Askan Wi interdites - LE PUBLIC<\/title>\n<meta name=\"description\" content=\"Pr\u00e9vue ce vendredi, les manifestations de Yewwi Askan risquent de vouer \u00e0 l&#039;\u00e9chec. Selon Les Echos, aucune d\u2019entre elles n\u2019a \u00e9t\u00e9 autoris\u00e9e. Aussi bien la marche pr\u00e9vue sur l\u2019itin\u00e9raire de l\u2019Avenue Cheikh Anta Diop que celle sur l\u2019Avenue Bourguiba. Elles ont tous \u00e9t\u00e9 interdites par le pr\u00e9fet de Dakar.Les interdictions sont justifi\u00e9es par le fait que l\u2019heure n\u2019est pas pr\u00e9cis\u00e9e dans la demande d\u2019autorisation alors que la coalition \u00e9tait \u00e0 fond dans la pr\u00e9paration de ces grands rassemblements.Pour rappel, la coalition Yewwi Askan Wi avait pr\u00e9vu d\u2019organiser ces manifestations pour d\u00e9noncer la tentative du pr\u00e9sident Macky Sall \u00ab d\u2019\u00e9liminer de potentiels adversaires \u00e0 l\u2019\u00e9lection pr\u00e9sidentielle 2024 \u00bb.\" \/>\n<meta name=\"robots\" content=\"index, follow, max-snippet:-1, max-image-preview:large, max-video-preview:-1\" \/>\n<link rel=\"canonical\" href=\"https:\/\/www.public.sn\/index.php\/2023\/05\/26\/les-manifestations-de-yewwi-askan-wi-interdites\/\" \/>\n<meta property=\"og:locale\" content=\"fr_FR\" \/>\n<meta property=\"og:type\" content=\"article\" \/>\n<meta property=\"og:title\" content=\"Les manifestations de Yewwi Askan Wi interdites - LE PUBLIC\" \/>\n<meta property=\"og:description\" content=\"Pr\u00e9vue ce vendredi, les manifestations de Yewwi Askan risquent de vouer \u00e0 l&#039;\u00e9chec. Selon Les Echos, aucune d\u2019entre elles n\u2019a \u00e9t\u00e9 autoris\u00e9e. Aussi bien la marche pr\u00e9vue sur l\u2019itin\u00e9raire de l\u2019Avenue Cheikh Anta Diop que celle sur l\u2019Avenue Bourguiba. Elles ont tous \u00e9t\u00e9 interdites par le pr\u00e9fet de Dakar.Les interdictions sont justifi\u00e9es par le fait que l\u2019heure n\u2019est pas pr\u00e9cis\u00e9e dans la demande d\u2019autorisation alors que la coalition \u00e9tait \u00e0 fond dans la pr\u00e9paration de ces grands rassemblements.Pour rappel, la coalition Yewwi Askan Wi avait pr\u00e9vu d\u2019organiser ces manifestations pour d\u00e9noncer la tentative du pr\u00e9sident Macky Sall \u00ab d\u2019\u00e9liminer de potentiels adversaires \u00e0 l\u2019\u00e9lection pr\u00e9sidentielle 2024 \u00bb.\" \/>\n<meta property=\"og:url\" content=\"https:\/\/www.public.sn\/index.php\/2023\/05\/26\/les-manifestations-de-yewwi-askan-wi-interdites\/\" \/>\n<meta property=\"og:site_name\" content=\"LE PUBLIC\" \/>\n<meta property=\"article:published_time\" content=\"2023-05-26T12:36:11+00:00\" \/>\n<meta property=\"og:image\" content=\"https:\/\/www.public.sn\/wp-content\/uploads\/2023\/02\/manifestation-du-16-Fevrier.png\" \/>\n\t<meta property=\"og:image:width\" content=\"597\" \/>\n\t<meta property=\"og:image:height\" content=\"294\" \/>\n\t<meta property=\"og:image:type\" content=\"image\/png\" \/>\n<meta name=\"author\" content=\"LA REDACTION\" \/>\n<meta name=\"twitter:card\" content=\"summary_large_image\" \/>\n<meta name=\"twitter:label1\" content=\"\u00c9crit par\" \/>\n\t<meta name=\"twitter:data1\" content=\"LA REDACTION\" \/>\n\t<meta name=\"twitter:label2\" content=\"Dur\u00e9e de lecture estim\u00e9e\" \/>\n\t<meta name=\"twitter:data2\" content=\"1 minute\" \/>\n<script type=\"application\/ld+json\" class=\"yoast-schema-graph\">{\"@context\":\"https:\/\/schema.org\",\"@graph\":[{\"@type\":\"Article\",\"@id\":\"https:\/\/www.public.sn\/index.php\/2023\/05\/26\/les-manifestations-de-yewwi-askan-wi-interdites\/#article\",\"isPartOf\":{\"@id\":\"https:\/\/www.public.sn\/index.php\/2023\/05\/26\/les-manifestations-de-yewwi-askan-wi-interdites\/\"},\"author\":{\"name\":\"LA REDACTION\",\"@id\":\"https:\/\/www.public.sn\/#\/schema\/person\/e3f4a11b037d4203902db148f9bc8d5a\"},\"headline\":\"Les manifestations de Yewwi Askan Wi interdites\",\"datePublished\":\"2023-05-26T12:36:11+00:00\",\"mainEntityOfPage\":{\"@id\":\"https:\/\/www.public.sn\/index.php\/2023\/05\/26\/les-manifestations-de-yewwi-askan-wi-interdites\/\"},\"wordCount\":134,\"commentCount\":0,\"publisher\":{\"@id\":\"https:\/\/www.public.sn\/#organization\"},\"image\":{\"@id\":\"https:\/\/www.public.sn\/index.php\/2023\/05\/26\/les-manifestations-de-yewwi-askan-wi-interdites\/#primaryimage\"},\"thumbnailUrl\":\"https:\/\/www.public.sn\/wp-content\/uploads\/2023\/02\/manifestation-du-16-Fevrier.png\",\"keywords\":[\"Yewwi\"],\"articleSection\":[\"ACTUALIT\u00c9S\",\"COMMUNIQU\u00c9\",\"POLITIQUE\",\"S\u00c9CURIT\u00c9 &amp; JUSTICE\",\"S\u00c9N\u00c9GAL\",\"VEDETTE\"],\"inLanguage\":\"fr-FR\",\"potentialAction\":[{\"@type\":\"CommentAction\",\"name\":\"Comment\",\"target\":[\"https:\/\/www.public.sn\/index.php\/2023\/05\/26\/les-manifestations-de-yewwi-askan-wi-interdites\/#respond\"]}]},{\"@type\":\"WebPage\",\"@id\":\"https:\/\/www.public.sn\/index.php\/2023\/05\/26\/les-manifestations-de-yewwi-askan-wi-interdites\/\",\"url\":\"https:\/\/www.public.sn\/index.php\/2023\/05\/26\/les-manifestations-de-yewwi-askan-wi-interdites\/\",\"name\":\"Les manifestations de Yewwi Askan Wi interdites - LE PUBLIC\",\"isPartOf\":{\"@id\":\"https:\/\/www.public.sn\/#website\"},\"primaryImageOfPage\":{\"@id\":\"https:\/\/www.public.sn\/index.php\/2023\/05\/26\/les-manifestations-de-yewwi-askan-wi-interdites\/#primaryimage\"},\"image\":{\"@id\":\"https:\/\/www.public.sn\/index.php\/2023\/05\/26\/les-manifestations-de-yewwi-askan-wi-interdites\/#primaryimage\"},\"thumbnailUrl\":\"https:\/\/www.public.sn\/wp-content\/uploads\/2023\/02\/manifestation-du-16-Fevrier.png\",\"datePublished\":\"2023-05-26T12:36:11+00:00\",\"description\":\"Pr\u00e9vue ce vendredi, les manifestations de Yewwi Askan risquent de vouer \u00e0 l'\u00e9chec. Selon Les Echos, aucune d\u2019entre elles n\u2019a \u00e9t\u00e9 autoris\u00e9e. Aussi bien la marche pr\u00e9vue sur l\u2019itin\u00e9raire de l\u2019Avenue Cheikh Anta Diop que celle sur l\u2019Avenue Bourguiba. Elles ont tous \u00e9t\u00e9 interdites par le pr\u00e9fet de Dakar.Les interdictions sont justifi\u00e9es par le fait que l\u2019heure n\u2019est pas pr\u00e9cis\u00e9e dans la demande d\u2019autorisation alors que la coalition \u00e9tait \u00e0 fond dans la pr\u00e9paration de ces grands rassemblements.Pour rappel, la coalition Yewwi Askan Wi avait pr\u00e9vu d\u2019organiser ces manifestations pour d\u00e9noncer la tentative du pr\u00e9sident Macky Sall \u00ab d\u2019\u00e9liminer de potentiels adversaires \u00e0 l\u2019\u00e9lection pr\u00e9sidentielle 2024 \u00bb.\",\"breadcrumb\":{\"@id\":\"https:\/\/www.public.sn\/index.php\/2023\/05\/26\/les-manifestations-de-yewwi-askan-wi-interdites\/#breadcrumb\"},\"inLanguage\":\"fr-FR\",\"potentialAction\":[{\"@type\":\"ReadAction\",\"target\":[\"https:\/\/www.public.sn\/index.php\/2023\/05\/26\/les-manifestations-de-yewwi-askan-wi-interdites\/\"]}]},{\"@type\":\"ImageObject\",\"inLanguage\":\"fr-FR\",\"@id\":\"https:\/\/www.public.sn\/index.php\/2023\/05\/26\/les-manifestations-de-yewwi-askan-wi-interdites\/#primaryimage\",\"url\":\"https:\/\/www.public.sn\/wp-content\/uploads\/2023\/02\/manifestation-du-16-Fevrier.png\",\"contentUrl\":\"https:\/\/www.public.sn\/wp-content\/uploads\/2023\/02\/manifestation-du-16-Fevrier.png\",\"width\":597,\"height\":294},{\"@type\":\"BreadcrumbList\",\"@id\":\"https:\/\/www.public.sn\/index.php\/2023\/05\/26\/les-manifestations-de-yewwi-askan-wi-interdites\/#breadcrumb\",\"itemListElement\":[{\"@type\":\"ListItem\",\"position\":1,\"name\":\"Accueil\",\"item\":\"https:\/\/www.public.sn\/\"},{\"@type\":\"ListItem\",\"position\":2,\"name\":\"Les manifestations de Yewwi Askan Wi interdites\"}]},{\"@type\":\"WebSite\",\"@id\":\"https:\/\/www.public.sn\/#website\",\"url\":\"https:\/\/www.public.sn\/\",\"name\":\"LE PUBLIC\",\"description\":\"\",\"publisher\":{\"@id\":\"https:\/\/www.public.sn\/#organization\"},\"potentialAction\":[{\"@type\":\"SearchAction\",\"target\":{\"@type\":\"EntryPoint\",\"urlTemplate\":\"https:\/\/www.public.sn\/?s={search_term_string}\"},\"query-input\":{\"@type\":\"PropertyValueSpecification\",\"valueRequired\":true,\"valueName\":\"search_term_string\"}}],\"inLanguage\":\"fr-FR\"},{\"@type\":\"Organization\",\"@id\":\"https:\/\/www.public.sn\/#organization\",\"name\":\"LE PUBLIC\",\"url\":\"https:\/\/www.public.sn\/\",\"logo\":{\"@type\":\"ImageObject\",\"inLanguage\":\"fr-FR\",\"@id\":\"https:\/\/www.public.sn\/#\/schema\/logo\/image\/\",\"url\":\"https:\/\/www.public.sn\/wp-content\/uploads\/2024\/05\/cropped-LOGO-PUBLIC.SN_.png\",\"contentUrl\":\"https:\/\/www.public.sn\/wp-content\/uploads\/2024\/05\/cropped-LOGO-PUBLIC.SN_.png\",\"width\":682,\"height\":192,\"caption\":\"LE PUBLIC\"},\"image\":{\"@id\":\"https:\/\/www.public.sn\/#\/schema\/logo\/image\/\"}},{\"@type\":\"Person\",\"@id\":\"https:\/\/www.public.sn\/#\/schema\/person\/e3f4a11b037d4203902db148f9bc8d5a\",\"name\":\"LA REDACTION\",\"image\":{\"@type\":\"ImageObject\",\"inLanguage\":\"fr-FR\",\"@id\":\"https:\/\/www.public.sn\/#\/schema\/person\/image\/\",\"url\":\"https:\/\/secure.gravatar.com\/avatar\/d6c030db45db2883c075085c5d6c6258654a801a93766b49af0b82d4f454e2a5?s=96&d=mm&r=g\",\"contentUrl\":\"https:\/\/secure.gravatar.com\/avatar\/d6c030db45db2883c075085c5d6c6258654a801a93766b49af0b82d4f454e2a5?s=96&d=mm&r=g\",\"caption\":\"LA REDACTION\"},\"sameAs\":[\"http:\/\/www.public.sn\"],\"url\":\"https:\/\/www.public.sn\/index.php\/author\/admin7324\/\"}]}<\/script>\n<!-- \/ Yoast SEO plugin. -->","yoast_head_json":{"title":"Les manifestations de Yewwi Askan Wi interdites - LE PUBLIC","description":"Pr\u00e9vue ce vendredi, les manifestations de Yewwi Askan risquent de vouer \u00e0 l'\u00e9chec. Selon Les Echos, aucune d\u2019entre elles n\u2019a \u00e9t\u00e9 autoris\u00e9e. Aussi bien la marche pr\u00e9vue sur l\u2019itin\u00e9raire de l\u2019Avenue Cheikh Anta Diop que celle sur l\u2019Avenue Bourguiba. Elles ont tous \u00e9t\u00e9 interdites par le pr\u00e9fet de Dakar.Les interdictions sont justifi\u00e9es par le fait que l\u2019heure n\u2019est pas pr\u00e9cis\u00e9e dans la demande d\u2019autorisation alors que la coalition \u00e9tait \u00e0 fond dans la pr\u00e9paration de ces grands rassemblements.Pour rappel, la coalition Yewwi Askan Wi avait pr\u00e9vu d\u2019organiser ces manifestations pour d\u00e9noncer la tentative du pr\u00e9sident Macky Sall \u00ab d\u2019\u00e9liminer de potentiels adversaires \u00e0 l\u2019\u00e9lection pr\u00e9sidentielle 2024 \u00bb.","robots":{"index":"index","follow":"follow","max-snippet":"max-snippet:-1","max-image-preview":"max-image-preview:large","max-video-preview":"max-video-preview:-1"},"canonical":"https:\/\/www.public.sn\/index.php\/2023\/05\/26\/les-manifestations-de-yewwi-askan-wi-interdites\/","og_locale":"fr_FR","og_type":"article","og_title":"Les manifestations de Yewwi Askan Wi interdites - LE PUBLIC","og_description":"Pr\u00e9vue ce vendredi, les manifestations de Yewwi Askan risquent de vouer \u00e0 l'\u00e9chec. Selon Les Echos, aucune d\u2019entre elles n\u2019a \u00e9t\u00e9 autoris\u00e9e. Aussi bien la marche pr\u00e9vue sur l\u2019itin\u00e9raire de l\u2019Avenue Cheikh Anta Diop que celle sur l\u2019Avenue Bourguiba. Elles ont tous \u00e9t\u00e9 interdites par le pr\u00e9fet de Dakar.Les interdictions sont justifi\u00e9es par le fait que l\u2019heure n\u2019est pas pr\u00e9cis\u00e9e dans la demande d\u2019autorisation alors que la coalition \u00e9tait \u00e0 fond dans la pr\u00e9paration de ces grands rassemblements.Pour rappel, la coalition Yewwi Askan Wi avait pr\u00e9vu d\u2019organiser ces manifestations pour d\u00e9noncer la tentative du pr\u00e9sident Macky Sall \u00ab d\u2019\u00e9liminer de potentiels adversaires \u00e0 l\u2019\u00e9lection pr\u00e9sidentielle 2024 \u00bb.","og_url":"https:\/\/www.public.sn\/index.php\/2023\/05\/26\/les-manifestations-de-yewwi-askan-wi-interdites\/","og_site_name":"LE PUBLIC","article_published_time":"2023-05-26T12:36:11+00:00","og_image":[{"width":597,"height":294,"url":"https:\/\/www.public.sn\/wp-content\/uploads\/2023\/02\/manifestation-du-16-Fevrier.png","type":"image\/png"}],"author":"LA REDACTION","twitter_card":"summary_large_image","twitter_misc":{"\u00c9crit par":"LA REDACTION","Dur\u00e9e de lecture estim\u00e9e":"1 minute"},"schema":{"@context":"https:\/\/schema.org","@graph":[{"@type":"Article","@id":"https:\/\/www.public.sn\/index.php\/2023\/05\/26\/les-manifestations-de-yewwi-askan-wi-interdites\/#article","isPartOf":{"@id":"https:\/\/www.public.sn\/index.php\/2023\/05\/26\/les-manifestations-de-yewwi-askan-wi-interdites\/"},"author":{"name":"LA REDACTION","@id":"https:\/\/www.public.sn\/#\/schema\/person\/e3f4a11b037d4203902db148f9bc8d5a"},"headline":"Les manifestations de Yewwi Askan Wi interdites","datePublished":"2023-05-26T12:36:11+00:00","mainEntityOfPage":{"@id":"https:\/\/www.public.sn\/index.php\/2023\/05\/26\/les-manifestations-de-yewwi-askan-wi-interdites\/"},"wordCount":134,"commentCount":0,"publisher":{"@id":"https:\/\/www.public.sn\/#organization"},"image":{"@id":"https:\/\/www.public.sn\/index.php\/2023\/05\/26\/les-manifestations-de-yewwi-askan-wi-interdites\/#primaryimage"},"thumbnailUrl":"https:\/\/www.public.sn\/wp-content\/uploads\/2023\/02\/manifestation-du-16-Fevrier.png","keywords":["Yewwi"],"articleSection":["ACTUALIT\u00c9S","COMMUNIQU\u00c9","POLITIQUE","S\u00c9CURIT\u00c9 &amp; JUSTICE","S\u00c9N\u00c9GAL","VEDETTE"],"inLanguage":"fr-FR","potentialAction":[{"@type":"CommentAction","name":"Comment","target":["https:\/\/www.public.sn\/index.php\/2023\/05\/26\/les-manifestations-de-yewwi-askan-wi-interdites\/#respond"]}]},{"@type":"WebPage","@id":"https:\/\/www.public.sn\/index.php\/2023\/05\/26\/les-manifestations-de-yewwi-askan-wi-interdites\/","url":"https:\/\/www.public.sn\/index.php\/2023\/05\/26\/les-manifestations-de-yewwi-askan-wi-interdites\/","name":"Les manifestations de Yewwi Askan Wi interdites - LE PUBLIC","isPartOf":{"@id":"https:\/\/www.public.sn\/#website"},"primaryImageOfPage":{"@id":"https:\/\/www.public.sn\/index.php\/2023\/05\/26\/les-manifestations-de-yewwi-askan-wi-interdites\/#primaryimage"},"image":{"@id":"https:\/\/www.public.sn\/index.php\/2023\/05\/26\/les-manifestations-de-yewwi-askan-wi-interdites\/#primaryimage"},"thumbnailUrl":"https:\/\/www.public.sn\/wp-content\/uploads\/2023\/02\/manifestation-du-16-Fevrier.png","datePublished":"2023-05-26T12:36:11+00:00","description":"Pr\u00e9vue ce vendredi, les manifestations de Yewwi Askan risquent de vouer \u00e0 l'\u00e9chec. Selon Les Echos, aucune d\u2019entre elles n\u2019a \u00e9t\u00e9 autoris\u00e9e. Aussi bien la marche pr\u00e9vue sur l\u2019itin\u00e9raire de l\u2019Avenue Cheikh Anta Diop que celle sur l\u2019Avenue Bourguiba. Elles ont tous \u00e9t\u00e9 interdites par le pr\u00e9fet de Dakar.Les interdictions sont justifi\u00e9es par le fait que l\u2019heure n\u2019est pas pr\u00e9cis\u00e9e dans la demande d\u2019autorisation alors que la coalition \u00e9tait \u00e0 fond dans la pr\u00e9paration de ces grands rassemblements.Pour rappel, la coalition Yewwi Askan Wi avait pr\u00e9vu d\u2019organiser ces manifestations pour d\u00e9noncer la tentative du pr\u00e9sident Macky Sall \u00ab d\u2019\u00e9liminer de potentiels adversaires \u00e0 l\u2019\u00e9lection pr\u00e9sidentielle 2024 \u00bb.","breadcrumb":{"@id":"https:\/\/www.public.sn\/index.php\/2023\/05\/26\/les-manifestations-de-yewwi-askan-wi-interdites\/#breadcrumb"},"inLanguage":"fr-FR","potentialAction":[{"@type":"ReadAction","target":["https:\/\/www.public.sn\/index.php\/2023\/05\/26\/les-manifestations-de-yewwi-askan-wi-interdites\/"]}]},{"@type":"ImageObject","inLanguage":"fr-FR","@id":"https:\/\/www.public.sn\/index.php\/2023\/05\/26\/les-manifestations-de-yewwi-askan-wi-interdites\/#primaryimage","url":"https:\/\/www.public.sn\/wp-content\/uploads\/2023\/02\/manifestation-du-16-Fevrier.png","contentUrl":"https:\/\/www.public.sn\/wp-content\/uploads\/2023\/02\/manifestation-du-16-Fevrier.png","width":597,"height":294},{"@type":"BreadcrumbList","@id":"https:\/\/www.public.sn\/index.php\/2023\/05\/26\/les-manifestations-de-yewwi-askan-wi-interdites\/#breadcrumb","itemListElement":[{"@type":"ListItem","position":1,"name":"Accueil","item":"https:\/\/www.public.sn\/"},{"@type":"ListItem","position":2,"name":"Les manifestations de Yewwi Askan Wi interdites"}]},{"@type":"WebSite","@id":"https:\/\/www.public.sn\/#website","url":"https:\/\/www.public.sn\/","name":"LE PUBLIC","description":"","publisher":{"@id":"https:\/\/www.public.sn\/#organization"},"potentialAction":[{"@type":"SearchAction","target":{"@type":"EntryPoint","urlTemplate":"https:\/\/www.public.sn\/?s={search_term_string}"},"query-input":{"@type":"PropertyValueSpecification","valueRequired":true,"valueName":"search_term_string"}}],"inLanguage":"fr-FR"},{"@type":"Organization","@id":"https:\/\/www.public.sn\/#organization","name":"LE PUBLIC","url":"https:\/\/www.public.sn\/","logo":{"@type":"ImageObject","inLanguage":"fr-FR","@id":"https:\/\/www.public.sn\/#\/schema\/logo\/image\/","url":"https:\/\/www.public.sn\/wp-content\/uploads\/2024\/05\/cropped-LOGO-PUBLIC.SN_.png","contentUrl":"https:\/\/www.public.sn\/wp-content\/uploads\/2024\/05\/cropped-LOGO-PUBLIC.SN_.png","width":682,"height":192,"caption":"LE PUBLIC"},"image":{"@id":"https:\/\/www.public.sn\/#\/schema\/logo\/image\/"}},{"@type":"Person","@id":"https:\/\/www.public.sn\/#\/schema\/person\/e3f4a11b037d4203902db148f9bc8d5a","name":"LA REDACTION","image":{"@type":"ImageObject","inLanguage":"fr-FR","@id":"https:\/\/www.public.sn\/#\/schema\/person\/image\/","url":"https:\/\/secure.gravatar.com\/avatar\/d6c030db45db2883c075085c5d6c6258654a801a93766b49af0b82d4f454e2a5?s=96&d=mm&r=g","contentUrl":"https:\/\/secure.gravatar.com\/avatar\/d6c030db45db2883c075085c5d6c6258654a801a93766b49af0b82d4f454e2a5?s=96&d=mm&r=g","caption":"LA REDACTION"},"sameAs":["http:\/\/www.public.sn"],"url":"https:\/\/www.public.sn\/index.php\/author\/admin7324\/"}]}},"jetpack_featured_media_url":"https:\/\/www.public.sn\/wp-content\/uploads\/2023\/02\/manifestation-du-16-Fevrier.png","jetpack_sharing_enabled":true,"_links":{"self":[{"href":"https:\/\/www.public.sn\/index.php\/wp-json\/wp\/v2\/posts\/22572","targetHints":{"allow":["GET"]}}],"collection":[{"href":"https:\/\/www.public.sn\/index.php\/wp-json\/wp\/v2\/posts"}],"about":[{"href":"https:\/\/www.public.sn\/index.php\/wp-json\/wp\/v2\/types\/post"}],"author":[{"embeddable":true,"href":"https:\/\/www.public.sn\/index.php\/wp-json\/wp\/v2\/users\/1"}],"replies":[{"embeddable":true,"href":"https:\/\/www.public.sn\/index.php\/wp-json\/wp\/v2\/comments?post=22572"}],"version-history":[{"count":1,"href":"https:\/\/www.public.sn\/index.php\/wp-json\/wp\/v2\/posts\/22572\/revisions"}],"predecessor-version":[{"id":22573,"href":"https:\/\/www.public.sn\/index.php\/wp-json\/wp\/v2\/posts\/22572\/revisions\/22573"}],"wp:featuredmedia":[{"embeddable":true,"href":"https:\/\/www.public.sn\/index.php\/wp-json\/wp\/v2\/media\/16640"}],"wp:attachment":[{"href":"https:\/\/www.public.sn\/index.php\/wp-json\/wp\/v2\/media?parent=22572"}],"wp:term":[{"taxonomy":"category","embeddable":true,"href":"https:\/\/www.public.sn\/index.php\/wp-json\/wp\/v2\/categories?post=22572"},{"taxonomy":"post_tag","embeddable":true,"href":"https:\/\/www.public.sn\/index.php\/wp-json\/wp\/v2\/tags?post=22572"}],"curies":[{"name":"wp","href":"https:\/\/api.w.org\/{rel}","templated":true}]}}