{"id":22589,"date":"2023-05-26T19:42:31","date_gmt":"2023-05-26T19:42:31","guid":{"rendered":"https:\/\/www.public.sn\/?p=22589"},"modified":"2023-05-26T19:42:31","modified_gmt":"2023-05-26T19:42:31","slug":"les-choses-se-compliquent-pour-serigne-saliou-gueye","status":"publish","type":"post","link":"https:\/\/www.public.sn\/index.php\/2023\/05\/26\/les-choses-se-compliquent-pour-serigne-saliou-gueye\/","title":{"rendered":"Les choses se compliquent pour Serigne Saliou Gu\u00e8ye"},"content":{"rendered":"<p><strong>Inculp\u00e9 pour publication d\u2019\u00e9crits de nature \u00e0 jeter le discr\u00e9dit sur les actes ou d\u00e9cisions juridictionnels, diffusion de fausses nouvelles de nature \u00e0 jeter le discr\u00e9dit sur les institutions publiques et usurpation de la fonction de journaliste, Serigne Saliou Gu\u00e8ye vient d&rsquo;\u00eatre plac\u00e9 sous mandat de d\u00e9p\u00f4t.\u00a0<\/strong><\/p><div class=\"publi-paragraphe1\" style=\"margin-top: 10px;margin-bottom: 10px;margin-left: auto;margin-right: auto;text-align: center;\" id=\"publi-2184967245\"><div class=\"publi-adlabel\">Publicit\u00e9<\/div><script async src=\"\/\/pagead2.googlesyndication.com\/pagead\/js\/adsbygoogle.js?client=ca-pub-4089586018074219\" crossorigin=\"anonymous\"><\/script><ins class=\"adsbygoogle\" style=\"display:block;\" data-ad-client=\"ca-pub-4089586018074219\" \ndata-ad-slot=\"2087940154\" \ndata-ad-format=\"auto\"><\/ins>\n<script> \n(adsbygoogle = window.adsbygoogle || []).push({}); \n<\/script>\n<\/div>\n<p>Le journaliste est plac\u00e9 sous mandat de d\u00e9p\u00f4t par le juge du deuxi\u00e8me cabinet, ce vendredi, informe son avocat, Me Moussa Sarr.<\/p>\n<p>Pour rappel, le directeur de publication de Yoor Yoor, pour le texte chahutant certains magistrats trait\u00e9s \u00abd\u2019indignes \u00bb (\u00abChers coll\u00e8gues magistrats, ressaisissons-nous\u00bb), face aux enqu\u00eateurs, a soulign\u00e9 qu\u2019il s\u2019agit d\u2019une chronique transmise par un magistrat qui a pr\u00e9f\u00e9r\u00e9 garder l\u2019anonymat.<\/p>\n<p>Ce dernier, ajoute-t-il, a interpell\u00e9 ses coll\u00e8gues sur les \u00abdysfonctionnements de la- justice et sur le traitement r\u00e9serv\u00e9 \u00e0 Ousmane Sonko \u00bb.<\/p>\n<div class=\"publi-apres-le-contenu\" style=\"margin-top: 10px;margin-bottom: 10px;margin-left: auto;margin-right: auto;text-align: center;\" id=\"publi-2017577596\"><div class=\"publi-adlabel\">Publicit\u00e9<\/div><script async src=\"\/\/pagead2.googlesyndication.com\/pagead\/js\/adsbygoogle.js?client=ca-pub-4089586018074219\" crossorigin=\"anonymous\"><\/script><ins class=\"adsbygoogle\" style=\"display:block;\" data-ad-client=\"ca-pub-4089586018074219\" \ndata-ad-slot=\"2087940154\" \ndata-ad-format=\"auto\"><\/ins>\n<script> \n(adsbygoogle = window.adsbygoogle || []).push({}); \n<\/script>\n<\/div>","protected":false},"excerpt":{"rendered":"<p>Inculp\u00e9 pour publication d\u2019\u00e9crits de nature \u00e0 jeter le discr\u00e9dit sur les actes ou d\u00e9cisions juridictionnels, diffusion de fausses nouvelles de nature \u00e0 jeter le discr\u00e9dit sur les institutions publiques et usurpation de la fonction de journaliste, Serigne Saliou Gu\u00e8ye vient d&rsquo;\u00eatre plac\u00e9 sous mandat de d\u00e9p\u00f4t.\u00a0 Le journaliste est plac\u00e9 sous mandat de d\u00e9p\u00f4t par le juge du deuxi\u00e8me cabinet, ce vendredi, informe son avocat, Me Moussa Sarr. Pour rappel, le directeur de publication de Yoor Yoor, pour le texte chahutant certains magistrats trait\u00e9s \u00abd\u2019indignes \u00bb (\u00abChers coll\u00e8gues magistrats, ressaisissons-nous\u00bb), face aux enqu\u00eateurs, a soulign\u00e9 qu\u2019il s\u2019agit d\u2019une chronique transmise par un magistrat qui a pr\u00e9f\u00e9r\u00e9 garder l\u2019anonymat. Ce dernier, ajoute-t-il, a interpell\u00e9 ses coll\u00e8gues sur les \u00abdysfonctionnements de la- justice et sur le traitement r\u00e9serv\u00e9 \u00e0 Ousmane Sonko \u00bb.<\/p>\n","protected":false},"author":1,"featured_media":22313,"comment_status":"open","ping_status":"open","sticky":false,"template":"","format":"standard","meta":{"_jetpack_memberships_contains_paid_content":false,"footnotes":""},"categories":[375,961,3,1,372],"tags":[265,5167],"class_list":["post-22589","post","type-post","status-publish","format-standard","has-post-thumbnail","hentry","category-actualites","category-medias","category-politique","category-non-classe","category-vedette","tag-mandat-de-depot","tag-serigne-saliou-gueye","entry","has-media","owp-thumbs-layout-horizontal","owp-btn-normal","owp-tabs-layout-horizontal","has-no-thumbnails","has-product-nav"],"yoast_head":"<!-- This site is optimized with the Yoast SEO plugin v25.5 - https:\/\/yoast.com\/wordpress\/plugins\/seo\/ -->\n<title>Les choses se compliquent pour Serigne Saliou Gu\u00e8ye - LE PUBLIC<\/title>\n<meta name=\"description\" content=\"Inculp\u00e9 pour publication d\u2019\u00e9crits de nature \u00e0 jeter le discr\u00e9dit sur les actes ou d\u00e9cisions juridictionnels, diffusion de fausses nouvelles de nature \u00e0 jeter le discr\u00e9dit sur les institutions publiques et usurpation de la fonction de journaliste, Serigne Saliou Gu\u00e8ye vient d&#039;\u00eatre plac\u00e9 sous mandat de d\u00e9p\u00f4t.\u00a0\" \/>\n<meta name=\"robots\" content=\"index, follow, max-snippet:-1, max-image-preview:large, max-video-preview:-1\" \/>\n<link rel=\"canonical\" href=\"https:\/\/www.public.sn\/index.php\/2023\/05\/26\/les-choses-se-compliquent-pour-serigne-saliou-gueye\/\" \/>\n<meta property=\"og:locale\" content=\"fr_FR\" \/>\n<meta property=\"og:type\" content=\"article\" \/>\n<meta property=\"og:title\" content=\"Les choses se compliquent pour Serigne Saliou Gu\u00e8ye - LE PUBLIC\" \/>\n<meta property=\"og:description\" content=\"Inculp\u00e9 pour publication d\u2019\u00e9crits de nature \u00e0 jeter le discr\u00e9dit sur les actes ou d\u00e9cisions juridictionnels, diffusion de fausses nouvelles de nature \u00e0 jeter le discr\u00e9dit sur les institutions publiques et usurpation de la fonction de journaliste, Serigne Saliou Gu\u00e8ye vient d&#039;\u00eatre plac\u00e9 sous mandat de d\u00e9p\u00f4t.\u00a0\" \/>\n<meta property=\"og:url\" content=\"https:\/\/www.public.sn\/index.php\/2023\/05\/26\/les-choses-se-compliquent-pour-serigne-saliou-gueye\/\" \/>\n<meta property=\"og:site_name\" content=\"LE PUBLIC\" \/>\n<meta property=\"article:published_time\" content=\"2023-05-26T19:42:31+00:00\" \/>\n<meta property=\"og:image\" content=\"https:\/\/www.public.sn\/wp-content\/uploads\/2023\/05\/serigne-saliou-gueye.png\" \/>\n\t<meta property=\"og:image:width\" content=\"702\" \/>\n\t<meta property=\"og:image:height\" content=\"408\" \/>\n\t<meta property=\"og:image:type\" content=\"image\/png\" \/>\n<meta name=\"author\" content=\"LA REDACTION\" \/>\n<meta name=\"twitter:card\" content=\"summary_large_image\" \/>\n<meta name=\"twitter:label1\" content=\"\u00c9crit par\" \/>\n\t<meta name=\"twitter:data1\" content=\"LA REDACTION\" \/>\n\t<meta name=\"twitter:label2\" content=\"Dur\u00e9e de lecture estim\u00e9e\" \/>\n\t<meta name=\"twitter:data2\" content=\"1 minute\" \/>\n<script type=\"application\/ld+json\" class=\"yoast-schema-graph\">{\"@context\":\"https:\/\/schema.org\",\"@graph\":[{\"@type\":\"Article\",\"@id\":\"https:\/\/www.public.sn\/index.php\/2023\/05\/26\/les-choses-se-compliquent-pour-serigne-saliou-gueye\/#article\",\"isPartOf\":{\"@id\":\"https:\/\/www.public.sn\/index.php\/2023\/05\/26\/les-choses-se-compliquent-pour-serigne-saliou-gueye\/\"},\"author\":{\"name\":\"LA REDACTION\",\"@id\":\"https:\/\/www.public.sn\/#\/schema\/person\/e3f4a11b037d4203902db148f9bc8d5a\"},\"headline\":\"Les choses se compliquent pour Serigne Saliou Gu\u00e8ye\",\"datePublished\":\"2023-05-26T19:42:31+00:00\",\"mainEntityOfPage\":{\"@id\":\"https:\/\/www.public.sn\/index.php\/2023\/05\/26\/les-choses-se-compliquent-pour-serigne-saliou-gueye\/\"},\"wordCount\":158,\"commentCount\":0,\"publisher\":{\"@id\":\"https:\/\/www.public.sn\/#organization\"},\"image\":{\"@id\":\"https:\/\/www.public.sn\/index.php\/2023\/05\/26\/les-choses-se-compliquent-pour-serigne-saliou-gueye\/#primaryimage\"},\"thumbnailUrl\":\"https:\/\/www.public.sn\/wp-content\/uploads\/2023\/05\/serigne-saliou-gueye.png\",\"keywords\":[\"Mandat de d\u00e9pot\",\"Serigne Saliou Gu\u00e8ye\"],\"articleSection\":[\"ACTUALIT\u00c9S\",\"M\u00c9DIAS\",\"POLITIQUE\",\"S\u00c9N\u00c9GAL\",\"VEDETTE\"],\"inLanguage\":\"fr-FR\",\"potentialAction\":[{\"@type\":\"CommentAction\",\"name\":\"Comment\",\"target\":[\"https:\/\/www.public.sn\/index.php\/2023\/05\/26\/les-choses-se-compliquent-pour-serigne-saliou-gueye\/#respond\"]}]},{\"@type\":\"WebPage\",\"@id\":\"https:\/\/www.public.sn\/index.php\/2023\/05\/26\/les-choses-se-compliquent-pour-serigne-saliou-gueye\/\",\"url\":\"https:\/\/www.public.sn\/index.php\/2023\/05\/26\/les-choses-se-compliquent-pour-serigne-saliou-gueye\/\",\"name\":\"Les choses se compliquent pour Serigne Saliou Gu\u00e8ye - LE PUBLIC\",\"isPartOf\":{\"@id\":\"https:\/\/www.public.sn\/#website\"},\"primaryImageOfPage\":{\"@id\":\"https:\/\/www.public.sn\/index.php\/2023\/05\/26\/les-choses-se-compliquent-pour-serigne-saliou-gueye\/#primaryimage\"},\"image\":{\"@id\":\"https:\/\/www.public.sn\/index.php\/2023\/05\/26\/les-choses-se-compliquent-pour-serigne-saliou-gueye\/#primaryimage\"},\"thumbnailUrl\":\"https:\/\/www.public.sn\/wp-content\/uploads\/2023\/05\/serigne-saliou-gueye.png\",\"datePublished\":\"2023-05-26T19:42:31+00:00\",\"description\":\"Inculp\u00e9 pour publication d\u2019\u00e9crits de nature \u00e0 jeter le discr\u00e9dit sur les actes ou d\u00e9cisions juridictionnels, diffusion de fausses nouvelles de nature \u00e0 jeter le discr\u00e9dit sur les institutions publiques et usurpation de la fonction de journaliste, Serigne Saliou Gu\u00e8ye vient d'\u00eatre plac\u00e9 sous mandat de d\u00e9p\u00f4t.\u00a0\",\"breadcrumb\":{\"@id\":\"https:\/\/www.public.sn\/index.php\/2023\/05\/26\/les-choses-se-compliquent-pour-serigne-saliou-gueye\/#breadcrumb\"},\"inLanguage\":\"fr-FR\",\"potentialAction\":[{\"@type\":\"ReadAction\",\"target\":[\"https:\/\/www.public.sn\/index.php\/2023\/05\/26\/les-choses-se-compliquent-pour-serigne-saliou-gueye\/\"]}]},{\"@type\":\"ImageObject\",\"inLanguage\":\"fr-FR\",\"@id\":\"https:\/\/www.public.sn\/index.php\/2023\/05\/26\/les-choses-se-compliquent-pour-serigne-saliou-gueye\/#primaryimage\",\"url\":\"https:\/\/www.public.sn\/wp-content\/uploads\/2023\/05\/serigne-saliou-gueye.png\",\"contentUrl\":\"https:\/\/www.public.sn\/wp-content\/uploads\/2023\/05\/serigne-saliou-gueye.png\",\"width\":702,\"height\":408},{\"@type\":\"BreadcrumbList\",\"@id\":\"https:\/\/www.public.sn\/index.php\/2023\/05\/26\/les-choses-se-compliquent-pour-serigne-saliou-gueye\/#breadcrumb\",\"itemListElement\":[{\"@type\":\"ListItem\",\"position\":1,\"name\":\"Accueil\",\"item\":\"https:\/\/www.public.sn\/\"},{\"@type\":\"ListItem\",\"position\":2,\"name\":\"Les choses se compliquent pour Serigne Saliou Gu\u00e8ye\"}]},{\"@type\":\"WebSite\",\"@id\":\"https:\/\/www.public.sn\/#website\",\"url\":\"https:\/\/www.public.sn\/\",\"name\":\"LE PUBLIC\",\"description\":\"\",\"publisher\":{\"@id\":\"https:\/\/www.public.sn\/#organization\"},\"potentialAction\":[{\"@type\":\"SearchAction\",\"target\":{\"@type\":\"EntryPoint\",\"urlTemplate\":\"https:\/\/www.public.sn\/?s={search_term_string}\"},\"query-input\":{\"@type\":\"PropertyValueSpecification\",\"valueRequired\":true,\"valueName\":\"search_term_string\"}}],\"inLanguage\":\"fr-FR\"},{\"@type\":\"Organization\",\"@id\":\"https:\/\/www.public.sn\/#organization\",\"name\":\"LE PUBLIC\",\"url\":\"https:\/\/www.public.sn\/\",\"logo\":{\"@type\":\"ImageObject\",\"inLanguage\":\"fr-FR\",\"@id\":\"https:\/\/www.public.sn\/#\/schema\/logo\/image\/\",\"url\":\"https:\/\/www.public.sn\/wp-content\/uploads\/2024\/05\/cropped-LOGO-PUBLIC.SN_.png\",\"contentUrl\":\"https:\/\/www.public.sn\/wp-content\/uploads\/2024\/05\/cropped-LOGO-PUBLIC.SN_.png\",\"width\":682,\"height\":192,\"caption\":\"LE PUBLIC\"},\"image\":{\"@id\":\"https:\/\/www.public.sn\/#\/schema\/logo\/image\/\"}},{\"@type\":\"Person\",\"@id\":\"https:\/\/www.public.sn\/#\/schema\/person\/e3f4a11b037d4203902db148f9bc8d5a\",\"name\":\"LA REDACTION\",\"image\":{\"@type\":\"ImageObject\",\"inLanguage\":\"fr-FR\",\"@id\":\"https:\/\/www.public.sn\/#\/schema\/person\/image\/\",\"url\":\"https:\/\/secure.gravatar.com\/avatar\/d6c030db45db2883c075085c5d6c6258654a801a93766b49af0b82d4f454e2a5?s=96&d=mm&r=g\",\"contentUrl\":\"https:\/\/secure.gravatar.com\/avatar\/d6c030db45db2883c075085c5d6c6258654a801a93766b49af0b82d4f454e2a5?s=96&d=mm&r=g\",\"caption\":\"LA REDACTION\"},\"sameAs\":[\"http:\/\/www.public.sn\"],\"url\":\"https:\/\/www.public.sn\/index.php\/author\/admin7324\/\"}]}<\/script>\n<!-- \/ Yoast SEO plugin. -->","yoast_head_json":{"title":"Les choses se compliquent pour Serigne Saliou Gu\u00e8ye - LE PUBLIC","description":"Inculp\u00e9 pour publication d\u2019\u00e9crits de nature \u00e0 jeter le discr\u00e9dit sur les actes ou d\u00e9cisions juridictionnels, diffusion de fausses nouvelles de nature \u00e0 jeter le discr\u00e9dit sur les institutions publiques et usurpation de la fonction de journaliste, Serigne Saliou Gu\u00e8ye vient d'\u00eatre plac\u00e9 sous mandat de d\u00e9p\u00f4t.\u00a0","robots":{"index":"index","follow":"follow","max-snippet":"max-snippet:-1","max-image-preview":"max-image-preview:large","max-video-preview":"max-video-preview:-1"},"canonical":"https:\/\/www.public.sn\/index.php\/2023\/05\/26\/les-choses-se-compliquent-pour-serigne-saliou-gueye\/","og_locale":"fr_FR","og_type":"article","og_title":"Les choses se compliquent pour Serigne Saliou Gu\u00e8ye - LE PUBLIC","og_description":"Inculp\u00e9 pour publication d\u2019\u00e9crits de nature \u00e0 jeter le discr\u00e9dit sur les actes ou d\u00e9cisions juridictionnels, diffusion de fausses nouvelles de nature \u00e0 jeter le discr\u00e9dit sur les institutions publiques et usurpation de la fonction de journaliste, Serigne Saliou Gu\u00e8ye vient d'\u00eatre plac\u00e9 sous mandat de d\u00e9p\u00f4t.\u00a0","og_url":"https:\/\/www.public.sn\/index.php\/2023\/05\/26\/les-choses-se-compliquent-pour-serigne-saliou-gueye\/","og_site_name":"LE PUBLIC","article_published_time":"2023-05-26T19:42:31+00:00","og_image":[{"width":702,"height":408,"url":"https:\/\/www.public.sn\/wp-content\/uploads\/2023\/05\/serigne-saliou-gueye.png","type":"image\/png"}],"author":"LA REDACTION","twitter_card":"summary_large_image","twitter_misc":{"\u00c9crit par":"LA REDACTION","Dur\u00e9e de lecture estim\u00e9e":"1 minute"},"schema":{"@context":"https:\/\/schema.org","@graph":[{"@type":"Article","@id":"https:\/\/www.public.sn\/index.php\/2023\/05\/26\/les-choses-se-compliquent-pour-serigne-saliou-gueye\/#article","isPartOf":{"@id":"https:\/\/www.public.sn\/index.php\/2023\/05\/26\/les-choses-se-compliquent-pour-serigne-saliou-gueye\/"},"author":{"name":"LA REDACTION","@id":"https:\/\/www.public.sn\/#\/schema\/person\/e3f4a11b037d4203902db148f9bc8d5a"},"headline":"Les choses se compliquent pour Serigne Saliou Gu\u00e8ye","datePublished":"2023-05-26T19:42:31+00:00","mainEntityOfPage":{"@id":"https:\/\/www.public.sn\/index.php\/2023\/05\/26\/les-choses-se-compliquent-pour-serigne-saliou-gueye\/"},"wordCount":158,"commentCount":0,"publisher":{"@id":"https:\/\/www.public.sn\/#organization"},"image":{"@id":"https:\/\/www.public.sn\/index.php\/2023\/05\/26\/les-choses-se-compliquent-pour-serigne-saliou-gueye\/#primaryimage"},"thumbnailUrl":"https:\/\/www.public.sn\/wp-content\/uploads\/2023\/05\/serigne-saliou-gueye.png","keywords":["Mandat de d\u00e9pot","Serigne Saliou Gu\u00e8ye"],"articleSection":["ACTUALIT\u00c9S","M\u00c9DIAS","POLITIQUE","S\u00c9N\u00c9GAL","VEDETTE"],"inLanguage":"fr-FR","potentialAction":[{"@type":"CommentAction","name":"Comment","target":["https:\/\/www.public.sn\/index.php\/2023\/05\/26\/les-choses-se-compliquent-pour-serigne-saliou-gueye\/#respond"]}]},{"@type":"WebPage","@id":"https:\/\/www.public.sn\/index.php\/2023\/05\/26\/les-choses-se-compliquent-pour-serigne-saliou-gueye\/","url":"https:\/\/www.public.sn\/index.php\/2023\/05\/26\/les-choses-se-compliquent-pour-serigne-saliou-gueye\/","name":"Les choses se compliquent pour Serigne Saliou Gu\u00e8ye - LE PUBLIC","isPartOf":{"@id":"https:\/\/www.public.sn\/#website"},"primaryImageOfPage":{"@id":"https:\/\/www.public.sn\/index.php\/2023\/05\/26\/les-choses-se-compliquent-pour-serigne-saliou-gueye\/#primaryimage"},"image":{"@id":"https:\/\/www.public.sn\/index.php\/2023\/05\/26\/les-choses-se-compliquent-pour-serigne-saliou-gueye\/#primaryimage"},"thumbnailUrl":"https:\/\/www.public.sn\/wp-content\/uploads\/2023\/05\/serigne-saliou-gueye.png","datePublished":"2023-05-26T19:42:31+00:00","description":"Inculp\u00e9 pour publication d\u2019\u00e9crits de nature \u00e0 jeter le discr\u00e9dit sur les actes ou d\u00e9cisions juridictionnels, diffusion de fausses nouvelles de nature \u00e0 jeter le discr\u00e9dit sur les institutions publiques et usurpation de la fonction de journaliste, Serigne Saliou Gu\u00e8ye vient d'\u00eatre plac\u00e9 sous mandat de d\u00e9p\u00f4t.\u00a0","breadcrumb":{"@id":"https:\/\/www.public.sn\/index.php\/2023\/05\/26\/les-choses-se-compliquent-pour-serigne-saliou-gueye\/#breadcrumb"},"inLanguage":"fr-FR","potentialAction":[{"@type":"ReadAction","target":["https:\/\/www.public.sn\/index.php\/2023\/05\/26\/les-choses-se-compliquent-pour-serigne-saliou-gueye\/"]}]},{"@type":"ImageObject","inLanguage":"fr-FR","@id":"https:\/\/www.public.sn\/index.php\/2023\/05\/26\/les-choses-se-compliquent-pour-serigne-saliou-gueye\/#primaryimage","url":"https:\/\/www.public.sn\/wp-content\/uploads\/2023\/05\/serigne-saliou-gueye.png","contentUrl":"https:\/\/www.public.sn\/wp-content\/uploads\/2023\/05\/serigne-saliou-gueye.png","width":702,"height":408},{"@type":"BreadcrumbList","@id":"https:\/\/www.public.sn\/index.php\/2023\/05\/26\/les-choses-se-compliquent-pour-serigne-saliou-gueye\/#breadcrumb","itemListElement":[{"@type":"ListItem","position":1,"name":"Accueil","item":"https:\/\/www.public.sn\/"},{"@type":"ListItem","position":2,"name":"Les choses se compliquent pour Serigne Saliou Gu\u00e8ye"}]},{"@type":"WebSite","@id":"https:\/\/www.public.sn\/#website","url":"https:\/\/www.public.sn\/","name":"LE PUBLIC","description":"","publisher":{"@id":"https:\/\/www.public.sn\/#organization"},"potentialAction":[{"@type":"SearchAction","target":{"@type":"EntryPoint","urlTemplate":"https:\/\/www.public.sn\/?s={search_term_string}"},"query-input":{"@type":"PropertyValueSpecification","valueRequired":true,"valueName":"search_term_string"}}],"inLanguage":"fr-FR"},{"@type":"Organization","@id":"https:\/\/www.public.sn\/#organization","name":"LE PUBLIC","url":"https:\/\/www.public.sn\/","logo":{"@type":"ImageObject","inLanguage":"fr-FR","@id":"https:\/\/www.public.sn\/#\/schema\/logo\/image\/","url":"https:\/\/www.public.sn\/wp-content\/uploads\/2024\/05\/cropped-LOGO-PUBLIC.SN_.png","contentUrl":"https:\/\/www.public.sn\/wp-content\/uploads\/2024\/05\/cropped-LOGO-PUBLIC.SN_.png","width":682,"height":192,"caption":"LE PUBLIC"},"image":{"@id":"https:\/\/www.public.sn\/#\/schema\/logo\/image\/"}},{"@type":"Person","@id":"https:\/\/www.public.sn\/#\/schema\/person\/e3f4a11b037d4203902db148f9bc8d5a","name":"LA REDACTION","image":{"@type":"ImageObject","inLanguage":"fr-FR","@id":"https:\/\/www.public.sn\/#\/schema\/person\/image\/","url":"https:\/\/secure.gravatar.com\/avatar\/d6c030db45db2883c075085c5d6c6258654a801a93766b49af0b82d4f454e2a5?s=96&d=mm&r=g","contentUrl":"https:\/\/secure.gravatar.com\/avatar\/d6c030db45db2883c075085c5d6c6258654a801a93766b49af0b82d4f454e2a5?s=96&d=mm&r=g","caption":"LA REDACTION"},"sameAs":["http:\/\/www.public.sn"],"url":"https:\/\/www.public.sn\/index.php\/author\/admin7324\/"}]}},"jetpack_featured_media_url":"https:\/\/www.public.sn\/wp-content\/uploads\/2023\/05\/serigne-saliou-gueye.png","jetpack_sharing_enabled":true,"_links":{"self":[{"href":"https:\/\/www.public.sn\/index.php\/wp-json\/wp\/v2\/posts\/22589","targetHints":{"allow":["GET"]}}],"collection":[{"href":"https:\/\/www.public.sn\/index.php\/wp-json\/wp\/v2\/posts"}],"about":[{"href":"https:\/\/www.public.sn\/index.php\/wp-json\/wp\/v2\/types\/post"}],"author":[{"embeddable":true,"href":"https:\/\/www.public.sn\/index.php\/wp-json\/wp\/v2\/users\/1"}],"replies":[{"embeddable":true,"href":"https:\/\/www.public.sn\/index.php\/wp-json\/wp\/v2\/comments?post=22589"}],"version-history":[{"count":1,"href":"https:\/\/www.public.sn\/index.php\/wp-json\/wp\/v2\/posts\/22589\/revisions"}],"predecessor-version":[{"id":22590,"href":"https:\/\/www.public.sn\/index.php\/wp-json\/wp\/v2\/posts\/22589\/revisions\/22590"}],"wp:featuredmedia":[{"embeddable":true,"href":"https:\/\/www.public.sn\/index.php\/wp-json\/wp\/v2\/media\/22313"}],"wp:attachment":[{"href":"https:\/\/www.public.sn\/index.php\/wp-json\/wp\/v2\/media?parent=22589"}],"wp:term":[{"taxonomy":"category","embeddable":true,"href":"https:\/\/www.public.sn\/index.php\/wp-json\/wp\/v2\/categories?post=22589"},{"taxonomy":"post_tag","embeddable":true,"href":"https:\/\/www.public.sn\/index.php\/wp-json\/wp\/v2\/tags?post=22589"}],"curies":[{"name":"wp","href":"https:\/\/api.w.org\/{rel}","templated":true}]}}