{"id":2261,"date":"2022-09-20T17:23:27","date_gmt":"2022-09-20T17:23:27","guid":{"rendered":"https:\/\/www.public.sn\/?p=2261"},"modified":"2022-09-20T17:54:03","modified_gmt":"2022-09-20T17:54:03","slug":"macky-sall-fait-recours-a-lexperience-parlementaire-dabdou-mbow-pour-faire-face-aux-multiples-propositions-de-lois-de-yewwi","status":"publish","type":"post","link":"https:\/\/www.public.sn\/index.php\/2022\/09\/20\/macky-sall-fait-recours-a-lexperience-parlementaire-dabdou-mbow-pour-faire-face-aux-multiples-propositions-de-lois-de-yewwi\/","title":{"rendered":"Macky Sall fait recours \u00e0 \u00ab\u00a0l&rsquo;exp\u00e9rience parlementaire\u00a0\u00bb d&rsquo;Abdou Mbow pour faire face aux multiples propositions de lois de Yewwi."},"content":{"rendered":"\n<p>Face \u00e0 la presse, le mois dernier, le leader de Pastef avait annonc\u00e9 au moins 15 propositions de loi et une vingtaine de commissions d\u2019enqu\u00eate parlementaire, qui seront d\u00e9pos\u00e9es sur la table de l\u2019Assembl\u00e9e nationale d\u00e8s son installation. Entre l\u2019int\u00e9r\u00eat de la nation et les int\u00e9r\u00eats partisans, les honorables d\u00e9put\u00e9s seront appel\u00e9s \u00e0 choisir sur des questions cruciales de l&rsquo;heure.<\/p><div class=\"publi-paragraphe1\" style=\"margin-top: 10px;margin-bottom: 10px;margin-left: auto;margin-right: auto;text-align: center;\" id=\"publi-3925368491\"><div class=\"publi-adlabel\">Publicit\u00e9<\/div><script async src=\"\/\/pagead2.googlesyndication.com\/pagead\/js\/adsbygoogle.js?client=ca-pub-4089586018074219\" crossorigin=\"anonymous\"><\/script><ins class=\"adsbygoogle\" style=\"display:block;\" data-ad-client=\"ca-pub-4089586018074219\" \ndata-ad-slot=\"2087940154\" \ndata-ad-format=\"auto\"><\/ins>\n<script> \n(adsbygoogle = window.adsbygoogle || []).push({}); \n<\/script>\n<\/div>\n\n\n\n<p>Du c\u00f4t\u00e9 de Benno Bokk Yakaar, pour faire face aux multiples propositions de lois annonc\u00e9es, Macky Sall mise sur l&rsquo;exp\u00e9rience de Abdou Mbow pour pr\u00e9sider la Commission des Lois, de la D\u00e9centralisation, du Travail et des Droits Humains.&nbsp;<\/p>\n\n\n\n<p>Abdou Mbow, le pr\u00e9sident de la Commission des Lois est tr\u00e8s attendu, car m\u00eame en dehors de la criminalisation de l\u2019homosexualit\u00e9, du combat de Jamra et d\u2019autres entit\u00e9s religieuses, la soci\u00e9t\u00e9 civile avait aussi esquiss\u00e9 d\u2019autres projets de loi.<\/p>\n\n\n\n<p>Pour rappel, les d\u00e9put\u00e9s \u00e9taient convoqu\u00e9s pour 10 heures mais jusqu&rsquo;\u00e0 17 h 20 rien a \u00e9t\u00e9 fait \u00e0 l&rsquo;h\u00e9micycle \u00e0 cause des diff\u00e9rences sur les postes de pr\u00e9sidence de commissions parlementaires entre les d\u00e9put\u00e9s du pouvoir et de Yewwi.<\/p>\n\n\n\n<figure class=\"wp-block-embed is-type-rich is-provider-prise-en-charge-des-contenus-embarques wp-block-embed-prise-en-charge-des-contenus-embarques wp-embed-aspect-16-9 wp-has-aspect-ratio\"><div class=\"wp-block-embed__wrapper\">\n<p class=\"responsive-video-wrap clr\"><iframe title=\"Blocages \u00e0 l&#039;Assembl\u00e9e Nationale: Pape Djibril Fall &quot;Yewwi wala Benno, tous coupables&quot; - Public TV.\" width=\"1200\" height=\"675\" src=\"https:\/\/www.youtube.com\/embed\/qmz3LC5oUgM?feature=oembed\" frameborder=\"0\" allow=\"accelerometer; autoplay; clipboard-write; encrypted-media; gyroscope; picture-in-picture\" allowfullscreen title=\"Blocages \u00e0 l'Assembl\u00e9e Nationale: Pape Djibril Fall \"Yewwi wala Benno, tous coupables\" - Public TV.\"><\/iframe><\/p>\n<\/div><\/figure>\n<div class=\"publi-apres-le-contenu\" style=\"margin-top: 10px;margin-bottom: 10px;margin-left: auto;margin-right: auto;text-align: center;\" id=\"publi-508072420\"><div class=\"publi-adlabel\">Publicit\u00e9<\/div><script async src=\"\/\/pagead2.googlesyndication.com\/pagead\/js\/adsbygoogle.js?client=ca-pub-4089586018074219\" crossorigin=\"anonymous\"><\/script><ins class=\"adsbygoogle\" style=\"display:block;\" data-ad-client=\"ca-pub-4089586018074219\" \ndata-ad-slot=\"2087940154\" \ndata-ad-format=\"auto\"><\/ins>\n<script> \n(adsbygoogle = window.adsbygoogle || []).push({}); \n<\/script>\n<\/div>","protected":false},"excerpt":{"rendered":"<p>Face \u00e0 la presse, le mois dernier, le leader de Pastef avait annonc\u00e9 au moins 15 propositions de loi et une vingtaine de commissions d\u2019enqu\u00eate parlementaire, qui seront d\u00e9pos\u00e9es sur la table de l\u2019Assembl\u00e9e nationale d\u00e8s son installation. Entre l\u2019int\u00e9r\u00eat de la nation et les int\u00e9r\u00eats partisans, les honorables d\u00e9put\u00e9s seront appel\u00e9s \u00e0 choisir sur des questions cruciales de l&rsquo;heure. Du c\u00f4t\u00e9 de Benno Bokk Yakaar, pour faire face aux multiples propositions de lois annonc\u00e9es, Macky Sall mise sur l&rsquo;exp\u00e9rience de Abdou Mbow pour pr\u00e9sider la Commission des Lois, de la D\u00e9centralisation, du Travail et des Droits Humains.&nbsp; Abdou Mbow, le pr\u00e9sident de la Commission des Lois est tr\u00e8s attendu, car m\u00eame en dehors de la criminalisation de l\u2019homosexualit\u00e9, du combat de Jamra et d\u2019autres entit\u00e9s religieuses, la soci\u00e9t\u00e9 civile avait aussi esquiss\u00e9 d\u2019autres projets de loi. Pour rappel, les d\u00e9put\u00e9s \u00e9taient convoqu\u00e9s pour 10 heures mais jusqu&rsquo;\u00e0 17 h 20 rien a \u00e9t\u00e9 fait \u00e0 l&rsquo;h\u00e9micycle \u00e0 cause des diff\u00e9rences sur les postes de pr\u00e9sidence de commissions parlementaires entre les d\u00e9put\u00e9s du pouvoir et de Yewwi.<\/p>\n","protected":false},"author":1,"featured_media":2266,"comment_status":"open","ping_status":"open","sticky":false,"template":"","format":"standard","meta":{"_jetpack_memberships_contains_paid_content":false,"footnotes":""},"categories":[375,3],"tags":[95,744,12,479,11,17,20],"class_list":["post-2261","post","type-post","status-publish","format-standard","has-post-thumbnail","hentry","category-actualites","category-politique","tag-abdou-mbow","tag-amadou-ba","tag-assemblee-nationale","tag-benno","tag-macky-sall","tag-opposition","tag-presidentielle-2024","entry","has-media","owp-thumbs-layout-horizontal","owp-btn-normal","owp-tabs-layout-horizontal","has-no-thumbnails","has-product-nav"],"yoast_head":"<!-- This site is optimized with the Yoast SEO plugin v25.5 - https:\/\/yoast.com\/wordpress\/plugins\/seo\/ -->\n<title>Macky Sall fait recours \u00e0 &quot;l&#039;exp\u00e9rience parlementaire&quot; d&#039;Abdou Mbow pour faire face aux multiples propositions de lois de Yewwi. - LE PUBLIC<\/title>\n<meta name=\"robots\" content=\"index, follow, max-snippet:-1, max-image-preview:large, max-video-preview:-1\" \/>\n<link rel=\"canonical\" href=\"https:\/\/www.public.sn\/index.php\/2022\/09\/20\/macky-sall-fait-recours-a-lexperience-parlementaire-dabdou-mbow-pour-faire-face-aux-multiples-propositions-de-lois-de-yewwi\/\" \/>\n<meta property=\"og:locale\" content=\"fr_FR\" \/>\n<meta property=\"og:type\" content=\"article\" \/>\n<meta property=\"og:title\" content=\"Macky Sall fait recours \u00e0 &quot;l&#039;exp\u00e9rience parlementaire&quot; d&#039;Abdou Mbow pour faire face aux multiples propositions de lois de Yewwi. - LE PUBLIC\" \/>\n<meta property=\"og:description\" content=\"Face \u00e0 la presse, le mois dernier, le leader de Pastef avait annonc\u00e9 au moins 15 propositions de loi et une vingtaine de commissions d\u2019enqu\u00eate parlementaire, qui seront d\u00e9pos\u00e9es sur la table de l\u2019Assembl\u00e9e nationale d\u00e8s son installation. Entre l\u2019int\u00e9r\u00eat de la nation et les int\u00e9r\u00eats partisans, les honorables d\u00e9put\u00e9s seront appel\u00e9s \u00e0 choisir sur des questions cruciales de l&rsquo;heure. Du c\u00f4t\u00e9 de Benno Bokk Yakaar, pour faire face aux multiples propositions de lois annonc\u00e9es, Macky Sall mise sur l&rsquo;exp\u00e9rience de Abdou Mbow pour pr\u00e9sider la Commission des Lois, de la D\u00e9centralisation, du Travail et des Droits Humains.&nbsp; Abdou Mbow, le pr\u00e9sident de la Commission des Lois est tr\u00e8s attendu, car m\u00eame en dehors de la criminalisation de l\u2019homosexualit\u00e9, du combat de Jamra et d\u2019autres entit\u00e9s religieuses, la soci\u00e9t\u00e9 civile avait aussi esquiss\u00e9 d\u2019autres projets de loi. Pour rappel, les d\u00e9put\u00e9s \u00e9taient convoqu\u00e9s pour 10 heures mais jusqu&rsquo;\u00e0 17 h 20 rien a \u00e9t\u00e9 fait \u00e0 l&rsquo;h\u00e9micycle \u00e0 cause des diff\u00e9rences sur les postes de pr\u00e9sidence de commissions parlementaires entre les d\u00e9put\u00e9s du pouvoir et de Yewwi.\" \/>\n<meta property=\"og:url\" content=\"https:\/\/www.public.sn\/index.php\/2022\/09\/20\/macky-sall-fait-recours-a-lexperience-parlementaire-dabdou-mbow-pour-faire-face-aux-multiples-propositions-de-lois-de-yewwi\/\" \/>\n<meta property=\"og:site_name\" content=\"LE PUBLIC\" \/>\n<meta property=\"article:published_time\" content=\"2022-09-20T17:23:27+00:00\" \/>\n<meta property=\"article:modified_time\" content=\"2022-09-20T17:54:03+00:00\" \/>\n<meta property=\"og:image\" content=\"https:\/\/www.public.sn\/wp-content\/uploads\/2022\/09\/66434773-47187971.jpg\" \/>\n\t<meta property=\"og:image:width\" content=\"614\" \/>\n\t<meta property=\"og:image:height\" content=\"461\" \/>\n\t<meta property=\"og:image:type\" content=\"image\/jpeg\" \/>\n<meta name=\"author\" content=\"LA REDACTION\" \/>\n<meta name=\"twitter:card\" content=\"summary_large_image\" \/>\n<meta name=\"twitter:label1\" content=\"\u00c9crit par\" \/>\n\t<meta name=\"twitter:data1\" content=\"LA REDACTION\" \/>\n\t<meta name=\"twitter:label2\" content=\"Dur\u00e9e de lecture estim\u00e9e\" \/>\n\t<meta name=\"twitter:data2\" content=\"1 minute\" \/>\n<script type=\"application\/ld+json\" class=\"yoast-schema-graph\">{\"@context\":\"https:\/\/schema.org\",\"@graph\":[{\"@type\":\"Article\",\"@id\":\"https:\/\/www.public.sn\/index.php\/2022\/09\/20\/macky-sall-fait-recours-a-lexperience-parlementaire-dabdou-mbow-pour-faire-face-aux-multiples-propositions-de-lois-de-yewwi\/#article\",\"isPartOf\":{\"@id\":\"https:\/\/www.public.sn\/index.php\/2022\/09\/20\/macky-sall-fait-recours-a-lexperience-parlementaire-dabdou-mbow-pour-faire-face-aux-multiples-propositions-de-lois-de-yewwi\/\"},\"author\":{\"name\":\"LA REDACTION\",\"@id\":\"https:\/\/www.public.sn\/#\/schema\/person\/e3f4a11b037d4203902db148f9bc8d5a\"},\"headline\":\"Macky Sall fait recours \u00e0 \u00ab\u00a0l&rsquo;exp\u00e9rience parlementaire\u00a0\u00bb d&rsquo;Abdou Mbow pour faire face aux multiples propositions de lois de Yewwi.\",\"datePublished\":\"2022-09-20T17:23:27+00:00\",\"dateModified\":\"2022-09-20T17:54:03+00:00\",\"mainEntityOfPage\":{\"@id\":\"https:\/\/www.public.sn\/index.php\/2022\/09\/20\/macky-sall-fait-recours-a-lexperience-parlementaire-dabdou-mbow-pour-faire-face-aux-multiples-propositions-de-lois-de-yewwi\/\"},\"wordCount\":233,\"commentCount\":0,\"publisher\":{\"@id\":\"https:\/\/www.public.sn\/#organization\"},\"image\":{\"@id\":\"https:\/\/www.public.sn\/index.php\/2022\/09\/20\/macky-sall-fait-recours-a-lexperience-parlementaire-dabdou-mbow-pour-faire-face-aux-multiples-propositions-de-lois-de-yewwi\/#primaryimage\"},\"thumbnailUrl\":\"https:\/\/www.public.sn\/wp-content\/uploads\/2022\/09\/66434773-47187971.jpg\",\"keywords\":[\"Abdou Mbow\",\"Amadou Ba\",\"Assembl\u00e9e Nationale\",\"Benno\",\"Macky Sall\",\"Opposition\",\"Pr\u00e9sidentielle 2024\"],\"articleSection\":[\"ACTUALIT\u00c9S\",\"POLITIQUE\"],\"inLanguage\":\"fr-FR\",\"potentialAction\":[{\"@type\":\"CommentAction\",\"name\":\"Comment\",\"target\":[\"https:\/\/www.public.sn\/index.php\/2022\/09\/20\/macky-sall-fait-recours-a-lexperience-parlementaire-dabdou-mbow-pour-faire-face-aux-multiples-propositions-de-lois-de-yewwi\/#respond\"]}]},{\"@type\":\"WebPage\",\"@id\":\"https:\/\/www.public.sn\/index.php\/2022\/09\/20\/macky-sall-fait-recours-a-lexperience-parlementaire-dabdou-mbow-pour-faire-face-aux-multiples-propositions-de-lois-de-yewwi\/\",\"url\":\"https:\/\/www.public.sn\/index.php\/2022\/09\/20\/macky-sall-fait-recours-a-lexperience-parlementaire-dabdou-mbow-pour-faire-face-aux-multiples-propositions-de-lois-de-yewwi\/\",\"name\":\"Macky Sall fait recours \u00e0 \\\"l'exp\u00e9rience parlementaire\\\" d'Abdou Mbow pour faire face aux multiples propositions de lois de Yewwi. - LE PUBLIC\",\"isPartOf\":{\"@id\":\"https:\/\/www.public.sn\/#website\"},\"primaryImageOfPage\":{\"@id\":\"https:\/\/www.public.sn\/index.php\/2022\/09\/20\/macky-sall-fait-recours-a-lexperience-parlementaire-dabdou-mbow-pour-faire-face-aux-multiples-propositions-de-lois-de-yewwi\/#primaryimage\"},\"image\":{\"@id\":\"https:\/\/www.public.sn\/index.php\/2022\/09\/20\/macky-sall-fait-recours-a-lexperience-parlementaire-dabdou-mbow-pour-faire-face-aux-multiples-propositions-de-lois-de-yewwi\/#primaryimage\"},\"thumbnailUrl\":\"https:\/\/www.public.sn\/wp-content\/uploads\/2022\/09\/66434773-47187971.jpg\",\"datePublished\":\"2022-09-20T17:23:27+00:00\",\"dateModified\":\"2022-09-20T17:54:03+00:00\",\"breadcrumb\":{\"@id\":\"https:\/\/www.public.sn\/index.php\/2022\/09\/20\/macky-sall-fait-recours-a-lexperience-parlementaire-dabdou-mbow-pour-faire-face-aux-multiples-propositions-de-lois-de-yewwi\/#breadcrumb\"},\"inLanguage\":\"fr-FR\",\"potentialAction\":[{\"@type\":\"ReadAction\",\"target\":[\"https:\/\/www.public.sn\/index.php\/2022\/09\/20\/macky-sall-fait-recours-a-lexperience-parlementaire-dabdou-mbow-pour-faire-face-aux-multiples-propositions-de-lois-de-yewwi\/\"]}]},{\"@type\":\"ImageObject\",\"inLanguage\":\"fr-FR\",\"@id\":\"https:\/\/www.public.sn\/index.php\/2022\/09\/20\/macky-sall-fait-recours-a-lexperience-parlementaire-dabdou-mbow-pour-faire-face-aux-multiples-propositions-de-lois-de-yewwi\/#primaryimage\",\"url\":\"https:\/\/www.public.sn\/wp-content\/uploads\/2022\/09\/66434773-47187971.jpg\",\"contentUrl\":\"https:\/\/www.public.sn\/wp-content\/uploads\/2022\/09\/66434773-47187971.jpg\",\"width\":614,\"height\":461},{\"@type\":\"BreadcrumbList\",\"@id\":\"https:\/\/www.public.sn\/index.php\/2022\/09\/20\/macky-sall-fait-recours-a-lexperience-parlementaire-dabdou-mbow-pour-faire-face-aux-multiples-propositions-de-lois-de-yewwi\/#breadcrumb\",\"itemListElement\":[{\"@type\":\"ListItem\",\"position\":1,\"name\":\"Accueil\",\"item\":\"https:\/\/www.public.sn\/\"},{\"@type\":\"ListItem\",\"position\":2,\"name\":\"Macky Sall fait recours \u00e0 \u00ab\u00a0l&rsquo;exp\u00e9rience parlementaire\u00a0\u00bb d&rsquo;Abdou Mbow pour faire face aux multiples propositions de lois de Yewwi.\"}]},{\"@type\":\"WebSite\",\"@id\":\"https:\/\/www.public.sn\/#website\",\"url\":\"https:\/\/www.public.sn\/\",\"name\":\"LE PUBLIC\",\"description\":\"\",\"publisher\":{\"@id\":\"https:\/\/www.public.sn\/#organization\"},\"potentialAction\":[{\"@type\":\"SearchAction\",\"target\":{\"@type\":\"EntryPoint\",\"urlTemplate\":\"https:\/\/www.public.sn\/?s={search_term_string}\"},\"query-input\":{\"@type\":\"PropertyValueSpecification\",\"valueRequired\":true,\"valueName\":\"search_term_string\"}}],\"inLanguage\":\"fr-FR\"},{\"@type\":\"Organization\",\"@id\":\"https:\/\/www.public.sn\/#organization\",\"name\":\"LE PUBLIC\",\"url\":\"https:\/\/www.public.sn\/\",\"logo\":{\"@type\":\"ImageObject\",\"inLanguage\":\"fr-FR\",\"@id\":\"https:\/\/www.public.sn\/#\/schema\/logo\/image\/\",\"url\":\"https:\/\/www.public.sn\/wp-content\/uploads\/2024\/05\/cropped-LOGO-PUBLIC.SN_.png\",\"contentUrl\":\"https:\/\/www.public.sn\/wp-content\/uploads\/2024\/05\/cropped-LOGO-PUBLIC.SN_.png\",\"width\":682,\"height\":192,\"caption\":\"LE PUBLIC\"},\"image\":{\"@id\":\"https:\/\/www.public.sn\/#\/schema\/logo\/image\/\"}},{\"@type\":\"Person\",\"@id\":\"https:\/\/www.public.sn\/#\/schema\/person\/e3f4a11b037d4203902db148f9bc8d5a\",\"name\":\"LA REDACTION\",\"image\":{\"@type\":\"ImageObject\",\"inLanguage\":\"fr-FR\",\"@id\":\"https:\/\/www.public.sn\/#\/schema\/person\/image\/\",\"url\":\"https:\/\/secure.gravatar.com\/avatar\/d6c030db45db2883c075085c5d6c6258654a801a93766b49af0b82d4f454e2a5?s=96&d=mm&r=g\",\"contentUrl\":\"https:\/\/secure.gravatar.com\/avatar\/d6c030db45db2883c075085c5d6c6258654a801a93766b49af0b82d4f454e2a5?s=96&d=mm&r=g\",\"caption\":\"LA REDACTION\"},\"sameAs\":[\"http:\/\/www.public.sn\"],\"url\":\"https:\/\/www.public.sn\/index.php\/author\/admin7324\/\"}]}<\/script>\n<!-- \/ Yoast SEO plugin. -->","yoast_head_json":{"title":"Macky Sall fait recours \u00e0 \"l'exp\u00e9rience parlementaire\" d'Abdou Mbow pour faire face aux multiples propositions de lois de Yewwi. - LE PUBLIC","robots":{"index":"index","follow":"follow","max-snippet":"max-snippet:-1","max-image-preview":"max-image-preview:large","max-video-preview":"max-video-preview:-1"},"canonical":"https:\/\/www.public.sn\/index.php\/2022\/09\/20\/macky-sall-fait-recours-a-lexperience-parlementaire-dabdou-mbow-pour-faire-face-aux-multiples-propositions-de-lois-de-yewwi\/","og_locale":"fr_FR","og_type":"article","og_title":"Macky Sall fait recours \u00e0 \"l'exp\u00e9rience parlementaire\" d'Abdou Mbow pour faire face aux multiples propositions de lois de Yewwi. - LE PUBLIC","og_description":"Face \u00e0 la presse, le mois dernier, le leader de Pastef avait annonc\u00e9 au moins 15 propositions de loi et une vingtaine de commissions d\u2019enqu\u00eate parlementaire, qui seront d\u00e9pos\u00e9es sur la table de l\u2019Assembl\u00e9e nationale d\u00e8s son installation. Entre l\u2019int\u00e9r\u00eat de la nation et les int\u00e9r\u00eats partisans, les honorables d\u00e9put\u00e9s seront appel\u00e9s \u00e0 choisir sur des questions cruciales de l&rsquo;heure. Du c\u00f4t\u00e9 de Benno Bokk Yakaar, pour faire face aux multiples propositions de lois annonc\u00e9es, Macky Sall mise sur l&rsquo;exp\u00e9rience de Abdou Mbow pour pr\u00e9sider la Commission des Lois, de la D\u00e9centralisation, du Travail et des Droits Humains.&nbsp; Abdou Mbow, le pr\u00e9sident de la Commission des Lois est tr\u00e8s attendu, car m\u00eame en dehors de la criminalisation de l\u2019homosexualit\u00e9, du combat de Jamra et d\u2019autres entit\u00e9s religieuses, la soci\u00e9t\u00e9 civile avait aussi esquiss\u00e9 d\u2019autres projets de loi. Pour rappel, les d\u00e9put\u00e9s \u00e9taient convoqu\u00e9s pour 10 heures mais jusqu&rsquo;\u00e0 17 h 20 rien a \u00e9t\u00e9 fait \u00e0 l&rsquo;h\u00e9micycle \u00e0 cause des diff\u00e9rences sur les postes de pr\u00e9sidence de commissions parlementaires entre les d\u00e9put\u00e9s du pouvoir et de Yewwi.","og_url":"https:\/\/www.public.sn\/index.php\/2022\/09\/20\/macky-sall-fait-recours-a-lexperience-parlementaire-dabdou-mbow-pour-faire-face-aux-multiples-propositions-de-lois-de-yewwi\/","og_site_name":"LE PUBLIC","article_published_time":"2022-09-20T17:23:27+00:00","article_modified_time":"2022-09-20T17:54:03+00:00","og_image":[{"width":614,"height":461,"url":"https:\/\/www.public.sn\/wp-content\/uploads\/2022\/09\/66434773-47187971.jpg","type":"image\/jpeg"}],"author":"LA REDACTION","twitter_card":"summary_large_image","twitter_misc":{"\u00c9crit par":"LA REDACTION","Dur\u00e9e de lecture estim\u00e9e":"1 minute"},"schema":{"@context":"https:\/\/schema.org","@graph":[{"@type":"Article","@id":"https:\/\/www.public.sn\/index.php\/2022\/09\/20\/macky-sall-fait-recours-a-lexperience-parlementaire-dabdou-mbow-pour-faire-face-aux-multiples-propositions-de-lois-de-yewwi\/#article","isPartOf":{"@id":"https:\/\/www.public.sn\/index.php\/2022\/09\/20\/macky-sall-fait-recours-a-lexperience-parlementaire-dabdou-mbow-pour-faire-face-aux-multiples-propositions-de-lois-de-yewwi\/"},"author":{"name":"LA REDACTION","@id":"https:\/\/www.public.sn\/#\/schema\/person\/e3f4a11b037d4203902db148f9bc8d5a"},"headline":"Macky Sall fait recours \u00e0 \u00ab\u00a0l&rsquo;exp\u00e9rience parlementaire\u00a0\u00bb d&rsquo;Abdou Mbow pour faire face aux multiples propositions de lois de Yewwi.","datePublished":"2022-09-20T17:23:27+00:00","dateModified":"2022-09-20T17:54:03+00:00","mainEntityOfPage":{"@id":"https:\/\/www.public.sn\/index.php\/2022\/09\/20\/macky-sall-fait-recours-a-lexperience-parlementaire-dabdou-mbow-pour-faire-face-aux-multiples-propositions-de-lois-de-yewwi\/"},"wordCount":233,"commentCount":0,"publisher":{"@id":"https:\/\/www.public.sn\/#organization"},"image":{"@id":"https:\/\/www.public.sn\/index.php\/2022\/09\/20\/macky-sall-fait-recours-a-lexperience-parlementaire-dabdou-mbow-pour-faire-face-aux-multiples-propositions-de-lois-de-yewwi\/#primaryimage"},"thumbnailUrl":"https:\/\/www.public.sn\/wp-content\/uploads\/2022\/09\/66434773-47187971.jpg","keywords":["Abdou Mbow","Amadou Ba","Assembl\u00e9e Nationale","Benno","Macky Sall","Opposition","Pr\u00e9sidentielle 2024"],"articleSection":["ACTUALIT\u00c9S","POLITIQUE"],"inLanguage":"fr-FR","potentialAction":[{"@type":"CommentAction","name":"Comment","target":["https:\/\/www.public.sn\/index.php\/2022\/09\/20\/macky-sall-fait-recours-a-lexperience-parlementaire-dabdou-mbow-pour-faire-face-aux-multiples-propositions-de-lois-de-yewwi\/#respond"]}]},{"@type":"WebPage","@id":"https:\/\/www.public.sn\/index.php\/2022\/09\/20\/macky-sall-fait-recours-a-lexperience-parlementaire-dabdou-mbow-pour-faire-face-aux-multiples-propositions-de-lois-de-yewwi\/","url":"https:\/\/www.public.sn\/index.php\/2022\/09\/20\/macky-sall-fait-recours-a-lexperience-parlementaire-dabdou-mbow-pour-faire-face-aux-multiples-propositions-de-lois-de-yewwi\/","name":"Macky Sall fait recours \u00e0 \"l'exp\u00e9rience parlementaire\" d'Abdou Mbow pour faire face aux multiples propositions de lois de Yewwi. - LE PUBLIC","isPartOf":{"@id":"https:\/\/www.public.sn\/#website"},"primaryImageOfPage":{"@id":"https:\/\/www.public.sn\/index.php\/2022\/09\/20\/macky-sall-fait-recours-a-lexperience-parlementaire-dabdou-mbow-pour-faire-face-aux-multiples-propositions-de-lois-de-yewwi\/#primaryimage"},"image":{"@id":"https:\/\/www.public.sn\/index.php\/2022\/09\/20\/macky-sall-fait-recours-a-lexperience-parlementaire-dabdou-mbow-pour-faire-face-aux-multiples-propositions-de-lois-de-yewwi\/#primaryimage"},"thumbnailUrl":"https:\/\/www.public.sn\/wp-content\/uploads\/2022\/09\/66434773-47187971.jpg","datePublished":"2022-09-20T17:23:27+00:00","dateModified":"2022-09-20T17:54:03+00:00","breadcrumb":{"@id":"https:\/\/www.public.sn\/index.php\/2022\/09\/20\/macky-sall-fait-recours-a-lexperience-parlementaire-dabdou-mbow-pour-faire-face-aux-multiples-propositions-de-lois-de-yewwi\/#breadcrumb"},"inLanguage":"fr-FR","potentialAction":[{"@type":"ReadAction","target":["https:\/\/www.public.sn\/index.php\/2022\/09\/20\/macky-sall-fait-recours-a-lexperience-parlementaire-dabdou-mbow-pour-faire-face-aux-multiples-propositions-de-lois-de-yewwi\/"]}]},{"@type":"ImageObject","inLanguage":"fr-FR","@id":"https:\/\/www.public.sn\/index.php\/2022\/09\/20\/macky-sall-fait-recours-a-lexperience-parlementaire-dabdou-mbow-pour-faire-face-aux-multiples-propositions-de-lois-de-yewwi\/#primaryimage","url":"https:\/\/www.public.sn\/wp-content\/uploads\/2022\/09\/66434773-47187971.jpg","contentUrl":"https:\/\/www.public.sn\/wp-content\/uploads\/2022\/09\/66434773-47187971.jpg","width":614,"height":461},{"@type":"BreadcrumbList","@id":"https:\/\/www.public.sn\/index.php\/2022\/09\/20\/macky-sall-fait-recours-a-lexperience-parlementaire-dabdou-mbow-pour-faire-face-aux-multiples-propositions-de-lois-de-yewwi\/#breadcrumb","itemListElement":[{"@type":"ListItem","position":1,"name":"Accueil","item":"https:\/\/www.public.sn\/"},{"@type":"ListItem","position":2,"name":"Macky Sall fait recours \u00e0 \u00ab\u00a0l&rsquo;exp\u00e9rience parlementaire\u00a0\u00bb d&rsquo;Abdou Mbow pour faire face aux multiples propositions de lois de Yewwi."}]},{"@type":"WebSite","@id":"https:\/\/www.public.sn\/#website","url":"https:\/\/www.public.sn\/","name":"LE PUBLIC","description":"","publisher":{"@id":"https:\/\/www.public.sn\/#organization"},"potentialAction":[{"@type":"SearchAction","target":{"@type":"EntryPoint","urlTemplate":"https:\/\/www.public.sn\/?s={search_term_string}"},"query-input":{"@type":"PropertyValueSpecification","valueRequired":true,"valueName":"search_term_string"}}],"inLanguage":"fr-FR"},{"@type":"Organization","@id":"https:\/\/www.public.sn\/#organization","name":"LE PUBLIC","url":"https:\/\/www.public.sn\/","logo":{"@type":"ImageObject","inLanguage":"fr-FR","@id":"https:\/\/www.public.sn\/#\/schema\/logo\/image\/","url":"https:\/\/www.public.sn\/wp-content\/uploads\/2024\/05\/cropped-LOGO-PUBLIC.SN_.png","contentUrl":"https:\/\/www.public.sn\/wp-content\/uploads\/2024\/05\/cropped-LOGO-PUBLIC.SN_.png","width":682,"height":192,"caption":"LE PUBLIC"},"image":{"@id":"https:\/\/www.public.sn\/#\/schema\/logo\/image\/"}},{"@type":"Person","@id":"https:\/\/www.public.sn\/#\/schema\/person\/e3f4a11b037d4203902db148f9bc8d5a","name":"LA REDACTION","image":{"@type":"ImageObject","inLanguage":"fr-FR","@id":"https:\/\/www.public.sn\/#\/schema\/person\/image\/","url":"https:\/\/secure.gravatar.com\/avatar\/d6c030db45db2883c075085c5d6c6258654a801a93766b49af0b82d4f454e2a5?s=96&d=mm&r=g","contentUrl":"https:\/\/secure.gravatar.com\/avatar\/d6c030db45db2883c075085c5d6c6258654a801a93766b49af0b82d4f454e2a5?s=96&d=mm&r=g","caption":"LA REDACTION"},"sameAs":["http:\/\/www.public.sn"],"url":"https:\/\/www.public.sn\/index.php\/author\/admin7324\/"}]}},"jetpack_featured_media_url":"https:\/\/www.public.sn\/wp-content\/uploads\/2022\/09\/66434773-47187971.jpg","jetpack_sharing_enabled":true,"_links":{"self":[{"href":"https:\/\/www.public.sn\/index.php\/wp-json\/wp\/v2\/posts\/2261","targetHints":{"allow":["GET"]}}],"collection":[{"href":"https:\/\/www.public.sn\/index.php\/wp-json\/wp\/v2\/posts"}],"about":[{"href":"https:\/\/www.public.sn\/index.php\/wp-json\/wp\/v2\/types\/post"}],"author":[{"embeddable":true,"href":"https:\/\/www.public.sn\/index.php\/wp-json\/wp\/v2\/users\/1"}],"replies":[{"embeddable":true,"href":"https:\/\/www.public.sn\/index.php\/wp-json\/wp\/v2\/comments?post=2261"}],"version-history":[{"count":3,"href":"https:\/\/www.public.sn\/index.php\/wp-json\/wp\/v2\/posts\/2261\/revisions"}],"predecessor-version":[{"id":2276,"href":"https:\/\/www.public.sn\/index.php\/wp-json\/wp\/v2\/posts\/2261\/revisions\/2276"}],"wp:featuredmedia":[{"embeddable":true,"href":"https:\/\/www.public.sn\/index.php\/wp-json\/wp\/v2\/media\/2266"}],"wp:attachment":[{"href":"https:\/\/www.public.sn\/index.php\/wp-json\/wp\/v2\/media?parent=2261"}],"wp:term":[{"taxonomy":"category","embeddable":true,"href":"https:\/\/www.public.sn\/index.php\/wp-json\/wp\/v2\/categories?post=2261"},{"taxonomy":"post_tag","embeddable":true,"href":"https:\/\/www.public.sn\/index.php\/wp-json\/wp\/v2\/tags?post=2261"}],"curies":[{"name":"wp","href":"https:\/\/api.w.org\/{rel}","templated":true}]}}