{"id":22625,"date":"2023-05-28T15:14:37","date_gmt":"2023-05-28T15:14:37","guid":{"rendered":"https:\/\/www.public.sn\/?p=22625"},"modified":"2023-05-28T15:14:37","modified_gmt":"2023-05-28T15:14:37","slug":"investiture-du-president-asiwaju-bola-ahmed-tinubu-macky-sall-senvole-pour-abuja","status":"publish","type":"post","link":"https:\/\/www.public.sn\/index.php\/2023\/05\/28\/investiture-du-president-asiwaju-bola-ahmed-tinubu-macky-sall-senvole-pour-abuja\/","title":{"rendered":"Investiture du pr\u00e9sident Asiwaju Bola Ahmed Tinubu : Macky Sall s\u2019envole pour Abuja"},"content":{"rendered":"<h2 class=\"Article_articleChapeau__LUMFH\">Le pr\u00e9sident de la R\u00e9publique a quitt\u00e9 Dakar pour Abuja en fin de matin\u00e9e.<\/h2>\n<p>le chef de l&rsquo;\u00e9tat , assistera a l&rsquo;investiture du pr\u00e9sident \u00e9lu nig\u00e9rien Asiwaju Bola Ameth Tinubu d apr\u00e8s la m\u00eame source, \u00e0 son d\u00e9part, le pr\u00e9sident de la R\u00e9publique a \u00e9t\u00e9 salu\u00e9 par le Premier Ministre et d\u2019autres autorit\u00e9s civiles et militaires.<\/p><div class=\"publi-paragraphe1\" style=\"margin-top: 10px;margin-bottom: 10px;margin-left: auto;margin-right: auto;text-align: center;\" id=\"publi-907563595\"><div class=\"publi-adlabel\">Publicit\u00e9<\/div><script async src=\"\/\/pagead2.googlesyndication.com\/pagead\/js\/adsbygoogle.js?client=ca-pub-4089586018074219\" crossorigin=\"anonymous\"><\/script><ins class=\"adsbygoogle\" style=\"display:block;\" data-ad-client=\"ca-pub-4089586018074219\" \ndata-ad-slot=\"2087940154\" \ndata-ad-format=\"auto\"><\/ins>\n<script> \n(adsbygoogle = window.adsbygoogle || []).push({}); \n<\/script>\n<\/div>\n<p>Le chef de l\u2019Etat sera de retour \u00e0 Dakar demain lundi.<\/p>\n<p><strong>Lala RASSOUL<\/strong><\/p>\n<div class=\"publi-apres-le-contenu\" style=\"margin-top: 10px;margin-bottom: 10px;margin-left: auto;margin-right: auto;text-align: center;\" id=\"publi-1929384462\"><div class=\"publi-adlabel\">Publicit\u00e9<\/div><script async src=\"\/\/pagead2.googlesyndication.com\/pagead\/js\/adsbygoogle.js?client=ca-pub-4089586018074219\" crossorigin=\"anonymous\"><\/script><ins class=\"adsbygoogle\" style=\"display:block;\" data-ad-client=\"ca-pub-4089586018074219\" \ndata-ad-slot=\"2087940154\" \ndata-ad-format=\"auto\"><\/ins>\n<script> \n(adsbygoogle = window.adsbygoogle || []).push({}); \n<\/script>\n<\/div>","protected":false},"excerpt":{"rendered":"<p>Le pr\u00e9sident de la R\u00e9publique a quitt\u00e9 Dakar pour Abuja en fin de matin\u00e9e. le chef de l&rsquo;\u00e9tat , assistera a l&rsquo;investiture du pr\u00e9sident \u00e9lu nig\u00e9rien Asiwaju Bola Ameth Tinubu d apr\u00e8s la m\u00eame source, \u00e0 son d\u00e9part, le pr\u00e9sident de la R\u00e9publique a \u00e9t\u00e9 salu\u00e9 par le Premier Ministre et d\u2019autres autorit\u00e9s civiles et militaires. Le chef de l\u2019Etat sera de retour \u00e0 Dakar demain lundi. Lala RASSOUL<\/p>\n","protected":false},"author":7,"featured_media":22626,"comment_status":"open","ping_status":"open","sticky":false,"template":"","format":"standard","meta":{"_jetpack_memberships_contains_paid_content":false,"footnotes":""},"categories":[375,3],"tags":[],"class_list":["post-22625","post","type-post","status-publish","format-standard","has-post-thumbnail","hentry","category-actualites","category-politique","entry","has-media","owp-thumbs-layout-horizontal","owp-btn-normal","owp-tabs-layout-horizontal","has-no-thumbnails","has-product-nav"],"yoast_head":"<!-- This site is optimized with the Yoast SEO plugin v25.5 - https:\/\/yoast.com\/wordpress\/plugins\/seo\/ -->\n<title>Investiture du pr\u00e9sident Asiwaju Bola Ahmed Tinubu : Macky Sall s\u2019envole pour Abuja - LE PUBLIC<\/title>\n<meta name=\"robots\" content=\"index, follow, max-snippet:-1, max-image-preview:large, max-video-preview:-1\" \/>\n<link rel=\"canonical\" href=\"https:\/\/www.public.sn\/index.php\/2023\/05\/28\/investiture-du-president-asiwaju-bola-ahmed-tinubu-macky-sall-senvole-pour-abuja\/\" \/>\n<meta property=\"og:locale\" content=\"fr_FR\" \/>\n<meta property=\"og:type\" content=\"article\" \/>\n<meta property=\"og:title\" content=\"Investiture du pr\u00e9sident Asiwaju Bola Ahmed Tinubu : Macky Sall s\u2019envole pour Abuja - LE PUBLIC\" \/>\n<meta property=\"og:description\" content=\"Le pr\u00e9sident de la R\u00e9publique a quitt\u00e9 Dakar pour Abuja en fin de matin\u00e9e. le chef de l&rsquo;\u00e9tat , assistera a l&rsquo;investiture du pr\u00e9sident \u00e9lu nig\u00e9rien Asiwaju Bola Ameth Tinubu d apr\u00e8s la m\u00eame source, \u00e0 son d\u00e9part, le pr\u00e9sident de la R\u00e9publique a \u00e9t\u00e9 salu\u00e9 par le Premier Ministre et d\u2019autres autorit\u00e9s civiles et militaires. Le chef de l\u2019Etat sera de retour \u00e0 Dakar demain lundi. Lala RASSOUL\" \/>\n<meta property=\"og:url\" content=\"https:\/\/www.public.sn\/index.php\/2023\/05\/28\/investiture-du-president-asiwaju-bola-ahmed-tinubu-macky-sall-senvole-pour-abuja\/\" \/>\n<meta property=\"og:site_name\" content=\"LE PUBLIC\" \/>\n<meta property=\"article:published_time\" content=\"2023-05-28T15:14:37+00:00\" \/>\n<meta property=\"og:image\" content=\"https:\/\/www.public.sn\/wp-content\/uploads\/2023\/05\/Viste-PR-Macky-Sall-en-Allemagne.jpeg\" \/>\n\t<meta property=\"og:image:width\" content=\"1024\" \/>\n\t<meta property=\"og:image:height\" content=\"606\" \/>\n\t<meta property=\"og:image:type\" content=\"image\/jpeg\" \/>\n<meta name=\"author\" content=\"LA REDACTION\" \/>\n<meta name=\"twitter:card\" content=\"summary_large_image\" \/>\n<meta name=\"twitter:label1\" content=\"\u00c9crit par\" \/>\n\t<meta name=\"twitter:data1\" content=\"LA REDACTION\" \/>\n\t<meta name=\"twitter:label2\" content=\"Dur\u00e9e de lecture estim\u00e9e\" \/>\n\t<meta name=\"twitter:data2\" content=\"1 minute\" \/>\n<script type=\"application\/ld+json\" class=\"yoast-schema-graph\">{\"@context\":\"https:\/\/schema.org\",\"@graph\":[{\"@type\":\"Article\",\"@id\":\"https:\/\/www.public.sn\/index.php\/2023\/05\/28\/investiture-du-president-asiwaju-bola-ahmed-tinubu-macky-sall-senvole-pour-abuja\/#article\",\"isPartOf\":{\"@id\":\"https:\/\/www.public.sn\/index.php\/2023\/05\/28\/investiture-du-president-asiwaju-bola-ahmed-tinubu-macky-sall-senvole-pour-abuja\/\"},\"author\":{\"name\":\"LA REDACTION\",\"@id\":\"https:\/\/www.public.sn\/#\/schema\/person\/cb76c8e1b8becc6be61fb5e92d6d0224\"},\"headline\":\"Investiture du pr\u00e9sident Asiwaju Bola Ahmed Tinubu : Macky Sall s\u2019envole pour Abuja\",\"datePublished\":\"2023-05-28T15:14:37+00:00\",\"mainEntityOfPage\":{\"@id\":\"https:\/\/www.public.sn\/index.php\/2023\/05\/28\/investiture-du-president-asiwaju-bola-ahmed-tinubu-macky-sall-senvole-pour-abuja\/\"},\"wordCount\":94,\"commentCount\":0,\"publisher\":{\"@id\":\"https:\/\/www.public.sn\/#organization\"},\"image\":{\"@id\":\"https:\/\/www.public.sn\/index.php\/2023\/05\/28\/investiture-du-president-asiwaju-bola-ahmed-tinubu-macky-sall-senvole-pour-abuja\/#primaryimage\"},\"thumbnailUrl\":\"https:\/\/www.public.sn\/wp-content\/uploads\/2023\/05\/Viste-PR-Macky-Sall-en-Allemagne.jpeg\",\"articleSection\":[\"ACTUALIT\u00c9S\",\"POLITIQUE\"],\"inLanguage\":\"fr-FR\",\"potentialAction\":[{\"@type\":\"CommentAction\",\"name\":\"Comment\",\"target\":[\"https:\/\/www.public.sn\/index.php\/2023\/05\/28\/investiture-du-president-asiwaju-bola-ahmed-tinubu-macky-sall-senvole-pour-abuja\/#respond\"]}]},{\"@type\":\"WebPage\",\"@id\":\"https:\/\/www.public.sn\/index.php\/2023\/05\/28\/investiture-du-president-asiwaju-bola-ahmed-tinubu-macky-sall-senvole-pour-abuja\/\",\"url\":\"https:\/\/www.public.sn\/index.php\/2023\/05\/28\/investiture-du-president-asiwaju-bola-ahmed-tinubu-macky-sall-senvole-pour-abuja\/\",\"name\":\"Investiture du pr\u00e9sident Asiwaju Bola Ahmed Tinubu : Macky Sall s\u2019envole pour Abuja - LE PUBLIC\",\"isPartOf\":{\"@id\":\"https:\/\/www.public.sn\/#website\"},\"primaryImageOfPage\":{\"@id\":\"https:\/\/www.public.sn\/index.php\/2023\/05\/28\/investiture-du-president-asiwaju-bola-ahmed-tinubu-macky-sall-senvole-pour-abuja\/#primaryimage\"},\"image\":{\"@id\":\"https:\/\/www.public.sn\/index.php\/2023\/05\/28\/investiture-du-president-asiwaju-bola-ahmed-tinubu-macky-sall-senvole-pour-abuja\/#primaryimage\"},\"thumbnailUrl\":\"https:\/\/www.public.sn\/wp-content\/uploads\/2023\/05\/Viste-PR-Macky-Sall-en-Allemagne.jpeg\",\"datePublished\":\"2023-05-28T15:14:37+00:00\",\"breadcrumb\":{\"@id\":\"https:\/\/www.public.sn\/index.php\/2023\/05\/28\/investiture-du-president-asiwaju-bola-ahmed-tinubu-macky-sall-senvole-pour-abuja\/#breadcrumb\"},\"inLanguage\":\"fr-FR\",\"potentialAction\":[{\"@type\":\"ReadAction\",\"target\":[\"https:\/\/www.public.sn\/index.php\/2023\/05\/28\/investiture-du-president-asiwaju-bola-ahmed-tinubu-macky-sall-senvole-pour-abuja\/\"]}]},{\"@type\":\"ImageObject\",\"inLanguage\":\"fr-FR\",\"@id\":\"https:\/\/www.public.sn\/index.php\/2023\/05\/28\/investiture-du-president-asiwaju-bola-ahmed-tinubu-macky-sall-senvole-pour-abuja\/#primaryimage\",\"url\":\"https:\/\/www.public.sn\/wp-content\/uploads\/2023\/05\/Viste-PR-Macky-Sall-en-Allemagne.jpeg\",\"contentUrl\":\"https:\/\/www.public.sn\/wp-content\/uploads\/2023\/05\/Viste-PR-Macky-Sall-en-Allemagne.jpeg\",\"width\":1024,\"height\":606},{\"@type\":\"BreadcrumbList\",\"@id\":\"https:\/\/www.public.sn\/index.php\/2023\/05\/28\/investiture-du-president-asiwaju-bola-ahmed-tinubu-macky-sall-senvole-pour-abuja\/#breadcrumb\",\"itemListElement\":[{\"@type\":\"ListItem\",\"position\":1,\"name\":\"Accueil\",\"item\":\"https:\/\/www.public.sn\/\"},{\"@type\":\"ListItem\",\"position\":2,\"name\":\"Investiture du pr\u00e9sident Asiwaju Bola Ahmed Tinubu : Macky Sall s\u2019envole pour Abuja\"}]},{\"@type\":\"WebSite\",\"@id\":\"https:\/\/www.public.sn\/#website\",\"url\":\"https:\/\/www.public.sn\/\",\"name\":\"LE PUBLIC\",\"description\":\"\",\"publisher\":{\"@id\":\"https:\/\/www.public.sn\/#organization\"},\"potentialAction\":[{\"@type\":\"SearchAction\",\"target\":{\"@type\":\"EntryPoint\",\"urlTemplate\":\"https:\/\/www.public.sn\/?s={search_term_string}\"},\"query-input\":{\"@type\":\"PropertyValueSpecification\",\"valueRequired\":true,\"valueName\":\"search_term_string\"}}],\"inLanguage\":\"fr-FR\"},{\"@type\":\"Organization\",\"@id\":\"https:\/\/www.public.sn\/#organization\",\"name\":\"LE PUBLIC\",\"url\":\"https:\/\/www.public.sn\/\",\"logo\":{\"@type\":\"ImageObject\",\"inLanguage\":\"fr-FR\",\"@id\":\"https:\/\/www.public.sn\/#\/schema\/logo\/image\/\",\"url\":\"https:\/\/www.public.sn\/wp-content\/uploads\/2024\/05\/cropped-LOGO-PUBLIC.SN_.png\",\"contentUrl\":\"https:\/\/www.public.sn\/wp-content\/uploads\/2024\/05\/cropped-LOGO-PUBLIC.SN_.png\",\"width\":682,\"height\":192,\"caption\":\"LE PUBLIC\"},\"image\":{\"@id\":\"https:\/\/www.public.sn\/#\/schema\/logo\/image\/\"}},{\"@type\":\"Person\",\"@id\":\"https:\/\/www.public.sn\/#\/schema\/person\/cb76c8e1b8becc6be61fb5e92d6d0224\",\"name\":\"LA REDACTION\",\"image\":{\"@type\":\"ImageObject\",\"inLanguage\":\"fr-FR\",\"@id\":\"https:\/\/www.public.sn\/#\/schema\/person\/image\/\",\"url\":\"https:\/\/secure.gravatar.com\/avatar\/2dce5ddd34b8fef0180efe03aa2a9bee7d953856048f9a16b298190a3178407c?s=96&d=mm&r=g\",\"contentUrl\":\"https:\/\/secure.gravatar.com\/avatar\/2dce5ddd34b8fef0180efe03aa2a9bee7d953856048f9a16b298190a3178407c?s=96&d=mm&r=g\",\"caption\":\"LA REDACTION\"},\"url\":\"https:\/\/www.public.sn\/index.php\/author\/editeurpsn\/\"}]}<\/script>\n<!-- \/ Yoast SEO plugin. -->","yoast_head_json":{"title":"Investiture du pr\u00e9sident Asiwaju Bola Ahmed Tinubu : Macky Sall s\u2019envole pour Abuja - LE PUBLIC","robots":{"index":"index","follow":"follow","max-snippet":"max-snippet:-1","max-image-preview":"max-image-preview:large","max-video-preview":"max-video-preview:-1"},"canonical":"https:\/\/www.public.sn\/index.php\/2023\/05\/28\/investiture-du-president-asiwaju-bola-ahmed-tinubu-macky-sall-senvole-pour-abuja\/","og_locale":"fr_FR","og_type":"article","og_title":"Investiture du pr\u00e9sident Asiwaju Bola Ahmed Tinubu : Macky Sall s\u2019envole pour Abuja - LE PUBLIC","og_description":"Le pr\u00e9sident de la R\u00e9publique a quitt\u00e9 Dakar pour Abuja en fin de matin\u00e9e. le chef de l&rsquo;\u00e9tat , assistera a l&rsquo;investiture du pr\u00e9sident \u00e9lu nig\u00e9rien Asiwaju Bola Ameth Tinubu d apr\u00e8s la m\u00eame source, \u00e0 son d\u00e9part, le pr\u00e9sident de la R\u00e9publique a \u00e9t\u00e9 salu\u00e9 par le Premier Ministre et d\u2019autres autorit\u00e9s civiles et militaires. Le chef de l\u2019Etat sera de retour \u00e0 Dakar demain lundi. Lala RASSOUL","og_url":"https:\/\/www.public.sn\/index.php\/2023\/05\/28\/investiture-du-president-asiwaju-bola-ahmed-tinubu-macky-sall-senvole-pour-abuja\/","og_site_name":"LE PUBLIC","article_published_time":"2023-05-28T15:14:37+00:00","og_image":[{"width":1024,"height":606,"url":"https:\/\/www.public.sn\/wp-content\/uploads\/2023\/05\/Viste-PR-Macky-Sall-en-Allemagne.jpeg","type":"image\/jpeg"}],"author":"LA REDACTION","twitter_card":"summary_large_image","twitter_misc":{"\u00c9crit par":"LA REDACTION","Dur\u00e9e de lecture estim\u00e9e":"1 minute"},"schema":{"@context":"https:\/\/schema.org","@graph":[{"@type":"Article","@id":"https:\/\/www.public.sn\/index.php\/2023\/05\/28\/investiture-du-president-asiwaju-bola-ahmed-tinubu-macky-sall-senvole-pour-abuja\/#article","isPartOf":{"@id":"https:\/\/www.public.sn\/index.php\/2023\/05\/28\/investiture-du-president-asiwaju-bola-ahmed-tinubu-macky-sall-senvole-pour-abuja\/"},"author":{"name":"LA REDACTION","@id":"https:\/\/www.public.sn\/#\/schema\/person\/cb76c8e1b8becc6be61fb5e92d6d0224"},"headline":"Investiture du pr\u00e9sident Asiwaju Bola Ahmed Tinubu : Macky Sall s\u2019envole pour Abuja","datePublished":"2023-05-28T15:14:37+00:00","mainEntityOfPage":{"@id":"https:\/\/www.public.sn\/index.php\/2023\/05\/28\/investiture-du-president-asiwaju-bola-ahmed-tinubu-macky-sall-senvole-pour-abuja\/"},"wordCount":94,"commentCount":0,"publisher":{"@id":"https:\/\/www.public.sn\/#organization"},"image":{"@id":"https:\/\/www.public.sn\/index.php\/2023\/05\/28\/investiture-du-president-asiwaju-bola-ahmed-tinubu-macky-sall-senvole-pour-abuja\/#primaryimage"},"thumbnailUrl":"https:\/\/www.public.sn\/wp-content\/uploads\/2023\/05\/Viste-PR-Macky-Sall-en-Allemagne.jpeg","articleSection":["ACTUALIT\u00c9S","POLITIQUE"],"inLanguage":"fr-FR","potentialAction":[{"@type":"CommentAction","name":"Comment","target":["https:\/\/www.public.sn\/index.php\/2023\/05\/28\/investiture-du-president-asiwaju-bola-ahmed-tinubu-macky-sall-senvole-pour-abuja\/#respond"]}]},{"@type":"WebPage","@id":"https:\/\/www.public.sn\/index.php\/2023\/05\/28\/investiture-du-president-asiwaju-bola-ahmed-tinubu-macky-sall-senvole-pour-abuja\/","url":"https:\/\/www.public.sn\/index.php\/2023\/05\/28\/investiture-du-president-asiwaju-bola-ahmed-tinubu-macky-sall-senvole-pour-abuja\/","name":"Investiture du pr\u00e9sident Asiwaju Bola Ahmed Tinubu : Macky Sall s\u2019envole pour Abuja - LE PUBLIC","isPartOf":{"@id":"https:\/\/www.public.sn\/#website"},"primaryImageOfPage":{"@id":"https:\/\/www.public.sn\/index.php\/2023\/05\/28\/investiture-du-president-asiwaju-bola-ahmed-tinubu-macky-sall-senvole-pour-abuja\/#primaryimage"},"image":{"@id":"https:\/\/www.public.sn\/index.php\/2023\/05\/28\/investiture-du-president-asiwaju-bola-ahmed-tinubu-macky-sall-senvole-pour-abuja\/#primaryimage"},"thumbnailUrl":"https:\/\/www.public.sn\/wp-content\/uploads\/2023\/05\/Viste-PR-Macky-Sall-en-Allemagne.jpeg","datePublished":"2023-05-28T15:14:37+00:00","breadcrumb":{"@id":"https:\/\/www.public.sn\/index.php\/2023\/05\/28\/investiture-du-president-asiwaju-bola-ahmed-tinubu-macky-sall-senvole-pour-abuja\/#breadcrumb"},"inLanguage":"fr-FR","potentialAction":[{"@type":"ReadAction","target":["https:\/\/www.public.sn\/index.php\/2023\/05\/28\/investiture-du-president-asiwaju-bola-ahmed-tinubu-macky-sall-senvole-pour-abuja\/"]}]},{"@type":"ImageObject","inLanguage":"fr-FR","@id":"https:\/\/www.public.sn\/index.php\/2023\/05\/28\/investiture-du-president-asiwaju-bola-ahmed-tinubu-macky-sall-senvole-pour-abuja\/#primaryimage","url":"https:\/\/www.public.sn\/wp-content\/uploads\/2023\/05\/Viste-PR-Macky-Sall-en-Allemagne.jpeg","contentUrl":"https:\/\/www.public.sn\/wp-content\/uploads\/2023\/05\/Viste-PR-Macky-Sall-en-Allemagne.jpeg","width":1024,"height":606},{"@type":"BreadcrumbList","@id":"https:\/\/www.public.sn\/index.php\/2023\/05\/28\/investiture-du-president-asiwaju-bola-ahmed-tinubu-macky-sall-senvole-pour-abuja\/#breadcrumb","itemListElement":[{"@type":"ListItem","position":1,"name":"Accueil","item":"https:\/\/www.public.sn\/"},{"@type":"ListItem","position":2,"name":"Investiture du pr\u00e9sident Asiwaju Bola Ahmed Tinubu : Macky Sall s\u2019envole pour Abuja"}]},{"@type":"WebSite","@id":"https:\/\/www.public.sn\/#website","url":"https:\/\/www.public.sn\/","name":"LE PUBLIC","description":"","publisher":{"@id":"https:\/\/www.public.sn\/#organization"},"potentialAction":[{"@type":"SearchAction","target":{"@type":"EntryPoint","urlTemplate":"https:\/\/www.public.sn\/?s={search_term_string}"},"query-input":{"@type":"PropertyValueSpecification","valueRequired":true,"valueName":"search_term_string"}}],"inLanguage":"fr-FR"},{"@type":"Organization","@id":"https:\/\/www.public.sn\/#organization","name":"LE PUBLIC","url":"https:\/\/www.public.sn\/","logo":{"@type":"ImageObject","inLanguage":"fr-FR","@id":"https:\/\/www.public.sn\/#\/schema\/logo\/image\/","url":"https:\/\/www.public.sn\/wp-content\/uploads\/2024\/05\/cropped-LOGO-PUBLIC.SN_.png","contentUrl":"https:\/\/www.public.sn\/wp-content\/uploads\/2024\/05\/cropped-LOGO-PUBLIC.SN_.png","width":682,"height":192,"caption":"LE PUBLIC"},"image":{"@id":"https:\/\/www.public.sn\/#\/schema\/logo\/image\/"}},{"@type":"Person","@id":"https:\/\/www.public.sn\/#\/schema\/person\/cb76c8e1b8becc6be61fb5e92d6d0224","name":"LA REDACTION","image":{"@type":"ImageObject","inLanguage":"fr-FR","@id":"https:\/\/www.public.sn\/#\/schema\/person\/image\/","url":"https:\/\/secure.gravatar.com\/avatar\/2dce5ddd34b8fef0180efe03aa2a9bee7d953856048f9a16b298190a3178407c?s=96&d=mm&r=g","contentUrl":"https:\/\/secure.gravatar.com\/avatar\/2dce5ddd34b8fef0180efe03aa2a9bee7d953856048f9a16b298190a3178407c?s=96&d=mm&r=g","caption":"LA REDACTION"},"url":"https:\/\/www.public.sn\/index.php\/author\/editeurpsn\/"}]}},"jetpack_featured_media_url":"https:\/\/www.public.sn\/wp-content\/uploads\/2023\/05\/Viste-PR-Macky-Sall-en-Allemagne.jpeg","jetpack_sharing_enabled":true,"_links":{"self":[{"href":"https:\/\/www.public.sn\/index.php\/wp-json\/wp\/v2\/posts\/22625","targetHints":{"allow":["GET"]}}],"collection":[{"href":"https:\/\/www.public.sn\/index.php\/wp-json\/wp\/v2\/posts"}],"about":[{"href":"https:\/\/www.public.sn\/index.php\/wp-json\/wp\/v2\/types\/post"}],"author":[{"embeddable":true,"href":"https:\/\/www.public.sn\/index.php\/wp-json\/wp\/v2\/users\/7"}],"replies":[{"embeddable":true,"href":"https:\/\/www.public.sn\/index.php\/wp-json\/wp\/v2\/comments?post=22625"}],"version-history":[{"count":1,"href":"https:\/\/www.public.sn\/index.php\/wp-json\/wp\/v2\/posts\/22625\/revisions"}],"predecessor-version":[{"id":22627,"href":"https:\/\/www.public.sn\/index.php\/wp-json\/wp\/v2\/posts\/22625\/revisions\/22627"}],"wp:featuredmedia":[{"embeddable":true,"href":"https:\/\/www.public.sn\/index.php\/wp-json\/wp\/v2\/media\/22626"}],"wp:attachment":[{"href":"https:\/\/www.public.sn\/index.php\/wp-json\/wp\/v2\/media?parent=22625"}],"wp:term":[{"taxonomy":"category","embeddable":true,"href":"https:\/\/www.public.sn\/index.php\/wp-json\/wp\/v2\/categories?post=22625"},{"taxonomy":"post_tag","embeddable":true,"href":"https:\/\/www.public.sn\/index.php\/wp-json\/wp\/v2\/tags?post=22625"}],"curies":[{"name":"wp","href":"https:\/\/api.w.org\/{rel}","templated":true}]}}