{"id":22768,"date":"2023-05-30T19:19:33","date_gmt":"2023-05-30T19:19:33","guid":{"rendered":"https:\/\/www.public.sn\/?p=22768"},"modified":"2023-05-30T19:19:33","modified_gmt":"2023-05-30T19:19:33","slug":"appel-a-manifester-antoine-diome-a-pris-une-decision-de-taille-pour-les-senegalais-vivant-a-letranger","status":"publish","type":"post","link":"https:\/\/www.public.sn\/index.php\/2023\/05\/30\/appel-a-manifester-antoine-diome-a-pris-une-decision-de-taille-pour-les-senegalais-vivant-a-letranger\/","title":{"rendered":"Appel \u00e0 manifester : Antoine Diome a pris une d\u00e9cision de taille pour les S\u00e9n\u00e9galais vivant \u00e0 l\u2019\u00e9tranger"},"content":{"rendered":"<p><strong>Ces derniers jours, \u00e0 travers les r\u00e9seaux sociaux, des S\u00e9n\u00e9galais vivant \u00e0 l&rsquo;\u00e9tranger appellent les jeunes \u00e0 sortir dans la rue et \u00e0 manifester. Sur ce, pour parer au pire, le ministre de l&rsquo;Int\u00e9rieur, apr\u00e8s avoir d\u00e9nonc\u00e9 ce fait, a annonc\u00e9 mettre fin \u00e0 cette situation. Antoine Felix Diome a inform\u00e9 que l&rsquo;Etat va demander aux pays d&rsquo;accueil de ces S\u00e9n\u00e9galais, \u00ab d&rsquo;initier des poursuites \u00bb contre eux.<\/strong><\/p><div class=\"publi-paragraphe1\" style=\"margin-top: 10px;margin-bottom: 10px;margin-left: auto;margin-right: auto;text-align: center;\" id=\"publi-1146041003\"><div class=\"publi-adlabel\">Publicit\u00e9<\/div><script async src=\"\/\/pagead2.googlesyndication.com\/pagead\/js\/adsbygoogle.js?client=ca-pub-4089586018074219\" crossorigin=\"anonymous\"><\/script><ins class=\"adsbygoogle\" style=\"display:block;\" data-ad-client=\"ca-pub-4089586018074219\" \ndata-ad-slot=\"2087940154\" \ndata-ad-format=\"auto\"><\/ins>\n<script> \n(adsbygoogle = window.adsbygoogle || []).push({}); \n<\/script>\n<\/div>\n<p><em>\u00ab On a vu pour le d\u00e9plorer des citoyens s\u00e9n\u00e9galais vivant \u00e0 l&rsquo;\u00e9tranger, assis dans un certain confort, derri\u00e8re leurs claviers ou derri\u00e8re leurs t\u00e9l\u00e9phones, appeler les jeunes s\u00e9n\u00e9galais \u00e0 sortir dans la rue, \u00e0 s&rsquo;attaquer \u00e0 des domiciles de certains responsables et m\u00eame des fois \u00e0 envoyer de l&rsquo;argent pour financer l&rsquo;agent de carburant ou de produit inflammables \u00bb,<\/em> a-t-il pest\u00e9.<\/p>\n<p>Face \u00e0 ces d\u00e9rives, le ministre de l\u2019Int\u00e9rieur a r\u00e9v\u00e9l\u00e9 que \u00ab l&rsquo;Etat a pris toutes les dispositions pour saisir les pays dans lesquels vivent ces S\u00e9n\u00e9galais et signaler les messages qu&rsquo;ils ont envoy\u00e9 au S\u00e9n\u00e9gal et le contenu de ces message \u00bb.<\/p>\n<p>Le cas \u00e9ch\u00e9ant, a-t-il ajout\u00e9 sur les ondes de la Rfm, \u00ab s&rsquo;ils peuvent rev\u00eatir la qualification d&rsquo;infraction p\u00e9nale dans ces pays d&rsquo;accueil, nous demanderont \u00e0 ces gouvernements d&rsquo;initier des poursuites contre eux \u00bb.<\/p>\n<div class=\"publi-apres-le-contenu\" style=\"margin-top: 10px;margin-bottom: 10px;margin-left: auto;margin-right: auto;text-align: center;\" id=\"publi-1324770983\"><div class=\"publi-adlabel\">Publicit\u00e9<\/div><script async src=\"\/\/pagead2.googlesyndication.com\/pagead\/js\/adsbygoogle.js?client=ca-pub-4089586018074219\" crossorigin=\"anonymous\"><\/script><ins class=\"adsbygoogle\" style=\"display:block;\" data-ad-client=\"ca-pub-4089586018074219\" \ndata-ad-slot=\"2087940154\" \ndata-ad-format=\"auto\"><\/ins>\n<script> \n(adsbygoogle = window.adsbygoogle || []).push({}); \n<\/script>\n<\/div>","protected":false},"excerpt":{"rendered":"<p>Ces derniers jours, \u00e0 travers les r\u00e9seaux sociaux, des S\u00e9n\u00e9galais vivant \u00e0 l&rsquo;\u00e9tranger appellent les jeunes \u00e0 sortir dans la rue et \u00e0 manifester. Sur ce, pour parer au pire, le ministre de l&rsquo;Int\u00e9rieur, apr\u00e8s avoir d\u00e9nonc\u00e9 ce fait, a annonc\u00e9 mettre fin \u00e0 cette situation. Antoine Felix Diome a inform\u00e9 que l&rsquo;Etat va demander aux pays d&rsquo;accueil de ces S\u00e9n\u00e9galais, \u00ab d&rsquo;initier des poursuites \u00bb contre eux. \u00ab On a vu pour le d\u00e9plorer des citoyens s\u00e9n\u00e9galais vivant \u00e0 l&rsquo;\u00e9tranger, assis dans un certain confort, derri\u00e8re leurs claviers ou derri\u00e8re leurs t\u00e9l\u00e9phones, appeler les jeunes s\u00e9n\u00e9galais \u00e0 sortir dans la rue, \u00e0 s&rsquo;attaquer \u00e0 des domiciles de certains responsables et m\u00eame des fois \u00e0 envoyer de l&rsquo;argent pour financer l&rsquo;agent de carburant ou de produit inflammables \u00bb, a-t-il pest\u00e9. Face \u00e0 ces d\u00e9rives, le ministre de l\u2019Int\u00e9rieur a r\u00e9v\u00e9l\u00e9 que \u00ab l&rsquo;Etat a pris toutes les dispositions pour saisir les pays dans lesquels vivent ces S\u00e9n\u00e9galais et signaler les messages qu&rsquo;ils ont envoy\u00e9 au S\u00e9n\u00e9gal et le contenu de ces message \u00bb. Le cas \u00e9ch\u00e9ant, a-t-il ajout\u00e9 sur les ondes de la Rfm, \u00ab s&rsquo;ils peuvent rev\u00eatir la qualification d&rsquo;infraction p\u00e9nale dans ces pays d&rsquo;accueil, nous demanderont \u00e0 ces gouvernements d&rsquo;initier des poursuites contre eux \u00bb.<\/p>\n","protected":false},"author":1,"featured_media":22752,"comment_status":"open","ping_status":"open","sticky":false,"template":"","format":"standard","meta":{"_jetpack_memberships_contains_paid_content":false,"footnotes":""},"categories":[375,3,376,1,372],"tags":[4702,4352],"class_list":["post-22768","post","type-post","status-publish","format-standard","has-post-thumbnail","hentry","category-actualites","category-politique","category-securite-justice","category-non-classe","category-vedette","tag-antoine-diome","tag-manifestations","entry","has-media","owp-thumbs-layout-horizontal","owp-btn-normal","owp-tabs-layout-horizontal","has-no-thumbnails","has-product-nav"],"yoast_head":"<!-- This site is optimized with the Yoast SEO plugin v25.5 - https:\/\/yoast.com\/wordpress\/plugins\/seo\/ -->\n<title>Appel \u00e0 manifester : Antoine Diome a pris une d\u00e9cision de taille pour les S\u00e9n\u00e9galais vivant \u00e0 l\u2019\u00e9tranger - LE PUBLIC<\/title>\n<meta name=\"description\" content=\"Ces derniers jours, \u00e0 travers les r\u00e9seaux sociaux, des S\u00e9n\u00e9galais vivant \u00e0 l&#039;\u00e9tranger appellent les jeunes \u00e0 sortir dans la rue et \u00e0 manifester. Sur ce, pour parer au pire, le ministre de l&#039;Int\u00e9rieur, apr\u00e8s avoir d\u00e9nonc\u00e9 ce fait, a annonc\u00e9 mettre fin \u00e0 cette situation. Antoine Felix Diome a inform\u00e9 que l&#039;Etat va demander aux pays d&#039;accueil de ces S\u00e9n\u00e9galais, \u00ab d&#039;initier des poursuites \u00bb contre eux.\" \/>\n<meta name=\"robots\" content=\"index, follow, max-snippet:-1, max-image-preview:large, max-video-preview:-1\" \/>\n<link rel=\"canonical\" href=\"https:\/\/www.public.sn\/index.php\/2023\/05\/30\/appel-a-manifester-antoine-diome-a-pris-une-decision-de-taille-pour-les-senegalais-vivant-a-letranger\/\" \/>\n<meta property=\"og:locale\" content=\"fr_FR\" \/>\n<meta property=\"og:type\" content=\"article\" \/>\n<meta property=\"og:title\" content=\"Appel \u00e0 manifester : Antoine Diome a pris une d\u00e9cision de taille pour les S\u00e9n\u00e9galais vivant \u00e0 l\u2019\u00e9tranger - LE PUBLIC\" \/>\n<meta property=\"og:description\" content=\"Ces derniers jours, \u00e0 travers les r\u00e9seaux sociaux, des S\u00e9n\u00e9galais vivant \u00e0 l&#039;\u00e9tranger appellent les jeunes \u00e0 sortir dans la rue et \u00e0 manifester. Sur ce, pour parer au pire, le ministre de l&#039;Int\u00e9rieur, apr\u00e8s avoir d\u00e9nonc\u00e9 ce fait, a annonc\u00e9 mettre fin \u00e0 cette situation. Antoine Felix Diome a inform\u00e9 que l&#039;Etat va demander aux pays d&#039;accueil de ces S\u00e9n\u00e9galais, \u00ab d&#039;initier des poursuites \u00bb contre eux.\" \/>\n<meta property=\"og:url\" content=\"https:\/\/www.public.sn\/index.php\/2023\/05\/30\/appel-a-manifester-antoine-diome-a-pris-une-decision-de-taille-pour-les-senegalais-vivant-a-letranger\/\" \/>\n<meta property=\"og:site_name\" content=\"LE PUBLIC\" \/>\n<meta property=\"article:published_time\" content=\"2023-05-30T19:19:33+00:00\" \/>\n<meta property=\"og:image\" content=\"https:\/\/www.public.sn\/wp-content\/uploads\/2023\/05\/antoine-felix-diome-6.jpeg\" \/>\n\t<meta property=\"og:image:width\" content=\"650\" \/>\n\t<meta property=\"og:image:height\" content=\"433\" \/>\n\t<meta property=\"og:image:type\" content=\"image\/jpeg\" \/>\n<meta name=\"author\" content=\"LA REDACTION\" \/>\n<meta name=\"twitter:card\" content=\"summary_large_image\" \/>\n<meta name=\"twitter:label1\" content=\"\u00c9crit par\" \/>\n\t<meta name=\"twitter:data1\" content=\"LA REDACTION\" \/>\n\t<meta name=\"twitter:label2\" content=\"Dur\u00e9e de lecture estim\u00e9e\" \/>\n\t<meta name=\"twitter:data2\" content=\"2 minutes\" \/>\n<script type=\"application\/ld+json\" class=\"yoast-schema-graph\">{\"@context\":\"https:\/\/schema.org\",\"@graph\":[{\"@type\":\"Article\",\"@id\":\"https:\/\/www.public.sn\/index.php\/2023\/05\/30\/appel-a-manifester-antoine-diome-a-pris-une-decision-de-taille-pour-les-senegalais-vivant-a-letranger\/#article\",\"isPartOf\":{\"@id\":\"https:\/\/www.public.sn\/index.php\/2023\/05\/30\/appel-a-manifester-antoine-diome-a-pris-une-decision-de-taille-pour-les-senegalais-vivant-a-letranger\/\"},\"author\":{\"name\":\"LA REDACTION\",\"@id\":\"https:\/\/www.public.sn\/#\/schema\/person\/e3f4a11b037d4203902db148f9bc8d5a\"},\"headline\":\"Appel \u00e0 manifester : Antoine Diome a pris une d\u00e9cision de taille pour les S\u00e9n\u00e9galais vivant \u00e0 l\u2019\u00e9tranger\",\"datePublished\":\"2023-05-30T19:19:33+00:00\",\"mainEntityOfPage\":{\"@id\":\"https:\/\/www.public.sn\/index.php\/2023\/05\/30\/appel-a-manifester-antoine-diome-a-pris-une-decision-de-taille-pour-les-senegalais-vivant-a-letranger\/\"},\"wordCount\":238,\"commentCount\":0,\"publisher\":{\"@id\":\"https:\/\/www.public.sn\/#organization\"},\"image\":{\"@id\":\"https:\/\/www.public.sn\/index.php\/2023\/05\/30\/appel-a-manifester-antoine-diome-a-pris-une-decision-de-taille-pour-les-senegalais-vivant-a-letranger\/#primaryimage\"},\"thumbnailUrl\":\"https:\/\/www.public.sn\/wp-content\/uploads\/2023\/05\/antoine-felix-diome-6.jpeg\",\"keywords\":[\"Antoine DIOME\",\"manifestations\"],\"articleSection\":[\"ACTUALIT\u00c9S\",\"POLITIQUE\",\"S\u00c9CURIT\u00c9 &amp; JUSTICE\",\"S\u00c9N\u00c9GAL\",\"VEDETTE\"],\"inLanguage\":\"fr-FR\",\"potentialAction\":[{\"@type\":\"CommentAction\",\"name\":\"Comment\",\"target\":[\"https:\/\/www.public.sn\/index.php\/2023\/05\/30\/appel-a-manifester-antoine-diome-a-pris-une-decision-de-taille-pour-les-senegalais-vivant-a-letranger\/#respond\"]}]},{\"@type\":\"WebPage\",\"@id\":\"https:\/\/www.public.sn\/index.php\/2023\/05\/30\/appel-a-manifester-antoine-diome-a-pris-une-decision-de-taille-pour-les-senegalais-vivant-a-letranger\/\",\"url\":\"https:\/\/www.public.sn\/index.php\/2023\/05\/30\/appel-a-manifester-antoine-diome-a-pris-une-decision-de-taille-pour-les-senegalais-vivant-a-letranger\/\",\"name\":\"Appel \u00e0 manifester : Antoine Diome a pris une d\u00e9cision de taille pour les S\u00e9n\u00e9galais vivant \u00e0 l\u2019\u00e9tranger - LE PUBLIC\",\"isPartOf\":{\"@id\":\"https:\/\/www.public.sn\/#website\"},\"primaryImageOfPage\":{\"@id\":\"https:\/\/www.public.sn\/index.php\/2023\/05\/30\/appel-a-manifester-antoine-diome-a-pris-une-decision-de-taille-pour-les-senegalais-vivant-a-letranger\/#primaryimage\"},\"image\":{\"@id\":\"https:\/\/www.public.sn\/index.php\/2023\/05\/30\/appel-a-manifester-antoine-diome-a-pris-une-decision-de-taille-pour-les-senegalais-vivant-a-letranger\/#primaryimage\"},\"thumbnailUrl\":\"https:\/\/www.public.sn\/wp-content\/uploads\/2023\/05\/antoine-felix-diome-6.jpeg\",\"datePublished\":\"2023-05-30T19:19:33+00:00\",\"description\":\"Ces derniers jours, \u00e0 travers les r\u00e9seaux sociaux, des S\u00e9n\u00e9galais vivant \u00e0 l'\u00e9tranger appellent les jeunes \u00e0 sortir dans la rue et \u00e0 manifester. Sur ce, pour parer au pire, le ministre de l'Int\u00e9rieur, apr\u00e8s avoir d\u00e9nonc\u00e9 ce fait, a annonc\u00e9 mettre fin \u00e0 cette situation. Antoine Felix Diome a inform\u00e9 que l'Etat va demander aux pays d'accueil de ces S\u00e9n\u00e9galais, \u00ab d'initier des poursuites \u00bb contre eux.\",\"breadcrumb\":{\"@id\":\"https:\/\/www.public.sn\/index.php\/2023\/05\/30\/appel-a-manifester-antoine-diome-a-pris-une-decision-de-taille-pour-les-senegalais-vivant-a-letranger\/#breadcrumb\"},\"inLanguage\":\"fr-FR\",\"potentialAction\":[{\"@type\":\"ReadAction\",\"target\":[\"https:\/\/www.public.sn\/index.php\/2023\/05\/30\/appel-a-manifester-antoine-diome-a-pris-une-decision-de-taille-pour-les-senegalais-vivant-a-letranger\/\"]}]},{\"@type\":\"ImageObject\",\"inLanguage\":\"fr-FR\",\"@id\":\"https:\/\/www.public.sn\/index.php\/2023\/05\/30\/appel-a-manifester-antoine-diome-a-pris-une-decision-de-taille-pour-les-senegalais-vivant-a-letranger\/#primaryimage\",\"url\":\"https:\/\/www.public.sn\/wp-content\/uploads\/2023\/05\/antoine-felix-diome-6.jpeg\",\"contentUrl\":\"https:\/\/www.public.sn\/wp-content\/uploads\/2023\/05\/antoine-felix-diome-6.jpeg\",\"width\":650,\"height\":433},{\"@type\":\"BreadcrumbList\",\"@id\":\"https:\/\/www.public.sn\/index.php\/2023\/05\/30\/appel-a-manifester-antoine-diome-a-pris-une-decision-de-taille-pour-les-senegalais-vivant-a-letranger\/#breadcrumb\",\"itemListElement\":[{\"@type\":\"ListItem\",\"position\":1,\"name\":\"Accueil\",\"item\":\"https:\/\/www.public.sn\/\"},{\"@type\":\"ListItem\",\"position\":2,\"name\":\"Appel \u00e0 manifester : Antoine Diome a pris une d\u00e9cision de taille pour les S\u00e9n\u00e9galais vivant \u00e0 l\u2019\u00e9tranger\"}]},{\"@type\":\"WebSite\",\"@id\":\"https:\/\/www.public.sn\/#website\",\"url\":\"https:\/\/www.public.sn\/\",\"name\":\"LE PUBLIC\",\"description\":\"\",\"publisher\":{\"@id\":\"https:\/\/www.public.sn\/#organization\"},\"potentialAction\":[{\"@type\":\"SearchAction\",\"target\":{\"@type\":\"EntryPoint\",\"urlTemplate\":\"https:\/\/www.public.sn\/?s={search_term_string}\"},\"query-input\":{\"@type\":\"PropertyValueSpecification\",\"valueRequired\":true,\"valueName\":\"search_term_string\"}}],\"inLanguage\":\"fr-FR\"},{\"@type\":\"Organization\",\"@id\":\"https:\/\/www.public.sn\/#organization\",\"name\":\"LE PUBLIC\",\"url\":\"https:\/\/www.public.sn\/\",\"logo\":{\"@type\":\"ImageObject\",\"inLanguage\":\"fr-FR\",\"@id\":\"https:\/\/www.public.sn\/#\/schema\/logo\/image\/\",\"url\":\"https:\/\/www.public.sn\/wp-content\/uploads\/2024\/05\/cropped-LOGO-PUBLIC.SN_.png\",\"contentUrl\":\"https:\/\/www.public.sn\/wp-content\/uploads\/2024\/05\/cropped-LOGO-PUBLIC.SN_.png\",\"width\":682,\"height\":192,\"caption\":\"LE PUBLIC\"},\"image\":{\"@id\":\"https:\/\/www.public.sn\/#\/schema\/logo\/image\/\"}},{\"@type\":\"Person\",\"@id\":\"https:\/\/www.public.sn\/#\/schema\/person\/e3f4a11b037d4203902db148f9bc8d5a\",\"name\":\"LA REDACTION\",\"image\":{\"@type\":\"ImageObject\",\"inLanguage\":\"fr-FR\",\"@id\":\"https:\/\/www.public.sn\/#\/schema\/person\/image\/\",\"url\":\"https:\/\/secure.gravatar.com\/avatar\/d6c030db45db2883c075085c5d6c6258654a801a93766b49af0b82d4f454e2a5?s=96&d=mm&r=g\",\"contentUrl\":\"https:\/\/secure.gravatar.com\/avatar\/d6c030db45db2883c075085c5d6c6258654a801a93766b49af0b82d4f454e2a5?s=96&d=mm&r=g\",\"caption\":\"LA REDACTION\"},\"sameAs\":[\"http:\/\/www.public.sn\"],\"url\":\"https:\/\/www.public.sn\/index.php\/author\/admin7324\/\"}]}<\/script>\n<!-- \/ Yoast SEO plugin. -->","yoast_head_json":{"title":"Appel \u00e0 manifester : Antoine Diome a pris une d\u00e9cision de taille pour les S\u00e9n\u00e9galais vivant \u00e0 l\u2019\u00e9tranger - LE PUBLIC","description":"Ces derniers jours, \u00e0 travers les r\u00e9seaux sociaux, des S\u00e9n\u00e9galais vivant \u00e0 l'\u00e9tranger appellent les jeunes \u00e0 sortir dans la rue et \u00e0 manifester. Sur ce, pour parer au pire, le ministre de l'Int\u00e9rieur, apr\u00e8s avoir d\u00e9nonc\u00e9 ce fait, a annonc\u00e9 mettre fin \u00e0 cette situation. Antoine Felix Diome a inform\u00e9 que l'Etat va demander aux pays d'accueil de ces S\u00e9n\u00e9galais, \u00ab d'initier des poursuites \u00bb contre eux.","robots":{"index":"index","follow":"follow","max-snippet":"max-snippet:-1","max-image-preview":"max-image-preview:large","max-video-preview":"max-video-preview:-1"},"canonical":"https:\/\/www.public.sn\/index.php\/2023\/05\/30\/appel-a-manifester-antoine-diome-a-pris-une-decision-de-taille-pour-les-senegalais-vivant-a-letranger\/","og_locale":"fr_FR","og_type":"article","og_title":"Appel \u00e0 manifester : Antoine Diome a pris une d\u00e9cision de taille pour les S\u00e9n\u00e9galais vivant \u00e0 l\u2019\u00e9tranger - LE PUBLIC","og_description":"Ces derniers jours, \u00e0 travers les r\u00e9seaux sociaux, des S\u00e9n\u00e9galais vivant \u00e0 l'\u00e9tranger appellent les jeunes \u00e0 sortir dans la rue et \u00e0 manifester. Sur ce, pour parer au pire, le ministre de l'Int\u00e9rieur, apr\u00e8s avoir d\u00e9nonc\u00e9 ce fait, a annonc\u00e9 mettre fin \u00e0 cette situation. Antoine Felix Diome a inform\u00e9 que l'Etat va demander aux pays d'accueil de ces S\u00e9n\u00e9galais, \u00ab d'initier des poursuites \u00bb contre eux.","og_url":"https:\/\/www.public.sn\/index.php\/2023\/05\/30\/appel-a-manifester-antoine-diome-a-pris-une-decision-de-taille-pour-les-senegalais-vivant-a-letranger\/","og_site_name":"LE PUBLIC","article_published_time":"2023-05-30T19:19:33+00:00","og_image":[{"width":650,"height":433,"url":"https:\/\/www.public.sn\/wp-content\/uploads\/2023\/05\/antoine-felix-diome-6.jpeg","type":"image\/jpeg"}],"author":"LA REDACTION","twitter_card":"summary_large_image","twitter_misc":{"\u00c9crit par":"LA REDACTION","Dur\u00e9e de lecture estim\u00e9e":"2 minutes"},"schema":{"@context":"https:\/\/schema.org","@graph":[{"@type":"Article","@id":"https:\/\/www.public.sn\/index.php\/2023\/05\/30\/appel-a-manifester-antoine-diome-a-pris-une-decision-de-taille-pour-les-senegalais-vivant-a-letranger\/#article","isPartOf":{"@id":"https:\/\/www.public.sn\/index.php\/2023\/05\/30\/appel-a-manifester-antoine-diome-a-pris-une-decision-de-taille-pour-les-senegalais-vivant-a-letranger\/"},"author":{"name":"LA REDACTION","@id":"https:\/\/www.public.sn\/#\/schema\/person\/e3f4a11b037d4203902db148f9bc8d5a"},"headline":"Appel \u00e0 manifester : Antoine Diome a pris une d\u00e9cision de taille pour les S\u00e9n\u00e9galais vivant \u00e0 l\u2019\u00e9tranger","datePublished":"2023-05-30T19:19:33+00:00","mainEntityOfPage":{"@id":"https:\/\/www.public.sn\/index.php\/2023\/05\/30\/appel-a-manifester-antoine-diome-a-pris-une-decision-de-taille-pour-les-senegalais-vivant-a-letranger\/"},"wordCount":238,"commentCount":0,"publisher":{"@id":"https:\/\/www.public.sn\/#organization"},"image":{"@id":"https:\/\/www.public.sn\/index.php\/2023\/05\/30\/appel-a-manifester-antoine-diome-a-pris-une-decision-de-taille-pour-les-senegalais-vivant-a-letranger\/#primaryimage"},"thumbnailUrl":"https:\/\/www.public.sn\/wp-content\/uploads\/2023\/05\/antoine-felix-diome-6.jpeg","keywords":["Antoine DIOME","manifestations"],"articleSection":["ACTUALIT\u00c9S","POLITIQUE","S\u00c9CURIT\u00c9 &amp; JUSTICE","S\u00c9N\u00c9GAL","VEDETTE"],"inLanguage":"fr-FR","potentialAction":[{"@type":"CommentAction","name":"Comment","target":["https:\/\/www.public.sn\/index.php\/2023\/05\/30\/appel-a-manifester-antoine-diome-a-pris-une-decision-de-taille-pour-les-senegalais-vivant-a-letranger\/#respond"]}]},{"@type":"WebPage","@id":"https:\/\/www.public.sn\/index.php\/2023\/05\/30\/appel-a-manifester-antoine-diome-a-pris-une-decision-de-taille-pour-les-senegalais-vivant-a-letranger\/","url":"https:\/\/www.public.sn\/index.php\/2023\/05\/30\/appel-a-manifester-antoine-diome-a-pris-une-decision-de-taille-pour-les-senegalais-vivant-a-letranger\/","name":"Appel \u00e0 manifester : Antoine Diome a pris une d\u00e9cision de taille pour les S\u00e9n\u00e9galais vivant \u00e0 l\u2019\u00e9tranger - LE PUBLIC","isPartOf":{"@id":"https:\/\/www.public.sn\/#website"},"primaryImageOfPage":{"@id":"https:\/\/www.public.sn\/index.php\/2023\/05\/30\/appel-a-manifester-antoine-diome-a-pris-une-decision-de-taille-pour-les-senegalais-vivant-a-letranger\/#primaryimage"},"image":{"@id":"https:\/\/www.public.sn\/index.php\/2023\/05\/30\/appel-a-manifester-antoine-diome-a-pris-une-decision-de-taille-pour-les-senegalais-vivant-a-letranger\/#primaryimage"},"thumbnailUrl":"https:\/\/www.public.sn\/wp-content\/uploads\/2023\/05\/antoine-felix-diome-6.jpeg","datePublished":"2023-05-30T19:19:33+00:00","description":"Ces derniers jours, \u00e0 travers les r\u00e9seaux sociaux, des S\u00e9n\u00e9galais vivant \u00e0 l'\u00e9tranger appellent les jeunes \u00e0 sortir dans la rue et \u00e0 manifester. Sur ce, pour parer au pire, le ministre de l'Int\u00e9rieur, apr\u00e8s avoir d\u00e9nonc\u00e9 ce fait, a annonc\u00e9 mettre fin \u00e0 cette situation. Antoine Felix Diome a inform\u00e9 que l'Etat va demander aux pays d'accueil de ces S\u00e9n\u00e9galais, \u00ab d'initier des poursuites \u00bb contre eux.","breadcrumb":{"@id":"https:\/\/www.public.sn\/index.php\/2023\/05\/30\/appel-a-manifester-antoine-diome-a-pris-une-decision-de-taille-pour-les-senegalais-vivant-a-letranger\/#breadcrumb"},"inLanguage":"fr-FR","potentialAction":[{"@type":"ReadAction","target":["https:\/\/www.public.sn\/index.php\/2023\/05\/30\/appel-a-manifester-antoine-diome-a-pris-une-decision-de-taille-pour-les-senegalais-vivant-a-letranger\/"]}]},{"@type":"ImageObject","inLanguage":"fr-FR","@id":"https:\/\/www.public.sn\/index.php\/2023\/05\/30\/appel-a-manifester-antoine-diome-a-pris-une-decision-de-taille-pour-les-senegalais-vivant-a-letranger\/#primaryimage","url":"https:\/\/www.public.sn\/wp-content\/uploads\/2023\/05\/antoine-felix-diome-6.jpeg","contentUrl":"https:\/\/www.public.sn\/wp-content\/uploads\/2023\/05\/antoine-felix-diome-6.jpeg","width":650,"height":433},{"@type":"BreadcrumbList","@id":"https:\/\/www.public.sn\/index.php\/2023\/05\/30\/appel-a-manifester-antoine-diome-a-pris-une-decision-de-taille-pour-les-senegalais-vivant-a-letranger\/#breadcrumb","itemListElement":[{"@type":"ListItem","position":1,"name":"Accueil","item":"https:\/\/www.public.sn\/"},{"@type":"ListItem","position":2,"name":"Appel \u00e0 manifester : Antoine Diome a pris une d\u00e9cision de taille pour les S\u00e9n\u00e9galais vivant \u00e0 l\u2019\u00e9tranger"}]},{"@type":"WebSite","@id":"https:\/\/www.public.sn\/#website","url":"https:\/\/www.public.sn\/","name":"LE PUBLIC","description":"","publisher":{"@id":"https:\/\/www.public.sn\/#organization"},"potentialAction":[{"@type":"SearchAction","target":{"@type":"EntryPoint","urlTemplate":"https:\/\/www.public.sn\/?s={search_term_string}"},"query-input":{"@type":"PropertyValueSpecification","valueRequired":true,"valueName":"search_term_string"}}],"inLanguage":"fr-FR"},{"@type":"Organization","@id":"https:\/\/www.public.sn\/#organization","name":"LE PUBLIC","url":"https:\/\/www.public.sn\/","logo":{"@type":"ImageObject","inLanguage":"fr-FR","@id":"https:\/\/www.public.sn\/#\/schema\/logo\/image\/","url":"https:\/\/www.public.sn\/wp-content\/uploads\/2024\/05\/cropped-LOGO-PUBLIC.SN_.png","contentUrl":"https:\/\/www.public.sn\/wp-content\/uploads\/2024\/05\/cropped-LOGO-PUBLIC.SN_.png","width":682,"height":192,"caption":"LE PUBLIC"},"image":{"@id":"https:\/\/www.public.sn\/#\/schema\/logo\/image\/"}},{"@type":"Person","@id":"https:\/\/www.public.sn\/#\/schema\/person\/e3f4a11b037d4203902db148f9bc8d5a","name":"LA REDACTION","image":{"@type":"ImageObject","inLanguage":"fr-FR","@id":"https:\/\/www.public.sn\/#\/schema\/person\/image\/","url":"https:\/\/secure.gravatar.com\/avatar\/d6c030db45db2883c075085c5d6c6258654a801a93766b49af0b82d4f454e2a5?s=96&d=mm&r=g","contentUrl":"https:\/\/secure.gravatar.com\/avatar\/d6c030db45db2883c075085c5d6c6258654a801a93766b49af0b82d4f454e2a5?s=96&d=mm&r=g","caption":"LA REDACTION"},"sameAs":["http:\/\/www.public.sn"],"url":"https:\/\/www.public.sn\/index.php\/author\/admin7324\/"}]}},"jetpack_featured_media_url":"https:\/\/www.public.sn\/wp-content\/uploads\/2023\/05\/antoine-felix-diome-6.jpeg","jetpack_sharing_enabled":true,"_links":{"self":[{"href":"https:\/\/www.public.sn\/index.php\/wp-json\/wp\/v2\/posts\/22768","targetHints":{"allow":["GET"]}}],"collection":[{"href":"https:\/\/www.public.sn\/index.php\/wp-json\/wp\/v2\/posts"}],"about":[{"href":"https:\/\/www.public.sn\/index.php\/wp-json\/wp\/v2\/types\/post"}],"author":[{"embeddable":true,"href":"https:\/\/www.public.sn\/index.php\/wp-json\/wp\/v2\/users\/1"}],"replies":[{"embeddable":true,"href":"https:\/\/www.public.sn\/index.php\/wp-json\/wp\/v2\/comments?post=22768"}],"version-history":[{"count":1,"href":"https:\/\/www.public.sn\/index.php\/wp-json\/wp\/v2\/posts\/22768\/revisions"}],"predecessor-version":[{"id":22769,"href":"https:\/\/www.public.sn\/index.php\/wp-json\/wp\/v2\/posts\/22768\/revisions\/22769"}],"wp:featuredmedia":[{"embeddable":true,"href":"https:\/\/www.public.sn\/index.php\/wp-json\/wp\/v2\/media\/22752"}],"wp:attachment":[{"href":"https:\/\/www.public.sn\/index.php\/wp-json\/wp\/v2\/media?parent=22768"}],"wp:term":[{"taxonomy":"category","embeddable":true,"href":"https:\/\/www.public.sn\/index.php\/wp-json\/wp\/v2\/categories?post=22768"},{"taxonomy":"post_tag","embeddable":true,"href":"https:\/\/www.public.sn\/index.php\/wp-json\/wp\/v2\/tags?post=22768"}],"curies":[{"name":"wp","href":"https:\/\/api.w.org\/{rel}","templated":true}]}}