{"id":22835,"date":"2023-05-31T13:53:37","date_gmt":"2023-05-31T13:53:37","guid":{"rendered":"https:\/\/www.public.sn\/?p=22835"},"modified":"2023-05-31T13:53:37","modified_gmt":"2023-05-31T13:53:37","slug":"il-est-temps-darreter-les-persecutions-contre-le-leader-de-pastef-par-me-cledor-ly","status":"publish","type":"post","link":"https:\/\/www.public.sn\/index.php\/2023\/05\/31\/il-est-temps-darreter-les-persecutions-contre-le-leader-de-pastef-par-me-cledor-ly\/","title":{"rendered":"\u00ab\u00a0Il est temps d&rsquo;arr\u00eater les pers\u00e9cutions\u00a0\u00bb contre le leader de Pastef.\u00a0\u00bb (Par Me Cl\u00e9dor Ly)"},"content":{"rendered":"<div class=\"chapeau\">\n<h3 class=\"access\">Membre du Collectif de la d\u00e9fense de Ousmane Sonko, Me Cir\u00e9 Cl\u00e9dor Ly, est mont\u00e9 au cr\u00e9neau pour d\u00e9noncer les violations des droits de son client, Ousmane Sonko. Dans ce sens, il a \u00e9crit une note rendue publique ce mercredi. L&rsquo;avocat qui prend en t\u00e9moin la communaut\u00e9 nationale et internationale, estime qu&rsquo;:\u00a0\u00bbil est temps d&rsquo;arr\u00eater les pers\u00e9cutions\u00a0\u00bb contre le leader de Pastef.<\/h3>\n<h3 class=\"access\"><strong>In extenso\u00a0 la note de Me Cl\u00e9dor Ly<\/strong><\/h3>\n<\/div>\n<p>La communaut\u00e9 nationale et internationale est t\u00e9moin de l&rsquo;escalade de la violence d&rsquo;Etat et de la d\u00e9termination du pouvoir \u00e0 saborder irr\u00e9versiblement la D\u00e9mocratie et l&rsquo;\u00e9tat de Droit au S\u00e9n\u00e9gal.<\/p><div class=\"publi-paragraphe1\" style=\"margin-top: 10px;margin-bottom: 10px;margin-left: auto;margin-right: auto;text-align: center;\" id=\"publi-3435034161\"><div class=\"publi-adlabel\">Publicit\u00e9<\/div><script async src=\"\/\/pagead2.googlesyndication.com\/pagead\/js\/adsbygoogle.js?client=ca-pub-4089586018074219\" crossorigin=\"anonymous\"><\/script><ins class=\"adsbygoogle\" style=\"display:block;\" data-ad-client=\"ca-pub-4089586018074219\" \ndata-ad-slot=\"2087940154\" \ndata-ad-format=\"auto\"><\/ins>\n<script> \n(adsbygoogle = window.adsbygoogle || []).push({}); \n<\/script>\n<\/div>\n<p>Aucune couche de la population, aucune cat\u00e9gorie professionnelle, aucune tranche d&rsquo;\u00e2ge n&rsquo;est \u00e9pargn\u00e9e par la folie meurtri\u00e8re d&rsquo;une caste politique en agonie.<\/p>\n<p>Le plan m\u00e9thodique de sabordage des institutions a commenc\u00e9 avec la volont\u00e9 et la d\u00e9cision de conserver le pouvoir par la manipulation des lois d\u00e9mocratiques, l&rsquo;instrumentalisation de la justice, les embrigadements et violences polici\u00e8res, l&rsquo;enl\u00e8vement, la s\u00e9questration et l&rsquo;atteinte du principal opposant au pouvoir agonisant, en l&rsquo;occurrence Ousmane Sonko qui est le porte \u00e9tendard de la lutte d\u00e9mocratique nationale et populaire, et qui cristallise toutes les aspirations actuelles du Peuple S\u00e9n\u00e9galais .<\/p>\n<p>Toutes les institutions sont mises \u00e0 contribution dans le complot d&rsquo;Etat ourdi contre le leader de l&rsquo;opposition d\u00e9mocratique Ousmane Sonko et la justice est utilis\u00e9e comme bras ex\u00e9cutant, \u00e0 tous les degr\u00e9s, de la police judiciaire \u00e0 la Cour Supr\u00eame, le Conseil Constitutionnel appendice du pouvoir ex\u00e9cutif restant \u00e0 l&rsquo;aff\u00fbt pour le parjure de la derni\u00e8re heure.<\/p>\n<p>Les forces de d\u00e9fense et de s\u00e9curit\u00e9 sont d\u00e9tourn\u00e9es de leur mission r\u00e9publicaine, qui est d&rsquo;assurer la protection et la s\u00e9curit\u00e9 des personnes et des biens. Elle est mise au devant pour porter atteinte aux libert\u00e9s dans la parfaite connaissance du crime qu&rsquo;on leur fait commettre et qui est puni de la d\u00e9gradation civique par l&rsquo;article 6 du Code P\u00e9nal sans pr\u00e9judice de la peine de r\u00e9clusion criminelle encourue pour enl\u00e8vement \u00e0 V\u00e9lingara, d\u00e9tention dans un v\u00e9hicule et s\u00e9questration dans une habitation f\u00fbt-elle le domicile de la victime Ousmane Sonko.<\/p>\n<p>Sont responsables de ces crimes tous les ex\u00e9cutants directs, leur sup\u00e9rieurs hi\u00e9rarchiques et les commanditaires politiques dont certains sont passibles de poursuites pour HAUTE TRAHISION.<\/p>\n<p>Le destin d&rsquo;une Nation peut \u00eatre influenc\u00e9 par un verdict, mais l&rsquo;histoire d&rsquo;un peuple ne sera \u00e9crite que par les hommes et les femmes qui se dressent contre l\u2019injustice et l&rsquo;oppression.<\/p>\n<p>La mission d&rsquo;un Juge est de r\u00e9tablir l&rsquo;\u00e9quilibre social lorsque la politique a une d\u00e9marche qui installe le chaos et non de d\u00e9clencher l&rsquo;incendie et la mort.<\/p>\n<p>Il est temps d&rsquo;arr\u00eater les pers\u00e9cutions et les violences exerc\u00e9es contre le citoyen Ousmane Sonko, de lever les barri\u00e8res autour de sa demeure, de lib\u00e9rer tous les d\u00e9tenus politiques, de s&rsquo;abstenir de toute d\u00e9cision allant dans le sens de priver Ousmane Sonko de son droit politique de comp\u00e9tir pour acc\u00e9der aux plus hautes fonctions \u00e9lectives du pays, de perquisitionner ill\u00e9galement ses t\u00e9l\u00e9phones et de diffuser ses donn\u00e9es personnelles violant \u00e9galement son intimit\u00e9 et portant atteinte \u00e0 sa vie priv\u00e9e.<\/p>\n<p>Aucune force f\u00fbt-elle la loi, ne peut venir \u00e0 bout d&rsquo;une d\u00e9ferlante populaire qui finit toujours par l&#8217;emporter.<\/p>\n<p><strong>Cir\u00e9 Cl\u00e9dor Ly<br \/>\nMembre du Collectif de la d\u00e9fense de Ousmane Sonko<\/strong><\/p>\n<div class=\"publi-apres-le-contenu\" style=\"margin-top: 10px;margin-bottom: 10px;margin-left: auto;margin-right: auto;text-align: center;\" id=\"publi-935402381\"><div class=\"publi-adlabel\">Publicit\u00e9<\/div><script async src=\"\/\/pagead2.googlesyndication.com\/pagead\/js\/adsbygoogle.js?client=ca-pub-4089586018074219\" crossorigin=\"anonymous\"><\/script><ins class=\"adsbygoogle\" style=\"display:block;\" data-ad-client=\"ca-pub-4089586018074219\" \ndata-ad-slot=\"2087940154\" \ndata-ad-format=\"auto\"><\/ins>\n<script> \n(adsbygoogle = window.adsbygoogle || []).push({}); \n<\/script>\n<\/div>","protected":false},"excerpt":{"rendered":"<p>Membre du Collectif de la d\u00e9fense de Ousmane Sonko, Me Cir\u00e9 Cl\u00e9dor Ly, est mont\u00e9 au cr\u00e9neau pour d\u00e9noncer les violations des droits de son client, Ousmane Sonko. Dans ce sens, il a \u00e9crit une note rendue publique ce mercredi. L&rsquo;avocat qui prend en t\u00e9moin la communaut\u00e9 nationale et internationale, estime qu&rsquo;:\u00a0\u00bbil est temps d&rsquo;arr\u00eater les pers\u00e9cutions\u00a0\u00bb contre le leader de Pastef. In extenso\u00a0 la note de Me Cl\u00e9dor Ly La communaut\u00e9 nationale et internationale est t\u00e9moin de l&rsquo;escalade de la violence d&rsquo;Etat et de la d\u00e9termination du pouvoir \u00e0 saborder irr\u00e9versiblement la D\u00e9mocratie et l&rsquo;\u00e9tat de Droit au S\u00e9n\u00e9gal. Aucune couche de la population, aucune cat\u00e9gorie professionnelle, aucune tranche d&rsquo;\u00e2ge n&rsquo;est \u00e9pargn\u00e9e par la folie meurtri\u00e8re d&rsquo;une caste politique en agonie. Le plan m\u00e9thodique de sabordage des institutions a commenc\u00e9 avec la volont\u00e9 et la d\u00e9cision de conserver le pouvoir par la manipulation des lois d\u00e9mocratiques, l&rsquo;instrumentalisation de la justice, les embrigadements et violences polici\u00e8res, l&rsquo;enl\u00e8vement, la s\u00e9questration et l&rsquo;atteinte du principal opposant au pouvoir agonisant, en l&rsquo;occurrence Ousmane Sonko qui est le porte \u00e9tendard de la lutte d\u00e9mocratique nationale et populaire, et qui cristallise toutes les aspirations actuelles du Peuple S\u00e9n\u00e9galais . Toutes les institutions sont mises \u00e0 contribution dans le complot d&rsquo;Etat ourdi contre le leader de l&rsquo;opposition d\u00e9mocratique Ousmane Sonko et la justice est utilis\u00e9e comme bras ex\u00e9cutant, \u00e0 tous les degr\u00e9s, de la police judiciaire \u00e0 la Cour Supr\u00eame, le Conseil Constitutionnel appendice du pouvoir ex\u00e9cutif restant \u00e0 l&rsquo;aff\u00fbt pour le parjure de la derni\u00e8re heure. Les forces de d\u00e9fense et de s\u00e9curit\u00e9 sont d\u00e9tourn\u00e9es de leur mission r\u00e9publicaine, qui est d&rsquo;assurer la protection et la s\u00e9curit\u00e9 des personnes et des biens. Elle est mise au devant pour porter atteinte aux libert\u00e9s dans la parfaite connaissance du crime qu&rsquo;on leur fait commettre et qui est puni de la d\u00e9gradation civique par l&rsquo;article 6 du Code P\u00e9nal sans pr\u00e9judice de la peine de r\u00e9clusion criminelle encourue pour enl\u00e8vement \u00e0 V\u00e9lingara, d\u00e9tention dans un v\u00e9hicule et s\u00e9questration dans une habitation f\u00fbt-elle le domicile de la victime Ousmane Sonko. Sont responsables de ces crimes tous les ex\u00e9cutants directs, leur sup\u00e9rieurs hi\u00e9rarchiques et les commanditaires politiques dont certains sont passibles de poursuites pour HAUTE TRAHISION. Le destin d&rsquo;une Nation peut \u00eatre influenc\u00e9 par un verdict, mais l&rsquo;histoire d&rsquo;un peuple ne sera \u00e9crite que par les hommes et les femmes qui se dressent contre l\u2019injustice et l&rsquo;oppression. La mission d&rsquo;un Juge est de r\u00e9tablir l&rsquo;\u00e9quilibre social lorsque la politique a une d\u00e9marche qui installe le chaos et non de d\u00e9clencher l&rsquo;incendie et la mort. Il est temps d&rsquo;arr\u00eater les pers\u00e9cutions et les violences exerc\u00e9es contre le citoyen Ousmane Sonko, de lever les barri\u00e8res autour de sa demeure, de lib\u00e9rer tous les d\u00e9tenus politiques, de s&rsquo;abstenir de toute d\u00e9cision allant dans le sens de priver Ousmane Sonko de son droit politique de comp\u00e9tir pour acc\u00e9der aux plus hautes fonctions \u00e9lectives du pays, de perquisitionner ill\u00e9galement ses t\u00e9l\u00e9phones et de diffuser ses donn\u00e9es personnelles violant \u00e9galement son intimit\u00e9 et portant atteinte \u00e0 sa vie priv\u00e9e. Aucune force f\u00fbt-elle la loi, ne peut venir \u00e0 bout d&rsquo;une d\u00e9ferlante populaire qui finit toujours par l&#8217;emporter. Cir\u00e9 Cl\u00e9dor Ly Membre du Collectif de la d\u00e9fense de Ousmane Sonko<\/p>\n","protected":false},"author":1,"featured_media":18232,"comment_status":"open","ping_status":"open","sticky":false,"template":"","format":"standard","meta":{"_jetpack_memberships_contains_paid_content":false,"footnotes":""},"categories":[375,1575,3,376,1],"tags":[2022,5191,16],"class_list":["post-22835","post","type-post","status-publish","format-standard","has-post-thumbnail","hentry","category-actualites","category-contributions","category-politique","category-securite-justice","category-non-classe","tag-avocat","tag-me-cledor-ly","tag-ousmane-sonko","entry","has-media","owp-thumbs-layout-horizontal","owp-btn-normal","owp-tabs-layout-horizontal","has-no-thumbnails","has-product-nav"],"yoast_head":"<!-- This site is optimized with the Yoast SEO plugin v25.5 - https:\/\/yoast.com\/wordpress\/plugins\/seo\/ -->\n<title>&quot;Il est temps d&#039;arr\u00eater les pers\u00e9cutions&quot; contre le leader de Pastef.&quot; (Par Me Cl\u00e9dor Ly) - LE PUBLIC<\/title>\n<meta name=\"description\" content=\"Membre du Collectif de la d\u00e9fense de Ousmane Sonko, Me Cir\u00e9 Cl\u00e9dor Ly, est mont\u00e9 au cr\u00e9neau pour d\u00e9noncer les violations des droits de son client, Ousmane Sonko. Dans ce sens, il a \u00e9crit une note rendue publique ce mercredi. L&#039;avocat qui prend en t\u00e9moin la communaut\u00e9 nationale et internationale, estime qu&#039;:&quot;il est temps d&#039;arr\u00eater les pers\u00e9cutions&quot; contre le leader de Pastef.\" \/>\n<meta name=\"robots\" content=\"index, follow, max-snippet:-1, max-image-preview:large, max-video-preview:-1\" \/>\n<link rel=\"canonical\" href=\"https:\/\/www.public.sn\/index.php\/2023\/05\/31\/il-est-temps-darreter-les-persecutions-contre-le-leader-de-pastef-par-me-cledor-ly\/\" \/>\n<meta property=\"og:locale\" content=\"fr_FR\" \/>\n<meta property=\"og:type\" content=\"article\" \/>\n<meta property=\"og:title\" content=\"&quot;Il est temps d&#039;arr\u00eater les pers\u00e9cutions&quot; contre le leader de Pastef.&quot; (Par Me Cl\u00e9dor Ly) - LE PUBLIC\" \/>\n<meta property=\"og:description\" content=\"Membre du Collectif de la d\u00e9fense de Ousmane Sonko, Me Cir\u00e9 Cl\u00e9dor Ly, est mont\u00e9 au cr\u00e9neau pour d\u00e9noncer les violations des droits de son client, Ousmane Sonko. Dans ce sens, il a \u00e9crit une note rendue publique ce mercredi. L&#039;avocat qui prend en t\u00e9moin la communaut\u00e9 nationale et internationale, estime qu&#039;:&quot;il est temps d&#039;arr\u00eater les pers\u00e9cutions&quot; contre le leader de Pastef.\" \/>\n<meta property=\"og:url\" content=\"https:\/\/www.public.sn\/index.php\/2023\/05\/31\/il-est-temps-darreter-les-persecutions-contre-le-leader-de-pastef-par-me-cledor-ly\/\" \/>\n<meta property=\"og:site_name\" content=\"LE PUBLIC\" \/>\n<meta property=\"article:published_time\" content=\"2023-05-31T13:53:37+00:00\" \/>\n<meta property=\"og:image\" content=\"https:\/\/www.public.sn\/wp-content\/uploads\/2023\/03\/cledor-Ly.webp\" \/>\n\t<meta property=\"og:image:width\" content=\"700\" \/>\n\t<meta property=\"og:image:height\" content=\"500\" \/>\n\t<meta property=\"og:image:type\" content=\"image\/webp\" \/>\n<meta name=\"author\" content=\"LA REDACTION\" \/>\n<meta name=\"twitter:card\" content=\"summary_large_image\" \/>\n<meta name=\"twitter:label1\" content=\"\u00c9crit par\" \/>\n\t<meta name=\"twitter:data1\" content=\"LA REDACTION\" \/>\n\t<meta name=\"twitter:label2\" content=\"Dur\u00e9e de lecture estim\u00e9e\" \/>\n\t<meta name=\"twitter:data2\" content=\"3 minutes\" \/>\n<script type=\"application\/ld+json\" class=\"yoast-schema-graph\">{\"@context\":\"https:\/\/schema.org\",\"@graph\":[{\"@type\":\"Article\",\"@id\":\"https:\/\/www.public.sn\/index.php\/2023\/05\/31\/il-est-temps-darreter-les-persecutions-contre-le-leader-de-pastef-par-me-cledor-ly\/#article\",\"isPartOf\":{\"@id\":\"https:\/\/www.public.sn\/index.php\/2023\/05\/31\/il-est-temps-darreter-les-persecutions-contre-le-leader-de-pastef-par-me-cledor-ly\/\"},\"author\":{\"name\":\"LA REDACTION\",\"@id\":\"https:\/\/www.public.sn\/#\/schema\/person\/e3f4a11b037d4203902db148f9bc8d5a\"},\"headline\":\"\u00ab\u00a0Il est temps d&rsquo;arr\u00eater les pers\u00e9cutions\u00a0\u00bb contre le leader de Pastef.\u00a0\u00bb (Par Me Cl\u00e9dor Ly)\",\"datePublished\":\"2023-05-31T13:53:37+00:00\",\"mainEntityOfPage\":{\"@id\":\"https:\/\/www.public.sn\/index.php\/2023\/05\/31\/il-est-temps-darreter-les-persecutions-contre-le-leader-de-pastef-par-me-cledor-ly\/\"},\"wordCount\":621,\"commentCount\":0,\"publisher\":{\"@id\":\"https:\/\/www.public.sn\/#organization\"},\"image\":{\"@id\":\"https:\/\/www.public.sn\/index.php\/2023\/05\/31\/il-est-temps-darreter-les-persecutions-contre-le-leader-de-pastef-par-me-cledor-ly\/#primaryimage\"},\"thumbnailUrl\":\"https:\/\/www.public.sn\/wp-content\/uploads\/2023\/03\/cledor-Ly.webp\",\"keywords\":[\"avocat\",\"Me Cl\u00e9dor Ly\",\"Ousmane Sonko\"],\"articleSection\":[\"ACTUALIT\u00c9S\",\"CONTRIBUTIONS\",\"POLITIQUE\",\"S\u00c9CURIT\u00c9 &amp; JUSTICE\",\"S\u00c9N\u00c9GAL\"],\"inLanguage\":\"fr-FR\",\"potentialAction\":[{\"@type\":\"CommentAction\",\"name\":\"Comment\",\"target\":[\"https:\/\/www.public.sn\/index.php\/2023\/05\/31\/il-est-temps-darreter-les-persecutions-contre-le-leader-de-pastef-par-me-cledor-ly\/#respond\"]}]},{\"@type\":\"WebPage\",\"@id\":\"https:\/\/www.public.sn\/index.php\/2023\/05\/31\/il-est-temps-darreter-les-persecutions-contre-le-leader-de-pastef-par-me-cledor-ly\/\",\"url\":\"https:\/\/www.public.sn\/index.php\/2023\/05\/31\/il-est-temps-darreter-les-persecutions-contre-le-leader-de-pastef-par-me-cledor-ly\/\",\"name\":\"\\\"Il est temps d'arr\u00eater les pers\u00e9cutions\\\" contre le leader de Pastef.\\\" (Par Me Cl\u00e9dor Ly) - LE PUBLIC\",\"isPartOf\":{\"@id\":\"https:\/\/www.public.sn\/#website\"},\"primaryImageOfPage\":{\"@id\":\"https:\/\/www.public.sn\/index.php\/2023\/05\/31\/il-est-temps-darreter-les-persecutions-contre-le-leader-de-pastef-par-me-cledor-ly\/#primaryimage\"},\"image\":{\"@id\":\"https:\/\/www.public.sn\/index.php\/2023\/05\/31\/il-est-temps-darreter-les-persecutions-contre-le-leader-de-pastef-par-me-cledor-ly\/#primaryimage\"},\"thumbnailUrl\":\"https:\/\/www.public.sn\/wp-content\/uploads\/2023\/03\/cledor-Ly.webp\",\"datePublished\":\"2023-05-31T13:53:37+00:00\",\"description\":\"Membre du Collectif de la d\u00e9fense de Ousmane Sonko, Me Cir\u00e9 Cl\u00e9dor Ly, est mont\u00e9 au cr\u00e9neau pour d\u00e9noncer les violations des droits de son client, Ousmane Sonko. Dans ce sens, il a \u00e9crit une note rendue publique ce mercredi. L'avocat qui prend en t\u00e9moin la communaut\u00e9 nationale et internationale, estime qu':\\\"il est temps d'arr\u00eater les pers\u00e9cutions\\\" contre le leader de Pastef.\",\"breadcrumb\":{\"@id\":\"https:\/\/www.public.sn\/index.php\/2023\/05\/31\/il-est-temps-darreter-les-persecutions-contre-le-leader-de-pastef-par-me-cledor-ly\/#breadcrumb\"},\"inLanguage\":\"fr-FR\",\"potentialAction\":[{\"@type\":\"ReadAction\",\"target\":[\"https:\/\/www.public.sn\/index.php\/2023\/05\/31\/il-est-temps-darreter-les-persecutions-contre-le-leader-de-pastef-par-me-cledor-ly\/\"]}]},{\"@type\":\"ImageObject\",\"inLanguage\":\"fr-FR\",\"@id\":\"https:\/\/www.public.sn\/index.php\/2023\/05\/31\/il-est-temps-darreter-les-persecutions-contre-le-leader-de-pastef-par-me-cledor-ly\/#primaryimage\",\"url\":\"https:\/\/www.public.sn\/wp-content\/uploads\/2023\/03\/cledor-Ly.webp\",\"contentUrl\":\"https:\/\/www.public.sn\/wp-content\/uploads\/2023\/03\/cledor-Ly.webp\",\"width\":700,\"height\":500},{\"@type\":\"BreadcrumbList\",\"@id\":\"https:\/\/www.public.sn\/index.php\/2023\/05\/31\/il-est-temps-darreter-les-persecutions-contre-le-leader-de-pastef-par-me-cledor-ly\/#breadcrumb\",\"itemListElement\":[{\"@type\":\"ListItem\",\"position\":1,\"name\":\"Accueil\",\"item\":\"https:\/\/www.public.sn\/\"},{\"@type\":\"ListItem\",\"position\":2,\"name\":\"\u00ab\u00a0Il est temps d&rsquo;arr\u00eater les pers\u00e9cutions\u00a0\u00bb contre le leader de Pastef.\u00a0\u00bb (Par Me Cl\u00e9dor Ly)\"}]},{\"@type\":\"WebSite\",\"@id\":\"https:\/\/www.public.sn\/#website\",\"url\":\"https:\/\/www.public.sn\/\",\"name\":\"LE PUBLIC\",\"description\":\"\",\"publisher\":{\"@id\":\"https:\/\/www.public.sn\/#organization\"},\"potentialAction\":[{\"@type\":\"SearchAction\",\"target\":{\"@type\":\"EntryPoint\",\"urlTemplate\":\"https:\/\/www.public.sn\/?s={search_term_string}\"},\"query-input\":{\"@type\":\"PropertyValueSpecification\",\"valueRequired\":true,\"valueName\":\"search_term_string\"}}],\"inLanguage\":\"fr-FR\"},{\"@type\":\"Organization\",\"@id\":\"https:\/\/www.public.sn\/#organization\",\"name\":\"LE PUBLIC\",\"url\":\"https:\/\/www.public.sn\/\",\"logo\":{\"@type\":\"ImageObject\",\"inLanguage\":\"fr-FR\",\"@id\":\"https:\/\/www.public.sn\/#\/schema\/logo\/image\/\",\"url\":\"https:\/\/www.public.sn\/wp-content\/uploads\/2024\/05\/cropped-LOGO-PUBLIC.SN_.png\",\"contentUrl\":\"https:\/\/www.public.sn\/wp-content\/uploads\/2024\/05\/cropped-LOGO-PUBLIC.SN_.png\",\"width\":682,\"height\":192,\"caption\":\"LE PUBLIC\"},\"image\":{\"@id\":\"https:\/\/www.public.sn\/#\/schema\/logo\/image\/\"}},{\"@type\":\"Person\",\"@id\":\"https:\/\/www.public.sn\/#\/schema\/person\/e3f4a11b037d4203902db148f9bc8d5a\",\"name\":\"LA REDACTION\",\"image\":{\"@type\":\"ImageObject\",\"inLanguage\":\"fr-FR\",\"@id\":\"https:\/\/www.public.sn\/#\/schema\/person\/image\/\",\"url\":\"https:\/\/secure.gravatar.com\/avatar\/d6c030db45db2883c075085c5d6c6258654a801a93766b49af0b82d4f454e2a5?s=96&d=mm&r=g\",\"contentUrl\":\"https:\/\/secure.gravatar.com\/avatar\/d6c030db45db2883c075085c5d6c6258654a801a93766b49af0b82d4f454e2a5?s=96&d=mm&r=g\",\"caption\":\"LA REDACTION\"},\"sameAs\":[\"http:\/\/www.public.sn\"],\"url\":\"https:\/\/www.public.sn\/index.php\/author\/admin7324\/\"}]}<\/script>\n<!-- \/ Yoast SEO plugin. -->","yoast_head_json":{"title":"\"Il est temps d'arr\u00eater les pers\u00e9cutions\" contre le leader de Pastef.\" (Par Me Cl\u00e9dor Ly) - LE PUBLIC","description":"Membre du Collectif de la d\u00e9fense de Ousmane Sonko, Me Cir\u00e9 Cl\u00e9dor Ly, est mont\u00e9 au cr\u00e9neau pour d\u00e9noncer les violations des droits de son client, Ousmane Sonko. Dans ce sens, il a \u00e9crit une note rendue publique ce mercredi. L'avocat qui prend en t\u00e9moin la communaut\u00e9 nationale et internationale, estime qu':\"il est temps d'arr\u00eater les pers\u00e9cutions\" contre le leader de Pastef.","robots":{"index":"index","follow":"follow","max-snippet":"max-snippet:-1","max-image-preview":"max-image-preview:large","max-video-preview":"max-video-preview:-1"},"canonical":"https:\/\/www.public.sn\/index.php\/2023\/05\/31\/il-est-temps-darreter-les-persecutions-contre-le-leader-de-pastef-par-me-cledor-ly\/","og_locale":"fr_FR","og_type":"article","og_title":"\"Il est temps d'arr\u00eater les pers\u00e9cutions\" contre le leader de Pastef.\" (Par Me Cl\u00e9dor Ly) - LE PUBLIC","og_description":"Membre du Collectif de la d\u00e9fense de Ousmane Sonko, Me Cir\u00e9 Cl\u00e9dor Ly, est mont\u00e9 au cr\u00e9neau pour d\u00e9noncer les violations des droits de son client, Ousmane Sonko. Dans ce sens, il a \u00e9crit une note rendue publique ce mercredi. L'avocat qui prend en t\u00e9moin la communaut\u00e9 nationale et internationale, estime qu':\"il est temps d'arr\u00eater les pers\u00e9cutions\" contre le leader de Pastef.","og_url":"https:\/\/www.public.sn\/index.php\/2023\/05\/31\/il-est-temps-darreter-les-persecutions-contre-le-leader-de-pastef-par-me-cledor-ly\/","og_site_name":"LE PUBLIC","article_published_time":"2023-05-31T13:53:37+00:00","og_image":[{"width":700,"height":500,"url":"https:\/\/www.public.sn\/wp-content\/uploads\/2023\/03\/cledor-Ly.webp","type":"image\/webp"}],"author":"LA REDACTION","twitter_card":"summary_large_image","twitter_misc":{"\u00c9crit par":"LA REDACTION","Dur\u00e9e de lecture estim\u00e9e":"3 minutes"},"schema":{"@context":"https:\/\/schema.org","@graph":[{"@type":"Article","@id":"https:\/\/www.public.sn\/index.php\/2023\/05\/31\/il-est-temps-darreter-les-persecutions-contre-le-leader-de-pastef-par-me-cledor-ly\/#article","isPartOf":{"@id":"https:\/\/www.public.sn\/index.php\/2023\/05\/31\/il-est-temps-darreter-les-persecutions-contre-le-leader-de-pastef-par-me-cledor-ly\/"},"author":{"name":"LA REDACTION","@id":"https:\/\/www.public.sn\/#\/schema\/person\/e3f4a11b037d4203902db148f9bc8d5a"},"headline":"\u00ab\u00a0Il est temps d&rsquo;arr\u00eater les pers\u00e9cutions\u00a0\u00bb contre le leader de Pastef.\u00a0\u00bb (Par Me Cl\u00e9dor Ly)","datePublished":"2023-05-31T13:53:37+00:00","mainEntityOfPage":{"@id":"https:\/\/www.public.sn\/index.php\/2023\/05\/31\/il-est-temps-darreter-les-persecutions-contre-le-leader-de-pastef-par-me-cledor-ly\/"},"wordCount":621,"commentCount":0,"publisher":{"@id":"https:\/\/www.public.sn\/#organization"},"image":{"@id":"https:\/\/www.public.sn\/index.php\/2023\/05\/31\/il-est-temps-darreter-les-persecutions-contre-le-leader-de-pastef-par-me-cledor-ly\/#primaryimage"},"thumbnailUrl":"https:\/\/www.public.sn\/wp-content\/uploads\/2023\/03\/cledor-Ly.webp","keywords":["avocat","Me Cl\u00e9dor Ly","Ousmane Sonko"],"articleSection":["ACTUALIT\u00c9S","CONTRIBUTIONS","POLITIQUE","S\u00c9CURIT\u00c9 &amp; JUSTICE","S\u00c9N\u00c9GAL"],"inLanguage":"fr-FR","potentialAction":[{"@type":"CommentAction","name":"Comment","target":["https:\/\/www.public.sn\/index.php\/2023\/05\/31\/il-est-temps-darreter-les-persecutions-contre-le-leader-de-pastef-par-me-cledor-ly\/#respond"]}]},{"@type":"WebPage","@id":"https:\/\/www.public.sn\/index.php\/2023\/05\/31\/il-est-temps-darreter-les-persecutions-contre-le-leader-de-pastef-par-me-cledor-ly\/","url":"https:\/\/www.public.sn\/index.php\/2023\/05\/31\/il-est-temps-darreter-les-persecutions-contre-le-leader-de-pastef-par-me-cledor-ly\/","name":"\"Il est temps d'arr\u00eater les pers\u00e9cutions\" contre le leader de Pastef.\" (Par Me Cl\u00e9dor Ly) - LE PUBLIC","isPartOf":{"@id":"https:\/\/www.public.sn\/#website"},"primaryImageOfPage":{"@id":"https:\/\/www.public.sn\/index.php\/2023\/05\/31\/il-est-temps-darreter-les-persecutions-contre-le-leader-de-pastef-par-me-cledor-ly\/#primaryimage"},"image":{"@id":"https:\/\/www.public.sn\/index.php\/2023\/05\/31\/il-est-temps-darreter-les-persecutions-contre-le-leader-de-pastef-par-me-cledor-ly\/#primaryimage"},"thumbnailUrl":"https:\/\/www.public.sn\/wp-content\/uploads\/2023\/03\/cledor-Ly.webp","datePublished":"2023-05-31T13:53:37+00:00","description":"Membre du Collectif de la d\u00e9fense de Ousmane Sonko, Me Cir\u00e9 Cl\u00e9dor Ly, est mont\u00e9 au cr\u00e9neau pour d\u00e9noncer les violations des droits de son client, Ousmane Sonko. Dans ce sens, il a \u00e9crit une note rendue publique ce mercredi. L'avocat qui prend en t\u00e9moin la communaut\u00e9 nationale et internationale, estime qu':\"il est temps d'arr\u00eater les pers\u00e9cutions\" contre le leader de Pastef.","breadcrumb":{"@id":"https:\/\/www.public.sn\/index.php\/2023\/05\/31\/il-est-temps-darreter-les-persecutions-contre-le-leader-de-pastef-par-me-cledor-ly\/#breadcrumb"},"inLanguage":"fr-FR","potentialAction":[{"@type":"ReadAction","target":["https:\/\/www.public.sn\/index.php\/2023\/05\/31\/il-est-temps-darreter-les-persecutions-contre-le-leader-de-pastef-par-me-cledor-ly\/"]}]},{"@type":"ImageObject","inLanguage":"fr-FR","@id":"https:\/\/www.public.sn\/index.php\/2023\/05\/31\/il-est-temps-darreter-les-persecutions-contre-le-leader-de-pastef-par-me-cledor-ly\/#primaryimage","url":"https:\/\/www.public.sn\/wp-content\/uploads\/2023\/03\/cledor-Ly.webp","contentUrl":"https:\/\/www.public.sn\/wp-content\/uploads\/2023\/03\/cledor-Ly.webp","width":700,"height":500},{"@type":"BreadcrumbList","@id":"https:\/\/www.public.sn\/index.php\/2023\/05\/31\/il-est-temps-darreter-les-persecutions-contre-le-leader-de-pastef-par-me-cledor-ly\/#breadcrumb","itemListElement":[{"@type":"ListItem","position":1,"name":"Accueil","item":"https:\/\/www.public.sn\/"},{"@type":"ListItem","position":2,"name":"\u00ab\u00a0Il est temps d&rsquo;arr\u00eater les pers\u00e9cutions\u00a0\u00bb contre le leader de Pastef.\u00a0\u00bb (Par Me Cl\u00e9dor Ly)"}]},{"@type":"WebSite","@id":"https:\/\/www.public.sn\/#website","url":"https:\/\/www.public.sn\/","name":"LE PUBLIC","description":"","publisher":{"@id":"https:\/\/www.public.sn\/#organization"},"potentialAction":[{"@type":"SearchAction","target":{"@type":"EntryPoint","urlTemplate":"https:\/\/www.public.sn\/?s={search_term_string}"},"query-input":{"@type":"PropertyValueSpecification","valueRequired":true,"valueName":"search_term_string"}}],"inLanguage":"fr-FR"},{"@type":"Organization","@id":"https:\/\/www.public.sn\/#organization","name":"LE PUBLIC","url":"https:\/\/www.public.sn\/","logo":{"@type":"ImageObject","inLanguage":"fr-FR","@id":"https:\/\/www.public.sn\/#\/schema\/logo\/image\/","url":"https:\/\/www.public.sn\/wp-content\/uploads\/2024\/05\/cropped-LOGO-PUBLIC.SN_.png","contentUrl":"https:\/\/www.public.sn\/wp-content\/uploads\/2024\/05\/cropped-LOGO-PUBLIC.SN_.png","width":682,"height":192,"caption":"LE PUBLIC"},"image":{"@id":"https:\/\/www.public.sn\/#\/schema\/logo\/image\/"}},{"@type":"Person","@id":"https:\/\/www.public.sn\/#\/schema\/person\/e3f4a11b037d4203902db148f9bc8d5a","name":"LA REDACTION","image":{"@type":"ImageObject","inLanguage":"fr-FR","@id":"https:\/\/www.public.sn\/#\/schema\/person\/image\/","url":"https:\/\/secure.gravatar.com\/avatar\/d6c030db45db2883c075085c5d6c6258654a801a93766b49af0b82d4f454e2a5?s=96&d=mm&r=g","contentUrl":"https:\/\/secure.gravatar.com\/avatar\/d6c030db45db2883c075085c5d6c6258654a801a93766b49af0b82d4f454e2a5?s=96&d=mm&r=g","caption":"LA REDACTION"},"sameAs":["http:\/\/www.public.sn"],"url":"https:\/\/www.public.sn\/index.php\/author\/admin7324\/"}]}},"jetpack_featured_media_url":"https:\/\/www.public.sn\/wp-content\/uploads\/2023\/03\/cledor-Ly.webp","jetpack_sharing_enabled":true,"_links":{"self":[{"href":"https:\/\/www.public.sn\/index.php\/wp-json\/wp\/v2\/posts\/22835","targetHints":{"allow":["GET"]}}],"collection":[{"href":"https:\/\/www.public.sn\/index.php\/wp-json\/wp\/v2\/posts"}],"about":[{"href":"https:\/\/www.public.sn\/index.php\/wp-json\/wp\/v2\/types\/post"}],"author":[{"embeddable":true,"href":"https:\/\/www.public.sn\/index.php\/wp-json\/wp\/v2\/users\/1"}],"replies":[{"embeddable":true,"href":"https:\/\/www.public.sn\/index.php\/wp-json\/wp\/v2\/comments?post=22835"}],"version-history":[{"count":1,"href":"https:\/\/www.public.sn\/index.php\/wp-json\/wp\/v2\/posts\/22835\/revisions"}],"predecessor-version":[{"id":22836,"href":"https:\/\/www.public.sn\/index.php\/wp-json\/wp\/v2\/posts\/22835\/revisions\/22836"}],"wp:featuredmedia":[{"embeddable":true,"href":"https:\/\/www.public.sn\/index.php\/wp-json\/wp\/v2\/media\/18232"}],"wp:attachment":[{"href":"https:\/\/www.public.sn\/index.php\/wp-json\/wp\/v2\/media?parent=22835"}],"wp:term":[{"taxonomy":"category","embeddable":true,"href":"https:\/\/www.public.sn\/index.php\/wp-json\/wp\/v2\/categories?post=22835"},{"taxonomy":"post_tag","embeddable":true,"href":"https:\/\/www.public.sn\/index.php\/wp-json\/wp\/v2\/tags?post=22835"}],"curies":[{"name":"wp","href":"https:\/\/api.w.org\/{rel}","templated":true}]}}