{"id":22870,"date":"2023-05-31T18:08:35","date_gmt":"2023-05-31T18:08:35","guid":{"rendered":"https:\/\/www.public.sn\/?p=22870"},"modified":"2023-05-31T18:08:35","modified_gmt":"2023-05-31T18:08:35","slug":"dialogue-national-lisez-lintegralite-de-lallocution-de-idrissa-seck","status":"publish","type":"post","link":"https:\/\/www.public.sn\/index.php\/2023\/05\/31\/dialogue-national-lisez-lintegralite-de-lallocution-de-idrissa-seck\/","title":{"rendered":"Dialogue national : lisez l&rsquo;int\u00e9gralit\u00e9 de l&rsquo;allocution de Idrissa Seck"},"content":{"rendered":"<p>Excellence, Monsieur le Pr\u00e9sident de la R\u00e9publique,<br \/>\nChers leaders de partis et de mouvements politiques,<br \/>\nMesdames et Messieurs,<br \/>\nMes chers compatriotes,<\/p><div class=\"publi-paragraphe1\" style=\"margin-top: 10px;margin-bottom: 10px;margin-left: auto;margin-right: auto;text-align: center;\" id=\"publi-3225347727\"><div class=\"publi-adlabel\">Publicit\u00e9<\/div><script async src=\"\/\/pagead2.googlesyndication.com\/pagead\/js\/adsbygoogle.js?client=ca-pub-4089586018074219\" crossorigin=\"anonymous\"><\/script><ins class=\"adsbygoogle\" style=\"display:block;\" data-ad-client=\"ca-pub-4089586018074219\" \ndata-ad-slot=\"2087940154\" \ndata-ad-format=\"auto\"><\/ins>\n<script> \n(adsbygoogle = window.adsbygoogle || []).push({}); \n<\/script>\n<\/div>\n<p>Salam wa Rahmatullah wa Barakatu.<br \/>\nJe vous pr\u00e9sente mes respects ainsi que mes salutations les plus chaleureuses.<\/p>\n<p>Monsieur le Pr\u00e9sident de la R\u00e9publique,<\/p>\n<p>Je vous exprime mes sinc\u00e8res remerciements pour m\u2019avoir convi\u00e9 de nouveau au Dialogue national dans cet \u00c9tat du S\u00e9n\u00e9gal, R\u00e9publique que vous aurez eu l\u2019honneur et l\u2019immense privil\u00e8ge de diriger pour deux mandats cons\u00e9cutifs de 7 et 5 ans.<\/p>\n<p>Je relisais ce matin le livre-hommage \u00e0 l\u2019un des plus \u00e9minents serviteurs de cet \u00c9tat, un fr\u00e8re et un ami, cher \u00e0 nous tous, que j\u2019ai eu l\u2019honneur de c\u00f4toyer dans ces lieux, entre 2000 et 2004, et qui est, depuis, rest\u00e9 un ami inspirant, je veux parler de l\u2019Ambassadeur chef du Protocole, Bruno Diatta.<\/p>\n<p>Dans ce livre, je me suis arr\u00eat\u00e9 longuement, \u00e0 la page 111, sur le t\u00e9moignage de Th\u00e9odore cardinal Adrien Sarr, Archev\u00eaque \u00e9m\u00e9rite de Dakar. Il a r\u00e9sum\u00e9 tous les t\u00e9moignages en un seul verbe, Servir, et en un seul substantif, Service. Bruno Diatta a servi l\u2019Etat du S\u00e9n\u00e9gal \u00ab aupr\u00e8s de quatre (4) Pr\u00e9sidents du S\u00e9n\u00e9gal, un service unanimement reconnu comme \u00e9cho y, impeccable, g\u00e9n\u00e9reux, conscient et discret \u00e0 un degr\u00e9 difficile \u00e0 \u00e9galer \u00bb, selon l\u2019Archev\u00eaque \u00e9m\u00e9rite de Dakar.<\/p>\n<p>Notre devoir \u00e0 nous tous, \u00e0 vous Monsieur le Pr\u00e9sident de la R\u00e9publique en premier, est de rester fid\u00e8les et loyaux \u00e0 ces deux mots dans chacun de nos actes et dans chacune de nos paroles.: le verbe Servir et le substantif Service,<\/p>\n<p>Dans cet ouvrage d\u00e9di\u00e9 \u00e0 la m\u00e9moire de feu Bruno Diatta, le Cardinal Sarr s\u2019est interrog\u00e9 ainsi : \u00ab Et si nous avions fait et faisions tous comme lui, bien s\u00fbr\u2026., que serait et o\u00f9 en serait notre pays aujourd\u2019hui ? \u00bb<\/p>\n<p>Si chaque leader politique, chaque femme, chaque jeune, chaque ouvrier, chaque patron, faisait siens ces deux mots, Servir et Service, notre pays serait-il sous la menace de jeunes en col\u00e8re, manipul\u00e9s par des leaders politiques qui s\u2019en servent comme boucliers pour leur propre ambition ou serait-il en chantiers partout, dans des champs de c\u00e9r\u00e9ales, de ma\u00efs, de fraises, de papayes, de mangues, d\u2019oliviers, de palmiers, de cocotiers\u2026?<\/p>\n<p>Dans des chantiers pour construire des habitats et fournir des logements sociaux \u00e0 nos concitoyens?<\/p>\n<p>Dans des chantiers pour s\u2019occuper de doter nos concitoyens d\u2019un environnement sain, de rues propres, de d\u00e9ch\u00e8teries organis\u00e9es, de d\u00e9chets trait\u00e9s, de points d\u2019eau, de salles de classe, de postes de sant\u00e9, de pistes de production, d\u2019industries de transformation de nos fruits casaman\u00e7ais en jus et autres d\u00e9lices naturels, que nous exporterions apr\u00e8s avoir satisfait la demande nationale?<\/p>\n<p>Servir, Service, deux mots que j\u2019ai retrouv\u00e9s en 1989, \u00e0 l\u2019Universit\u00e9 de Princeton et \u00e0 la Wilson Woodrow School of Public and International Affairs, o\u00f9 j\u2019ai lu sur le frontispice ces deux phrases qui sont rest\u00e9es grav\u00e9es en moi : \u00ab In the service of the Nation, In the service of the Humanity \u00bb.<\/p>\n<p>Notre foi nous y invite :J\u00e9sus lui-m\u00eame donne une illustration de ses paroles dans le geste du Lavement des pieds de ses Ap\u00f4tres: \u00ab Si je vous ai lav\u00e9 les pieds, moi le Seigneur et le Ma\u00eetre, vous aussi vous devez vous laver les pieds les uns les autres. Car c\u2019est un exemple que je vous ai donn\u00e9, pour que vous fassiez, vous aussi, comme moi j\u2019ai fait \u00bb. Jn 13,4-15. Le Verset 2 sourate 67: \u00ab C\u2019est Dieu qui a cr\u00e9e la mort et la vie afin de vous \u00e9prouver pour savoir qui de vous est le meilleur en \u0153uvre \u00bb.<\/p>\n<p>Je suis venu participer \u00e0 ce Dialogue, en tant que candidat arriv\u00e9 deuxi\u00e8me derri\u00e8re vous, \u00e0 la Pr\u00e9sidentielle de 2019. Certains pensent que vous m\u2019auriez pris quelques points\u2026pour passer au premier tour(rires).<\/p>\n<p>J\u2019attends de ce Dialogue les conclusions suivantes:<br \/>\n-Une d\u00e9mocratie renforc\u00e9e.<br \/>\n-Des \u00e9lections claires, libres, transparentes et inclusives.<br \/>\n-Des r\u00e9sultats incontestables qui refl\u00e8tent l\u2019exacte expression de la volont\u00e9 du peuple s\u00e9n\u00e9galais, sans aucune entrave.<\/p>\n<p>Je convoite d\u2019Allah qu\u2019il Pr\u00e9serve le S\u00e9n\u00e9gal, sa paix, son hospitalit\u00e9, sa Teranga, sa tol\u00e9rance et sa concorde religieuse qui sont notre projet de soci\u00e9t\u00e9, notre ADN. Pr\u00e9server le S\u00e9n\u00e9gal contre les menaces multiformes et des tentations funestes qui secouent notre sous-r\u00e9gion.<\/p>\n<p>Je vous remercie pour votre<br \/>\nattention.<\/p>\n<p><strong>M. Idrissa SECK<\/strong><br \/>\n<strong>Pr\u00e9sident du Parti R\u00c9EW MI<\/strong><\/p>\n<div class=\"publi-apres-le-contenu\" style=\"margin-top: 10px;margin-bottom: 10px;margin-left: auto;margin-right: auto;text-align: center;\" id=\"publi-2443542458\"><div class=\"publi-adlabel\">Publicit\u00e9<\/div><script async src=\"\/\/pagead2.googlesyndication.com\/pagead\/js\/adsbygoogle.js?client=ca-pub-4089586018074219\" crossorigin=\"anonymous\"><\/script><ins class=\"adsbygoogle\" style=\"display:block;\" data-ad-client=\"ca-pub-4089586018074219\" \ndata-ad-slot=\"2087940154\" \ndata-ad-format=\"auto\"><\/ins>\n<script> \n(adsbygoogle = window.adsbygoogle || []).push({}); \n<\/script>\n<\/div>","protected":false},"excerpt":{"rendered":"<p>Excellence, Monsieur le Pr\u00e9sident de la R\u00e9publique, Chers leaders de partis et de mouvements politiques, Mesdames et Messieurs, Mes chers compatriotes, Salam wa Rahmatullah wa Barakatu. Je vous pr\u00e9sente mes respects ainsi que mes salutations les plus chaleureuses. Monsieur le Pr\u00e9sident de la R\u00e9publique, Je vous exprime mes sinc\u00e8res remerciements pour m\u2019avoir convi\u00e9 de nouveau au Dialogue national dans cet \u00c9tat du S\u00e9n\u00e9gal, R\u00e9publique que vous aurez eu l\u2019honneur et l\u2019immense privil\u00e8ge de diriger pour deux mandats cons\u00e9cutifs de 7 et 5 ans. Je relisais ce matin le livre-hommage \u00e0 l\u2019un des plus \u00e9minents serviteurs de cet \u00c9tat, un fr\u00e8re et un ami, cher \u00e0 nous tous, que j\u2019ai eu l\u2019honneur de c\u00f4toyer dans ces lieux, entre 2000 et 2004, et qui est, depuis, rest\u00e9 un ami inspirant, je veux parler de l\u2019Ambassadeur chef du Protocole, Bruno Diatta. Dans ce livre, je me suis arr\u00eat\u00e9 longuement, \u00e0 la page 111, sur le t\u00e9moignage de Th\u00e9odore cardinal Adrien Sarr, Archev\u00eaque \u00e9m\u00e9rite de Dakar. Il a r\u00e9sum\u00e9 tous les t\u00e9moignages en un seul verbe, Servir, et en un seul substantif, Service. Bruno Diatta a servi l\u2019Etat du S\u00e9n\u00e9gal \u00ab aupr\u00e8s de quatre (4) Pr\u00e9sidents du S\u00e9n\u00e9gal, un service unanimement reconnu comme \u00e9cho y, impeccable, g\u00e9n\u00e9reux, conscient et discret \u00e0 un degr\u00e9 difficile \u00e0 \u00e9galer \u00bb, selon l\u2019Archev\u00eaque \u00e9m\u00e9rite de Dakar. Notre devoir \u00e0 nous tous, \u00e0 vous Monsieur le Pr\u00e9sident de la R\u00e9publique en premier, est de rester fid\u00e8les et loyaux \u00e0 ces deux mots dans chacun de nos actes et dans chacune de nos paroles.: le verbe Servir et le substantif Service, Dans cet ouvrage d\u00e9di\u00e9 \u00e0 la m\u00e9moire de feu Bruno Diatta, le Cardinal Sarr s\u2019est interrog\u00e9 ainsi : \u00ab Et si nous avions fait et faisions tous comme lui, bien s\u00fbr\u2026., que serait et o\u00f9 en serait notre pays aujourd\u2019hui ? \u00bb Si chaque leader politique, chaque femme, chaque jeune, chaque ouvrier, chaque patron, faisait siens ces deux mots, Servir et Service, notre pays serait-il sous la menace de jeunes en col\u00e8re, manipul\u00e9s par des leaders politiques qui s\u2019en servent comme boucliers pour leur propre ambition ou serait-il en chantiers partout, dans des champs de c\u00e9r\u00e9ales, de ma\u00efs, de fraises, de papayes, de mangues, d\u2019oliviers, de palmiers, de cocotiers\u2026? Dans des chantiers pour construire des habitats et fournir des logements sociaux \u00e0 nos concitoyens? Dans des chantiers pour s\u2019occuper de doter nos concitoyens d\u2019un environnement sain, de rues propres, de d\u00e9ch\u00e8teries organis\u00e9es, de d\u00e9chets trait\u00e9s, de points d\u2019eau, de salles de classe, de postes de sant\u00e9, de pistes de production, d\u2019industries de transformation de nos fruits casaman\u00e7ais en jus et autres d\u00e9lices naturels, que nous exporterions apr\u00e8s avoir satisfait la demande nationale? Servir, Service, deux mots que j\u2019ai retrouv\u00e9s en 1989, \u00e0 l\u2019Universit\u00e9 de Princeton et \u00e0 la Wilson Woodrow School of Public and International Affairs, o\u00f9 j\u2019ai lu sur le frontispice ces deux phrases qui sont rest\u00e9es grav\u00e9es en moi : \u00ab In the service of the Nation, In the service of the Humanity \u00bb. Notre foi nous y invite :J\u00e9sus lui-m\u00eame donne une illustration de ses paroles dans le geste du Lavement des pieds de ses Ap\u00f4tres: \u00ab Si je vous ai lav\u00e9 les pieds, moi le Seigneur et le Ma\u00eetre, vous aussi vous devez vous laver les pieds les uns les autres. Car c\u2019est un exemple que je vous ai donn\u00e9, pour que vous fassiez, vous aussi, comme moi j\u2019ai fait \u00bb. Jn 13,4-15. Le Verset 2 sourate 67: \u00ab C\u2019est Dieu qui a cr\u00e9e la mort et la vie afin de vous \u00e9prouver pour savoir qui de vous est le meilleur en \u0153uvre \u00bb. Je suis venu participer \u00e0 ce Dialogue, en tant que candidat arriv\u00e9 deuxi\u00e8me derri\u00e8re vous, \u00e0 la Pr\u00e9sidentielle de 2019. Certains pensent que vous m\u2019auriez pris quelques points\u2026pour passer au premier tour(rires). J\u2019attends de ce Dialogue les conclusions suivantes: -Une d\u00e9mocratie renforc\u00e9e. -Des \u00e9lections claires, libres, transparentes et inclusives. -Des r\u00e9sultats incontestables qui refl\u00e8tent l\u2019exacte expression de la volont\u00e9 du peuple s\u00e9n\u00e9galais, sans aucune entrave. Je convoite d\u2019Allah qu\u2019il Pr\u00e9serve le S\u00e9n\u00e9gal, sa paix, son hospitalit\u00e9, sa Teranga, sa tol\u00e9rance et sa concorde religieuse qui sont notre projet de soci\u00e9t\u00e9, notre ADN. Pr\u00e9server le S\u00e9n\u00e9gal contre les menaces multiformes et des tentations funestes qui secouent notre sous-r\u00e9gion. Je vous remercie pour votre attention. M. Idrissa SECK Pr\u00e9sident du Parti R\u00c9EW MI<\/p>\n","protected":false},"author":1,"featured_media":16749,"comment_status":"open","ping_status":"open","sticky":false,"template":"","format":"standard","meta":{"_jetpack_memberships_contains_paid_content":false,"footnotes":""},"categories":[375,3,1],"tags":[5194,538,5193],"class_list":["post-22870","post","type-post","status-publish","format-standard","has-post-thumbnail","hentry","category-actualites","category-politique","category-non-classe","tag-bruno-diatta","tag-dialogue","tag-m-idrissa-seck","entry","has-media","owp-thumbs-layout-horizontal","owp-btn-normal","owp-tabs-layout-horizontal","has-no-thumbnails","has-product-nav"],"yoast_head":"<!-- This site is optimized with the Yoast SEO plugin v25.5 - https:\/\/yoast.com\/wordpress\/plugins\/seo\/ -->\n<title>Dialogue national : lisez l&#039;int\u00e9gralit\u00e9 de l&#039;allocution de Idrissa Seck - LE PUBLIC<\/title>\n<meta name=\"robots\" content=\"index, follow, max-snippet:-1, max-image-preview:large, max-video-preview:-1\" \/>\n<link rel=\"canonical\" href=\"https:\/\/www.public.sn\/index.php\/2023\/05\/31\/dialogue-national-lisez-lintegralite-de-lallocution-de-idrissa-seck\/\" \/>\n<meta property=\"og:locale\" content=\"fr_FR\" \/>\n<meta property=\"og:type\" content=\"article\" \/>\n<meta property=\"og:title\" content=\"Dialogue national : lisez l&#039;int\u00e9gralit\u00e9 de l&#039;allocution de Idrissa Seck - LE PUBLIC\" \/>\n<meta property=\"og:description\" content=\"Excellence, Monsieur le Pr\u00e9sident de la R\u00e9publique, Chers leaders de partis et de mouvements politiques, Mesdames et Messieurs, Mes chers compatriotes, Salam wa Rahmatullah wa Barakatu. Je vous pr\u00e9sente mes respects ainsi que mes salutations les plus chaleureuses. Monsieur le Pr\u00e9sident de la R\u00e9publique, Je vous exprime mes sinc\u00e8res remerciements pour m\u2019avoir convi\u00e9 de nouveau au Dialogue national dans cet \u00c9tat du S\u00e9n\u00e9gal, R\u00e9publique que vous aurez eu l\u2019honneur et l\u2019immense privil\u00e8ge de diriger pour deux mandats cons\u00e9cutifs de 7 et 5 ans. Je relisais ce matin le livre-hommage \u00e0 l\u2019un des plus \u00e9minents serviteurs de cet \u00c9tat, un fr\u00e8re et un ami, cher \u00e0 nous tous, que j\u2019ai eu l\u2019honneur de c\u00f4toyer dans ces lieux, entre 2000 et 2004, et qui est, depuis, rest\u00e9 un ami inspirant, je veux parler de l\u2019Ambassadeur chef du Protocole, Bruno Diatta. Dans ce livre, je me suis arr\u00eat\u00e9 longuement, \u00e0 la page 111, sur le t\u00e9moignage de Th\u00e9odore cardinal Adrien Sarr, Archev\u00eaque \u00e9m\u00e9rite de Dakar. Il a r\u00e9sum\u00e9 tous les t\u00e9moignages en un seul verbe, Servir, et en un seul substantif, Service. Bruno Diatta a servi l\u2019Etat du S\u00e9n\u00e9gal \u00ab aupr\u00e8s de quatre (4) Pr\u00e9sidents du S\u00e9n\u00e9gal, un service unanimement reconnu comme \u00e9cho y, impeccable, g\u00e9n\u00e9reux, conscient et discret \u00e0 un degr\u00e9 difficile \u00e0 \u00e9galer \u00bb, selon l\u2019Archev\u00eaque \u00e9m\u00e9rite de Dakar. Notre devoir \u00e0 nous tous, \u00e0 vous Monsieur le Pr\u00e9sident de la R\u00e9publique en premier, est de rester fid\u00e8les et loyaux \u00e0 ces deux mots dans chacun de nos actes et dans chacune de nos paroles.: le verbe Servir et le substantif Service, Dans cet ouvrage d\u00e9di\u00e9 \u00e0 la m\u00e9moire de feu Bruno Diatta, le Cardinal Sarr s\u2019est interrog\u00e9 ainsi : \u00ab Et si nous avions fait et faisions tous comme lui, bien s\u00fbr\u2026., que serait et o\u00f9 en serait notre pays aujourd\u2019hui ? \u00bb Si chaque leader politique, chaque femme, chaque jeune, chaque ouvrier, chaque patron, faisait siens ces deux mots, Servir et Service, notre pays serait-il sous la menace de jeunes en col\u00e8re, manipul\u00e9s par des leaders politiques qui s\u2019en servent comme boucliers pour leur propre ambition ou serait-il en chantiers partout, dans des champs de c\u00e9r\u00e9ales, de ma\u00efs, de fraises, de papayes, de mangues, d\u2019oliviers, de palmiers, de cocotiers\u2026? Dans des chantiers pour construire des habitats et fournir des logements sociaux \u00e0 nos concitoyens? Dans des chantiers pour s\u2019occuper de doter nos concitoyens d\u2019un environnement sain, de rues propres, de d\u00e9ch\u00e8teries organis\u00e9es, de d\u00e9chets trait\u00e9s, de points d\u2019eau, de salles de classe, de postes de sant\u00e9, de pistes de production, d\u2019industries de transformation de nos fruits casaman\u00e7ais en jus et autres d\u00e9lices naturels, que nous exporterions apr\u00e8s avoir satisfait la demande nationale? Servir, Service, deux mots que j\u2019ai retrouv\u00e9s en 1989, \u00e0 l\u2019Universit\u00e9 de Princeton et \u00e0 la Wilson Woodrow School of Public and International Affairs, o\u00f9 j\u2019ai lu sur le frontispice ces deux phrases qui sont rest\u00e9es grav\u00e9es en moi : \u00ab In the service of the Nation, In the service of the Humanity \u00bb. Notre foi nous y invite :J\u00e9sus lui-m\u00eame donne une illustration de ses paroles dans le geste du Lavement des pieds de ses Ap\u00f4tres: \u00ab Si je vous ai lav\u00e9 les pieds, moi le Seigneur et le Ma\u00eetre, vous aussi vous devez vous laver les pieds les uns les autres. Car c\u2019est un exemple que je vous ai donn\u00e9, pour que vous fassiez, vous aussi, comme moi j\u2019ai fait \u00bb. Jn 13,4-15. Le Verset 2 sourate 67: \u00ab C\u2019est Dieu qui a cr\u00e9e la mort et la vie afin de vous \u00e9prouver pour savoir qui de vous est le meilleur en \u0153uvre \u00bb. Je suis venu participer \u00e0 ce Dialogue, en tant que candidat arriv\u00e9 deuxi\u00e8me derri\u00e8re vous, \u00e0 la Pr\u00e9sidentielle de 2019. Certains pensent que vous m\u2019auriez pris quelques points\u2026pour passer au premier tour(rires). J\u2019attends de ce Dialogue les conclusions suivantes: -Une d\u00e9mocratie renforc\u00e9e. -Des \u00e9lections claires, libres, transparentes et inclusives. -Des r\u00e9sultats incontestables qui refl\u00e8tent l\u2019exacte expression de la volont\u00e9 du peuple s\u00e9n\u00e9galais, sans aucune entrave. Je convoite d\u2019Allah qu\u2019il Pr\u00e9serve le S\u00e9n\u00e9gal, sa paix, son hospitalit\u00e9, sa Teranga, sa tol\u00e9rance et sa concorde religieuse qui sont notre projet de soci\u00e9t\u00e9, notre ADN. Pr\u00e9server le S\u00e9n\u00e9gal contre les menaces multiformes et des tentations funestes qui secouent notre sous-r\u00e9gion. Je vous remercie pour votre attention. M. Idrissa SECK Pr\u00e9sident du Parti R\u00c9EW MI\" \/>\n<meta property=\"og:url\" content=\"https:\/\/www.public.sn\/index.php\/2023\/05\/31\/dialogue-national-lisez-lintegralite-de-lallocution-de-idrissa-seck\/\" \/>\n<meta property=\"og:site_name\" content=\"LE PUBLIC\" \/>\n<meta property=\"article:published_time\" content=\"2023-05-31T18:08:35+00:00\" \/>\n<meta property=\"og:image\" content=\"https:\/\/www.public.sn\/wp-content\/uploads\/2023\/03\/Idrissa-Seck.png\" \/>\n\t<meta property=\"og:image:width\" content=\"1080\" \/>\n\t<meta property=\"og:image:height\" content=\"900\" \/>\n\t<meta property=\"og:image:type\" content=\"image\/png\" \/>\n<meta name=\"author\" content=\"LA REDACTION\" \/>\n<meta name=\"twitter:card\" content=\"summary_large_image\" \/>\n<meta name=\"twitter:label1\" content=\"\u00c9crit par\" \/>\n\t<meta name=\"twitter:data1\" content=\"LA REDACTION\" \/>\n\t<meta name=\"twitter:label2\" content=\"Dur\u00e9e de lecture estim\u00e9e\" \/>\n\t<meta name=\"twitter:data2\" content=\"4 minutes\" \/>\n<script type=\"application\/ld+json\" class=\"yoast-schema-graph\">{\"@context\":\"https:\/\/schema.org\",\"@graph\":[{\"@type\":\"Article\",\"@id\":\"https:\/\/www.public.sn\/index.php\/2023\/05\/31\/dialogue-national-lisez-lintegralite-de-lallocution-de-idrissa-seck\/#article\",\"isPartOf\":{\"@id\":\"https:\/\/www.public.sn\/index.php\/2023\/05\/31\/dialogue-national-lisez-lintegralite-de-lallocution-de-idrissa-seck\/\"},\"author\":{\"name\":\"LA REDACTION\",\"@id\":\"https:\/\/www.public.sn\/#\/schema\/person\/e3f4a11b037d4203902db148f9bc8d5a\"},\"headline\":\"Dialogue national : lisez l&rsquo;int\u00e9gralit\u00e9 de l&rsquo;allocution de Idrissa Seck\",\"datePublished\":\"2023-05-31T18:08:35+00:00\",\"mainEntityOfPage\":{\"@id\":\"https:\/\/www.public.sn\/index.php\/2023\/05\/31\/dialogue-national-lisez-lintegralite-de-lallocution-de-idrissa-seck\/\"},\"wordCount\":800,\"commentCount\":0,\"publisher\":{\"@id\":\"https:\/\/www.public.sn\/#organization\"},\"image\":{\"@id\":\"https:\/\/www.public.sn\/index.php\/2023\/05\/31\/dialogue-national-lisez-lintegralite-de-lallocution-de-idrissa-seck\/#primaryimage\"},\"thumbnailUrl\":\"https:\/\/www.public.sn\/wp-content\/uploads\/2023\/03\/Idrissa-Seck.png\",\"keywords\":[\"Bruno Diatta\",\"Dialogue\",\"M. Idrissa SECK\"],\"articleSection\":[\"ACTUALIT\u00c9S\",\"POLITIQUE\",\"S\u00c9N\u00c9GAL\"],\"inLanguage\":\"fr-FR\",\"potentialAction\":[{\"@type\":\"CommentAction\",\"name\":\"Comment\",\"target\":[\"https:\/\/www.public.sn\/index.php\/2023\/05\/31\/dialogue-national-lisez-lintegralite-de-lallocution-de-idrissa-seck\/#respond\"]}]},{\"@type\":\"WebPage\",\"@id\":\"https:\/\/www.public.sn\/index.php\/2023\/05\/31\/dialogue-national-lisez-lintegralite-de-lallocution-de-idrissa-seck\/\",\"url\":\"https:\/\/www.public.sn\/index.php\/2023\/05\/31\/dialogue-national-lisez-lintegralite-de-lallocution-de-idrissa-seck\/\",\"name\":\"Dialogue national : lisez l'int\u00e9gralit\u00e9 de l'allocution de Idrissa Seck - LE PUBLIC\",\"isPartOf\":{\"@id\":\"https:\/\/www.public.sn\/#website\"},\"primaryImageOfPage\":{\"@id\":\"https:\/\/www.public.sn\/index.php\/2023\/05\/31\/dialogue-national-lisez-lintegralite-de-lallocution-de-idrissa-seck\/#primaryimage\"},\"image\":{\"@id\":\"https:\/\/www.public.sn\/index.php\/2023\/05\/31\/dialogue-national-lisez-lintegralite-de-lallocution-de-idrissa-seck\/#primaryimage\"},\"thumbnailUrl\":\"https:\/\/www.public.sn\/wp-content\/uploads\/2023\/03\/Idrissa-Seck.png\",\"datePublished\":\"2023-05-31T18:08:35+00:00\",\"breadcrumb\":{\"@id\":\"https:\/\/www.public.sn\/index.php\/2023\/05\/31\/dialogue-national-lisez-lintegralite-de-lallocution-de-idrissa-seck\/#breadcrumb\"},\"inLanguage\":\"fr-FR\",\"potentialAction\":[{\"@type\":\"ReadAction\",\"target\":[\"https:\/\/www.public.sn\/index.php\/2023\/05\/31\/dialogue-national-lisez-lintegralite-de-lallocution-de-idrissa-seck\/\"]}]},{\"@type\":\"ImageObject\",\"inLanguage\":\"fr-FR\",\"@id\":\"https:\/\/www.public.sn\/index.php\/2023\/05\/31\/dialogue-national-lisez-lintegralite-de-lallocution-de-idrissa-seck\/#primaryimage\",\"url\":\"https:\/\/www.public.sn\/wp-content\/uploads\/2023\/03\/Idrissa-Seck.png\",\"contentUrl\":\"https:\/\/www.public.sn\/wp-content\/uploads\/2023\/03\/Idrissa-Seck.png\",\"width\":1080,\"height\":900},{\"@type\":\"BreadcrumbList\",\"@id\":\"https:\/\/www.public.sn\/index.php\/2023\/05\/31\/dialogue-national-lisez-lintegralite-de-lallocution-de-idrissa-seck\/#breadcrumb\",\"itemListElement\":[{\"@type\":\"ListItem\",\"position\":1,\"name\":\"Accueil\",\"item\":\"https:\/\/www.public.sn\/\"},{\"@type\":\"ListItem\",\"position\":2,\"name\":\"Dialogue national : lisez l&rsquo;int\u00e9gralit\u00e9 de l&rsquo;allocution de Idrissa Seck\"}]},{\"@type\":\"WebSite\",\"@id\":\"https:\/\/www.public.sn\/#website\",\"url\":\"https:\/\/www.public.sn\/\",\"name\":\"LE PUBLIC\",\"description\":\"\",\"publisher\":{\"@id\":\"https:\/\/www.public.sn\/#organization\"},\"potentialAction\":[{\"@type\":\"SearchAction\",\"target\":{\"@type\":\"EntryPoint\",\"urlTemplate\":\"https:\/\/www.public.sn\/?s={search_term_string}\"},\"query-input\":{\"@type\":\"PropertyValueSpecification\",\"valueRequired\":true,\"valueName\":\"search_term_string\"}}],\"inLanguage\":\"fr-FR\"},{\"@type\":\"Organization\",\"@id\":\"https:\/\/www.public.sn\/#organization\",\"name\":\"LE PUBLIC\",\"url\":\"https:\/\/www.public.sn\/\",\"logo\":{\"@type\":\"ImageObject\",\"inLanguage\":\"fr-FR\",\"@id\":\"https:\/\/www.public.sn\/#\/schema\/logo\/image\/\",\"url\":\"https:\/\/www.public.sn\/wp-content\/uploads\/2024\/05\/cropped-LOGO-PUBLIC.SN_.png\",\"contentUrl\":\"https:\/\/www.public.sn\/wp-content\/uploads\/2024\/05\/cropped-LOGO-PUBLIC.SN_.png\",\"width\":682,\"height\":192,\"caption\":\"LE PUBLIC\"},\"image\":{\"@id\":\"https:\/\/www.public.sn\/#\/schema\/logo\/image\/\"}},{\"@type\":\"Person\",\"@id\":\"https:\/\/www.public.sn\/#\/schema\/person\/e3f4a11b037d4203902db148f9bc8d5a\",\"name\":\"LA REDACTION\",\"image\":{\"@type\":\"ImageObject\",\"inLanguage\":\"fr-FR\",\"@id\":\"https:\/\/www.public.sn\/#\/schema\/person\/image\/\",\"url\":\"https:\/\/secure.gravatar.com\/avatar\/d6c030db45db2883c075085c5d6c6258654a801a93766b49af0b82d4f454e2a5?s=96&d=mm&r=g\",\"contentUrl\":\"https:\/\/secure.gravatar.com\/avatar\/d6c030db45db2883c075085c5d6c6258654a801a93766b49af0b82d4f454e2a5?s=96&d=mm&r=g\",\"caption\":\"LA REDACTION\"},\"sameAs\":[\"http:\/\/www.public.sn\"],\"url\":\"https:\/\/www.public.sn\/index.php\/author\/admin7324\/\"}]}<\/script>\n<!-- \/ Yoast SEO plugin. -->","yoast_head_json":{"title":"Dialogue national : lisez l'int\u00e9gralit\u00e9 de l'allocution de Idrissa Seck - LE PUBLIC","robots":{"index":"index","follow":"follow","max-snippet":"max-snippet:-1","max-image-preview":"max-image-preview:large","max-video-preview":"max-video-preview:-1"},"canonical":"https:\/\/www.public.sn\/index.php\/2023\/05\/31\/dialogue-national-lisez-lintegralite-de-lallocution-de-idrissa-seck\/","og_locale":"fr_FR","og_type":"article","og_title":"Dialogue national : lisez l'int\u00e9gralit\u00e9 de l'allocution de Idrissa Seck - LE PUBLIC","og_description":"Excellence, Monsieur le Pr\u00e9sident de la R\u00e9publique, Chers leaders de partis et de mouvements politiques, Mesdames et Messieurs, Mes chers compatriotes, Salam wa Rahmatullah wa Barakatu. Je vous pr\u00e9sente mes respects ainsi que mes salutations les plus chaleureuses. Monsieur le Pr\u00e9sident de la R\u00e9publique, Je vous exprime mes sinc\u00e8res remerciements pour m\u2019avoir convi\u00e9 de nouveau au Dialogue national dans cet \u00c9tat du S\u00e9n\u00e9gal, R\u00e9publique que vous aurez eu l\u2019honneur et l\u2019immense privil\u00e8ge de diriger pour deux mandats cons\u00e9cutifs de 7 et 5 ans. Je relisais ce matin le livre-hommage \u00e0 l\u2019un des plus \u00e9minents serviteurs de cet \u00c9tat, un fr\u00e8re et un ami, cher \u00e0 nous tous, que j\u2019ai eu l\u2019honneur de c\u00f4toyer dans ces lieux, entre 2000 et 2004, et qui est, depuis, rest\u00e9 un ami inspirant, je veux parler de l\u2019Ambassadeur chef du Protocole, Bruno Diatta. Dans ce livre, je me suis arr\u00eat\u00e9 longuement, \u00e0 la page 111, sur le t\u00e9moignage de Th\u00e9odore cardinal Adrien Sarr, Archev\u00eaque \u00e9m\u00e9rite de Dakar. Il a r\u00e9sum\u00e9 tous les t\u00e9moignages en un seul verbe, Servir, et en un seul substantif, Service. Bruno Diatta a servi l\u2019Etat du S\u00e9n\u00e9gal \u00ab aupr\u00e8s de quatre (4) Pr\u00e9sidents du S\u00e9n\u00e9gal, un service unanimement reconnu comme \u00e9cho y, impeccable, g\u00e9n\u00e9reux, conscient et discret \u00e0 un degr\u00e9 difficile \u00e0 \u00e9galer \u00bb, selon l\u2019Archev\u00eaque \u00e9m\u00e9rite de Dakar. Notre devoir \u00e0 nous tous, \u00e0 vous Monsieur le Pr\u00e9sident de la R\u00e9publique en premier, est de rester fid\u00e8les et loyaux \u00e0 ces deux mots dans chacun de nos actes et dans chacune de nos paroles.: le verbe Servir et le substantif Service, Dans cet ouvrage d\u00e9di\u00e9 \u00e0 la m\u00e9moire de feu Bruno Diatta, le Cardinal Sarr s\u2019est interrog\u00e9 ainsi : \u00ab Et si nous avions fait et faisions tous comme lui, bien s\u00fbr\u2026., que serait et o\u00f9 en serait notre pays aujourd\u2019hui ? \u00bb Si chaque leader politique, chaque femme, chaque jeune, chaque ouvrier, chaque patron, faisait siens ces deux mots, Servir et Service, notre pays serait-il sous la menace de jeunes en col\u00e8re, manipul\u00e9s par des leaders politiques qui s\u2019en servent comme boucliers pour leur propre ambition ou serait-il en chantiers partout, dans des champs de c\u00e9r\u00e9ales, de ma\u00efs, de fraises, de papayes, de mangues, d\u2019oliviers, de palmiers, de cocotiers\u2026? Dans des chantiers pour construire des habitats et fournir des logements sociaux \u00e0 nos concitoyens? Dans des chantiers pour s\u2019occuper de doter nos concitoyens d\u2019un environnement sain, de rues propres, de d\u00e9ch\u00e8teries organis\u00e9es, de d\u00e9chets trait\u00e9s, de points d\u2019eau, de salles de classe, de postes de sant\u00e9, de pistes de production, d\u2019industries de transformation de nos fruits casaman\u00e7ais en jus et autres d\u00e9lices naturels, que nous exporterions apr\u00e8s avoir satisfait la demande nationale? Servir, Service, deux mots que j\u2019ai retrouv\u00e9s en 1989, \u00e0 l\u2019Universit\u00e9 de Princeton et \u00e0 la Wilson Woodrow School of Public and International Affairs, o\u00f9 j\u2019ai lu sur le frontispice ces deux phrases qui sont rest\u00e9es grav\u00e9es en moi : \u00ab In the service of the Nation, In the service of the Humanity \u00bb. Notre foi nous y invite :J\u00e9sus lui-m\u00eame donne une illustration de ses paroles dans le geste du Lavement des pieds de ses Ap\u00f4tres: \u00ab Si je vous ai lav\u00e9 les pieds, moi le Seigneur et le Ma\u00eetre, vous aussi vous devez vous laver les pieds les uns les autres. Car c\u2019est un exemple que je vous ai donn\u00e9, pour que vous fassiez, vous aussi, comme moi j\u2019ai fait \u00bb. Jn 13,4-15. Le Verset 2 sourate 67: \u00ab C\u2019est Dieu qui a cr\u00e9e la mort et la vie afin de vous \u00e9prouver pour savoir qui de vous est le meilleur en \u0153uvre \u00bb. Je suis venu participer \u00e0 ce Dialogue, en tant que candidat arriv\u00e9 deuxi\u00e8me derri\u00e8re vous, \u00e0 la Pr\u00e9sidentielle de 2019. Certains pensent que vous m\u2019auriez pris quelques points\u2026pour passer au premier tour(rires). J\u2019attends de ce Dialogue les conclusions suivantes: -Une d\u00e9mocratie renforc\u00e9e. -Des \u00e9lections claires, libres, transparentes et inclusives. -Des r\u00e9sultats incontestables qui refl\u00e8tent l\u2019exacte expression de la volont\u00e9 du peuple s\u00e9n\u00e9galais, sans aucune entrave. Je convoite d\u2019Allah qu\u2019il Pr\u00e9serve le S\u00e9n\u00e9gal, sa paix, son hospitalit\u00e9, sa Teranga, sa tol\u00e9rance et sa concorde religieuse qui sont notre projet de soci\u00e9t\u00e9, notre ADN. Pr\u00e9server le S\u00e9n\u00e9gal contre les menaces multiformes et des tentations funestes qui secouent notre sous-r\u00e9gion. Je vous remercie pour votre attention. M. Idrissa SECK Pr\u00e9sident du Parti R\u00c9EW MI","og_url":"https:\/\/www.public.sn\/index.php\/2023\/05\/31\/dialogue-national-lisez-lintegralite-de-lallocution-de-idrissa-seck\/","og_site_name":"LE PUBLIC","article_published_time":"2023-05-31T18:08:35+00:00","og_image":[{"width":1080,"height":900,"url":"https:\/\/www.public.sn\/wp-content\/uploads\/2023\/03\/Idrissa-Seck.png","type":"image\/png"}],"author":"LA REDACTION","twitter_card":"summary_large_image","twitter_misc":{"\u00c9crit par":"LA REDACTION","Dur\u00e9e de lecture estim\u00e9e":"4 minutes"},"schema":{"@context":"https:\/\/schema.org","@graph":[{"@type":"Article","@id":"https:\/\/www.public.sn\/index.php\/2023\/05\/31\/dialogue-national-lisez-lintegralite-de-lallocution-de-idrissa-seck\/#article","isPartOf":{"@id":"https:\/\/www.public.sn\/index.php\/2023\/05\/31\/dialogue-national-lisez-lintegralite-de-lallocution-de-idrissa-seck\/"},"author":{"name":"LA REDACTION","@id":"https:\/\/www.public.sn\/#\/schema\/person\/e3f4a11b037d4203902db148f9bc8d5a"},"headline":"Dialogue national : lisez l&rsquo;int\u00e9gralit\u00e9 de l&rsquo;allocution de Idrissa Seck","datePublished":"2023-05-31T18:08:35+00:00","mainEntityOfPage":{"@id":"https:\/\/www.public.sn\/index.php\/2023\/05\/31\/dialogue-national-lisez-lintegralite-de-lallocution-de-idrissa-seck\/"},"wordCount":800,"commentCount":0,"publisher":{"@id":"https:\/\/www.public.sn\/#organization"},"image":{"@id":"https:\/\/www.public.sn\/index.php\/2023\/05\/31\/dialogue-national-lisez-lintegralite-de-lallocution-de-idrissa-seck\/#primaryimage"},"thumbnailUrl":"https:\/\/www.public.sn\/wp-content\/uploads\/2023\/03\/Idrissa-Seck.png","keywords":["Bruno Diatta","Dialogue","M. Idrissa SECK"],"articleSection":["ACTUALIT\u00c9S","POLITIQUE","S\u00c9N\u00c9GAL"],"inLanguage":"fr-FR","potentialAction":[{"@type":"CommentAction","name":"Comment","target":["https:\/\/www.public.sn\/index.php\/2023\/05\/31\/dialogue-national-lisez-lintegralite-de-lallocution-de-idrissa-seck\/#respond"]}]},{"@type":"WebPage","@id":"https:\/\/www.public.sn\/index.php\/2023\/05\/31\/dialogue-national-lisez-lintegralite-de-lallocution-de-idrissa-seck\/","url":"https:\/\/www.public.sn\/index.php\/2023\/05\/31\/dialogue-national-lisez-lintegralite-de-lallocution-de-idrissa-seck\/","name":"Dialogue national : lisez l'int\u00e9gralit\u00e9 de l'allocution de Idrissa Seck - LE PUBLIC","isPartOf":{"@id":"https:\/\/www.public.sn\/#website"},"primaryImageOfPage":{"@id":"https:\/\/www.public.sn\/index.php\/2023\/05\/31\/dialogue-national-lisez-lintegralite-de-lallocution-de-idrissa-seck\/#primaryimage"},"image":{"@id":"https:\/\/www.public.sn\/index.php\/2023\/05\/31\/dialogue-national-lisez-lintegralite-de-lallocution-de-idrissa-seck\/#primaryimage"},"thumbnailUrl":"https:\/\/www.public.sn\/wp-content\/uploads\/2023\/03\/Idrissa-Seck.png","datePublished":"2023-05-31T18:08:35+00:00","breadcrumb":{"@id":"https:\/\/www.public.sn\/index.php\/2023\/05\/31\/dialogue-national-lisez-lintegralite-de-lallocution-de-idrissa-seck\/#breadcrumb"},"inLanguage":"fr-FR","potentialAction":[{"@type":"ReadAction","target":["https:\/\/www.public.sn\/index.php\/2023\/05\/31\/dialogue-national-lisez-lintegralite-de-lallocution-de-idrissa-seck\/"]}]},{"@type":"ImageObject","inLanguage":"fr-FR","@id":"https:\/\/www.public.sn\/index.php\/2023\/05\/31\/dialogue-national-lisez-lintegralite-de-lallocution-de-idrissa-seck\/#primaryimage","url":"https:\/\/www.public.sn\/wp-content\/uploads\/2023\/03\/Idrissa-Seck.png","contentUrl":"https:\/\/www.public.sn\/wp-content\/uploads\/2023\/03\/Idrissa-Seck.png","width":1080,"height":900},{"@type":"BreadcrumbList","@id":"https:\/\/www.public.sn\/index.php\/2023\/05\/31\/dialogue-national-lisez-lintegralite-de-lallocution-de-idrissa-seck\/#breadcrumb","itemListElement":[{"@type":"ListItem","position":1,"name":"Accueil","item":"https:\/\/www.public.sn\/"},{"@type":"ListItem","position":2,"name":"Dialogue national : lisez l&rsquo;int\u00e9gralit\u00e9 de l&rsquo;allocution de Idrissa Seck"}]},{"@type":"WebSite","@id":"https:\/\/www.public.sn\/#website","url":"https:\/\/www.public.sn\/","name":"LE PUBLIC","description":"","publisher":{"@id":"https:\/\/www.public.sn\/#organization"},"potentialAction":[{"@type":"SearchAction","target":{"@type":"EntryPoint","urlTemplate":"https:\/\/www.public.sn\/?s={search_term_string}"},"query-input":{"@type":"PropertyValueSpecification","valueRequired":true,"valueName":"search_term_string"}}],"inLanguage":"fr-FR"},{"@type":"Organization","@id":"https:\/\/www.public.sn\/#organization","name":"LE PUBLIC","url":"https:\/\/www.public.sn\/","logo":{"@type":"ImageObject","inLanguage":"fr-FR","@id":"https:\/\/www.public.sn\/#\/schema\/logo\/image\/","url":"https:\/\/www.public.sn\/wp-content\/uploads\/2024\/05\/cropped-LOGO-PUBLIC.SN_.png","contentUrl":"https:\/\/www.public.sn\/wp-content\/uploads\/2024\/05\/cropped-LOGO-PUBLIC.SN_.png","width":682,"height":192,"caption":"LE PUBLIC"},"image":{"@id":"https:\/\/www.public.sn\/#\/schema\/logo\/image\/"}},{"@type":"Person","@id":"https:\/\/www.public.sn\/#\/schema\/person\/e3f4a11b037d4203902db148f9bc8d5a","name":"LA REDACTION","image":{"@type":"ImageObject","inLanguage":"fr-FR","@id":"https:\/\/www.public.sn\/#\/schema\/person\/image\/","url":"https:\/\/secure.gravatar.com\/avatar\/d6c030db45db2883c075085c5d6c6258654a801a93766b49af0b82d4f454e2a5?s=96&d=mm&r=g","contentUrl":"https:\/\/secure.gravatar.com\/avatar\/d6c030db45db2883c075085c5d6c6258654a801a93766b49af0b82d4f454e2a5?s=96&d=mm&r=g","caption":"LA REDACTION"},"sameAs":["http:\/\/www.public.sn"],"url":"https:\/\/www.public.sn\/index.php\/author\/admin7324\/"}]}},"jetpack_featured_media_url":"https:\/\/www.public.sn\/wp-content\/uploads\/2023\/03\/Idrissa-Seck.png","jetpack_sharing_enabled":true,"_links":{"self":[{"href":"https:\/\/www.public.sn\/index.php\/wp-json\/wp\/v2\/posts\/22870","targetHints":{"allow":["GET"]}}],"collection":[{"href":"https:\/\/www.public.sn\/index.php\/wp-json\/wp\/v2\/posts"}],"about":[{"href":"https:\/\/www.public.sn\/index.php\/wp-json\/wp\/v2\/types\/post"}],"author":[{"embeddable":true,"href":"https:\/\/www.public.sn\/index.php\/wp-json\/wp\/v2\/users\/1"}],"replies":[{"embeddable":true,"href":"https:\/\/www.public.sn\/index.php\/wp-json\/wp\/v2\/comments?post=22870"}],"version-history":[{"count":1,"href":"https:\/\/www.public.sn\/index.php\/wp-json\/wp\/v2\/posts\/22870\/revisions"}],"predecessor-version":[{"id":22871,"href":"https:\/\/www.public.sn\/index.php\/wp-json\/wp\/v2\/posts\/22870\/revisions\/22871"}],"wp:featuredmedia":[{"embeddable":true,"href":"https:\/\/www.public.sn\/index.php\/wp-json\/wp\/v2\/media\/16749"}],"wp:attachment":[{"href":"https:\/\/www.public.sn\/index.php\/wp-json\/wp\/v2\/media?parent=22870"}],"wp:term":[{"taxonomy":"category","embeddable":true,"href":"https:\/\/www.public.sn\/index.php\/wp-json\/wp\/v2\/categories?post=22870"},{"taxonomy":"post_tag","embeddable":true,"href":"https:\/\/www.public.sn\/index.php\/wp-json\/wp\/v2\/tags?post=22870"}],"curies":[{"name":"wp","href":"https:\/\/api.w.org\/{rel}","templated":true}]}}