{"id":22878,"date":"2023-05-31T20:28:03","date_gmt":"2023-05-31T20:28:03","guid":{"rendered":"https:\/\/www.public.sn\/?p=22878"},"modified":"2023-05-31T20:28:03","modified_gmt":"2023-05-31T20:28:03","slug":"viol-sur-des-jeunes-filles-mineures-agees-de-6-a-16-a-touba-keur-gol-madame-le-ministre-de-la-femme-de-la-famille-et-de-la-protection-des-enfants-condamne-et-promet-de","status":"publish","type":"post","link":"https:\/\/www.public.sn\/index.php\/2023\/05\/31\/viol-sur-des-jeunes-filles-mineures-agees-de-6-a-16-a-touba-keur-gol-madame-le-ministre-de-la-femme-de-la-famille-et-de-la-protection-des-enfants-condamne-et-promet-de\/","title":{"rendered":"Viol sur des jeunes filles mineures \u00e2g\u00e9es de 6 \u00e0 16 \u00e0 Touba Keur Gol : Madame le Ministre de la Femme, de la Famille et de la Protection des Enfants condamne et promet de &#8230;"},"content":{"rendered":"<p><strong>Une affaire d&rsquo;abus sexuel d\u00e9fraie la chronique \u00e0 Touba Keur gol, dans le d\u00e9partement de Mback\u00e9. Un ma\u00eetre coranique qui aurait viol\u00e9 plus d&rsquo;une vingtaine d&rsquo;enfants (des filles) \u00e2g\u00e9es de 6 \u00e0 16 ans. Dans un communiqu\u00e9 de presse dont Public.sn d\u00e9tient copie, le Minist\u00e8re de la Femme, de la Famille et de la Protection des Enfants condamne cet acte et et engage ses services pour prendre en charge l\u2019accompagnement psychosocial et juridique des victimes.<\/strong><\/p><div class=\"publi-paragraphe1\" style=\"margin-top: 10px;margin-bottom: 10px;margin-left: auto;margin-right: auto;text-align: center;\" id=\"publi-3179654390\"><div class=\"publi-adlabel\">Publicit\u00e9<\/div><script async src=\"\/\/pagead2.googlesyndication.com\/pagead\/js\/adsbygoogle.js?client=ca-pub-4089586018074219\" crossorigin=\"anonymous\"><\/script><ins class=\"adsbygoogle\" style=\"display:block;\" data-ad-client=\"ca-pub-4089586018074219\" \ndata-ad-slot=\"2087940154\" \ndata-ad-format=\"auto\"><\/ins>\n<script> \n(adsbygoogle = window.adsbygoogle || []).push({}); \n<\/script>\n<\/div>\n<p>L&rsquo;affaire de viols sur des jeunes filles mineures \u00e2g\u00e9es de 6 \u00e0 16 ans apprenantes d\u2019un daara<br \/>\nsitu\u00e9 \u00e0 Touba Gol a fait monter au cr\u00e9neau Madame le Ministre de la Femme, de la Famille et de la Protection des Enfants \u00e0 tel point de sortir un communiqu\u00e9 pour rassurer les familles des victimes.<\/p>\n<p>\u00ab\u00a0Les familles des victimes de cet acte odieux ont port\u00e9 plainte devant les juridictions comp\u00e9tentes et le pr\u00e9sum\u00e9 violeur est actuellement recherch\u00e9.\u00a0\u00bb, a fait savoir le Minist\u00e8re de la Femme, de la Famille et de la Protection des Enfants qui \u00ab\u00a0condamne avec la plus grande fermet\u00e9 cet acte\u00a0\u00bb et promet \u00a0\u00bb de ne m\u00e9nage aucun effort pour que justice soit rendue dans toute sa rigueur.\u00a0\u00bb<\/p>\n<p>La m\u00eame source de r\u00e9v\u00e9ler que : \u00ab\u00a0Madame le Ministre de la Femme, de la Famille et de la Protection des Enfants engage ses services pour prendre en charge l\u2019accompagnement psychosocial et juridique des victimes.\u00a0\u00bb<\/p>\n<p>&nbsp;<\/p>\n<div class=\"publi-apres-le-contenu\" style=\"margin-top: 10px;margin-bottom: 10px;margin-left: auto;margin-right: auto;text-align: center;\" id=\"publi-2665857472\"><div class=\"publi-adlabel\">Publicit\u00e9<\/div><script async src=\"\/\/pagead2.googlesyndication.com\/pagead\/js\/adsbygoogle.js?client=ca-pub-4089586018074219\" crossorigin=\"anonymous\"><\/script><ins class=\"adsbygoogle\" style=\"display:block;\" data-ad-client=\"ca-pub-4089586018074219\" \ndata-ad-slot=\"2087940154\" \ndata-ad-format=\"auto\"><\/ins>\n<script> \n(adsbygoogle = window.adsbygoogle || []).push({}); \n<\/script>\n<\/div>","protected":false},"excerpt":{"rendered":"<p>Une affaire d&rsquo;abus sexuel d\u00e9fraie la chronique \u00e0 Touba Keur gol, dans le d\u00e9partement de Mback\u00e9. Un ma\u00eetre coranique qui aurait viol\u00e9 plus d&rsquo;une vingtaine d&rsquo;enfants (des filles) \u00e2g\u00e9es de 6 \u00e0 16 ans. Dans un communiqu\u00e9 de presse dont Public.sn d\u00e9tient copie, le Minist\u00e8re de la Femme, de la Famille et de la Protection des Enfants condamne cet acte et et engage ses services pour prendre en charge l\u2019accompagnement psychosocial et juridique des victimes. L&rsquo;affaire de viols sur des jeunes filles mineures \u00e2g\u00e9es de 6 \u00e0 16 ans apprenantes d\u2019un daara situ\u00e9 \u00e0 Touba Gol a fait monter au cr\u00e9neau Madame le Ministre de la Femme, de la Famille et de la Protection des Enfants \u00e0 tel point de sortir un communiqu\u00e9 pour rassurer les familles des victimes. \u00ab\u00a0Les familles des victimes de cet acte odieux ont port\u00e9 plainte devant les juridictions comp\u00e9tentes et le pr\u00e9sum\u00e9 violeur est actuellement recherch\u00e9.\u00a0\u00bb, a fait savoir le Minist\u00e8re de la Femme, de la Famille et de la Protection des Enfants qui \u00ab\u00a0condamne avec la plus grande fermet\u00e9 cet acte\u00a0\u00bb et promet \u00a0\u00bb de ne m\u00e9nage aucun effort pour que justice soit rendue dans toute sa rigueur.\u00a0\u00bb La m\u00eame source de r\u00e9v\u00e9ler que : \u00ab\u00a0Madame le Ministre de la Femme, de la Famille et de la Protection des Enfants engage ses services pour prendre en charge l\u2019accompagnement psychosocial et juridique des victimes.\u00a0\u00bb &nbsp;<\/p>\n","protected":false},"author":1,"featured_media":22880,"comment_status":"open","ping_status":"open","sticky":false,"template":"","format":"standard","meta":{"_jetpack_memberships_contains_paid_content":false,"footnotes":""},"categories":[3,1,4],"tags":[5196,263],"class_list":["post-22878","post","type-post","status-publish","format-standard","has-post-thumbnail","hentry","category-politique","category-non-classe","category-societe","tag-ministere-de-la-famille","tag-viol","entry","has-media","owp-thumbs-layout-horizontal","owp-btn-normal","owp-tabs-layout-horizontal","has-no-thumbnails","has-product-nav"],"yoast_head":"<!-- This site is optimized with the Yoast SEO plugin v25.5 - https:\/\/yoast.com\/wordpress\/plugins\/seo\/ -->\n<title>Viol sur des jeunes filles mineures \u00e2g\u00e9es de 6 \u00e0 16 \u00e0 Touba Keur Gol : Madame le Ministre de la Femme, de la Famille et de la Protection des Enfants condamne et promet de ... - LE PUBLIC<\/title>\n<meta name=\"description\" content=\"Une affaire d&#039;abus sexuel d\u00e9fraie la chronique \u00e0 Touba Keur gol, dans le d\u00e9partement de Mback\u00e9. Un ma\u00eetre coranique qui aurait viol\u00e9 plus d&#039;une vingtaine d&#039;enfants (des filles) \u00e2g\u00e9es de 6 \u00e0 16 ans. Dans un communiqu\u00e9 de presse dont Public.sn d\u00e9tient une copie, le Minist\u00e8re de la Femme, de la Famille et de la Protection des Enfants condamne cet acte et et engage ses services pour prendre en charge l\u2019accompagnement psychosocial et juridique des victimes.\" \/>\n<meta name=\"robots\" content=\"index, follow, max-snippet:-1, max-image-preview:large, max-video-preview:-1\" \/>\n<link rel=\"canonical\" href=\"https:\/\/www.public.sn\/index.php\/2023\/05\/31\/viol-sur-des-jeunes-filles-mineures-agees-de-6-a-16-a-touba-keur-gol-madame-le-ministre-de-la-femme-de-la-famille-et-de-la-protection-des-enfants-condamne-et-promet-de\/\" \/>\n<meta property=\"og:locale\" content=\"fr_FR\" \/>\n<meta property=\"og:type\" content=\"article\" \/>\n<meta property=\"og:title\" content=\"Viol sur des jeunes filles mineures \u00e2g\u00e9es de 6 \u00e0 16 \u00e0 Touba Keur Gol : Madame le Ministre de la Femme, de la Famille et de la Protection des Enfants condamne et promet de ... - LE PUBLIC\" \/>\n<meta property=\"og:description\" content=\"Une affaire d&#039;abus sexuel d\u00e9fraie la chronique \u00e0 Touba Keur gol, dans le d\u00e9partement de Mback\u00e9. Un ma\u00eetre coranique qui aurait viol\u00e9 plus d&#039;une vingtaine d&#039;enfants (des filles) \u00e2g\u00e9es de 6 \u00e0 16 ans. Dans un communiqu\u00e9 de presse dont Public.sn d\u00e9tient une copie, le Minist\u00e8re de la Femme, de la Famille et de la Protection des Enfants condamne cet acte et et engage ses services pour prendre en charge l\u2019accompagnement psychosocial et juridique des victimes.\" \/>\n<meta property=\"og:url\" content=\"https:\/\/www.public.sn\/index.php\/2023\/05\/31\/viol-sur-des-jeunes-filles-mineures-agees-de-6-a-16-a-touba-keur-gol-madame-le-ministre-de-la-femme-de-la-famille-et-de-la-protection-des-enfants-condamne-et-promet-de\/\" \/>\n<meta property=\"og:site_name\" content=\"LE PUBLIC\" \/>\n<meta property=\"article:published_time\" content=\"2023-05-31T20:28:03+00:00\" \/>\n<meta property=\"og:image\" content=\"https:\/\/www.public.sn\/wp-content\/uploads\/2023\/05\/jad20220905-ass-senegal-hopital-1256x628-1662394998.jpg\" \/>\n\t<meta property=\"og:image:width\" content=\"1256\" \/>\n\t<meta property=\"og:image:height\" content=\"628\" \/>\n\t<meta property=\"og:image:type\" content=\"image\/jpeg\" \/>\n<meta name=\"author\" content=\"LA REDACTION\" \/>\n<meta name=\"twitter:card\" content=\"summary_large_image\" \/>\n<meta name=\"twitter:label1\" content=\"\u00c9crit par\" \/>\n\t<meta name=\"twitter:data1\" content=\"LA REDACTION\" \/>\n\t<meta name=\"twitter:label2\" content=\"Dur\u00e9e de lecture estim\u00e9e\" \/>\n\t<meta name=\"twitter:data2\" content=\"2 minutes\" \/>\n<script type=\"application\/ld+json\" class=\"yoast-schema-graph\">{\"@context\":\"https:\/\/schema.org\",\"@graph\":[{\"@type\":\"Article\",\"@id\":\"https:\/\/www.public.sn\/index.php\/2023\/05\/31\/viol-sur-des-jeunes-filles-mineures-agees-de-6-a-16-a-touba-keur-gol-madame-le-ministre-de-la-femme-de-la-famille-et-de-la-protection-des-enfants-condamne-et-promet-de\/#article\",\"isPartOf\":{\"@id\":\"https:\/\/www.public.sn\/index.php\/2023\/05\/31\/viol-sur-des-jeunes-filles-mineures-agees-de-6-a-16-a-touba-keur-gol-madame-le-ministre-de-la-femme-de-la-famille-et-de-la-protection-des-enfants-condamne-et-promet-de\/\"},\"author\":{\"name\":\"LA REDACTION\",\"@id\":\"https:\/\/www.public.sn\/#\/schema\/person\/e3f4a11b037d4203902db148f9bc8d5a\"},\"headline\":\"Viol sur des jeunes filles mineures \u00e2g\u00e9es de 6 \u00e0 16 \u00e0 Touba Keur Gol : Madame le Ministre de la Femme, de la Famille et de la Protection des Enfants condamne et promet de &#8230;\",\"datePublished\":\"2023-05-31T20:28:03+00:00\",\"mainEntityOfPage\":{\"@id\":\"https:\/\/www.public.sn\/index.php\/2023\/05\/31\/viol-sur-des-jeunes-filles-mineures-agees-de-6-a-16-a-touba-keur-gol-madame-le-ministre-de-la-femme-de-la-famille-et-de-la-protection-des-enfants-condamne-et-promet-de\/\"},\"wordCount\":269,\"commentCount\":0,\"publisher\":{\"@id\":\"https:\/\/www.public.sn\/#organization\"},\"image\":{\"@id\":\"https:\/\/www.public.sn\/index.php\/2023\/05\/31\/viol-sur-des-jeunes-filles-mineures-agees-de-6-a-16-a-touba-keur-gol-madame-le-ministre-de-la-femme-de-la-famille-et-de-la-protection-des-enfants-condamne-et-promet-de\/#primaryimage\"},\"thumbnailUrl\":\"https:\/\/www.public.sn\/wp-content\/uploads\/2023\/05\/jad20220905-ass-senegal-hopital-1256x628-1662394998.jpg\",\"keywords\":[\"minist\u00e8re de la famille\",\"Viol\"],\"articleSection\":[\"POLITIQUE\",\"S\u00c9N\u00c9GAL\",\"SOCIETE\"],\"inLanguage\":\"fr-FR\",\"potentialAction\":[{\"@type\":\"CommentAction\",\"name\":\"Comment\",\"target\":[\"https:\/\/www.public.sn\/index.php\/2023\/05\/31\/viol-sur-des-jeunes-filles-mineures-agees-de-6-a-16-a-touba-keur-gol-madame-le-ministre-de-la-femme-de-la-famille-et-de-la-protection-des-enfants-condamne-et-promet-de\/#respond\"]}]},{\"@type\":\"WebPage\",\"@id\":\"https:\/\/www.public.sn\/index.php\/2023\/05\/31\/viol-sur-des-jeunes-filles-mineures-agees-de-6-a-16-a-touba-keur-gol-madame-le-ministre-de-la-femme-de-la-famille-et-de-la-protection-des-enfants-condamne-et-promet-de\/\",\"url\":\"https:\/\/www.public.sn\/index.php\/2023\/05\/31\/viol-sur-des-jeunes-filles-mineures-agees-de-6-a-16-a-touba-keur-gol-madame-le-ministre-de-la-femme-de-la-famille-et-de-la-protection-des-enfants-condamne-et-promet-de\/\",\"name\":\"Viol sur des jeunes filles mineures \u00e2g\u00e9es de 6 \u00e0 16 \u00e0 Touba Keur Gol : Madame le Ministre de la Femme, de la Famille et de la Protection des Enfants condamne et promet de ... - LE PUBLIC\",\"isPartOf\":{\"@id\":\"https:\/\/www.public.sn\/#website\"},\"primaryImageOfPage\":{\"@id\":\"https:\/\/www.public.sn\/index.php\/2023\/05\/31\/viol-sur-des-jeunes-filles-mineures-agees-de-6-a-16-a-touba-keur-gol-madame-le-ministre-de-la-femme-de-la-famille-et-de-la-protection-des-enfants-condamne-et-promet-de\/#primaryimage\"},\"image\":{\"@id\":\"https:\/\/www.public.sn\/index.php\/2023\/05\/31\/viol-sur-des-jeunes-filles-mineures-agees-de-6-a-16-a-touba-keur-gol-madame-le-ministre-de-la-femme-de-la-famille-et-de-la-protection-des-enfants-condamne-et-promet-de\/#primaryimage\"},\"thumbnailUrl\":\"https:\/\/www.public.sn\/wp-content\/uploads\/2023\/05\/jad20220905-ass-senegal-hopital-1256x628-1662394998.jpg\",\"datePublished\":\"2023-05-31T20:28:03+00:00\",\"description\":\"Une affaire d'abus sexuel d\u00e9fraie la chronique \u00e0 Touba Keur gol, dans le d\u00e9partement de Mback\u00e9. Un ma\u00eetre coranique qui aurait viol\u00e9 plus d'une vingtaine d'enfants (des filles) \u00e2g\u00e9es de 6 \u00e0 16 ans. Dans un communiqu\u00e9 de presse dont Public.sn d\u00e9tient une copie, le Minist\u00e8re de la Femme, de la Famille et de la Protection des Enfants condamne cet acte et et engage ses services pour prendre en charge l\u2019accompagnement psychosocial et juridique des victimes.\",\"breadcrumb\":{\"@id\":\"https:\/\/www.public.sn\/index.php\/2023\/05\/31\/viol-sur-des-jeunes-filles-mineures-agees-de-6-a-16-a-touba-keur-gol-madame-le-ministre-de-la-femme-de-la-famille-et-de-la-protection-des-enfants-condamne-et-promet-de\/#breadcrumb\"},\"inLanguage\":\"fr-FR\",\"potentialAction\":[{\"@type\":\"ReadAction\",\"target\":[\"https:\/\/www.public.sn\/index.php\/2023\/05\/31\/viol-sur-des-jeunes-filles-mineures-agees-de-6-a-16-a-touba-keur-gol-madame-le-ministre-de-la-femme-de-la-famille-et-de-la-protection-des-enfants-condamne-et-promet-de\/\"]}]},{\"@type\":\"ImageObject\",\"inLanguage\":\"fr-FR\",\"@id\":\"https:\/\/www.public.sn\/index.php\/2023\/05\/31\/viol-sur-des-jeunes-filles-mineures-agees-de-6-a-16-a-touba-keur-gol-madame-le-ministre-de-la-femme-de-la-famille-et-de-la-protection-des-enfants-condamne-et-promet-de\/#primaryimage\",\"url\":\"https:\/\/www.public.sn\/wp-content\/uploads\/2023\/05\/jad20220905-ass-senegal-hopital-1256x628-1662394998.jpg\",\"contentUrl\":\"https:\/\/www.public.sn\/wp-content\/uploads\/2023\/05\/jad20220905-ass-senegal-hopital-1256x628-1662394998.jpg\",\"width\":1256,\"height\":628},{\"@type\":\"BreadcrumbList\",\"@id\":\"https:\/\/www.public.sn\/index.php\/2023\/05\/31\/viol-sur-des-jeunes-filles-mineures-agees-de-6-a-16-a-touba-keur-gol-madame-le-ministre-de-la-femme-de-la-famille-et-de-la-protection-des-enfants-condamne-et-promet-de\/#breadcrumb\",\"itemListElement\":[{\"@type\":\"ListItem\",\"position\":1,\"name\":\"Accueil\",\"item\":\"https:\/\/www.public.sn\/\"},{\"@type\":\"ListItem\",\"position\":2,\"name\":\"Viol sur des jeunes filles mineures \u00e2g\u00e9es de 6 \u00e0 16 \u00e0 Touba Keur Gol : Madame le Ministre de la Femme, de la Famille et de la Protection des Enfants condamne et promet de &#8230;\"}]},{\"@type\":\"WebSite\",\"@id\":\"https:\/\/www.public.sn\/#website\",\"url\":\"https:\/\/www.public.sn\/\",\"name\":\"LE PUBLIC\",\"description\":\"\",\"publisher\":{\"@id\":\"https:\/\/www.public.sn\/#organization\"},\"potentialAction\":[{\"@type\":\"SearchAction\",\"target\":{\"@type\":\"EntryPoint\",\"urlTemplate\":\"https:\/\/www.public.sn\/?s={search_term_string}\"},\"query-input\":{\"@type\":\"PropertyValueSpecification\",\"valueRequired\":true,\"valueName\":\"search_term_string\"}}],\"inLanguage\":\"fr-FR\"},{\"@type\":\"Organization\",\"@id\":\"https:\/\/www.public.sn\/#organization\",\"name\":\"LE PUBLIC\",\"url\":\"https:\/\/www.public.sn\/\",\"logo\":{\"@type\":\"ImageObject\",\"inLanguage\":\"fr-FR\",\"@id\":\"https:\/\/www.public.sn\/#\/schema\/logo\/image\/\",\"url\":\"https:\/\/www.public.sn\/wp-content\/uploads\/2024\/05\/cropped-LOGO-PUBLIC.SN_.png\",\"contentUrl\":\"https:\/\/www.public.sn\/wp-content\/uploads\/2024\/05\/cropped-LOGO-PUBLIC.SN_.png\",\"width\":682,\"height\":192,\"caption\":\"LE PUBLIC\"},\"image\":{\"@id\":\"https:\/\/www.public.sn\/#\/schema\/logo\/image\/\"}},{\"@type\":\"Person\",\"@id\":\"https:\/\/www.public.sn\/#\/schema\/person\/e3f4a11b037d4203902db148f9bc8d5a\",\"name\":\"LA REDACTION\",\"image\":{\"@type\":\"ImageObject\",\"inLanguage\":\"fr-FR\",\"@id\":\"https:\/\/www.public.sn\/#\/schema\/person\/image\/\",\"url\":\"https:\/\/secure.gravatar.com\/avatar\/d6c030db45db2883c075085c5d6c6258654a801a93766b49af0b82d4f454e2a5?s=96&d=mm&r=g\",\"contentUrl\":\"https:\/\/secure.gravatar.com\/avatar\/d6c030db45db2883c075085c5d6c6258654a801a93766b49af0b82d4f454e2a5?s=96&d=mm&r=g\",\"caption\":\"LA REDACTION\"},\"sameAs\":[\"http:\/\/www.public.sn\"],\"url\":\"https:\/\/www.public.sn\/index.php\/author\/admin7324\/\"}]}<\/script>\n<!-- \/ Yoast SEO plugin. -->","yoast_head_json":{"title":"Viol sur des jeunes filles mineures \u00e2g\u00e9es de 6 \u00e0 16 \u00e0 Touba Keur Gol : Madame le Ministre de la Femme, de la Famille et de la Protection des Enfants condamne et promet de ... - LE PUBLIC","description":"Une affaire d'abus sexuel d\u00e9fraie la chronique \u00e0 Touba Keur gol, dans le d\u00e9partement de Mback\u00e9. Un ma\u00eetre coranique qui aurait viol\u00e9 plus d'une vingtaine d'enfants (des filles) \u00e2g\u00e9es de 6 \u00e0 16 ans. Dans un communiqu\u00e9 de presse dont Public.sn d\u00e9tient une copie, le Minist\u00e8re de la Femme, de la Famille et de la Protection des Enfants condamne cet acte et et engage ses services pour prendre en charge l\u2019accompagnement psychosocial et juridique des victimes.","robots":{"index":"index","follow":"follow","max-snippet":"max-snippet:-1","max-image-preview":"max-image-preview:large","max-video-preview":"max-video-preview:-1"},"canonical":"https:\/\/www.public.sn\/index.php\/2023\/05\/31\/viol-sur-des-jeunes-filles-mineures-agees-de-6-a-16-a-touba-keur-gol-madame-le-ministre-de-la-femme-de-la-famille-et-de-la-protection-des-enfants-condamne-et-promet-de\/","og_locale":"fr_FR","og_type":"article","og_title":"Viol sur des jeunes filles mineures \u00e2g\u00e9es de 6 \u00e0 16 \u00e0 Touba Keur Gol : Madame le Ministre de la Femme, de la Famille et de la Protection des Enfants condamne et promet de ... - LE PUBLIC","og_description":"Une affaire d'abus sexuel d\u00e9fraie la chronique \u00e0 Touba Keur gol, dans le d\u00e9partement de Mback\u00e9. Un ma\u00eetre coranique qui aurait viol\u00e9 plus d'une vingtaine d'enfants (des filles) \u00e2g\u00e9es de 6 \u00e0 16 ans. Dans un communiqu\u00e9 de presse dont Public.sn d\u00e9tient une copie, le Minist\u00e8re de la Femme, de la Famille et de la Protection des Enfants condamne cet acte et et engage ses services pour prendre en charge l\u2019accompagnement psychosocial et juridique des victimes.","og_url":"https:\/\/www.public.sn\/index.php\/2023\/05\/31\/viol-sur-des-jeunes-filles-mineures-agees-de-6-a-16-a-touba-keur-gol-madame-le-ministre-de-la-femme-de-la-famille-et-de-la-protection-des-enfants-condamne-et-promet-de\/","og_site_name":"LE PUBLIC","article_published_time":"2023-05-31T20:28:03+00:00","og_image":[{"width":1256,"height":628,"url":"https:\/\/www.public.sn\/wp-content\/uploads\/2023\/05\/jad20220905-ass-senegal-hopital-1256x628-1662394998.jpg","type":"image\/jpeg"}],"author":"LA REDACTION","twitter_card":"summary_large_image","twitter_misc":{"\u00c9crit par":"LA REDACTION","Dur\u00e9e de lecture estim\u00e9e":"2 minutes"},"schema":{"@context":"https:\/\/schema.org","@graph":[{"@type":"Article","@id":"https:\/\/www.public.sn\/index.php\/2023\/05\/31\/viol-sur-des-jeunes-filles-mineures-agees-de-6-a-16-a-touba-keur-gol-madame-le-ministre-de-la-femme-de-la-famille-et-de-la-protection-des-enfants-condamne-et-promet-de\/#article","isPartOf":{"@id":"https:\/\/www.public.sn\/index.php\/2023\/05\/31\/viol-sur-des-jeunes-filles-mineures-agees-de-6-a-16-a-touba-keur-gol-madame-le-ministre-de-la-femme-de-la-famille-et-de-la-protection-des-enfants-condamne-et-promet-de\/"},"author":{"name":"LA REDACTION","@id":"https:\/\/www.public.sn\/#\/schema\/person\/e3f4a11b037d4203902db148f9bc8d5a"},"headline":"Viol sur des jeunes filles mineures \u00e2g\u00e9es de 6 \u00e0 16 \u00e0 Touba Keur Gol : Madame le Ministre de la Femme, de la Famille et de la Protection des Enfants condamne et promet de &#8230;","datePublished":"2023-05-31T20:28:03+00:00","mainEntityOfPage":{"@id":"https:\/\/www.public.sn\/index.php\/2023\/05\/31\/viol-sur-des-jeunes-filles-mineures-agees-de-6-a-16-a-touba-keur-gol-madame-le-ministre-de-la-femme-de-la-famille-et-de-la-protection-des-enfants-condamne-et-promet-de\/"},"wordCount":269,"commentCount":0,"publisher":{"@id":"https:\/\/www.public.sn\/#organization"},"image":{"@id":"https:\/\/www.public.sn\/index.php\/2023\/05\/31\/viol-sur-des-jeunes-filles-mineures-agees-de-6-a-16-a-touba-keur-gol-madame-le-ministre-de-la-femme-de-la-famille-et-de-la-protection-des-enfants-condamne-et-promet-de\/#primaryimage"},"thumbnailUrl":"https:\/\/www.public.sn\/wp-content\/uploads\/2023\/05\/jad20220905-ass-senegal-hopital-1256x628-1662394998.jpg","keywords":["minist\u00e8re de la famille","Viol"],"articleSection":["POLITIQUE","S\u00c9N\u00c9GAL","SOCIETE"],"inLanguage":"fr-FR","potentialAction":[{"@type":"CommentAction","name":"Comment","target":["https:\/\/www.public.sn\/index.php\/2023\/05\/31\/viol-sur-des-jeunes-filles-mineures-agees-de-6-a-16-a-touba-keur-gol-madame-le-ministre-de-la-femme-de-la-famille-et-de-la-protection-des-enfants-condamne-et-promet-de\/#respond"]}]},{"@type":"WebPage","@id":"https:\/\/www.public.sn\/index.php\/2023\/05\/31\/viol-sur-des-jeunes-filles-mineures-agees-de-6-a-16-a-touba-keur-gol-madame-le-ministre-de-la-femme-de-la-famille-et-de-la-protection-des-enfants-condamne-et-promet-de\/","url":"https:\/\/www.public.sn\/index.php\/2023\/05\/31\/viol-sur-des-jeunes-filles-mineures-agees-de-6-a-16-a-touba-keur-gol-madame-le-ministre-de-la-femme-de-la-famille-et-de-la-protection-des-enfants-condamne-et-promet-de\/","name":"Viol sur des jeunes filles mineures \u00e2g\u00e9es de 6 \u00e0 16 \u00e0 Touba Keur Gol : Madame le Ministre de la Femme, de la Famille et de la Protection des Enfants condamne et promet de ... - LE PUBLIC","isPartOf":{"@id":"https:\/\/www.public.sn\/#website"},"primaryImageOfPage":{"@id":"https:\/\/www.public.sn\/index.php\/2023\/05\/31\/viol-sur-des-jeunes-filles-mineures-agees-de-6-a-16-a-touba-keur-gol-madame-le-ministre-de-la-femme-de-la-famille-et-de-la-protection-des-enfants-condamne-et-promet-de\/#primaryimage"},"image":{"@id":"https:\/\/www.public.sn\/index.php\/2023\/05\/31\/viol-sur-des-jeunes-filles-mineures-agees-de-6-a-16-a-touba-keur-gol-madame-le-ministre-de-la-femme-de-la-famille-et-de-la-protection-des-enfants-condamne-et-promet-de\/#primaryimage"},"thumbnailUrl":"https:\/\/www.public.sn\/wp-content\/uploads\/2023\/05\/jad20220905-ass-senegal-hopital-1256x628-1662394998.jpg","datePublished":"2023-05-31T20:28:03+00:00","description":"Une affaire d'abus sexuel d\u00e9fraie la chronique \u00e0 Touba Keur gol, dans le d\u00e9partement de Mback\u00e9. Un ma\u00eetre coranique qui aurait viol\u00e9 plus d'une vingtaine d'enfants (des filles) \u00e2g\u00e9es de 6 \u00e0 16 ans. Dans un communiqu\u00e9 de presse dont Public.sn d\u00e9tient une copie, le Minist\u00e8re de la Femme, de la Famille et de la Protection des Enfants condamne cet acte et et engage ses services pour prendre en charge l\u2019accompagnement psychosocial et juridique des victimes.","breadcrumb":{"@id":"https:\/\/www.public.sn\/index.php\/2023\/05\/31\/viol-sur-des-jeunes-filles-mineures-agees-de-6-a-16-a-touba-keur-gol-madame-le-ministre-de-la-femme-de-la-famille-et-de-la-protection-des-enfants-condamne-et-promet-de\/#breadcrumb"},"inLanguage":"fr-FR","potentialAction":[{"@type":"ReadAction","target":["https:\/\/www.public.sn\/index.php\/2023\/05\/31\/viol-sur-des-jeunes-filles-mineures-agees-de-6-a-16-a-touba-keur-gol-madame-le-ministre-de-la-femme-de-la-famille-et-de-la-protection-des-enfants-condamne-et-promet-de\/"]}]},{"@type":"ImageObject","inLanguage":"fr-FR","@id":"https:\/\/www.public.sn\/index.php\/2023\/05\/31\/viol-sur-des-jeunes-filles-mineures-agees-de-6-a-16-a-touba-keur-gol-madame-le-ministre-de-la-femme-de-la-famille-et-de-la-protection-des-enfants-condamne-et-promet-de\/#primaryimage","url":"https:\/\/www.public.sn\/wp-content\/uploads\/2023\/05\/jad20220905-ass-senegal-hopital-1256x628-1662394998.jpg","contentUrl":"https:\/\/www.public.sn\/wp-content\/uploads\/2023\/05\/jad20220905-ass-senegal-hopital-1256x628-1662394998.jpg","width":1256,"height":628},{"@type":"BreadcrumbList","@id":"https:\/\/www.public.sn\/index.php\/2023\/05\/31\/viol-sur-des-jeunes-filles-mineures-agees-de-6-a-16-a-touba-keur-gol-madame-le-ministre-de-la-femme-de-la-famille-et-de-la-protection-des-enfants-condamne-et-promet-de\/#breadcrumb","itemListElement":[{"@type":"ListItem","position":1,"name":"Accueil","item":"https:\/\/www.public.sn\/"},{"@type":"ListItem","position":2,"name":"Viol sur des jeunes filles mineures \u00e2g\u00e9es de 6 \u00e0 16 \u00e0 Touba Keur Gol : Madame le Ministre de la Femme, de la Famille et de la Protection des Enfants condamne et promet de &#8230;"}]},{"@type":"WebSite","@id":"https:\/\/www.public.sn\/#website","url":"https:\/\/www.public.sn\/","name":"LE PUBLIC","description":"","publisher":{"@id":"https:\/\/www.public.sn\/#organization"},"potentialAction":[{"@type":"SearchAction","target":{"@type":"EntryPoint","urlTemplate":"https:\/\/www.public.sn\/?s={search_term_string}"},"query-input":{"@type":"PropertyValueSpecification","valueRequired":true,"valueName":"search_term_string"}}],"inLanguage":"fr-FR"},{"@type":"Organization","@id":"https:\/\/www.public.sn\/#organization","name":"LE PUBLIC","url":"https:\/\/www.public.sn\/","logo":{"@type":"ImageObject","inLanguage":"fr-FR","@id":"https:\/\/www.public.sn\/#\/schema\/logo\/image\/","url":"https:\/\/www.public.sn\/wp-content\/uploads\/2024\/05\/cropped-LOGO-PUBLIC.SN_.png","contentUrl":"https:\/\/www.public.sn\/wp-content\/uploads\/2024\/05\/cropped-LOGO-PUBLIC.SN_.png","width":682,"height":192,"caption":"LE PUBLIC"},"image":{"@id":"https:\/\/www.public.sn\/#\/schema\/logo\/image\/"}},{"@type":"Person","@id":"https:\/\/www.public.sn\/#\/schema\/person\/e3f4a11b037d4203902db148f9bc8d5a","name":"LA REDACTION","image":{"@type":"ImageObject","inLanguage":"fr-FR","@id":"https:\/\/www.public.sn\/#\/schema\/person\/image\/","url":"https:\/\/secure.gravatar.com\/avatar\/d6c030db45db2883c075085c5d6c6258654a801a93766b49af0b82d4f454e2a5?s=96&d=mm&r=g","contentUrl":"https:\/\/secure.gravatar.com\/avatar\/d6c030db45db2883c075085c5d6c6258654a801a93766b49af0b82d4f454e2a5?s=96&d=mm&r=g","caption":"LA REDACTION"},"sameAs":["http:\/\/www.public.sn"],"url":"https:\/\/www.public.sn\/index.php\/author\/admin7324\/"}]}},"jetpack_featured_media_url":"https:\/\/www.public.sn\/wp-content\/uploads\/2023\/05\/jad20220905-ass-senegal-hopital-1256x628-1662394998.jpg","jetpack_sharing_enabled":true,"_links":{"self":[{"href":"https:\/\/www.public.sn\/index.php\/wp-json\/wp\/v2\/posts\/22878","targetHints":{"allow":["GET"]}}],"collection":[{"href":"https:\/\/www.public.sn\/index.php\/wp-json\/wp\/v2\/posts"}],"about":[{"href":"https:\/\/www.public.sn\/index.php\/wp-json\/wp\/v2\/types\/post"}],"author":[{"embeddable":true,"href":"https:\/\/www.public.sn\/index.php\/wp-json\/wp\/v2\/users\/1"}],"replies":[{"embeddable":true,"href":"https:\/\/www.public.sn\/index.php\/wp-json\/wp\/v2\/comments?post=22878"}],"version-history":[{"count":4,"href":"https:\/\/www.public.sn\/index.php\/wp-json\/wp\/v2\/posts\/22878\/revisions"}],"predecessor-version":[{"id":22883,"href":"https:\/\/www.public.sn\/index.php\/wp-json\/wp\/v2\/posts\/22878\/revisions\/22883"}],"wp:featuredmedia":[{"embeddable":true,"href":"https:\/\/www.public.sn\/index.php\/wp-json\/wp\/v2\/media\/22880"}],"wp:attachment":[{"href":"https:\/\/www.public.sn\/index.php\/wp-json\/wp\/v2\/media?parent=22878"}],"wp:term":[{"taxonomy":"category","embeddable":true,"href":"https:\/\/www.public.sn\/index.php\/wp-json\/wp\/v2\/categories?post=22878"},{"taxonomy":"post_tag","embeddable":true,"href":"https:\/\/www.public.sn\/index.php\/wp-json\/wp\/v2\/tags?post=22878"}],"curies":[{"name":"wp","href":"https:\/\/api.w.org\/{rel}","templated":true}]}}