{"id":22942,"date":"2023-06-01T18:38:08","date_gmt":"2023-06-01T18:38:08","guid":{"rendered":"https:\/\/www.public.sn\/?p=22942"},"modified":"2023-06-01T18:38:08","modified_gmt":"2023-06-01T18:38:08","slug":"manifestations-un-deuxieme-mort-annonce-a-ziguinchor","status":"publish","type":"post","link":"https:\/\/www.public.sn\/index.php\/2023\/06\/01\/manifestations-un-deuxieme-mort-annonce-a-ziguinchor\/","title":{"rendered":"Manifestations : un deuxi\u00e8me mort annonc\u00e9 \u00e0 Ziguinchor"},"content":{"rendered":"<p><strong>La situation devient de plus en plus inqui\u00e9tante. A Ziguinchor, un deuxi\u00e8me mort\u00a0 est annonc\u00e9 par la RFM.<\/strong><\/p><div class=\"publi-paragraphe1\" style=\"margin-top: 10px;margin-bottom: 10px;margin-left: auto;margin-right: auto;text-align: center;\" id=\"publi-334796973\"><div class=\"publi-adlabel\">Publicit\u00e9<\/div><script async src=\"\/\/pagead2.googlesyndication.com\/pagead\/js\/adsbygoogle.js?client=ca-pub-4089586018074219\" crossorigin=\"anonymous\"><\/script><ins class=\"adsbygoogle\" style=\"display:block;\" data-ad-client=\"ca-pub-4089586018074219\" \ndata-ad-slot=\"2087940154\" \ndata-ad-format=\"auto\"><\/ins>\n<script> \n(adsbygoogle = window.adsbygoogle || []).push({}); \n<\/script>\n<\/div>\n<p>Ces soul\u00e8vements interviennent apr\u00e8s l\u2019annonce du verdict du proc\u00e8s Ousmane Sonko-Adji Sarr. La victime s\u2019appelle Omar Sarr. Ce qui porte le bilan \u00e0 deux morts dans cette ville dirig\u00e9e par Ousmane Sonko.<\/p>\n<p>Un peu plus t\u00f4t, nous avions appris le d\u00e9c\u00e8s de Sidya Diatta, \u00e2g\u00e9e d\u2019une trentaine d\u2019ann\u00e9es et membre des Jeunes patriotes du S\u00e9n\u00e9gal (JPS) du parti PASTEF.<\/p>\n<div class=\"publi-apres-le-contenu\" style=\"margin-top: 10px;margin-bottom: 10px;margin-left: auto;margin-right: auto;text-align: center;\" id=\"publi-3642399617\"><div class=\"publi-adlabel\">Publicit\u00e9<\/div><script async src=\"\/\/pagead2.googlesyndication.com\/pagead\/js\/adsbygoogle.js?client=ca-pub-4089586018074219\" crossorigin=\"anonymous\"><\/script><ins class=\"adsbygoogle\" style=\"display:block;\" data-ad-client=\"ca-pub-4089586018074219\" \ndata-ad-slot=\"2087940154\" \ndata-ad-format=\"auto\"><\/ins>\n<script> \n(adsbygoogle = window.adsbygoogle || []).push({}); \n<\/script>\n<\/div>","protected":false},"excerpt":{"rendered":"<p>La situation devient de plus en plus inqui\u00e9tante. A Ziguinchor, un deuxi\u00e8me mort\u00a0 est annonc\u00e9 par la RFM. Ces soul\u00e8vements interviennent apr\u00e8s l\u2019annonce du verdict du proc\u00e8s Ousmane Sonko-Adji Sarr. La victime s\u2019appelle Omar Sarr. Ce qui porte le bilan \u00e0 deux morts dans cette ville dirig\u00e9e par Ousmane Sonko. Un peu plus t\u00f4t, nous avions appris le d\u00e9c\u00e8s de Sidya Diatta, \u00e2g\u00e9e d\u2019une trentaine d\u2019ann\u00e9es et membre des Jeunes patriotes du S\u00e9n\u00e9gal (JPS) du parti PASTEF.<\/p>\n","protected":false},"author":1,"featured_media":16640,"comment_status":"open","ping_status":"open","sticky":false,"template":"","format":"standard","meta":{"_jetpack_memberships_contains_paid_content":false,"footnotes":""},"categories":[375,371,3,1,372],"tags":[374,4352,196],"class_list":["post-22942","post","type-post","status-publish","format-standard","has-post-thumbnail","hentry","category-actualites","category-necrologie","category-politique","category-non-classe","category-vedette","tag-deces","tag-manifestations","tag-ziguinchor","entry","has-media","owp-thumbs-layout-horizontal","owp-btn-normal","owp-tabs-layout-horizontal","has-no-thumbnails","has-product-nav"],"yoast_head":"<!-- This site is optimized with the Yoast SEO plugin v25.5 - https:\/\/yoast.com\/wordpress\/plugins\/seo\/ -->\n<title>Manifestations : un deuxi\u00e8me mort annonc\u00e9 \u00e0 Ziguinchor - LE PUBLIC<\/title>\n<meta name=\"description\" content=\"La situation devient de plus en plus inqui\u00e9tante. A Ziguinchor, un deuxi\u00e8me mort\u00a0 est annonc\u00e9 par la RFM.\" \/>\n<meta name=\"robots\" content=\"index, follow, max-snippet:-1, max-image-preview:large, max-video-preview:-1\" \/>\n<link rel=\"canonical\" href=\"https:\/\/www.public.sn\/index.php\/2023\/06\/01\/manifestations-un-deuxieme-mort-annonce-a-ziguinchor\/\" \/>\n<meta property=\"og:locale\" content=\"fr_FR\" \/>\n<meta property=\"og:type\" content=\"article\" \/>\n<meta property=\"og:title\" content=\"Manifestations : un deuxi\u00e8me mort annonc\u00e9 \u00e0 Ziguinchor - LE PUBLIC\" \/>\n<meta property=\"og:description\" content=\"La situation devient de plus en plus inqui\u00e9tante. A Ziguinchor, un deuxi\u00e8me mort\u00a0 est annonc\u00e9 par la RFM.\" \/>\n<meta property=\"og:url\" content=\"https:\/\/www.public.sn\/index.php\/2023\/06\/01\/manifestations-un-deuxieme-mort-annonce-a-ziguinchor\/\" \/>\n<meta property=\"og:site_name\" content=\"LE PUBLIC\" \/>\n<meta property=\"article:published_time\" content=\"2023-06-01T18:38:08+00:00\" \/>\n<meta property=\"og:image\" content=\"https:\/\/www.public.sn\/wp-content\/uploads\/2023\/02\/manifestation-du-16-Fevrier.png\" \/>\n\t<meta property=\"og:image:width\" content=\"597\" \/>\n\t<meta property=\"og:image:height\" content=\"294\" \/>\n\t<meta property=\"og:image:type\" content=\"image\/png\" \/>\n<meta name=\"author\" content=\"LA REDACTION\" \/>\n<meta name=\"twitter:card\" content=\"summary_large_image\" \/>\n<meta name=\"twitter:label1\" content=\"\u00c9crit par\" \/>\n\t<meta name=\"twitter:data1\" content=\"LA REDACTION\" \/>\n\t<meta name=\"twitter:label2\" content=\"Dur\u00e9e de lecture estim\u00e9e\" \/>\n\t<meta name=\"twitter:data2\" content=\"1 minute\" \/>\n<script type=\"application\/ld+json\" class=\"yoast-schema-graph\">{\"@context\":\"https:\/\/schema.org\",\"@graph\":[{\"@type\":\"Article\",\"@id\":\"https:\/\/www.public.sn\/index.php\/2023\/06\/01\/manifestations-un-deuxieme-mort-annonce-a-ziguinchor\/#article\",\"isPartOf\":{\"@id\":\"https:\/\/www.public.sn\/index.php\/2023\/06\/01\/manifestations-un-deuxieme-mort-annonce-a-ziguinchor\/\"},\"author\":{\"name\":\"LA REDACTION\",\"@id\":\"https:\/\/www.public.sn\/#\/schema\/person\/e3f4a11b037d4203902db148f9bc8d5a\"},\"headline\":\"Manifestations : un deuxi\u00e8me mort annonc\u00e9 \u00e0 Ziguinchor\",\"datePublished\":\"2023-06-01T18:38:08+00:00\",\"mainEntityOfPage\":{\"@id\":\"https:\/\/www.public.sn\/index.php\/2023\/06\/01\/manifestations-un-deuxieme-mort-annonce-a-ziguinchor\/\"},\"wordCount\":100,\"commentCount\":0,\"publisher\":{\"@id\":\"https:\/\/www.public.sn\/#organization\"},\"image\":{\"@id\":\"https:\/\/www.public.sn\/index.php\/2023\/06\/01\/manifestations-un-deuxieme-mort-annonce-a-ziguinchor\/#primaryimage\"},\"thumbnailUrl\":\"https:\/\/www.public.sn\/wp-content\/uploads\/2023\/02\/manifestation-du-16-Fevrier.png\",\"keywords\":[\"d\u00e9c\u00e8s\",\"manifestations\",\"Ziguinchor\"],\"articleSection\":[\"ACTUALIT\u00c9S\",\"N\u00c9CROLOGIE\",\"POLITIQUE\",\"S\u00c9N\u00c9GAL\",\"VEDETTE\"],\"inLanguage\":\"fr-FR\",\"potentialAction\":[{\"@type\":\"CommentAction\",\"name\":\"Comment\",\"target\":[\"https:\/\/www.public.sn\/index.php\/2023\/06\/01\/manifestations-un-deuxieme-mort-annonce-a-ziguinchor\/#respond\"]}]},{\"@type\":\"WebPage\",\"@id\":\"https:\/\/www.public.sn\/index.php\/2023\/06\/01\/manifestations-un-deuxieme-mort-annonce-a-ziguinchor\/\",\"url\":\"https:\/\/www.public.sn\/index.php\/2023\/06\/01\/manifestations-un-deuxieme-mort-annonce-a-ziguinchor\/\",\"name\":\"Manifestations : un deuxi\u00e8me mort annonc\u00e9 \u00e0 Ziguinchor - LE PUBLIC\",\"isPartOf\":{\"@id\":\"https:\/\/www.public.sn\/#website\"},\"primaryImageOfPage\":{\"@id\":\"https:\/\/www.public.sn\/index.php\/2023\/06\/01\/manifestations-un-deuxieme-mort-annonce-a-ziguinchor\/#primaryimage\"},\"image\":{\"@id\":\"https:\/\/www.public.sn\/index.php\/2023\/06\/01\/manifestations-un-deuxieme-mort-annonce-a-ziguinchor\/#primaryimage\"},\"thumbnailUrl\":\"https:\/\/www.public.sn\/wp-content\/uploads\/2023\/02\/manifestation-du-16-Fevrier.png\",\"datePublished\":\"2023-06-01T18:38:08+00:00\",\"description\":\"La situation devient de plus en plus inqui\u00e9tante. A Ziguinchor, un deuxi\u00e8me mort\u00a0 est annonc\u00e9 par la RFM.\",\"breadcrumb\":{\"@id\":\"https:\/\/www.public.sn\/index.php\/2023\/06\/01\/manifestations-un-deuxieme-mort-annonce-a-ziguinchor\/#breadcrumb\"},\"inLanguage\":\"fr-FR\",\"potentialAction\":[{\"@type\":\"ReadAction\",\"target\":[\"https:\/\/www.public.sn\/index.php\/2023\/06\/01\/manifestations-un-deuxieme-mort-annonce-a-ziguinchor\/\"]}]},{\"@type\":\"ImageObject\",\"inLanguage\":\"fr-FR\",\"@id\":\"https:\/\/www.public.sn\/index.php\/2023\/06\/01\/manifestations-un-deuxieme-mort-annonce-a-ziguinchor\/#primaryimage\",\"url\":\"https:\/\/www.public.sn\/wp-content\/uploads\/2023\/02\/manifestation-du-16-Fevrier.png\",\"contentUrl\":\"https:\/\/www.public.sn\/wp-content\/uploads\/2023\/02\/manifestation-du-16-Fevrier.png\",\"width\":597,\"height\":294},{\"@type\":\"BreadcrumbList\",\"@id\":\"https:\/\/www.public.sn\/index.php\/2023\/06\/01\/manifestations-un-deuxieme-mort-annonce-a-ziguinchor\/#breadcrumb\",\"itemListElement\":[{\"@type\":\"ListItem\",\"position\":1,\"name\":\"Accueil\",\"item\":\"https:\/\/www.public.sn\/\"},{\"@type\":\"ListItem\",\"position\":2,\"name\":\"Manifestations : un deuxi\u00e8me mort annonc\u00e9 \u00e0 Ziguinchor\"}]},{\"@type\":\"WebSite\",\"@id\":\"https:\/\/www.public.sn\/#website\",\"url\":\"https:\/\/www.public.sn\/\",\"name\":\"LE PUBLIC\",\"description\":\"\",\"publisher\":{\"@id\":\"https:\/\/www.public.sn\/#organization\"},\"potentialAction\":[{\"@type\":\"SearchAction\",\"target\":{\"@type\":\"EntryPoint\",\"urlTemplate\":\"https:\/\/www.public.sn\/?s={search_term_string}\"},\"query-input\":{\"@type\":\"PropertyValueSpecification\",\"valueRequired\":true,\"valueName\":\"search_term_string\"}}],\"inLanguage\":\"fr-FR\"},{\"@type\":\"Organization\",\"@id\":\"https:\/\/www.public.sn\/#organization\",\"name\":\"LE PUBLIC\",\"url\":\"https:\/\/www.public.sn\/\",\"logo\":{\"@type\":\"ImageObject\",\"inLanguage\":\"fr-FR\",\"@id\":\"https:\/\/www.public.sn\/#\/schema\/logo\/image\/\",\"url\":\"https:\/\/www.public.sn\/wp-content\/uploads\/2024\/05\/cropped-LOGO-PUBLIC.SN_.png\",\"contentUrl\":\"https:\/\/www.public.sn\/wp-content\/uploads\/2024\/05\/cropped-LOGO-PUBLIC.SN_.png\",\"width\":682,\"height\":192,\"caption\":\"LE PUBLIC\"},\"image\":{\"@id\":\"https:\/\/www.public.sn\/#\/schema\/logo\/image\/\"}},{\"@type\":\"Person\",\"@id\":\"https:\/\/www.public.sn\/#\/schema\/person\/e3f4a11b037d4203902db148f9bc8d5a\",\"name\":\"LA REDACTION\",\"image\":{\"@type\":\"ImageObject\",\"inLanguage\":\"fr-FR\",\"@id\":\"https:\/\/www.public.sn\/#\/schema\/person\/image\/\",\"url\":\"https:\/\/secure.gravatar.com\/avatar\/d6c030db45db2883c075085c5d6c6258654a801a93766b49af0b82d4f454e2a5?s=96&d=mm&r=g\",\"contentUrl\":\"https:\/\/secure.gravatar.com\/avatar\/d6c030db45db2883c075085c5d6c6258654a801a93766b49af0b82d4f454e2a5?s=96&d=mm&r=g\",\"caption\":\"LA REDACTION\"},\"sameAs\":[\"http:\/\/www.public.sn\"],\"url\":\"https:\/\/www.public.sn\/index.php\/author\/admin7324\/\"}]}<\/script>\n<!-- \/ Yoast SEO plugin. -->","yoast_head_json":{"title":"Manifestations : un deuxi\u00e8me mort annonc\u00e9 \u00e0 Ziguinchor - LE PUBLIC","description":"La situation devient de plus en plus inqui\u00e9tante. A Ziguinchor, un deuxi\u00e8me mort\u00a0 est annonc\u00e9 par la RFM.","robots":{"index":"index","follow":"follow","max-snippet":"max-snippet:-1","max-image-preview":"max-image-preview:large","max-video-preview":"max-video-preview:-1"},"canonical":"https:\/\/www.public.sn\/index.php\/2023\/06\/01\/manifestations-un-deuxieme-mort-annonce-a-ziguinchor\/","og_locale":"fr_FR","og_type":"article","og_title":"Manifestations : un deuxi\u00e8me mort annonc\u00e9 \u00e0 Ziguinchor - LE PUBLIC","og_description":"La situation devient de plus en plus inqui\u00e9tante. A Ziguinchor, un deuxi\u00e8me mort\u00a0 est annonc\u00e9 par la RFM.","og_url":"https:\/\/www.public.sn\/index.php\/2023\/06\/01\/manifestations-un-deuxieme-mort-annonce-a-ziguinchor\/","og_site_name":"LE PUBLIC","article_published_time":"2023-06-01T18:38:08+00:00","og_image":[{"width":597,"height":294,"url":"https:\/\/www.public.sn\/wp-content\/uploads\/2023\/02\/manifestation-du-16-Fevrier.png","type":"image\/png"}],"author":"LA REDACTION","twitter_card":"summary_large_image","twitter_misc":{"\u00c9crit par":"LA REDACTION","Dur\u00e9e de lecture estim\u00e9e":"1 minute"},"schema":{"@context":"https:\/\/schema.org","@graph":[{"@type":"Article","@id":"https:\/\/www.public.sn\/index.php\/2023\/06\/01\/manifestations-un-deuxieme-mort-annonce-a-ziguinchor\/#article","isPartOf":{"@id":"https:\/\/www.public.sn\/index.php\/2023\/06\/01\/manifestations-un-deuxieme-mort-annonce-a-ziguinchor\/"},"author":{"name":"LA REDACTION","@id":"https:\/\/www.public.sn\/#\/schema\/person\/e3f4a11b037d4203902db148f9bc8d5a"},"headline":"Manifestations : un deuxi\u00e8me mort annonc\u00e9 \u00e0 Ziguinchor","datePublished":"2023-06-01T18:38:08+00:00","mainEntityOfPage":{"@id":"https:\/\/www.public.sn\/index.php\/2023\/06\/01\/manifestations-un-deuxieme-mort-annonce-a-ziguinchor\/"},"wordCount":100,"commentCount":0,"publisher":{"@id":"https:\/\/www.public.sn\/#organization"},"image":{"@id":"https:\/\/www.public.sn\/index.php\/2023\/06\/01\/manifestations-un-deuxieme-mort-annonce-a-ziguinchor\/#primaryimage"},"thumbnailUrl":"https:\/\/www.public.sn\/wp-content\/uploads\/2023\/02\/manifestation-du-16-Fevrier.png","keywords":["d\u00e9c\u00e8s","manifestations","Ziguinchor"],"articleSection":["ACTUALIT\u00c9S","N\u00c9CROLOGIE","POLITIQUE","S\u00c9N\u00c9GAL","VEDETTE"],"inLanguage":"fr-FR","potentialAction":[{"@type":"CommentAction","name":"Comment","target":["https:\/\/www.public.sn\/index.php\/2023\/06\/01\/manifestations-un-deuxieme-mort-annonce-a-ziguinchor\/#respond"]}]},{"@type":"WebPage","@id":"https:\/\/www.public.sn\/index.php\/2023\/06\/01\/manifestations-un-deuxieme-mort-annonce-a-ziguinchor\/","url":"https:\/\/www.public.sn\/index.php\/2023\/06\/01\/manifestations-un-deuxieme-mort-annonce-a-ziguinchor\/","name":"Manifestations : un deuxi\u00e8me mort annonc\u00e9 \u00e0 Ziguinchor - LE PUBLIC","isPartOf":{"@id":"https:\/\/www.public.sn\/#website"},"primaryImageOfPage":{"@id":"https:\/\/www.public.sn\/index.php\/2023\/06\/01\/manifestations-un-deuxieme-mort-annonce-a-ziguinchor\/#primaryimage"},"image":{"@id":"https:\/\/www.public.sn\/index.php\/2023\/06\/01\/manifestations-un-deuxieme-mort-annonce-a-ziguinchor\/#primaryimage"},"thumbnailUrl":"https:\/\/www.public.sn\/wp-content\/uploads\/2023\/02\/manifestation-du-16-Fevrier.png","datePublished":"2023-06-01T18:38:08+00:00","description":"La situation devient de plus en plus inqui\u00e9tante. A Ziguinchor, un deuxi\u00e8me mort\u00a0 est annonc\u00e9 par la RFM.","breadcrumb":{"@id":"https:\/\/www.public.sn\/index.php\/2023\/06\/01\/manifestations-un-deuxieme-mort-annonce-a-ziguinchor\/#breadcrumb"},"inLanguage":"fr-FR","potentialAction":[{"@type":"ReadAction","target":["https:\/\/www.public.sn\/index.php\/2023\/06\/01\/manifestations-un-deuxieme-mort-annonce-a-ziguinchor\/"]}]},{"@type":"ImageObject","inLanguage":"fr-FR","@id":"https:\/\/www.public.sn\/index.php\/2023\/06\/01\/manifestations-un-deuxieme-mort-annonce-a-ziguinchor\/#primaryimage","url":"https:\/\/www.public.sn\/wp-content\/uploads\/2023\/02\/manifestation-du-16-Fevrier.png","contentUrl":"https:\/\/www.public.sn\/wp-content\/uploads\/2023\/02\/manifestation-du-16-Fevrier.png","width":597,"height":294},{"@type":"BreadcrumbList","@id":"https:\/\/www.public.sn\/index.php\/2023\/06\/01\/manifestations-un-deuxieme-mort-annonce-a-ziguinchor\/#breadcrumb","itemListElement":[{"@type":"ListItem","position":1,"name":"Accueil","item":"https:\/\/www.public.sn\/"},{"@type":"ListItem","position":2,"name":"Manifestations : un deuxi\u00e8me mort annonc\u00e9 \u00e0 Ziguinchor"}]},{"@type":"WebSite","@id":"https:\/\/www.public.sn\/#website","url":"https:\/\/www.public.sn\/","name":"LE PUBLIC","description":"","publisher":{"@id":"https:\/\/www.public.sn\/#organization"},"potentialAction":[{"@type":"SearchAction","target":{"@type":"EntryPoint","urlTemplate":"https:\/\/www.public.sn\/?s={search_term_string}"},"query-input":{"@type":"PropertyValueSpecification","valueRequired":true,"valueName":"search_term_string"}}],"inLanguage":"fr-FR"},{"@type":"Organization","@id":"https:\/\/www.public.sn\/#organization","name":"LE PUBLIC","url":"https:\/\/www.public.sn\/","logo":{"@type":"ImageObject","inLanguage":"fr-FR","@id":"https:\/\/www.public.sn\/#\/schema\/logo\/image\/","url":"https:\/\/www.public.sn\/wp-content\/uploads\/2024\/05\/cropped-LOGO-PUBLIC.SN_.png","contentUrl":"https:\/\/www.public.sn\/wp-content\/uploads\/2024\/05\/cropped-LOGO-PUBLIC.SN_.png","width":682,"height":192,"caption":"LE PUBLIC"},"image":{"@id":"https:\/\/www.public.sn\/#\/schema\/logo\/image\/"}},{"@type":"Person","@id":"https:\/\/www.public.sn\/#\/schema\/person\/e3f4a11b037d4203902db148f9bc8d5a","name":"LA REDACTION","image":{"@type":"ImageObject","inLanguage":"fr-FR","@id":"https:\/\/www.public.sn\/#\/schema\/person\/image\/","url":"https:\/\/secure.gravatar.com\/avatar\/d6c030db45db2883c075085c5d6c6258654a801a93766b49af0b82d4f454e2a5?s=96&d=mm&r=g","contentUrl":"https:\/\/secure.gravatar.com\/avatar\/d6c030db45db2883c075085c5d6c6258654a801a93766b49af0b82d4f454e2a5?s=96&d=mm&r=g","caption":"LA REDACTION"},"sameAs":["http:\/\/www.public.sn"],"url":"https:\/\/www.public.sn\/index.php\/author\/admin7324\/"}]}},"jetpack_featured_media_url":"https:\/\/www.public.sn\/wp-content\/uploads\/2023\/02\/manifestation-du-16-Fevrier.png","jetpack_sharing_enabled":true,"_links":{"self":[{"href":"https:\/\/www.public.sn\/index.php\/wp-json\/wp\/v2\/posts\/22942","targetHints":{"allow":["GET"]}}],"collection":[{"href":"https:\/\/www.public.sn\/index.php\/wp-json\/wp\/v2\/posts"}],"about":[{"href":"https:\/\/www.public.sn\/index.php\/wp-json\/wp\/v2\/types\/post"}],"author":[{"embeddable":true,"href":"https:\/\/www.public.sn\/index.php\/wp-json\/wp\/v2\/users\/1"}],"replies":[{"embeddable":true,"href":"https:\/\/www.public.sn\/index.php\/wp-json\/wp\/v2\/comments?post=22942"}],"version-history":[{"count":1,"href":"https:\/\/www.public.sn\/index.php\/wp-json\/wp\/v2\/posts\/22942\/revisions"}],"predecessor-version":[{"id":22943,"href":"https:\/\/www.public.sn\/index.php\/wp-json\/wp\/v2\/posts\/22942\/revisions\/22943"}],"wp:featuredmedia":[{"embeddable":true,"href":"https:\/\/www.public.sn\/index.php\/wp-json\/wp\/v2\/media\/16640"}],"wp:attachment":[{"href":"https:\/\/www.public.sn\/index.php\/wp-json\/wp\/v2\/media?parent=22942"}],"wp:term":[{"taxonomy":"category","embeddable":true,"href":"https:\/\/www.public.sn\/index.php\/wp-json\/wp\/v2\/categories?post=22942"},{"taxonomy":"post_tag","embeddable":true,"href":"https:\/\/www.public.sn\/index.php\/wp-json\/wp\/v2\/tags?post=22942"}],"curies":[{"name":"wp","href":"https:\/\/api.w.org\/{rel}","templated":true}]}}