{"id":22957,"date":"2023-06-02T16:18:23","date_gmt":"2023-06-02T16:18:23","guid":{"rendered":"https:\/\/www.public.sn\/?p=22957"},"modified":"2023-06-02T16:18:23","modified_gmt":"2023-06-02T16:18:23","slug":"me-cledor-ly-avec-ce-verdict-ousmane-sonko-est-degage-du-controle-judiciaire-et-recouvre-sa-pleine-et-totale-liberte","status":"publish","type":"post","link":"https:\/\/www.public.sn\/index.php\/2023\/06\/02\/me-cledor-ly-avec-ce-verdict-ousmane-sonko-est-degage-du-controle-judiciaire-et-recouvre-sa-pleine-et-totale-liberte\/","title":{"rendered":"Me  Cl\u00e9dor Ly : \u201cAvec ce verdict , Ousmane Sonko est d\u00e9gag\u00e9 du contr\u00f4le judiciaire et recouvre sa pleine et totale libert\u00e9\u201d"},"content":{"rendered":"<div><strong><span style=\"font-size: x-large;\">Dans un texte parvenu \u00e0 notre r\u00e9daction, Me Cir\u00e9 Cl\u00e9dor Ly estime qu\u2019apr\u00e8s sa condamnation, hier, \u00ab\u00a0Ousmane Sonko est d\u00e9gag\u00e9 du contr\u00f4le judiciaire et recouvre sa pleine et totale libert\u00e9\u201d. <\/span><\/strong><\/div>\n<div><span style=\"font-size: x-large;\">En <\/span><span style=\"font-size: x-large;\">effet,\u201cson passeport doit lui \u00eatre imm\u00e9diatement remit \u00e0 l&rsquo;instant et sans d\u00e9lai, les barri\u00e8res \u00e9rig\u00e9es devant son domicile devront aussi \u00eatre lev\u00e9es et les forces de r\u00e9pression renvoy\u00e9es illico presto dans leurs casernes\u201d, indique-t-il dans le texte que nous publions in extenso.\u00a0<\/span><\/div>\n<div><span style=\"font-size: x-large;\">\u201cL&rsquo;\u00e9tat avait mis la r\u00e9sidence de Ousmane Sonko en \u00e9tat de si\u00e8ge dans l&rsquo;attente qu&rsquo;on lui livre une commande politique emportant privation syst\u00e9matique de ses Droits \u00e9lectoraux, \u00e0 savoir une condamnation avilissante et infamante pour crime de viol.<\/span><\/div>\n<div><span style=\"font-size: x-large;\">Pour rappel, Ousmane Sonko n&rsquo;a jamais re\u00e7u de convocation et n&rsquo;a pu compara\u00eetre ni \u00eatre d\u00e9fendu.\u00a0<\/span><\/div>\n<div><span style=\"font-size: x-large;\">La Chambre Criminelle n&rsquo;a pu livrer la commande et a prononc\u00e9 un verdict d&rsquo;acquittement.<\/span><\/div>\n<div><strong>Lala RASSOUL<\/strong><\/div>\n<div class=\"publi-apres-le-contenu\" style=\"margin-top: 10px;margin-bottom: 10px;margin-left: auto;margin-right: auto;text-align: center;\" id=\"publi-3770944362\"><div class=\"publi-adlabel\">Publicit\u00e9<\/div><script async src=\"\/\/pagead2.googlesyndication.com\/pagead\/js\/adsbygoogle.js?client=ca-pub-4089586018074219\" crossorigin=\"anonymous\"><\/script><ins class=\"adsbygoogle\" style=\"display:block;\" data-ad-client=\"ca-pub-4089586018074219\" \ndata-ad-slot=\"2087940154\" \ndata-ad-format=\"auto\"><\/ins>\n<script> \n(adsbygoogle = window.adsbygoogle || []).push({}); \n<\/script>\n<\/div>","protected":false},"excerpt":{"rendered":"<p>Dans un texte parvenu \u00e0 notre r\u00e9daction, Me Cir\u00e9 Cl\u00e9dor Ly estime qu\u2019apr\u00e8s sa condamnation, hier, \u00ab\u00a0Ousmane Sonko est d\u00e9gag\u00e9 du contr\u00f4le judiciaire et recouvre sa pleine et totale libert\u00e9\u201d. En effet,\u201cson passeport doit lui \u00eatre imm\u00e9diatement remit \u00e0 l&rsquo;instant et sans d\u00e9lai, les barri\u00e8res \u00e9rig\u00e9es devant son domicile devront aussi \u00eatre lev\u00e9es et les forces de r\u00e9pression renvoy\u00e9es illico presto dans leurs casernes\u201d, indique-t-il dans le texte que nous publions in extenso.\u00a0 \u201cL&rsquo;\u00e9tat avait mis la r\u00e9sidence de Ousmane Sonko en \u00e9tat de si\u00e8ge dans l&rsquo;attente qu&rsquo;on lui livre une commande politique emportant privation syst\u00e9matique de ses Droits \u00e9lectoraux, \u00e0 savoir une condamnation avilissante et infamante pour crime de viol. Pour rappel, Ousmane Sonko n&rsquo;a jamais re\u00e7u de convocation et n&rsquo;a pu compara\u00eetre ni \u00eatre d\u00e9fendu.\u00a0 La Chambre Criminelle n&rsquo;a pu livrer la commande et a prononc\u00e9 un verdict d&rsquo;acquittement. Lala RASSOUL<\/p>\n","protected":false},"author":7,"featured_media":22958,"comment_status":"open","ping_status":"open","sticky":false,"template":"","format":"standard","meta":{"_jetpack_memberships_contains_paid_content":false,"footnotes":""},"categories":[375,3],"tags":[],"class_list":["post-22957","post","type-post","status-publish","format-standard","has-post-thumbnail","hentry","category-actualites","category-politique","entry","has-media","owp-thumbs-layout-horizontal","owp-btn-normal","owp-tabs-layout-horizontal","has-no-thumbnails","has-product-nav"],"yoast_head":"<!-- This site is optimized with the Yoast SEO plugin v25.5 - https:\/\/yoast.com\/wordpress\/plugins\/seo\/ -->\n<title>Me Cl\u00e9dor Ly : \u201cAvec ce verdict , Ousmane Sonko est d\u00e9gag\u00e9 du contr\u00f4le judiciaire et recouvre sa pleine et totale libert\u00e9\u201d - LE PUBLIC<\/title>\n<meta name=\"robots\" content=\"index, follow, max-snippet:-1, max-image-preview:large, max-video-preview:-1\" \/>\n<link rel=\"canonical\" href=\"https:\/\/www.public.sn\/index.php\/2023\/06\/02\/me-cledor-ly-avec-ce-verdict-ousmane-sonko-est-degage-du-controle-judiciaire-et-recouvre-sa-pleine-et-totale-liberte\/\" \/>\n<meta property=\"og:locale\" content=\"fr_FR\" \/>\n<meta property=\"og:type\" content=\"article\" \/>\n<meta property=\"og:title\" content=\"Me Cl\u00e9dor Ly : \u201cAvec ce verdict , Ousmane Sonko est d\u00e9gag\u00e9 du contr\u00f4le judiciaire et recouvre sa pleine et totale libert\u00e9\u201d - LE PUBLIC\" \/>\n<meta property=\"og:description\" content=\"Dans un texte parvenu \u00e0 notre r\u00e9daction, Me Cir\u00e9 Cl\u00e9dor Ly estime qu\u2019apr\u00e8s sa condamnation, hier, \u00ab\u00a0Ousmane Sonko est d\u00e9gag\u00e9 du contr\u00f4le judiciaire et recouvre sa pleine et totale libert\u00e9\u201d. En effet,\u201cson passeport doit lui \u00eatre imm\u00e9diatement remit \u00e0 l&rsquo;instant et sans d\u00e9lai, les barri\u00e8res \u00e9rig\u00e9es devant son domicile devront aussi \u00eatre lev\u00e9es et les forces de r\u00e9pression renvoy\u00e9es illico presto dans leurs casernes\u201d, indique-t-il dans le texte que nous publions in extenso.\u00a0 \u201cL&rsquo;\u00e9tat avait mis la r\u00e9sidence de Ousmane Sonko en \u00e9tat de si\u00e8ge dans l&rsquo;attente qu&rsquo;on lui livre une commande politique emportant privation syst\u00e9matique de ses Droits \u00e9lectoraux, \u00e0 savoir une condamnation avilissante et infamante pour crime de viol. Pour rappel, Ousmane Sonko n&rsquo;a jamais re\u00e7u de convocation et n&rsquo;a pu compara\u00eetre ni \u00eatre d\u00e9fendu.\u00a0 La Chambre Criminelle n&rsquo;a pu livrer la commande et a prononc\u00e9 un verdict d&rsquo;acquittement. Lala RASSOUL\" \/>\n<meta property=\"og:url\" content=\"https:\/\/www.public.sn\/index.php\/2023\/06\/02\/me-cledor-ly-avec-ce-verdict-ousmane-sonko-est-degage-du-controle-judiciaire-et-recouvre-sa-pleine-et-totale-liberte\/\" \/>\n<meta property=\"og:site_name\" content=\"LE PUBLIC\" \/>\n<meta property=\"article:published_time\" content=\"2023-06-02T16:18:23+00:00\" \/>\n<meta property=\"og:image\" content=\"https:\/\/www.public.sn\/wp-content\/uploads\/2023\/06\/8039d86f461d882324a5b055d35fc35620e656bd.jpeg\" \/>\n\t<meta property=\"og:image:width\" content=\"612\" \/>\n\t<meta property=\"og:image:height\" content=\"298\" \/>\n\t<meta property=\"og:image:type\" content=\"image\/jpeg\" \/>\n<meta name=\"author\" content=\"LA REDACTION\" \/>\n<meta name=\"twitter:card\" content=\"summary_large_image\" \/>\n<meta name=\"twitter:label1\" content=\"\u00c9crit par\" \/>\n\t<meta name=\"twitter:data1\" content=\"LA REDACTION\" \/>\n\t<meta name=\"twitter:label2\" content=\"Dur\u00e9e de lecture estim\u00e9e\" \/>\n\t<meta name=\"twitter:data2\" content=\"1 minute\" \/>\n<script type=\"application\/ld+json\" class=\"yoast-schema-graph\">{\"@context\":\"https:\/\/schema.org\",\"@graph\":[{\"@type\":\"Article\",\"@id\":\"https:\/\/www.public.sn\/index.php\/2023\/06\/02\/me-cledor-ly-avec-ce-verdict-ousmane-sonko-est-degage-du-controle-judiciaire-et-recouvre-sa-pleine-et-totale-liberte\/#article\",\"isPartOf\":{\"@id\":\"https:\/\/www.public.sn\/index.php\/2023\/06\/02\/me-cledor-ly-avec-ce-verdict-ousmane-sonko-est-degage-du-controle-judiciaire-et-recouvre-sa-pleine-et-totale-liberte\/\"},\"author\":{\"name\":\"LA REDACTION\",\"@id\":\"https:\/\/www.public.sn\/#\/schema\/person\/cb76c8e1b8becc6be61fb5e92d6d0224\"},\"headline\":\"Me Cl\u00e9dor Ly : \u201cAvec ce verdict , Ousmane Sonko est d\u00e9gag\u00e9 du contr\u00f4le judiciaire et recouvre sa pleine et totale libert\u00e9\u201d\",\"datePublished\":\"2023-06-02T16:18:23+00:00\",\"mainEntityOfPage\":{\"@id\":\"https:\/\/www.public.sn\/index.php\/2023\/06\/02\/me-cledor-ly-avec-ce-verdict-ousmane-sonko-est-degage-du-controle-judiciaire-et-recouvre-sa-pleine-et-totale-liberte\/\"},\"wordCount\":184,\"commentCount\":1,\"publisher\":{\"@id\":\"https:\/\/www.public.sn\/#organization\"},\"image\":{\"@id\":\"https:\/\/www.public.sn\/index.php\/2023\/06\/02\/me-cledor-ly-avec-ce-verdict-ousmane-sonko-est-degage-du-controle-judiciaire-et-recouvre-sa-pleine-et-totale-liberte\/#primaryimage\"},\"thumbnailUrl\":\"https:\/\/www.public.sn\/wp-content\/uploads\/2023\/06\/8039d86f461d882324a5b055d35fc35620e656bd.jpeg\",\"articleSection\":[\"ACTUALIT\u00c9S\",\"POLITIQUE\"],\"inLanguage\":\"fr-FR\",\"potentialAction\":[{\"@type\":\"CommentAction\",\"name\":\"Comment\",\"target\":[\"https:\/\/www.public.sn\/index.php\/2023\/06\/02\/me-cledor-ly-avec-ce-verdict-ousmane-sonko-est-degage-du-controle-judiciaire-et-recouvre-sa-pleine-et-totale-liberte\/#respond\"]}]},{\"@type\":\"WebPage\",\"@id\":\"https:\/\/www.public.sn\/index.php\/2023\/06\/02\/me-cledor-ly-avec-ce-verdict-ousmane-sonko-est-degage-du-controle-judiciaire-et-recouvre-sa-pleine-et-totale-liberte\/\",\"url\":\"https:\/\/www.public.sn\/index.php\/2023\/06\/02\/me-cledor-ly-avec-ce-verdict-ousmane-sonko-est-degage-du-controle-judiciaire-et-recouvre-sa-pleine-et-totale-liberte\/\",\"name\":\"Me Cl\u00e9dor Ly : \u201cAvec ce verdict , Ousmane Sonko est d\u00e9gag\u00e9 du contr\u00f4le judiciaire et recouvre sa pleine et totale libert\u00e9\u201d - LE PUBLIC\",\"isPartOf\":{\"@id\":\"https:\/\/www.public.sn\/#website\"},\"primaryImageOfPage\":{\"@id\":\"https:\/\/www.public.sn\/index.php\/2023\/06\/02\/me-cledor-ly-avec-ce-verdict-ousmane-sonko-est-degage-du-controle-judiciaire-et-recouvre-sa-pleine-et-totale-liberte\/#primaryimage\"},\"image\":{\"@id\":\"https:\/\/www.public.sn\/index.php\/2023\/06\/02\/me-cledor-ly-avec-ce-verdict-ousmane-sonko-est-degage-du-controle-judiciaire-et-recouvre-sa-pleine-et-totale-liberte\/#primaryimage\"},\"thumbnailUrl\":\"https:\/\/www.public.sn\/wp-content\/uploads\/2023\/06\/8039d86f461d882324a5b055d35fc35620e656bd.jpeg\",\"datePublished\":\"2023-06-02T16:18:23+00:00\",\"breadcrumb\":{\"@id\":\"https:\/\/www.public.sn\/index.php\/2023\/06\/02\/me-cledor-ly-avec-ce-verdict-ousmane-sonko-est-degage-du-controle-judiciaire-et-recouvre-sa-pleine-et-totale-liberte\/#breadcrumb\"},\"inLanguage\":\"fr-FR\",\"potentialAction\":[{\"@type\":\"ReadAction\",\"target\":[\"https:\/\/www.public.sn\/index.php\/2023\/06\/02\/me-cledor-ly-avec-ce-verdict-ousmane-sonko-est-degage-du-controle-judiciaire-et-recouvre-sa-pleine-et-totale-liberte\/\"]}]},{\"@type\":\"ImageObject\",\"inLanguage\":\"fr-FR\",\"@id\":\"https:\/\/www.public.sn\/index.php\/2023\/06\/02\/me-cledor-ly-avec-ce-verdict-ousmane-sonko-est-degage-du-controle-judiciaire-et-recouvre-sa-pleine-et-totale-liberte\/#primaryimage\",\"url\":\"https:\/\/www.public.sn\/wp-content\/uploads\/2023\/06\/8039d86f461d882324a5b055d35fc35620e656bd.jpeg\",\"contentUrl\":\"https:\/\/www.public.sn\/wp-content\/uploads\/2023\/06\/8039d86f461d882324a5b055d35fc35620e656bd.jpeg\",\"width\":612,\"height\":298},{\"@type\":\"BreadcrumbList\",\"@id\":\"https:\/\/www.public.sn\/index.php\/2023\/06\/02\/me-cledor-ly-avec-ce-verdict-ousmane-sonko-est-degage-du-controle-judiciaire-et-recouvre-sa-pleine-et-totale-liberte\/#breadcrumb\",\"itemListElement\":[{\"@type\":\"ListItem\",\"position\":1,\"name\":\"Accueil\",\"item\":\"https:\/\/www.public.sn\/\"},{\"@type\":\"ListItem\",\"position\":2,\"name\":\"Me Cl\u00e9dor Ly : \u201cAvec ce verdict , Ousmane Sonko est d\u00e9gag\u00e9 du contr\u00f4le judiciaire et recouvre sa pleine et totale libert\u00e9\u201d\"}]},{\"@type\":\"WebSite\",\"@id\":\"https:\/\/www.public.sn\/#website\",\"url\":\"https:\/\/www.public.sn\/\",\"name\":\"LE PUBLIC\",\"description\":\"\",\"publisher\":{\"@id\":\"https:\/\/www.public.sn\/#organization\"},\"potentialAction\":[{\"@type\":\"SearchAction\",\"target\":{\"@type\":\"EntryPoint\",\"urlTemplate\":\"https:\/\/www.public.sn\/?s={search_term_string}\"},\"query-input\":{\"@type\":\"PropertyValueSpecification\",\"valueRequired\":true,\"valueName\":\"search_term_string\"}}],\"inLanguage\":\"fr-FR\"},{\"@type\":\"Organization\",\"@id\":\"https:\/\/www.public.sn\/#organization\",\"name\":\"LE PUBLIC\",\"url\":\"https:\/\/www.public.sn\/\",\"logo\":{\"@type\":\"ImageObject\",\"inLanguage\":\"fr-FR\",\"@id\":\"https:\/\/www.public.sn\/#\/schema\/logo\/image\/\",\"url\":\"https:\/\/www.public.sn\/wp-content\/uploads\/2024\/05\/cropped-LOGO-PUBLIC.SN_.png\",\"contentUrl\":\"https:\/\/www.public.sn\/wp-content\/uploads\/2024\/05\/cropped-LOGO-PUBLIC.SN_.png\",\"width\":682,\"height\":192,\"caption\":\"LE PUBLIC\"},\"image\":{\"@id\":\"https:\/\/www.public.sn\/#\/schema\/logo\/image\/\"}},{\"@type\":\"Person\",\"@id\":\"https:\/\/www.public.sn\/#\/schema\/person\/cb76c8e1b8becc6be61fb5e92d6d0224\",\"name\":\"LA REDACTION\",\"image\":{\"@type\":\"ImageObject\",\"inLanguage\":\"fr-FR\",\"@id\":\"https:\/\/www.public.sn\/#\/schema\/person\/image\/\",\"url\":\"https:\/\/secure.gravatar.com\/avatar\/2dce5ddd34b8fef0180efe03aa2a9bee7d953856048f9a16b298190a3178407c?s=96&d=mm&r=g\",\"contentUrl\":\"https:\/\/secure.gravatar.com\/avatar\/2dce5ddd34b8fef0180efe03aa2a9bee7d953856048f9a16b298190a3178407c?s=96&d=mm&r=g\",\"caption\":\"LA REDACTION\"},\"url\":\"https:\/\/www.public.sn\/index.php\/author\/editeurpsn\/\"}]}<\/script>\n<!-- \/ Yoast SEO plugin. -->","yoast_head_json":{"title":"Me Cl\u00e9dor Ly : \u201cAvec ce verdict , Ousmane Sonko est d\u00e9gag\u00e9 du contr\u00f4le judiciaire et recouvre sa pleine et totale libert\u00e9\u201d - LE PUBLIC","robots":{"index":"index","follow":"follow","max-snippet":"max-snippet:-1","max-image-preview":"max-image-preview:large","max-video-preview":"max-video-preview:-1"},"canonical":"https:\/\/www.public.sn\/index.php\/2023\/06\/02\/me-cledor-ly-avec-ce-verdict-ousmane-sonko-est-degage-du-controle-judiciaire-et-recouvre-sa-pleine-et-totale-liberte\/","og_locale":"fr_FR","og_type":"article","og_title":"Me Cl\u00e9dor Ly : \u201cAvec ce verdict , Ousmane Sonko est d\u00e9gag\u00e9 du contr\u00f4le judiciaire et recouvre sa pleine et totale libert\u00e9\u201d - LE PUBLIC","og_description":"Dans un texte parvenu \u00e0 notre r\u00e9daction, Me Cir\u00e9 Cl\u00e9dor Ly estime qu\u2019apr\u00e8s sa condamnation, hier, \u00ab\u00a0Ousmane Sonko est d\u00e9gag\u00e9 du contr\u00f4le judiciaire et recouvre sa pleine et totale libert\u00e9\u201d. En effet,\u201cson passeport doit lui \u00eatre imm\u00e9diatement remit \u00e0 l&rsquo;instant et sans d\u00e9lai, les barri\u00e8res \u00e9rig\u00e9es devant son domicile devront aussi \u00eatre lev\u00e9es et les forces de r\u00e9pression renvoy\u00e9es illico presto dans leurs casernes\u201d, indique-t-il dans le texte que nous publions in extenso.\u00a0 \u201cL&rsquo;\u00e9tat avait mis la r\u00e9sidence de Ousmane Sonko en \u00e9tat de si\u00e8ge dans l&rsquo;attente qu&rsquo;on lui livre une commande politique emportant privation syst\u00e9matique de ses Droits \u00e9lectoraux, \u00e0 savoir une condamnation avilissante et infamante pour crime de viol. Pour rappel, Ousmane Sonko n&rsquo;a jamais re\u00e7u de convocation et n&rsquo;a pu compara\u00eetre ni \u00eatre d\u00e9fendu.\u00a0 La Chambre Criminelle n&rsquo;a pu livrer la commande et a prononc\u00e9 un verdict d&rsquo;acquittement. Lala RASSOUL","og_url":"https:\/\/www.public.sn\/index.php\/2023\/06\/02\/me-cledor-ly-avec-ce-verdict-ousmane-sonko-est-degage-du-controle-judiciaire-et-recouvre-sa-pleine-et-totale-liberte\/","og_site_name":"LE PUBLIC","article_published_time":"2023-06-02T16:18:23+00:00","og_image":[{"width":612,"height":298,"url":"https:\/\/www.public.sn\/wp-content\/uploads\/2023\/06\/8039d86f461d882324a5b055d35fc35620e656bd.jpeg","type":"image\/jpeg"}],"author":"LA REDACTION","twitter_card":"summary_large_image","twitter_misc":{"\u00c9crit par":"LA REDACTION","Dur\u00e9e de lecture estim\u00e9e":"1 minute"},"schema":{"@context":"https:\/\/schema.org","@graph":[{"@type":"Article","@id":"https:\/\/www.public.sn\/index.php\/2023\/06\/02\/me-cledor-ly-avec-ce-verdict-ousmane-sonko-est-degage-du-controle-judiciaire-et-recouvre-sa-pleine-et-totale-liberte\/#article","isPartOf":{"@id":"https:\/\/www.public.sn\/index.php\/2023\/06\/02\/me-cledor-ly-avec-ce-verdict-ousmane-sonko-est-degage-du-controle-judiciaire-et-recouvre-sa-pleine-et-totale-liberte\/"},"author":{"name":"LA REDACTION","@id":"https:\/\/www.public.sn\/#\/schema\/person\/cb76c8e1b8becc6be61fb5e92d6d0224"},"headline":"Me Cl\u00e9dor Ly : \u201cAvec ce verdict , Ousmane Sonko est d\u00e9gag\u00e9 du contr\u00f4le judiciaire et recouvre sa pleine et totale libert\u00e9\u201d","datePublished":"2023-06-02T16:18:23+00:00","mainEntityOfPage":{"@id":"https:\/\/www.public.sn\/index.php\/2023\/06\/02\/me-cledor-ly-avec-ce-verdict-ousmane-sonko-est-degage-du-controle-judiciaire-et-recouvre-sa-pleine-et-totale-liberte\/"},"wordCount":184,"commentCount":1,"publisher":{"@id":"https:\/\/www.public.sn\/#organization"},"image":{"@id":"https:\/\/www.public.sn\/index.php\/2023\/06\/02\/me-cledor-ly-avec-ce-verdict-ousmane-sonko-est-degage-du-controle-judiciaire-et-recouvre-sa-pleine-et-totale-liberte\/#primaryimage"},"thumbnailUrl":"https:\/\/www.public.sn\/wp-content\/uploads\/2023\/06\/8039d86f461d882324a5b055d35fc35620e656bd.jpeg","articleSection":["ACTUALIT\u00c9S","POLITIQUE"],"inLanguage":"fr-FR","potentialAction":[{"@type":"CommentAction","name":"Comment","target":["https:\/\/www.public.sn\/index.php\/2023\/06\/02\/me-cledor-ly-avec-ce-verdict-ousmane-sonko-est-degage-du-controle-judiciaire-et-recouvre-sa-pleine-et-totale-liberte\/#respond"]}]},{"@type":"WebPage","@id":"https:\/\/www.public.sn\/index.php\/2023\/06\/02\/me-cledor-ly-avec-ce-verdict-ousmane-sonko-est-degage-du-controle-judiciaire-et-recouvre-sa-pleine-et-totale-liberte\/","url":"https:\/\/www.public.sn\/index.php\/2023\/06\/02\/me-cledor-ly-avec-ce-verdict-ousmane-sonko-est-degage-du-controle-judiciaire-et-recouvre-sa-pleine-et-totale-liberte\/","name":"Me Cl\u00e9dor Ly : \u201cAvec ce verdict , Ousmane Sonko est d\u00e9gag\u00e9 du contr\u00f4le judiciaire et recouvre sa pleine et totale libert\u00e9\u201d - LE PUBLIC","isPartOf":{"@id":"https:\/\/www.public.sn\/#website"},"primaryImageOfPage":{"@id":"https:\/\/www.public.sn\/index.php\/2023\/06\/02\/me-cledor-ly-avec-ce-verdict-ousmane-sonko-est-degage-du-controle-judiciaire-et-recouvre-sa-pleine-et-totale-liberte\/#primaryimage"},"image":{"@id":"https:\/\/www.public.sn\/index.php\/2023\/06\/02\/me-cledor-ly-avec-ce-verdict-ousmane-sonko-est-degage-du-controle-judiciaire-et-recouvre-sa-pleine-et-totale-liberte\/#primaryimage"},"thumbnailUrl":"https:\/\/www.public.sn\/wp-content\/uploads\/2023\/06\/8039d86f461d882324a5b055d35fc35620e656bd.jpeg","datePublished":"2023-06-02T16:18:23+00:00","breadcrumb":{"@id":"https:\/\/www.public.sn\/index.php\/2023\/06\/02\/me-cledor-ly-avec-ce-verdict-ousmane-sonko-est-degage-du-controle-judiciaire-et-recouvre-sa-pleine-et-totale-liberte\/#breadcrumb"},"inLanguage":"fr-FR","potentialAction":[{"@type":"ReadAction","target":["https:\/\/www.public.sn\/index.php\/2023\/06\/02\/me-cledor-ly-avec-ce-verdict-ousmane-sonko-est-degage-du-controle-judiciaire-et-recouvre-sa-pleine-et-totale-liberte\/"]}]},{"@type":"ImageObject","inLanguage":"fr-FR","@id":"https:\/\/www.public.sn\/index.php\/2023\/06\/02\/me-cledor-ly-avec-ce-verdict-ousmane-sonko-est-degage-du-controle-judiciaire-et-recouvre-sa-pleine-et-totale-liberte\/#primaryimage","url":"https:\/\/www.public.sn\/wp-content\/uploads\/2023\/06\/8039d86f461d882324a5b055d35fc35620e656bd.jpeg","contentUrl":"https:\/\/www.public.sn\/wp-content\/uploads\/2023\/06\/8039d86f461d882324a5b055d35fc35620e656bd.jpeg","width":612,"height":298},{"@type":"BreadcrumbList","@id":"https:\/\/www.public.sn\/index.php\/2023\/06\/02\/me-cledor-ly-avec-ce-verdict-ousmane-sonko-est-degage-du-controle-judiciaire-et-recouvre-sa-pleine-et-totale-liberte\/#breadcrumb","itemListElement":[{"@type":"ListItem","position":1,"name":"Accueil","item":"https:\/\/www.public.sn\/"},{"@type":"ListItem","position":2,"name":"Me Cl\u00e9dor Ly : \u201cAvec ce verdict , Ousmane Sonko est d\u00e9gag\u00e9 du contr\u00f4le judiciaire et recouvre sa pleine et totale libert\u00e9\u201d"}]},{"@type":"WebSite","@id":"https:\/\/www.public.sn\/#website","url":"https:\/\/www.public.sn\/","name":"LE PUBLIC","description":"","publisher":{"@id":"https:\/\/www.public.sn\/#organization"},"potentialAction":[{"@type":"SearchAction","target":{"@type":"EntryPoint","urlTemplate":"https:\/\/www.public.sn\/?s={search_term_string}"},"query-input":{"@type":"PropertyValueSpecification","valueRequired":true,"valueName":"search_term_string"}}],"inLanguage":"fr-FR"},{"@type":"Organization","@id":"https:\/\/www.public.sn\/#organization","name":"LE PUBLIC","url":"https:\/\/www.public.sn\/","logo":{"@type":"ImageObject","inLanguage":"fr-FR","@id":"https:\/\/www.public.sn\/#\/schema\/logo\/image\/","url":"https:\/\/www.public.sn\/wp-content\/uploads\/2024\/05\/cropped-LOGO-PUBLIC.SN_.png","contentUrl":"https:\/\/www.public.sn\/wp-content\/uploads\/2024\/05\/cropped-LOGO-PUBLIC.SN_.png","width":682,"height":192,"caption":"LE PUBLIC"},"image":{"@id":"https:\/\/www.public.sn\/#\/schema\/logo\/image\/"}},{"@type":"Person","@id":"https:\/\/www.public.sn\/#\/schema\/person\/cb76c8e1b8becc6be61fb5e92d6d0224","name":"LA REDACTION","image":{"@type":"ImageObject","inLanguage":"fr-FR","@id":"https:\/\/www.public.sn\/#\/schema\/person\/image\/","url":"https:\/\/secure.gravatar.com\/avatar\/2dce5ddd34b8fef0180efe03aa2a9bee7d953856048f9a16b298190a3178407c?s=96&d=mm&r=g","contentUrl":"https:\/\/secure.gravatar.com\/avatar\/2dce5ddd34b8fef0180efe03aa2a9bee7d953856048f9a16b298190a3178407c?s=96&d=mm&r=g","caption":"LA REDACTION"},"url":"https:\/\/www.public.sn\/index.php\/author\/editeurpsn\/"}]}},"jetpack_featured_media_url":"https:\/\/www.public.sn\/wp-content\/uploads\/2023\/06\/8039d86f461d882324a5b055d35fc35620e656bd.jpeg","jetpack_sharing_enabled":true,"_links":{"self":[{"href":"https:\/\/www.public.sn\/index.php\/wp-json\/wp\/v2\/posts\/22957","targetHints":{"allow":["GET"]}}],"collection":[{"href":"https:\/\/www.public.sn\/index.php\/wp-json\/wp\/v2\/posts"}],"about":[{"href":"https:\/\/www.public.sn\/index.php\/wp-json\/wp\/v2\/types\/post"}],"author":[{"embeddable":true,"href":"https:\/\/www.public.sn\/index.php\/wp-json\/wp\/v2\/users\/7"}],"replies":[{"embeddable":true,"href":"https:\/\/www.public.sn\/index.php\/wp-json\/wp\/v2\/comments?post=22957"}],"version-history":[{"count":1,"href":"https:\/\/www.public.sn\/index.php\/wp-json\/wp\/v2\/posts\/22957\/revisions"}],"predecessor-version":[{"id":22959,"href":"https:\/\/www.public.sn\/index.php\/wp-json\/wp\/v2\/posts\/22957\/revisions\/22959"}],"wp:featuredmedia":[{"embeddable":true,"href":"https:\/\/www.public.sn\/index.php\/wp-json\/wp\/v2\/media\/22958"}],"wp:attachment":[{"href":"https:\/\/www.public.sn\/index.php\/wp-json\/wp\/v2\/media?parent=22957"}],"wp:term":[{"taxonomy":"category","embeddable":true,"href":"https:\/\/www.public.sn\/index.php\/wp-json\/wp\/v2\/categories?post=22957"},{"taxonomy":"post_tag","embeddable":true,"href":"https:\/\/www.public.sn\/index.php\/wp-json\/wp\/v2\/tags?post=22957"}],"curies":[{"name":"wp","href":"https:\/\/api.w.org\/{rel}","templated":true}]}}