{"id":22966,"date":"2023-06-02T17:12:53","date_gmt":"2023-06-02T17:12:53","guid":{"rendered":"https:\/\/www.public.sn\/?p=22966"},"modified":"2023-06-02T17:12:53","modified_gmt":"2023-06-02T17:12:53","slug":"affrontements-ziguinchor-deux-maisons-de-responsables-politiques-de-bby-saccagees","status":"publish","type":"post","link":"https:\/\/www.public.sn\/index.php\/2023\/06\/02\/affrontements-ziguinchor-deux-maisons-de-responsables-politiques-de-bby-saccagees\/","title":{"rendered":"Affrontements Ziguinchor : Deux maisons de responsables politiques de BBY saccag\u00e9es"},"content":{"rendered":"<div><strong><span style=\"font-size: x-large;\">Les concessions de deux responsables politiques apr ont \u00e9t\u00e9 attaqu\u00e9es hier tard dans la nuit par des manifestants rapportent, nos confr\u00e8res de la radio locale Zig FM. <\/span><\/strong><\/div>\n<div><span style=\"font-size: x-large;\">En effet ,Il s\u2019agit du domicile de Seydou San\u00e9, candidat d\u00e9chu de la coalition au pouvoir lors des derni\u00e8res \u00e9lections locales et territoriales pour la pr\u00e9sidence du conseil d\u00e9partemental, et de Amy Tamba responsable politique de l\u2019Union des Centristes du S\u00e9n\u00e9gal (UCS), et membre de BBY.<br \/>\n<\/span><\/div>\n<div><span style=\"font-size: x-large;\">\u00a0<\/span><\/div>\n<div><span style=\"font-size: x-large;\">Selon la radio locale, des jeunes manifestants se sont attaqu\u00e9s au domicile de Seydou San\u00e9 sise au quartier Goumel et sa famille a \u00e9t\u00e9 secourue par les FDS. Ces derniers ont sorti les membres de la famille du Pr\u00e9sident du Casa et PCA de la SOEM\/0MVS, en catimini pour \u00e9viter le pire. Ils les ont ensuite conduits au commissariat o\u00f9 ils auraient pass\u00e9 le reste de la nuit.<\/span><\/div>\n<div><strong>Lala RASSOUL<\/strong><\/div>\n<div class=\"publi-apres-le-contenu\" style=\"margin-top: 10px;margin-bottom: 10px;margin-left: auto;margin-right: auto;text-align: center;\" id=\"publi-3955181655\"><div class=\"publi-adlabel\">Publicit\u00e9<\/div><script async src=\"\/\/pagead2.googlesyndication.com\/pagead\/js\/adsbygoogle.js?client=ca-pub-4089586018074219\" crossorigin=\"anonymous\"><\/script><ins class=\"adsbygoogle\" style=\"display:block;\" data-ad-client=\"ca-pub-4089586018074219\" \ndata-ad-slot=\"2087940154\" \ndata-ad-format=\"auto\"><\/ins>\n<script> \n(adsbygoogle = window.adsbygoogle || []).push({}); \n<\/script>\n<\/div>","protected":false},"excerpt":{"rendered":"<p>Les concessions de deux responsables politiques apr ont \u00e9t\u00e9 attaqu\u00e9es hier tard dans la nuit par des manifestants rapportent, nos confr\u00e8res de la radio locale Zig FM. En effet ,Il s\u2019agit du domicile de Seydou San\u00e9, candidat d\u00e9chu de la coalition au pouvoir lors des derni\u00e8res \u00e9lections locales et territoriales pour la pr\u00e9sidence du conseil d\u00e9partemental, et de Amy Tamba responsable politique de l\u2019Union des Centristes du S\u00e9n\u00e9gal (UCS), et membre de BBY. \u00a0 Selon la radio locale, des jeunes manifestants se sont attaqu\u00e9s au domicile de Seydou San\u00e9 sise au quartier Goumel et sa famille a \u00e9t\u00e9 secourue par les FDS. Ces derniers ont sorti les membres de la famille du Pr\u00e9sident du Casa et PCA de la SOEM\/0MVS, en catimini pour \u00e9viter le pire. Ils les ont ensuite conduits au commissariat o\u00f9 ils auraient pass\u00e9 le reste de la nuit. Lala RASSOUL<\/p>\n","protected":false},"author":7,"featured_media":22967,"comment_status":"open","ping_status":"open","sticky":false,"template":"","format":"standard","meta":{"_jetpack_memberships_contains_paid_content":false,"footnotes":""},"categories":[375,3],"tags":[],"class_list":["post-22966","post","type-post","status-publish","format-standard","has-post-thumbnail","hentry","category-actualites","category-politique","entry","has-media","owp-thumbs-layout-horizontal","owp-btn-normal","owp-tabs-layout-horizontal","has-no-thumbnails","has-product-nav"],"yoast_head":"<!-- This site is optimized with the Yoast SEO plugin v25.5 - https:\/\/yoast.com\/wordpress\/plugins\/seo\/ -->\n<title>Affrontements Ziguinchor : Deux maisons de responsables politiques de BBY saccag\u00e9es - LE PUBLIC<\/title>\n<meta name=\"robots\" content=\"index, follow, max-snippet:-1, max-image-preview:large, max-video-preview:-1\" \/>\n<link rel=\"canonical\" href=\"https:\/\/www.public.sn\/index.php\/2023\/06\/02\/affrontements-ziguinchor-deux-maisons-de-responsables-politiques-de-bby-saccagees\/\" \/>\n<meta property=\"og:locale\" content=\"fr_FR\" \/>\n<meta property=\"og:type\" content=\"article\" \/>\n<meta property=\"og:title\" content=\"Affrontements Ziguinchor : Deux maisons de responsables politiques de BBY saccag\u00e9es - LE PUBLIC\" \/>\n<meta property=\"og:description\" content=\"Les concessions de deux responsables politiques apr ont \u00e9t\u00e9 attaqu\u00e9es hier tard dans la nuit par des manifestants rapportent, nos confr\u00e8res de la radio locale Zig FM. En effet ,Il s\u2019agit du domicile de Seydou San\u00e9, candidat d\u00e9chu de la coalition au pouvoir lors des derni\u00e8res \u00e9lections locales et territoriales pour la pr\u00e9sidence du conseil d\u00e9partemental, et de Amy Tamba responsable politique de l\u2019Union des Centristes du S\u00e9n\u00e9gal (UCS), et membre de BBY. \u00a0 Selon la radio locale, des jeunes manifestants se sont attaqu\u00e9s au domicile de Seydou San\u00e9 sise au quartier Goumel et sa famille a \u00e9t\u00e9 secourue par les FDS. Ces derniers ont sorti les membres de la famille du Pr\u00e9sident du Casa et PCA de la SOEM\/0MVS, en catimini pour \u00e9viter le pire. Ils les ont ensuite conduits au commissariat o\u00f9 ils auraient pass\u00e9 le reste de la nuit. Lala RASSOUL\" \/>\n<meta property=\"og:url\" content=\"https:\/\/www.public.sn\/index.php\/2023\/06\/02\/affrontements-ziguinchor-deux-maisons-de-responsables-politiques-de-bby-saccagees\/\" \/>\n<meta property=\"og:site_name\" content=\"LE PUBLIC\" \/>\n<meta property=\"article:published_time\" content=\"2023-06-02T17:12:53+00:00\" \/>\n<meta property=\"og:image\" content=\"https:\/\/www.public.sn\/wp-content\/uploads\/2023\/06\/4ed6d8556d96b0f710523147407b2ac5d55a59d9.jpeg\" \/>\n\t<meta property=\"og:image:width\" content=\"612\" \/>\n\t<meta property=\"og:image:height\" content=\"298\" \/>\n\t<meta property=\"og:image:type\" content=\"image\/jpeg\" \/>\n<meta name=\"author\" content=\"LA REDACTION\" \/>\n<meta name=\"twitter:card\" content=\"summary_large_image\" \/>\n<meta name=\"twitter:label1\" content=\"\u00c9crit par\" \/>\n\t<meta name=\"twitter:data1\" content=\"LA REDACTION\" \/>\n\t<meta name=\"twitter:label2\" content=\"Dur\u00e9e de lecture estim\u00e9e\" \/>\n\t<meta name=\"twitter:data2\" content=\"1 minute\" \/>\n<script type=\"application\/ld+json\" class=\"yoast-schema-graph\">{\"@context\":\"https:\/\/schema.org\",\"@graph\":[{\"@type\":\"Article\",\"@id\":\"https:\/\/www.public.sn\/index.php\/2023\/06\/02\/affrontements-ziguinchor-deux-maisons-de-responsables-politiques-de-bby-saccagees\/#article\",\"isPartOf\":{\"@id\":\"https:\/\/www.public.sn\/index.php\/2023\/06\/02\/affrontements-ziguinchor-deux-maisons-de-responsables-politiques-de-bby-saccagees\/\"},\"author\":{\"name\":\"LA REDACTION\",\"@id\":\"https:\/\/www.public.sn\/#\/schema\/person\/cb76c8e1b8becc6be61fb5e92d6d0224\"},\"headline\":\"Affrontements Ziguinchor : Deux maisons de responsables politiques de BBY saccag\u00e9es\",\"datePublished\":\"2023-06-02T17:12:53+00:00\",\"mainEntityOfPage\":{\"@id\":\"https:\/\/www.public.sn\/index.php\/2023\/06\/02\/affrontements-ziguinchor-deux-maisons-de-responsables-politiques-de-bby-saccagees\/\"},\"wordCount\":167,\"commentCount\":0,\"publisher\":{\"@id\":\"https:\/\/www.public.sn\/#organization\"},\"image\":{\"@id\":\"https:\/\/www.public.sn\/index.php\/2023\/06\/02\/affrontements-ziguinchor-deux-maisons-de-responsables-politiques-de-bby-saccagees\/#primaryimage\"},\"thumbnailUrl\":\"https:\/\/www.public.sn\/wp-content\/uploads\/2023\/06\/4ed6d8556d96b0f710523147407b2ac5d55a59d9.jpeg\",\"articleSection\":[\"ACTUALIT\u00c9S\",\"POLITIQUE\"],\"inLanguage\":\"fr-FR\",\"potentialAction\":[{\"@type\":\"CommentAction\",\"name\":\"Comment\",\"target\":[\"https:\/\/www.public.sn\/index.php\/2023\/06\/02\/affrontements-ziguinchor-deux-maisons-de-responsables-politiques-de-bby-saccagees\/#respond\"]}]},{\"@type\":\"WebPage\",\"@id\":\"https:\/\/www.public.sn\/index.php\/2023\/06\/02\/affrontements-ziguinchor-deux-maisons-de-responsables-politiques-de-bby-saccagees\/\",\"url\":\"https:\/\/www.public.sn\/index.php\/2023\/06\/02\/affrontements-ziguinchor-deux-maisons-de-responsables-politiques-de-bby-saccagees\/\",\"name\":\"Affrontements Ziguinchor : Deux maisons de responsables politiques de BBY saccag\u00e9es - LE PUBLIC\",\"isPartOf\":{\"@id\":\"https:\/\/www.public.sn\/#website\"},\"primaryImageOfPage\":{\"@id\":\"https:\/\/www.public.sn\/index.php\/2023\/06\/02\/affrontements-ziguinchor-deux-maisons-de-responsables-politiques-de-bby-saccagees\/#primaryimage\"},\"image\":{\"@id\":\"https:\/\/www.public.sn\/index.php\/2023\/06\/02\/affrontements-ziguinchor-deux-maisons-de-responsables-politiques-de-bby-saccagees\/#primaryimage\"},\"thumbnailUrl\":\"https:\/\/www.public.sn\/wp-content\/uploads\/2023\/06\/4ed6d8556d96b0f710523147407b2ac5d55a59d9.jpeg\",\"datePublished\":\"2023-06-02T17:12:53+00:00\",\"breadcrumb\":{\"@id\":\"https:\/\/www.public.sn\/index.php\/2023\/06\/02\/affrontements-ziguinchor-deux-maisons-de-responsables-politiques-de-bby-saccagees\/#breadcrumb\"},\"inLanguage\":\"fr-FR\",\"potentialAction\":[{\"@type\":\"ReadAction\",\"target\":[\"https:\/\/www.public.sn\/index.php\/2023\/06\/02\/affrontements-ziguinchor-deux-maisons-de-responsables-politiques-de-bby-saccagees\/\"]}]},{\"@type\":\"ImageObject\",\"inLanguage\":\"fr-FR\",\"@id\":\"https:\/\/www.public.sn\/index.php\/2023\/06\/02\/affrontements-ziguinchor-deux-maisons-de-responsables-politiques-de-bby-saccagees\/#primaryimage\",\"url\":\"https:\/\/www.public.sn\/wp-content\/uploads\/2023\/06\/4ed6d8556d96b0f710523147407b2ac5d55a59d9.jpeg\",\"contentUrl\":\"https:\/\/www.public.sn\/wp-content\/uploads\/2023\/06\/4ed6d8556d96b0f710523147407b2ac5d55a59d9.jpeg\",\"width\":612,\"height\":298},{\"@type\":\"BreadcrumbList\",\"@id\":\"https:\/\/www.public.sn\/index.php\/2023\/06\/02\/affrontements-ziguinchor-deux-maisons-de-responsables-politiques-de-bby-saccagees\/#breadcrumb\",\"itemListElement\":[{\"@type\":\"ListItem\",\"position\":1,\"name\":\"Accueil\",\"item\":\"https:\/\/www.public.sn\/\"},{\"@type\":\"ListItem\",\"position\":2,\"name\":\"Affrontements Ziguinchor : Deux maisons de responsables politiques de BBY saccag\u00e9es\"}]},{\"@type\":\"WebSite\",\"@id\":\"https:\/\/www.public.sn\/#website\",\"url\":\"https:\/\/www.public.sn\/\",\"name\":\"LE PUBLIC\",\"description\":\"\",\"publisher\":{\"@id\":\"https:\/\/www.public.sn\/#organization\"},\"potentialAction\":[{\"@type\":\"SearchAction\",\"target\":{\"@type\":\"EntryPoint\",\"urlTemplate\":\"https:\/\/www.public.sn\/?s={search_term_string}\"},\"query-input\":{\"@type\":\"PropertyValueSpecification\",\"valueRequired\":true,\"valueName\":\"search_term_string\"}}],\"inLanguage\":\"fr-FR\"},{\"@type\":\"Organization\",\"@id\":\"https:\/\/www.public.sn\/#organization\",\"name\":\"LE PUBLIC\",\"url\":\"https:\/\/www.public.sn\/\",\"logo\":{\"@type\":\"ImageObject\",\"inLanguage\":\"fr-FR\",\"@id\":\"https:\/\/www.public.sn\/#\/schema\/logo\/image\/\",\"url\":\"https:\/\/www.public.sn\/wp-content\/uploads\/2024\/05\/cropped-LOGO-PUBLIC.SN_.png\",\"contentUrl\":\"https:\/\/www.public.sn\/wp-content\/uploads\/2024\/05\/cropped-LOGO-PUBLIC.SN_.png\",\"width\":682,\"height\":192,\"caption\":\"LE PUBLIC\"},\"image\":{\"@id\":\"https:\/\/www.public.sn\/#\/schema\/logo\/image\/\"}},{\"@type\":\"Person\",\"@id\":\"https:\/\/www.public.sn\/#\/schema\/person\/cb76c8e1b8becc6be61fb5e92d6d0224\",\"name\":\"LA REDACTION\",\"image\":{\"@type\":\"ImageObject\",\"inLanguage\":\"fr-FR\",\"@id\":\"https:\/\/www.public.sn\/#\/schema\/person\/image\/\",\"url\":\"https:\/\/secure.gravatar.com\/avatar\/2dce5ddd34b8fef0180efe03aa2a9bee7d953856048f9a16b298190a3178407c?s=96&d=mm&r=g\",\"contentUrl\":\"https:\/\/secure.gravatar.com\/avatar\/2dce5ddd34b8fef0180efe03aa2a9bee7d953856048f9a16b298190a3178407c?s=96&d=mm&r=g\",\"caption\":\"LA REDACTION\"},\"url\":\"https:\/\/www.public.sn\/index.php\/author\/editeurpsn\/\"}]}<\/script>\n<!-- \/ Yoast SEO plugin. -->","yoast_head_json":{"title":"Affrontements Ziguinchor : Deux maisons de responsables politiques de BBY saccag\u00e9es - LE PUBLIC","robots":{"index":"index","follow":"follow","max-snippet":"max-snippet:-1","max-image-preview":"max-image-preview:large","max-video-preview":"max-video-preview:-1"},"canonical":"https:\/\/www.public.sn\/index.php\/2023\/06\/02\/affrontements-ziguinchor-deux-maisons-de-responsables-politiques-de-bby-saccagees\/","og_locale":"fr_FR","og_type":"article","og_title":"Affrontements Ziguinchor : Deux maisons de responsables politiques de BBY saccag\u00e9es - LE PUBLIC","og_description":"Les concessions de deux responsables politiques apr ont \u00e9t\u00e9 attaqu\u00e9es hier tard dans la nuit par des manifestants rapportent, nos confr\u00e8res de la radio locale Zig FM. En effet ,Il s\u2019agit du domicile de Seydou San\u00e9, candidat d\u00e9chu de la coalition au pouvoir lors des derni\u00e8res \u00e9lections locales et territoriales pour la pr\u00e9sidence du conseil d\u00e9partemental, et de Amy Tamba responsable politique de l\u2019Union des Centristes du S\u00e9n\u00e9gal (UCS), et membre de BBY. \u00a0 Selon la radio locale, des jeunes manifestants se sont attaqu\u00e9s au domicile de Seydou San\u00e9 sise au quartier Goumel et sa famille a \u00e9t\u00e9 secourue par les FDS. Ces derniers ont sorti les membres de la famille du Pr\u00e9sident du Casa et PCA de la SOEM\/0MVS, en catimini pour \u00e9viter le pire. Ils les ont ensuite conduits au commissariat o\u00f9 ils auraient pass\u00e9 le reste de la nuit. Lala RASSOUL","og_url":"https:\/\/www.public.sn\/index.php\/2023\/06\/02\/affrontements-ziguinchor-deux-maisons-de-responsables-politiques-de-bby-saccagees\/","og_site_name":"LE PUBLIC","article_published_time":"2023-06-02T17:12:53+00:00","og_image":[{"width":612,"height":298,"url":"https:\/\/www.public.sn\/wp-content\/uploads\/2023\/06\/4ed6d8556d96b0f710523147407b2ac5d55a59d9.jpeg","type":"image\/jpeg"}],"author":"LA REDACTION","twitter_card":"summary_large_image","twitter_misc":{"\u00c9crit par":"LA REDACTION","Dur\u00e9e de lecture estim\u00e9e":"1 minute"},"schema":{"@context":"https:\/\/schema.org","@graph":[{"@type":"Article","@id":"https:\/\/www.public.sn\/index.php\/2023\/06\/02\/affrontements-ziguinchor-deux-maisons-de-responsables-politiques-de-bby-saccagees\/#article","isPartOf":{"@id":"https:\/\/www.public.sn\/index.php\/2023\/06\/02\/affrontements-ziguinchor-deux-maisons-de-responsables-politiques-de-bby-saccagees\/"},"author":{"name":"LA REDACTION","@id":"https:\/\/www.public.sn\/#\/schema\/person\/cb76c8e1b8becc6be61fb5e92d6d0224"},"headline":"Affrontements Ziguinchor : Deux maisons de responsables politiques de BBY saccag\u00e9es","datePublished":"2023-06-02T17:12:53+00:00","mainEntityOfPage":{"@id":"https:\/\/www.public.sn\/index.php\/2023\/06\/02\/affrontements-ziguinchor-deux-maisons-de-responsables-politiques-de-bby-saccagees\/"},"wordCount":167,"commentCount":0,"publisher":{"@id":"https:\/\/www.public.sn\/#organization"},"image":{"@id":"https:\/\/www.public.sn\/index.php\/2023\/06\/02\/affrontements-ziguinchor-deux-maisons-de-responsables-politiques-de-bby-saccagees\/#primaryimage"},"thumbnailUrl":"https:\/\/www.public.sn\/wp-content\/uploads\/2023\/06\/4ed6d8556d96b0f710523147407b2ac5d55a59d9.jpeg","articleSection":["ACTUALIT\u00c9S","POLITIQUE"],"inLanguage":"fr-FR","potentialAction":[{"@type":"CommentAction","name":"Comment","target":["https:\/\/www.public.sn\/index.php\/2023\/06\/02\/affrontements-ziguinchor-deux-maisons-de-responsables-politiques-de-bby-saccagees\/#respond"]}]},{"@type":"WebPage","@id":"https:\/\/www.public.sn\/index.php\/2023\/06\/02\/affrontements-ziguinchor-deux-maisons-de-responsables-politiques-de-bby-saccagees\/","url":"https:\/\/www.public.sn\/index.php\/2023\/06\/02\/affrontements-ziguinchor-deux-maisons-de-responsables-politiques-de-bby-saccagees\/","name":"Affrontements Ziguinchor : Deux maisons de responsables politiques de BBY saccag\u00e9es - LE PUBLIC","isPartOf":{"@id":"https:\/\/www.public.sn\/#website"},"primaryImageOfPage":{"@id":"https:\/\/www.public.sn\/index.php\/2023\/06\/02\/affrontements-ziguinchor-deux-maisons-de-responsables-politiques-de-bby-saccagees\/#primaryimage"},"image":{"@id":"https:\/\/www.public.sn\/index.php\/2023\/06\/02\/affrontements-ziguinchor-deux-maisons-de-responsables-politiques-de-bby-saccagees\/#primaryimage"},"thumbnailUrl":"https:\/\/www.public.sn\/wp-content\/uploads\/2023\/06\/4ed6d8556d96b0f710523147407b2ac5d55a59d9.jpeg","datePublished":"2023-06-02T17:12:53+00:00","breadcrumb":{"@id":"https:\/\/www.public.sn\/index.php\/2023\/06\/02\/affrontements-ziguinchor-deux-maisons-de-responsables-politiques-de-bby-saccagees\/#breadcrumb"},"inLanguage":"fr-FR","potentialAction":[{"@type":"ReadAction","target":["https:\/\/www.public.sn\/index.php\/2023\/06\/02\/affrontements-ziguinchor-deux-maisons-de-responsables-politiques-de-bby-saccagees\/"]}]},{"@type":"ImageObject","inLanguage":"fr-FR","@id":"https:\/\/www.public.sn\/index.php\/2023\/06\/02\/affrontements-ziguinchor-deux-maisons-de-responsables-politiques-de-bby-saccagees\/#primaryimage","url":"https:\/\/www.public.sn\/wp-content\/uploads\/2023\/06\/4ed6d8556d96b0f710523147407b2ac5d55a59d9.jpeg","contentUrl":"https:\/\/www.public.sn\/wp-content\/uploads\/2023\/06\/4ed6d8556d96b0f710523147407b2ac5d55a59d9.jpeg","width":612,"height":298},{"@type":"BreadcrumbList","@id":"https:\/\/www.public.sn\/index.php\/2023\/06\/02\/affrontements-ziguinchor-deux-maisons-de-responsables-politiques-de-bby-saccagees\/#breadcrumb","itemListElement":[{"@type":"ListItem","position":1,"name":"Accueil","item":"https:\/\/www.public.sn\/"},{"@type":"ListItem","position":2,"name":"Affrontements Ziguinchor : Deux maisons de responsables politiques de BBY saccag\u00e9es"}]},{"@type":"WebSite","@id":"https:\/\/www.public.sn\/#website","url":"https:\/\/www.public.sn\/","name":"LE PUBLIC","description":"","publisher":{"@id":"https:\/\/www.public.sn\/#organization"},"potentialAction":[{"@type":"SearchAction","target":{"@type":"EntryPoint","urlTemplate":"https:\/\/www.public.sn\/?s={search_term_string}"},"query-input":{"@type":"PropertyValueSpecification","valueRequired":true,"valueName":"search_term_string"}}],"inLanguage":"fr-FR"},{"@type":"Organization","@id":"https:\/\/www.public.sn\/#organization","name":"LE PUBLIC","url":"https:\/\/www.public.sn\/","logo":{"@type":"ImageObject","inLanguage":"fr-FR","@id":"https:\/\/www.public.sn\/#\/schema\/logo\/image\/","url":"https:\/\/www.public.sn\/wp-content\/uploads\/2024\/05\/cropped-LOGO-PUBLIC.SN_.png","contentUrl":"https:\/\/www.public.sn\/wp-content\/uploads\/2024\/05\/cropped-LOGO-PUBLIC.SN_.png","width":682,"height":192,"caption":"LE PUBLIC"},"image":{"@id":"https:\/\/www.public.sn\/#\/schema\/logo\/image\/"}},{"@type":"Person","@id":"https:\/\/www.public.sn\/#\/schema\/person\/cb76c8e1b8becc6be61fb5e92d6d0224","name":"LA REDACTION","image":{"@type":"ImageObject","inLanguage":"fr-FR","@id":"https:\/\/www.public.sn\/#\/schema\/person\/image\/","url":"https:\/\/secure.gravatar.com\/avatar\/2dce5ddd34b8fef0180efe03aa2a9bee7d953856048f9a16b298190a3178407c?s=96&d=mm&r=g","contentUrl":"https:\/\/secure.gravatar.com\/avatar\/2dce5ddd34b8fef0180efe03aa2a9bee7d953856048f9a16b298190a3178407c?s=96&d=mm&r=g","caption":"LA REDACTION"},"url":"https:\/\/www.public.sn\/index.php\/author\/editeurpsn\/"}]}},"jetpack_featured_media_url":"https:\/\/www.public.sn\/wp-content\/uploads\/2023\/06\/4ed6d8556d96b0f710523147407b2ac5d55a59d9.jpeg","jetpack_sharing_enabled":true,"_links":{"self":[{"href":"https:\/\/www.public.sn\/index.php\/wp-json\/wp\/v2\/posts\/22966","targetHints":{"allow":["GET"]}}],"collection":[{"href":"https:\/\/www.public.sn\/index.php\/wp-json\/wp\/v2\/posts"}],"about":[{"href":"https:\/\/www.public.sn\/index.php\/wp-json\/wp\/v2\/types\/post"}],"author":[{"embeddable":true,"href":"https:\/\/www.public.sn\/index.php\/wp-json\/wp\/v2\/users\/7"}],"replies":[{"embeddable":true,"href":"https:\/\/www.public.sn\/index.php\/wp-json\/wp\/v2\/comments?post=22966"}],"version-history":[{"count":1,"href":"https:\/\/www.public.sn\/index.php\/wp-json\/wp\/v2\/posts\/22966\/revisions"}],"predecessor-version":[{"id":22968,"href":"https:\/\/www.public.sn\/index.php\/wp-json\/wp\/v2\/posts\/22966\/revisions\/22968"}],"wp:featuredmedia":[{"embeddable":true,"href":"https:\/\/www.public.sn\/index.php\/wp-json\/wp\/v2\/media\/22967"}],"wp:attachment":[{"href":"https:\/\/www.public.sn\/index.php\/wp-json\/wp\/v2\/media?parent=22966"}],"wp:term":[{"taxonomy":"category","embeddable":true,"href":"https:\/\/www.public.sn\/index.php\/wp-json\/wp\/v2\/categories?post=22966"},{"taxonomy":"post_tag","embeddable":true,"href":"https:\/\/www.public.sn\/index.php\/wp-json\/wp\/v2\/tags?post=22966"}],"curies":[{"name":"wp","href":"https:\/\/api.w.org\/{rel}","templated":true}]}}