{"id":23036,"date":"2023-06-05T17:13:30","date_gmt":"2023-06-05T17:13:30","guid":{"rendered":"https:\/\/www.public.sn\/?p=23036"},"modified":"2023-06-05T17:13:30","modified_gmt":"2023-06-05T17:13:30","slug":"arrestation-de-cheikh-bara-ndiaye-lappel-poignant-de-abdoulaye-diop-khass-a-macky-sall","status":"publish","type":"post","link":"https:\/\/www.public.sn\/index.php\/2023\/06\/05\/arrestation-de-cheikh-bara-ndiaye-lappel-poignant-de-abdoulaye-diop-khass-a-macky-sall\/","title":{"rendered":"Arrestation de Cheikh Bara Ndiaye : l&rsquo;appel poignant de Abdoulaye Diop Khass \u00e0 Macky Sall"},"content":{"rendered":"<p><strong>La situation se complique pour Cheikh Bara Ndiaye ! Le c\u00e9l\u00e8bre chroniqueur de Walf Tv a \u00e9t\u00e9 plac\u00e9 en garde \u00e0 vue, pour plusieurs chefs d\u2019accusation, notamment appel \u00e0 l\u2019insurrection. Une situation qui inqui\u00e8te son fr\u00e8re Abdoulaye Diop Khass qui n&rsquo;a pas manqu\u00e9 de faire une vid\u00e9o appelant ainsi le Pr\u00e9sident Macky Sall \u00e0 la tol\u00e9rance. Pour le tradipraticien, le Chef de l&rsquo;Etat doit \u00eatre cl\u00e9ment \u00e0 l&rsquo;\u00e9gard de tous les d\u00e9tenus pour une stabilit\u00e9 du pays.<\/strong><\/p><div class=\"publi-paragraphe1\" style=\"margin-top: 10px;margin-bottom: 10px;margin-left: auto;margin-right: auto;text-align: center;\" id=\"publi-2675536066\"><div class=\"publi-adlabel\">Publicit\u00e9<\/div><script async src=\"\/\/pagead2.googlesyndication.com\/pagead\/js\/adsbygoogle.js?client=ca-pub-4089586018074219\" crossorigin=\"anonymous\"><\/script><ins class=\"adsbygoogle\" style=\"display:block;\" data-ad-client=\"ca-pub-4089586018074219\" \ndata-ad-slot=\"2087940154\" \ndata-ad-format=\"auto\"><\/ins>\n<script> \n(adsbygoogle = window.adsbygoogle || []).push({}); \n<\/script>\n<\/div>\n<p>Suivez!<\/p>\n<p><iframe title=\"Diop Khass sur l\u2019arrestation de Cheikh Bara, Boul rouss Lo askanou S\u00e9n\u00e9gal, liniou donn khar cii..\" src=\"https:\/\/www.youtube.com\/embed\/jWMUN2TAuJ0\" width=\"647\" height=\"364\" frameborder=\"0\" allowfullscreen=\"allowfullscreen\"><\/iframe><\/p>\n<div class=\"publi-apres-le-contenu\" style=\"margin-top: 10px;margin-bottom: 10px;margin-left: auto;margin-right: auto;text-align: center;\" id=\"publi-2108798201\"><div class=\"publi-adlabel\">Publicit\u00e9<\/div><script async src=\"\/\/pagead2.googlesyndication.com\/pagead\/js\/adsbygoogle.js?client=ca-pub-4089586018074219\" crossorigin=\"anonymous\"><\/script><ins class=\"adsbygoogle\" style=\"display:block;\" data-ad-client=\"ca-pub-4089586018074219\" \ndata-ad-slot=\"2087940154\" \ndata-ad-format=\"auto\"><\/ins>\n<script> \n(adsbygoogle = window.adsbygoogle || []).push({}); \n<\/script>\n<\/div>","protected":false},"excerpt":{"rendered":"<p>La situation se complique pour Cheikh Bara Ndiaye ! Le c\u00e9l\u00e8bre chroniqueur de Walf Tv a \u00e9t\u00e9 plac\u00e9 en garde \u00e0 vue, pour plusieurs chefs d\u2019accusation, notamment appel \u00e0 l\u2019insurrection. Une situation qui inqui\u00e8te son fr\u00e8re Abdoulaye Diop Khass qui n&rsquo;a pas manqu\u00e9 de faire une vid\u00e9o appelant ainsi le Pr\u00e9sident Macky Sall \u00e0 la tol\u00e9rance. Pour le tradipraticien, le Chef de l&rsquo;Etat doit \u00eatre cl\u00e9ment \u00e0 l&rsquo;\u00e9gard de tous les d\u00e9tenus pour une stabilit\u00e9 du pays. Suivez!<\/p>\n","protected":false},"author":1,"featured_media":23037,"comment_status":"open","ping_status":"open","sticky":false,"template":"","format":"standard","meta":{"_jetpack_memberships_contains_paid_content":false,"footnotes":""},"categories":[375,3,1,372,6],"tags":[5199,4568,11],"class_list":["post-23036","post","type-post","status-publish","format-standard","has-post-thumbnail","hentry","category-actualites","category-politique","category-non-classe","category-vedette","category-videos","tag-abdoulaye-diop-khass","tag-cheikh-bara-ndiaye","tag-macky-sall","entry","has-media","owp-thumbs-layout-horizontal","owp-btn-normal","owp-tabs-layout-horizontal","has-no-thumbnails","has-product-nav"],"yoast_head":"<!-- This site is optimized with the Yoast SEO plugin v25.5 - https:\/\/yoast.com\/wordpress\/plugins\/seo\/ -->\n<title>Arrestation de Cheikh Bara Ndiaye : l&#039;appel poignant de Abdoulaye Diop Khass \u00e0 Macky Sall - LE PUBLIC<\/title>\n<meta name=\"description\" content=\"La situation se complique pour Cheikh Bara Ndiaye ! Le c\u00e9l\u00e8bre chroniqueur de Walf Tv a \u00e9t\u00e9 plac\u00e9 en garde \u00e0 vue, pour plusieurs chefs d\u2019accusation, notamment appel \u00e0 l\u2019insurrection. Une situation qui inqui\u00e8te son fr\u00e8re Abdoulaye Diop Khass qui n&#039;a pas manqu\u00e9 de faire une vid\u00e9o appelant ainsi le Pr\u00e9sident Macky Sall \u00e0 la tol\u00e9rance. Pour le tradipraticien, le Chef de l&#039;Etat doit \u00eatre cl\u00e9ment \u00e0 l&#039;\u00e9gard de tous les d\u00e9tenus pour une stabilit\u00e9 du pays.\" \/>\n<meta name=\"robots\" content=\"index, follow, max-snippet:-1, max-image-preview:large, max-video-preview:-1\" \/>\n<link rel=\"canonical\" href=\"https:\/\/www.public.sn\/index.php\/2023\/06\/05\/arrestation-de-cheikh-bara-ndiaye-lappel-poignant-de-abdoulaye-diop-khass-a-macky-sall\/\" \/>\n<meta property=\"og:locale\" content=\"fr_FR\" \/>\n<meta property=\"og:type\" content=\"article\" \/>\n<meta property=\"og:title\" content=\"Arrestation de Cheikh Bara Ndiaye : l&#039;appel poignant de Abdoulaye Diop Khass \u00e0 Macky Sall - LE PUBLIC\" \/>\n<meta property=\"og:description\" content=\"La situation se complique pour Cheikh Bara Ndiaye ! Le c\u00e9l\u00e8bre chroniqueur de Walf Tv a \u00e9t\u00e9 plac\u00e9 en garde \u00e0 vue, pour plusieurs chefs d\u2019accusation, notamment appel \u00e0 l\u2019insurrection. Une situation qui inqui\u00e8te son fr\u00e8re Abdoulaye Diop Khass qui n&#039;a pas manqu\u00e9 de faire une vid\u00e9o appelant ainsi le Pr\u00e9sident Macky Sall \u00e0 la tol\u00e9rance. Pour le tradipraticien, le Chef de l&#039;Etat doit \u00eatre cl\u00e9ment \u00e0 l&#039;\u00e9gard de tous les d\u00e9tenus pour une stabilit\u00e9 du pays.\" \/>\n<meta property=\"og:url\" content=\"https:\/\/www.public.sn\/index.php\/2023\/06\/05\/arrestation-de-cheikh-bara-ndiaye-lappel-poignant-de-abdoulaye-diop-khass-a-macky-sall\/\" \/>\n<meta property=\"og:site_name\" content=\"LE PUBLIC\" \/>\n<meta property=\"article:published_time\" content=\"2023-06-05T17:13:30+00:00\" \/>\n<meta property=\"og:image\" content=\"https:\/\/www.public.sn\/wp-content\/uploads\/2023\/06\/Abdoulaye-Diop-Khass.webp\" \/>\n\t<meta property=\"og:image:width\" content=\"612\" \/>\n\t<meta property=\"og:image:height\" content=\"298\" \/>\n\t<meta property=\"og:image:type\" content=\"image\/webp\" \/>\n<meta name=\"author\" content=\"LA REDACTION\" \/>\n<meta name=\"twitter:card\" content=\"summary_large_image\" \/>\n<meta name=\"twitter:label1\" content=\"\u00c9crit par\" \/>\n\t<meta name=\"twitter:data1\" content=\"LA REDACTION\" \/>\n\t<meta name=\"twitter:label2\" content=\"Dur\u00e9e de lecture estim\u00e9e\" \/>\n\t<meta name=\"twitter:data2\" content=\"1 minute\" \/>\n<script type=\"application\/ld+json\" class=\"yoast-schema-graph\">{\"@context\":\"https:\/\/schema.org\",\"@graph\":[{\"@type\":\"Article\",\"@id\":\"https:\/\/www.public.sn\/index.php\/2023\/06\/05\/arrestation-de-cheikh-bara-ndiaye-lappel-poignant-de-abdoulaye-diop-khass-a-macky-sall\/#article\",\"isPartOf\":{\"@id\":\"https:\/\/www.public.sn\/index.php\/2023\/06\/05\/arrestation-de-cheikh-bara-ndiaye-lappel-poignant-de-abdoulaye-diop-khass-a-macky-sall\/\"},\"author\":{\"name\":\"LA REDACTION\",\"@id\":\"https:\/\/www.public.sn\/#\/schema\/person\/e3f4a11b037d4203902db148f9bc8d5a\"},\"headline\":\"Arrestation de Cheikh Bara Ndiaye : l&rsquo;appel poignant de Abdoulaye Diop Khass \u00e0 Macky Sall\",\"datePublished\":\"2023-06-05T17:13:30+00:00\",\"mainEntityOfPage\":{\"@id\":\"https:\/\/www.public.sn\/index.php\/2023\/06\/05\/arrestation-de-cheikh-bara-ndiaye-lappel-poignant-de-abdoulaye-diop-khass-a-macky-sall\/\"},\"wordCount\":98,\"commentCount\":0,\"publisher\":{\"@id\":\"https:\/\/www.public.sn\/#organization\"},\"image\":{\"@id\":\"https:\/\/www.public.sn\/index.php\/2023\/06\/05\/arrestation-de-cheikh-bara-ndiaye-lappel-poignant-de-abdoulaye-diop-khass-a-macky-sall\/#primaryimage\"},\"thumbnailUrl\":\"https:\/\/www.public.sn\/wp-content\/uploads\/2023\/06\/Abdoulaye-Diop-Khass.webp\",\"keywords\":[\"Abdoulaye Diop Khass\",\"Cheikh Bara Ndiaye\",\"Macky Sall\"],\"articleSection\":[\"ACTUALIT\u00c9S\",\"POLITIQUE\",\"S\u00c9N\u00c9GAL\",\"VEDETTE\",\"VIDEOS\"],\"inLanguage\":\"fr-FR\",\"potentialAction\":[{\"@type\":\"CommentAction\",\"name\":\"Comment\",\"target\":[\"https:\/\/www.public.sn\/index.php\/2023\/06\/05\/arrestation-de-cheikh-bara-ndiaye-lappel-poignant-de-abdoulaye-diop-khass-a-macky-sall\/#respond\"]}]},{\"@type\":\"WebPage\",\"@id\":\"https:\/\/www.public.sn\/index.php\/2023\/06\/05\/arrestation-de-cheikh-bara-ndiaye-lappel-poignant-de-abdoulaye-diop-khass-a-macky-sall\/\",\"url\":\"https:\/\/www.public.sn\/index.php\/2023\/06\/05\/arrestation-de-cheikh-bara-ndiaye-lappel-poignant-de-abdoulaye-diop-khass-a-macky-sall\/\",\"name\":\"Arrestation de Cheikh Bara Ndiaye : l'appel poignant de Abdoulaye Diop Khass \u00e0 Macky Sall - LE PUBLIC\",\"isPartOf\":{\"@id\":\"https:\/\/www.public.sn\/#website\"},\"primaryImageOfPage\":{\"@id\":\"https:\/\/www.public.sn\/index.php\/2023\/06\/05\/arrestation-de-cheikh-bara-ndiaye-lappel-poignant-de-abdoulaye-diop-khass-a-macky-sall\/#primaryimage\"},\"image\":{\"@id\":\"https:\/\/www.public.sn\/index.php\/2023\/06\/05\/arrestation-de-cheikh-bara-ndiaye-lappel-poignant-de-abdoulaye-diop-khass-a-macky-sall\/#primaryimage\"},\"thumbnailUrl\":\"https:\/\/www.public.sn\/wp-content\/uploads\/2023\/06\/Abdoulaye-Diop-Khass.webp\",\"datePublished\":\"2023-06-05T17:13:30+00:00\",\"description\":\"La situation se complique pour Cheikh Bara Ndiaye ! Le c\u00e9l\u00e8bre chroniqueur de Walf Tv a \u00e9t\u00e9 plac\u00e9 en garde \u00e0 vue, pour plusieurs chefs d\u2019accusation, notamment appel \u00e0 l\u2019insurrection. Une situation qui inqui\u00e8te son fr\u00e8re Abdoulaye Diop Khass qui n'a pas manqu\u00e9 de faire une vid\u00e9o appelant ainsi le Pr\u00e9sident Macky Sall \u00e0 la tol\u00e9rance. Pour le tradipraticien, le Chef de l'Etat doit \u00eatre cl\u00e9ment \u00e0 l'\u00e9gard de tous les d\u00e9tenus pour une stabilit\u00e9 du pays.\",\"breadcrumb\":{\"@id\":\"https:\/\/www.public.sn\/index.php\/2023\/06\/05\/arrestation-de-cheikh-bara-ndiaye-lappel-poignant-de-abdoulaye-diop-khass-a-macky-sall\/#breadcrumb\"},\"inLanguage\":\"fr-FR\",\"potentialAction\":[{\"@type\":\"ReadAction\",\"target\":[\"https:\/\/www.public.sn\/index.php\/2023\/06\/05\/arrestation-de-cheikh-bara-ndiaye-lappel-poignant-de-abdoulaye-diop-khass-a-macky-sall\/\"]}]},{\"@type\":\"ImageObject\",\"inLanguage\":\"fr-FR\",\"@id\":\"https:\/\/www.public.sn\/index.php\/2023\/06\/05\/arrestation-de-cheikh-bara-ndiaye-lappel-poignant-de-abdoulaye-diop-khass-a-macky-sall\/#primaryimage\",\"url\":\"https:\/\/www.public.sn\/wp-content\/uploads\/2023\/06\/Abdoulaye-Diop-Khass.webp\",\"contentUrl\":\"https:\/\/www.public.sn\/wp-content\/uploads\/2023\/06\/Abdoulaye-Diop-Khass.webp\",\"width\":612,\"height\":298},{\"@type\":\"BreadcrumbList\",\"@id\":\"https:\/\/www.public.sn\/index.php\/2023\/06\/05\/arrestation-de-cheikh-bara-ndiaye-lappel-poignant-de-abdoulaye-diop-khass-a-macky-sall\/#breadcrumb\",\"itemListElement\":[{\"@type\":\"ListItem\",\"position\":1,\"name\":\"Accueil\",\"item\":\"https:\/\/www.public.sn\/\"},{\"@type\":\"ListItem\",\"position\":2,\"name\":\"Arrestation de Cheikh Bara Ndiaye : l&rsquo;appel poignant de Abdoulaye Diop Khass \u00e0 Macky Sall\"}]},{\"@type\":\"WebSite\",\"@id\":\"https:\/\/www.public.sn\/#website\",\"url\":\"https:\/\/www.public.sn\/\",\"name\":\"LE PUBLIC\",\"description\":\"\",\"publisher\":{\"@id\":\"https:\/\/www.public.sn\/#organization\"},\"potentialAction\":[{\"@type\":\"SearchAction\",\"target\":{\"@type\":\"EntryPoint\",\"urlTemplate\":\"https:\/\/www.public.sn\/?s={search_term_string}\"},\"query-input\":{\"@type\":\"PropertyValueSpecification\",\"valueRequired\":true,\"valueName\":\"search_term_string\"}}],\"inLanguage\":\"fr-FR\"},{\"@type\":\"Organization\",\"@id\":\"https:\/\/www.public.sn\/#organization\",\"name\":\"LE PUBLIC\",\"url\":\"https:\/\/www.public.sn\/\",\"logo\":{\"@type\":\"ImageObject\",\"inLanguage\":\"fr-FR\",\"@id\":\"https:\/\/www.public.sn\/#\/schema\/logo\/image\/\",\"url\":\"https:\/\/www.public.sn\/wp-content\/uploads\/2024\/05\/cropped-LOGO-PUBLIC.SN_.png\",\"contentUrl\":\"https:\/\/www.public.sn\/wp-content\/uploads\/2024\/05\/cropped-LOGO-PUBLIC.SN_.png\",\"width\":682,\"height\":192,\"caption\":\"LE PUBLIC\"},\"image\":{\"@id\":\"https:\/\/www.public.sn\/#\/schema\/logo\/image\/\"}},{\"@type\":\"Person\",\"@id\":\"https:\/\/www.public.sn\/#\/schema\/person\/e3f4a11b037d4203902db148f9bc8d5a\",\"name\":\"LA REDACTION\",\"image\":{\"@type\":\"ImageObject\",\"inLanguage\":\"fr-FR\",\"@id\":\"https:\/\/www.public.sn\/#\/schema\/person\/image\/\",\"url\":\"https:\/\/secure.gravatar.com\/avatar\/d6c030db45db2883c075085c5d6c6258654a801a93766b49af0b82d4f454e2a5?s=96&d=mm&r=g\",\"contentUrl\":\"https:\/\/secure.gravatar.com\/avatar\/d6c030db45db2883c075085c5d6c6258654a801a93766b49af0b82d4f454e2a5?s=96&d=mm&r=g\",\"caption\":\"LA REDACTION\"},\"sameAs\":[\"http:\/\/www.public.sn\"],\"url\":\"https:\/\/www.public.sn\/index.php\/author\/admin7324\/\"}]}<\/script>\n<!-- \/ Yoast SEO plugin. -->","yoast_head_json":{"title":"Arrestation de Cheikh Bara Ndiaye : l'appel poignant de Abdoulaye Diop Khass \u00e0 Macky Sall - LE PUBLIC","description":"La situation se complique pour Cheikh Bara Ndiaye ! Le c\u00e9l\u00e8bre chroniqueur de Walf Tv a \u00e9t\u00e9 plac\u00e9 en garde \u00e0 vue, pour plusieurs chefs d\u2019accusation, notamment appel \u00e0 l\u2019insurrection. Une situation qui inqui\u00e8te son fr\u00e8re Abdoulaye Diop Khass qui n'a pas manqu\u00e9 de faire une vid\u00e9o appelant ainsi le Pr\u00e9sident Macky Sall \u00e0 la tol\u00e9rance. Pour le tradipraticien, le Chef de l'Etat doit \u00eatre cl\u00e9ment \u00e0 l'\u00e9gard de tous les d\u00e9tenus pour une stabilit\u00e9 du pays.","robots":{"index":"index","follow":"follow","max-snippet":"max-snippet:-1","max-image-preview":"max-image-preview:large","max-video-preview":"max-video-preview:-1"},"canonical":"https:\/\/www.public.sn\/index.php\/2023\/06\/05\/arrestation-de-cheikh-bara-ndiaye-lappel-poignant-de-abdoulaye-diop-khass-a-macky-sall\/","og_locale":"fr_FR","og_type":"article","og_title":"Arrestation de Cheikh Bara Ndiaye : l'appel poignant de Abdoulaye Diop Khass \u00e0 Macky Sall - LE PUBLIC","og_description":"La situation se complique pour Cheikh Bara Ndiaye ! Le c\u00e9l\u00e8bre chroniqueur de Walf Tv a \u00e9t\u00e9 plac\u00e9 en garde \u00e0 vue, pour plusieurs chefs d\u2019accusation, notamment appel \u00e0 l\u2019insurrection. Une situation qui inqui\u00e8te son fr\u00e8re Abdoulaye Diop Khass qui n'a pas manqu\u00e9 de faire une vid\u00e9o appelant ainsi le Pr\u00e9sident Macky Sall \u00e0 la tol\u00e9rance. Pour le tradipraticien, le Chef de l'Etat doit \u00eatre cl\u00e9ment \u00e0 l'\u00e9gard de tous les d\u00e9tenus pour une stabilit\u00e9 du pays.","og_url":"https:\/\/www.public.sn\/index.php\/2023\/06\/05\/arrestation-de-cheikh-bara-ndiaye-lappel-poignant-de-abdoulaye-diop-khass-a-macky-sall\/","og_site_name":"LE PUBLIC","article_published_time":"2023-06-05T17:13:30+00:00","og_image":[{"width":612,"height":298,"url":"https:\/\/www.public.sn\/wp-content\/uploads\/2023\/06\/Abdoulaye-Diop-Khass.webp","type":"image\/webp"}],"author":"LA REDACTION","twitter_card":"summary_large_image","twitter_misc":{"\u00c9crit par":"LA REDACTION","Dur\u00e9e de lecture estim\u00e9e":"1 minute"},"schema":{"@context":"https:\/\/schema.org","@graph":[{"@type":"Article","@id":"https:\/\/www.public.sn\/index.php\/2023\/06\/05\/arrestation-de-cheikh-bara-ndiaye-lappel-poignant-de-abdoulaye-diop-khass-a-macky-sall\/#article","isPartOf":{"@id":"https:\/\/www.public.sn\/index.php\/2023\/06\/05\/arrestation-de-cheikh-bara-ndiaye-lappel-poignant-de-abdoulaye-diop-khass-a-macky-sall\/"},"author":{"name":"LA REDACTION","@id":"https:\/\/www.public.sn\/#\/schema\/person\/e3f4a11b037d4203902db148f9bc8d5a"},"headline":"Arrestation de Cheikh Bara Ndiaye : l&rsquo;appel poignant de Abdoulaye Diop Khass \u00e0 Macky Sall","datePublished":"2023-06-05T17:13:30+00:00","mainEntityOfPage":{"@id":"https:\/\/www.public.sn\/index.php\/2023\/06\/05\/arrestation-de-cheikh-bara-ndiaye-lappel-poignant-de-abdoulaye-diop-khass-a-macky-sall\/"},"wordCount":98,"commentCount":0,"publisher":{"@id":"https:\/\/www.public.sn\/#organization"},"image":{"@id":"https:\/\/www.public.sn\/index.php\/2023\/06\/05\/arrestation-de-cheikh-bara-ndiaye-lappel-poignant-de-abdoulaye-diop-khass-a-macky-sall\/#primaryimage"},"thumbnailUrl":"https:\/\/www.public.sn\/wp-content\/uploads\/2023\/06\/Abdoulaye-Diop-Khass.webp","keywords":["Abdoulaye Diop Khass","Cheikh Bara Ndiaye","Macky Sall"],"articleSection":["ACTUALIT\u00c9S","POLITIQUE","S\u00c9N\u00c9GAL","VEDETTE","VIDEOS"],"inLanguage":"fr-FR","potentialAction":[{"@type":"CommentAction","name":"Comment","target":["https:\/\/www.public.sn\/index.php\/2023\/06\/05\/arrestation-de-cheikh-bara-ndiaye-lappel-poignant-de-abdoulaye-diop-khass-a-macky-sall\/#respond"]}]},{"@type":"WebPage","@id":"https:\/\/www.public.sn\/index.php\/2023\/06\/05\/arrestation-de-cheikh-bara-ndiaye-lappel-poignant-de-abdoulaye-diop-khass-a-macky-sall\/","url":"https:\/\/www.public.sn\/index.php\/2023\/06\/05\/arrestation-de-cheikh-bara-ndiaye-lappel-poignant-de-abdoulaye-diop-khass-a-macky-sall\/","name":"Arrestation de Cheikh Bara Ndiaye : l'appel poignant de Abdoulaye Diop Khass \u00e0 Macky Sall - LE PUBLIC","isPartOf":{"@id":"https:\/\/www.public.sn\/#website"},"primaryImageOfPage":{"@id":"https:\/\/www.public.sn\/index.php\/2023\/06\/05\/arrestation-de-cheikh-bara-ndiaye-lappel-poignant-de-abdoulaye-diop-khass-a-macky-sall\/#primaryimage"},"image":{"@id":"https:\/\/www.public.sn\/index.php\/2023\/06\/05\/arrestation-de-cheikh-bara-ndiaye-lappel-poignant-de-abdoulaye-diop-khass-a-macky-sall\/#primaryimage"},"thumbnailUrl":"https:\/\/www.public.sn\/wp-content\/uploads\/2023\/06\/Abdoulaye-Diop-Khass.webp","datePublished":"2023-06-05T17:13:30+00:00","description":"La situation se complique pour Cheikh Bara Ndiaye ! Le c\u00e9l\u00e8bre chroniqueur de Walf Tv a \u00e9t\u00e9 plac\u00e9 en garde \u00e0 vue, pour plusieurs chefs d\u2019accusation, notamment appel \u00e0 l\u2019insurrection. Une situation qui inqui\u00e8te son fr\u00e8re Abdoulaye Diop Khass qui n'a pas manqu\u00e9 de faire une vid\u00e9o appelant ainsi le Pr\u00e9sident Macky Sall \u00e0 la tol\u00e9rance. Pour le tradipraticien, le Chef de l'Etat doit \u00eatre cl\u00e9ment \u00e0 l'\u00e9gard de tous les d\u00e9tenus pour une stabilit\u00e9 du pays.","breadcrumb":{"@id":"https:\/\/www.public.sn\/index.php\/2023\/06\/05\/arrestation-de-cheikh-bara-ndiaye-lappel-poignant-de-abdoulaye-diop-khass-a-macky-sall\/#breadcrumb"},"inLanguage":"fr-FR","potentialAction":[{"@type":"ReadAction","target":["https:\/\/www.public.sn\/index.php\/2023\/06\/05\/arrestation-de-cheikh-bara-ndiaye-lappel-poignant-de-abdoulaye-diop-khass-a-macky-sall\/"]}]},{"@type":"ImageObject","inLanguage":"fr-FR","@id":"https:\/\/www.public.sn\/index.php\/2023\/06\/05\/arrestation-de-cheikh-bara-ndiaye-lappel-poignant-de-abdoulaye-diop-khass-a-macky-sall\/#primaryimage","url":"https:\/\/www.public.sn\/wp-content\/uploads\/2023\/06\/Abdoulaye-Diop-Khass.webp","contentUrl":"https:\/\/www.public.sn\/wp-content\/uploads\/2023\/06\/Abdoulaye-Diop-Khass.webp","width":612,"height":298},{"@type":"BreadcrumbList","@id":"https:\/\/www.public.sn\/index.php\/2023\/06\/05\/arrestation-de-cheikh-bara-ndiaye-lappel-poignant-de-abdoulaye-diop-khass-a-macky-sall\/#breadcrumb","itemListElement":[{"@type":"ListItem","position":1,"name":"Accueil","item":"https:\/\/www.public.sn\/"},{"@type":"ListItem","position":2,"name":"Arrestation de Cheikh Bara Ndiaye : l&rsquo;appel poignant de Abdoulaye Diop Khass \u00e0 Macky Sall"}]},{"@type":"WebSite","@id":"https:\/\/www.public.sn\/#website","url":"https:\/\/www.public.sn\/","name":"LE PUBLIC","description":"","publisher":{"@id":"https:\/\/www.public.sn\/#organization"},"potentialAction":[{"@type":"SearchAction","target":{"@type":"EntryPoint","urlTemplate":"https:\/\/www.public.sn\/?s={search_term_string}"},"query-input":{"@type":"PropertyValueSpecification","valueRequired":true,"valueName":"search_term_string"}}],"inLanguage":"fr-FR"},{"@type":"Organization","@id":"https:\/\/www.public.sn\/#organization","name":"LE PUBLIC","url":"https:\/\/www.public.sn\/","logo":{"@type":"ImageObject","inLanguage":"fr-FR","@id":"https:\/\/www.public.sn\/#\/schema\/logo\/image\/","url":"https:\/\/www.public.sn\/wp-content\/uploads\/2024\/05\/cropped-LOGO-PUBLIC.SN_.png","contentUrl":"https:\/\/www.public.sn\/wp-content\/uploads\/2024\/05\/cropped-LOGO-PUBLIC.SN_.png","width":682,"height":192,"caption":"LE PUBLIC"},"image":{"@id":"https:\/\/www.public.sn\/#\/schema\/logo\/image\/"}},{"@type":"Person","@id":"https:\/\/www.public.sn\/#\/schema\/person\/e3f4a11b037d4203902db148f9bc8d5a","name":"LA REDACTION","image":{"@type":"ImageObject","inLanguage":"fr-FR","@id":"https:\/\/www.public.sn\/#\/schema\/person\/image\/","url":"https:\/\/secure.gravatar.com\/avatar\/d6c030db45db2883c075085c5d6c6258654a801a93766b49af0b82d4f454e2a5?s=96&d=mm&r=g","contentUrl":"https:\/\/secure.gravatar.com\/avatar\/d6c030db45db2883c075085c5d6c6258654a801a93766b49af0b82d4f454e2a5?s=96&d=mm&r=g","caption":"LA REDACTION"},"sameAs":["http:\/\/www.public.sn"],"url":"https:\/\/www.public.sn\/index.php\/author\/admin7324\/"}]}},"jetpack_featured_media_url":"https:\/\/www.public.sn\/wp-content\/uploads\/2023\/06\/Abdoulaye-Diop-Khass.webp","jetpack_sharing_enabled":true,"_links":{"self":[{"href":"https:\/\/www.public.sn\/index.php\/wp-json\/wp\/v2\/posts\/23036","targetHints":{"allow":["GET"]}}],"collection":[{"href":"https:\/\/www.public.sn\/index.php\/wp-json\/wp\/v2\/posts"}],"about":[{"href":"https:\/\/www.public.sn\/index.php\/wp-json\/wp\/v2\/types\/post"}],"author":[{"embeddable":true,"href":"https:\/\/www.public.sn\/index.php\/wp-json\/wp\/v2\/users\/1"}],"replies":[{"embeddable":true,"href":"https:\/\/www.public.sn\/index.php\/wp-json\/wp\/v2\/comments?post=23036"}],"version-history":[{"count":1,"href":"https:\/\/www.public.sn\/index.php\/wp-json\/wp\/v2\/posts\/23036\/revisions"}],"predecessor-version":[{"id":23038,"href":"https:\/\/www.public.sn\/index.php\/wp-json\/wp\/v2\/posts\/23036\/revisions\/23038"}],"wp:featuredmedia":[{"embeddable":true,"href":"https:\/\/www.public.sn\/index.php\/wp-json\/wp\/v2\/media\/23037"}],"wp:attachment":[{"href":"https:\/\/www.public.sn\/index.php\/wp-json\/wp\/v2\/media?parent=23036"}],"wp:term":[{"taxonomy":"category","embeddable":true,"href":"https:\/\/www.public.sn\/index.php\/wp-json\/wp\/v2\/categories?post=23036"},{"taxonomy":"post_tag","embeddable":true,"href":"https:\/\/www.public.sn\/index.php\/wp-json\/wp\/v2\/tags?post=23036"}],"curies":[{"name":"wp","href":"https:\/\/api.w.org\/{rel}","templated":true}]}}