{"id":23039,"date":"2023-06-05T18:22:19","date_gmt":"2023-06-05T18:22:19","guid":{"rendered":"https:\/\/www.public.sn\/?p=23039"},"modified":"2023-06-05T18:26:04","modified_gmt":"2023-06-05T18:26:04","slug":"manifestations-au-senegal-macky-sall-absent-absent-au-rassemblement-de-africa-ceo-forum","status":"publish","type":"post","link":"https:\/\/www.public.sn\/index.php\/2023\/06\/05\/manifestations-au-senegal-macky-sall-absent-absent-au-rassemblement-de-africa-ceo-forum\/","title":{"rendered":"Manifestations au S\u00e9n\u00e9gal : Macky Sall absent au rassemblement de Africa CEO Forum"},"content":{"rendered":"<p><strong>L\u2019Africa CEO Forum, le plus grand rassemblement du secteur priv\u00e9 africain, a d\u00e9but\u00e9 le 5 juin 2023 \u00e0 Abidjan. Pendant deux jours, 1800 dirigeants \u00e9conomiques, chefs d\u2019\u00c9tat et grands patrons se r\u00e9unissent pour discuter de l\u2019\u00e9mergence de futurs champions de l\u2019\u00e9conomie africaine. Cependant, une absence notable est \u00e0 d\u00e9plorer : celle du pr\u00e9sident s\u00e9n\u00e9galais Macky Sall.<\/strong><\/p><div class=\"publi-paragraphe1\" style=\"margin-top: 10px;margin-bottom: 10px;margin-left: auto;margin-right: auto;text-align: center;\" id=\"publi-1069220260\"><div class=\"publi-adlabel\">Publicit\u00e9<\/div><script async src=\"\/\/pagead2.googlesyndication.com\/pagead\/js\/adsbygoogle.js?client=ca-pub-4089586018074219\" crossorigin=\"anonymous\"><\/script><ins class=\"adsbygoogle\" style=\"display:block;\" data-ad-client=\"ca-pub-4089586018074219\" \ndata-ad-slot=\"2087940154\" \ndata-ad-format=\"auto\"><\/ins>\n<script> \n(adsbygoogle = window.adsbygoogle || []).push({}); \n<\/script>\n<\/div>\n<p>En effet, le pr\u00e9sident n\u2019a pas fait le voyage jusqu\u2019\u00e0 Abidjan et aucune communication officielle n\u2019a \u00e9t\u00e9 diffus\u00e9e \u00e0 ce sujet. Cependant, il est possible que l\u2019actualit\u00e9 politique et sociale du S\u00e9n\u00e9gal soit \u00e0 l\u2019origine de cette d\u00e9cision inattendue.<\/p>\n<p>Depuis le 1er juin, le S\u00e9n\u00e9gal vit une p\u00e9riode de tension marqu\u00e9e par des manifestations. Ces derni\u00e8res ont \u00e9clat\u00e9 apr\u00e8s la condamnation de l\u2019opposant Ousmane Sonko \u00e0 deux ans de prison ferme pour corruption de la jeunesse. Ce verdict est fortement contest\u00e9 par les partisans de Ousmane Sonko qui y voient une man\u0153uvre politique pour l\u2019emp\u00eacher de se pr\u00e9senter aux \u00e9lections pr\u00e9sidentielles de f\u00e9vrier prochain.<\/p>\n<div class=\"publi-apres-le-contenu\" style=\"margin-top: 10px;margin-bottom: 10px;margin-left: auto;margin-right: auto;text-align: center;\" id=\"publi-1882350558\"><div class=\"publi-adlabel\">Publicit\u00e9<\/div><script async src=\"\/\/pagead2.googlesyndication.com\/pagead\/js\/adsbygoogle.js?client=ca-pub-4089586018074219\" crossorigin=\"anonymous\"><\/script><ins class=\"adsbygoogle\" style=\"display:block;\" data-ad-client=\"ca-pub-4089586018074219\" \ndata-ad-slot=\"2087940154\" \ndata-ad-format=\"auto\"><\/ins>\n<script> \n(adsbygoogle = window.adsbygoogle || []).push({}); \n<\/script>\n<\/div>","protected":false},"excerpt":{"rendered":"<p>L\u2019Africa CEO Forum, le plus grand rassemblement du secteur priv\u00e9 africain, a d\u00e9but\u00e9 le 5 juin 2023 \u00e0 Abidjan. Pendant deux jours, 1800 dirigeants \u00e9conomiques, chefs d\u2019\u00c9tat et grands patrons se r\u00e9unissent pour discuter de l\u2019\u00e9mergence de futurs champions de l\u2019\u00e9conomie africaine. Cependant, une absence notable est \u00e0 d\u00e9plorer : celle du pr\u00e9sident s\u00e9n\u00e9galais Macky Sall. En effet, le pr\u00e9sident n\u2019a pas fait le voyage jusqu\u2019\u00e0 Abidjan et aucune communication officielle n\u2019a \u00e9t\u00e9 diffus\u00e9e \u00e0 ce sujet. Cependant, il est possible que l\u2019actualit\u00e9 politique et sociale du S\u00e9n\u00e9gal soit \u00e0 l\u2019origine de cette d\u00e9cision inattendue. Depuis le 1er juin, le S\u00e9n\u00e9gal vit une p\u00e9riode de tension marqu\u00e9e par des manifestations. Ces derni\u00e8res ont \u00e9clat\u00e9 apr\u00e8s la condamnation de l\u2019opposant Ousmane Sonko \u00e0 deux ans de prison ferme pour corruption de la jeunesse. Ce verdict est fortement contest\u00e9 par les partisans de Ousmane Sonko qui y voient une man\u0153uvre politique pour l\u2019emp\u00eacher de se pr\u00e9senter aux \u00e9lections pr\u00e9sidentielles de f\u00e9vrier prochain.<\/p>\n","protected":false},"author":1,"featured_media":21690,"comment_status":"open","ping_status":"open","sticky":false,"template":"","format":"standard","meta":{"_jetpack_memberships_contains_paid_content":false,"footnotes":""},"categories":[375,3],"tags":[5200,11],"class_list":["post-23039","post","type-post","status-publish","format-standard","has-post-thumbnail","hentry","category-actualites","category-politique","tag-africa-ceo-forum","tag-macky-sall","entry","has-media","owp-thumbs-layout-horizontal","owp-btn-normal","owp-tabs-layout-horizontal","has-no-thumbnails","has-product-nav"],"yoast_head":"<!-- This site is optimized with the Yoast SEO plugin v25.5 - https:\/\/yoast.com\/wordpress\/plugins\/seo\/ -->\n<title>Manifestations au S\u00e9n\u00e9gal : Macky Sall absent au rassemblement de Africa CEO Forum - LE PUBLIC<\/title>\n<meta name=\"description\" content=\"L\u2019Africa CEO Forum, le plus grand rassemblement du secteur priv\u00e9 africain, a d\u00e9but\u00e9 le 5 juin 2023 \u00e0 Abidjan. Pendant deux jours, 1800 dirigeants \u00e9conomiques, chefs d\u2019\u00c9tat et grands patrons se r\u00e9unissent pour discuter de l\u2019\u00e9mergence de futurs champions de l\u2019\u00e9conomie africaine. Cependant, une absence notable est \u00e0 d\u00e9plorer : celle du pr\u00e9sident s\u00e9n\u00e9galais Macky Sall.\" \/>\n<meta name=\"robots\" content=\"index, follow, max-snippet:-1, max-image-preview:large, max-video-preview:-1\" \/>\n<link rel=\"canonical\" href=\"https:\/\/www.public.sn\/index.php\/2023\/06\/05\/manifestations-au-senegal-macky-sall-absent-absent-au-rassemblement-de-africa-ceo-forum\/\" \/>\n<meta property=\"og:locale\" content=\"fr_FR\" \/>\n<meta property=\"og:type\" content=\"article\" \/>\n<meta property=\"og:title\" content=\"Manifestations au S\u00e9n\u00e9gal : Macky Sall absent au rassemblement de Africa CEO Forum - LE PUBLIC\" \/>\n<meta property=\"og:description\" content=\"L\u2019Africa CEO Forum, le plus grand rassemblement du secteur priv\u00e9 africain, a d\u00e9but\u00e9 le 5 juin 2023 \u00e0 Abidjan. Pendant deux jours, 1800 dirigeants \u00e9conomiques, chefs d\u2019\u00c9tat et grands patrons se r\u00e9unissent pour discuter de l\u2019\u00e9mergence de futurs champions de l\u2019\u00e9conomie africaine. Cependant, une absence notable est \u00e0 d\u00e9plorer : celle du pr\u00e9sident s\u00e9n\u00e9galais Macky Sall.\" \/>\n<meta property=\"og:url\" content=\"https:\/\/www.public.sn\/index.php\/2023\/06\/05\/manifestations-au-senegal-macky-sall-absent-absent-au-rassemblement-de-africa-ceo-forum\/\" \/>\n<meta property=\"og:site_name\" content=\"LE PUBLIC\" \/>\n<meta property=\"article:published_time\" content=\"2023-06-05T18:22:19+00:00\" \/>\n<meta property=\"article:modified_time\" content=\"2023-06-05T18:26:04+00:00\" \/>\n<meta property=\"og:image\" content=\"https:\/\/www.public.sn\/wp-content\/uploads\/2023\/05\/macky-sall-2.jpg\" \/>\n\t<meta property=\"og:image:width\" content=\"1000\" \/>\n\t<meta property=\"og:image:height\" content=\"700\" \/>\n\t<meta property=\"og:image:type\" content=\"image\/jpeg\" \/>\n<meta name=\"author\" content=\"LA REDACTION\" \/>\n<meta name=\"twitter:card\" content=\"summary_large_image\" \/>\n<meta name=\"twitter:label1\" content=\"\u00c9crit par\" \/>\n\t<meta name=\"twitter:data1\" content=\"LA REDACTION\" \/>\n\t<meta name=\"twitter:label2\" content=\"Dur\u00e9e de lecture estim\u00e9e\" \/>\n\t<meta name=\"twitter:data2\" content=\"1 minute\" \/>\n<script type=\"application\/ld+json\" class=\"yoast-schema-graph\">{\"@context\":\"https:\/\/schema.org\",\"@graph\":[{\"@type\":\"Article\",\"@id\":\"https:\/\/www.public.sn\/index.php\/2023\/06\/05\/manifestations-au-senegal-macky-sall-absent-absent-au-rassemblement-de-africa-ceo-forum\/#article\",\"isPartOf\":{\"@id\":\"https:\/\/www.public.sn\/index.php\/2023\/06\/05\/manifestations-au-senegal-macky-sall-absent-absent-au-rassemblement-de-africa-ceo-forum\/\"},\"author\":{\"name\":\"LA REDACTION\",\"@id\":\"https:\/\/www.public.sn\/#\/schema\/person\/e3f4a11b037d4203902db148f9bc8d5a\"},\"headline\":\"Manifestations au S\u00e9n\u00e9gal : Macky Sall absent au rassemblement de Africa CEO Forum\",\"datePublished\":\"2023-06-05T18:22:19+00:00\",\"dateModified\":\"2023-06-05T18:26:04+00:00\",\"mainEntityOfPage\":{\"@id\":\"https:\/\/www.public.sn\/index.php\/2023\/06\/05\/manifestations-au-senegal-macky-sall-absent-absent-au-rassemblement-de-africa-ceo-forum\/\"},\"wordCount\":197,\"commentCount\":0,\"publisher\":{\"@id\":\"https:\/\/www.public.sn\/#organization\"},\"image\":{\"@id\":\"https:\/\/www.public.sn\/index.php\/2023\/06\/05\/manifestations-au-senegal-macky-sall-absent-absent-au-rassemblement-de-africa-ceo-forum\/#primaryimage\"},\"thumbnailUrl\":\"https:\/\/www.public.sn\/wp-content\/uploads\/2023\/05\/macky-sall-2.jpg\",\"keywords\":[\"Africa CEO Forum\",\"Macky Sall\"],\"articleSection\":[\"ACTUALIT\u00c9S\",\"POLITIQUE\"],\"inLanguage\":\"fr-FR\",\"potentialAction\":[{\"@type\":\"CommentAction\",\"name\":\"Comment\",\"target\":[\"https:\/\/www.public.sn\/index.php\/2023\/06\/05\/manifestations-au-senegal-macky-sall-absent-absent-au-rassemblement-de-africa-ceo-forum\/#respond\"]}]},{\"@type\":\"WebPage\",\"@id\":\"https:\/\/www.public.sn\/index.php\/2023\/06\/05\/manifestations-au-senegal-macky-sall-absent-absent-au-rassemblement-de-africa-ceo-forum\/\",\"url\":\"https:\/\/www.public.sn\/index.php\/2023\/06\/05\/manifestations-au-senegal-macky-sall-absent-absent-au-rassemblement-de-africa-ceo-forum\/\",\"name\":\"Manifestations au S\u00e9n\u00e9gal : Macky Sall absent au rassemblement de Africa CEO Forum - LE PUBLIC\",\"isPartOf\":{\"@id\":\"https:\/\/www.public.sn\/#website\"},\"primaryImageOfPage\":{\"@id\":\"https:\/\/www.public.sn\/index.php\/2023\/06\/05\/manifestations-au-senegal-macky-sall-absent-absent-au-rassemblement-de-africa-ceo-forum\/#primaryimage\"},\"image\":{\"@id\":\"https:\/\/www.public.sn\/index.php\/2023\/06\/05\/manifestations-au-senegal-macky-sall-absent-absent-au-rassemblement-de-africa-ceo-forum\/#primaryimage\"},\"thumbnailUrl\":\"https:\/\/www.public.sn\/wp-content\/uploads\/2023\/05\/macky-sall-2.jpg\",\"datePublished\":\"2023-06-05T18:22:19+00:00\",\"dateModified\":\"2023-06-05T18:26:04+00:00\",\"description\":\"L\u2019Africa CEO Forum, le plus grand rassemblement du secteur priv\u00e9 africain, a d\u00e9but\u00e9 le 5 juin 2023 \u00e0 Abidjan. Pendant deux jours, 1800 dirigeants \u00e9conomiques, chefs d\u2019\u00c9tat et grands patrons se r\u00e9unissent pour discuter de l\u2019\u00e9mergence de futurs champions de l\u2019\u00e9conomie africaine. Cependant, une absence notable est \u00e0 d\u00e9plorer : celle du pr\u00e9sident s\u00e9n\u00e9galais Macky Sall.\",\"breadcrumb\":{\"@id\":\"https:\/\/www.public.sn\/index.php\/2023\/06\/05\/manifestations-au-senegal-macky-sall-absent-absent-au-rassemblement-de-africa-ceo-forum\/#breadcrumb\"},\"inLanguage\":\"fr-FR\",\"potentialAction\":[{\"@type\":\"ReadAction\",\"target\":[\"https:\/\/www.public.sn\/index.php\/2023\/06\/05\/manifestations-au-senegal-macky-sall-absent-absent-au-rassemblement-de-africa-ceo-forum\/\"]}]},{\"@type\":\"ImageObject\",\"inLanguage\":\"fr-FR\",\"@id\":\"https:\/\/www.public.sn\/index.php\/2023\/06\/05\/manifestations-au-senegal-macky-sall-absent-absent-au-rassemblement-de-africa-ceo-forum\/#primaryimage\",\"url\":\"https:\/\/www.public.sn\/wp-content\/uploads\/2023\/05\/macky-sall-2.jpg\",\"contentUrl\":\"https:\/\/www.public.sn\/wp-content\/uploads\/2023\/05\/macky-sall-2.jpg\",\"width\":1000,\"height\":700},{\"@type\":\"BreadcrumbList\",\"@id\":\"https:\/\/www.public.sn\/index.php\/2023\/06\/05\/manifestations-au-senegal-macky-sall-absent-absent-au-rassemblement-de-africa-ceo-forum\/#breadcrumb\",\"itemListElement\":[{\"@type\":\"ListItem\",\"position\":1,\"name\":\"Accueil\",\"item\":\"https:\/\/www.public.sn\/\"},{\"@type\":\"ListItem\",\"position\":2,\"name\":\"Manifestations au S\u00e9n\u00e9gal : Macky Sall absent au rassemblement de Africa CEO Forum\"}]},{\"@type\":\"WebSite\",\"@id\":\"https:\/\/www.public.sn\/#website\",\"url\":\"https:\/\/www.public.sn\/\",\"name\":\"LE PUBLIC\",\"description\":\"\",\"publisher\":{\"@id\":\"https:\/\/www.public.sn\/#organization\"},\"potentialAction\":[{\"@type\":\"SearchAction\",\"target\":{\"@type\":\"EntryPoint\",\"urlTemplate\":\"https:\/\/www.public.sn\/?s={search_term_string}\"},\"query-input\":{\"@type\":\"PropertyValueSpecification\",\"valueRequired\":true,\"valueName\":\"search_term_string\"}}],\"inLanguage\":\"fr-FR\"},{\"@type\":\"Organization\",\"@id\":\"https:\/\/www.public.sn\/#organization\",\"name\":\"LE PUBLIC\",\"url\":\"https:\/\/www.public.sn\/\",\"logo\":{\"@type\":\"ImageObject\",\"inLanguage\":\"fr-FR\",\"@id\":\"https:\/\/www.public.sn\/#\/schema\/logo\/image\/\",\"url\":\"https:\/\/www.public.sn\/wp-content\/uploads\/2024\/05\/cropped-LOGO-PUBLIC.SN_.png\",\"contentUrl\":\"https:\/\/www.public.sn\/wp-content\/uploads\/2024\/05\/cropped-LOGO-PUBLIC.SN_.png\",\"width\":682,\"height\":192,\"caption\":\"LE PUBLIC\"},\"image\":{\"@id\":\"https:\/\/www.public.sn\/#\/schema\/logo\/image\/\"}},{\"@type\":\"Person\",\"@id\":\"https:\/\/www.public.sn\/#\/schema\/person\/e3f4a11b037d4203902db148f9bc8d5a\",\"name\":\"LA REDACTION\",\"image\":{\"@type\":\"ImageObject\",\"inLanguage\":\"fr-FR\",\"@id\":\"https:\/\/www.public.sn\/#\/schema\/person\/image\/\",\"url\":\"https:\/\/secure.gravatar.com\/avatar\/d6c030db45db2883c075085c5d6c6258654a801a93766b49af0b82d4f454e2a5?s=96&d=mm&r=g\",\"contentUrl\":\"https:\/\/secure.gravatar.com\/avatar\/d6c030db45db2883c075085c5d6c6258654a801a93766b49af0b82d4f454e2a5?s=96&d=mm&r=g\",\"caption\":\"LA REDACTION\"},\"sameAs\":[\"http:\/\/www.public.sn\"],\"url\":\"https:\/\/www.public.sn\/index.php\/author\/admin7324\/\"}]}<\/script>\n<!-- \/ Yoast SEO plugin. -->","yoast_head_json":{"title":"Manifestations au S\u00e9n\u00e9gal : Macky Sall absent au rassemblement de Africa CEO Forum - LE PUBLIC","description":"L\u2019Africa CEO Forum, le plus grand rassemblement du secteur priv\u00e9 africain, a d\u00e9but\u00e9 le 5 juin 2023 \u00e0 Abidjan. Pendant deux jours, 1800 dirigeants \u00e9conomiques, chefs d\u2019\u00c9tat et grands patrons se r\u00e9unissent pour discuter de l\u2019\u00e9mergence de futurs champions de l\u2019\u00e9conomie africaine. Cependant, une absence notable est \u00e0 d\u00e9plorer : celle du pr\u00e9sident s\u00e9n\u00e9galais Macky Sall.","robots":{"index":"index","follow":"follow","max-snippet":"max-snippet:-1","max-image-preview":"max-image-preview:large","max-video-preview":"max-video-preview:-1"},"canonical":"https:\/\/www.public.sn\/index.php\/2023\/06\/05\/manifestations-au-senegal-macky-sall-absent-absent-au-rassemblement-de-africa-ceo-forum\/","og_locale":"fr_FR","og_type":"article","og_title":"Manifestations au S\u00e9n\u00e9gal : Macky Sall absent au rassemblement de Africa CEO Forum - LE PUBLIC","og_description":"L\u2019Africa CEO Forum, le plus grand rassemblement du secteur priv\u00e9 africain, a d\u00e9but\u00e9 le 5 juin 2023 \u00e0 Abidjan. Pendant deux jours, 1800 dirigeants \u00e9conomiques, chefs d\u2019\u00c9tat et grands patrons se r\u00e9unissent pour discuter de l\u2019\u00e9mergence de futurs champions de l\u2019\u00e9conomie africaine. Cependant, une absence notable est \u00e0 d\u00e9plorer : celle du pr\u00e9sident s\u00e9n\u00e9galais Macky Sall.","og_url":"https:\/\/www.public.sn\/index.php\/2023\/06\/05\/manifestations-au-senegal-macky-sall-absent-absent-au-rassemblement-de-africa-ceo-forum\/","og_site_name":"LE PUBLIC","article_published_time":"2023-06-05T18:22:19+00:00","article_modified_time":"2023-06-05T18:26:04+00:00","og_image":[{"width":1000,"height":700,"url":"https:\/\/www.public.sn\/wp-content\/uploads\/2023\/05\/macky-sall-2.jpg","type":"image\/jpeg"}],"author":"LA REDACTION","twitter_card":"summary_large_image","twitter_misc":{"\u00c9crit par":"LA REDACTION","Dur\u00e9e de lecture estim\u00e9e":"1 minute"},"schema":{"@context":"https:\/\/schema.org","@graph":[{"@type":"Article","@id":"https:\/\/www.public.sn\/index.php\/2023\/06\/05\/manifestations-au-senegal-macky-sall-absent-absent-au-rassemblement-de-africa-ceo-forum\/#article","isPartOf":{"@id":"https:\/\/www.public.sn\/index.php\/2023\/06\/05\/manifestations-au-senegal-macky-sall-absent-absent-au-rassemblement-de-africa-ceo-forum\/"},"author":{"name":"LA REDACTION","@id":"https:\/\/www.public.sn\/#\/schema\/person\/e3f4a11b037d4203902db148f9bc8d5a"},"headline":"Manifestations au S\u00e9n\u00e9gal : Macky Sall absent au rassemblement de Africa CEO Forum","datePublished":"2023-06-05T18:22:19+00:00","dateModified":"2023-06-05T18:26:04+00:00","mainEntityOfPage":{"@id":"https:\/\/www.public.sn\/index.php\/2023\/06\/05\/manifestations-au-senegal-macky-sall-absent-absent-au-rassemblement-de-africa-ceo-forum\/"},"wordCount":197,"commentCount":0,"publisher":{"@id":"https:\/\/www.public.sn\/#organization"},"image":{"@id":"https:\/\/www.public.sn\/index.php\/2023\/06\/05\/manifestations-au-senegal-macky-sall-absent-absent-au-rassemblement-de-africa-ceo-forum\/#primaryimage"},"thumbnailUrl":"https:\/\/www.public.sn\/wp-content\/uploads\/2023\/05\/macky-sall-2.jpg","keywords":["Africa CEO Forum","Macky Sall"],"articleSection":["ACTUALIT\u00c9S","POLITIQUE"],"inLanguage":"fr-FR","potentialAction":[{"@type":"CommentAction","name":"Comment","target":["https:\/\/www.public.sn\/index.php\/2023\/06\/05\/manifestations-au-senegal-macky-sall-absent-absent-au-rassemblement-de-africa-ceo-forum\/#respond"]}]},{"@type":"WebPage","@id":"https:\/\/www.public.sn\/index.php\/2023\/06\/05\/manifestations-au-senegal-macky-sall-absent-absent-au-rassemblement-de-africa-ceo-forum\/","url":"https:\/\/www.public.sn\/index.php\/2023\/06\/05\/manifestations-au-senegal-macky-sall-absent-absent-au-rassemblement-de-africa-ceo-forum\/","name":"Manifestations au S\u00e9n\u00e9gal : Macky Sall absent au rassemblement de Africa CEO Forum - LE PUBLIC","isPartOf":{"@id":"https:\/\/www.public.sn\/#website"},"primaryImageOfPage":{"@id":"https:\/\/www.public.sn\/index.php\/2023\/06\/05\/manifestations-au-senegal-macky-sall-absent-absent-au-rassemblement-de-africa-ceo-forum\/#primaryimage"},"image":{"@id":"https:\/\/www.public.sn\/index.php\/2023\/06\/05\/manifestations-au-senegal-macky-sall-absent-absent-au-rassemblement-de-africa-ceo-forum\/#primaryimage"},"thumbnailUrl":"https:\/\/www.public.sn\/wp-content\/uploads\/2023\/05\/macky-sall-2.jpg","datePublished":"2023-06-05T18:22:19+00:00","dateModified":"2023-06-05T18:26:04+00:00","description":"L\u2019Africa CEO Forum, le plus grand rassemblement du secteur priv\u00e9 africain, a d\u00e9but\u00e9 le 5 juin 2023 \u00e0 Abidjan. Pendant deux jours, 1800 dirigeants \u00e9conomiques, chefs d\u2019\u00c9tat et grands patrons se r\u00e9unissent pour discuter de l\u2019\u00e9mergence de futurs champions de l\u2019\u00e9conomie africaine. Cependant, une absence notable est \u00e0 d\u00e9plorer : celle du pr\u00e9sident s\u00e9n\u00e9galais Macky Sall.","breadcrumb":{"@id":"https:\/\/www.public.sn\/index.php\/2023\/06\/05\/manifestations-au-senegal-macky-sall-absent-absent-au-rassemblement-de-africa-ceo-forum\/#breadcrumb"},"inLanguage":"fr-FR","potentialAction":[{"@type":"ReadAction","target":["https:\/\/www.public.sn\/index.php\/2023\/06\/05\/manifestations-au-senegal-macky-sall-absent-absent-au-rassemblement-de-africa-ceo-forum\/"]}]},{"@type":"ImageObject","inLanguage":"fr-FR","@id":"https:\/\/www.public.sn\/index.php\/2023\/06\/05\/manifestations-au-senegal-macky-sall-absent-absent-au-rassemblement-de-africa-ceo-forum\/#primaryimage","url":"https:\/\/www.public.sn\/wp-content\/uploads\/2023\/05\/macky-sall-2.jpg","contentUrl":"https:\/\/www.public.sn\/wp-content\/uploads\/2023\/05\/macky-sall-2.jpg","width":1000,"height":700},{"@type":"BreadcrumbList","@id":"https:\/\/www.public.sn\/index.php\/2023\/06\/05\/manifestations-au-senegal-macky-sall-absent-absent-au-rassemblement-de-africa-ceo-forum\/#breadcrumb","itemListElement":[{"@type":"ListItem","position":1,"name":"Accueil","item":"https:\/\/www.public.sn\/"},{"@type":"ListItem","position":2,"name":"Manifestations au S\u00e9n\u00e9gal : Macky Sall absent au rassemblement de Africa CEO Forum"}]},{"@type":"WebSite","@id":"https:\/\/www.public.sn\/#website","url":"https:\/\/www.public.sn\/","name":"LE PUBLIC","description":"","publisher":{"@id":"https:\/\/www.public.sn\/#organization"},"potentialAction":[{"@type":"SearchAction","target":{"@type":"EntryPoint","urlTemplate":"https:\/\/www.public.sn\/?s={search_term_string}"},"query-input":{"@type":"PropertyValueSpecification","valueRequired":true,"valueName":"search_term_string"}}],"inLanguage":"fr-FR"},{"@type":"Organization","@id":"https:\/\/www.public.sn\/#organization","name":"LE PUBLIC","url":"https:\/\/www.public.sn\/","logo":{"@type":"ImageObject","inLanguage":"fr-FR","@id":"https:\/\/www.public.sn\/#\/schema\/logo\/image\/","url":"https:\/\/www.public.sn\/wp-content\/uploads\/2024\/05\/cropped-LOGO-PUBLIC.SN_.png","contentUrl":"https:\/\/www.public.sn\/wp-content\/uploads\/2024\/05\/cropped-LOGO-PUBLIC.SN_.png","width":682,"height":192,"caption":"LE PUBLIC"},"image":{"@id":"https:\/\/www.public.sn\/#\/schema\/logo\/image\/"}},{"@type":"Person","@id":"https:\/\/www.public.sn\/#\/schema\/person\/e3f4a11b037d4203902db148f9bc8d5a","name":"LA REDACTION","image":{"@type":"ImageObject","inLanguage":"fr-FR","@id":"https:\/\/www.public.sn\/#\/schema\/person\/image\/","url":"https:\/\/secure.gravatar.com\/avatar\/d6c030db45db2883c075085c5d6c6258654a801a93766b49af0b82d4f454e2a5?s=96&d=mm&r=g","contentUrl":"https:\/\/secure.gravatar.com\/avatar\/d6c030db45db2883c075085c5d6c6258654a801a93766b49af0b82d4f454e2a5?s=96&d=mm&r=g","caption":"LA REDACTION"},"sameAs":["http:\/\/www.public.sn"],"url":"https:\/\/www.public.sn\/index.php\/author\/admin7324\/"}]}},"jetpack_featured_media_url":"https:\/\/www.public.sn\/wp-content\/uploads\/2023\/05\/macky-sall-2.jpg","jetpack_sharing_enabled":true,"_links":{"self":[{"href":"https:\/\/www.public.sn\/index.php\/wp-json\/wp\/v2\/posts\/23039","targetHints":{"allow":["GET"]}}],"collection":[{"href":"https:\/\/www.public.sn\/index.php\/wp-json\/wp\/v2\/posts"}],"about":[{"href":"https:\/\/www.public.sn\/index.php\/wp-json\/wp\/v2\/types\/post"}],"author":[{"embeddable":true,"href":"https:\/\/www.public.sn\/index.php\/wp-json\/wp\/v2\/users\/1"}],"replies":[{"embeddable":true,"href":"https:\/\/www.public.sn\/index.php\/wp-json\/wp\/v2\/comments?post=23039"}],"version-history":[{"count":2,"href":"https:\/\/www.public.sn\/index.php\/wp-json\/wp\/v2\/posts\/23039\/revisions"}],"predecessor-version":[{"id":23041,"href":"https:\/\/www.public.sn\/index.php\/wp-json\/wp\/v2\/posts\/23039\/revisions\/23041"}],"wp:featuredmedia":[{"embeddable":true,"href":"https:\/\/www.public.sn\/index.php\/wp-json\/wp\/v2\/media\/21690"}],"wp:attachment":[{"href":"https:\/\/www.public.sn\/index.php\/wp-json\/wp\/v2\/media?parent=23039"}],"wp:term":[{"taxonomy":"category","embeddable":true,"href":"https:\/\/www.public.sn\/index.php\/wp-json\/wp\/v2\/categories?post=23039"},{"taxonomy":"post_tag","embeddable":true,"href":"https:\/\/www.public.sn\/index.php\/wp-json\/wp\/v2\/tags?post=23039"}],"curies":[{"name":"wp","href":"https:\/\/api.w.org\/{rel}","templated":true}]}}