{"id":23161,"date":"2023-06-07T09:40:02","date_gmt":"2023-06-07T09:40:02","guid":{"rendered":"https:\/\/www.public.sn\/?p=23161"},"modified":"2023-06-07T09:40:02","modified_gmt":"2023-06-07T09:40:02","slug":"securite-le-blocus-du-domicile-de-ousmane-sonko-leve","status":"publish","type":"post","link":"https:\/\/www.public.sn\/index.php\/2023\/06\/07\/securite-le-blocus-du-domicile-de-ousmane-sonko-leve\/","title":{"rendered":"S\u00e9curit\u00e9 : le blocus du domicile de Ousmane Sonko lev\u00e9"},"content":{"rendered":"<p><strong>Ces derniers jours, Ousmane Sonko n\u2019a pu humer l\u2019air des ruelles de son quartier. A la Cit\u00e9 Keur Gorgui, l\u2019on avait barricad\u00e9 les all\u00e9es menant \u00e0 sa maison.<\/strong><\/p><div class=\"publi-paragraphe1\" style=\"margin-top: 10px;margin-bottom: 10px;margin-left: auto;margin-right: auto;text-align: center;\" id=\"publi-1405510007\"><div class=\"publi-adlabel\">Publicit\u00e9<\/div><script async src=\"\/\/pagead2.googlesyndication.com\/pagead\/js\/adsbygoogle.js?client=ca-pub-4089586018074219\" crossorigin=\"anonymous\"><\/script><ins class=\"adsbygoogle\" style=\"display:block;\" data-ad-client=\"ca-pub-4089586018074219\" \ndata-ad-slot=\"2087940154\" \ndata-ad-format=\"auto\"><\/ins>\n<script> \n(adsbygoogle = window.adsbygoogle || []).push({}); \n<\/script>\n<\/div>\n<p>L\u2019affaire Sweet Beauty est pass\u00e9e par l\u00e0, la caravane de la Paix aussi, dans une moindre mesure. Ousmane Sonko est rest\u00e9 ainsi clo\u00eetr\u00e9 chez lui pendant 10 jours. Depuis qu\u2019il a \u00e9t\u00e9 \u00ab d\u00e9pos\u00e9 \u00bb par les forces de l\u2019ordre, le dimanche 28 mai pass\u00e9, le leader de Pastef n\u2019a pu ni sortir ni avoir de la visite.<\/p>\n<p>Dans son \u00e9dition du jour, le Quotidien Le T\u00e9moin annonce une bonne nouvelle dans ce sens. En effet, nos confr\u00e8res r\u00e9v\u00e8lent que le blocus du domicile de Ousmane Sonko a \u00e9t\u00e9 lev\u00e9. Plus de barricades autour de son quartier donc.<\/p>\n<p>D\u00e9sormais, il faudra savoir si les visites lui seront autoris\u00e9es lui qui, on vous le rappelle, est condamn\u00e9 \u00e0 2 ans de prison dans l\u2019affaire Sweet Beauty, depuis jeudi dernier.<\/p>\n<div class=\"publi-apres-le-contenu\" style=\"margin-top: 10px;margin-bottom: 10px;margin-left: auto;margin-right: auto;text-align: center;\" id=\"publi-3910549832\"><div class=\"publi-adlabel\">Publicit\u00e9<\/div><script async src=\"\/\/pagead2.googlesyndication.com\/pagead\/js\/adsbygoogle.js?client=ca-pub-4089586018074219\" crossorigin=\"anonymous\"><\/script><ins class=\"adsbygoogle\" style=\"display:block;\" data-ad-client=\"ca-pub-4089586018074219\" \ndata-ad-slot=\"2087940154\" \ndata-ad-format=\"auto\"><\/ins>\n<script> \n(adsbygoogle = window.adsbygoogle || []).push({}); \n<\/script>\n<\/div>","protected":false},"excerpt":{"rendered":"<p>Ces derniers jours, Ousmane Sonko n\u2019a pu humer l\u2019air des ruelles de son quartier. A la Cit\u00e9 Keur Gorgui, l\u2019on avait barricad\u00e9 les all\u00e9es menant \u00e0 sa maison. L\u2019affaire Sweet Beauty est pass\u00e9e par l\u00e0, la caravane de la Paix aussi, dans une moindre mesure. Ousmane Sonko est rest\u00e9 ainsi clo\u00eetr\u00e9 chez lui pendant 10 jours. Depuis qu\u2019il a \u00e9t\u00e9 \u00ab d\u00e9pos\u00e9 \u00bb par les forces de l\u2019ordre, le dimanche 28 mai pass\u00e9, le leader de Pastef n\u2019a pu ni sortir ni avoir de la visite. Dans son \u00e9dition du jour, le Quotidien Le T\u00e9moin annonce une bonne nouvelle dans ce sens. En effet, nos confr\u00e8res r\u00e9v\u00e8lent que le blocus du domicile de Ousmane Sonko a \u00e9t\u00e9 lev\u00e9. Plus de barricades autour de son quartier donc. D\u00e9sormais, il faudra savoir si les visites lui seront autoris\u00e9es lui qui, on vous le rappelle, est condamn\u00e9 \u00e0 2 ans de prison dans l\u2019affaire Sweet Beauty, depuis jeudi dernier.<\/p>\n","protected":false},"author":1,"featured_media":18407,"comment_status":"open","ping_status":"open","sticky":false,"template":"","format":"standard","meta":{"_jetpack_memberships_contains_paid_content":false,"footnotes":""},"categories":[375,3,1,372],"tags":[4600,16],"class_list":["post-23161","post","type-post","status-publish","format-standard","has-post-thumbnail","hentry","category-actualites","category-politique","category-non-classe","category-vedette","tag-maison","tag-ousmane-sonko","entry","has-media","owp-thumbs-layout-horizontal","owp-btn-normal","owp-tabs-layout-horizontal","has-no-thumbnails","has-product-nav"],"yoast_head":"<!-- This site is optimized with the Yoast SEO plugin v25.5 - https:\/\/yoast.com\/wordpress\/plugins\/seo\/ -->\n<title>S\u00e9curit\u00e9 : le blocus du domicile de Ousmane Sonko lev\u00e9 - LE PUBLIC<\/title>\n<meta name=\"robots\" content=\"index, follow, max-snippet:-1, max-image-preview:large, max-video-preview:-1\" \/>\n<link rel=\"canonical\" href=\"https:\/\/www.public.sn\/index.php\/2023\/06\/07\/securite-le-blocus-du-domicile-de-ousmane-sonko-leve\/\" \/>\n<meta property=\"og:locale\" content=\"fr_FR\" \/>\n<meta property=\"og:type\" content=\"article\" \/>\n<meta property=\"og:title\" content=\"S\u00e9curit\u00e9 : le blocus du domicile de Ousmane Sonko lev\u00e9 - LE PUBLIC\" \/>\n<meta property=\"og:description\" content=\"Ces derniers jours, Ousmane Sonko n\u2019a pu humer l\u2019air des ruelles de son quartier. A la Cit\u00e9 Keur Gorgui, l\u2019on avait barricad\u00e9 les all\u00e9es menant \u00e0 sa maison. L\u2019affaire Sweet Beauty est pass\u00e9e par l\u00e0, la caravane de la Paix aussi, dans une moindre mesure. Ousmane Sonko est rest\u00e9 ainsi clo\u00eetr\u00e9 chez lui pendant 10 jours. Depuis qu\u2019il a \u00e9t\u00e9 \u00ab d\u00e9pos\u00e9 \u00bb par les forces de l\u2019ordre, le dimanche 28 mai pass\u00e9, le leader de Pastef n\u2019a pu ni sortir ni avoir de la visite. Dans son \u00e9dition du jour, le Quotidien Le T\u00e9moin annonce une bonne nouvelle dans ce sens. En effet, nos confr\u00e8res r\u00e9v\u00e8lent que le blocus du domicile de Ousmane Sonko a \u00e9t\u00e9 lev\u00e9. Plus de barricades autour de son quartier donc. D\u00e9sormais, il faudra savoir si les visites lui seront autoris\u00e9es lui qui, on vous le rappelle, est condamn\u00e9 \u00e0 2 ans de prison dans l\u2019affaire Sweet Beauty, depuis jeudi dernier.\" \/>\n<meta property=\"og:url\" content=\"https:\/\/www.public.sn\/index.php\/2023\/06\/07\/securite-le-blocus-du-domicile-de-ousmane-sonko-leve\/\" \/>\n<meta property=\"og:site_name\" content=\"LE PUBLIC\" \/>\n<meta property=\"article:published_time\" content=\"2023-06-07T09:40:02+00:00\" \/>\n<meta property=\"og:image\" content=\"https:\/\/www.public.sn\/wp-content\/uploads\/2023\/03\/ousmane-sonko-3.jpg\" \/>\n\t<meta property=\"og:image:width\" content=\"600\" \/>\n\t<meta property=\"og:image:height\" content=\"407\" \/>\n\t<meta property=\"og:image:type\" content=\"image\/jpeg\" \/>\n<meta name=\"author\" content=\"LA REDACTION\" \/>\n<meta name=\"twitter:card\" content=\"summary_large_image\" \/>\n<meta name=\"twitter:label1\" content=\"\u00c9crit par\" \/>\n\t<meta name=\"twitter:data1\" content=\"LA REDACTION\" \/>\n\t<meta name=\"twitter:label2\" content=\"Dur\u00e9e de lecture estim\u00e9e\" \/>\n\t<meta name=\"twitter:data2\" content=\"1 minute\" \/>\n<script type=\"application\/ld+json\" class=\"yoast-schema-graph\">{\"@context\":\"https:\/\/schema.org\",\"@graph\":[{\"@type\":\"Article\",\"@id\":\"https:\/\/www.public.sn\/index.php\/2023\/06\/07\/securite-le-blocus-du-domicile-de-ousmane-sonko-leve\/#article\",\"isPartOf\":{\"@id\":\"https:\/\/www.public.sn\/index.php\/2023\/06\/07\/securite-le-blocus-du-domicile-de-ousmane-sonko-leve\/\"},\"author\":{\"name\":\"LA REDACTION\",\"@id\":\"https:\/\/www.public.sn\/#\/schema\/person\/e3f4a11b037d4203902db148f9bc8d5a\"},\"headline\":\"S\u00e9curit\u00e9 : le blocus du domicile de Ousmane Sonko lev\u00e9\",\"datePublished\":\"2023-06-07T09:40:02+00:00\",\"mainEntityOfPage\":{\"@id\":\"https:\/\/www.public.sn\/index.php\/2023\/06\/07\/securite-le-blocus-du-domicile-de-ousmane-sonko-leve\/\"},\"wordCount\":177,\"commentCount\":0,\"publisher\":{\"@id\":\"https:\/\/www.public.sn\/#organization\"},\"image\":{\"@id\":\"https:\/\/www.public.sn\/index.php\/2023\/06\/07\/securite-le-blocus-du-domicile-de-ousmane-sonko-leve\/#primaryimage\"},\"thumbnailUrl\":\"https:\/\/www.public.sn\/wp-content\/uploads\/2023\/03\/ousmane-sonko-3.jpg\",\"keywords\":[\"Maison\",\"Ousmane Sonko\"],\"articleSection\":[\"ACTUALIT\u00c9S\",\"POLITIQUE\",\"S\u00c9N\u00c9GAL\",\"VEDETTE\"],\"inLanguage\":\"fr-FR\",\"potentialAction\":[{\"@type\":\"CommentAction\",\"name\":\"Comment\",\"target\":[\"https:\/\/www.public.sn\/index.php\/2023\/06\/07\/securite-le-blocus-du-domicile-de-ousmane-sonko-leve\/#respond\"]}]},{\"@type\":\"WebPage\",\"@id\":\"https:\/\/www.public.sn\/index.php\/2023\/06\/07\/securite-le-blocus-du-domicile-de-ousmane-sonko-leve\/\",\"url\":\"https:\/\/www.public.sn\/index.php\/2023\/06\/07\/securite-le-blocus-du-domicile-de-ousmane-sonko-leve\/\",\"name\":\"S\u00e9curit\u00e9 : le blocus du domicile de Ousmane Sonko lev\u00e9 - LE PUBLIC\",\"isPartOf\":{\"@id\":\"https:\/\/www.public.sn\/#website\"},\"primaryImageOfPage\":{\"@id\":\"https:\/\/www.public.sn\/index.php\/2023\/06\/07\/securite-le-blocus-du-domicile-de-ousmane-sonko-leve\/#primaryimage\"},\"image\":{\"@id\":\"https:\/\/www.public.sn\/index.php\/2023\/06\/07\/securite-le-blocus-du-domicile-de-ousmane-sonko-leve\/#primaryimage\"},\"thumbnailUrl\":\"https:\/\/www.public.sn\/wp-content\/uploads\/2023\/03\/ousmane-sonko-3.jpg\",\"datePublished\":\"2023-06-07T09:40:02+00:00\",\"breadcrumb\":{\"@id\":\"https:\/\/www.public.sn\/index.php\/2023\/06\/07\/securite-le-blocus-du-domicile-de-ousmane-sonko-leve\/#breadcrumb\"},\"inLanguage\":\"fr-FR\",\"potentialAction\":[{\"@type\":\"ReadAction\",\"target\":[\"https:\/\/www.public.sn\/index.php\/2023\/06\/07\/securite-le-blocus-du-domicile-de-ousmane-sonko-leve\/\"]}]},{\"@type\":\"ImageObject\",\"inLanguage\":\"fr-FR\",\"@id\":\"https:\/\/www.public.sn\/index.php\/2023\/06\/07\/securite-le-blocus-du-domicile-de-ousmane-sonko-leve\/#primaryimage\",\"url\":\"https:\/\/www.public.sn\/wp-content\/uploads\/2023\/03\/ousmane-sonko-3.jpg\",\"contentUrl\":\"https:\/\/www.public.sn\/wp-content\/uploads\/2023\/03\/ousmane-sonko-3.jpg\",\"width\":600,\"height\":407},{\"@type\":\"BreadcrumbList\",\"@id\":\"https:\/\/www.public.sn\/index.php\/2023\/06\/07\/securite-le-blocus-du-domicile-de-ousmane-sonko-leve\/#breadcrumb\",\"itemListElement\":[{\"@type\":\"ListItem\",\"position\":1,\"name\":\"Accueil\",\"item\":\"https:\/\/www.public.sn\/\"},{\"@type\":\"ListItem\",\"position\":2,\"name\":\"S\u00e9curit\u00e9 : le blocus du domicile de Ousmane Sonko lev\u00e9\"}]},{\"@type\":\"WebSite\",\"@id\":\"https:\/\/www.public.sn\/#website\",\"url\":\"https:\/\/www.public.sn\/\",\"name\":\"LE PUBLIC\",\"description\":\"\",\"publisher\":{\"@id\":\"https:\/\/www.public.sn\/#organization\"},\"potentialAction\":[{\"@type\":\"SearchAction\",\"target\":{\"@type\":\"EntryPoint\",\"urlTemplate\":\"https:\/\/www.public.sn\/?s={search_term_string}\"},\"query-input\":{\"@type\":\"PropertyValueSpecification\",\"valueRequired\":true,\"valueName\":\"search_term_string\"}}],\"inLanguage\":\"fr-FR\"},{\"@type\":\"Organization\",\"@id\":\"https:\/\/www.public.sn\/#organization\",\"name\":\"LE PUBLIC\",\"url\":\"https:\/\/www.public.sn\/\",\"logo\":{\"@type\":\"ImageObject\",\"inLanguage\":\"fr-FR\",\"@id\":\"https:\/\/www.public.sn\/#\/schema\/logo\/image\/\",\"url\":\"https:\/\/www.public.sn\/wp-content\/uploads\/2024\/05\/cropped-LOGO-PUBLIC.SN_.png\",\"contentUrl\":\"https:\/\/www.public.sn\/wp-content\/uploads\/2024\/05\/cropped-LOGO-PUBLIC.SN_.png\",\"width\":682,\"height\":192,\"caption\":\"LE PUBLIC\"},\"image\":{\"@id\":\"https:\/\/www.public.sn\/#\/schema\/logo\/image\/\"}},{\"@type\":\"Person\",\"@id\":\"https:\/\/www.public.sn\/#\/schema\/person\/e3f4a11b037d4203902db148f9bc8d5a\",\"name\":\"LA REDACTION\",\"image\":{\"@type\":\"ImageObject\",\"inLanguage\":\"fr-FR\",\"@id\":\"https:\/\/www.public.sn\/#\/schema\/person\/image\/\",\"url\":\"https:\/\/secure.gravatar.com\/avatar\/d6c030db45db2883c075085c5d6c6258654a801a93766b49af0b82d4f454e2a5?s=96&d=mm&r=g\",\"contentUrl\":\"https:\/\/secure.gravatar.com\/avatar\/d6c030db45db2883c075085c5d6c6258654a801a93766b49af0b82d4f454e2a5?s=96&d=mm&r=g\",\"caption\":\"LA REDACTION\"},\"sameAs\":[\"http:\/\/www.public.sn\"],\"url\":\"https:\/\/www.public.sn\/index.php\/author\/admin7324\/\"}]}<\/script>\n<!-- \/ Yoast SEO plugin. -->","yoast_head_json":{"title":"S\u00e9curit\u00e9 : le blocus du domicile de Ousmane Sonko lev\u00e9 - LE PUBLIC","robots":{"index":"index","follow":"follow","max-snippet":"max-snippet:-1","max-image-preview":"max-image-preview:large","max-video-preview":"max-video-preview:-1"},"canonical":"https:\/\/www.public.sn\/index.php\/2023\/06\/07\/securite-le-blocus-du-domicile-de-ousmane-sonko-leve\/","og_locale":"fr_FR","og_type":"article","og_title":"S\u00e9curit\u00e9 : le blocus du domicile de Ousmane Sonko lev\u00e9 - LE PUBLIC","og_description":"Ces derniers jours, Ousmane Sonko n\u2019a pu humer l\u2019air des ruelles de son quartier. A la Cit\u00e9 Keur Gorgui, l\u2019on avait barricad\u00e9 les all\u00e9es menant \u00e0 sa maison. L\u2019affaire Sweet Beauty est pass\u00e9e par l\u00e0, la caravane de la Paix aussi, dans une moindre mesure. Ousmane Sonko est rest\u00e9 ainsi clo\u00eetr\u00e9 chez lui pendant 10 jours. Depuis qu\u2019il a \u00e9t\u00e9 \u00ab d\u00e9pos\u00e9 \u00bb par les forces de l\u2019ordre, le dimanche 28 mai pass\u00e9, le leader de Pastef n\u2019a pu ni sortir ni avoir de la visite. Dans son \u00e9dition du jour, le Quotidien Le T\u00e9moin annonce une bonne nouvelle dans ce sens. En effet, nos confr\u00e8res r\u00e9v\u00e8lent que le blocus du domicile de Ousmane Sonko a \u00e9t\u00e9 lev\u00e9. Plus de barricades autour de son quartier donc. D\u00e9sormais, il faudra savoir si les visites lui seront autoris\u00e9es lui qui, on vous le rappelle, est condamn\u00e9 \u00e0 2 ans de prison dans l\u2019affaire Sweet Beauty, depuis jeudi dernier.","og_url":"https:\/\/www.public.sn\/index.php\/2023\/06\/07\/securite-le-blocus-du-domicile-de-ousmane-sonko-leve\/","og_site_name":"LE PUBLIC","article_published_time":"2023-06-07T09:40:02+00:00","og_image":[{"width":600,"height":407,"url":"https:\/\/www.public.sn\/wp-content\/uploads\/2023\/03\/ousmane-sonko-3.jpg","type":"image\/jpeg"}],"author":"LA REDACTION","twitter_card":"summary_large_image","twitter_misc":{"\u00c9crit par":"LA REDACTION","Dur\u00e9e de lecture estim\u00e9e":"1 minute"},"schema":{"@context":"https:\/\/schema.org","@graph":[{"@type":"Article","@id":"https:\/\/www.public.sn\/index.php\/2023\/06\/07\/securite-le-blocus-du-domicile-de-ousmane-sonko-leve\/#article","isPartOf":{"@id":"https:\/\/www.public.sn\/index.php\/2023\/06\/07\/securite-le-blocus-du-domicile-de-ousmane-sonko-leve\/"},"author":{"name":"LA REDACTION","@id":"https:\/\/www.public.sn\/#\/schema\/person\/e3f4a11b037d4203902db148f9bc8d5a"},"headline":"S\u00e9curit\u00e9 : le blocus du domicile de Ousmane Sonko lev\u00e9","datePublished":"2023-06-07T09:40:02+00:00","mainEntityOfPage":{"@id":"https:\/\/www.public.sn\/index.php\/2023\/06\/07\/securite-le-blocus-du-domicile-de-ousmane-sonko-leve\/"},"wordCount":177,"commentCount":0,"publisher":{"@id":"https:\/\/www.public.sn\/#organization"},"image":{"@id":"https:\/\/www.public.sn\/index.php\/2023\/06\/07\/securite-le-blocus-du-domicile-de-ousmane-sonko-leve\/#primaryimage"},"thumbnailUrl":"https:\/\/www.public.sn\/wp-content\/uploads\/2023\/03\/ousmane-sonko-3.jpg","keywords":["Maison","Ousmane Sonko"],"articleSection":["ACTUALIT\u00c9S","POLITIQUE","S\u00c9N\u00c9GAL","VEDETTE"],"inLanguage":"fr-FR","potentialAction":[{"@type":"CommentAction","name":"Comment","target":["https:\/\/www.public.sn\/index.php\/2023\/06\/07\/securite-le-blocus-du-domicile-de-ousmane-sonko-leve\/#respond"]}]},{"@type":"WebPage","@id":"https:\/\/www.public.sn\/index.php\/2023\/06\/07\/securite-le-blocus-du-domicile-de-ousmane-sonko-leve\/","url":"https:\/\/www.public.sn\/index.php\/2023\/06\/07\/securite-le-blocus-du-domicile-de-ousmane-sonko-leve\/","name":"S\u00e9curit\u00e9 : le blocus du domicile de Ousmane Sonko lev\u00e9 - LE PUBLIC","isPartOf":{"@id":"https:\/\/www.public.sn\/#website"},"primaryImageOfPage":{"@id":"https:\/\/www.public.sn\/index.php\/2023\/06\/07\/securite-le-blocus-du-domicile-de-ousmane-sonko-leve\/#primaryimage"},"image":{"@id":"https:\/\/www.public.sn\/index.php\/2023\/06\/07\/securite-le-blocus-du-domicile-de-ousmane-sonko-leve\/#primaryimage"},"thumbnailUrl":"https:\/\/www.public.sn\/wp-content\/uploads\/2023\/03\/ousmane-sonko-3.jpg","datePublished":"2023-06-07T09:40:02+00:00","breadcrumb":{"@id":"https:\/\/www.public.sn\/index.php\/2023\/06\/07\/securite-le-blocus-du-domicile-de-ousmane-sonko-leve\/#breadcrumb"},"inLanguage":"fr-FR","potentialAction":[{"@type":"ReadAction","target":["https:\/\/www.public.sn\/index.php\/2023\/06\/07\/securite-le-blocus-du-domicile-de-ousmane-sonko-leve\/"]}]},{"@type":"ImageObject","inLanguage":"fr-FR","@id":"https:\/\/www.public.sn\/index.php\/2023\/06\/07\/securite-le-blocus-du-domicile-de-ousmane-sonko-leve\/#primaryimage","url":"https:\/\/www.public.sn\/wp-content\/uploads\/2023\/03\/ousmane-sonko-3.jpg","contentUrl":"https:\/\/www.public.sn\/wp-content\/uploads\/2023\/03\/ousmane-sonko-3.jpg","width":600,"height":407},{"@type":"BreadcrumbList","@id":"https:\/\/www.public.sn\/index.php\/2023\/06\/07\/securite-le-blocus-du-domicile-de-ousmane-sonko-leve\/#breadcrumb","itemListElement":[{"@type":"ListItem","position":1,"name":"Accueil","item":"https:\/\/www.public.sn\/"},{"@type":"ListItem","position":2,"name":"S\u00e9curit\u00e9 : le blocus du domicile de Ousmane Sonko lev\u00e9"}]},{"@type":"WebSite","@id":"https:\/\/www.public.sn\/#website","url":"https:\/\/www.public.sn\/","name":"LE PUBLIC","description":"","publisher":{"@id":"https:\/\/www.public.sn\/#organization"},"potentialAction":[{"@type":"SearchAction","target":{"@type":"EntryPoint","urlTemplate":"https:\/\/www.public.sn\/?s={search_term_string}"},"query-input":{"@type":"PropertyValueSpecification","valueRequired":true,"valueName":"search_term_string"}}],"inLanguage":"fr-FR"},{"@type":"Organization","@id":"https:\/\/www.public.sn\/#organization","name":"LE PUBLIC","url":"https:\/\/www.public.sn\/","logo":{"@type":"ImageObject","inLanguage":"fr-FR","@id":"https:\/\/www.public.sn\/#\/schema\/logo\/image\/","url":"https:\/\/www.public.sn\/wp-content\/uploads\/2024\/05\/cropped-LOGO-PUBLIC.SN_.png","contentUrl":"https:\/\/www.public.sn\/wp-content\/uploads\/2024\/05\/cropped-LOGO-PUBLIC.SN_.png","width":682,"height":192,"caption":"LE PUBLIC"},"image":{"@id":"https:\/\/www.public.sn\/#\/schema\/logo\/image\/"}},{"@type":"Person","@id":"https:\/\/www.public.sn\/#\/schema\/person\/e3f4a11b037d4203902db148f9bc8d5a","name":"LA REDACTION","image":{"@type":"ImageObject","inLanguage":"fr-FR","@id":"https:\/\/www.public.sn\/#\/schema\/person\/image\/","url":"https:\/\/secure.gravatar.com\/avatar\/d6c030db45db2883c075085c5d6c6258654a801a93766b49af0b82d4f454e2a5?s=96&d=mm&r=g","contentUrl":"https:\/\/secure.gravatar.com\/avatar\/d6c030db45db2883c075085c5d6c6258654a801a93766b49af0b82d4f454e2a5?s=96&d=mm&r=g","caption":"LA REDACTION"},"sameAs":["http:\/\/www.public.sn"],"url":"https:\/\/www.public.sn\/index.php\/author\/admin7324\/"}]}},"jetpack_featured_media_url":"https:\/\/www.public.sn\/wp-content\/uploads\/2023\/03\/ousmane-sonko-3.jpg","jetpack_sharing_enabled":true,"_links":{"self":[{"href":"https:\/\/www.public.sn\/index.php\/wp-json\/wp\/v2\/posts\/23161","targetHints":{"allow":["GET"]}}],"collection":[{"href":"https:\/\/www.public.sn\/index.php\/wp-json\/wp\/v2\/posts"}],"about":[{"href":"https:\/\/www.public.sn\/index.php\/wp-json\/wp\/v2\/types\/post"}],"author":[{"embeddable":true,"href":"https:\/\/www.public.sn\/index.php\/wp-json\/wp\/v2\/users\/1"}],"replies":[{"embeddable":true,"href":"https:\/\/www.public.sn\/index.php\/wp-json\/wp\/v2\/comments?post=23161"}],"version-history":[{"count":1,"href":"https:\/\/www.public.sn\/index.php\/wp-json\/wp\/v2\/posts\/23161\/revisions"}],"predecessor-version":[{"id":23162,"href":"https:\/\/www.public.sn\/index.php\/wp-json\/wp\/v2\/posts\/23161\/revisions\/23162"}],"wp:featuredmedia":[{"embeddable":true,"href":"https:\/\/www.public.sn\/index.php\/wp-json\/wp\/v2\/media\/18407"}],"wp:attachment":[{"href":"https:\/\/www.public.sn\/index.php\/wp-json\/wp\/v2\/media?parent=23161"}],"wp:term":[{"taxonomy":"category","embeddable":true,"href":"https:\/\/www.public.sn\/index.php\/wp-json\/wp\/v2\/categories?post=23161"},{"taxonomy":"post_tag","embeddable":true,"href":"https:\/\/www.public.sn\/index.php\/wp-json\/wp\/v2\/tags?post=23161"}],"curies":[{"name":"wp","href":"https:\/\/api.w.org\/{rel}","templated":true}]}}