{"id":23203,"date":"2023-06-07T20:27:31","date_gmt":"2023-06-07T20:27:31","guid":{"rendered":"https:\/\/www.public.sn\/?p=23203"},"modified":"2023-06-07T20:27:31","modified_gmt":"2023-06-07T20:27:31","slug":"mediation-entre-sonko-et-macky-sall-pape-ale-niang-deballe","status":"publish","type":"post","link":"https:\/\/www.public.sn\/index.php\/2023\/06\/07\/mediation-entre-sonko-et-macky-sall-pape-ale-niang-deballe\/","title":{"rendered":"M\u00e9diation entre Sonko et Macky Sall ?  Pape Al\u00e9 Niang d\u00e9balle"},"content":{"rendered":"<p><strong>Le journaliste d\u2019investigation Pape Al\u00e9 Niang a donn\u00e9 des nouvelles du leader du Pastef Ousmane Sonko qui n\u2019a pas fait de sortie depuis la veille du d\u00e9lib\u00e9r\u00e9 du proc\u00e8s qui l\u2019a oppos\u00e9 \u00e0 l\u2019ex-masseuse Adji Sarr.<\/strong><\/p><div class=\"publi-paragraphe1\" style=\"margin-top: 10px;margin-bottom: 10px;margin-left: auto;margin-right: auto;text-align: center;\" id=\"publi-448294918\"><div class=\"publi-adlabel\">Publicit\u00e9<\/div><script async src=\"\/\/pagead2.googlesyndication.com\/pagead\/js\/adsbygoogle.js?client=ca-pub-4089586018074219\" crossorigin=\"anonymous\"><\/script><ins class=\"adsbygoogle\" style=\"display:block;\" data-ad-client=\"ca-pub-4089586018074219\" \ndata-ad-slot=\"2087940154\" \ndata-ad-format=\"auto\"><\/ins>\n<script> \n(adsbygoogle = window.adsbygoogle || []).push({}); \n<\/script>\n<\/div>\n<p>Voici l\u2019int\u00e9gralit\u00e9 de sa publication !<\/p>\n<p>\u00ab Juste pour informer l\u2019opinion nationale et internationale sur toutes les informations qui circulent sur Ousmane Sonko<br \/>\n1- Ousmane Sonko est chez lui \u00e0 la cit\u00e9 Keur Gorgui.<br \/>\n2- Il continue d\u2019\u00eatre s\u00e9questr\u00e9 lui et sa famille par les forces de d\u00e9fense et de s\u00e9curit\u00e9.<\/p>\n<p>3- Ousmane Sonko est interdit de communiquer avec ses avocats.<br \/>\n4- Les forces de d\u00e9fense et de s\u00e9curit\u00e9 continuent de barricader son domicile . Aucun blocus n\u2019a \u00e9t\u00e9 lev\u00e9<br \/>\n5- Il n\u2019a re\u00e7u aucune d\u00e9l\u00e9gation des Nations Unies<\/p>\n<p>6- Il n\u2019a re\u00e7u aucun \u00e9missaire du v\u00e9n\u00e9r\u00e9 guide Serigne Mountakha Mback\u00e9<br \/>\n7- Il ne devait pas se rendre \u00e0 Touba<br \/>\n8- Il n\u2019a aucune m\u00e9diation entre lui et le Pr\u00e9sident Macky Sall<br \/>\n9 Ousmane Sonko ne fera pour le moment aucune d\u00e9claration sur les \u00e9v\u00e9nements malheureux survenus au S\u00e9n\u00e9gal<br \/>\n10- Ousmane Sonko se consid\u00e8re comme victime dans cette trag\u00e9die qui endeuille le peuple s\u00e9n\u00e9galais. \u00bb<\/p>\n<div class=\"publi-apres-le-contenu\" style=\"margin-top: 10px;margin-bottom: 10px;margin-left: auto;margin-right: auto;text-align: center;\" id=\"publi-409790059\"><div class=\"publi-adlabel\">Publicit\u00e9<\/div><script async src=\"\/\/pagead2.googlesyndication.com\/pagead\/js\/adsbygoogle.js?client=ca-pub-4089586018074219\" crossorigin=\"anonymous\"><\/script><ins class=\"adsbygoogle\" style=\"display:block;\" data-ad-client=\"ca-pub-4089586018074219\" \ndata-ad-slot=\"2087940154\" \ndata-ad-format=\"auto\"><\/ins>\n<script> \n(adsbygoogle = window.adsbygoogle || []).push({}); \n<\/script>\n<\/div>","protected":false},"excerpt":{"rendered":"<p>Le journaliste d\u2019investigation Pape Al\u00e9 Niang a donn\u00e9 des nouvelles du leader du Pastef Ousmane Sonko qui n\u2019a pas fait de sortie depuis la veille du d\u00e9lib\u00e9r\u00e9 du proc\u00e8s qui l\u2019a oppos\u00e9 \u00e0 l\u2019ex-masseuse Adji Sarr. Voici l\u2019int\u00e9gralit\u00e9 de sa publication ! \u00ab Juste pour informer l\u2019opinion nationale et internationale sur toutes les informations qui circulent sur Ousmane Sonko 1- Ousmane Sonko est chez lui \u00e0 la cit\u00e9 Keur Gorgui. 2- Il continue d\u2019\u00eatre s\u00e9questr\u00e9 lui et sa famille par les forces de d\u00e9fense et de s\u00e9curit\u00e9. 3- Ousmane Sonko est interdit de communiquer avec ses avocats. 4- Les forces de d\u00e9fense et de s\u00e9curit\u00e9 continuent de barricader son domicile . Aucun blocus n\u2019a \u00e9t\u00e9 lev\u00e9 5- Il n\u2019a re\u00e7u aucune d\u00e9l\u00e9gation des Nations Unies 6- Il n\u2019a re\u00e7u aucun \u00e9missaire du v\u00e9n\u00e9r\u00e9 guide Serigne Mountakha Mback\u00e9 7- Il ne devait pas se rendre \u00e0 Touba 8- Il n\u2019a aucune m\u00e9diation entre lui et le Pr\u00e9sident Macky Sall 9 Ousmane Sonko ne fera pour le moment aucune d\u00e9claration sur les \u00e9v\u00e9nements malheureux survenus au S\u00e9n\u00e9gal 10- Ousmane Sonko se consid\u00e8re comme victime dans cette trag\u00e9die qui endeuille le peuple s\u00e9n\u00e9galais. \u00bb<\/p>\n","protected":false},"author":1,"featured_media":8957,"comment_status":"open","ping_status":"open","sticky":false,"template":"","format":"standard","meta":{"_jetpack_memberships_contains_paid_content":false,"footnotes":""},"categories":[375,3,1,372],"tags":[11,16,2489],"class_list":["post-23203","post","type-post","status-publish","format-standard","has-post-thumbnail","hentry","category-actualites","category-politique","category-non-classe","category-vedette","tag-macky-sall","tag-ousmane-sonko","tag-pape-ale-niang","entry","has-media","owp-thumbs-layout-horizontal","owp-btn-normal","owp-tabs-layout-horizontal","has-no-thumbnails","has-product-nav"],"yoast_head":"<!-- This site is optimized with the Yoast SEO plugin v25.5 - https:\/\/yoast.com\/wordpress\/plugins\/seo\/ -->\n<title>M\u00e9diation entre Sonko et Macky Sall ? Pape Al\u00e9 Niang d\u00e9balle - LE PUBLIC<\/title>\n<meta name=\"description\" content=\"Le journaliste d\u2019investigation Pape Al\u00e9 Niang a donn\u00e9 des nouvelles du leader du Pastef Ousmane Sonko qui n\u2019a pas fait de sortie depuis la veille du d\u00e9lib\u00e9r\u00e9 du proc\u00e8s qui l\u2019a oppos\u00e9 \u00e0 l\u2019ex-masseuse Adji Sarr.\" \/>\n<meta name=\"robots\" content=\"index, follow, max-snippet:-1, max-image-preview:large, max-video-preview:-1\" \/>\n<link rel=\"canonical\" href=\"https:\/\/www.public.sn\/index.php\/2023\/06\/07\/mediation-entre-sonko-et-macky-sall-pape-ale-niang-deballe\/\" \/>\n<meta property=\"og:locale\" content=\"fr_FR\" \/>\n<meta property=\"og:type\" content=\"article\" \/>\n<meta property=\"og:title\" content=\"M\u00e9diation entre Sonko et Macky Sall ? Pape Al\u00e9 Niang d\u00e9balle - LE PUBLIC\" \/>\n<meta property=\"og:description\" content=\"Le journaliste d\u2019investigation Pape Al\u00e9 Niang a donn\u00e9 des nouvelles du leader du Pastef Ousmane Sonko qui n\u2019a pas fait de sortie depuis la veille du d\u00e9lib\u00e9r\u00e9 du proc\u00e8s qui l\u2019a oppos\u00e9 \u00e0 l\u2019ex-masseuse Adji Sarr.\" \/>\n<meta property=\"og:url\" content=\"https:\/\/www.public.sn\/index.php\/2023\/06\/07\/mediation-entre-sonko-et-macky-sall-pape-ale-niang-deballe\/\" \/>\n<meta property=\"og:site_name\" content=\"LE PUBLIC\" \/>\n<meta property=\"article:published_time\" content=\"2023-06-07T20:27:31+00:00\" \/>\n<meta property=\"og:image\" content=\"https:\/\/www.public.sn\/wp-content\/uploads\/2022\/11\/Pape-ale.png\" \/>\n\t<meta property=\"og:image:width\" content=\"1080\" \/>\n\t<meta property=\"og:image:height\" content=\"900\" \/>\n\t<meta property=\"og:image:type\" content=\"image\/png\" \/>\n<meta name=\"author\" content=\"LA REDACTION\" \/>\n<meta name=\"twitter:card\" content=\"summary_large_image\" \/>\n<meta name=\"twitter:label1\" content=\"\u00c9crit par\" \/>\n\t<meta name=\"twitter:data1\" content=\"LA REDACTION\" \/>\n\t<meta name=\"twitter:label2\" content=\"Dur\u00e9e de lecture estim\u00e9e\" \/>\n\t<meta name=\"twitter:data2\" content=\"1 minute\" \/>\n<script type=\"application\/ld+json\" class=\"yoast-schema-graph\">{\"@context\":\"https:\/\/schema.org\",\"@graph\":[{\"@type\":\"Article\",\"@id\":\"https:\/\/www.public.sn\/index.php\/2023\/06\/07\/mediation-entre-sonko-et-macky-sall-pape-ale-niang-deballe\/#article\",\"isPartOf\":{\"@id\":\"https:\/\/www.public.sn\/index.php\/2023\/06\/07\/mediation-entre-sonko-et-macky-sall-pape-ale-niang-deballe\/\"},\"author\":{\"name\":\"LA REDACTION\",\"@id\":\"https:\/\/www.public.sn\/#\/schema\/person\/e3f4a11b037d4203902db148f9bc8d5a\"},\"headline\":\"M\u00e9diation entre Sonko et Macky Sall ? Pape Al\u00e9 Niang d\u00e9balle\",\"datePublished\":\"2023-06-07T20:27:31+00:00\",\"mainEntityOfPage\":{\"@id\":\"https:\/\/www.public.sn\/index.php\/2023\/06\/07\/mediation-entre-sonko-et-macky-sall-pape-ale-niang-deballe\/\"},\"wordCount\":231,\"commentCount\":0,\"publisher\":{\"@id\":\"https:\/\/www.public.sn\/#organization\"},\"image\":{\"@id\":\"https:\/\/www.public.sn\/index.php\/2023\/06\/07\/mediation-entre-sonko-et-macky-sall-pape-ale-niang-deballe\/#primaryimage\"},\"thumbnailUrl\":\"https:\/\/www.public.sn\/wp-content\/uploads\/2022\/11\/Pape-ale.png\",\"keywords\":[\"Macky Sall\",\"Ousmane Sonko\",\"Pape Al\u00e9 Niang\"],\"articleSection\":[\"ACTUALIT\u00c9S\",\"POLITIQUE\",\"S\u00c9N\u00c9GAL\",\"VEDETTE\"],\"inLanguage\":\"fr-FR\",\"potentialAction\":[{\"@type\":\"CommentAction\",\"name\":\"Comment\",\"target\":[\"https:\/\/www.public.sn\/index.php\/2023\/06\/07\/mediation-entre-sonko-et-macky-sall-pape-ale-niang-deballe\/#respond\"]}]},{\"@type\":\"WebPage\",\"@id\":\"https:\/\/www.public.sn\/index.php\/2023\/06\/07\/mediation-entre-sonko-et-macky-sall-pape-ale-niang-deballe\/\",\"url\":\"https:\/\/www.public.sn\/index.php\/2023\/06\/07\/mediation-entre-sonko-et-macky-sall-pape-ale-niang-deballe\/\",\"name\":\"M\u00e9diation entre Sonko et Macky Sall ? Pape Al\u00e9 Niang d\u00e9balle - LE PUBLIC\",\"isPartOf\":{\"@id\":\"https:\/\/www.public.sn\/#website\"},\"primaryImageOfPage\":{\"@id\":\"https:\/\/www.public.sn\/index.php\/2023\/06\/07\/mediation-entre-sonko-et-macky-sall-pape-ale-niang-deballe\/#primaryimage\"},\"image\":{\"@id\":\"https:\/\/www.public.sn\/index.php\/2023\/06\/07\/mediation-entre-sonko-et-macky-sall-pape-ale-niang-deballe\/#primaryimage\"},\"thumbnailUrl\":\"https:\/\/www.public.sn\/wp-content\/uploads\/2022\/11\/Pape-ale.png\",\"datePublished\":\"2023-06-07T20:27:31+00:00\",\"description\":\"Le journaliste d\u2019investigation Pape Al\u00e9 Niang a donn\u00e9 des nouvelles du leader du Pastef Ousmane Sonko qui n\u2019a pas fait de sortie depuis la veille du d\u00e9lib\u00e9r\u00e9 du proc\u00e8s qui l\u2019a oppos\u00e9 \u00e0 l\u2019ex-masseuse Adji Sarr.\",\"breadcrumb\":{\"@id\":\"https:\/\/www.public.sn\/index.php\/2023\/06\/07\/mediation-entre-sonko-et-macky-sall-pape-ale-niang-deballe\/#breadcrumb\"},\"inLanguage\":\"fr-FR\",\"potentialAction\":[{\"@type\":\"ReadAction\",\"target\":[\"https:\/\/www.public.sn\/index.php\/2023\/06\/07\/mediation-entre-sonko-et-macky-sall-pape-ale-niang-deballe\/\"]}]},{\"@type\":\"ImageObject\",\"inLanguage\":\"fr-FR\",\"@id\":\"https:\/\/www.public.sn\/index.php\/2023\/06\/07\/mediation-entre-sonko-et-macky-sall-pape-ale-niang-deballe\/#primaryimage\",\"url\":\"https:\/\/www.public.sn\/wp-content\/uploads\/2022\/11\/Pape-ale.png\",\"contentUrl\":\"https:\/\/www.public.sn\/wp-content\/uploads\/2022\/11\/Pape-ale.png\",\"width\":1080,\"height\":900,\"caption\":\"Publicsn\"},{\"@type\":\"BreadcrumbList\",\"@id\":\"https:\/\/www.public.sn\/index.php\/2023\/06\/07\/mediation-entre-sonko-et-macky-sall-pape-ale-niang-deballe\/#breadcrumb\",\"itemListElement\":[{\"@type\":\"ListItem\",\"position\":1,\"name\":\"Accueil\",\"item\":\"https:\/\/www.public.sn\/\"},{\"@type\":\"ListItem\",\"position\":2,\"name\":\"M\u00e9diation entre Sonko et Macky Sall ? Pape Al\u00e9 Niang d\u00e9balle\"}]},{\"@type\":\"WebSite\",\"@id\":\"https:\/\/www.public.sn\/#website\",\"url\":\"https:\/\/www.public.sn\/\",\"name\":\"LE PUBLIC\",\"description\":\"\",\"publisher\":{\"@id\":\"https:\/\/www.public.sn\/#organization\"},\"potentialAction\":[{\"@type\":\"SearchAction\",\"target\":{\"@type\":\"EntryPoint\",\"urlTemplate\":\"https:\/\/www.public.sn\/?s={search_term_string}\"},\"query-input\":{\"@type\":\"PropertyValueSpecification\",\"valueRequired\":true,\"valueName\":\"search_term_string\"}}],\"inLanguage\":\"fr-FR\"},{\"@type\":\"Organization\",\"@id\":\"https:\/\/www.public.sn\/#organization\",\"name\":\"LE PUBLIC\",\"url\":\"https:\/\/www.public.sn\/\",\"logo\":{\"@type\":\"ImageObject\",\"inLanguage\":\"fr-FR\",\"@id\":\"https:\/\/www.public.sn\/#\/schema\/logo\/image\/\",\"url\":\"https:\/\/www.public.sn\/wp-content\/uploads\/2024\/05\/cropped-LOGO-PUBLIC.SN_.png\",\"contentUrl\":\"https:\/\/www.public.sn\/wp-content\/uploads\/2024\/05\/cropped-LOGO-PUBLIC.SN_.png\",\"width\":682,\"height\":192,\"caption\":\"LE PUBLIC\"},\"image\":{\"@id\":\"https:\/\/www.public.sn\/#\/schema\/logo\/image\/\"}},{\"@type\":\"Person\",\"@id\":\"https:\/\/www.public.sn\/#\/schema\/person\/e3f4a11b037d4203902db148f9bc8d5a\",\"name\":\"LA REDACTION\",\"image\":{\"@type\":\"ImageObject\",\"inLanguage\":\"fr-FR\",\"@id\":\"https:\/\/www.public.sn\/#\/schema\/person\/image\/\",\"url\":\"https:\/\/secure.gravatar.com\/avatar\/d6c030db45db2883c075085c5d6c6258654a801a93766b49af0b82d4f454e2a5?s=96&d=mm&r=g\",\"contentUrl\":\"https:\/\/secure.gravatar.com\/avatar\/d6c030db45db2883c075085c5d6c6258654a801a93766b49af0b82d4f454e2a5?s=96&d=mm&r=g\",\"caption\":\"LA REDACTION\"},\"sameAs\":[\"http:\/\/www.public.sn\"],\"url\":\"https:\/\/www.public.sn\/index.php\/author\/admin7324\/\"}]}<\/script>\n<!-- \/ Yoast SEO plugin. -->","yoast_head_json":{"title":"M\u00e9diation entre Sonko et Macky Sall ? Pape Al\u00e9 Niang d\u00e9balle - LE PUBLIC","description":"Le journaliste d\u2019investigation Pape Al\u00e9 Niang a donn\u00e9 des nouvelles du leader du Pastef Ousmane Sonko qui n\u2019a pas fait de sortie depuis la veille du d\u00e9lib\u00e9r\u00e9 du proc\u00e8s qui l\u2019a oppos\u00e9 \u00e0 l\u2019ex-masseuse Adji Sarr.","robots":{"index":"index","follow":"follow","max-snippet":"max-snippet:-1","max-image-preview":"max-image-preview:large","max-video-preview":"max-video-preview:-1"},"canonical":"https:\/\/www.public.sn\/index.php\/2023\/06\/07\/mediation-entre-sonko-et-macky-sall-pape-ale-niang-deballe\/","og_locale":"fr_FR","og_type":"article","og_title":"M\u00e9diation entre Sonko et Macky Sall ? Pape Al\u00e9 Niang d\u00e9balle - LE PUBLIC","og_description":"Le journaliste d\u2019investigation Pape Al\u00e9 Niang a donn\u00e9 des nouvelles du leader du Pastef Ousmane Sonko qui n\u2019a pas fait de sortie depuis la veille du d\u00e9lib\u00e9r\u00e9 du proc\u00e8s qui l\u2019a oppos\u00e9 \u00e0 l\u2019ex-masseuse Adji Sarr.","og_url":"https:\/\/www.public.sn\/index.php\/2023\/06\/07\/mediation-entre-sonko-et-macky-sall-pape-ale-niang-deballe\/","og_site_name":"LE PUBLIC","article_published_time":"2023-06-07T20:27:31+00:00","og_image":[{"width":1080,"height":900,"url":"https:\/\/www.public.sn\/wp-content\/uploads\/2022\/11\/Pape-ale.png","type":"image\/png"}],"author":"LA REDACTION","twitter_card":"summary_large_image","twitter_misc":{"\u00c9crit par":"LA REDACTION","Dur\u00e9e de lecture estim\u00e9e":"1 minute"},"schema":{"@context":"https:\/\/schema.org","@graph":[{"@type":"Article","@id":"https:\/\/www.public.sn\/index.php\/2023\/06\/07\/mediation-entre-sonko-et-macky-sall-pape-ale-niang-deballe\/#article","isPartOf":{"@id":"https:\/\/www.public.sn\/index.php\/2023\/06\/07\/mediation-entre-sonko-et-macky-sall-pape-ale-niang-deballe\/"},"author":{"name":"LA REDACTION","@id":"https:\/\/www.public.sn\/#\/schema\/person\/e3f4a11b037d4203902db148f9bc8d5a"},"headline":"M\u00e9diation entre Sonko et Macky Sall ? Pape Al\u00e9 Niang d\u00e9balle","datePublished":"2023-06-07T20:27:31+00:00","mainEntityOfPage":{"@id":"https:\/\/www.public.sn\/index.php\/2023\/06\/07\/mediation-entre-sonko-et-macky-sall-pape-ale-niang-deballe\/"},"wordCount":231,"commentCount":0,"publisher":{"@id":"https:\/\/www.public.sn\/#organization"},"image":{"@id":"https:\/\/www.public.sn\/index.php\/2023\/06\/07\/mediation-entre-sonko-et-macky-sall-pape-ale-niang-deballe\/#primaryimage"},"thumbnailUrl":"https:\/\/www.public.sn\/wp-content\/uploads\/2022\/11\/Pape-ale.png","keywords":["Macky Sall","Ousmane Sonko","Pape Al\u00e9 Niang"],"articleSection":["ACTUALIT\u00c9S","POLITIQUE","S\u00c9N\u00c9GAL","VEDETTE"],"inLanguage":"fr-FR","potentialAction":[{"@type":"CommentAction","name":"Comment","target":["https:\/\/www.public.sn\/index.php\/2023\/06\/07\/mediation-entre-sonko-et-macky-sall-pape-ale-niang-deballe\/#respond"]}]},{"@type":"WebPage","@id":"https:\/\/www.public.sn\/index.php\/2023\/06\/07\/mediation-entre-sonko-et-macky-sall-pape-ale-niang-deballe\/","url":"https:\/\/www.public.sn\/index.php\/2023\/06\/07\/mediation-entre-sonko-et-macky-sall-pape-ale-niang-deballe\/","name":"M\u00e9diation entre Sonko et Macky Sall ? Pape Al\u00e9 Niang d\u00e9balle - LE PUBLIC","isPartOf":{"@id":"https:\/\/www.public.sn\/#website"},"primaryImageOfPage":{"@id":"https:\/\/www.public.sn\/index.php\/2023\/06\/07\/mediation-entre-sonko-et-macky-sall-pape-ale-niang-deballe\/#primaryimage"},"image":{"@id":"https:\/\/www.public.sn\/index.php\/2023\/06\/07\/mediation-entre-sonko-et-macky-sall-pape-ale-niang-deballe\/#primaryimage"},"thumbnailUrl":"https:\/\/www.public.sn\/wp-content\/uploads\/2022\/11\/Pape-ale.png","datePublished":"2023-06-07T20:27:31+00:00","description":"Le journaliste d\u2019investigation Pape Al\u00e9 Niang a donn\u00e9 des nouvelles du leader du Pastef Ousmane Sonko qui n\u2019a pas fait de sortie depuis la veille du d\u00e9lib\u00e9r\u00e9 du proc\u00e8s qui l\u2019a oppos\u00e9 \u00e0 l\u2019ex-masseuse Adji Sarr.","breadcrumb":{"@id":"https:\/\/www.public.sn\/index.php\/2023\/06\/07\/mediation-entre-sonko-et-macky-sall-pape-ale-niang-deballe\/#breadcrumb"},"inLanguage":"fr-FR","potentialAction":[{"@type":"ReadAction","target":["https:\/\/www.public.sn\/index.php\/2023\/06\/07\/mediation-entre-sonko-et-macky-sall-pape-ale-niang-deballe\/"]}]},{"@type":"ImageObject","inLanguage":"fr-FR","@id":"https:\/\/www.public.sn\/index.php\/2023\/06\/07\/mediation-entre-sonko-et-macky-sall-pape-ale-niang-deballe\/#primaryimage","url":"https:\/\/www.public.sn\/wp-content\/uploads\/2022\/11\/Pape-ale.png","contentUrl":"https:\/\/www.public.sn\/wp-content\/uploads\/2022\/11\/Pape-ale.png","width":1080,"height":900,"caption":"Publicsn"},{"@type":"BreadcrumbList","@id":"https:\/\/www.public.sn\/index.php\/2023\/06\/07\/mediation-entre-sonko-et-macky-sall-pape-ale-niang-deballe\/#breadcrumb","itemListElement":[{"@type":"ListItem","position":1,"name":"Accueil","item":"https:\/\/www.public.sn\/"},{"@type":"ListItem","position":2,"name":"M\u00e9diation entre Sonko et Macky Sall ? Pape Al\u00e9 Niang d\u00e9balle"}]},{"@type":"WebSite","@id":"https:\/\/www.public.sn\/#website","url":"https:\/\/www.public.sn\/","name":"LE PUBLIC","description":"","publisher":{"@id":"https:\/\/www.public.sn\/#organization"},"potentialAction":[{"@type":"SearchAction","target":{"@type":"EntryPoint","urlTemplate":"https:\/\/www.public.sn\/?s={search_term_string}"},"query-input":{"@type":"PropertyValueSpecification","valueRequired":true,"valueName":"search_term_string"}}],"inLanguage":"fr-FR"},{"@type":"Organization","@id":"https:\/\/www.public.sn\/#organization","name":"LE PUBLIC","url":"https:\/\/www.public.sn\/","logo":{"@type":"ImageObject","inLanguage":"fr-FR","@id":"https:\/\/www.public.sn\/#\/schema\/logo\/image\/","url":"https:\/\/www.public.sn\/wp-content\/uploads\/2024\/05\/cropped-LOGO-PUBLIC.SN_.png","contentUrl":"https:\/\/www.public.sn\/wp-content\/uploads\/2024\/05\/cropped-LOGO-PUBLIC.SN_.png","width":682,"height":192,"caption":"LE PUBLIC"},"image":{"@id":"https:\/\/www.public.sn\/#\/schema\/logo\/image\/"}},{"@type":"Person","@id":"https:\/\/www.public.sn\/#\/schema\/person\/e3f4a11b037d4203902db148f9bc8d5a","name":"LA REDACTION","image":{"@type":"ImageObject","inLanguage":"fr-FR","@id":"https:\/\/www.public.sn\/#\/schema\/person\/image\/","url":"https:\/\/secure.gravatar.com\/avatar\/d6c030db45db2883c075085c5d6c6258654a801a93766b49af0b82d4f454e2a5?s=96&d=mm&r=g","contentUrl":"https:\/\/secure.gravatar.com\/avatar\/d6c030db45db2883c075085c5d6c6258654a801a93766b49af0b82d4f454e2a5?s=96&d=mm&r=g","caption":"LA REDACTION"},"sameAs":["http:\/\/www.public.sn"],"url":"https:\/\/www.public.sn\/index.php\/author\/admin7324\/"}]}},"jetpack_featured_media_url":"https:\/\/www.public.sn\/wp-content\/uploads\/2022\/11\/Pape-ale.png","jetpack_sharing_enabled":true,"_links":{"self":[{"href":"https:\/\/www.public.sn\/index.php\/wp-json\/wp\/v2\/posts\/23203","targetHints":{"allow":["GET"]}}],"collection":[{"href":"https:\/\/www.public.sn\/index.php\/wp-json\/wp\/v2\/posts"}],"about":[{"href":"https:\/\/www.public.sn\/index.php\/wp-json\/wp\/v2\/types\/post"}],"author":[{"embeddable":true,"href":"https:\/\/www.public.sn\/index.php\/wp-json\/wp\/v2\/users\/1"}],"replies":[{"embeddable":true,"href":"https:\/\/www.public.sn\/index.php\/wp-json\/wp\/v2\/comments?post=23203"}],"version-history":[{"count":1,"href":"https:\/\/www.public.sn\/index.php\/wp-json\/wp\/v2\/posts\/23203\/revisions"}],"predecessor-version":[{"id":23204,"href":"https:\/\/www.public.sn\/index.php\/wp-json\/wp\/v2\/posts\/23203\/revisions\/23204"}],"wp:featuredmedia":[{"embeddable":true,"href":"https:\/\/www.public.sn\/index.php\/wp-json\/wp\/v2\/media\/8957"}],"wp:attachment":[{"href":"https:\/\/www.public.sn\/index.php\/wp-json\/wp\/v2\/media?parent=23203"}],"wp:term":[{"taxonomy":"category","embeddable":true,"href":"https:\/\/www.public.sn\/index.php\/wp-json\/wp\/v2\/categories?post=23203"},{"taxonomy":"post_tag","embeddable":true,"href":"https:\/\/www.public.sn\/index.php\/wp-json\/wp\/v2\/tags?post=23203"}],"curies":[{"name":"wp","href":"https:\/\/api.w.org\/{rel}","templated":true}]}}