{"id":23205,"date":"2023-06-07T20:49:03","date_gmt":"2023-06-07T20:49:03","guid":{"rendered":"https:\/\/www.public.sn\/?p=23205"},"modified":"2023-06-07T20:51:24","modified_gmt":"2023-06-07T20:51:24","slug":"communique-du-conseil-des-ministres-du-mercredi-07-juin-2023","status":"publish","type":"post","link":"https:\/\/www.public.sn\/index.php\/2023\/06\/07\/communique-du-conseil-des-ministres-du-mercredi-07-juin-2023\/","title":{"rendered":"Communiqu\u00e9 du Conseil des ministres du mercredi 07 juin 2023"},"content":{"rendered":"<p><strong>Le Conseil des ministres s\u2019est tenu ce mercredi 7 juin 2023 au Palais de la R\u00e9publique, sous la pr\u00e9sidence du Chef de l\u2019Etat, Son Excellence, Monsieur Macky SALL.<\/strong><\/p><div class=\"publi-paragraphe1\" style=\"margin-top: 10px;margin-bottom: 10px;margin-left: auto;margin-right: auto;text-align: center;\" id=\"publi-1069420520\"><div class=\"publi-adlabel\">Publicit\u00e9<\/div><script async src=\"\/\/pagead2.googlesyndication.com\/pagead\/js\/adsbygoogle.js?client=ca-pub-4089586018074219\" crossorigin=\"anonymous\"><\/script><ins class=\"adsbygoogle\" style=\"display:block;\" data-ad-client=\"ca-pub-4089586018074219\" \ndata-ad-slot=\"2087940154\" \ndata-ad-format=\"auto\"><\/ins>\n<script> \n(adsbygoogle = window.adsbygoogle || []).push({}); \n<\/script>\n<\/div>\n<p>A l\u2019entame de sa communication, le Pr\u00e9sident de la R\u00e9publique s\u2019est inclin\u00e9 devant la m\u00e9moire des personnes d\u00e9c\u00e9d\u00e9es lors des incidents graves not\u00e9s ces derniers jours, plus particuli\u00e8rement, dans les r\u00e9gions de Dakar et de Ziguinchor. En cette circonstance douloureuse, le Conseil des ministres a observ\u00e9 une minute de silence \u00e0 la m\u00e9moire des victimes des \u00e9v\u00e9nements.<\/p>\n<p>Le Chef de l\u2019Etat a saisi l\u2019occasion pour pr\u00e9senter ses condol\u00e9ances attrist\u00e9es \u00e0 la nation et aux familles des victimes et leurs a assur\u00e9 du soutien et de la pr\u00e9sence de l\u2019Etat \u00e0 leurs c\u00f4t\u00e9s.<\/p>\n<p>Le Pr\u00e9sident de la R\u00e9publique a aussi souhait\u00e9 un prompt r\u00e9tablissement aux bless\u00e9s civils, policiers et gendarmes.<\/p>\n<p>Le Chef de l\u2019Etat a saisi l\u2019occasion pour saluer le professionnalisme remarquable et la posture r\u00e9publicaine efficace des forces de d\u00e9fense et de s\u00e9curit\u00e9 qui ont permis de ma\u00eetriser, malgr\u00e9 tout, la violence sans pr\u00e9c\u00e9dent des attaques malveillantes, et d\u2019arr\u00eater les actes de vandalisme et de grand banditisme relev\u00e9s.<\/p>\n<p>Le Pr\u00e9sident de la R\u00e9publique a condamn\u00e9 fermement ces agressions caract\u00e9ris\u00e9es extr\u00eamement graves contre l\u2019Etat, la R\u00e9publique et ses institutions et contre la nation s\u00e9n\u00e9galaise \u00e0 travers des violences humaines, des actes de saccages contre des biens publics et priv\u00e9s et des cyber-attaques contre des sites strat\u00e9giques du Gouvernement et des services publics vitaux, dont l\u2019objectif \u00e9tait sans aucun doute de semer la terreur et de mettre \u00e0 l\u2019arr\u00eat notre pays.<\/p>\n<p>Le chef de l\u2019Etat a rappel\u00e9 au Gouvernement l\u2019imp\u00e9rative n\u00e9cessit\u00e9 de prot\u00e9ger notre R\u00e9publique et de pr\u00e9server notre nation face aux attaques qui sont devenues r\u00e9currentes et multiformes visant la paralysie de notre \u00e9conomie, la mise \u00e0 mal de l\u2019image de marque de r\u00e9f\u00e9rence de notre pays, le S\u00e9n\u00e9gal, qui demeure, avant tout, une grande d\u00e9mocratie.<br \/>\nDevant la gravit\u00e9 sans commune mesure des faits, le Pr\u00e9sident de la r\u00e9publique a r\u00e9it\u00e9r\u00e9 sa d\u00e9termination \u00e0 prot\u00e9ger la Nation, l\u2019Etat, la R\u00e9publique, ses valeurs, et ses fondements.<\/p>\n<p>Il a cet effet ordonn\u00e9 l\u2019ouverture d\u2019enqu\u00eates judiciaires imm\u00e9diates et syst\u00e9matiques pour faire la lumi\u00e8re sur les responsabilit\u00e9s li\u00e9es \u00e0 ces \u00e9v\u00e9nements.<\/p>\n<p>Au regard de la situation, le Pr\u00e9sident de la R\u00e9publique a demand\u00e9 au Gouvernement de pr\u00e9parer un M\u00e9morandum complet sur les d\u00e9c\u00e8s, actes de vandalisme et d\u00e9fiance vis-\u00e0-vis de l\u2019Etat perp\u00e9tr\u00e9s \u00e0 l\u2019occasion de ces manifestations.<\/p>\n<div>\n<div><span class=\"ctaText\">\u2794 \u00c0 Lire aussi :\u00a0<\/span>\u00a0\u00a0<span class=\"postTitle\">Revue de presse (Wolof) SUD FM du mercredi 07 juin 2023 | Par Nd\u00e8ye Mari\u00e8me Ndiaye<\/span><\/div>\n<\/div>\n<p>Le Pr\u00e9sident de la R\u00e9publique a aussi invit\u00e9 le Gouvernement \u00e0 faire un bilan exhaustif des pertes \u00e9conomiques et des d\u00e9g\u00e2ts mat\u00e9riels caus\u00e9s pour avoir une \u00e9valuation exacte des pr\u00e9judices subis.<\/p>\n<p>Le Chef de l\u2019Etat a tenu particuli\u00e8rement \u00e0 rassurer nos compatriotes et les h\u00f4tes \u00e9trangers qui vivent parmi nous, sur les dispositions prises pour pr\u00e9server la stabilit\u00e9 du pays et la s\u00e9curit\u00e9 des personnes et des biens.<\/p>\n<p>Par ailleurs, le Pr\u00e9sident de la R\u00e9publique a demand\u00e9 au Gouvernement de prendre toutes les dispositions n\u00e9cessaires pour assister les familles des victimes, ainsi que les personnes et les entit\u00e9s ayant subies des pr\u00e9judices.<\/p>\n<p>Enfin, le Chef de l\u2019Etat a r\u00e9it\u00e9r\u00e9 son ouverture au dialogue et \u00e0 la concertation avec toutes les forces vives de la Nation dans le respect de l\u2019Etat de droit et de notre commune volont\u00e9 de vivre ensemble dans la paix, la stabilit\u00e9 et la solidarit\u00e9, comme rappel\u00e9 lors de son message \u00e0 la c\u00e9r\u00e9monie de lancement du Dialogue national le mercredi 31 mai 2023.<\/p>\n<p>Revenant sur le lancement du dialogue national, le Pr\u00e9sident de la R\u00e9publique a remerci\u00e9 tous les acteurs politiques, \u00e9conomiques, sociaux, religieux et coutumiers, ainsi que les femmes et les jeunes qui ont r\u00e9pondu \u00e0 son appel.<\/p>\n<p>Le Chef de l\u2019Etat a saisi l\u2019occasion, pour se f\u00e9liciter de la qualit\u00e9 des messages responsables et constructifs d\u00e9livr\u00e9s par les intervenants lors de cette importante rencontre d\u2019\u00e9changes et de propositions de renforcement de l\u2019Etat de droit et d\u2019am\u00e9lioration de notre syst\u00e8me \u00e9lectoral et politique, de notre situation \u00e9conomique et sociale, dans la dynamique des performances du Plan S\u00e9n\u00e9gal Emergent (PSE) lanc\u00e9 en 2014.<\/p>\n<p>A cet effet, le Pr\u00e9sident de la R\u00e9publique a renouvel\u00e9 son engagement \u00e0 accompagner le travail des commissions du dialogue national afin de trouver, avec les acteurs impliqu\u00e9s, les compromis n\u00e9cessaires et les consensus attendus sur toutes les questions prioritaires et majeures abord\u00e9es, et devant consolider notre Pacte r\u00e9publicain, la r\u00e9silience et la stabilit\u00e9 du S\u00e9n\u00e9gal.<\/p>\n<p>Enfin, le Chef de l\u2019Etat a indiqu\u00e9 que les propositions et recommandations d\u00e9finitives du travail des commissions doivent lui parvenir avant le 25 juin 2023, en vue de la mise en \u0153uvre rapide des conclusions et d\u00e9cisions pr\u00e9sidentielles issues du Dialogue national qu\u2019il souhaite, encore une fois, inclusif, constructif et prospectif.<\/p>\n<p>Au terme de ce dialogue, le Pr\u00e9sident de la R\u00e9publique a inform\u00e9 le Conseil qu\u2019il s\u2019adressera \u00e0 la nation pour partager les conclusions et donner les grandes orientations qui permettront la consolidation de notre mod\u00e8le d\u00e9mocratique et r\u00e9publicain.<\/p>\n<div>\n<div><span class=\"ctaText\">\u2794 \u00c0 Lire aussi :\u00a0<\/span>\u00a0\u00a0<span class=\"postTitle\">Revue de presse (Wolof) RFM du mercredi 07 juin 2023 | Par Mamadou Mouhamed Ndiaye<\/span><\/div>\n<\/div>\n<p>Abordant sur le suivi de la campagne agricole 2023-2024, le Pr\u00e9sident de la R\u00e9publique a demand\u00e9 au Ministre de l\u2019Agriculture, de l\u2019Equipement rural et de la Souverainet\u00e9 alimentaire d\u2019intensifier, en relation avec les acteurs de la campagne, les services techniques de l\u2019Etat impliqu\u00e9s et les autorit\u00e9s administratives d\u00e9concentr\u00e9es, toutes les actions requises pour assurer la mise en place effective et efficace des intrants et du mat\u00e9riel agricole sur l\u2019\u00e9tendue du territoire national, au regard des quantit\u00e9s de pluies d\u00e9j\u00e0 recueillies dans plusieurs localit\u00e9s du pays.<\/p>\n<p>Au demeurant, le Chef de l\u2019Etat a invit\u00e9 les Ministres en charge de l\u2019Agriculture et des Finances \u00e0 prendre les dispositions appropri\u00e9es pour le r\u00e8glement de la dette portant sur l\u2019approvisionnement en semences certifi\u00e9es les ann\u00e9es pr\u00e9c\u00e9dentes, avec notamment les coop\u00e9ratives des producteurs de semences.<\/p>\n<p>Enfin le Pr\u00e9sident de la R\u00e9publique a demand\u00e9 au Ministre en charge de l\u2019Agriculture et aux Gouverneurs de r\u00e9gion de veiller au suivi territorial hebdomadaire de la campagne agricole.<\/p>\n<p>S\u2019agissant de l\u2019urgence du renforcement des politiques d\u2019insertion et de promotion de<br \/>\nentrepreneuriat et l\u2019emploi des jeunes, le Chef de l\u2019Etat est revenu sur la cr\u00e9ation par d\u00e9cret 2021- 172 du 27 janvier 2021 du Conseil national pour l\u2019insertion et l\u2019emploi des jeunes (CNIEJ), un organe de consultation, de supervision strat\u00e9gique et de la coordination interminist\u00e9rielle des politiques d\u2019insertion et d\u2019emploi des jeunes.<br \/>\nA cet effet, le Pr\u00e9sident de la R\u00e9publique a demand\u00e9 au Ministre de la Jeunesse, de entrepreneuriat et de l\u2019Emploi de pr\u00e9senter en Conseil des ministres le premier rapport du CNIEJ en d\u00e9gageant les perspectives avec de nouvelles mesures op\u00e9rationnelles et pragmatiques pour soutenir et accentuer la formation professionnelle, l\u2019apprentissage, entrepreneuriat et l\u2019emploi des jeunes.<\/p>\n<p>Le Chef de l\u2019Etat a aussi insist\u00e9 sur l\u2019importance pour les Minist\u00e8res charg\u00e9s de l\u2019Emploi et des Finances, de vulgariser par une communication adapt\u00e9e, l\u2019\u00e9valuation de l\u2019\u00e9tat d\u2019ex\u00e9cution physique et financi\u00e8re de l\u2019ensemble des composantes du Programme XEYU NDAW NI en vue de la consolidation prospective des r\u00e9sultats.<\/p>\n<p>Enfin, le Pr\u00e9sident de la R\u00e9publique a demand\u00e9, aux Ministres en charge de l\u2019Emploi et du Travail, d\u2019engager avec les partenaires sociaux et le Patronat, l\u2019optimisation des m\u00e9canismes de la Convention nationale Etat-Employeurs en vue de l\u2019\u00e9largissement des possibilit\u00e9s de recrutements des jeunes dipl\u00f4m\u00e9s qui arrivent massivement, chaque ann\u00e9e, sur le march\u00e9 du travail.<\/p>\n<p>Sur le climat social, la gestion et le suivi des affaires int\u00e9rieures, le Chef de l\u2019Etat est revenu sur les sujets suivants :<br \/>\n\uf0b7 l\u2019am\u00e9lioration de l\u2019approvisionnement en eau des populations : en demandant au<br \/>\nMinistre de l\u2019Eau et de l\u2019Assainissement de prendre toutes les mesures ad\u00e9quates en relation avec la SONES, la SEN\u2019EAU, l\u2019OFOR et les d\u00e9l\u00e9gataires de service public en milieu rural pour assurer, en liaison avec les associations et les autorit\u00e9s territoriales, l\u2019am\u00e9lioration continue du fonctionnement et de la gestion des syst\u00e8mes hydrauliques sur l\u2019\u00e9tendue du<br \/>\nterritoire national ;<br \/>\n\uf0b7 le fonctionnement normal des collectivit\u00e9s territoriales : en demandant au Ministre des Finances et du Budget et au Ministre en charge des Collectivit\u00e9s Territoriales, de prendre toutes les mesures en relation avec les ex\u00e9cutifs territoriaux en vue d\u2019asseoir un dialogue social permanent visant l\u2019am\u00e9lioration des conditions d\u2019exercice des agents de la fonction publique territoriale, ainsi que le fonctionnement ad\u00e9quat des services administratifs des collectivit\u00e9s territoriales.<\/p>\n<div>\n<div><span class=\"ctaText\">\u2794 \u00c0 Lire aussi :\u00a0<\/span>\u00a0\u00a0<span class=\"postTitle\">Communiqu\u00e9 du conseil des ministres de ce mercredi 24 mai 2023<\/span><\/div>\n<\/div>\n<p>Dans sa communication, le Premier Ministre est revenu sur le suivi de la coordination de l\u2019activit\u00e9 gouvernementale en \u00e9voquant :<br \/>\n\uf0b7 les violentes manifestations survenues la semaine derni\u00e8re ;<br \/>\n\uf0b7 le lancement du dialogue national ;<br \/>\n\uf0b7 les questions d\u2019actualit\u00e9 au Gouvernement ;<br \/>\n\uf0b7 ses visites \u00e0 Diourbel, Mback\u00e9 et Touba ;<br \/>\n\uf0b7 la r\u00e9ception de taurillons \u00e0 l\u2019Ensa de Thies ;<br \/>\n\uf0b7 les op\u00e9rations pr\u00e9paratoires \u00e0 la f\u00eate de la tabaski ;<br \/>\n\uf0b7 la conf\u00e9rence E-learning Africa.<\/p>\n<p><strong>AU TITRE DES COMMUNICATIONS DES MINISTRES<\/strong><\/p>\n<p>\uf0b7 le Ministre des Finances et du Budget a fait une communication sur le Document de<br \/>\nprogrammation budg\u00e9taire et \u00e9conomique pluriannuelle (DPBEP 2024-2026) ;<br \/>\n\uf0b7 le Ministre de l\u2019Agriculture, de l\u2019Equipement rural et de la Souverainet\u00e9 alimentaire a fait un point sur la pluviom\u00e9trie, la pr\u00e9paration de la campagne agricole 2023-2024 et le suivi des exportations horticoles ;<br \/>\n\uf0b7 le Ministre de l\u2019Eduction nationale a fait une communication sur les pr\u00e9paratifs du Concours g\u00e9n\u00e9ral 2023.<\/p>\n<p><b>AU TITRE DES TEXTES L\u00c9GISLATIFS ET\u00a0R\u00c9GLEMENTAIRES<\/b><\/p>\n<p>Le Conseil a examin\u00e9 et adopt\u00e9 :<br \/>\n\uf0b7 le Projet de loi relatif aux Instituts sup\u00e9rieurs d\u2019Enseignement professionnel (ISEP) ;<\/p>\n<p><strong>AU TITRE DES MESURES INDIVIDUELLES<\/strong><\/p>\n<p>Le Pr\u00e9sident de la R\u00e9publique a pris les d\u00e9cisions suivantes :<br \/>\n\uf0b7\u00a0<strong>Monsieur Cheikhou Issa SYLLA,<\/strong>\u00a0Enseignant-Chercheur en Droit public \u00e0 l\u2019Universit\u00e9<br \/>\nCheikh Anta Diop de Dakar(UCAD), est nomm\u00e9 Pr\u00e9sident du Conseil d\u2019Administration de la Soci\u00e9t\u00e9 des Mines du S\u00e9n\u00e9gal oriental (MIFERSO).<\/p>\n<p><strong>Fait \u00e0 Dakar le 7 juin 2023<\/strong><br \/>\n<strong>Le Ministre du Commerce, de la Consommation<\/strong><br \/>\n<strong>et des petites et moyennes Entreprises,<\/strong><br \/>\n<strong>Porte-parole du Gouvernement<\/strong><br \/>\n<strong>Abdou Karim FOFANA<\/strong><\/p>\n<div class=\"publi-apres-le-contenu\" style=\"margin-top: 10px;margin-bottom: 10px;margin-left: auto;margin-right: auto;text-align: center;\" id=\"publi-1449226149\"><div class=\"publi-adlabel\">Publicit\u00e9<\/div><script async src=\"\/\/pagead2.googlesyndication.com\/pagead\/js\/adsbygoogle.js?client=ca-pub-4089586018074219\" crossorigin=\"anonymous\"><\/script><ins class=\"adsbygoogle\" style=\"display:block;\" data-ad-client=\"ca-pub-4089586018074219\" \ndata-ad-slot=\"2087940154\" \ndata-ad-format=\"auto\"><\/ins>\n<script> \n(adsbygoogle = window.adsbygoogle || []).push({}); \n<\/script>\n<\/div>","protected":false},"excerpt":{"rendered":"<p>Le Conseil des ministres s\u2019est tenu ce mercredi 7 juin 2023 au Palais de la R\u00e9publique, sous la pr\u00e9sidence du Chef de l\u2019Etat, Son Excellence, Monsieur Macky SALL. A l\u2019entame de sa communication, le Pr\u00e9sident de la R\u00e9publique s\u2019est inclin\u00e9 devant la m\u00e9moire des personnes d\u00e9c\u00e9d\u00e9es lors des incidents graves not\u00e9s ces derniers jours, plus particuli\u00e8rement, dans les r\u00e9gions de Dakar et de Ziguinchor. En cette circonstance douloureuse, le Conseil des ministres a observ\u00e9 une minute de silence \u00e0 la m\u00e9moire des victimes des \u00e9v\u00e9nements. Le Chef de l\u2019Etat a saisi l\u2019occasion pour pr\u00e9senter ses condol\u00e9ances attrist\u00e9es \u00e0 la nation et aux familles des victimes et leurs a assur\u00e9 du soutien et de la pr\u00e9sence de l\u2019Etat \u00e0 leurs c\u00f4t\u00e9s. Le Pr\u00e9sident de la R\u00e9publique a aussi souhait\u00e9 un prompt r\u00e9tablissement aux bless\u00e9s civils, policiers et gendarmes. Le Chef de l\u2019Etat a saisi l\u2019occasion pour saluer le professionnalisme remarquable et la posture r\u00e9publicaine efficace des forces de d\u00e9fense et de s\u00e9curit\u00e9 qui ont permis de ma\u00eetriser, malgr\u00e9 tout, la violence sans pr\u00e9c\u00e9dent des attaques malveillantes, et d\u2019arr\u00eater les actes de vandalisme et de grand banditisme relev\u00e9s. Le Pr\u00e9sident de la R\u00e9publique a condamn\u00e9 fermement ces agressions caract\u00e9ris\u00e9es extr\u00eamement graves contre l\u2019Etat, la R\u00e9publique et ses institutions et contre la nation s\u00e9n\u00e9galaise \u00e0 travers des violences humaines, des actes de saccages contre des biens publics et priv\u00e9s et des cyber-attaques contre des sites strat\u00e9giques du Gouvernement et des services publics vitaux, dont l\u2019objectif \u00e9tait sans aucun doute de semer la terreur et de mettre \u00e0 l\u2019arr\u00eat notre pays. Le chef de l\u2019Etat a rappel\u00e9 au Gouvernement l\u2019imp\u00e9rative n\u00e9cessit\u00e9 de prot\u00e9ger notre R\u00e9publique et de pr\u00e9server notre nation face aux attaques qui sont devenues r\u00e9currentes et multiformes visant la paralysie de notre \u00e9conomie, la mise \u00e0 mal de l\u2019image de marque de r\u00e9f\u00e9rence de notre pays, le S\u00e9n\u00e9gal, qui demeure, avant tout, une grande d\u00e9mocratie. Devant la gravit\u00e9 sans commune mesure des faits, le Pr\u00e9sident de la r\u00e9publique a r\u00e9it\u00e9r\u00e9 sa d\u00e9termination \u00e0 prot\u00e9ger la Nation, l\u2019Etat, la R\u00e9publique, ses valeurs, et ses fondements. Il a cet effet ordonn\u00e9 l\u2019ouverture d\u2019enqu\u00eates judiciaires imm\u00e9diates et syst\u00e9matiques pour faire la lumi\u00e8re sur les responsabilit\u00e9s li\u00e9es \u00e0 ces \u00e9v\u00e9nements. Au regard de la situation, le Pr\u00e9sident de la R\u00e9publique a demand\u00e9 au Gouvernement de pr\u00e9parer un M\u00e9morandum complet sur les d\u00e9c\u00e8s, actes de vandalisme et d\u00e9fiance vis-\u00e0-vis de l\u2019Etat perp\u00e9tr\u00e9s \u00e0 l\u2019occasion de ces manifestations. \u2794 \u00c0 Lire aussi :\u00a0\u00a0\u00a0Revue de presse (Wolof) SUD FM du mercredi 07 juin 2023 | Par Nd\u00e8ye Mari\u00e8me Ndiaye Le Pr\u00e9sident de la R\u00e9publique a aussi invit\u00e9 le Gouvernement \u00e0 faire un bilan exhaustif des pertes \u00e9conomiques et des d\u00e9g\u00e2ts mat\u00e9riels caus\u00e9s pour avoir une \u00e9valuation exacte des pr\u00e9judices subis. Le Chef de l\u2019Etat a tenu particuli\u00e8rement \u00e0 rassurer nos compatriotes et les h\u00f4tes \u00e9trangers qui vivent parmi nous, sur les dispositions prises pour pr\u00e9server la stabilit\u00e9 du pays et la s\u00e9curit\u00e9 des personnes et des biens. Par ailleurs, le Pr\u00e9sident de la R\u00e9publique a demand\u00e9 au Gouvernement de prendre toutes les dispositions n\u00e9cessaires pour assister les familles des victimes, ainsi que les personnes et les entit\u00e9s ayant subies des pr\u00e9judices. Enfin, le Chef de l\u2019Etat a r\u00e9it\u00e9r\u00e9 son ouverture au dialogue et \u00e0 la concertation avec toutes les forces vives de la Nation dans le respect de l\u2019Etat de droit et de notre commune volont\u00e9 de vivre ensemble dans la paix, la stabilit\u00e9 et la solidarit\u00e9, comme rappel\u00e9 lors de son message \u00e0 la c\u00e9r\u00e9monie de lancement du Dialogue national le mercredi 31 mai 2023. Revenant sur le lancement du dialogue national, le Pr\u00e9sident de la R\u00e9publique a remerci\u00e9 tous les acteurs politiques, \u00e9conomiques, sociaux, religieux et coutumiers, ainsi que les femmes et les jeunes qui ont r\u00e9pondu \u00e0 son appel. Le Chef de l\u2019Etat a saisi l\u2019occasion, pour se f\u00e9liciter de la qualit\u00e9 des messages responsables et constructifs d\u00e9livr\u00e9s par les intervenants lors de cette importante rencontre d\u2019\u00e9changes et de propositions de renforcement de l\u2019Etat de droit et d\u2019am\u00e9lioration de notre syst\u00e8me \u00e9lectoral et politique, de notre situation \u00e9conomique et sociale, dans la dynamique des performances du Plan S\u00e9n\u00e9gal Emergent (PSE) lanc\u00e9 en 2014. A cet effet, le Pr\u00e9sident de la R\u00e9publique a renouvel\u00e9 son engagement \u00e0 accompagner le travail des commissions du dialogue national afin de trouver, avec les acteurs impliqu\u00e9s, les compromis n\u00e9cessaires et les consensus attendus sur toutes les questions prioritaires et majeures abord\u00e9es, et devant consolider notre Pacte r\u00e9publicain, la r\u00e9silience et la stabilit\u00e9 du S\u00e9n\u00e9gal. Enfin, le Chef de l\u2019Etat a indiqu\u00e9 que les propositions et recommandations d\u00e9finitives du travail des commissions doivent lui parvenir avant le 25 juin 2023, en vue de la mise en \u0153uvre rapide des conclusions et d\u00e9cisions pr\u00e9sidentielles issues du Dialogue national qu\u2019il souhaite, encore une fois, inclusif, constructif et prospectif. Au terme de ce dialogue, le Pr\u00e9sident de la R\u00e9publique a inform\u00e9 le Conseil qu\u2019il s\u2019adressera \u00e0 la nation pour partager les conclusions et donner les grandes orientations qui permettront la consolidation de notre mod\u00e8le d\u00e9mocratique et r\u00e9publicain. \u2794 \u00c0 Lire aussi :\u00a0\u00a0\u00a0Revue de presse (Wolof) RFM du mercredi 07 juin 2023 | Par Mamadou Mouhamed Ndiaye Abordant sur le suivi de la campagne agricole 2023-2024, le Pr\u00e9sident de la R\u00e9publique a demand\u00e9 au Ministre de l\u2019Agriculture, de l\u2019Equipement rural et de la Souverainet\u00e9 alimentaire d\u2019intensifier, en relation avec les acteurs de la campagne, les services techniques de l\u2019Etat impliqu\u00e9s et les autorit\u00e9s administratives d\u00e9concentr\u00e9es, toutes les actions requises pour assurer la mise en place effective et efficace des intrants et du mat\u00e9riel agricole sur l\u2019\u00e9tendue du territoire national, au regard des quantit\u00e9s de pluies d\u00e9j\u00e0 recueillies dans plusieurs localit\u00e9s du pays. Au demeurant, le Chef de l\u2019Etat a invit\u00e9 les Ministres en charge de l\u2019Agriculture et des Finances \u00e0 prendre les dispositions appropri\u00e9es pour le r\u00e8glement de la dette portant sur l\u2019approvisionnement en semences certifi\u00e9es les ann\u00e9es pr\u00e9c\u00e9dentes, avec notamment les coop\u00e9ratives des producteurs de semences. Enfin le Pr\u00e9sident de la R\u00e9publique a demand\u00e9 au Ministre en charge de l\u2019Agriculture et aux Gouverneurs de<\/p>\n","protected":false},"author":1,"featured_media":18367,"comment_status":"open","ping_status":"open","sticky":false,"template":"","format":"standard","meta":{"_jetpack_memberships_contains_paid_content":false,"footnotes":""},"categories":[375,9,3,1,372],"tags":[1062,1063,5203],"class_list":["post-23205","post","type-post","status-publish","format-standard","has-post-thumbnail","hentry","category-actualites","category-communique","category-politique","category-non-classe","category-vedette","tag-communique","tag-conseil-des-ministres","tag-mercredi-07-juin-2023","entry","has-media","owp-thumbs-layout-horizontal","owp-btn-normal","owp-tabs-layout-horizontal","has-no-thumbnails","has-product-nav"],"yoast_head":"<!-- This site is optimized with the Yoast SEO plugin v25.5 - https:\/\/yoast.com\/wordpress\/plugins\/seo\/ -->\n<title>Communiqu\u00e9 du Conseil des ministres du mercredi 07 juin 2023 - LE PUBLIC<\/title>\n<meta name=\"description\" content=\"Le Conseil des ministres s\u2019est tenu ce mercredi 7 juin 2023 au Palais de la R\u00e9publique, sous la pr\u00e9sidence du Chef de l\u2019Etat, Son Excellence, Monsieur Macky SALL.\" \/>\n<meta name=\"robots\" content=\"index, follow, max-snippet:-1, max-image-preview:large, max-video-preview:-1\" \/>\n<link rel=\"canonical\" href=\"https:\/\/www.public.sn\/index.php\/2023\/06\/07\/communique-du-conseil-des-ministres-du-mercredi-07-juin-2023\/\" \/>\n<meta property=\"og:locale\" content=\"fr_FR\" \/>\n<meta property=\"og:type\" content=\"article\" \/>\n<meta property=\"og:title\" content=\"Communiqu\u00e9 du Conseil des ministres du mercredi 07 juin 2023 - LE PUBLIC\" \/>\n<meta property=\"og:description\" content=\"Le Conseil des ministres s\u2019est tenu ce mercredi 7 juin 2023 au Palais de la R\u00e9publique, sous la pr\u00e9sidence du Chef de l\u2019Etat, Son Excellence, Monsieur Macky SALL.\" \/>\n<meta property=\"og:url\" content=\"https:\/\/www.public.sn\/index.php\/2023\/06\/07\/communique-du-conseil-des-ministres-du-mercredi-07-juin-2023\/\" \/>\n<meta property=\"og:site_name\" content=\"LE PUBLIC\" \/>\n<meta property=\"article:published_time\" content=\"2023-06-07T20:49:03+00:00\" \/>\n<meta property=\"article:modified_time\" content=\"2023-06-07T20:51:24+00:00\" \/>\n<meta property=\"og:image\" content=\"https:\/\/www.public.sn\/wp-content\/uploads\/2023\/03\/Macky-Sall-Union-africaine-presidence-2022-650x394-1.jpg\" \/>\n\t<meta property=\"og:image:width\" content=\"650\" \/>\n\t<meta property=\"og:image:height\" content=\"394\" \/>\n\t<meta property=\"og:image:type\" content=\"image\/jpeg\" \/>\n<meta name=\"author\" content=\"LA REDACTION\" \/>\n<meta name=\"twitter:card\" content=\"summary_large_image\" \/>\n<meta name=\"twitter:label1\" content=\"\u00c9crit par\" \/>\n\t<meta name=\"twitter:data1\" content=\"LA REDACTION\" \/>\n\t<meta name=\"twitter:label2\" content=\"Dur\u00e9e de lecture estim\u00e9e\" \/>\n\t<meta name=\"twitter:data2\" content=\"9 minutes\" \/>\n<script type=\"application\/ld+json\" class=\"yoast-schema-graph\">{\"@context\":\"https:\/\/schema.org\",\"@graph\":[{\"@type\":\"Article\",\"@id\":\"https:\/\/www.public.sn\/index.php\/2023\/06\/07\/communique-du-conseil-des-ministres-du-mercredi-07-juin-2023\/#article\",\"isPartOf\":{\"@id\":\"https:\/\/www.public.sn\/index.php\/2023\/06\/07\/communique-du-conseil-des-ministres-du-mercredi-07-juin-2023\/\"},\"author\":{\"name\":\"LA REDACTION\",\"@id\":\"https:\/\/www.public.sn\/#\/schema\/person\/e3f4a11b037d4203902db148f9bc8d5a\"},\"headline\":\"Communiqu\u00e9 du Conseil des ministres du mercredi 07 juin 2023\",\"datePublished\":\"2023-06-07T20:49:03+00:00\",\"dateModified\":\"2023-06-07T20:51:24+00:00\",\"mainEntityOfPage\":{\"@id\":\"https:\/\/www.public.sn\/index.php\/2023\/06\/07\/communique-du-conseil-des-ministres-du-mercredi-07-juin-2023\/\"},\"wordCount\":1882,\"commentCount\":0,\"publisher\":{\"@id\":\"https:\/\/www.public.sn\/#organization\"},\"image\":{\"@id\":\"https:\/\/www.public.sn\/index.php\/2023\/06\/07\/communique-du-conseil-des-ministres-du-mercredi-07-juin-2023\/#primaryimage\"},\"thumbnailUrl\":\"https:\/\/www.public.sn\/wp-content\/uploads\/2023\/03\/Macky-Sall-Union-africaine-presidence-2022-650x394-1.jpg\",\"keywords\":[\"communiqu\u00e9\",\"conseil des ministres\",\"mercredi 07 juin 2023\"],\"articleSection\":[\"ACTUALIT\u00c9S\",\"COMMUNIQU\u00c9\",\"POLITIQUE\",\"S\u00c9N\u00c9GAL\",\"VEDETTE\"],\"inLanguage\":\"fr-FR\",\"potentialAction\":[{\"@type\":\"CommentAction\",\"name\":\"Comment\",\"target\":[\"https:\/\/www.public.sn\/index.php\/2023\/06\/07\/communique-du-conseil-des-ministres-du-mercredi-07-juin-2023\/#respond\"]}]},{\"@type\":\"WebPage\",\"@id\":\"https:\/\/www.public.sn\/index.php\/2023\/06\/07\/communique-du-conseil-des-ministres-du-mercredi-07-juin-2023\/\",\"url\":\"https:\/\/www.public.sn\/index.php\/2023\/06\/07\/communique-du-conseil-des-ministres-du-mercredi-07-juin-2023\/\",\"name\":\"Communiqu\u00e9 du Conseil des ministres du mercredi 07 juin 2023 - LE PUBLIC\",\"isPartOf\":{\"@id\":\"https:\/\/www.public.sn\/#website\"},\"primaryImageOfPage\":{\"@id\":\"https:\/\/www.public.sn\/index.php\/2023\/06\/07\/communique-du-conseil-des-ministres-du-mercredi-07-juin-2023\/#primaryimage\"},\"image\":{\"@id\":\"https:\/\/www.public.sn\/index.php\/2023\/06\/07\/communique-du-conseil-des-ministres-du-mercredi-07-juin-2023\/#primaryimage\"},\"thumbnailUrl\":\"https:\/\/www.public.sn\/wp-content\/uploads\/2023\/03\/Macky-Sall-Union-africaine-presidence-2022-650x394-1.jpg\",\"datePublished\":\"2023-06-07T20:49:03+00:00\",\"dateModified\":\"2023-06-07T20:51:24+00:00\",\"description\":\"Le Conseil des ministres s\u2019est tenu ce mercredi 7 juin 2023 au Palais de la R\u00e9publique, sous la pr\u00e9sidence du Chef de l\u2019Etat, Son Excellence, Monsieur Macky SALL.\",\"breadcrumb\":{\"@id\":\"https:\/\/www.public.sn\/index.php\/2023\/06\/07\/communique-du-conseil-des-ministres-du-mercredi-07-juin-2023\/#breadcrumb\"},\"inLanguage\":\"fr-FR\",\"potentialAction\":[{\"@type\":\"ReadAction\",\"target\":[\"https:\/\/www.public.sn\/index.php\/2023\/06\/07\/communique-du-conseil-des-ministres-du-mercredi-07-juin-2023\/\"]}]},{\"@type\":\"ImageObject\",\"inLanguage\":\"fr-FR\",\"@id\":\"https:\/\/www.public.sn\/index.php\/2023\/06\/07\/communique-du-conseil-des-ministres-du-mercredi-07-juin-2023\/#primaryimage\",\"url\":\"https:\/\/www.public.sn\/wp-content\/uploads\/2023\/03\/Macky-Sall-Union-africaine-presidence-2022-650x394-1.jpg\",\"contentUrl\":\"https:\/\/www.public.sn\/wp-content\/uploads\/2023\/03\/Macky-Sall-Union-africaine-presidence-2022-650x394-1.jpg\",\"width\":650,\"height\":394},{\"@type\":\"BreadcrumbList\",\"@id\":\"https:\/\/www.public.sn\/index.php\/2023\/06\/07\/communique-du-conseil-des-ministres-du-mercredi-07-juin-2023\/#breadcrumb\",\"itemListElement\":[{\"@type\":\"ListItem\",\"position\":1,\"name\":\"Accueil\",\"item\":\"https:\/\/www.public.sn\/\"},{\"@type\":\"ListItem\",\"position\":2,\"name\":\"Communiqu\u00e9 du Conseil des ministres du mercredi 07 juin 2023\"}]},{\"@type\":\"WebSite\",\"@id\":\"https:\/\/www.public.sn\/#website\",\"url\":\"https:\/\/www.public.sn\/\",\"name\":\"LE PUBLIC\",\"description\":\"\",\"publisher\":{\"@id\":\"https:\/\/www.public.sn\/#organization\"},\"potentialAction\":[{\"@type\":\"SearchAction\",\"target\":{\"@type\":\"EntryPoint\",\"urlTemplate\":\"https:\/\/www.public.sn\/?s={search_term_string}\"},\"query-input\":{\"@type\":\"PropertyValueSpecification\",\"valueRequired\":true,\"valueName\":\"search_term_string\"}}],\"inLanguage\":\"fr-FR\"},{\"@type\":\"Organization\",\"@id\":\"https:\/\/www.public.sn\/#organization\",\"name\":\"LE PUBLIC\",\"url\":\"https:\/\/www.public.sn\/\",\"logo\":{\"@type\":\"ImageObject\",\"inLanguage\":\"fr-FR\",\"@id\":\"https:\/\/www.public.sn\/#\/schema\/logo\/image\/\",\"url\":\"https:\/\/www.public.sn\/wp-content\/uploads\/2024\/05\/cropped-LOGO-PUBLIC.SN_.png\",\"contentUrl\":\"https:\/\/www.public.sn\/wp-content\/uploads\/2024\/05\/cropped-LOGO-PUBLIC.SN_.png\",\"width\":682,\"height\":192,\"caption\":\"LE PUBLIC\"},\"image\":{\"@id\":\"https:\/\/www.public.sn\/#\/schema\/logo\/image\/\"}},{\"@type\":\"Person\",\"@id\":\"https:\/\/www.public.sn\/#\/schema\/person\/e3f4a11b037d4203902db148f9bc8d5a\",\"name\":\"LA REDACTION\",\"image\":{\"@type\":\"ImageObject\",\"inLanguage\":\"fr-FR\",\"@id\":\"https:\/\/www.public.sn\/#\/schema\/person\/image\/\",\"url\":\"https:\/\/secure.gravatar.com\/avatar\/d6c030db45db2883c075085c5d6c6258654a801a93766b49af0b82d4f454e2a5?s=96&d=mm&r=g\",\"contentUrl\":\"https:\/\/secure.gravatar.com\/avatar\/d6c030db45db2883c075085c5d6c6258654a801a93766b49af0b82d4f454e2a5?s=96&d=mm&r=g\",\"caption\":\"LA REDACTION\"},\"sameAs\":[\"http:\/\/www.public.sn\"],\"url\":\"https:\/\/www.public.sn\/index.php\/author\/admin7324\/\"}]}<\/script>\n<!-- \/ Yoast SEO plugin. -->","yoast_head_json":{"title":"Communiqu\u00e9 du Conseil des ministres du mercredi 07 juin 2023 - LE PUBLIC","description":"Le Conseil des ministres s\u2019est tenu ce mercredi 7 juin 2023 au Palais de la R\u00e9publique, sous la pr\u00e9sidence du Chef de l\u2019Etat, Son Excellence, Monsieur Macky SALL.","robots":{"index":"index","follow":"follow","max-snippet":"max-snippet:-1","max-image-preview":"max-image-preview:large","max-video-preview":"max-video-preview:-1"},"canonical":"https:\/\/www.public.sn\/index.php\/2023\/06\/07\/communique-du-conseil-des-ministres-du-mercredi-07-juin-2023\/","og_locale":"fr_FR","og_type":"article","og_title":"Communiqu\u00e9 du Conseil des ministres du mercredi 07 juin 2023 - LE PUBLIC","og_description":"Le Conseil des ministres s\u2019est tenu ce mercredi 7 juin 2023 au Palais de la R\u00e9publique, sous la pr\u00e9sidence du Chef de l\u2019Etat, Son Excellence, Monsieur Macky SALL.","og_url":"https:\/\/www.public.sn\/index.php\/2023\/06\/07\/communique-du-conseil-des-ministres-du-mercredi-07-juin-2023\/","og_site_name":"LE PUBLIC","article_published_time":"2023-06-07T20:49:03+00:00","article_modified_time":"2023-06-07T20:51:24+00:00","og_image":[{"width":650,"height":394,"url":"https:\/\/www.public.sn\/wp-content\/uploads\/2023\/03\/Macky-Sall-Union-africaine-presidence-2022-650x394-1.jpg","type":"image\/jpeg"}],"author":"LA REDACTION","twitter_card":"summary_large_image","twitter_misc":{"\u00c9crit par":"LA REDACTION","Dur\u00e9e de lecture estim\u00e9e":"9 minutes"},"schema":{"@context":"https:\/\/schema.org","@graph":[{"@type":"Article","@id":"https:\/\/www.public.sn\/index.php\/2023\/06\/07\/communique-du-conseil-des-ministres-du-mercredi-07-juin-2023\/#article","isPartOf":{"@id":"https:\/\/www.public.sn\/index.php\/2023\/06\/07\/communique-du-conseil-des-ministres-du-mercredi-07-juin-2023\/"},"author":{"name":"LA REDACTION","@id":"https:\/\/www.public.sn\/#\/schema\/person\/e3f4a11b037d4203902db148f9bc8d5a"},"headline":"Communiqu\u00e9 du Conseil des ministres du mercredi 07 juin 2023","datePublished":"2023-06-07T20:49:03+00:00","dateModified":"2023-06-07T20:51:24+00:00","mainEntityOfPage":{"@id":"https:\/\/www.public.sn\/index.php\/2023\/06\/07\/communique-du-conseil-des-ministres-du-mercredi-07-juin-2023\/"},"wordCount":1882,"commentCount":0,"publisher":{"@id":"https:\/\/www.public.sn\/#organization"},"image":{"@id":"https:\/\/www.public.sn\/index.php\/2023\/06\/07\/communique-du-conseil-des-ministres-du-mercredi-07-juin-2023\/#primaryimage"},"thumbnailUrl":"https:\/\/www.public.sn\/wp-content\/uploads\/2023\/03\/Macky-Sall-Union-africaine-presidence-2022-650x394-1.jpg","keywords":["communiqu\u00e9","conseil des ministres","mercredi 07 juin 2023"],"articleSection":["ACTUALIT\u00c9S","COMMUNIQU\u00c9","POLITIQUE","S\u00c9N\u00c9GAL","VEDETTE"],"inLanguage":"fr-FR","potentialAction":[{"@type":"CommentAction","name":"Comment","target":["https:\/\/www.public.sn\/index.php\/2023\/06\/07\/communique-du-conseil-des-ministres-du-mercredi-07-juin-2023\/#respond"]}]},{"@type":"WebPage","@id":"https:\/\/www.public.sn\/index.php\/2023\/06\/07\/communique-du-conseil-des-ministres-du-mercredi-07-juin-2023\/","url":"https:\/\/www.public.sn\/index.php\/2023\/06\/07\/communique-du-conseil-des-ministres-du-mercredi-07-juin-2023\/","name":"Communiqu\u00e9 du Conseil des ministres du mercredi 07 juin 2023 - LE PUBLIC","isPartOf":{"@id":"https:\/\/www.public.sn\/#website"},"primaryImageOfPage":{"@id":"https:\/\/www.public.sn\/index.php\/2023\/06\/07\/communique-du-conseil-des-ministres-du-mercredi-07-juin-2023\/#primaryimage"},"image":{"@id":"https:\/\/www.public.sn\/index.php\/2023\/06\/07\/communique-du-conseil-des-ministres-du-mercredi-07-juin-2023\/#primaryimage"},"thumbnailUrl":"https:\/\/www.public.sn\/wp-content\/uploads\/2023\/03\/Macky-Sall-Union-africaine-presidence-2022-650x394-1.jpg","datePublished":"2023-06-07T20:49:03+00:00","dateModified":"2023-06-07T20:51:24+00:00","description":"Le Conseil des ministres s\u2019est tenu ce mercredi 7 juin 2023 au Palais de la R\u00e9publique, sous la pr\u00e9sidence du Chef de l\u2019Etat, Son Excellence, Monsieur Macky SALL.","breadcrumb":{"@id":"https:\/\/www.public.sn\/index.php\/2023\/06\/07\/communique-du-conseil-des-ministres-du-mercredi-07-juin-2023\/#breadcrumb"},"inLanguage":"fr-FR","potentialAction":[{"@type":"ReadAction","target":["https:\/\/www.public.sn\/index.php\/2023\/06\/07\/communique-du-conseil-des-ministres-du-mercredi-07-juin-2023\/"]}]},{"@type":"ImageObject","inLanguage":"fr-FR","@id":"https:\/\/www.public.sn\/index.php\/2023\/06\/07\/communique-du-conseil-des-ministres-du-mercredi-07-juin-2023\/#primaryimage","url":"https:\/\/www.public.sn\/wp-content\/uploads\/2023\/03\/Macky-Sall-Union-africaine-presidence-2022-650x394-1.jpg","contentUrl":"https:\/\/www.public.sn\/wp-content\/uploads\/2023\/03\/Macky-Sall-Union-africaine-presidence-2022-650x394-1.jpg","width":650,"height":394},{"@type":"BreadcrumbList","@id":"https:\/\/www.public.sn\/index.php\/2023\/06\/07\/communique-du-conseil-des-ministres-du-mercredi-07-juin-2023\/#breadcrumb","itemListElement":[{"@type":"ListItem","position":1,"name":"Accueil","item":"https:\/\/www.public.sn\/"},{"@type":"ListItem","position":2,"name":"Communiqu\u00e9 du Conseil des ministres du mercredi 07 juin 2023"}]},{"@type":"WebSite","@id":"https:\/\/www.public.sn\/#website","url":"https:\/\/www.public.sn\/","name":"LE PUBLIC","description":"","publisher":{"@id":"https:\/\/www.public.sn\/#organization"},"potentialAction":[{"@type":"SearchAction","target":{"@type":"EntryPoint","urlTemplate":"https:\/\/www.public.sn\/?s={search_term_string}"},"query-input":{"@type":"PropertyValueSpecification","valueRequired":true,"valueName":"search_term_string"}}],"inLanguage":"fr-FR"},{"@type":"Organization","@id":"https:\/\/www.public.sn\/#organization","name":"LE PUBLIC","url":"https:\/\/www.public.sn\/","logo":{"@type":"ImageObject","inLanguage":"fr-FR","@id":"https:\/\/www.public.sn\/#\/schema\/logo\/image\/","url":"https:\/\/www.public.sn\/wp-content\/uploads\/2024\/05\/cropped-LOGO-PUBLIC.SN_.png","contentUrl":"https:\/\/www.public.sn\/wp-content\/uploads\/2024\/05\/cropped-LOGO-PUBLIC.SN_.png","width":682,"height":192,"caption":"LE PUBLIC"},"image":{"@id":"https:\/\/www.public.sn\/#\/schema\/logo\/image\/"}},{"@type":"Person","@id":"https:\/\/www.public.sn\/#\/schema\/person\/e3f4a11b037d4203902db148f9bc8d5a","name":"LA REDACTION","image":{"@type":"ImageObject","inLanguage":"fr-FR","@id":"https:\/\/www.public.sn\/#\/schema\/person\/image\/","url":"https:\/\/secure.gravatar.com\/avatar\/d6c030db45db2883c075085c5d6c6258654a801a93766b49af0b82d4f454e2a5?s=96&d=mm&r=g","contentUrl":"https:\/\/secure.gravatar.com\/avatar\/d6c030db45db2883c075085c5d6c6258654a801a93766b49af0b82d4f454e2a5?s=96&d=mm&r=g","caption":"LA REDACTION"},"sameAs":["http:\/\/www.public.sn"],"url":"https:\/\/www.public.sn\/index.php\/author\/admin7324\/"}]}},"jetpack_featured_media_url":"https:\/\/www.public.sn\/wp-content\/uploads\/2023\/03\/Macky-Sall-Union-africaine-presidence-2022-650x394-1.jpg","jetpack_sharing_enabled":true,"_links":{"self":[{"href":"https:\/\/www.public.sn\/index.php\/wp-json\/wp\/v2\/posts\/23205","targetHints":{"allow":["GET"]}}],"collection":[{"href":"https:\/\/www.public.sn\/index.php\/wp-json\/wp\/v2\/posts"}],"about":[{"href":"https:\/\/www.public.sn\/index.php\/wp-json\/wp\/v2\/types\/post"}],"author":[{"embeddable":true,"href":"https:\/\/www.public.sn\/index.php\/wp-json\/wp\/v2\/users\/1"}],"replies":[{"embeddable":true,"href":"https:\/\/www.public.sn\/index.php\/wp-json\/wp\/v2\/comments?post=23205"}],"version-history":[{"count":2,"href":"https:\/\/www.public.sn\/index.php\/wp-json\/wp\/v2\/posts\/23205\/revisions"}],"predecessor-version":[{"id":23207,"href":"https:\/\/www.public.sn\/index.php\/wp-json\/wp\/v2\/posts\/23205\/revisions\/23207"}],"wp:featuredmedia":[{"embeddable":true,"href":"https:\/\/www.public.sn\/index.php\/wp-json\/wp\/v2\/media\/18367"}],"wp:attachment":[{"href":"https:\/\/www.public.sn\/index.php\/wp-json\/wp\/v2\/media?parent=23205"}],"wp:term":[{"taxonomy":"category","embeddable":true,"href":"https:\/\/www.public.sn\/index.php\/wp-json\/wp\/v2\/categories?post=23205"},{"taxonomy":"post_tag","embeddable":true,"href":"https:\/\/www.public.sn\/index.php\/wp-json\/wp\/v2\/tags?post=23205"}],"curies":[{"name":"wp","href":"https:\/\/api.w.org\/{rel}","templated":true}]}}