{"id":23249,"date":"2023-06-08T08:00:09","date_gmt":"2023-06-08T08:00:09","guid":{"rendered":"https:\/\/www.public.sn\/?p=23249"},"modified":"2023-06-08T08:00:09","modified_gmt":"2023-06-08T08:00:09","slug":"accointances-avec-pastef-deux-diplomates-rappeles-a-dakar","status":"publish","type":"post","link":"https:\/\/www.public.sn\/index.php\/2023\/06\/08\/accointances-avec-pastef-deux-diplomates-rappeles-a-dakar\/","title":{"rendered":"Accointances avec Pastef, deux diplomates rappel\u00e9s \u00e0 Dakar"},"content":{"rendered":"<p><strong>C\u2019est Lib\u00e9ration qui donne l\u2019information. Deux agents diplomatiques ont \u00e9t\u00e9 r\u00e9cemment rappel\u00e9s \u00e0 Dakar. Il s\u2019agit de Papa Mada Ndour et Mamy Tour\u00e9.<\/strong><\/p><div class=\"publi-paragraphe1\" style=\"margin-top: 10px;margin-bottom: 10px;margin-left: auto;margin-right: auto;text-align: center;\" id=\"publi-2796789221\"><div class=\"publi-adlabel\">Publicit\u00e9<\/div><script async src=\"\/\/pagead2.googlesyndication.com\/pagead\/js\/adsbygoogle.js?client=ca-pub-4089586018074219\" crossorigin=\"anonymous\"><\/script><ins class=\"adsbygoogle\" style=\"display:block;\" data-ad-client=\"ca-pub-4089586018074219\" \ndata-ad-slot=\"2087940154\" \ndata-ad-format=\"auto\"><\/ins>\n<script> \n(adsbygoogle = window.adsbygoogle || []).push({}); \n<\/script>\n<\/div>\n<p>Le journal indique que cette d\u00e9cision des autorit\u00e9s s\u00e9n\u00e9galaises entre dans le cadre de la \u00abvaste traque contre des agents diplomatiques membres de Pastef ou soup\u00e7onn\u00e9s d\u2019accointances avec ce parti\u00bb.<\/p>\n<p>Lib\u00e9ration rappelle que Papa Mada Ndour est membre du bureau politique du parti de Ousmane Sonko. Il \u00e9tait en poste \u00e0 l\u2019ambassade du S\u00e9n\u00e9gal \u00e0 Rabat. Son contrat dans cette repr\u00e9sentation diplomatique devait prendre fin en juin 2025.<\/p>\n<p>Le journal n\u2019a pas donn\u00e9 de d\u00e9tails sur Mamy Tour\u00e9.<\/p>\n<div class=\"publi-apres-le-contenu\" style=\"margin-top: 10px;margin-bottom: 10px;margin-left: auto;margin-right: auto;text-align: center;\" id=\"publi-1785371695\"><div class=\"publi-adlabel\">Publicit\u00e9<\/div><script async src=\"\/\/pagead2.googlesyndication.com\/pagead\/js\/adsbygoogle.js?client=ca-pub-4089586018074219\" crossorigin=\"anonymous\"><\/script><ins class=\"adsbygoogle\" style=\"display:block;\" data-ad-client=\"ca-pub-4089586018074219\" \ndata-ad-slot=\"2087940154\" \ndata-ad-format=\"auto\"><\/ins>\n<script> \n(adsbygoogle = window.adsbygoogle || []).push({}); \n<\/script>\n<\/div>","protected":false},"excerpt":{"rendered":"<p>C\u2019est Lib\u00e9ration qui donne l\u2019information. Deux agents diplomatiques ont \u00e9t\u00e9 r\u00e9cemment rappel\u00e9s \u00e0 Dakar. Il s\u2019agit de Papa Mada Ndour et Mamy Tour\u00e9. Le journal indique que cette d\u00e9cision des autorit\u00e9s s\u00e9n\u00e9galaises entre dans le cadre de la \u00abvaste traque contre des agents diplomatiques membres de Pastef ou soup\u00e7onn\u00e9s d\u2019accointances avec ce parti\u00bb. Lib\u00e9ration rappelle que Papa Mada Ndour est membre du bureau politique du parti de Ousmane Sonko. Il \u00e9tait en poste \u00e0 l\u2019ambassade du S\u00e9n\u00e9gal \u00e0 Rabat. Son contrat dans cette repr\u00e9sentation diplomatique devait prendre fin en juin 2025. Le journal n\u2019a pas donn\u00e9 de d\u00e9tails sur Mamy Tour\u00e9.<\/p>\n","protected":false},"author":1,"featured_media":11722,"comment_status":"open","ping_status":"open","sticky":false,"template":"","format":"standard","meta":{"_jetpack_memberships_contains_paid_content":false,"footnotes":""},"categories":[375,3,1],"tags":[5204,5205],"class_list":["post-23249","post","type-post","status-publish","format-standard","has-post-thumbnail","hentry","category-actualites","category-politique","category-non-classe","tag-ambassadeurs","tag-diplomatie","entry","has-media","owp-thumbs-layout-horizontal","owp-btn-normal","owp-tabs-layout-horizontal","has-no-thumbnails","has-product-nav"],"yoast_head":"<!-- This site is optimized with the Yoast SEO plugin v25.5 - https:\/\/yoast.com\/wordpress\/plugins\/seo\/ -->\n<title>Accointances avec Pastef, deux diplomates rappel\u00e9s \u00e0 Dakar - LE PUBLIC<\/title>\n<meta name=\"robots\" content=\"index, follow, max-snippet:-1, max-image-preview:large, max-video-preview:-1\" \/>\n<link rel=\"canonical\" href=\"https:\/\/www.public.sn\/index.php\/2023\/06\/08\/accointances-avec-pastef-deux-diplomates-rappeles-a-dakar\/\" \/>\n<meta property=\"og:locale\" content=\"fr_FR\" \/>\n<meta property=\"og:type\" content=\"article\" \/>\n<meta property=\"og:title\" content=\"Accointances avec Pastef, deux diplomates rappel\u00e9s \u00e0 Dakar - LE PUBLIC\" \/>\n<meta property=\"og:description\" content=\"C\u2019est Lib\u00e9ration qui donne l\u2019information. Deux agents diplomatiques ont \u00e9t\u00e9 r\u00e9cemment rappel\u00e9s \u00e0 Dakar. Il s\u2019agit de Papa Mada Ndour et Mamy Tour\u00e9. Le journal indique que cette d\u00e9cision des autorit\u00e9s s\u00e9n\u00e9galaises entre dans le cadre de la \u00abvaste traque contre des agents diplomatiques membres de Pastef ou soup\u00e7onn\u00e9s d\u2019accointances avec ce parti\u00bb. Lib\u00e9ration rappelle que Papa Mada Ndour est membre du bureau politique du parti de Ousmane Sonko. Il \u00e9tait en poste \u00e0 l\u2019ambassade du S\u00e9n\u00e9gal \u00e0 Rabat. Son contrat dans cette repr\u00e9sentation diplomatique devait prendre fin en juin 2025. Le journal n\u2019a pas donn\u00e9 de d\u00e9tails sur Mamy Tour\u00e9.\" \/>\n<meta property=\"og:url\" content=\"https:\/\/www.public.sn\/index.php\/2023\/06\/08\/accointances-avec-pastef-deux-diplomates-rappeles-a-dakar\/\" \/>\n<meta property=\"og:site_name\" content=\"LE PUBLIC\" \/>\n<meta property=\"article:published_time\" content=\"2023-06-08T08:00:09+00:00\" \/>\n<meta property=\"og:image\" content=\"https:\/\/www.public.sn\/wp-content\/uploads\/2022\/12\/passeport.jpg\" \/>\n\t<meta property=\"og:image:width\" content=\"600\" \/>\n\t<meta property=\"og:image:height\" content=\"429\" \/>\n\t<meta property=\"og:image:type\" content=\"image\/jpeg\" \/>\n<meta name=\"author\" content=\"LA REDACTION\" \/>\n<meta name=\"twitter:card\" content=\"summary_large_image\" \/>\n<meta name=\"twitter:label1\" content=\"\u00c9crit par\" \/>\n\t<meta name=\"twitter:data1\" content=\"LA REDACTION\" \/>\n\t<meta name=\"twitter:label2\" content=\"Dur\u00e9e de lecture estim\u00e9e\" \/>\n\t<meta name=\"twitter:data2\" content=\"1 minute\" \/>\n<script type=\"application\/ld+json\" class=\"yoast-schema-graph\">{\"@context\":\"https:\/\/schema.org\",\"@graph\":[{\"@type\":\"Article\",\"@id\":\"https:\/\/www.public.sn\/index.php\/2023\/06\/08\/accointances-avec-pastef-deux-diplomates-rappeles-a-dakar\/#article\",\"isPartOf\":{\"@id\":\"https:\/\/www.public.sn\/index.php\/2023\/06\/08\/accointances-avec-pastef-deux-diplomates-rappeles-a-dakar\/\"},\"author\":{\"name\":\"LA REDACTION\",\"@id\":\"https:\/\/www.public.sn\/#\/schema\/person\/e3f4a11b037d4203902db148f9bc8d5a\"},\"headline\":\"Accointances avec Pastef, deux diplomates rappel\u00e9s \u00e0 Dakar\",\"datePublished\":\"2023-06-08T08:00:09+00:00\",\"mainEntityOfPage\":{\"@id\":\"https:\/\/www.public.sn\/index.php\/2023\/06\/08\/accointances-avec-pastef-deux-diplomates-rappeles-a-dakar\/\"},\"wordCount\":125,\"commentCount\":0,\"publisher\":{\"@id\":\"https:\/\/www.public.sn\/#organization\"},\"image\":{\"@id\":\"https:\/\/www.public.sn\/index.php\/2023\/06\/08\/accointances-avec-pastef-deux-diplomates-rappeles-a-dakar\/#primaryimage\"},\"thumbnailUrl\":\"https:\/\/www.public.sn\/wp-content\/uploads\/2022\/12\/passeport.jpg\",\"keywords\":[\"ambassadeurs\",\"diplomatie\"],\"articleSection\":[\"ACTUALIT\u00c9S\",\"POLITIQUE\",\"S\u00c9N\u00c9GAL\"],\"inLanguage\":\"fr-FR\",\"potentialAction\":[{\"@type\":\"CommentAction\",\"name\":\"Comment\",\"target\":[\"https:\/\/www.public.sn\/index.php\/2023\/06\/08\/accointances-avec-pastef-deux-diplomates-rappeles-a-dakar\/#respond\"]}]},{\"@type\":\"WebPage\",\"@id\":\"https:\/\/www.public.sn\/index.php\/2023\/06\/08\/accointances-avec-pastef-deux-diplomates-rappeles-a-dakar\/\",\"url\":\"https:\/\/www.public.sn\/index.php\/2023\/06\/08\/accointances-avec-pastef-deux-diplomates-rappeles-a-dakar\/\",\"name\":\"Accointances avec Pastef, deux diplomates rappel\u00e9s \u00e0 Dakar - LE PUBLIC\",\"isPartOf\":{\"@id\":\"https:\/\/www.public.sn\/#website\"},\"primaryImageOfPage\":{\"@id\":\"https:\/\/www.public.sn\/index.php\/2023\/06\/08\/accointances-avec-pastef-deux-diplomates-rappeles-a-dakar\/#primaryimage\"},\"image\":{\"@id\":\"https:\/\/www.public.sn\/index.php\/2023\/06\/08\/accointances-avec-pastef-deux-diplomates-rappeles-a-dakar\/#primaryimage\"},\"thumbnailUrl\":\"https:\/\/www.public.sn\/wp-content\/uploads\/2022\/12\/passeport.jpg\",\"datePublished\":\"2023-06-08T08:00:09+00:00\",\"breadcrumb\":{\"@id\":\"https:\/\/www.public.sn\/index.php\/2023\/06\/08\/accointances-avec-pastef-deux-diplomates-rappeles-a-dakar\/#breadcrumb\"},\"inLanguage\":\"fr-FR\",\"potentialAction\":[{\"@type\":\"ReadAction\",\"target\":[\"https:\/\/www.public.sn\/index.php\/2023\/06\/08\/accointances-avec-pastef-deux-diplomates-rappeles-a-dakar\/\"]}]},{\"@type\":\"ImageObject\",\"inLanguage\":\"fr-FR\",\"@id\":\"https:\/\/www.public.sn\/index.php\/2023\/06\/08\/accointances-avec-pastef-deux-diplomates-rappeles-a-dakar\/#primaryimage\",\"url\":\"https:\/\/www.public.sn\/wp-content\/uploads\/2022\/12\/passeport.jpg\",\"contentUrl\":\"https:\/\/www.public.sn\/wp-content\/uploads\/2022\/12\/passeport.jpg\",\"width\":600,\"height\":429},{\"@type\":\"BreadcrumbList\",\"@id\":\"https:\/\/www.public.sn\/index.php\/2023\/06\/08\/accointances-avec-pastef-deux-diplomates-rappeles-a-dakar\/#breadcrumb\",\"itemListElement\":[{\"@type\":\"ListItem\",\"position\":1,\"name\":\"Accueil\",\"item\":\"https:\/\/www.public.sn\/\"},{\"@type\":\"ListItem\",\"position\":2,\"name\":\"Accointances avec Pastef, deux diplomates rappel\u00e9s \u00e0 Dakar\"}]},{\"@type\":\"WebSite\",\"@id\":\"https:\/\/www.public.sn\/#website\",\"url\":\"https:\/\/www.public.sn\/\",\"name\":\"LE PUBLIC\",\"description\":\"\",\"publisher\":{\"@id\":\"https:\/\/www.public.sn\/#organization\"},\"potentialAction\":[{\"@type\":\"SearchAction\",\"target\":{\"@type\":\"EntryPoint\",\"urlTemplate\":\"https:\/\/www.public.sn\/?s={search_term_string}\"},\"query-input\":{\"@type\":\"PropertyValueSpecification\",\"valueRequired\":true,\"valueName\":\"search_term_string\"}}],\"inLanguage\":\"fr-FR\"},{\"@type\":\"Organization\",\"@id\":\"https:\/\/www.public.sn\/#organization\",\"name\":\"LE PUBLIC\",\"url\":\"https:\/\/www.public.sn\/\",\"logo\":{\"@type\":\"ImageObject\",\"inLanguage\":\"fr-FR\",\"@id\":\"https:\/\/www.public.sn\/#\/schema\/logo\/image\/\",\"url\":\"https:\/\/www.public.sn\/wp-content\/uploads\/2024\/05\/cropped-LOGO-PUBLIC.SN_.png\",\"contentUrl\":\"https:\/\/www.public.sn\/wp-content\/uploads\/2024\/05\/cropped-LOGO-PUBLIC.SN_.png\",\"width\":682,\"height\":192,\"caption\":\"LE PUBLIC\"},\"image\":{\"@id\":\"https:\/\/www.public.sn\/#\/schema\/logo\/image\/\"}},{\"@type\":\"Person\",\"@id\":\"https:\/\/www.public.sn\/#\/schema\/person\/e3f4a11b037d4203902db148f9bc8d5a\",\"name\":\"LA REDACTION\",\"image\":{\"@type\":\"ImageObject\",\"inLanguage\":\"fr-FR\",\"@id\":\"https:\/\/www.public.sn\/#\/schema\/person\/image\/\",\"url\":\"https:\/\/secure.gravatar.com\/avatar\/d6c030db45db2883c075085c5d6c6258654a801a93766b49af0b82d4f454e2a5?s=96&d=mm&r=g\",\"contentUrl\":\"https:\/\/secure.gravatar.com\/avatar\/d6c030db45db2883c075085c5d6c6258654a801a93766b49af0b82d4f454e2a5?s=96&d=mm&r=g\",\"caption\":\"LA REDACTION\"},\"sameAs\":[\"http:\/\/www.public.sn\"],\"url\":\"https:\/\/www.public.sn\/index.php\/author\/admin7324\/\"}]}<\/script>\n<!-- \/ Yoast SEO plugin. -->","yoast_head_json":{"title":"Accointances avec Pastef, deux diplomates rappel\u00e9s \u00e0 Dakar - LE PUBLIC","robots":{"index":"index","follow":"follow","max-snippet":"max-snippet:-1","max-image-preview":"max-image-preview:large","max-video-preview":"max-video-preview:-1"},"canonical":"https:\/\/www.public.sn\/index.php\/2023\/06\/08\/accointances-avec-pastef-deux-diplomates-rappeles-a-dakar\/","og_locale":"fr_FR","og_type":"article","og_title":"Accointances avec Pastef, deux diplomates rappel\u00e9s \u00e0 Dakar - LE PUBLIC","og_description":"C\u2019est Lib\u00e9ration qui donne l\u2019information. Deux agents diplomatiques ont \u00e9t\u00e9 r\u00e9cemment rappel\u00e9s \u00e0 Dakar. Il s\u2019agit de Papa Mada Ndour et Mamy Tour\u00e9. Le journal indique que cette d\u00e9cision des autorit\u00e9s s\u00e9n\u00e9galaises entre dans le cadre de la \u00abvaste traque contre des agents diplomatiques membres de Pastef ou soup\u00e7onn\u00e9s d\u2019accointances avec ce parti\u00bb. Lib\u00e9ration rappelle que Papa Mada Ndour est membre du bureau politique du parti de Ousmane Sonko. Il \u00e9tait en poste \u00e0 l\u2019ambassade du S\u00e9n\u00e9gal \u00e0 Rabat. Son contrat dans cette repr\u00e9sentation diplomatique devait prendre fin en juin 2025. Le journal n\u2019a pas donn\u00e9 de d\u00e9tails sur Mamy Tour\u00e9.","og_url":"https:\/\/www.public.sn\/index.php\/2023\/06\/08\/accointances-avec-pastef-deux-diplomates-rappeles-a-dakar\/","og_site_name":"LE PUBLIC","article_published_time":"2023-06-08T08:00:09+00:00","og_image":[{"width":600,"height":429,"url":"https:\/\/www.public.sn\/wp-content\/uploads\/2022\/12\/passeport.jpg","type":"image\/jpeg"}],"author":"LA REDACTION","twitter_card":"summary_large_image","twitter_misc":{"\u00c9crit par":"LA REDACTION","Dur\u00e9e de lecture estim\u00e9e":"1 minute"},"schema":{"@context":"https:\/\/schema.org","@graph":[{"@type":"Article","@id":"https:\/\/www.public.sn\/index.php\/2023\/06\/08\/accointances-avec-pastef-deux-diplomates-rappeles-a-dakar\/#article","isPartOf":{"@id":"https:\/\/www.public.sn\/index.php\/2023\/06\/08\/accointances-avec-pastef-deux-diplomates-rappeles-a-dakar\/"},"author":{"name":"LA REDACTION","@id":"https:\/\/www.public.sn\/#\/schema\/person\/e3f4a11b037d4203902db148f9bc8d5a"},"headline":"Accointances avec Pastef, deux diplomates rappel\u00e9s \u00e0 Dakar","datePublished":"2023-06-08T08:00:09+00:00","mainEntityOfPage":{"@id":"https:\/\/www.public.sn\/index.php\/2023\/06\/08\/accointances-avec-pastef-deux-diplomates-rappeles-a-dakar\/"},"wordCount":125,"commentCount":0,"publisher":{"@id":"https:\/\/www.public.sn\/#organization"},"image":{"@id":"https:\/\/www.public.sn\/index.php\/2023\/06\/08\/accointances-avec-pastef-deux-diplomates-rappeles-a-dakar\/#primaryimage"},"thumbnailUrl":"https:\/\/www.public.sn\/wp-content\/uploads\/2022\/12\/passeport.jpg","keywords":["ambassadeurs","diplomatie"],"articleSection":["ACTUALIT\u00c9S","POLITIQUE","S\u00c9N\u00c9GAL"],"inLanguage":"fr-FR","potentialAction":[{"@type":"CommentAction","name":"Comment","target":["https:\/\/www.public.sn\/index.php\/2023\/06\/08\/accointances-avec-pastef-deux-diplomates-rappeles-a-dakar\/#respond"]}]},{"@type":"WebPage","@id":"https:\/\/www.public.sn\/index.php\/2023\/06\/08\/accointances-avec-pastef-deux-diplomates-rappeles-a-dakar\/","url":"https:\/\/www.public.sn\/index.php\/2023\/06\/08\/accointances-avec-pastef-deux-diplomates-rappeles-a-dakar\/","name":"Accointances avec Pastef, deux diplomates rappel\u00e9s \u00e0 Dakar - LE PUBLIC","isPartOf":{"@id":"https:\/\/www.public.sn\/#website"},"primaryImageOfPage":{"@id":"https:\/\/www.public.sn\/index.php\/2023\/06\/08\/accointances-avec-pastef-deux-diplomates-rappeles-a-dakar\/#primaryimage"},"image":{"@id":"https:\/\/www.public.sn\/index.php\/2023\/06\/08\/accointances-avec-pastef-deux-diplomates-rappeles-a-dakar\/#primaryimage"},"thumbnailUrl":"https:\/\/www.public.sn\/wp-content\/uploads\/2022\/12\/passeport.jpg","datePublished":"2023-06-08T08:00:09+00:00","breadcrumb":{"@id":"https:\/\/www.public.sn\/index.php\/2023\/06\/08\/accointances-avec-pastef-deux-diplomates-rappeles-a-dakar\/#breadcrumb"},"inLanguage":"fr-FR","potentialAction":[{"@type":"ReadAction","target":["https:\/\/www.public.sn\/index.php\/2023\/06\/08\/accointances-avec-pastef-deux-diplomates-rappeles-a-dakar\/"]}]},{"@type":"ImageObject","inLanguage":"fr-FR","@id":"https:\/\/www.public.sn\/index.php\/2023\/06\/08\/accointances-avec-pastef-deux-diplomates-rappeles-a-dakar\/#primaryimage","url":"https:\/\/www.public.sn\/wp-content\/uploads\/2022\/12\/passeport.jpg","contentUrl":"https:\/\/www.public.sn\/wp-content\/uploads\/2022\/12\/passeport.jpg","width":600,"height":429},{"@type":"BreadcrumbList","@id":"https:\/\/www.public.sn\/index.php\/2023\/06\/08\/accointances-avec-pastef-deux-diplomates-rappeles-a-dakar\/#breadcrumb","itemListElement":[{"@type":"ListItem","position":1,"name":"Accueil","item":"https:\/\/www.public.sn\/"},{"@type":"ListItem","position":2,"name":"Accointances avec Pastef, deux diplomates rappel\u00e9s \u00e0 Dakar"}]},{"@type":"WebSite","@id":"https:\/\/www.public.sn\/#website","url":"https:\/\/www.public.sn\/","name":"LE PUBLIC","description":"","publisher":{"@id":"https:\/\/www.public.sn\/#organization"},"potentialAction":[{"@type":"SearchAction","target":{"@type":"EntryPoint","urlTemplate":"https:\/\/www.public.sn\/?s={search_term_string}"},"query-input":{"@type":"PropertyValueSpecification","valueRequired":true,"valueName":"search_term_string"}}],"inLanguage":"fr-FR"},{"@type":"Organization","@id":"https:\/\/www.public.sn\/#organization","name":"LE PUBLIC","url":"https:\/\/www.public.sn\/","logo":{"@type":"ImageObject","inLanguage":"fr-FR","@id":"https:\/\/www.public.sn\/#\/schema\/logo\/image\/","url":"https:\/\/www.public.sn\/wp-content\/uploads\/2024\/05\/cropped-LOGO-PUBLIC.SN_.png","contentUrl":"https:\/\/www.public.sn\/wp-content\/uploads\/2024\/05\/cropped-LOGO-PUBLIC.SN_.png","width":682,"height":192,"caption":"LE PUBLIC"},"image":{"@id":"https:\/\/www.public.sn\/#\/schema\/logo\/image\/"}},{"@type":"Person","@id":"https:\/\/www.public.sn\/#\/schema\/person\/e3f4a11b037d4203902db148f9bc8d5a","name":"LA REDACTION","image":{"@type":"ImageObject","inLanguage":"fr-FR","@id":"https:\/\/www.public.sn\/#\/schema\/person\/image\/","url":"https:\/\/secure.gravatar.com\/avatar\/d6c030db45db2883c075085c5d6c6258654a801a93766b49af0b82d4f454e2a5?s=96&d=mm&r=g","contentUrl":"https:\/\/secure.gravatar.com\/avatar\/d6c030db45db2883c075085c5d6c6258654a801a93766b49af0b82d4f454e2a5?s=96&d=mm&r=g","caption":"LA REDACTION"},"sameAs":["http:\/\/www.public.sn"],"url":"https:\/\/www.public.sn\/index.php\/author\/admin7324\/"}]}},"jetpack_featured_media_url":"https:\/\/www.public.sn\/wp-content\/uploads\/2022\/12\/passeport.jpg","jetpack_sharing_enabled":true,"_links":{"self":[{"href":"https:\/\/www.public.sn\/index.php\/wp-json\/wp\/v2\/posts\/23249","targetHints":{"allow":["GET"]}}],"collection":[{"href":"https:\/\/www.public.sn\/index.php\/wp-json\/wp\/v2\/posts"}],"about":[{"href":"https:\/\/www.public.sn\/index.php\/wp-json\/wp\/v2\/types\/post"}],"author":[{"embeddable":true,"href":"https:\/\/www.public.sn\/index.php\/wp-json\/wp\/v2\/users\/1"}],"replies":[{"embeddable":true,"href":"https:\/\/www.public.sn\/index.php\/wp-json\/wp\/v2\/comments?post=23249"}],"version-history":[{"count":1,"href":"https:\/\/www.public.sn\/index.php\/wp-json\/wp\/v2\/posts\/23249\/revisions"}],"predecessor-version":[{"id":23250,"href":"https:\/\/www.public.sn\/index.php\/wp-json\/wp\/v2\/posts\/23249\/revisions\/23250"}],"wp:featuredmedia":[{"embeddable":true,"href":"https:\/\/www.public.sn\/index.php\/wp-json\/wp\/v2\/media\/11722"}],"wp:attachment":[{"href":"https:\/\/www.public.sn\/index.php\/wp-json\/wp\/v2\/media?parent=23249"}],"wp:term":[{"taxonomy":"category","embeddable":true,"href":"https:\/\/www.public.sn\/index.php\/wp-json\/wp\/v2\/categories?post=23249"},{"taxonomy":"post_tag","embeddable":true,"href":"https:\/\/www.public.sn\/index.php\/wp-json\/wp\/v2\/tags?post=23249"}],"curies":[{"name":"wp","href":"https:\/\/api.w.org\/{rel}","templated":true}]}}