{"id":23555,"date":"2023-06-13T16:57:44","date_gmt":"2023-06-13T16:57:44","guid":{"rendered":"https:\/\/www.public.sn\/?p=23555"},"modified":"2023-06-13T16:57:44","modified_gmt":"2023-06-13T16:57:44","slug":"pape-ale-se-prononce-sur-des-nouvelles-du-leader-de-pastef-ousmane-sonko","status":"publish","type":"post","link":"https:\/\/www.public.sn\/index.php\/2023\/06\/13\/pape-ale-se-prononce-sur-des-nouvelles-du-leader-de-pastef-ousmane-sonko\/","title":{"rendered":"Pape Al\u00e9 se prononce sur  des nouvelles du leader de Pastef Ousmane Sonko"},"content":{"rendered":"<p><strong><span style=\"font-size: x-large;\">le journaliste Pape Al\u00e9 Niang donne des nouvelles de sonko sur sa page facebook\u00a0 apr\u00e8s\u00a0les rumeurs sur la saisie de la cours supr\u00eame par ses avocats.<\/span><\/strong><br \/>\n<strong><span style=\"font-size: x-large;\">Le directeur de publication de Dakar Matin d\u00e9ment l\u2019information selon laquelle les avocats du maire de Ziguinchor ont saisi la Cour supr\u00eame pour la lev\u00e9e des barricades. L&rsquo;information est fausse, d&rsquo;apr\u00e8s lui. Il r\u00e9v\u00e8le aussi que le Pastef n&rsquo;a tenu aucune r\u00e9union pour parler des questions de candidature.<\/span><\/strong><\/p><div class=\"publi-paragraphe1\" style=\"margin-top: 10px;margin-bottom: 10px;margin-left: auto;margin-right: auto;text-align: center;\" id=\"publi-969556213\"><div class=\"publi-adlabel\">Publicit\u00e9<\/div><script async src=\"\/\/pagead2.googlesyndication.com\/pagead\/js\/adsbygoogle.js?client=ca-pub-4089586018074219\" crossorigin=\"anonymous\"><\/script><ins class=\"adsbygoogle\" style=\"display:block;\" data-ad-client=\"ca-pub-4089586018074219\" \ndata-ad-slot=\"2087940154\" \ndata-ad-format=\"auto\"><\/ins>\n<script> \n(adsbygoogle = window.adsbygoogle || []).push({}); \n<\/script>\n<\/div>\n<p><span style=\"font-size: x-large;\">Avant de rassurer tous les militants et les exhorter \u00e0 continuer le combat contre l&rsquo;injustice, la destruction de nos acquis d\u00e9mocratiques.<\/span><br \/>\n<span style=\"font-size: x-large;\">Par ailleurs, il demande aux organismes internationaux de diligenter toutes les enqu\u00eates n\u00e9cessaires pour la manifestation de la v\u00e9rit\u00e9 sur ces FDS et nervis qui ont tu\u00e9 froidement d&rsquo;innocents jeunes S\u00e9n\u00e9galais.<\/span><br \/>\n<span style=\"font-size: x-large;\">Aux familles endeuill\u00e9es, il pr\u00e9sente ses sinc\u00e8res condol\u00e9ances.<\/span><br \/>\n<span style=\"font-size: x-large;\">Sonko d\u00e9nonce sa s\u00e9questration ill\u00e9gale lui et sa famille. Preuve d&rsquo;un \u00c9tat qui n&rsquo;a aucun respect pour les droits les plus \u00e9l\u00e9mentaires d&rsquo;un citoyen dans une soci\u00e9t\u00e9 d\u00e9mocratique. Du moins, d&rsquo;apr\u00e8s le post de Pape Al\u00e9 Niang sur sa page Facebook.<\/span><\/p>\n<p><strong>Lala RASSOUL<\/strong><\/p>\n<div class=\"publi-apres-le-contenu\" style=\"margin-top: 10px;margin-bottom: 10px;margin-left: auto;margin-right: auto;text-align: center;\" id=\"publi-1488223611\"><div class=\"publi-adlabel\">Publicit\u00e9<\/div><script async src=\"\/\/pagead2.googlesyndication.com\/pagead\/js\/adsbygoogle.js?client=ca-pub-4089586018074219\" crossorigin=\"anonymous\"><\/script><ins class=\"adsbygoogle\" style=\"display:block;\" data-ad-client=\"ca-pub-4089586018074219\" \ndata-ad-slot=\"2087940154\" \ndata-ad-format=\"auto\"><\/ins>\n<script> \n(adsbygoogle = window.adsbygoogle || []).push({}); \n<\/script>\n<\/div>","protected":false},"excerpt":{"rendered":"<p>le journaliste Pape Al\u00e9 Niang donne des nouvelles de sonko sur sa page facebook\u00a0 apr\u00e8s\u00a0les rumeurs sur la saisie de la cours supr\u00eame par ses avocats. Le directeur de publication de Dakar Matin d\u00e9ment l\u2019information selon laquelle les avocats du maire de Ziguinchor ont saisi la Cour supr\u00eame pour la lev\u00e9e des barricades. L&rsquo;information est fausse, d&rsquo;apr\u00e8s lui. Il r\u00e9v\u00e8le aussi que le Pastef n&rsquo;a tenu aucune r\u00e9union pour parler des questions de candidature. Avant de rassurer tous les militants et les exhorter \u00e0 continuer le combat contre l&rsquo;injustice, la destruction de nos acquis d\u00e9mocratiques. Par ailleurs, il demande aux organismes internationaux de diligenter toutes les enqu\u00eates n\u00e9cessaires pour la manifestation de la v\u00e9rit\u00e9 sur ces FDS et nervis qui ont tu\u00e9 froidement d&rsquo;innocents jeunes S\u00e9n\u00e9galais. Aux familles endeuill\u00e9es, il pr\u00e9sente ses sinc\u00e8res condol\u00e9ances. Sonko d\u00e9nonce sa s\u00e9questration ill\u00e9gale lui et sa famille. Preuve d&rsquo;un \u00c9tat qui n&rsquo;a aucun respect pour les droits les plus \u00e9l\u00e9mentaires d&rsquo;un citoyen dans une soci\u00e9t\u00e9 d\u00e9mocratique. Du moins, d&rsquo;apr\u00e8s le post de Pape Al\u00e9 Niang sur sa page Facebook. Lala RASSOUL<\/p>\n","protected":false},"author":7,"featured_media":23556,"comment_status":"open","ping_status":"open","sticky":false,"template":"","format":"standard","meta":{"_jetpack_memberships_contains_paid_content":false,"footnotes":""},"categories":[375,3],"tags":[],"class_list":["post-23555","post","type-post","status-publish","format-standard","has-post-thumbnail","hentry","category-actualites","category-politique","entry","has-media","owp-thumbs-layout-horizontal","owp-btn-normal","owp-tabs-layout-horizontal","has-no-thumbnails","has-product-nav"],"yoast_head":"<!-- This site is optimized with the Yoast SEO plugin v25.5 - https:\/\/yoast.com\/wordpress\/plugins\/seo\/ -->\n<title>Pape Al\u00e9 se prononce sur des nouvelles du leader de Pastef Ousmane Sonko - LE PUBLIC<\/title>\n<meta name=\"robots\" content=\"index, follow, max-snippet:-1, max-image-preview:large, max-video-preview:-1\" \/>\n<link rel=\"canonical\" href=\"https:\/\/www.public.sn\/index.php\/2023\/06\/13\/pape-ale-se-prononce-sur-des-nouvelles-du-leader-de-pastef-ousmane-sonko\/\" \/>\n<meta property=\"og:locale\" content=\"fr_FR\" \/>\n<meta property=\"og:type\" content=\"article\" \/>\n<meta property=\"og:title\" content=\"Pape Al\u00e9 se prononce sur des nouvelles du leader de Pastef Ousmane Sonko - LE PUBLIC\" \/>\n<meta property=\"og:description\" content=\"le journaliste Pape Al\u00e9 Niang donne des nouvelles de sonko sur sa page facebook\u00a0 apr\u00e8s\u00a0les rumeurs sur la saisie de la cours supr\u00eame par ses avocats. Le directeur de publication de Dakar Matin d\u00e9ment l\u2019information selon laquelle les avocats du maire de Ziguinchor ont saisi la Cour supr\u00eame pour la lev\u00e9e des barricades. L&rsquo;information est fausse, d&rsquo;apr\u00e8s lui. Il r\u00e9v\u00e8le aussi que le Pastef n&rsquo;a tenu aucune r\u00e9union pour parler des questions de candidature. Avant de rassurer tous les militants et les exhorter \u00e0 continuer le combat contre l&rsquo;injustice, la destruction de nos acquis d\u00e9mocratiques. Par ailleurs, il demande aux organismes internationaux de diligenter toutes les enqu\u00eates n\u00e9cessaires pour la manifestation de la v\u00e9rit\u00e9 sur ces FDS et nervis qui ont tu\u00e9 froidement d&rsquo;innocents jeunes S\u00e9n\u00e9galais. Aux familles endeuill\u00e9es, il pr\u00e9sente ses sinc\u00e8res condol\u00e9ances. Sonko d\u00e9nonce sa s\u00e9questration ill\u00e9gale lui et sa famille. Preuve d&rsquo;un \u00c9tat qui n&rsquo;a aucun respect pour les droits les plus \u00e9l\u00e9mentaires d&rsquo;un citoyen dans une soci\u00e9t\u00e9 d\u00e9mocratique. Du moins, d&rsquo;apr\u00e8s le post de Pape Al\u00e9 Niang sur sa page Facebook. Lala RASSOUL\" \/>\n<meta property=\"og:url\" content=\"https:\/\/www.public.sn\/index.php\/2023\/06\/13\/pape-ale-se-prononce-sur-des-nouvelles-du-leader-de-pastef-ousmane-sonko\/\" \/>\n<meta property=\"og:site_name\" content=\"LE PUBLIC\" \/>\n<meta property=\"article:published_time\" content=\"2023-06-13T16:57:44+00:00\" \/>\n<meta property=\"og:image\" content=\"https:\/\/www.public.sn\/wp-content\/uploads\/2023\/06\/04e040bb0a52c72c5a13b35393f0f44a75546a17.jpeg\" \/>\n\t<meta property=\"og:image:width\" content=\"612\" \/>\n\t<meta property=\"og:image:height\" content=\"298\" \/>\n\t<meta property=\"og:image:type\" content=\"image\/jpeg\" \/>\n<meta name=\"author\" content=\"LA REDACTION\" \/>\n<meta name=\"twitter:card\" content=\"summary_large_image\" \/>\n<meta name=\"twitter:label1\" content=\"\u00c9crit par\" \/>\n\t<meta name=\"twitter:data1\" content=\"LA REDACTION\" \/>\n\t<meta name=\"twitter:label2\" content=\"Dur\u00e9e de lecture estim\u00e9e\" \/>\n\t<meta name=\"twitter:data2\" content=\"1 minute\" \/>\n<script type=\"application\/ld+json\" class=\"yoast-schema-graph\">{\"@context\":\"https:\/\/schema.org\",\"@graph\":[{\"@type\":\"Article\",\"@id\":\"https:\/\/www.public.sn\/index.php\/2023\/06\/13\/pape-ale-se-prononce-sur-des-nouvelles-du-leader-de-pastef-ousmane-sonko\/#article\",\"isPartOf\":{\"@id\":\"https:\/\/www.public.sn\/index.php\/2023\/06\/13\/pape-ale-se-prononce-sur-des-nouvelles-du-leader-de-pastef-ousmane-sonko\/\"},\"author\":{\"name\":\"LA REDACTION\",\"@id\":\"https:\/\/www.public.sn\/#\/schema\/person\/cb76c8e1b8becc6be61fb5e92d6d0224\"},\"headline\":\"Pape Al\u00e9 se prononce sur des nouvelles du leader de Pastef Ousmane Sonko\",\"datePublished\":\"2023-06-13T16:57:44+00:00\",\"mainEntityOfPage\":{\"@id\":\"https:\/\/www.public.sn\/index.php\/2023\/06\/13\/pape-ale-se-prononce-sur-des-nouvelles-du-leader-de-pastef-ousmane-sonko\/\"},\"wordCount\":217,\"commentCount\":0,\"publisher\":{\"@id\":\"https:\/\/www.public.sn\/#organization\"},\"image\":{\"@id\":\"https:\/\/www.public.sn\/index.php\/2023\/06\/13\/pape-ale-se-prononce-sur-des-nouvelles-du-leader-de-pastef-ousmane-sonko\/#primaryimage\"},\"thumbnailUrl\":\"https:\/\/www.public.sn\/wp-content\/uploads\/2023\/06\/04e040bb0a52c72c5a13b35393f0f44a75546a17.jpeg\",\"articleSection\":[\"ACTUALIT\u00c9S\",\"POLITIQUE\"],\"inLanguage\":\"fr-FR\",\"potentialAction\":[{\"@type\":\"CommentAction\",\"name\":\"Comment\",\"target\":[\"https:\/\/www.public.sn\/index.php\/2023\/06\/13\/pape-ale-se-prononce-sur-des-nouvelles-du-leader-de-pastef-ousmane-sonko\/#respond\"]}]},{\"@type\":\"WebPage\",\"@id\":\"https:\/\/www.public.sn\/index.php\/2023\/06\/13\/pape-ale-se-prononce-sur-des-nouvelles-du-leader-de-pastef-ousmane-sonko\/\",\"url\":\"https:\/\/www.public.sn\/index.php\/2023\/06\/13\/pape-ale-se-prononce-sur-des-nouvelles-du-leader-de-pastef-ousmane-sonko\/\",\"name\":\"Pape Al\u00e9 se prononce sur des nouvelles du leader de Pastef Ousmane Sonko - LE PUBLIC\",\"isPartOf\":{\"@id\":\"https:\/\/www.public.sn\/#website\"},\"primaryImageOfPage\":{\"@id\":\"https:\/\/www.public.sn\/index.php\/2023\/06\/13\/pape-ale-se-prononce-sur-des-nouvelles-du-leader-de-pastef-ousmane-sonko\/#primaryimage\"},\"image\":{\"@id\":\"https:\/\/www.public.sn\/index.php\/2023\/06\/13\/pape-ale-se-prononce-sur-des-nouvelles-du-leader-de-pastef-ousmane-sonko\/#primaryimage\"},\"thumbnailUrl\":\"https:\/\/www.public.sn\/wp-content\/uploads\/2023\/06\/04e040bb0a52c72c5a13b35393f0f44a75546a17.jpeg\",\"datePublished\":\"2023-06-13T16:57:44+00:00\",\"breadcrumb\":{\"@id\":\"https:\/\/www.public.sn\/index.php\/2023\/06\/13\/pape-ale-se-prononce-sur-des-nouvelles-du-leader-de-pastef-ousmane-sonko\/#breadcrumb\"},\"inLanguage\":\"fr-FR\",\"potentialAction\":[{\"@type\":\"ReadAction\",\"target\":[\"https:\/\/www.public.sn\/index.php\/2023\/06\/13\/pape-ale-se-prononce-sur-des-nouvelles-du-leader-de-pastef-ousmane-sonko\/\"]}]},{\"@type\":\"ImageObject\",\"inLanguage\":\"fr-FR\",\"@id\":\"https:\/\/www.public.sn\/index.php\/2023\/06\/13\/pape-ale-se-prononce-sur-des-nouvelles-du-leader-de-pastef-ousmane-sonko\/#primaryimage\",\"url\":\"https:\/\/www.public.sn\/wp-content\/uploads\/2023\/06\/04e040bb0a52c72c5a13b35393f0f44a75546a17.jpeg\",\"contentUrl\":\"https:\/\/www.public.sn\/wp-content\/uploads\/2023\/06\/04e040bb0a52c72c5a13b35393f0f44a75546a17.jpeg\",\"width\":612,\"height\":298},{\"@type\":\"BreadcrumbList\",\"@id\":\"https:\/\/www.public.sn\/index.php\/2023\/06\/13\/pape-ale-se-prononce-sur-des-nouvelles-du-leader-de-pastef-ousmane-sonko\/#breadcrumb\",\"itemListElement\":[{\"@type\":\"ListItem\",\"position\":1,\"name\":\"Accueil\",\"item\":\"https:\/\/www.public.sn\/\"},{\"@type\":\"ListItem\",\"position\":2,\"name\":\"Pape Al\u00e9 se prononce sur des nouvelles du leader de Pastef Ousmane Sonko\"}]},{\"@type\":\"WebSite\",\"@id\":\"https:\/\/www.public.sn\/#website\",\"url\":\"https:\/\/www.public.sn\/\",\"name\":\"LE PUBLIC\",\"description\":\"\",\"publisher\":{\"@id\":\"https:\/\/www.public.sn\/#organization\"},\"potentialAction\":[{\"@type\":\"SearchAction\",\"target\":{\"@type\":\"EntryPoint\",\"urlTemplate\":\"https:\/\/www.public.sn\/?s={search_term_string}\"},\"query-input\":{\"@type\":\"PropertyValueSpecification\",\"valueRequired\":true,\"valueName\":\"search_term_string\"}}],\"inLanguage\":\"fr-FR\"},{\"@type\":\"Organization\",\"@id\":\"https:\/\/www.public.sn\/#organization\",\"name\":\"LE PUBLIC\",\"url\":\"https:\/\/www.public.sn\/\",\"logo\":{\"@type\":\"ImageObject\",\"inLanguage\":\"fr-FR\",\"@id\":\"https:\/\/www.public.sn\/#\/schema\/logo\/image\/\",\"url\":\"https:\/\/www.public.sn\/wp-content\/uploads\/2024\/05\/cropped-LOGO-PUBLIC.SN_.png\",\"contentUrl\":\"https:\/\/www.public.sn\/wp-content\/uploads\/2024\/05\/cropped-LOGO-PUBLIC.SN_.png\",\"width\":682,\"height\":192,\"caption\":\"LE PUBLIC\"},\"image\":{\"@id\":\"https:\/\/www.public.sn\/#\/schema\/logo\/image\/\"}},{\"@type\":\"Person\",\"@id\":\"https:\/\/www.public.sn\/#\/schema\/person\/cb76c8e1b8becc6be61fb5e92d6d0224\",\"name\":\"LA REDACTION\",\"image\":{\"@type\":\"ImageObject\",\"inLanguage\":\"fr-FR\",\"@id\":\"https:\/\/www.public.sn\/#\/schema\/person\/image\/\",\"url\":\"https:\/\/secure.gravatar.com\/avatar\/2dce5ddd34b8fef0180efe03aa2a9bee7d953856048f9a16b298190a3178407c?s=96&d=mm&r=g\",\"contentUrl\":\"https:\/\/secure.gravatar.com\/avatar\/2dce5ddd34b8fef0180efe03aa2a9bee7d953856048f9a16b298190a3178407c?s=96&d=mm&r=g\",\"caption\":\"LA REDACTION\"},\"url\":\"https:\/\/www.public.sn\/index.php\/author\/editeurpsn\/\"}]}<\/script>\n<!-- \/ Yoast SEO plugin. -->","yoast_head_json":{"title":"Pape Al\u00e9 se prononce sur des nouvelles du leader de Pastef Ousmane Sonko - LE PUBLIC","robots":{"index":"index","follow":"follow","max-snippet":"max-snippet:-1","max-image-preview":"max-image-preview:large","max-video-preview":"max-video-preview:-1"},"canonical":"https:\/\/www.public.sn\/index.php\/2023\/06\/13\/pape-ale-se-prononce-sur-des-nouvelles-du-leader-de-pastef-ousmane-sonko\/","og_locale":"fr_FR","og_type":"article","og_title":"Pape Al\u00e9 se prononce sur des nouvelles du leader de Pastef Ousmane Sonko - LE PUBLIC","og_description":"le journaliste Pape Al\u00e9 Niang donne des nouvelles de sonko sur sa page facebook\u00a0 apr\u00e8s\u00a0les rumeurs sur la saisie de la cours supr\u00eame par ses avocats. Le directeur de publication de Dakar Matin d\u00e9ment l\u2019information selon laquelle les avocats du maire de Ziguinchor ont saisi la Cour supr\u00eame pour la lev\u00e9e des barricades. L&rsquo;information est fausse, d&rsquo;apr\u00e8s lui. Il r\u00e9v\u00e8le aussi que le Pastef n&rsquo;a tenu aucune r\u00e9union pour parler des questions de candidature. Avant de rassurer tous les militants et les exhorter \u00e0 continuer le combat contre l&rsquo;injustice, la destruction de nos acquis d\u00e9mocratiques. Par ailleurs, il demande aux organismes internationaux de diligenter toutes les enqu\u00eates n\u00e9cessaires pour la manifestation de la v\u00e9rit\u00e9 sur ces FDS et nervis qui ont tu\u00e9 froidement d&rsquo;innocents jeunes S\u00e9n\u00e9galais. Aux familles endeuill\u00e9es, il pr\u00e9sente ses sinc\u00e8res condol\u00e9ances. Sonko d\u00e9nonce sa s\u00e9questration ill\u00e9gale lui et sa famille. Preuve d&rsquo;un \u00c9tat qui n&rsquo;a aucun respect pour les droits les plus \u00e9l\u00e9mentaires d&rsquo;un citoyen dans une soci\u00e9t\u00e9 d\u00e9mocratique. Du moins, d&rsquo;apr\u00e8s le post de Pape Al\u00e9 Niang sur sa page Facebook. Lala RASSOUL","og_url":"https:\/\/www.public.sn\/index.php\/2023\/06\/13\/pape-ale-se-prononce-sur-des-nouvelles-du-leader-de-pastef-ousmane-sonko\/","og_site_name":"LE PUBLIC","article_published_time":"2023-06-13T16:57:44+00:00","og_image":[{"width":612,"height":298,"url":"https:\/\/www.public.sn\/wp-content\/uploads\/2023\/06\/04e040bb0a52c72c5a13b35393f0f44a75546a17.jpeg","type":"image\/jpeg"}],"author":"LA REDACTION","twitter_card":"summary_large_image","twitter_misc":{"\u00c9crit par":"LA REDACTION","Dur\u00e9e de lecture estim\u00e9e":"1 minute"},"schema":{"@context":"https:\/\/schema.org","@graph":[{"@type":"Article","@id":"https:\/\/www.public.sn\/index.php\/2023\/06\/13\/pape-ale-se-prononce-sur-des-nouvelles-du-leader-de-pastef-ousmane-sonko\/#article","isPartOf":{"@id":"https:\/\/www.public.sn\/index.php\/2023\/06\/13\/pape-ale-se-prononce-sur-des-nouvelles-du-leader-de-pastef-ousmane-sonko\/"},"author":{"name":"LA REDACTION","@id":"https:\/\/www.public.sn\/#\/schema\/person\/cb76c8e1b8becc6be61fb5e92d6d0224"},"headline":"Pape Al\u00e9 se prononce sur des nouvelles du leader de Pastef Ousmane Sonko","datePublished":"2023-06-13T16:57:44+00:00","mainEntityOfPage":{"@id":"https:\/\/www.public.sn\/index.php\/2023\/06\/13\/pape-ale-se-prononce-sur-des-nouvelles-du-leader-de-pastef-ousmane-sonko\/"},"wordCount":217,"commentCount":0,"publisher":{"@id":"https:\/\/www.public.sn\/#organization"},"image":{"@id":"https:\/\/www.public.sn\/index.php\/2023\/06\/13\/pape-ale-se-prononce-sur-des-nouvelles-du-leader-de-pastef-ousmane-sonko\/#primaryimage"},"thumbnailUrl":"https:\/\/www.public.sn\/wp-content\/uploads\/2023\/06\/04e040bb0a52c72c5a13b35393f0f44a75546a17.jpeg","articleSection":["ACTUALIT\u00c9S","POLITIQUE"],"inLanguage":"fr-FR","potentialAction":[{"@type":"CommentAction","name":"Comment","target":["https:\/\/www.public.sn\/index.php\/2023\/06\/13\/pape-ale-se-prononce-sur-des-nouvelles-du-leader-de-pastef-ousmane-sonko\/#respond"]}]},{"@type":"WebPage","@id":"https:\/\/www.public.sn\/index.php\/2023\/06\/13\/pape-ale-se-prononce-sur-des-nouvelles-du-leader-de-pastef-ousmane-sonko\/","url":"https:\/\/www.public.sn\/index.php\/2023\/06\/13\/pape-ale-se-prononce-sur-des-nouvelles-du-leader-de-pastef-ousmane-sonko\/","name":"Pape Al\u00e9 se prononce sur des nouvelles du leader de Pastef Ousmane Sonko - LE PUBLIC","isPartOf":{"@id":"https:\/\/www.public.sn\/#website"},"primaryImageOfPage":{"@id":"https:\/\/www.public.sn\/index.php\/2023\/06\/13\/pape-ale-se-prononce-sur-des-nouvelles-du-leader-de-pastef-ousmane-sonko\/#primaryimage"},"image":{"@id":"https:\/\/www.public.sn\/index.php\/2023\/06\/13\/pape-ale-se-prononce-sur-des-nouvelles-du-leader-de-pastef-ousmane-sonko\/#primaryimage"},"thumbnailUrl":"https:\/\/www.public.sn\/wp-content\/uploads\/2023\/06\/04e040bb0a52c72c5a13b35393f0f44a75546a17.jpeg","datePublished":"2023-06-13T16:57:44+00:00","breadcrumb":{"@id":"https:\/\/www.public.sn\/index.php\/2023\/06\/13\/pape-ale-se-prononce-sur-des-nouvelles-du-leader-de-pastef-ousmane-sonko\/#breadcrumb"},"inLanguage":"fr-FR","potentialAction":[{"@type":"ReadAction","target":["https:\/\/www.public.sn\/index.php\/2023\/06\/13\/pape-ale-se-prononce-sur-des-nouvelles-du-leader-de-pastef-ousmane-sonko\/"]}]},{"@type":"ImageObject","inLanguage":"fr-FR","@id":"https:\/\/www.public.sn\/index.php\/2023\/06\/13\/pape-ale-se-prononce-sur-des-nouvelles-du-leader-de-pastef-ousmane-sonko\/#primaryimage","url":"https:\/\/www.public.sn\/wp-content\/uploads\/2023\/06\/04e040bb0a52c72c5a13b35393f0f44a75546a17.jpeg","contentUrl":"https:\/\/www.public.sn\/wp-content\/uploads\/2023\/06\/04e040bb0a52c72c5a13b35393f0f44a75546a17.jpeg","width":612,"height":298},{"@type":"BreadcrumbList","@id":"https:\/\/www.public.sn\/index.php\/2023\/06\/13\/pape-ale-se-prononce-sur-des-nouvelles-du-leader-de-pastef-ousmane-sonko\/#breadcrumb","itemListElement":[{"@type":"ListItem","position":1,"name":"Accueil","item":"https:\/\/www.public.sn\/"},{"@type":"ListItem","position":2,"name":"Pape Al\u00e9 se prononce sur des nouvelles du leader de Pastef Ousmane Sonko"}]},{"@type":"WebSite","@id":"https:\/\/www.public.sn\/#website","url":"https:\/\/www.public.sn\/","name":"LE PUBLIC","description":"","publisher":{"@id":"https:\/\/www.public.sn\/#organization"},"potentialAction":[{"@type":"SearchAction","target":{"@type":"EntryPoint","urlTemplate":"https:\/\/www.public.sn\/?s={search_term_string}"},"query-input":{"@type":"PropertyValueSpecification","valueRequired":true,"valueName":"search_term_string"}}],"inLanguage":"fr-FR"},{"@type":"Organization","@id":"https:\/\/www.public.sn\/#organization","name":"LE PUBLIC","url":"https:\/\/www.public.sn\/","logo":{"@type":"ImageObject","inLanguage":"fr-FR","@id":"https:\/\/www.public.sn\/#\/schema\/logo\/image\/","url":"https:\/\/www.public.sn\/wp-content\/uploads\/2024\/05\/cropped-LOGO-PUBLIC.SN_.png","contentUrl":"https:\/\/www.public.sn\/wp-content\/uploads\/2024\/05\/cropped-LOGO-PUBLIC.SN_.png","width":682,"height":192,"caption":"LE PUBLIC"},"image":{"@id":"https:\/\/www.public.sn\/#\/schema\/logo\/image\/"}},{"@type":"Person","@id":"https:\/\/www.public.sn\/#\/schema\/person\/cb76c8e1b8becc6be61fb5e92d6d0224","name":"LA REDACTION","image":{"@type":"ImageObject","inLanguage":"fr-FR","@id":"https:\/\/www.public.sn\/#\/schema\/person\/image\/","url":"https:\/\/secure.gravatar.com\/avatar\/2dce5ddd34b8fef0180efe03aa2a9bee7d953856048f9a16b298190a3178407c?s=96&d=mm&r=g","contentUrl":"https:\/\/secure.gravatar.com\/avatar\/2dce5ddd34b8fef0180efe03aa2a9bee7d953856048f9a16b298190a3178407c?s=96&d=mm&r=g","caption":"LA REDACTION"},"url":"https:\/\/www.public.sn\/index.php\/author\/editeurpsn\/"}]}},"jetpack_featured_media_url":"https:\/\/www.public.sn\/wp-content\/uploads\/2023\/06\/04e040bb0a52c72c5a13b35393f0f44a75546a17.jpeg","jetpack_sharing_enabled":true,"_links":{"self":[{"href":"https:\/\/www.public.sn\/index.php\/wp-json\/wp\/v2\/posts\/23555","targetHints":{"allow":["GET"]}}],"collection":[{"href":"https:\/\/www.public.sn\/index.php\/wp-json\/wp\/v2\/posts"}],"about":[{"href":"https:\/\/www.public.sn\/index.php\/wp-json\/wp\/v2\/types\/post"}],"author":[{"embeddable":true,"href":"https:\/\/www.public.sn\/index.php\/wp-json\/wp\/v2\/users\/7"}],"replies":[{"embeddable":true,"href":"https:\/\/www.public.sn\/index.php\/wp-json\/wp\/v2\/comments?post=23555"}],"version-history":[{"count":1,"href":"https:\/\/www.public.sn\/index.php\/wp-json\/wp\/v2\/posts\/23555\/revisions"}],"predecessor-version":[{"id":23557,"href":"https:\/\/www.public.sn\/index.php\/wp-json\/wp\/v2\/posts\/23555\/revisions\/23557"}],"wp:featuredmedia":[{"embeddable":true,"href":"https:\/\/www.public.sn\/index.php\/wp-json\/wp\/v2\/media\/23556"}],"wp:attachment":[{"href":"https:\/\/www.public.sn\/index.php\/wp-json\/wp\/v2\/media?parent=23555"}],"wp:term":[{"taxonomy":"category","embeddable":true,"href":"https:\/\/www.public.sn\/index.php\/wp-json\/wp\/v2\/categories?post=23555"},{"taxonomy":"post_tag","embeddable":true,"href":"https:\/\/www.public.sn\/index.php\/wp-json\/wp\/v2\/tags?post=23555"}],"curies":[{"name":"wp","href":"https:\/\/api.w.org\/{rel}","templated":true}]}}