{"id":23687,"date":"2023-06-15T10:38:37","date_gmt":"2023-06-15T10:38:37","guid":{"rendered":"https:\/\/www.public.sn\/?p=23687"},"modified":"2023-06-15T10:38:37","modified_gmt":"2023-06-15T10:38:37","slug":"inaccessibilite-a-la-cite-keur-korgui-chez-sonko-me-cire-cledor-ly-va-saisir-la-cedeao","status":"publish","type":"post","link":"https:\/\/www.public.sn\/index.php\/2023\/06\/15\/inaccessibilite-a-la-cite-keur-korgui-chez-sonko-me-cire-cledor-ly-va-saisir-la-cedeao\/","title":{"rendered":"Inaccessibilit\u00e9 \u00e0 la cit\u00e9 keur korgui chez Sonko : Me Cir\u00e9 Cl\u00e9dor Ly va saisir la CEDEAO"},"content":{"rendered":"<div><strong><span style=\"font-size: x-large;\">Les jours passent et le dispositif s\u00e9curitaire des forces de d\u00e9fense et de s\u00e9curit\u00e9 est toujours pr\u00e9sent \u00e0 la cit\u00e9 Keur Gorgui. Le leader du Pastef\u00a0 est toujours coup\u00e9 du monde depuis son arriv\u00e9 forc\u00e9 sur Dakar. Dans un communiqu\u00e9, Me Cir\u00e9 Cl\u00e9dor Ly, avocat et membre du collectif de d\u00e9fense d&rsquo;Ousmane Sonko, a d\u00e9nonc\u00e9 de \u00ab graves violations \u00bb des droits humains ainsi que des \u00ab entraves \u00bb \u00e0 l&rsquo;exercice de sa profession. Cette affaire a conduit \u00e0 la d\u00e9cision de saisir la Cour de Justice de la CEDEAO (Communaut\u00e9 \u00e9conomique des \u00c9tats de l&rsquo;Afrique de l&rsquo;Ouest).<\/span><\/strong><\/div>\n<div><\/div>\n<div><span style=\"font-size: x-large;\">d&rsquo;apr\u00e8s<\/span><span style=\"font-size: x-large;\">\u00a0son avocat , Me Cir\u00e9 Cl\u00e9dor Ly, les forces de d\u00e9fense et de s\u00e9curit\u00e9, plac\u00e9es sous l&rsquo;autorit\u00e9 du ministre de l&rsquo;Int\u00e9rieur, ont \u00e0 plusieurs reprises emp\u00each\u00e9 l&rsquo;acc\u00e8s \u00e0 son client, justifiant cette mesure par des instructions hi\u00e9rarchiques. L&rsquo;avocat affirme que ces entraves r\u00e9p\u00e9t\u00e9es \u00e0 la communication avec son client portent atteinte \u00e0 la libert\u00e9 de d\u00e9fense et \u00e0 l&rsquo;exercice de sa profession.<\/span><\/div>\n<div><\/div>\n<div><span style=\"font-size: x-large;\">\u00ab\u00a0Un avocat n&rsquo;a pas besoin de permission pour entrer en contact avec son client, et aucune limite ne peut \u00eatre impos\u00e9e \u00e0 l&rsquo;avocat pour acc\u00e9der \u00e0 son client qu&rsquo;il a librement choisi dans une soci\u00e9t\u00e9 d\u00e9mocratique\u00a0\u00bb, a d\u00e9clar\u00e9 Me Cir\u00e9 Cl\u00e9dor Ly.<\/span><\/div>\n<div><span style=\"font-size: x-large;\">Face \u00e0 ce qu&rsquo;il qualifie de graves atteintes aux droits humains et \u00e0 l&rsquo;exercice de la profession d&rsquo;avocat, Me Cir\u00e9 Cl\u00e9dor Ly a annonc\u00e9 la saisie de la CEDEAO. Il compte sur le soutien des nations d\u00e9mocratiques, des organisations de d\u00e9fense des droits de l&rsquo;homme et des instances internationales pour faire pression sur l&rsquo;\u00c9tat s\u00e9n\u00e9galais et mettre fin \u00e0 ces violations.<\/span><\/div>\n<div><strong>Lala RASSOUL<\/strong><\/div>\n<div class=\"publi-apres-le-contenu\" style=\"margin-top: 10px;margin-bottom: 10px;margin-left: auto;margin-right: auto;text-align: center;\" id=\"publi-426219503\"><div class=\"publi-adlabel\">Publicit\u00e9<\/div><script async src=\"\/\/pagead2.googlesyndication.com\/pagead\/js\/adsbygoogle.js?client=ca-pub-4089586018074219\" crossorigin=\"anonymous\"><\/script><ins class=\"adsbygoogle\" style=\"display:block;\" data-ad-client=\"ca-pub-4089586018074219\" \ndata-ad-slot=\"2087940154\" \ndata-ad-format=\"auto\"><\/ins>\n<script> \n(adsbygoogle = window.adsbygoogle || []).push({}); \n<\/script>\n<\/div>","protected":false},"excerpt":{"rendered":"<p>Les jours passent et le dispositif s\u00e9curitaire des forces de d\u00e9fense et de s\u00e9curit\u00e9 est toujours pr\u00e9sent \u00e0 la cit\u00e9 Keur Gorgui. Le leader du Pastef\u00a0 est toujours coup\u00e9 du monde depuis son arriv\u00e9 forc\u00e9 sur Dakar. Dans un communiqu\u00e9, Me Cir\u00e9 Cl\u00e9dor Ly, avocat et membre du collectif de d\u00e9fense d&rsquo;Ousmane Sonko, a d\u00e9nonc\u00e9 de \u00ab graves violations \u00bb des droits humains ainsi que des \u00ab entraves \u00bb \u00e0 l&rsquo;exercice de sa profession. Cette affaire a conduit \u00e0 la d\u00e9cision de saisir la Cour de Justice de la CEDEAO (Communaut\u00e9 \u00e9conomique des \u00c9tats de l&rsquo;Afrique de l&rsquo;Ouest). d&rsquo;apr\u00e8s\u00a0son avocat , Me Cir\u00e9 Cl\u00e9dor Ly, les forces de d\u00e9fense et de s\u00e9curit\u00e9, plac\u00e9es sous l&rsquo;autorit\u00e9 du ministre de l&rsquo;Int\u00e9rieur, ont \u00e0 plusieurs reprises emp\u00each\u00e9 l&rsquo;acc\u00e8s \u00e0 son client, justifiant cette mesure par des instructions hi\u00e9rarchiques. L&rsquo;avocat affirme que ces entraves r\u00e9p\u00e9t\u00e9es \u00e0 la communication avec son client portent atteinte \u00e0 la libert\u00e9 de d\u00e9fense et \u00e0 l&rsquo;exercice de sa profession. \u00ab\u00a0Un avocat n&rsquo;a pas besoin de permission pour entrer en contact avec son client, et aucune limite ne peut \u00eatre impos\u00e9e \u00e0 l&rsquo;avocat pour acc\u00e9der \u00e0 son client qu&rsquo;il a librement choisi dans une soci\u00e9t\u00e9 d\u00e9mocratique\u00a0\u00bb, a d\u00e9clar\u00e9 Me Cir\u00e9 Cl\u00e9dor Ly. Face \u00e0 ce qu&rsquo;il qualifie de graves atteintes aux droits humains et \u00e0 l&rsquo;exercice de la profession d&rsquo;avocat, Me Cir\u00e9 Cl\u00e9dor Ly a annonc\u00e9 la saisie de la CEDEAO. Il compte sur le soutien des nations d\u00e9mocratiques, des organisations de d\u00e9fense des droits de l&rsquo;homme et des instances internationales pour faire pression sur l&rsquo;\u00c9tat s\u00e9n\u00e9galais et mettre fin \u00e0 ces violations. Lala RASSOUL<\/p>\n","protected":false},"author":7,"featured_media":23688,"comment_status":"open","ping_status":"open","sticky":false,"template":"","format":"standard","meta":{"_jetpack_memberships_contains_paid_content":false,"footnotes":""},"categories":[375,3724,1],"tags":[],"class_list":["post-23687","post","type-post","status-publish","format-standard","has-post-thumbnail","hentry","category-actualites","category-justice","category-non-classe","entry","has-media","owp-thumbs-layout-horizontal","owp-btn-normal","owp-tabs-layout-horizontal","has-no-thumbnails","has-product-nav"],"yoast_head":"<!-- This site is optimized with the Yoast SEO plugin v25.5 - https:\/\/yoast.com\/wordpress\/plugins\/seo\/ -->\n<title>Inaccessibilit\u00e9 \u00e0 la cit\u00e9 keur korgui chez Sonko : Me Cir\u00e9 Cl\u00e9dor Ly va saisir la CEDEAO - LE PUBLIC<\/title>\n<meta name=\"robots\" content=\"index, follow, max-snippet:-1, max-image-preview:large, max-video-preview:-1\" \/>\n<link rel=\"canonical\" href=\"https:\/\/www.public.sn\/index.php\/2023\/06\/15\/inaccessibilite-a-la-cite-keur-korgui-chez-sonko-me-cire-cledor-ly-va-saisir-la-cedeao\/\" \/>\n<meta property=\"og:locale\" content=\"fr_FR\" \/>\n<meta property=\"og:type\" content=\"article\" \/>\n<meta property=\"og:title\" content=\"Inaccessibilit\u00e9 \u00e0 la cit\u00e9 keur korgui chez Sonko : Me Cir\u00e9 Cl\u00e9dor Ly va saisir la CEDEAO - LE PUBLIC\" \/>\n<meta property=\"og:description\" content=\"Les jours passent et le dispositif s\u00e9curitaire des forces de d\u00e9fense et de s\u00e9curit\u00e9 est toujours pr\u00e9sent \u00e0 la cit\u00e9 Keur Gorgui. Le leader du Pastef\u00a0 est toujours coup\u00e9 du monde depuis son arriv\u00e9 forc\u00e9 sur Dakar. Dans un communiqu\u00e9, Me Cir\u00e9 Cl\u00e9dor Ly, avocat et membre du collectif de d\u00e9fense d&rsquo;Ousmane Sonko, a d\u00e9nonc\u00e9 de \u00ab graves violations \u00bb des droits humains ainsi que des \u00ab entraves \u00bb \u00e0 l&rsquo;exercice de sa profession. Cette affaire a conduit \u00e0 la d\u00e9cision de saisir la Cour de Justice de la CEDEAO (Communaut\u00e9 \u00e9conomique des \u00c9tats de l&rsquo;Afrique de l&rsquo;Ouest). d&rsquo;apr\u00e8s\u00a0son avocat , Me Cir\u00e9 Cl\u00e9dor Ly, les forces de d\u00e9fense et de s\u00e9curit\u00e9, plac\u00e9es sous l&rsquo;autorit\u00e9 du ministre de l&rsquo;Int\u00e9rieur, ont \u00e0 plusieurs reprises emp\u00each\u00e9 l&rsquo;acc\u00e8s \u00e0 son client, justifiant cette mesure par des instructions hi\u00e9rarchiques. L&rsquo;avocat affirme que ces entraves r\u00e9p\u00e9t\u00e9es \u00e0 la communication avec son client portent atteinte \u00e0 la libert\u00e9 de d\u00e9fense et \u00e0 l&rsquo;exercice de sa profession. \u00ab\u00a0Un avocat n&rsquo;a pas besoin de permission pour entrer en contact avec son client, et aucune limite ne peut \u00eatre impos\u00e9e \u00e0 l&rsquo;avocat pour acc\u00e9der \u00e0 son client qu&rsquo;il a librement choisi dans une soci\u00e9t\u00e9 d\u00e9mocratique\u00a0\u00bb, a d\u00e9clar\u00e9 Me Cir\u00e9 Cl\u00e9dor Ly. Face \u00e0 ce qu&rsquo;il qualifie de graves atteintes aux droits humains et \u00e0 l&rsquo;exercice de la profession d&rsquo;avocat, Me Cir\u00e9 Cl\u00e9dor Ly a annonc\u00e9 la saisie de la CEDEAO. Il compte sur le soutien des nations d\u00e9mocratiques, des organisations de d\u00e9fense des droits de l&rsquo;homme et des instances internationales pour faire pression sur l&rsquo;\u00c9tat s\u00e9n\u00e9galais et mettre fin \u00e0 ces violations. Lala RASSOUL\" \/>\n<meta property=\"og:url\" content=\"https:\/\/www.public.sn\/index.php\/2023\/06\/15\/inaccessibilite-a-la-cite-keur-korgui-chez-sonko-me-cire-cledor-ly-va-saisir-la-cedeao\/\" \/>\n<meta property=\"og:site_name\" content=\"LE PUBLIC\" \/>\n<meta property=\"article:published_time\" content=\"2023-06-15T10:38:37+00:00\" \/>\n<meta property=\"og:image\" content=\"https:\/\/www.public.sn\/wp-content\/uploads\/2023\/06\/a5f7585b93566e6393562f102e5519190ab58edd.jpeg\" \/>\n\t<meta property=\"og:image:width\" content=\"612\" \/>\n\t<meta property=\"og:image:height\" content=\"298\" \/>\n\t<meta property=\"og:image:type\" content=\"image\/jpeg\" \/>\n<meta name=\"author\" content=\"LA REDACTION\" \/>\n<meta name=\"twitter:card\" content=\"summary_large_image\" \/>\n<meta name=\"twitter:label1\" content=\"\u00c9crit par\" \/>\n\t<meta name=\"twitter:data1\" content=\"LA REDACTION\" \/>\n\t<meta name=\"twitter:label2\" content=\"Dur\u00e9e de lecture estim\u00e9e\" \/>\n\t<meta name=\"twitter:data2\" content=\"2 minutes\" \/>\n<script type=\"application\/ld+json\" class=\"yoast-schema-graph\">{\"@context\":\"https:\/\/schema.org\",\"@graph\":[{\"@type\":\"Article\",\"@id\":\"https:\/\/www.public.sn\/index.php\/2023\/06\/15\/inaccessibilite-a-la-cite-keur-korgui-chez-sonko-me-cire-cledor-ly-va-saisir-la-cedeao\/#article\",\"isPartOf\":{\"@id\":\"https:\/\/www.public.sn\/index.php\/2023\/06\/15\/inaccessibilite-a-la-cite-keur-korgui-chez-sonko-me-cire-cledor-ly-va-saisir-la-cedeao\/\"},\"author\":{\"name\":\"LA REDACTION\",\"@id\":\"https:\/\/www.public.sn\/#\/schema\/person\/cb76c8e1b8becc6be61fb5e92d6d0224\"},\"headline\":\"Inaccessibilit\u00e9 \u00e0 la cit\u00e9 keur korgui chez Sonko : Me Cir\u00e9 Cl\u00e9dor Ly va saisir la CEDEAO\",\"datePublished\":\"2023-06-15T10:38:37+00:00\",\"mainEntityOfPage\":{\"@id\":\"https:\/\/www.public.sn\/index.php\/2023\/06\/15\/inaccessibilite-a-la-cite-keur-korgui-chez-sonko-me-cire-cledor-ly-va-saisir-la-cedeao\/\"},\"wordCount\":297,\"commentCount\":0,\"publisher\":{\"@id\":\"https:\/\/www.public.sn\/#organization\"},\"image\":{\"@id\":\"https:\/\/www.public.sn\/index.php\/2023\/06\/15\/inaccessibilite-a-la-cite-keur-korgui-chez-sonko-me-cire-cledor-ly-va-saisir-la-cedeao\/#primaryimage\"},\"thumbnailUrl\":\"https:\/\/www.public.sn\/wp-content\/uploads\/2023\/06\/a5f7585b93566e6393562f102e5519190ab58edd.jpeg\",\"articleSection\":[\"ACTUALIT\u00c9S\",\"justice\",\"S\u00c9N\u00c9GAL\"],\"inLanguage\":\"fr-FR\",\"potentialAction\":[{\"@type\":\"CommentAction\",\"name\":\"Comment\",\"target\":[\"https:\/\/www.public.sn\/index.php\/2023\/06\/15\/inaccessibilite-a-la-cite-keur-korgui-chez-sonko-me-cire-cledor-ly-va-saisir-la-cedeao\/#respond\"]}]},{\"@type\":\"WebPage\",\"@id\":\"https:\/\/www.public.sn\/index.php\/2023\/06\/15\/inaccessibilite-a-la-cite-keur-korgui-chez-sonko-me-cire-cledor-ly-va-saisir-la-cedeao\/\",\"url\":\"https:\/\/www.public.sn\/index.php\/2023\/06\/15\/inaccessibilite-a-la-cite-keur-korgui-chez-sonko-me-cire-cledor-ly-va-saisir-la-cedeao\/\",\"name\":\"Inaccessibilit\u00e9 \u00e0 la cit\u00e9 keur korgui chez Sonko : Me Cir\u00e9 Cl\u00e9dor Ly va saisir la CEDEAO - LE PUBLIC\",\"isPartOf\":{\"@id\":\"https:\/\/www.public.sn\/#website\"},\"primaryImageOfPage\":{\"@id\":\"https:\/\/www.public.sn\/index.php\/2023\/06\/15\/inaccessibilite-a-la-cite-keur-korgui-chez-sonko-me-cire-cledor-ly-va-saisir-la-cedeao\/#primaryimage\"},\"image\":{\"@id\":\"https:\/\/www.public.sn\/index.php\/2023\/06\/15\/inaccessibilite-a-la-cite-keur-korgui-chez-sonko-me-cire-cledor-ly-va-saisir-la-cedeao\/#primaryimage\"},\"thumbnailUrl\":\"https:\/\/www.public.sn\/wp-content\/uploads\/2023\/06\/a5f7585b93566e6393562f102e5519190ab58edd.jpeg\",\"datePublished\":\"2023-06-15T10:38:37+00:00\",\"breadcrumb\":{\"@id\":\"https:\/\/www.public.sn\/index.php\/2023\/06\/15\/inaccessibilite-a-la-cite-keur-korgui-chez-sonko-me-cire-cledor-ly-va-saisir-la-cedeao\/#breadcrumb\"},\"inLanguage\":\"fr-FR\",\"potentialAction\":[{\"@type\":\"ReadAction\",\"target\":[\"https:\/\/www.public.sn\/index.php\/2023\/06\/15\/inaccessibilite-a-la-cite-keur-korgui-chez-sonko-me-cire-cledor-ly-va-saisir-la-cedeao\/\"]}]},{\"@type\":\"ImageObject\",\"inLanguage\":\"fr-FR\",\"@id\":\"https:\/\/www.public.sn\/index.php\/2023\/06\/15\/inaccessibilite-a-la-cite-keur-korgui-chez-sonko-me-cire-cledor-ly-va-saisir-la-cedeao\/#primaryimage\",\"url\":\"https:\/\/www.public.sn\/wp-content\/uploads\/2023\/06\/a5f7585b93566e6393562f102e5519190ab58edd.jpeg\",\"contentUrl\":\"https:\/\/www.public.sn\/wp-content\/uploads\/2023\/06\/a5f7585b93566e6393562f102e5519190ab58edd.jpeg\",\"width\":612,\"height\":298},{\"@type\":\"BreadcrumbList\",\"@id\":\"https:\/\/www.public.sn\/index.php\/2023\/06\/15\/inaccessibilite-a-la-cite-keur-korgui-chez-sonko-me-cire-cledor-ly-va-saisir-la-cedeao\/#breadcrumb\",\"itemListElement\":[{\"@type\":\"ListItem\",\"position\":1,\"name\":\"Accueil\",\"item\":\"https:\/\/www.public.sn\/\"},{\"@type\":\"ListItem\",\"position\":2,\"name\":\"Inaccessibilit\u00e9 \u00e0 la cit\u00e9 keur korgui chez Sonko : Me Cir\u00e9 Cl\u00e9dor Ly va saisir la CEDEAO\"}]},{\"@type\":\"WebSite\",\"@id\":\"https:\/\/www.public.sn\/#website\",\"url\":\"https:\/\/www.public.sn\/\",\"name\":\"LE PUBLIC\",\"description\":\"\",\"publisher\":{\"@id\":\"https:\/\/www.public.sn\/#organization\"},\"potentialAction\":[{\"@type\":\"SearchAction\",\"target\":{\"@type\":\"EntryPoint\",\"urlTemplate\":\"https:\/\/www.public.sn\/?s={search_term_string}\"},\"query-input\":{\"@type\":\"PropertyValueSpecification\",\"valueRequired\":true,\"valueName\":\"search_term_string\"}}],\"inLanguage\":\"fr-FR\"},{\"@type\":\"Organization\",\"@id\":\"https:\/\/www.public.sn\/#organization\",\"name\":\"LE PUBLIC\",\"url\":\"https:\/\/www.public.sn\/\",\"logo\":{\"@type\":\"ImageObject\",\"inLanguage\":\"fr-FR\",\"@id\":\"https:\/\/www.public.sn\/#\/schema\/logo\/image\/\",\"url\":\"https:\/\/www.public.sn\/wp-content\/uploads\/2024\/05\/cropped-LOGO-PUBLIC.SN_.png\",\"contentUrl\":\"https:\/\/www.public.sn\/wp-content\/uploads\/2024\/05\/cropped-LOGO-PUBLIC.SN_.png\",\"width\":682,\"height\":192,\"caption\":\"LE PUBLIC\"},\"image\":{\"@id\":\"https:\/\/www.public.sn\/#\/schema\/logo\/image\/\"}},{\"@type\":\"Person\",\"@id\":\"https:\/\/www.public.sn\/#\/schema\/person\/cb76c8e1b8becc6be61fb5e92d6d0224\",\"name\":\"LA REDACTION\",\"image\":{\"@type\":\"ImageObject\",\"inLanguage\":\"fr-FR\",\"@id\":\"https:\/\/www.public.sn\/#\/schema\/person\/image\/\",\"url\":\"https:\/\/secure.gravatar.com\/avatar\/2dce5ddd34b8fef0180efe03aa2a9bee7d953856048f9a16b298190a3178407c?s=96&d=mm&r=g\",\"contentUrl\":\"https:\/\/secure.gravatar.com\/avatar\/2dce5ddd34b8fef0180efe03aa2a9bee7d953856048f9a16b298190a3178407c?s=96&d=mm&r=g\",\"caption\":\"LA REDACTION\"},\"url\":\"https:\/\/www.public.sn\/index.php\/author\/editeurpsn\/\"}]}<\/script>\n<!-- \/ Yoast SEO plugin. -->","yoast_head_json":{"title":"Inaccessibilit\u00e9 \u00e0 la cit\u00e9 keur korgui chez Sonko : Me Cir\u00e9 Cl\u00e9dor Ly va saisir la CEDEAO - LE PUBLIC","robots":{"index":"index","follow":"follow","max-snippet":"max-snippet:-1","max-image-preview":"max-image-preview:large","max-video-preview":"max-video-preview:-1"},"canonical":"https:\/\/www.public.sn\/index.php\/2023\/06\/15\/inaccessibilite-a-la-cite-keur-korgui-chez-sonko-me-cire-cledor-ly-va-saisir-la-cedeao\/","og_locale":"fr_FR","og_type":"article","og_title":"Inaccessibilit\u00e9 \u00e0 la cit\u00e9 keur korgui chez Sonko : Me Cir\u00e9 Cl\u00e9dor Ly va saisir la CEDEAO - LE PUBLIC","og_description":"Les jours passent et le dispositif s\u00e9curitaire des forces de d\u00e9fense et de s\u00e9curit\u00e9 est toujours pr\u00e9sent \u00e0 la cit\u00e9 Keur Gorgui. Le leader du Pastef\u00a0 est toujours coup\u00e9 du monde depuis son arriv\u00e9 forc\u00e9 sur Dakar. Dans un communiqu\u00e9, Me Cir\u00e9 Cl\u00e9dor Ly, avocat et membre du collectif de d\u00e9fense d&rsquo;Ousmane Sonko, a d\u00e9nonc\u00e9 de \u00ab graves violations \u00bb des droits humains ainsi que des \u00ab entraves \u00bb \u00e0 l&rsquo;exercice de sa profession. Cette affaire a conduit \u00e0 la d\u00e9cision de saisir la Cour de Justice de la CEDEAO (Communaut\u00e9 \u00e9conomique des \u00c9tats de l&rsquo;Afrique de l&rsquo;Ouest). d&rsquo;apr\u00e8s\u00a0son avocat , Me Cir\u00e9 Cl\u00e9dor Ly, les forces de d\u00e9fense et de s\u00e9curit\u00e9, plac\u00e9es sous l&rsquo;autorit\u00e9 du ministre de l&rsquo;Int\u00e9rieur, ont \u00e0 plusieurs reprises emp\u00each\u00e9 l&rsquo;acc\u00e8s \u00e0 son client, justifiant cette mesure par des instructions hi\u00e9rarchiques. L&rsquo;avocat affirme que ces entraves r\u00e9p\u00e9t\u00e9es \u00e0 la communication avec son client portent atteinte \u00e0 la libert\u00e9 de d\u00e9fense et \u00e0 l&rsquo;exercice de sa profession. \u00ab\u00a0Un avocat n&rsquo;a pas besoin de permission pour entrer en contact avec son client, et aucune limite ne peut \u00eatre impos\u00e9e \u00e0 l&rsquo;avocat pour acc\u00e9der \u00e0 son client qu&rsquo;il a librement choisi dans une soci\u00e9t\u00e9 d\u00e9mocratique\u00a0\u00bb, a d\u00e9clar\u00e9 Me Cir\u00e9 Cl\u00e9dor Ly. Face \u00e0 ce qu&rsquo;il qualifie de graves atteintes aux droits humains et \u00e0 l&rsquo;exercice de la profession d&rsquo;avocat, Me Cir\u00e9 Cl\u00e9dor Ly a annonc\u00e9 la saisie de la CEDEAO. Il compte sur le soutien des nations d\u00e9mocratiques, des organisations de d\u00e9fense des droits de l&rsquo;homme et des instances internationales pour faire pression sur l&rsquo;\u00c9tat s\u00e9n\u00e9galais et mettre fin \u00e0 ces violations. Lala RASSOUL","og_url":"https:\/\/www.public.sn\/index.php\/2023\/06\/15\/inaccessibilite-a-la-cite-keur-korgui-chez-sonko-me-cire-cledor-ly-va-saisir-la-cedeao\/","og_site_name":"LE PUBLIC","article_published_time":"2023-06-15T10:38:37+00:00","og_image":[{"width":612,"height":298,"url":"https:\/\/www.public.sn\/wp-content\/uploads\/2023\/06\/a5f7585b93566e6393562f102e5519190ab58edd.jpeg","type":"image\/jpeg"}],"author":"LA REDACTION","twitter_card":"summary_large_image","twitter_misc":{"\u00c9crit par":"LA REDACTION","Dur\u00e9e de lecture estim\u00e9e":"2 minutes"},"schema":{"@context":"https:\/\/schema.org","@graph":[{"@type":"Article","@id":"https:\/\/www.public.sn\/index.php\/2023\/06\/15\/inaccessibilite-a-la-cite-keur-korgui-chez-sonko-me-cire-cledor-ly-va-saisir-la-cedeao\/#article","isPartOf":{"@id":"https:\/\/www.public.sn\/index.php\/2023\/06\/15\/inaccessibilite-a-la-cite-keur-korgui-chez-sonko-me-cire-cledor-ly-va-saisir-la-cedeao\/"},"author":{"name":"LA REDACTION","@id":"https:\/\/www.public.sn\/#\/schema\/person\/cb76c8e1b8becc6be61fb5e92d6d0224"},"headline":"Inaccessibilit\u00e9 \u00e0 la cit\u00e9 keur korgui chez Sonko : Me Cir\u00e9 Cl\u00e9dor Ly va saisir la CEDEAO","datePublished":"2023-06-15T10:38:37+00:00","mainEntityOfPage":{"@id":"https:\/\/www.public.sn\/index.php\/2023\/06\/15\/inaccessibilite-a-la-cite-keur-korgui-chez-sonko-me-cire-cledor-ly-va-saisir-la-cedeao\/"},"wordCount":297,"commentCount":0,"publisher":{"@id":"https:\/\/www.public.sn\/#organization"},"image":{"@id":"https:\/\/www.public.sn\/index.php\/2023\/06\/15\/inaccessibilite-a-la-cite-keur-korgui-chez-sonko-me-cire-cledor-ly-va-saisir-la-cedeao\/#primaryimage"},"thumbnailUrl":"https:\/\/www.public.sn\/wp-content\/uploads\/2023\/06\/a5f7585b93566e6393562f102e5519190ab58edd.jpeg","articleSection":["ACTUALIT\u00c9S","justice","S\u00c9N\u00c9GAL"],"inLanguage":"fr-FR","potentialAction":[{"@type":"CommentAction","name":"Comment","target":["https:\/\/www.public.sn\/index.php\/2023\/06\/15\/inaccessibilite-a-la-cite-keur-korgui-chez-sonko-me-cire-cledor-ly-va-saisir-la-cedeao\/#respond"]}]},{"@type":"WebPage","@id":"https:\/\/www.public.sn\/index.php\/2023\/06\/15\/inaccessibilite-a-la-cite-keur-korgui-chez-sonko-me-cire-cledor-ly-va-saisir-la-cedeao\/","url":"https:\/\/www.public.sn\/index.php\/2023\/06\/15\/inaccessibilite-a-la-cite-keur-korgui-chez-sonko-me-cire-cledor-ly-va-saisir-la-cedeao\/","name":"Inaccessibilit\u00e9 \u00e0 la cit\u00e9 keur korgui chez Sonko : Me Cir\u00e9 Cl\u00e9dor Ly va saisir la CEDEAO - LE PUBLIC","isPartOf":{"@id":"https:\/\/www.public.sn\/#website"},"primaryImageOfPage":{"@id":"https:\/\/www.public.sn\/index.php\/2023\/06\/15\/inaccessibilite-a-la-cite-keur-korgui-chez-sonko-me-cire-cledor-ly-va-saisir-la-cedeao\/#primaryimage"},"image":{"@id":"https:\/\/www.public.sn\/index.php\/2023\/06\/15\/inaccessibilite-a-la-cite-keur-korgui-chez-sonko-me-cire-cledor-ly-va-saisir-la-cedeao\/#primaryimage"},"thumbnailUrl":"https:\/\/www.public.sn\/wp-content\/uploads\/2023\/06\/a5f7585b93566e6393562f102e5519190ab58edd.jpeg","datePublished":"2023-06-15T10:38:37+00:00","breadcrumb":{"@id":"https:\/\/www.public.sn\/index.php\/2023\/06\/15\/inaccessibilite-a-la-cite-keur-korgui-chez-sonko-me-cire-cledor-ly-va-saisir-la-cedeao\/#breadcrumb"},"inLanguage":"fr-FR","potentialAction":[{"@type":"ReadAction","target":["https:\/\/www.public.sn\/index.php\/2023\/06\/15\/inaccessibilite-a-la-cite-keur-korgui-chez-sonko-me-cire-cledor-ly-va-saisir-la-cedeao\/"]}]},{"@type":"ImageObject","inLanguage":"fr-FR","@id":"https:\/\/www.public.sn\/index.php\/2023\/06\/15\/inaccessibilite-a-la-cite-keur-korgui-chez-sonko-me-cire-cledor-ly-va-saisir-la-cedeao\/#primaryimage","url":"https:\/\/www.public.sn\/wp-content\/uploads\/2023\/06\/a5f7585b93566e6393562f102e5519190ab58edd.jpeg","contentUrl":"https:\/\/www.public.sn\/wp-content\/uploads\/2023\/06\/a5f7585b93566e6393562f102e5519190ab58edd.jpeg","width":612,"height":298},{"@type":"BreadcrumbList","@id":"https:\/\/www.public.sn\/index.php\/2023\/06\/15\/inaccessibilite-a-la-cite-keur-korgui-chez-sonko-me-cire-cledor-ly-va-saisir-la-cedeao\/#breadcrumb","itemListElement":[{"@type":"ListItem","position":1,"name":"Accueil","item":"https:\/\/www.public.sn\/"},{"@type":"ListItem","position":2,"name":"Inaccessibilit\u00e9 \u00e0 la cit\u00e9 keur korgui chez Sonko : Me Cir\u00e9 Cl\u00e9dor Ly va saisir la CEDEAO"}]},{"@type":"WebSite","@id":"https:\/\/www.public.sn\/#website","url":"https:\/\/www.public.sn\/","name":"LE PUBLIC","description":"","publisher":{"@id":"https:\/\/www.public.sn\/#organization"},"potentialAction":[{"@type":"SearchAction","target":{"@type":"EntryPoint","urlTemplate":"https:\/\/www.public.sn\/?s={search_term_string}"},"query-input":{"@type":"PropertyValueSpecification","valueRequired":true,"valueName":"search_term_string"}}],"inLanguage":"fr-FR"},{"@type":"Organization","@id":"https:\/\/www.public.sn\/#organization","name":"LE PUBLIC","url":"https:\/\/www.public.sn\/","logo":{"@type":"ImageObject","inLanguage":"fr-FR","@id":"https:\/\/www.public.sn\/#\/schema\/logo\/image\/","url":"https:\/\/www.public.sn\/wp-content\/uploads\/2024\/05\/cropped-LOGO-PUBLIC.SN_.png","contentUrl":"https:\/\/www.public.sn\/wp-content\/uploads\/2024\/05\/cropped-LOGO-PUBLIC.SN_.png","width":682,"height":192,"caption":"LE PUBLIC"},"image":{"@id":"https:\/\/www.public.sn\/#\/schema\/logo\/image\/"}},{"@type":"Person","@id":"https:\/\/www.public.sn\/#\/schema\/person\/cb76c8e1b8becc6be61fb5e92d6d0224","name":"LA REDACTION","image":{"@type":"ImageObject","inLanguage":"fr-FR","@id":"https:\/\/www.public.sn\/#\/schema\/person\/image\/","url":"https:\/\/secure.gravatar.com\/avatar\/2dce5ddd34b8fef0180efe03aa2a9bee7d953856048f9a16b298190a3178407c?s=96&d=mm&r=g","contentUrl":"https:\/\/secure.gravatar.com\/avatar\/2dce5ddd34b8fef0180efe03aa2a9bee7d953856048f9a16b298190a3178407c?s=96&d=mm&r=g","caption":"LA REDACTION"},"url":"https:\/\/www.public.sn\/index.php\/author\/editeurpsn\/"}]}},"jetpack_featured_media_url":"https:\/\/www.public.sn\/wp-content\/uploads\/2023\/06\/a5f7585b93566e6393562f102e5519190ab58edd.jpeg","jetpack_sharing_enabled":true,"_links":{"self":[{"href":"https:\/\/www.public.sn\/index.php\/wp-json\/wp\/v2\/posts\/23687","targetHints":{"allow":["GET"]}}],"collection":[{"href":"https:\/\/www.public.sn\/index.php\/wp-json\/wp\/v2\/posts"}],"about":[{"href":"https:\/\/www.public.sn\/index.php\/wp-json\/wp\/v2\/types\/post"}],"author":[{"embeddable":true,"href":"https:\/\/www.public.sn\/index.php\/wp-json\/wp\/v2\/users\/7"}],"replies":[{"embeddable":true,"href":"https:\/\/www.public.sn\/index.php\/wp-json\/wp\/v2\/comments?post=23687"}],"version-history":[{"count":1,"href":"https:\/\/www.public.sn\/index.php\/wp-json\/wp\/v2\/posts\/23687\/revisions"}],"predecessor-version":[{"id":23689,"href":"https:\/\/www.public.sn\/index.php\/wp-json\/wp\/v2\/posts\/23687\/revisions\/23689"}],"wp:featuredmedia":[{"embeddable":true,"href":"https:\/\/www.public.sn\/index.php\/wp-json\/wp\/v2\/media\/23688"}],"wp:attachment":[{"href":"https:\/\/www.public.sn\/index.php\/wp-json\/wp\/v2\/media?parent=23687"}],"wp:term":[{"taxonomy":"category","embeddable":true,"href":"https:\/\/www.public.sn\/index.php\/wp-json\/wp\/v2\/categories?post=23687"},{"taxonomy":"post_tag","embeddable":true,"href":"https:\/\/www.public.sn\/index.php\/wp-json\/wp\/v2\/tags?post=23687"}],"curies":[{"name":"wp","href":"https:\/\/api.w.org\/{rel}","templated":true}]}}