{"id":23870,"date":"2023-06-19T13:09:42","date_gmt":"2023-06-19T13:09:42","guid":{"rendered":"https:\/\/www.public.sn\/?p=23870"},"modified":"2023-06-19T12:50:48","modified_gmt":"2023-06-19T12:50:48","slug":"bresil-senegal-en-images-larrivee-des-lions-a-lisbonne","status":"publish","type":"post","link":"https:\/\/www.public.sn\/index.php\/2023\/06\/19\/bresil-senegal-en-images-larrivee-des-lions-a-lisbonne\/","title":{"rendered":"Br\u00e9sil-S\u00e9n\u00e9gal : en images l&rsquo;arriv\u00e9e des Lions \u00e0 Lisbonne"},"content":{"rendered":"<p><strong>\u00a0Plus de trois ans apr\u00e8s leur premi\u00e8re rencontre amicale (1-1), le S\u00e9n\u00e9gal et Br\u00e9sil se retrouvent ce mardi 20 \u00e0 Lisbonne (19h TU) pour un match de gala pour bien cl\u00f4turer la saison.<\/strong><\/p><div class=\"publi-paragraphe1\" style=\"margin-top: 10px;margin-bottom: 10px;margin-left: auto;margin-right: auto;text-align: center;\" id=\"publi-1126247328\"><div class=\"publi-adlabel\">Publicit\u00e9<\/div><script async src=\"\/\/pagead2.googlesyndication.com\/pagead\/js\/adsbygoogle.js?client=ca-pub-4089586018074219\" crossorigin=\"anonymous\"><\/script><ins class=\"adsbygoogle\" style=\"display:block;\" data-ad-client=\"ca-pub-4089586018074219\" \ndata-ad-slot=\"2087940154\" \ndata-ad-format=\"auto\"><\/ins>\n<script> \n(adsbygoogle = window.adsbygoogle || []).push({}); \n<\/script>\n<\/div>\n<p>D\u00e9j\u00e0 les Lions du S\u00e9n\u00e9gal sont arriv\u00e9s cette nuit \u00e0 Lisbonne. Ils tiendront leur premi\u00e8re et unique s\u00e9ance d\u2019entra\u00eenement ce lundi dans la capitale portugaise.<\/p>\n<p><img fetchpriority=\"high\" decoding=\"async\" class=\"alignnone size-full wp-image-23871\" src=\"https:\/\/www.public.sn\/wp-content\/uploads\/2023\/06\/fy-bbzpxsaaz-gk_8547.jpeg\" alt=\"\" width=\"1600\" height=\"1115\" srcset=\"https:\/\/www.public.sn\/wp-content\/uploads\/2023\/06\/fy-bbzpxsaaz-gk_8547.jpeg 1600w, https:\/\/www.public.sn\/wp-content\/uploads\/2023\/06\/fy-bbzpxsaaz-gk_8547-600x418.jpeg 600w, https:\/\/www.public.sn\/wp-content\/uploads\/2023\/06\/fy-bbzpxsaaz-gk_8547-300x209.jpeg 300w, https:\/\/www.public.sn\/wp-content\/uploads\/2023\/06\/fy-bbzpxsaaz-gk_8547-1024x714.jpeg 1024w, https:\/\/www.public.sn\/wp-content\/uploads\/2023\/06\/fy-bbzpxsaaz-gk_8547-768x535.jpeg 768w, https:\/\/www.public.sn\/wp-content\/uploads\/2023\/06\/fy-bbzpxsaaz-gk_8547-1536x1070.jpeg 1536w, https:\/\/www.public.sn\/wp-content\/uploads\/2023\/06\/fy-bbzpxsaaz-gk_8547-400x280.jpeg 400w\" sizes=\"(max-width: 1600px) 100vw, 1600px\" \/><\/p>\n<p><img decoding=\"async\" class=\"alignnone size-full wp-image-23872\" src=\"https:\/\/www.public.sn\/wp-content\/uploads\/2023\/06\/fy-bbzqwcaa7ich_8776.jpeg\" alt=\"\" width=\"1600\" height=\"1026\" srcset=\"https:\/\/www.public.sn\/wp-content\/uploads\/2023\/06\/fy-bbzqwcaa7ich_8776.jpeg 1600w, https:\/\/www.public.sn\/wp-content\/uploads\/2023\/06\/fy-bbzqwcaa7ich_8776-600x385.jpeg 600w, https:\/\/www.public.sn\/wp-content\/uploads\/2023\/06\/fy-bbzqwcaa7ich_8776-300x192.jpeg 300w, https:\/\/www.public.sn\/wp-content\/uploads\/2023\/06\/fy-bbzqwcaa7ich_8776-1024x657.jpeg 1024w, https:\/\/www.public.sn\/wp-content\/uploads\/2023\/06\/fy-bbzqwcaa7ich_8776-768x492.jpeg 768w, https:\/\/www.public.sn\/wp-content\/uploads\/2023\/06\/fy-bbzqwcaa7ich_8776-1536x985.jpeg 1536w\" sizes=\"(max-width: 1600px) 100vw, 1600px\" \/><\/p>\n<p><img decoding=\"async\" class=\"alignnone size-full wp-image-23873\" src=\"https:\/\/www.public.sn\/wp-content\/uploads\/2023\/06\/fy-bbzqwiaakt5m_8872.jpeg\" alt=\"\" width=\"1600\" height=\"1056\" srcset=\"https:\/\/www.public.sn\/wp-content\/uploads\/2023\/06\/fy-bbzqwiaakt5m_8872.jpeg 1600w, https:\/\/www.public.sn\/wp-content\/uploads\/2023\/06\/fy-bbzqwiaakt5m_8872-600x396.jpeg 600w, https:\/\/www.public.sn\/wp-content\/uploads\/2023\/06\/fy-bbzqwiaakt5m_8872-300x198.jpeg 300w, https:\/\/www.public.sn\/wp-content\/uploads\/2023\/06\/fy-bbzqwiaakt5m_8872-1024x676.jpeg 1024w, https:\/\/www.public.sn\/wp-content\/uploads\/2023\/06\/fy-bbzqwiaakt5m_8872-768x507.jpeg 768w, https:\/\/www.public.sn\/wp-content\/uploads\/2023\/06\/fy-bbzqwiaakt5m_8872-1536x1014.jpeg 1536w\" sizes=\"(max-width: 1600px) 100vw, 1600px\" \/><\/p>\n<p><img loading=\"lazy\" decoding=\"async\" class=\"alignnone size-full wp-image-23874\" src=\"https:\/\/www.public.sn\/wp-content\/uploads\/2023\/06\/fy-bbzrxsaazdwa_7514.jpeg\" alt=\"\" width=\"1600\" height=\"1032\" srcset=\"https:\/\/www.public.sn\/wp-content\/uploads\/2023\/06\/fy-bbzrxsaazdwa_7514.jpeg 1600w, https:\/\/www.public.sn\/wp-content\/uploads\/2023\/06\/fy-bbzrxsaazdwa_7514-600x387.jpeg 600w, https:\/\/www.public.sn\/wp-content\/uploads\/2023\/06\/fy-bbzrxsaazdwa_7514-300x194.jpeg 300w, https:\/\/www.public.sn\/wp-content\/uploads\/2023\/06\/fy-bbzrxsaazdwa_7514-1024x660.jpeg 1024w, https:\/\/www.public.sn\/wp-content\/uploads\/2023\/06\/fy-bbzrxsaazdwa_7514-768x495.jpeg 768w, https:\/\/www.public.sn\/wp-content\/uploads\/2023\/06\/fy-bbzrxsaazdwa_7514-1536x991.jpeg 1536w\" sizes=\"(max-width: 1600px) 100vw, 1600px\" \/><\/p>\n<div class=\"publi-apres-le-contenu\" style=\"margin-top: 10px;margin-bottom: 10px;margin-left: auto;margin-right: auto;text-align: center;\" id=\"publi-2857955595\"><div class=\"publi-adlabel\">Publicit\u00e9<\/div><script async src=\"\/\/pagead2.googlesyndication.com\/pagead\/js\/adsbygoogle.js?client=ca-pub-4089586018074219\" crossorigin=\"anonymous\"><\/script><ins class=\"adsbygoogle\" style=\"display:block;\" data-ad-client=\"ca-pub-4089586018074219\" \ndata-ad-slot=\"2087940154\" \ndata-ad-format=\"auto\"><\/ins>\n<script> \n(adsbygoogle = window.adsbygoogle || []).push({}); \n<\/script>\n<\/div>","protected":false},"excerpt":{"rendered":"<p>\u00a0Plus de trois ans apr\u00e8s leur premi\u00e8re rencontre amicale (1-1), le S\u00e9n\u00e9gal et Br\u00e9sil se retrouvent ce mardi 20 \u00e0 Lisbonne (19h TU) pour un match de gala pour bien cl\u00f4turer la saison. D\u00e9j\u00e0 les Lions du S\u00e9n\u00e9gal sont arriv\u00e9s cette nuit \u00e0 Lisbonne. Ils tiendront leur premi\u00e8re et unique s\u00e9ance d\u2019entra\u00eenement ce lundi dans la capitale portugaise.<\/p>\n","protected":false},"author":1,"featured_media":23873,"comment_status":"open","ping_status":"open","sticky":false,"template":"","format":"standard","meta":{"_jetpack_memberships_contains_paid_content":false,"footnotes":""},"categories":[375,3412,872,1,7],"tags":[65,5221,766],"class_list":["post-23870","post","type-post","status-publish","format-standard","has-post-thumbnail","hentry","category-actualites","category-football","category-photos","category-non-classe","category-sport","tag-bresil","tag-lisbonne","tag-senegal","entry","has-media","owp-thumbs-layout-horizontal","owp-btn-normal","owp-tabs-layout-horizontal","has-no-thumbnails","has-product-nav"],"yoast_head":"<!-- This site is optimized with the Yoast SEO plugin v25.5 - https:\/\/yoast.com\/wordpress\/plugins\/seo\/ -->\n<title>Br\u00e9sil-S\u00e9n\u00e9gal : en images l&#039;arriv\u00e9e des Lions \u00e0 Lisbonne - LE PUBLIC<\/title>\n<meta name=\"description\" content=\"\u00a0Plus de trois ans apr\u00e8s leur premi\u00e8re rencontre amicale (1-1), le S\u00e9n\u00e9gal et Br\u00e9sil se retrouvent ce mardi 20 \u00e0 Lisbonne (19h TU) pour un match de gala pour bien cl\u00f4turer la saison.\" \/>\n<meta name=\"robots\" content=\"index, follow, max-snippet:-1, max-image-preview:large, max-video-preview:-1\" \/>\n<link rel=\"canonical\" href=\"https:\/\/www.public.sn\/index.php\/2023\/06\/19\/bresil-senegal-en-images-larrivee-des-lions-a-lisbonne\/\" \/>\n<meta property=\"og:locale\" content=\"fr_FR\" \/>\n<meta property=\"og:type\" content=\"article\" \/>\n<meta property=\"og:title\" content=\"Br\u00e9sil-S\u00e9n\u00e9gal : en images l&#039;arriv\u00e9e des Lions \u00e0 Lisbonne - LE PUBLIC\" \/>\n<meta property=\"og:description\" content=\"\u00a0Plus de trois ans apr\u00e8s leur premi\u00e8re rencontre amicale (1-1), le S\u00e9n\u00e9gal et Br\u00e9sil se retrouvent ce mardi 20 \u00e0 Lisbonne (19h TU) pour un match de gala pour bien cl\u00f4turer la saison.\" \/>\n<meta property=\"og:url\" content=\"https:\/\/www.public.sn\/index.php\/2023\/06\/19\/bresil-senegal-en-images-larrivee-des-lions-a-lisbonne\/\" \/>\n<meta property=\"og:site_name\" content=\"LE PUBLIC\" \/>\n<meta property=\"article:published_time\" content=\"2023-06-19T13:09:42+00:00\" \/>\n<meta property=\"og:image\" content=\"https:\/\/www.public.sn\/wp-content\/uploads\/2023\/06\/fy-bbzqwiaakt5m_8872.jpeg\" \/>\n\t<meta property=\"og:image:width\" content=\"1600\" \/>\n\t<meta property=\"og:image:height\" content=\"1056\" \/>\n\t<meta property=\"og:image:type\" content=\"image\/jpeg\" \/>\n<meta name=\"author\" content=\"LA REDACTION\" \/>\n<meta name=\"twitter:card\" content=\"summary_large_image\" \/>\n<meta name=\"twitter:label1\" content=\"\u00c9crit par\" \/>\n\t<meta name=\"twitter:data1\" content=\"LA REDACTION\" \/>\n\t<meta name=\"twitter:label2\" content=\"Dur\u00e9e de lecture estim\u00e9e\" \/>\n\t<meta name=\"twitter:data2\" content=\"2 minutes\" \/>\n<script type=\"application\/ld+json\" class=\"yoast-schema-graph\">{\"@context\":\"https:\/\/schema.org\",\"@graph\":[{\"@type\":\"Article\",\"@id\":\"https:\/\/www.public.sn\/index.php\/2023\/06\/19\/bresil-senegal-en-images-larrivee-des-lions-a-lisbonne\/#article\",\"isPartOf\":{\"@id\":\"https:\/\/www.public.sn\/index.php\/2023\/06\/19\/bresil-senegal-en-images-larrivee-des-lions-a-lisbonne\/\"},\"author\":{\"name\":\"LA REDACTION\",\"@id\":\"https:\/\/www.public.sn\/#\/schema\/person\/e3f4a11b037d4203902db148f9bc8d5a\"},\"headline\":\"Br\u00e9sil-S\u00e9n\u00e9gal : en images l&rsquo;arriv\u00e9e des Lions \u00e0 Lisbonne\",\"datePublished\":\"2023-06-19T13:09:42+00:00\",\"mainEntityOfPage\":{\"@id\":\"https:\/\/www.public.sn\/index.php\/2023\/06\/19\/bresil-senegal-en-images-larrivee-des-lions-a-lisbonne\/\"},\"wordCount\":80,\"commentCount\":0,\"publisher\":{\"@id\":\"https:\/\/www.public.sn\/#organization\"},\"image\":{\"@id\":\"https:\/\/www.public.sn\/index.php\/2023\/06\/19\/bresil-senegal-en-images-larrivee-des-lions-a-lisbonne\/#primaryimage\"},\"thumbnailUrl\":\"https:\/\/www.public.sn\/wp-content\/uploads\/2023\/06\/fy-bbzqwiaakt5m_8872.jpeg\",\"keywords\":[\"Br\u00e9sil\",\"Lisbonne\",\"S\u00e9n\u00e9gal\"],\"articleSection\":[\"ACTUALIT\u00c9S\",\"FOOTBALL\",\"PHOTOS\",\"S\u00c9N\u00c9GAL\",\"SPORTS\"],\"inLanguage\":\"fr-FR\",\"potentialAction\":[{\"@type\":\"CommentAction\",\"name\":\"Comment\",\"target\":[\"https:\/\/www.public.sn\/index.php\/2023\/06\/19\/bresil-senegal-en-images-larrivee-des-lions-a-lisbonne\/#respond\"]}]},{\"@type\":\"WebPage\",\"@id\":\"https:\/\/www.public.sn\/index.php\/2023\/06\/19\/bresil-senegal-en-images-larrivee-des-lions-a-lisbonne\/\",\"url\":\"https:\/\/www.public.sn\/index.php\/2023\/06\/19\/bresil-senegal-en-images-larrivee-des-lions-a-lisbonne\/\",\"name\":\"Br\u00e9sil-S\u00e9n\u00e9gal : en images l'arriv\u00e9e des Lions \u00e0 Lisbonne - LE PUBLIC\",\"isPartOf\":{\"@id\":\"https:\/\/www.public.sn\/#website\"},\"primaryImageOfPage\":{\"@id\":\"https:\/\/www.public.sn\/index.php\/2023\/06\/19\/bresil-senegal-en-images-larrivee-des-lions-a-lisbonne\/#primaryimage\"},\"image\":{\"@id\":\"https:\/\/www.public.sn\/index.php\/2023\/06\/19\/bresil-senegal-en-images-larrivee-des-lions-a-lisbonne\/#primaryimage\"},\"thumbnailUrl\":\"https:\/\/www.public.sn\/wp-content\/uploads\/2023\/06\/fy-bbzqwiaakt5m_8872.jpeg\",\"datePublished\":\"2023-06-19T13:09:42+00:00\",\"description\":\"\u00a0Plus de trois ans apr\u00e8s leur premi\u00e8re rencontre amicale (1-1), le S\u00e9n\u00e9gal et Br\u00e9sil se retrouvent ce mardi 20 \u00e0 Lisbonne (19h TU) pour un match de gala pour bien cl\u00f4turer la saison.\",\"breadcrumb\":{\"@id\":\"https:\/\/www.public.sn\/index.php\/2023\/06\/19\/bresil-senegal-en-images-larrivee-des-lions-a-lisbonne\/#breadcrumb\"},\"inLanguage\":\"fr-FR\",\"potentialAction\":[{\"@type\":\"ReadAction\",\"target\":[\"https:\/\/www.public.sn\/index.php\/2023\/06\/19\/bresil-senegal-en-images-larrivee-des-lions-a-lisbonne\/\"]}]},{\"@type\":\"ImageObject\",\"inLanguage\":\"fr-FR\",\"@id\":\"https:\/\/www.public.sn\/index.php\/2023\/06\/19\/bresil-senegal-en-images-larrivee-des-lions-a-lisbonne\/#primaryimage\",\"url\":\"https:\/\/www.public.sn\/wp-content\/uploads\/2023\/06\/fy-bbzqwiaakt5m_8872.jpeg\",\"contentUrl\":\"https:\/\/www.public.sn\/wp-content\/uploads\/2023\/06\/fy-bbzqwiaakt5m_8872.jpeg\",\"width\":1600,\"height\":1056},{\"@type\":\"BreadcrumbList\",\"@id\":\"https:\/\/www.public.sn\/index.php\/2023\/06\/19\/bresil-senegal-en-images-larrivee-des-lions-a-lisbonne\/#breadcrumb\",\"itemListElement\":[{\"@type\":\"ListItem\",\"position\":1,\"name\":\"Accueil\",\"item\":\"https:\/\/www.public.sn\/\"},{\"@type\":\"ListItem\",\"position\":2,\"name\":\"Br\u00e9sil-S\u00e9n\u00e9gal : en images l&rsquo;arriv\u00e9e des Lions \u00e0 Lisbonne\"}]},{\"@type\":\"WebSite\",\"@id\":\"https:\/\/www.public.sn\/#website\",\"url\":\"https:\/\/www.public.sn\/\",\"name\":\"LE PUBLIC\",\"description\":\"\",\"publisher\":{\"@id\":\"https:\/\/www.public.sn\/#organization\"},\"potentialAction\":[{\"@type\":\"SearchAction\",\"target\":{\"@type\":\"EntryPoint\",\"urlTemplate\":\"https:\/\/www.public.sn\/?s={search_term_string}\"},\"query-input\":{\"@type\":\"PropertyValueSpecification\",\"valueRequired\":true,\"valueName\":\"search_term_string\"}}],\"inLanguage\":\"fr-FR\"},{\"@type\":\"Organization\",\"@id\":\"https:\/\/www.public.sn\/#organization\",\"name\":\"LE PUBLIC\",\"url\":\"https:\/\/www.public.sn\/\",\"logo\":{\"@type\":\"ImageObject\",\"inLanguage\":\"fr-FR\",\"@id\":\"https:\/\/www.public.sn\/#\/schema\/logo\/image\/\",\"url\":\"https:\/\/www.public.sn\/wp-content\/uploads\/2024\/05\/cropped-LOGO-PUBLIC.SN_.png\",\"contentUrl\":\"https:\/\/www.public.sn\/wp-content\/uploads\/2024\/05\/cropped-LOGO-PUBLIC.SN_.png\",\"width\":682,\"height\":192,\"caption\":\"LE PUBLIC\"},\"image\":{\"@id\":\"https:\/\/www.public.sn\/#\/schema\/logo\/image\/\"}},{\"@type\":\"Person\",\"@id\":\"https:\/\/www.public.sn\/#\/schema\/person\/e3f4a11b037d4203902db148f9bc8d5a\",\"name\":\"LA REDACTION\",\"image\":{\"@type\":\"ImageObject\",\"inLanguage\":\"fr-FR\",\"@id\":\"https:\/\/www.public.sn\/#\/schema\/person\/image\/\",\"url\":\"https:\/\/secure.gravatar.com\/avatar\/d6c030db45db2883c075085c5d6c6258654a801a93766b49af0b82d4f454e2a5?s=96&d=mm&r=g\",\"contentUrl\":\"https:\/\/secure.gravatar.com\/avatar\/d6c030db45db2883c075085c5d6c6258654a801a93766b49af0b82d4f454e2a5?s=96&d=mm&r=g\",\"caption\":\"LA REDACTION\"},\"sameAs\":[\"http:\/\/www.public.sn\"],\"url\":\"https:\/\/www.public.sn\/index.php\/author\/admin7324\/\"}]}<\/script>\n<!-- \/ Yoast SEO plugin. -->","yoast_head_json":{"title":"Br\u00e9sil-S\u00e9n\u00e9gal : en images l'arriv\u00e9e des Lions \u00e0 Lisbonne - LE PUBLIC","description":"\u00a0Plus de trois ans apr\u00e8s leur premi\u00e8re rencontre amicale (1-1), le S\u00e9n\u00e9gal et Br\u00e9sil se retrouvent ce mardi 20 \u00e0 Lisbonne (19h TU) pour un match de gala pour bien cl\u00f4turer la saison.","robots":{"index":"index","follow":"follow","max-snippet":"max-snippet:-1","max-image-preview":"max-image-preview:large","max-video-preview":"max-video-preview:-1"},"canonical":"https:\/\/www.public.sn\/index.php\/2023\/06\/19\/bresil-senegal-en-images-larrivee-des-lions-a-lisbonne\/","og_locale":"fr_FR","og_type":"article","og_title":"Br\u00e9sil-S\u00e9n\u00e9gal : en images l'arriv\u00e9e des Lions \u00e0 Lisbonne - LE PUBLIC","og_description":"\u00a0Plus de trois ans apr\u00e8s leur premi\u00e8re rencontre amicale (1-1), le S\u00e9n\u00e9gal et Br\u00e9sil se retrouvent ce mardi 20 \u00e0 Lisbonne (19h TU) pour un match de gala pour bien cl\u00f4turer la saison.","og_url":"https:\/\/www.public.sn\/index.php\/2023\/06\/19\/bresil-senegal-en-images-larrivee-des-lions-a-lisbonne\/","og_site_name":"LE PUBLIC","article_published_time":"2023-06-19T13:09:42+00:00","og_image":[{"width":1600,"height":1056,"url":"https:\/\/www.public.sn\/wp-content\/uploads\/2023\/06\/fy-bbzqwiaakt5m_8872.jpeg","type":"image\/jpeg"}],"author":"LA REDACTION","twitter_card":"summary_large_image","twitter_misc":{"\u00c9crit par":"LA REDACTION","Dur\u00e9e de lecture estim\u00e9e":"2 minutes"},"schema":{"@context":"https:\/\/schema.org","@graph":[{"@type":"Article","@id":"https:\/\/www.public.sn\/index.php\/2023\/06\/19\/bresil-senegal-en-images-larrivee-des-lions-a-lisbonne\/#article","isPartOf":{"@id":"https:\/\/www.public.sn\/index.php\/2023\/06\/19\/bresil-senegal-en-images-larrivee-des-lions-a-lisbonne\/"},"author":{"name":"LA REDACTION","@id":"https:\/\/www.public.sn\/#\/schema\/person\/e3f4a11b037d4203902db148f9bc8d5a"},"headline":"Br\u00e9sil-S\u00e9n\u00e9gal : en images l&rsquo;arriv\u00e9e des Lions \u00e0 Lisbonne","datePublished":"2023-06-19T13:09:42+00:00","mainEntityOfPage":{"@id":"https:\/\/www.public.sn\/index.php\/2023\/06\/19\/bresil-senegal-en-images-larrivee-des-lions-a-lisbonne\/"},"wordCount":80,"commentCount":0,"publisher":{"@id":"https:\/\/www.public.sn\/#organization"},"image":{"@id":"https:\/\/www.public.sn\/index.php\/2023\/06\/19\/bresil-senegal-en-images-larrivee-des-lions-a-lisbonne\/#primaryimage"},"thumbnailUrl":"https:\/\/www.public.sn\/wp-content\/uploads\/2023\/06\/fy-bbzqwiaakt5m_8872.jpeg","keywords":["Br\u00e9sil","Lisbonne","S\u00e9n\u00e9gal"],"articleSection":["ACTUALIT\u00c9S","FOOTBALL","PHOTOS","S\u00c9N\u00c9GAL","SPORTS"],"inLanguage":"fr-FR","potentialAction":[{"@type":"CommentAction","name":"Comment","target":["https:\/\/www.public.sn\/index.php\/2023\/06\/19\/bresil-senegal-en-images-larrivee-des-lions-a-lisbonne\/#respond"]}]},{"@type":"WebPage","@id":"https:\/\/www.public.sn\/index.php\/2023\/06\/19\/bresil-senegal-en-images-larrivee-des-lions-a-lisbonne\/","url":"https:\/\/www.public.sn\/index.php\/2023\/06\/19\/bresil-senegal-en-images-larrivee-des-lions-a-lisbonne\/","name":"Br\u00e9sil-S\u00e9n\u00e9gal : en images l'arriv\u00e9e des Lions \u00e0 Lisbonne - LE PUBLIC","isPartOf":{"@id":"https:\/\/www.public.sn\/#website"},"primaryImageOfPage":{"@id":"https:\/\/www.public.sn\/index.php\/2023\/06\/19\/bresil-senegal-en-images-larrivee-des-lions-a-lisbonne\/#primaryimage"},"image":{"@id":"https:\/\/www.public.sn\/index.php\/2023\/06\/19\/bresil-senegal-en-images-larrivee-des-lions-a-lisbonne\/#primaryimage"},"thumbnailUrl":"https:\/\/www.public.sn\/wp-content\/uploads\/2023\/06\/fy-bbzqwiaakt5m_8872.jpeg","datePublished":"2023-06-19T13:09:42+00:00","description":"\u00a0Plus de trois ans apr\u00e8s leur premi\u00e8re rencontre amicale (1-1), le S\u00e9n\u00e9gal et Br\u00e9sil se retrouvent ce mardi 20 \u00e0 Lisbonne (19h TU) pour un match de gala pour bien cl\u00f4turer la saison.","breadcrumb":{"@id":"https:\/\/www.public.sn\/index.php\/2023\/06\/19\/bresil-senegal-en-images-larrivee-des-lions-a-lisbonne\/#breadcrumb"},"inLanguage":"fr-FR","potentialAction":[{"@type":"ReadAction","target":["https:\/\/www.public.sn\/index.php\/2023\/06\/19\/bresil-senegal-en-images-larrivee-des-lions-a-lisbonne\/"]}]},{"@type":"ImageObject","inLanguage":"fr-FR","@id":"https:\/\/www.public.sn\/index.php\/2023\/06\/19\/bresil-senegal-en-images-larrivee-des-lions-a-lisbonne\/#primaryimage","url":"https:\/\/www.public.sn\/wp-content\/uploads\/2023\/06\/fy-bbzqwiaakt5m_8872.jpeg","contentUrl":"https:\/\/www.public.sn\/wp-content\/uploads\/2023\/06\/fy-bbzqwiaakt5m_8872.jpeg","width":1600,"height":1056},{"@type":"BreadcrumbList","@id":"https:\/\/www.public.sn\/index.php\/2023\/06\/19\/bresil-senegal-en-images-larrivee-des-lions-a-lisbonne\/#breadcrumb","itemListElement":[{"@type":"ListItem","position":1,"name":"Accueil","item":"https:\/\/www.public.sn\/"},{"@type":"ListItem","position":2,"name":"Br\u00e9sil-S\u00e9n\u00e9gal : en images l&rsquo;arriv\u00e9e des Lions \u00e0 Lisbonne"}]},{"@type":"WebSite","@id":"https:\/\/www.public.sn\/#website","url":"https:\/\/www.public.sn\/","name":"LE PUBLIC","description":"","publisher":{"@id":"https:\/\/www.public.sn\/#organization"},"potentialAction":[{"@type":"SearchAction","target":{"@type":"EntryPoint","urlTemplate":"https:\/\/www.public.sn\/?s={search_term_string}"},"query-input":{"@type":"PropertyValueSpecification","valueRequired":true,"valueName":"search_term_string"}}],"inLanguage":"fr-FR"},{"@type":"Organization","@id":"https:\/\/www.public.sn\/#organization","name":"LE PUBLIC","url":"https:\/\/www.public.sn\/","logo":{"@type":"ImageObject","inLanguage":"fr-FR","@id":"https:\/\/www.public.sn\/#\/schema\/logo\/image\/","url":"https:\/\/www.public.sn\/wp-content\/uploads\/2024\/05\/cropped-LOGO-PUBLIC.SN_.png","contentUrl":"https:\/\/www.public.sn\/wp-content\/uploads\/2024\/05\/cropped-LOGO-PUBLIC.SN_.png","width":682,"height":192,"caption":"LE PUBLIC"},"image":{"@id":"https:\/\/www.public.sn\/#\/schema\/logo\/image\/"}},{"@type":"Person","@id":"https:\/\/www.public.sn\/#\/schema\/person\/e3f4a11b037d4203902db148f9bc8d5a","name":"LA REDACTION","image":{"@type":"ImageObject","inLanguage":"fr-FR","@id":"https:\/\/www.public.sn\/#\/schema\/person\/image\/","url":"https:\/\/secure.gravatar.com\/avatar\/d6c030db45db2883c075085c5d6c6258654a801a93766b49af0b82d4f454e2a5?s=96&d=mm&r=g","contentUrl":"https:\/\/secure.gravatar.com\/avatar\/d6c030db45db2883c075085c5d6c6258654a801a93766b49af0b82d4f454e2a5?s=96&d=mm&r=g","caption":"LA REDACTION"},"sameAs":["http:\/\/www.public.sn"],"url":"https:\/\/www.public.sn\/index.php\/author\/admin7324\/"}]}},"jetpack_featured_media_url":"https:\/\/www.public.sn\/wp-content\/uploads\/2023\/06\/fy-bbzqwiaakt5m_8872.jpeg","jetpack_sharing_enabled":true,"_links":{"self":[{"href":"https:\/\/www.public.sn\/index.php\/wp-json\/wp\/v2\/posts\/23870","targetHints":{"allow":["GET"]}}],"collection":[{"href":"https:\/\/www.public.sn\/index.php\/wp-json\/wp\/v2\/posts"}],"about":[{"href":"https:\/\/www.public.sn\/index.php\/wp-json\/wp\/v2\/types\/post"}],"author":[{"embeddable":true,"href":"https:\/\/www.public.sn\/index.php\/wp-json\/wp\/v2\/users\/1"}],"replies":[{"embeddable":true,"href":"https:\/\/www.public.sn\/index.php\/wp-json\/wp\/v2\/comments?post=23870"}],"version-history":[{"count":1,"href":"https:\/\/www.public.sn\/index.php\/wp-json\/wp\/v2\/posts\/23870\/revisions"}],"predecessor-version":[{"id":23875,"href":"https:\/\/www.public.sn\/index.php\/wp-json\/wp\/v2\/posts\/23870\/revisions\/23875"}],"wp:featuredmedia":[{"embeddable":true,"href":"https:\/\/www.public.sn\/index.php\/wp-json\/wp\/v2\/media\/23873"}],"wp:attachment":[{"href":"https:\/\/www.public.sn\/index.php\/wp-json\/wp\/v2\/media?parent=23870"}],"wp:term":[{"taxonomy":"category","embeddable":true,"href":"https:\/\/www.public.sn\/index.php\/wp-json\/wp\/v2\/categories?post=23870"},{"taxonomy":"post_tag","embeddable":true,"href":"https:\/\/www.public.sn\/index.php\/wp-json\/wp\/v2\/tags?post=23870"}],"curies":[{"name":"wp","href":"https:\/\/api.w.org\/{rel}","templated":true}]}}