{"id":23952,"date":"2023-06-20T09:09:35","date_gmt":"2023-06-20T09:09:35","guid":{"rendered":"https:\/\/www.public.sn\/?p=23952"},"modified":"2023-06-20T09:09:35","modified_gmt":"2023-06-20T09:09:35","slug":"le-gouvernement-face-a-la-presse-ce-mardi","status":"publish","type":"post","link":"https:\/\/www.public.sn\/index.php\/2023\/06\/20\/le-gouvernement-face-a-la-presse-ce-mardi\/","title":{"rendered":"Le gouvernement face \u00e0 la presse ce mardi"},"content":{"rendered":"<p><strong>Apr\u00e8s leur premier point de presse sur les r\u00e9cents \u00e9meutes, le gouvernement va encore parler. Ce mardi \u00e0 10 heures , d&rsquo;autres ministres vont r\u00e9pondre aux questions des journalistes. La rencontre qui aura lieu \u00e0 la Primature va r\u00e9unir le ministre du Commerce, de la Consommation et des petites et moyennes entreprises, Porte-parole du Gouvernement, Abdou Karim Fofana, ainsi que de son coll\u00e8gue, le ministre du D\u00e9veloppement communautaire, de l&rsquo;\u00e9quit\u00e9 sociale et territoriale, Samba Ndiob\u00e9ne Ka, repr\u00e9sentant le Premier Ministre et ministre de l&rsquo;\u00c9levage.<\/strong><\/p><div class=\"publi-paragraphe1\" style=\"margin-top: 10px;margin-bottom: 10px;margin-left: auto;margin-right: auto;text-align: center;\" id=\"publi-430919813\"><div class=\"publi-adlabel\">Publicit\u00e9<\/div><script async src=\"\/\/pagead2.googlesyndication.com\/pagead\/js\/adsbygoogle.js?client=ca-pub-4089586018074219\" crossorigin=\"anonymous\"><\/script><ins class=\"adsbygoogle\" style=\"display:block;\" data-ad-client=\"ca-pub-4089586018074219\" \ndata-ad-slot=\"2087940154\" \ndata-ad-format=\"auto\"><\/ins>\n<script> \n(adsbygoogle = window.adsbygoogle || []).push({}); \n<\/script>\n<\/div>\n<p>L&rsquo;objectif de cette conf\u00e9rence de presse est de faire le point sur l&rsquo;approvisionnement du march\u00e9 en moutons et autres denr\u00e9es et produits de consommation courante, \u00e0 moins de 10 jours de la Tabaski.<\/p>\n<p>Au cours de cette rencontre, les ministres partageront les derni\u00e8res informations sur les mesures prises par le gouvernement pour assurer un approvisionnement ad\u00e9quat et r\u00e9pondre aux besoins de la population.<\/p>\n<p>Il faut noter que cette fois-ci les m\u00e9dias nationaux qui devront couvrir la rencontre sont cibl\u00e9s, si l&rsquo;on en croit \u00e0 la charg\u00e9e de communication du minist\u00e8re du Commerce, Ma\u00efmouna Sy.<\/p>\n<p>Pour rappel, lors de la derni\u00e8re sortie du gouvernement, le Pm Amadou B\u00e2 avait annonc\u00e9 que le gouvernement va tenir une conf\u00e9rence de presse chaque mois. Dans le cadre de cette nouvelle initiative, le gouvernement pr\u00e9voit aussi d&rsquo;organiser des rencontres hebdomadaires chaque jeudi, ce \u00e0 la suite du Conseil des ministres. Pour, renseigne-t-il, fournir des informations sur les d\u00e9cisions prises lors du Conseil des ministres, ainsi que de commenter l&rsquo;actualit\u00e9 nationale.<\/p>\n<div class=\"publi-apres-le-contenu\" style=\"margin-top: 10px;margin-bottom: 10px;margin-left: auto;margin-right: auto;text-align: center;\" id=\"publi-3684424951\"><div class=\"publi-adlabel\">Publicit\u00e9<\/div><script async src=\"\/\/pagead2.googlesyndication.com\/pagead\/js\/adsbygoogle.js?client=ca-pub-4089586018074219\" crossorigin=\"anonymous\"><\/script><ins class=\"adsbygoogle\" style=\"display:block;\" data-ad-client=\"ca-pub-4089586018074219\" \ndata-ad-slot=\"2087940154\" \ndata-ad-format=\"auto\"><\/ins>\n<script> \n(adsbygoogle = window.adsbygoogle || []).push({}); \n<\/script>\n<\/div>","protected":false},"excerpt":{"rendered":"<p>Apr\u00e8s leur premier point de presse sur les r\u00e9cents \u00e9meutes, le gouvernement va encore parler. Ce mardi \u00e0 10 heures , d&rsquo;autres ministres vont r\u00e9pondre aux questions des journalistes. La rencontre qui aura lieu \u00e0 la Primature va r\u00e9unir le ministre du Commerce, de la Consommation et des petites et moyennes entreprises, Porte-parole du Gouvernement, Abdou Karim Fofana, ainsi que de son coll\u00e8gue, le ministre du D\u00e9veloppement communautaire, de l&rsquo;\u00e9quit\u00e9 sociale et territoriale, Samba Ndiob\u00e9ne Ka, repr\u00e9sentant le Premier Ministre et ministre de l&rsquo;\u00c9levage. L&rsquo;objectif de cette conf\u00e9rence de presse est de faire le point sur l&rsquo;approvisionnement du march\u00e9 en moutons et autres denr\u00e9es et produits de consommation courante, \u00e0 moins de 10 jours de la Tabaski. Au cours de cette rencontre, les ministres partageront les derni\u00e8res informations sur les mesures prises par le gouvernement pour assurer un approvisionnement ad\u00e9quat et r\u00e9pondre aux besoins de la population. Il faut noter que cette fois-ci les m\u00e9dias nationaux qui devront couvrir la rencontre sont cibl\u00e9s, si l&rsquo;on en croit \u00e0 la charg\u00e9e de communication du minist\u00e8re du Commerce, Ma\u00efmouna Sy. Pour rappel, lors de la derni\u00e8re sortie du gouvernement, le Pm Amadou B\u00e2 avait annonc\u00e9 que le gouvernement va tenir une conf\u00e9rence de presse chaque mois. Dans le cadre de cette nouvelle initiative, le gouvernement pr\u00e9voit aussi d&rsquo;organiser des rencontres hebdomadaires chaque jeudi, ce \u00e0 la suite du Conseil des ministres. Pour, renseigne-t-il, fournir des informations sur les d\u00e9cisions prises lors du Conseil des ministres, ainsi que de commenter l&rsquo;actualit\u00e9 nationale.<\/p>\n","protected":false},"author":1,"featured_media":23953,"comment_status":"open","ping_status":"open","sticky":false,"template":"","format":"standard","meta":{"_jetpack_memberships_contains_paid_content":false,"footnotes":""},"categories":[375,9,3,1,372],"tags":[754,1828],"class_list":["post-23952","post","type-post","status-publish","format-standard","has-post-thumbnail","hentry","category-actualites","category-communique","category-politique","category-non-classe","category-vedette","tag-gouvernement","tag-presse","entry","has-media","owp-thumbs-layout-horizontal","owp-btn-normal","owp-tabs-layout-horizontal","has-no-thumbnails","has-product-nav"],"yoast_head":"<!-- This site is optimized with the Yoast SEO plugin v25.5 - https:\/\/yoast.com\/wordpress\/plugins\/seo\/ -->\n<title>Le gouvernement face \u00e0 la presse ce mardi - LE PUBLIC<\/title>\n<meta name=\"description\" content=\"Apr\u00e8s leur premier point de presse sur les r\u00e9cents \u00e9meutes, le gouvernement va encore parler. Ce mardi \u00e0 10 heures , d&#039;autres ministres vont r\u00e9pondre aux questions des journalistes. La rencontre qui aura lieu \u00e0 la Primature va r\u00e9unir le ministre du Commerce, de la Consommation et des petites et moyennes entreprises, Porte-parole du Gouvernement, Abdou Karim Fofana, ainsi que de son coll\u00e8gue, le ministre du D\u00e9veloppement communautaire, de l&#039;\u00e9quit\u00e9 sociale et territoriale, Samba Ndiob\u00e9ne Ka, repr\u00e9sentant le Premier Ministre et ministre de l&#039;\u00c9levage.\" \/>\n<meta name=\"robots\" content=\"index, follow, max-snippet:-1, max-image-preview:large, max-video-preview:-1\" \/>\n<link rel=\"canonical\" href=\"https:\/\/www.public.sn\/index.php\/2023\/06\/20\/le-gouvernement-face-a-la-presse-ce-mardi\/\" \/>\n<meta property=\"og:locale\" content=\"fr_FR\" \/>\n<meta property=\"og:type\" content=\"article\" \/>\n<meta property=\"og:title\" content=\"Le gouvernement face \u00e0 la presse ce mardi - LE PUBLIC\" \/>\n<meta property=\"og:description\" content=\"Apr\u00e8s leur premier point de presse sur les r\u00e9cents \u00e9meutes, le gouvernement va encore parler. Ce mardi \u00e0 10 heures , d&#039;autres ministres vont r\u00e9pondre aux questions des journalistes. La rencontre qui aura lieu \u00e0 la Primature va r\u00e9unir le ministre du Commerce, de la Consommation et des petites et moyennes entreprises, Porte-parole du Gouvernement, Abdou Karim Fofana, ainsi que de son coll\u00e8gue, le ministre du D\u00e9veloppement communautaire, de l&#039;\u00e9quit\u00e9 sociale et territoriale, Samba Ndiob\u00e9ne Ka, repr\u00e9sentant le Premier Ministre et ministre de l&#039;\u00c9levage.\" \/>\n<meta property=\"og:url\" content=\"https:\/\/www.public.sn\/index.php\/2023\/06\/20\/le-gouvernement-face-a-la-presse-ce-mardi\/\" \/>\n<meta property=\"og:site_name\" content=\"LE PUBLIC\" \/>\n<meta property=\"article:published_time\" content=\"2023-06-20T09:09:35+00:00\" \/>\n<meta property=\"og:image\" content=\"https:\/\/www.public.sn\/wp-content\/uploads\/2023\/06\/73604620-51214902.jpg\" \/>\n\t<meta property=\"og:image:width\" content=\"800\" \/>\n\t<meta property=\"og:image:height\" content=\"600\" \/>\n\t<meta property=\"og:image:type\" content=\"image\/jpeg\" \/>\n<meta name=\"author\" content=\"LA REDACTION\" \/>\n<meta name=\"twitter:card\" content=\"summary_large_image\" \/>\n<meta name=\"twitter:label1\" content=\"\u00c9crit par\" \/>\n\t<meta name=\"twitter:data1\" content=\"LA REDACTION\" \/>\n\t<meta name=\"twitter:label2\" content=\"Dur\u00e9e de lecture estim\u00e9e\" \/>\n\t<meta name=\"twitter:data2\" content=\"2 minutes\" \/>\n<script type=\"application\/ld+json\" class=\"yoast-schema-graph\">{\"@context\":\"https:\/\/schema.org\",\"@graph\":[{\"@type\":\"Article\",\"@id\":\"https:\/\/www.public.sn\/index.php\/2023\/06\/20\/le-gouvernement-face-a-la-presse-ce-mardi\/#article\",\"isPartOf\":{\"@id\":\"https:\/\/www.public.sn\/index.php\/2023\/06\/20\/le-gouvernement-face-a-la-presse-ce-mardi\/\"},\"author\":{\"name\":\"LA REDACTION\",\"@id\":\"https:\/\/www.public.sn\/#\/schema\/person\/e3f4a11b037d4203902db148f9bc8d5a\"},\"headline\":\"Le gouvernement face \u00e0 la presse ce mardi\",\"datePublished\":\"2023-06-20T09:09:35+00:00\",\"mainEntityOfPage\":{\"@id\":\"https:\/\/www.public.sn\/index.php\/2023\/06\/20\/le-gouvernement-face-a-la-presse-ce-mardi\/\"},\"wordCount\":272,\"commentCount\":0,\"publisher\":{\"@id\":\"https:\/\/www.public.sn\/#organization\"},\"image\":{\"@id\":\"https:\/\/www.public.sn\/index.php\/2023\/06\/20\/le-gouvernement-face-a-la-presse-ce-mardi\/#primaryimage\"},\"thumbnailUrl\":\"https:\/\/www.public.sn\/wp-content\/uploads\/2023\/06\/73604620-51214902.jpg\",\"keywords\":[\"Gouvernement\",\"presse\"],\"articleSection\":[\"ACTUALIT\u00c9S\",\"COMMUNIQU\u00c9\",\"POLITIQUE\",\"S\u00c9N\u00c9GAL\",\"VEDETTE\"],\"inLanguage\":\"fr-FR\",\"potentialAction\":[{\"@type\":\"CommentAction\",\"name\":\"Comment\",\"target\":[\"https:\/\/www.public.sn\/index.php\/2023\/06\/20\/le-gouvernement-face-a-la-presse-ce-mardi\/#respond\"]}]},{\"@type\":\"WebPage\",\"@id\":\"https:\/\/www.public.sn\/index.php\/2023\/06\/20\/le-gouvernement-face-a-la-presse-ce-mardi\/\",\"url\":\"https:\/\/www.public.sn\/index.php\/2023\/06\/20\/le-gouvernement-face-a-la-presse-ce-mardi\/\",\"name\":\"Le gouvernement face \u00e0 la presse ce mardi - LE PUBLIC\",\"isPartOf\":{\"@id\":\"https:\/\/www.public.sn\/#website\"},\"primaryImageOfPage\":{\"@id\":\"https:\/\/www.public.sn\/index.php\/2023\/06\/20\/le-gouvernement-face-a-la-presse-ce-mardi\/#primaryimage\"},\"image\":{\"@id\":\"https:\/\/www.public.sn\/index.php\/2023\/06\/20\/le-gouvernement-face-a-la-presse-ce-mardi\/#primaryimage\"},\"thumbnailUrl\":\"https:\/\/www.public.sn\/wp-content\/uploads\/2023\/06\/73604620-51214902.jpg\",\"datePublished\":\"2023-06-20T09:09:35+00:00\",\"description\":\"Apr\u00e8s leur premier point de presse sur les r\u00e9cents \u00e9meutes, le gouvernement va encore parler. Ce mardi \u00e0 10 heures , d'autres ministres vont r\u00e9pondre aux questions des journalistes. La rencontre qui aura lieu \u00e0 la Primature va r\u00e9unir le ministre du Commerce, de la Consommation et des petites et moyennes entreprises, Porte-parole du Gouvernement, Abdou Karim Fofana, ainsi que de son coll\u00e8gue, le ministre du D\u00e9veloppement communautaire, de l'\u00e9quit\u00e9 sociale et territoriale, Samba Ndiob\u00e9ne Ka, repr\u00e9sentant le Premier Ministre et ministre de l'\u00c9levage.\",\"breadcrumb\":{\"@id\":\"https:\/\/www.public.sn\/index.php\/2023\/06\/20\/le-gouvernement-face-a-la-presse-ce-mardi\/#breadcrumb\"},\"inLanguage\":\"fr-FR\",\"potentialAction\":[{\"@type\":\"ReadAction\",\"target\":[\"https:\/\/www.public.sn\/index.php\/2023\/06\/20\/le-gouvernement-face-a-la-presse-ce-mardi\/\"]}]},{\"@type\":\"ImageObject\",\"inLanguage\":\"fr-FR\",\"@id\":\"https:\/\/www.public.sn\/index.php\/2023\/06\/20\/le-gouvernement-face-a-la-presse-ce-mardi\/#primaryimage\",\"url\":\"https:\/\/www.public.sn\/wp-content\/uploads\/2023\/06\/73604620-51214902.jpg\",\"contentUrl\":\"https:\/\/www.public.sn\/wp-content\/uploads\/2023\/06\/73604620-51214902.jpg\",\"width\":800,\"height\":600},{\"@type\":\"BreadcrumbList\",\"@id\":\"https:\/\/www.public.sn\/index.php\/2023\/06\/20\/le-gouvernement-face-a-la-presse-ce-mardi\/#breadcrumb\",\"itemListElement\":[{\"@type\":\"ListItem\",\"position\":1,\"name\":\"Accueil\",\"item\":\"https:\/\/www.public.sn\/\"},{\"@type\":\"ListItem\",\"position\":2,\"name\":\"Le gouvernement face \u00e0 la presse ce mardi\"}]},{\"@type\":\"WebSite\",\"@id\":\"https:\/\/www.public.sn\/#website\",\"url\":\"https:\/\/www.public.sn\/\",\"name\":\"LE PUBLIC\",\"description\":\"\",\"publisher\":{\"@id\":\"https:\/\/www.public.sn\/#organization\"},\"potentialAction\":[{\"@type\":\"SearchAction\",\"target\":{\"@type\":\"EntryPoint\",\"urlTemplate\":\"https:\/\/www.public.sn\/?s={search_term_string}\"},\"query-input\":{\"@type\":\"PropertyValueSpecification\",\"valueRequired\":true,\"valueName\":\"search_term_string\"}}],\"inLanguage\":\"fr-FR\"},{\"@type\":\"Organization\",\"@id\":\"https:\/\/www.public.sn\/#organization\",\"name\":\"LE PUBLIC\",\"url\":\"https:\/\/www.public.sn\/\",\"logo\":{\"@type\":\"ImageObject\",\"inLanguage\":\"fr-FR\",\"@id\":\"https:\/\/www.public.sn\/#\/schema\/logo\/image\/\",\"url\":\"https:\/\/www.public.sn\/wp-content\/uploads\/2024\/05\/cropped-LOGO-PUBLIC.SN_.png\",\"contentUrl\":\"https:\/\/www.public.sn\/wp-content\/uploads\/2024\/05\/cropped-LOGO-PUBLIC.SN_.png\",\"width\":682,\"height\":192,\"caption\":\"LE PUBLIC\"},\"image\":{\"@id\":\"https:\/\/www.public.sn\/#\/schema\/logo\/image\/\"}},{\"@type\":\"Person\",\"@id\":\"https:\/\/www.public.sn\/#\/schema\/person\/e3f4a11b037d4203902db148f9bc8d5a\",\"name\":\"LA REDACTION\",\"image\":{\"@type\":\"ImageObject\",\"inLanguage\":\"fr-FR\",\"@id\":\"https:\/\/www.public.sn\/#\/schema\/person\/image\/\",\"url\":\"https:\/\/secure.gravatar.com\/avatar\/d6c030db45db2883c075085c5d6c6258654a801a93766b49af0b82d4f454e2a5?s=96&d=mm&r=g\",\"contentUrl\":\"https:\/\/secure.gravatar.com\/avatar\/d6c030db45db2883c075085c5d6c6258654a801a93766b49af0b82d4f454e2a5?s=96&d=mm&r=g\",\"caption\":\"LA REDACTION\"},\"sameAs\":[\"http:\/\/www.public.sn\"],\"url\":\"https:\/\/www.public.sn\/index.php\/author\/admin7324\/\"}]}<\/script>\n<!-- \/ Yoast SEO plugin. -->","yoast_head_json":{"title":"Le gouvernement face \u00e0 la presse ce mardi - LE PUBLIC","description":"Apr\u00e8s leur premier point de presse sur les r\u00e9cents \u00e9meutes, le gouvernement va encore parler. Ce mardi \u00e0 10 heures , d'autres ministres vont r\u00e9pondre aux questions des journalistes. La rencontre qui aura lieu \u00e0 la Primature va r\u00e9unir le ministre du Commerce, de la Consommation et des petites et moyennes entreprises, Porte-parole du Gouvernement, Abdou Karim Fofana, ainsi que de son coll\u00e8gue, le ministre du D\u00e9veloppement communautaire, de l'\u00e9quit\u00e9 sociale et territoriale, Samba Ndiob\u00e9ne Ka, repr\u00e9sentant le Premier Ministre et ministre de l'\u00c9levage.","robots":{"index":"index","follow":"follow","max-snippet":"max-snippet:-1","max-image-preview":"max-image-preview:large","max-video-preview":"max-video-preview:-1"},"canonical":"https:\/\/www.public.sn\/index.php\/2023\/06\/20\/le-gouvernement-face-a-la-presse-ce-mardi\/","og_locale":"fr_FR","og_type":"article","og_title":"Le gouvernement face \u00e0 la presse ce mardi - LE PUBLIC","og_description":"Apr\u00e8s leur premier point de presse sur les r\u00e9cents \u00e9meutes, le gouvernement va encore parler. Ce mardi \u00e0 10 heures , d'autres ministres vont r\u00e9pondre aux questions des journalistes. La rencontre qui aura lieu \u00e0 la Primature va r\u00e9unir le ministre du Commerce, de la Consommation et des petites et moyennes entreprises, Porte-parole du Gouvernement, Abdou Karim Fofana, ainsi que de son coll\u00e8gue, le ministre du D\u00e9veloppement communautaire, de l'\u00e9quit\u00e9 sociale et territoriale, Samba Ndiob\u00e9ne Ka, repr\u00e9sentant le Premier Ministre et ministre de l'\u00c9levage.","og_url":"https:\/\/www.public.sn\/index.php\/2023\/06\/20\/le-gouvernement-face-a-la-presse-ce-mardi\/","og_site_name":"LE PUBLIC","article_published_time":"2023-06-20T09:09:35+00:00","og_image":[{"width":800,"height":600,"url":"https:\/\/www.public.sn\/wp-content\/uploads\/2023\/06\/73604620-51214902.jpg","type":"image\/jpeg"}],"author":"LA REDACTION","twitter_card":"summary_large_image","twitter_misc":{"\u00c9crit par":"LA REDACTION","Dur\u00e9e de lecture estim\u00e9e":"2 minutes"},"schema":{"@context":"https:\/\/schema.org","@graph":[{"@type":"Article","@id":"https:\/\/www.public.sn\/index.php\/2023\/06\/20\/le-gouvernement-face-a-la-presse-ce-mardi\/#article","isPartOf":{"@id":"https:\/\/www.public.sn\/index.php\/2023\/06\/20\/le-gouvernement-face-a-la-presse-ce-mardi\/"},"author":{"name":"LA REDACTION","@id":"https:\/\/www.public.sn\/#\/schema\/person\/e3f4a11b037d4203902db148f9bc8d5a"},"headline":"Le gouvernement face \u00e0 la presse ce mardi","datePublished":"2023-06-20T09:09:35+00:00","mainEntityOfPage":{"@id":"https:\/\/www.public.sn\/index.php\/2023\/06\/20\/le-gouvernement-face-a-la-presse-ce-mardi\/"},"wordCount":272,"commentCount":0,"publisher":{"@id":"https:\/\/www.public.sn\/#organization"},"image":{"@id":"https:\/\/www.public.sn\/index.php\/2023\/06\/20\/le-gouvernement-face-a-la-presse-ce-mardi\/#primaryimage"},"thumbnailUrl":"https:\/\/www.public.sn\/wp-content\/uploads\/2023\/06\/73604620-51214902.jpg","keywords":["Gouvernement","presse"],"articleSection":["ACTUALIT\u00c9S","COMMUNIQU\u00c9","POLITIQUE","S\u00c9N\u00c9GAL","VEDETTE"],"inLanguage":"fr-FR","potentialAction":[{"@type":"CommentAction","name":"Comment","target":["https:\/\/www.public.sn\/index.php\/2023\/06\/20\/le-gouvernement-face-a-la-presse-ce-mardi\/#respond"]}]},{"@type":"WebPage","@id":"https:\/\/www.public.sn\/index.php\/2023\/06\/20\/le-gouvernement-face-a-la-presse-ce-mardi\/","url":"https:\/\/www.public.sn\/index.php\/2023\/06\/20\/le-gouvernement-face-a-la-presse-ce-mardi\/","name":"Le gouvernement face \u00e0 la presse ce mardi - LE PUBLIC","isPartOf":{"@id":"https:\/\/www.public.sn\/#website"},"primaryImageOfPage":{"@id":"https:\/\/www.public.sn\/index.php\/2023\/06\/20\/le-gouvernement-face-a-la-presse-ce-mardi\/#primaryimage"},"image":{"@id":"https:\/\/www.public.sn\/index.php\/2023\/06\/20\/le-gouvernement-face-a-la-presse-ce-mardi\/#primaryimage"},"thumbnailUrl":"https:\/\/www.public.sn\/wp-content\/uploads\/2023\/06\/73604620-51214902.jpg","datePublished":"2023-06-20T09:09:35+00:00","description":"Apr\u00e8s leur premier point de presse sur les r\u00e9cents \u00e9meutes, le gouvernement va encore parler. Ce mardi \u00e0 10 heures , d'autres ministres vont r\u00e9pondre aux questions des journalistes. La rencontre qui aura lieu \u00e0 la Primature va r\u00e9unir le ministre du Commerce, de la Consommation et des petites et moyennes entreprises, Porte-parole du Gouvernement, Abdou Karim Fofana, ainsi que de son coll\u00e8gue, le ministre du D\u00e9veloppement communautaire, de l'\u00e9quit\u00e9 sociale et territoriale, Samba Ndiob\u00e9ne Ka, repr\u00e9sentant le Premier Ministre et ministre de l'\u00c9levage.","breadcrumb":{"@id":"https:\/\/www.public.sn\/index.php\/2023\/06\/20\/le-gouvernement-face-a-la-presse-ce-mardi\/#breadcrumb"},"inLanguage":"fr-FR","potentialAction":[{"@type":"ReadAction","target":["https:\/\/www.public.sn\/index.php\/2023\/06\/20\/le-gouvernement-face-a-la-presse-ce-mardi\/"]}]},{"@type":"ImageObject","inLanguage":"fr-FR","@id":"https:\/\/www.public.sn\/index.php\/2023\/06\/20\/le-gouvernement-face-a-la-presse-ce-mardi\/#primaryimage","url":"https:\/\/www.public.sn\/wp-content\/uploads\/2023\/06\/73604620-51214902.jpg","contentUrl":"https:\/\/www.public.sn\/wp-content\/uploads\/2023\/06\/73604620-51214902.jpg","width":800,"height":600},{"@type":"BreadcrumbList","@id":"https:\/\/www.public.sn\/index.php\/2023\/06\/20\/le-gouvernement-face-a-la-presse-ce-mardi\/#breadcrumb","itemListElement":[{"@type":"ListItem","position":1,"name":"Accueil","item":"https:\/\/www.public.sn\/"},{"@type":"ListItem","position":2,"name":"Le gouvernement face \u00e0 la presse ce mardi"}]},{"@type":"WebSite","@id":"https:\/\/www.public.sn\/#website","url":"https:\/\/www.public.sn\/","name":"LE PUBLIC","description":"","publisher":{"@id":"https:\/\/www.public.sn\/#organization"},"potentialAction":[{"@type":"SearchAction","target":{"@type":"EntryPoint","urlTemplate":"https:\/\/www.public.sn\/?s={search_term_string}"},"query-input":{"@type":"PropertyValueSpecification","valueRequired":true,"valueName":"search_term_string"}}],"inLanguage":"fr-FR"},{"@type":"Organization","@id":"https:\/\/www.public.sn\/#organization","name":"LE PUBLIC","url":"https:\/\/www.public.sn\/","logo":{"@type":"ImageObject","inLanguage":"fr-FR","@id":"https:\/\/www.public.sn\/#\/schema\/logo\/image\/","url":"https:\/\/www.public.sn\/wp-content\/uploads\/2024\/05\/cropped-LOGO-PUBLIC.SN_.png","contentUrl":"https:\/\/www.public.sn\/wp-content\/uploads\/2024\/05\/cropped-LOGO-PUBLIC.SN_.png","width":682,"height":192,"caption":"LE PUBLIC"},"image":{"@id":"https:\/\/www.public.sn\/#\/schema\/logo\/image\/"}},{"@type":"Person","@id":"https:\/\/www.public.sn\/#\/schema\/person\/e3f4a11b037d4203902db148f9bc8d5a","name":"LA REDACTION","image":{"@type":"ImageObject","inLanguage":"fr-FR","@id":"https:\/\/www.public.sn\/#\/schema\/person\/image\/","url":"https:\/\/secure.gravatar.com\/avatar\/d6c030db45db2883c075085c5d6c6258654a801a93766b49af0b82d4f454e2a5?s=96&d=mm&r=g","contentUrl":"https:\/\/secure.gravatar.com\/avatar\/d6c030db45db2883c075085c5d6c6258654a801a93766b49af0b82d4f454e2a5?s=96&d=mm&r=g","caption":"LA REDACTION"},"sameAs":["http:\/\/www.public.sn"],"url":"https:\/\/www.public.sn\/index.php\/author\/admin7324\/"}]}},"jetpack_featured_media_url":"https:\/\/www.public.sn\/wp-content\/uploads\/2023\/06\/73604620-51214902.jpg","jetpack_sharing_enabled":true,"_links":{"self":[{"href":"https:\/\/www.public.sn\/index.php\/wp-json\/wp\/v2\/posts\/23952","targetHints":{"allow":["GET"]}}],"collection":[{"href":"https:\/\/www.public.sn\/index.php\/wp-json\/wp\/v2\/posts"}],"about":[{"href":"https:\/\/www.public.sn\/index.php\/wp-json\/wp\/v2\/types\/post"}],"author":[{"embeddable":true,"href":"https:\/\/www.public.sn\/index.php\/wp-json\/wp\/v2\/users\/1"}],"replies":[{"embeddable":true,"href":"https:\/\/www.public.sn\/index.php\/wp-json\/wp\/v2\/comments?post=23952"}],"version-history":[{"count":1,"href":"https:\/\/www.public.sn\/index.php\/wp-json\/wp\/v2\/posts\/23952\/revisions"}],"predecessor-version":[{"id":23954,"href":"https:\/\/www.public.sn\/index.php\/wp-json\/wp\/v2\/posts\/23952\/revisions\/23954"}],"wp:featuredmedia":[{"embeddable":true,"href":"https:\/\/www.public.sn\/index.php\/wp-json\/wp\/v2\/media\/23953"}],"wp:attachment":[{"href":"https:\/\/www.public.sn\/index.php\/wp-json\/wp\/v2\/media?parent=23952"}],"wp:term":[{"taxonomy":"category","embeddable":true,"href":"https:\/\/www.public.sn\/index.php\/wp-json\/wp\/v2\/categories?post=23952"},{"taxonomy":"post_tag","embeddable":true,"href":"https:\/\/www.public.sn\/index.php\/wp-json\/wp\/v2\/tags?post=23952"}],"curies":[{"name":"wp","href":"https:\/\/api.w.org\/{rel}","templated":true}]}}