{"id":23955,"date":"2023-06-20T09:31:36","date_gmt":"2023-06-20T09:31:36","guid":{"rendered":"https:\/\/www.public.sn\/?p=23955"},"modified":"2023-06-20T09:31:36","modified_gmt":"2023-06-20T09:31:36","slug":"necrologie-deces-de-el-hadji-ameth-sarr-ancien-edile-de-la-ville-de-mbour","status":"publish","type":"post","link":"https:\/\/www.public.sn\/index.php\/2023\/06\/20\/necrologie-deces-de-el-hadji-ameth-sarr-ancien-edile-de-la-ville-de-mbour\/","title":{"rendered":"N\u00e9crologie : d\u00e9c\u00e8s de El Hadji Ameth Sarr, ancien \u00e9dile de la ville de Mbour"},"content":{"rendered":"<p><strong>La capitale de la Petite c\u00f4te vient de perdre l\u2019un de ses plus valeureux fils. Ancien \u00e9dile de la ville, El Hadji Ameth Sarr a tir\u00e9 sa r\u00e9v\u00e9rence ce lundi 19 juin 2023.Une grosse perte pour Mbour et pour toute la Ummah islamique.<\/strong><\/p><div class=\"publi-paragraphe1\" style=\"margin-top: 10px;margin-bottom: 10px;margin-left: auto;margin-right: auto;text-align: center;\" id=\"publi-673260400\"><div class=\"publi-adlabel\">Publicit\u00e9<\/div><script async src=\"\/\/pagead2.googlesyndication.com\/pagead\/js\/adsbygoogle.js?client=ca-pub-4089586018074219\" crossorigin=\"anonymous\"><\/script><ins class=\"adsbygoogle\" style=\"display:block;\" data-ad-client=\"ca-pub-4089586018074219\" \ndata-ad-slot=\"2087940154\" \ndata-ad-format=\"auto\"><\/ins>\n<script> \n(adsbygoogle = window.adsbygoogle || []).push({}); \n<\/script>\n<\/div>\n<p>Premier magistrat de Mbour du 30 novembre 1972 au 19 mars 1978, El Hadji Ameth Sarr s\u2019est distingu\u00e9 \u00e0 la t\u00eate du Conseil municipal de Mbour par une gestion sobre et vertueuse salu\u00e9e unanimement par toutes les populations qui le citent toujours en r\u00e9f\u00e9rence dans le domaine.<\/p>\n<p>Dans l\u2019\u00e9quipe municipale qu\u2019il dirigeait avec brio, on pouvait compter d\u2019autres grandes figures politiques de la localit\u00e9 comme Joseph Malick Ndiaye son premier adjoint et Ndiam\u00e9 Mangon\u00e9 Ndir, son deuxi\u00e8me adjoint. Comme secr\u00e9taire municipal, il y avait \u00e0 la baguette Yatma Di\u00e8ye. Hadji Ameth Sarr a \u00e9t\u00e9 enterr\u00e9 ce lundi dans la ville sainte de Touba.<\/p>\n<div class=\"publi-apres-le-contenu\" style=\"margin-top: 10px;margin-bottom: 10px;margin-left: auto;margin-right: auto;text-align: center;\" id=\"publi-4282993623\"><div class=\"publi-adlabel\">Publicit\u00e9<\/div><script async src=\"\/\/pagead2.googlesyndication.com\/pagead\/js\/adsbygoogle.js?client=ca-pub-4089586018074219\" crossorigin=\"anonymous\"><\/script><ins class=\"adsbygoogle\" style=\"display:block;\" data-ad-client=\"ca-pub-4089586018074219\" \ndata-ad-slot=\"2087940154\" \ndata-ad-format=\"auto\"><\/ins>\n<script> \n(adsbygoogle = window.adsbygoogle || []).push({}); \n<\/script>\n<\/div>","protected":false},"excerpt":{"rendered":"<p>La capitale de la Petite c\u00f4te vient de perdre l\u2019un de ses plus valeureux fils. Ancien \u00e9dile de la ville, El Hadji Ameth Sarr a tir\u00e9 sa r\u00e9v\u00e9rence ce lundi 19 juin 2023.Une grosse perte pour Mbour et pour toute la Ummah islamique. Premier magistrat de Mbour du 30 novembre 1972 au 19 mars 1978, El Hadji Ameth Sarr s\u2019est distingu\u00e9 \u00e0 la t\u00eate du Conseil municipal de Mbour par une gestion sobre et vertueuse salu\u00e9e unanimement par toutes les populations qui le citent toujours en r\u00e9f\u00e9rence dans le domaine. Dans l\u2019\u00e9quipe municipale qu\u2019il dirigeait avec brio, on pouvait compter d\u2019autres grandes figures politiques de la localit\u00e9 comme Joseph Malick Ndiaye son premier adjoint et Ndiam\u00e9 Mangon\u00e9 Ndir, son deuxi\u00e8me adjoint. Comme secr\u00e9taire municipal, il y avait \u00e0 la baguette Yatma Di\u00e8ye. Hadji Ameth Sarr a \u00e9t\u00e9 enterr\u00e9 ce lundi dans la ville sainte de Touba.<\/p>\n","protected":false},"author":1,"featured_media":23957,"comment_status":"open","ping_status":"open","sticky":false,"template":"","format":"standard","meta":{"_jetpack_memberships_contains_paid_content":false,"footnotes":""},"categories":[375,371,1],"tags":[374,5232,899],"class_list":["post-23955","post","type-post","status-publish","format-standard","has-post-thumbnail","hentry","category-actualites","category-necrologie","category-non-classe","tag-deces","tag-el-hadji-ameth-sarr","tag-mbour","entry","has-media","owp-thumbs-layout-horizontal","owp-btn-normal","owp-tabs-layout-horizontal","has-no-thumbnails","has-product-nav"],"yoast_head":"<!-- This site is optimized with the Yoast SEO plugin v25.5 - https:\/\/yoast.com\/wordpress\/plugins\/seo\/ -->\n<title>N\u00e9crologie : d\u00e9c\u00e8s de El Hadji Ameth Sarr, ancien \u00e9dile de la ville de Mbour - LE PUBLIC<\/title>\n<meta name=\"description\" content=\"La capitale de la Petite c\u00f4te vient de perdre l\u2019un de ses plus valeureux fils. Ancien \u00e9dile de la ville, El Hadji Ameth Sarr a tir\u00e9 sa r\u00e9v\u00e9rence ce lundi 19 juin 2023.Une grosse perte pour Mbour et pour toute la Ummah islamique.\" \/>\n<meta name=\"robots\" content=\"index, follow, max-snippet:-1, max-image-preview:large, max-video-preview:-1\" \/>\n<link rel=\"canonical\" href=\"https:\/\/www.public.sn\/index.php\/2023\/06\/20\/necrologie-deces-de-el-hadji-ameth-sarr-ancien-edile-de-la-ville-de-mbour\/\" \/>\n<meta property=\"og:locale\" content=\"fr_FR\" \/>\n<meta property=\"og:type\" content=\"article\" \/>\n<meta property=\"og:title\" content=\"N\u00e9crologie : d\u00e9c\u00e8s de El Hadji Ameth Sarr, ancien \u00e9dile de la ville de Mbour - LE PUBLIC\" \/>\n<meta property=\"og:description\" content=\"La capitale de la Petite c\u00f4te vient de perdre l\u2019un de ses plus valeureux fils. Ancien \u00e9dile de la ville, El Hadji Ameth Sarr a tir\u00e9 sa r\u00e9v\u00e9rence ce lundi 19 juin 2023.Une grosse perte pour Mbour et pour toute la Ummah islamique.\" \/>\n<meta property=\"og:url\" content=\"https:\/\/www.public.sn\/index.php\/2023\/06\/20\/necrologie-deces-de-el-hadji-ameth-sarr-ancien-edile-de-la-ville-de-mbour\/\" \/>\n<meta property=\"og:site_name\" content=\"LE PUBLIC\" \/>\n<meta property=\"article:published_time\" content=\"2023-06-20T09:31:36+00:00\" \/>\n<meta property=\"og:image\" content=\"https:\/\/www.public.sn\/wp-content\/uploads\/2023\/06\/El-Hadji-Ameth-Sarr.jpg\" \/>\n\t<meta property=\"og:image:width\" content=\"1242\" \/>\n\t<meta property=\"og:image:height\" content=\"1221\" \/>\n\t<meta property=\"og:image:type\" content=\"image\/jpeg\" \/>\n<meta name=\"author\" content=\"LA REDACTION\" \/>\n<meta name=\"twitter:card\" content=\"summary_large_image\" \/>\n<meta name=\"twitter:label1\" content=\"\u00c9crit par\" \/>\n\t<meta name=\"twitter:data1\" content=\"LA REDACTION\" \/>\n\t<meta name=\"twitter:label2\" content=\"Dur\u00e9e de lecture estim\u00e9e\" \/>\n\t<meta name=\"twitter:data2\" content=\"1 minute\" \/>\n<script type=\"application\/ld+json\" class=\"yoast-schema-graph\">{\"@context\":\"https:\/\/schema.org\",\"@graph\":[{\"@type\":\"Article\",\"@id\":\"https:\/\/www.public.sn\/index.php\/2023\/06\/20\/necrologie-deces-de-el-hadji-ameth-sarr-ancien-edile-de-la-ville-de-mbour\/#article\",\"isPartOf\":{\"@id\":\"https:\/\/www.public.sn\/index.php\/2023\/06\/20\/necrologie-deces-de-el-hadji-ameth-sarr-ancien-edile-de-la-ville-de-mbour\/\"},\"author\":{\"name\":\"LA REDACTION\",\"@id\":\"https:\/\/www.public.sn\/#\/schema\/person\/e3f4a11b037d4203902db148f9bc8d5a\"},\"headline\":\"N\u00e9crologie : d\u00e9c\u00e8s de El Hadji Ameth Sarr, ancien \u00e9dile de la ville de Mbour\",\"datePublished\":\"2023-06-20T09:31:36+00:00\",\"mainEntityOfPage\":{\"@id\":\"https:\/\/www.public.sn\/index.php\/2023\/06\/20\/necrologie-deces-de-el-hadji-ameth-sarr-ancien-edile-de-la-ville-de-mbour\/\"},\"wordCount\":171,\"commentCount\":0,\"publisher\":{\"@id\":\"https:\/\/www.public.sn\/#organization\"},\"image\":{\"@id\":\"https:\/\/www.public.sn\/index.php\/2023\/06\/20\/necrologie-deces-de-el-hadji-ameth-sarr-ancien-edile-de-la-ville-de-mbour\/#primaryimage\"},\"thumbnailUrl\":\"https:\/\/www.public.sn\/wp-content\/uploads\/2023\/06\/El-Hadji-Ameth-Sarr.jpg\",\"keywords\":[\"d\u00e9c\u00e8s\",\"El Hadji Ameth Sarr\",\"Mbour\"],\"articleSection\":[\"ACTUALIT\u00c9S\",\"N\u00c9CROLOGIE\",\"S\u00c9N\u00c9GAL\"],\"inLanguage\":\"fr-FR\",\"potentialAction\":[{\"@type\":\"CommentAction\",\"name\":\"Comment\",\"target\":[\"https:\/\/www.public.sn\/index.php\/2023\/06\/20\/necrologie-deces-de-el-hadji-ameth-sarr-ancien-edile-de-la-ville-de-mbour\/#respond\"]}]},{\"@type\":\"WebPage\",\"@id\":\"https:\/\/www.public.sn\/index.php\/2023\/06\/20\/necrologie-deces-de-el-hadji-ameth-sarr-ancien-edile-de-la-ville-de-mbour\/\",\"url\":\"https:\/\/www.public.sn\/index.php\/2023\/06\/20\/necrologie-deces-de-el-hadji-ameth-sarr-ancien-edile-de-la-ville-de-mbour\/\",\"name\":\"N\u00e9crologie : d\u00e9c\u00e8s de El Hadji Ameth Sarr, ancien \u00e9dile de la ville de Mbour - LE PUBLIC\",\"isPartOf\":{\"@id\":\"https:\/\/www.public.sn\/#website\"},\"primaryImageOfPage\":{\"@id\":\"https:\/\/www.public.sn\/index.php\/2023\/06\/20\/necrologie-deces-de-el-hadji-ameth-sarr-ancien-edile-de-la-ville-de-mbour\/#primaryimage\"},\"image\":{\"@id\":\"https:\/\/www.public.sn\/index.php\/2023\/06\/20\/necrologie-deces-de-el-hadji-ameth-sarr-ancien-edile-de-la-ville-de-mbour\/#primaryimage\"},\"thumbnailUrl\":\"https:\/\/www.public.sn\/wp-content\/uploads\/2023\/06\/El-Hadji-Ameth-Sarr.jpg\",\"datePublished\":\"2023-06-20T09:31:36+00:00\",\"description\":\"La capitale de la Petite c\u00f4te vient de perdre l\u2019un de ses plus valeureux fils. Ancien \u00e9dile de la ville, El Hadji Ameth Sarr a tir\u00e9 sa r\u00e9v\u00e9rence ce lundi 19 juin 2023.Une grosse perte pour Mbour et pour toute la Ummah islamique.\",\"breadcrumb\":{\"@id\":\"https:\/\/www.public.sn\/index.php\/2023\/06\/20\/necrologie-deces-de-el-hadji-ameth-sarr-ancien-edile-de-la-ville-de-mbour\/#breadcrumb\"},\"inLanguage\":\"fr-FR\",\"potentialAction\":[{\"@type\":\"ReadAction\",\"target\":[\"https:\/\/www.public.sn\/index.php\/2023\/06\/20\/necrologie-deces-de-el-hadji-ameth-sarr-ancien-edile-de-la-ville-de-mbour\/\"]}]},{\"@type\":\"ImageObject\",\"inLanguage\":\"fr-FR\",\"@id\":\"https:\/\/www.public.sn\/index.php\/2023\/06\/20\/necrologie-deces-de-el-hadji-ameth-sarr-ancien-edile-de-la-ville-de-mbour\/#primaryimage\",\"url\":\"https:\/\/www.public.sn\/wp-content\/uploads\/2023\/06\/El-Hadji-Ameth-Sarr.jpg\",\"contentUrl\":\"https:\/\/www.public.sn\/wp-content\/uploads\/2023\/06\/El-Hadji-Ameth-Sarr.jpg\",\"width\":1242,\"height\":1221},{\"@type\":\"BreadcrumbList\",\"@id\":\"https:\/\/www.public.sn\/index.php\/2023\/06\/20\/necrologie-deces-de-el-hadji-ameth-sarr-ancien-edile-de-la-ville-de-mbour\/#breadcrumb\",\"itemListElement\":[{\"@type\":\"ListItem\",\"position\":1,\"name\":\"Accueil\",\"item\":\"https:\/\/www.public.sn\/\"},{\"@type\":\"ListItem\",\"position\":2,\"name\":\"N\u00e9crologie : d\u00e9c\u00e8s de El Hadji Ameth Sarr, ancien \u00e9dile de la ville de Mbour\"}]},{\"@type\":\"WebSite\",\"@id\":\"https:\/\/www.public.sn\/#website\",\"url\":\"https:\/\/www.public.sn\/\",\"name\":\"LE PUBLIC\",\"description\":\"\",\"publisher\":{\"@id\":\"https:\/\/www.public.sn\/#organization\"},\"potentialAction\":[{\"@type\":\"SearchAction\",\"target\":{\"@type\":\"EntryPoint\",\"urlTemplate\":\"https:\/\/www.public.sn\/?s={search_term_string}\"},\"query-input\":{\"@type\":\"PropertyValueSpecification\",\"valueRequired\":true,\"valueName\":\"search_term_string\"}}],\"inLanguage\":\"fr-FR\"},{\"@type\":\"Organization\",\"@id\":\"https:\/\/www.public.sn\/#organization\",\"name\":\"LE PUBLIC\",\"url\":\"https:\/\/www.public.sn\/\",\"logo\":{\"@type\":\"ImageObject\",\"inLanguage\":\"fr-FR\",\"@id\":\"https:\/\/www.public.sn\/#\/schema\/logo\/image\/\",\"url\":\"https:\/\/www.public.sn\/wp-content\/uploads\/2024\/05\/cropped-LOGO-PUBLIC.SN_.png\",\"contentUrl\":\"https:\/\/www.public.sn\/wp-content\/uploads\/2024\/05\/cropped-LOGO-PUBLIC.SN_.png\",\"width\":682,\"height\":192,\"caption\":\"LE PUBLIC\"},\"image\":{\"@id\":\"https:\/\/www.public.sn\/#\/schema\/logo\/image\/\"}},{\"@type\":\"Person\",\"@id\":\"https:\/\/www.public.sn\/#\/schema\/person\/e3f4a11b037d4203902db148f9bc8d5a\",\"name\":\"LA REDACTION\",\"image\":{\"@type\":\"ImageObject\",\"inLanguage\":\"fr-FR\",\"@id\":\"https:\/\/www.public.sn\/#\/schema\/person\/image\/\",\"url\":\"https:\/\/secure.gravatar.com\/avatar\/d6c030db45db2883c075085c5d6c6258654a801a93766b49af0b82d4f454e2a5?s=96&d=mm&r=g\",\"contentUrl\":\"https:\/\/secure.gravatar.com\/avatar\/d6c030db45db2883c075085c5d6c6258654a801a93766b49af0b82d4f454e2a5?s=96&d=mm&r=g\",\"caption\":\"LA REDACTION\"},\"sameAs\":[\"http:\/\/www.public.sn\"],\"url\":\"https:\/\/www.public.sn\/index.php\/author\/admin7324\/\"}]}<\/script>\n<!-- \/ Yoast SEO plugin. -->","yoast_head_json":{"title":"N\u00e9crologie : d\u00e9c\u00e8s de El Hadji Ameth Sarr, ancien \u00e9dile de la ville de Mbour - LE PUBLIC","description":"La capitale de la Petite c\u00f4te vient de perdre l\u2019un de ses plus valeureux fils. Ancien \u00e9dile de la ville, El Hadji Ameth Sarr a tir\u00e9 sa r\u00e9v\u00e9rence ce lundi 19 juin 2023.Une grosse perte pour Mbour et pour toute la Ummah islamique.","robots":{"index":"index","follow":"follow","max-snippet":"max-snippet:-1","max-image-preview":"max-image-preview:large","max-video-preview":"max-video-preview:-1"},"canonical":"https:\/\/www.public.sn\/index.php\/2023\/06\/20\/necrologie-deces-de-el-hadji-ameth-sarr-ancien-edile-de-la-ville-de-mbour\/","og_locale":"fr_FR","og_type":"article","og_title":"N\u00e9crologie : d\u00e9c\u00e8s de El Hadji Ameth Sarr, ancien \u00e9dile de la ville de Mbour - LE PUBLIC","og_description":"La capitale de la Petite c\u00f4te vient de perdre l\u2019un de ses plus valeureux fils. Ancien \u00e9dile de la ville, El Hadji Ameth Sarr a tir\u00e9 sa r\u00e9v\u00e9rence ce lundi 19 juin 2023.Une grosse perte pour Mbour et pour toute la Ummah islamique.","og_url":"https:\/\/www.public.sn\/index.php\/2023\/06\/20\/necrologie-deces-de-el-hadji-ameth-sarr-ancien-edile-de-la-ville-de-mbour\/","og_site_name":"LE PUBLIC","article_published_time":"2023-06-20T09:31:36+00:00","og_image":[{"width":1242,"height":1221,"url":"https:\/\/www.public.sn\/wp-content\/uploads\/2023\/06\/El-Hadji-Ameth-Sarr.jpg","type":"image\/jpeg"}],"author":"LA REDACTION","twitter_card":"summary_large_image","twitter_misc":{"\u00c9crit par":"LA REDACTION","Dur\u00e9e de lecture estim\u00e9e":"1 minute"},"schema":{"@context":"https:\/\/schema.org","@graph":[{"@type":"Article","@id":"https:\/\/www.public.sn\/index.php\/2023\/06\/20\/necrologie-deces-de-el-hadji-ameth-sarr-ancien-edile-de-la-ville-de-mbour\/#article","isPartOf":{"@id":"https:\/\/www.public.sn\/index.php\/2023\/06\/20\/necrologie-deces-de-el-hadji-ameth-sarr-ancien-edile-de-la-ville-de-mbour\/"},"author":{"name":"LA REDACTION","@id":"https:\/\/www.public.sn\/#\/schema\/person\/e3f4a11b037d4203902db148f9bc8d5a"},"headline":"N\u00e9crologie : d\u00e9c\u00e8s de El Hadji Ameth Sarr, ancien \u00e9dile de la ville de Mbour","datePublished":"2023-06-20T09:31:36+00:00","mainEntityOfPage":{"@id":"https:\/\/www.public.sn\/index.php\/2023\/06\/20\/necrologie-deces-de-el-hadji-ameth-sarr-ancien-edile-de-la-ville-de-mbour\/"},"wordCount":171,"commentCount":0,"publisher":{"@id":"https:\/\/www.public.sn\/#organization"},"image":{"@id":"https:\/\/www.public.sn\/index.php\/2023\/06\/20\/necrologie-deces-de-el-hadji-ameth-sarr-ancien-edile-de-la-ville-de-mbour\/#primaryimage"},"thumbnailUrl":"https:\/\/www.public.sn\/wp-content\/uploads\/2023\/06\/El-Hadji-Ameth-Sarr.jpg","keywords":["d\u00e9c\u00e8s","El Hadji Ameth Sarr","Mbour"],"articleSection":["ACTUALIT\u00c9S","N\u00c9CROLOGIE","S\u00c9N\u00c9GAL"],"inLanguage":"fr-FR","potentialAction":[{"@type":"CommentAction","name":"Comment","target":["https:\/\/www.public.sn\/index.php\/2023\/06\/20\/necrologie-deces-de-el-hadji-ameth-sarr-ancien-edile-de-la-ville-de-mbour\/#respond"]}]},{"@type":"WebPage","@id":"https:\/\/www.public.sn\/index.php\/2023\/06\/20\/necrologie-deces-de-el-hadji-ameth-sarr-ancien-edile-de-la-ville-de-mbour\/","url":"https:\/\/www.public.sn\/index.php\/2023\/06\/20\/necrologie-deces-de-el-hadji-ameth-sarr-ancien-edile-de-la-ville-de-mbour\/","name":"N\u00e9crologie : d\u00e9c\u00e8s de El Hadji Ameth Sarr, ancien \u00e9dile de la ville de Mbour - LE PUBLIC","isPartOf":{"@id":"https:\/\/www.public.sn\/#website"},"primaryImageOfPage":{"@id":"https:\/\/www.public.sn\/index.php\/2023\/06\/20\/necrologie-deces-de-el-hadji-ameth-sarr-ancien-edile-de-la-ville-de-mbour\/#primaryimage"},"image":{"@id":"https:\/\/www.public.sn\/index.php\/2023\/06\/20\/necrologie-deces-de-el-hadji-ameth-sarr-ancien-edile-de-la-ville-de-mbour\/#primaryimage"},"thumbnailUrl":"https:\/\/www.public.sn\/wp-content\/uploads\/2023\/06\/El-Hadji-Ameth-Sarr.jpg","datePublished":"2023-06-20T09:31:36+00:00","description":"La capitale de la Petite c\u00f4te vient de perdre l\u2019un de ses plus valeureux fils. Ancien \u00e9dile de la ville, El Hadji Ameth Sarr a tir\u00e9 sa r\u00e9v\u00e9rence ce lundi 19 juin 2023.Une grosse perte pour Mbour et pour toute la Ummah islamique.","breadcrumb":{"@id":"https:\/\/www.public.sn\/index.php\/2023\/06\/20\/necrologie-deces-de-el-hadji-ameth-sarr-ancien-edile-de-la-ville-de-mbour\/#breadcrumb"},"inLanguage":"fr-FR","potentialAction":[{"@type":"ReadAction","target":["https:\/\/www.public.sn\/index.php\/2023\/06\/20\/necrologie-deces-de-el-hadji-ameth-sarr-ancien-edile-de-la-ville-de-mbour\/"]}]},{"@type":"ImageObject","inLanguage":"fr-FR","@id":"https:\/\/www.public.sn\/index.php\/2023\/06\/20\/necrologie-deces-de-el-hadji-ameth-sarr-ancien-edile-de-la-ville-de-mbour\/#primaryimage","url":"https:\/\/www.public.sn\/wp-content\/uploads\/2023\/06\/El-Hadji-Ameth-Sarr.jpg","contentUrl":"https:\/\/www.public.sn\/wp-content\/uploads\/2023\/06\/El-Hadji-Ameth-Sarr.jpg","width":1242,"height":1221},{"@type":"BreadcrumbList","@id":"https:\/\/www.public.sn\/index.php\/2023\/06\/20\/necrologie-deces-de-el-hadji-ameth-sarr-ancien-edile-de-la-ville-de-mbour\/#breadcrumb","itemListElement":[{"@type":"ListItem","position":1,"name":"Accueil","item":"https:\/\/www.public.sn\/"},{"@type":"ListItem","position":2,"name":"N\u00e9crologie : d\u00e9c\u00e8s de El Hadji Ameth Sarr, ancien \u00e9dile de la ville de Mbour"}]},{"@type":"WebSite","@id":"https:\/\/www.public.sn\/#website","url":"https:\/\/www.public.sn\/","name":"LE PUBLIC","description":"","publisher":{"@id":"https:\/\/www.public.sn\/#organization"},"potentialAction":[{"@type":"SearchAction","target":{"@type":"EntryPoint","urlTemplate":"https:\/\/www.public.sn\/?s={search_term_string}"},"query-input":{"@type":"PropertyValueSpecification","valueRequired":true,"valueName":"search_term_string"}}],"inLanguage":"fr-FR"},{"@type":"Organization","@id":"https:\/\/www.public.sn\/#organization","name":"LE PUBLIC","url":"https:\/\/www.public.sn\/","logo":{"@type":"ImageObject","inLanguage":"fr-FR","@id":"https:\/\/www.public.sn\/#\/schema\/logo\/image\/","url":"https:\/\/www.public.sn\/wp-content\/uploads\/2024\/05\/cropped-LOGO-PUBLIC.SN_.png","contentUrl":"https:\/\/www.public.sn\/wp-content\/uploads\/2024\/05\/cropped-LOGO-PUBLIC.SN_.png","width":682,"height":192,"caption":"LE PUBLIC"},"image":{"@id":"https:\/\/www.public.sn\/#\/schema\/logo\/image\/"}},{"@type":"Person","@id":"https:\/\/www.public.sn\/#\/schema\/person\/e3f4a11b037d4203902db148f9bc8d5a","name":"LA REDACTION","image":{"@type":"ImageObject","inLanguage":"fr-FR","@id":"https:\/\/www.public.sn\/#\/schema\/person\/image\/","url":"https:\/\/secure.gravatar.com\/avatar\/d6c030db45db2883c075085c5d6c6258654a801a93766b49af0b82d4f454e2a5?s=96&d=mm&r=g","contentUrl":"https:\/\/secure.gravatar.com\/avatar\/d6c030db45db2883c075085c5d6c6258654a801a93766b49af0b82d4f454e2a5?s=96&d=mm&r=g","caption":"LA REDACTION"},"sameAs":["http:\/\/www.public.sn"],"url":"https:\/\/www.public.sn\/index.php\/author\/admin7324\/"}]}},"jetpack_featured_media_url":"https:\/\/www.public.sn\/wp-content\/uploads\/2023\/06\/El-Hadji-Ameth-Sarr.jpg","jetpack_sharing_enabled":true,"_links":{"self":[{"href":"https:\/\/www.public.sn\/index.php\/wp-json\/wp\/v2\/posts\/23955","targetHints":{"allow":["GET"]}}],"collection":[{"href":"https:\/\/www.public.sn\/index.php\/wp-json\/wp\/v2\/posts"}],"about":[{"href":"https:\/\/www.public.sn\/index.php\/wp-json\/wp\/v2\/types\/post"}],"author":[{"embeddable":true,"href":"https:\/\/www.public.sn\/index.php\/wp-json\/wp\/v2\/users\/1"}],"replies":[{"embeddable":true,"href":"https:\/\/www.public.sn\/index.php\/wp-json\/wp\/v2\/comments?post=23955"}],"version-history":[{"count":1,"href":"https:\/\/www.public.sn\/index.php\/wp-json\/wp\/v2\/posts\/23955\/revisions"}],"predecessor-version":[{"id":23958,"href":"https:\/\/www.public.sn\/index.php\/wp-json\/wp\/v2\/posts\/23955\/revisions\/23958"}],"wp:featuredmedia":[{"embeddable":true,"href":"https:\/\/www.public.sn\/index.php\/wp-json\/wp\/v2\/media\/23957"}],"wp:attachment":[{"href":"https:\/\/www.public.sn\/index.php\/wp-json\/wp\/v2\/media?parent=23955"}],"wp:term":[{"taxonomy":"category","embeddable":true,"href":"https:\/\/www.public.sn\/index.php\/wp-json\/wp\/v2\/categories?post=23955"},{"taxonomy":"post_tag","embeddable":true,"href":"https:\/\/www.public.sn\/index.php\/wp-json\/wp\/v2\/tags?post=23955"}],"curies":[{"name":"wp","href":"https:\/\/api.w.org\/{rel}","templated":true}]}}