{"id":23963,"date":"2023-06-20T12:07:58","date_gmt":"2023-06-20T12:07:58","guid":{"rendered":"https:\/\/www.public.sn\/?p=23963"},"modified":"2023-06-20T10:28:15","modified_gmt":"2023-06-20T10:28:15","slug":"manifestations-a-bignona-un-ancien-militaires-gambien-arrete","status":"publish","type":"post","link":"https:\/\/www.public.sn\/index.php\/2023\/06\/20\/manifestations-a-bignona-un-ancien-militaires-gambien-arrete\/","title":{"rendered":"Manifestations \u00e0 Bignona : un ancien militaires gambien arr\u00eat\u00e9"},"content":{"rendered":"<p><strong>L&rsquo;information est de L&rsquo;Observateur. Omar San\u00e9, ancien militaire gambien, surnomm\u00e9 Baytullah a \u00e9t\u00e9 arr\u00eat\u00e9 le 10 juin \u00e0 Bignona et mis \u00e0 la disposition de la Section de recherches de la gendarmerie de Colobane. Envoy\u00e9 chez le procureur hier, il a fait l\u2019objet d\u2019un retour de parquet.<\/strong><\/p><div class=\"publi-paragraphe1\" style=\"margin-top: 10px;margin-bottom: 10px;margin-left: auto;margin-right: auto;text-align: center;\" id=\"publi-377730345\"><div class=\"publi-adlabel\">Publicit\u00e9<\/div><script async src=\"\/\/pagead2.googlesyndication.com\/pagead\/js\/adsbygoogle.js?client=ca-pub-4089586018074219\" crossorigin=\"anonymous\"><\/script><ins class=\"adsbygoogle\" style=\"display:block;\" data-ad-client=\"ca-pub-4089586018074219\" \ndata-ad-slot=\"2087940154\" \ndata-ad-format=\"auto\"><\/ins>\n<script> \n(adsbygoogle = window.adsbygoogle || []).push({}); \n<\/script>\n<\/div>\n<p>Baytullah est poursuivi pour espionnage, complot et autres infractions contre l\u2019autorit\u00e9 de l\u2019\u00c9tat et l\u2019int\u00e9grit\u00e9 du territoire national, crimes tendant \u00e0 troubler l\u2019\u00c9tat, offense au chef de l\u2019\u00c9tat, diffusion de fausses nouvelles, offense \u00e0 un chef d\u2019\u00c9tat \u00e9tranger.<\/p>\n<p>Selon le journal, il lui est reproch\u00e9 des propos audio incendiaires dans lesquels il affirme, notamment, que l\u2019actuel pr\u00e9sident gambien, Adama Barrow, a \u00e9t\u00e9 irr\u00e9guli\u00e8rement install\u00e9 au pouvoir dans son pays avec la complicit\u00e9 du S\u00e9n\u00e9gal, tire sur le pr\u00e9sident Macky Sall, fustige les accords de paix entre le gouvernement et le MFDC et parle de Ousmane Sonko.<\/p>\n<p>D\u2019apr\u00e8s la m\u00eame source, Omar San\u00e9 a reconnu la paternit\u00e9 des enregistrements. \u00abOui, c\u2019est ma voix. C\u2019est tr\u00e8s r\u00e9cent, cela ne fait m\u00eame pas deux semaines, aurait-il confess\u00e9 face aux enqu\u00eateurs. J\u2019ai parl\u00e9 des \u00e9lections en Gambie. J\u2019ai dit que cela ne s\u2019\u00e9tait pas pass\u00e9 dans les r\u00e8gles de l\u2019art. Et c\u2019est la faute de l\u2019\u00c9tat du S\u00e9n\u00e9gal.\u00bb<\/p>\n<p>Baytullah, selon le journal, a poursuivi son r\u00e9cit : \u00abJ\u2019ai dit aussi que Ousmane Sonko \u00e9tait barricad\u00e9 chez lui (\u00e0 Ziguinchor, avant sa condamnation dans le proc\u00e8s Sweet Beaut\u00e9) et sous la protection divine. Ils ne pourront rien contre lui. Beaucoup de jeunes ont quitt\u00e9 le Fogny pour aller \u00e0 Bignona puis \u00e0 Ziguinchor chez Ousmane Sonko. Celui-ci ne s\u2019est jamais rendu en brousse pour des bains mystiques. Ce sont les marabouts qui viennent le voir chez lui.\u00bb<\/p>\n<p>L\u2019ancien militaire gambien d\u2019ajouter \u00e0 propos d\u2019un marabout qui, selon lui, rendait visite au pr\u00e9sident de Pastef : \u00abIl s\u2019agit de \u2018Pancras\u2019, le marabout de Yaya Jammeh. Il \u00e9tait avec lui lorsqu\u2019il s\u2019\u00e9tait barricad\u00e9 avec l\u2019aide des jeunes. Mais je vous signale que cela fait plus de 10 ans qu\u2019il sollicite des pri\u00e8res et fait des offrandes pour se pr\u00e9parer.\u00bb<\/p>\n<p>Le journal du groupe futurs m\u00e9dias rapporte qu\u2019\u00e0 la fin de ses confessions, Omar San\u00e9 a fait son mea culpa : \u00abComme vous dites que je n\u2019ai pas le droit de parler du S\u00e9n\u00e9gal, Donc, je suis fautif et je m\u2019en excuse.\u00bb<\/p>\n<div class=\"publi-apres-le-contenu\" style=\"margin-top: 10px;margin-bottom: 10px;margin-left: auto;margin-right: auto;text-align: center;\" id=\"publi-1225308549\"><div class=\"publi-adlabel\">Publicit\u00e9<\/div><script async src=\"\/\/pagead2.googlesyndication.com\/pagead\/js\/adsbygoogle.js?client=ca-pub-4089586018074219\" crossorigin=\"anonymous\"><\/script><ins class=\"adsbygoogle\" style=\"display:block;\" data-ad-client=\"ca-pub-4089586018074219\" \ndata-ad-slot=\"2087940154\" \ndata-ad-format=\"auto\"><\/ins>\n<script> \n(adsbygoogle = window.adsbygoogle || []).push({}); \n<\/script>\n<\/div>","protected":false},"excerpt":{"rendered":"<p>L&rsquo;information est de L&rsquo;Observateur. Omar San\u00e9, ancien militaire gambien, surnomm\u00e9 Baytullah a \u00e9t\u00e9 arr\u00eat\u00e9 le 10 juin \u00e0 Bignona et mis \u00e0 la disposition de la Section de recherches de la gendarmerie de Colobane. Envoy\u00e9 chez le procureur hier, il a fait l\u2019objet d\u2019un retour de parquet. Baytullah est poursuivi pour espionnage, complot et autres infractions contre l\u2019autorit\u00e9 de l\u2019\u00c9tat et l\u2019int\u00e9grit\u00e9 du territoire national, crimes tendant \u00e0 troubler l\u2019\u00c9tat, offense au chef de l\u2019\u00c9tat, diffusion de fausses nouvelles, offense \u00e0 un chef d\u2019\u00c9tat \u00e9tranger. Selon le journal, il lui est reproch\u00e9 des propos audio incendiaires dans lesquels il affirme, notamment, que l\u2019actuel pr\u00e9sident gambien, Adama Barrow, a \u00e9t\u00e9 irr\u00e9guli\u00e8rement install\u00e9 au pouvoir dans son pays avec la complicit\u00e9 du S\u00e9n\u00e9gal, tire sur le pr\u00e9sident Macky Sall, fustige les accords de paix entre le gouvernement et le MFDC et parle de Ousmane Sonko. D\u2019apr\u00e8s la m\u00eame source, Omar San\u00e9 a reconnu la paternit\u00e9 des enregistrements. \u00abOui, c\u2019est ma voix. C\u2019est tr\u00e8s r\u00e9cent, cela ne fait m\u00eame pas deux semaines, aurait-il confess\u00e9 face aux enqu\u00eateurs. J\u2019ai parl\u00e9 des \u00e9lections en Gambie. J\u2019ai dit que cela ne s\u2019\u00e9tait pas pass\u00e9 dans les r\u00e8gles de l\u2019art. Et c\u2019est la faute de l\u2019\u00c9tat du S\u00e9n\u00e9gal.\u00bb Baytullah, selon le journal, a poursuivi son r\u00e9cit : \u00abJ\u2019ai dit aussi que Ousmane Sonko \u00e9tait barricad\u00e9 chez lui (\u00e0 Ziguinchor, avant sa condamnation dans le proc\u00e8s Sweet Beaut\u00e9) et sous la protection divine. Ils ne pourront rien contre lui. Beaucoup de jeunes ont quitt\u00e9 le Fogny pour aller \u00e0 Bignona puis \u00e0 Ziguinchor chez Ousmane Sonko. Celui-ci ne s\u2019est jamais rendu en brousse pour des bains mystiques. Ce sont les marabouts qui viennent le voir chez lui.\u00bb L\u2019ancien militaire gambien d\u2019ajouter \u00e0 propos d\u2019un marabout qui, selon lui, rendait visite au pr\u00e9sident de Pastef : \u00abIl s\u2019agit de \u2018Pancras\u2019, le marabout de Yaya Jammeh. Il \u00e9tait avec lui lorsqu\u2019il s\u2019\u00e9tait barricad\u00e9 avec l\u2019aide des jeunes. Mais je vous signale que cela fait plus de 10 ans qu\u2019il sollicite des pri\u00e8res et fait des offrandes pour se pr\u00e9parer.\u00bb Le journal du groupe futurs m\u00e9dias rapporte qu\u2019\u00e0 la fin de ses confessions, Omar San\u00e9 a fait son mea culpa : \u00abComme vous dites que je n\u2019ai pas le droit de parler du S\u00e9n\u00e9gal, Donc, je suis fautif et je m\u2019en excuse.\u00bb<\/p>\n","protected":false},"author":1,"featured_media":18001,"comment_status":"open","ping_status":"open","sticky":false,"template":"","format":"standard","meta":{"_jetpack_memberships_contains_paid_content":false,"footnotes":""},"categories":[375,3,376,1,372],"tags":[3862,1103,5234],"class_list":["post-23963","post","type-post","status-publish","format-standard","has-post-thumbnail","hentry","category-actualites","category-politique","category-securite-justice","category-non-classe","category-vedette","tag-gambie","tag-militaire","tag-omar-sane","entry","has-media","owp-thumbs-layout-horizontal","owp-btn-normal","owp-tabs-layout-horizontal","has-no-thumbnails","has-product-nav"],"yoast_head":"<!-- This site is optimized with the Yoast SEO plugin v25.5 - https:\/\/yoast.com\/wordpress\/plugins\/seo\/ -->\n<title>Manifestations \u00e0 Bignona : un ancien militaires gambien arr\u00eat\u00e9 - LE PUBLIC<\/title>\n<meta name=\"description\" content=\"L&#039;information est de L&#039;Observateur. Omar San\u00e9, ancien militaire gambien, surnomm\u00e9 Baytullah a \u00e9t\u00e9 arr\u00eat\u00e9 le 10 juin \u00e0 Bignona et mis \u00e0 la disposition de la Section de recherches de la gendarmerie de Colobane. Envoy\u00e9 chez le procureur hier, il a fait l\u2019objet d\u2019un retour de parquet.\" \/>\n<meta name=\"robots\" content=\"index, follow, max-snippet:-1, max-image-preview:large, max-video-preview:-1\" \/>\n<link rel=\"canonical\" href=\"https:\/\/www.public.sn\/index.php\/2023\/06\/20\/manifestations-a-bignona-un-ancien-militaires-gambien-arrete\/\" \/>\n<meta property=\"og:locale\" content=\"fr_FR\" \/>\n<meta property=\"og:type\" content=\"article\" \/>\n<meta property=\"og:title\" content=\"Manifestations \u00e0 Bignona : un ancien militaires gambien arr\u00eat\u00e9 - LE PUBLIC\" \/>\n<meta property=\"og:description\" content=\"L&#039;information est de L&#039;Observateur. Omar San\u00e9, ancien militaire gambien, surnomm\u00e9 Baytullah a \u00e9t\u00e9 arr\u00eat\u00e9 le 10 juin \u00e0 Bignona et mis \u00e0 la disposition de la Section de recherches de la gendarmerie de Colobane. Envoy\u00e9 chez le procureur hier, il a fait l\u2019objet d\u2019un retour de parquet.\" \/>\n<meta property=\"og:url\" content=\"https:\/\/www.public.sn\/index.php\/2023\/06\/20\/manifestations-a-bignona-un-ancien-militaires-gambien-arrete\/\" \/>\n<meta property=\"og:site_name\" content=\"LE PUBLIC\" \/>\n<meta property=\"article:published_time\" content=\"2023-06-20T12:07:58+00:00\" \/>\n<meta property=\"og:image\" content=\"https:\/\/www.public.sn\/wp-content\/uploads\/2023\/03\/manifs.jpg\" \/>\n\t<meta property=\"og:image:width\" content=\"664\" \/>\n\t<meta property=\"og:image:height\" content=\"443\" \/>\n\t<meta property=\"og:image:type\" content=\"image\/jpeg\" \/>\n<meta name=\"author\" content=\"LA REDACTION\" \/>\n<meta name=\"twitter:card\" content=\"summary_large_image\" \/>\n<meta name=\"twitter:label1\" content=\"\u00c9crit par\" \/>\n\t<meta name=\"twitter:data1\" content=\"LA REDACTION\" \/>\n\t<meta name=\"twitter:label2\" content=\"Dur\u00e9e de lecture estim\u00e9e\" \/>\n\t<meta name=\"twitter:data2\" content=\"2 minutes\" \/>\n<script type=\"application\/ld+json\" class=\"yoast-schema-graph\">{\"@context\":\"https:\/\/schema.org\",\"@graph\":[{\"@type\":\"Article\",\"@id\":\"https:\/\/www.public.sn\/index.php\/2023\/06\/20\/manifestations-a-bignona-un-ancien-militaires-gambien-arrete\/#article\",\"isPartOf\":{\"@id\":\"https:\/\/www.public.sn\/index.php\/2023\/06\/20\/manifestations-a-bignona-un-ancien-militaires-gambien-arrete\/\"},\"author\":{\"name\":\"LA REDACTION\",\"@id\":\"https:\/\/www.public.sn\/#\/schema\/person\/e3f4a11b037d4203902db148f9bc8d5a\"},\"headline\":\"Manifestations \u00e0 Bignona : un ancien militaires gambien arr\u00eat\u00e9\",\"datePublished\":\"2023-06-20T12:07:58+00:00\",\"mainEntityOfPage\":{\"@id\":\"https:\/\/www.public.sn\/index.php\/2023\/06\/20\/manifestations-a-bignona-un-ancien-militaires-gambien-arrete\/\"},\"wordCount\":431,\"commentCount\":0,\"publisher\":{\"@id\":\"https:\/\/www.public.sn\/#organization\"},\"image\":{\"@id\":\"https:\/\/www.public.sn\/index.php\/2023\/06\/20\/manifestations-a-bignona-un-ancien-militaires-gambien-arrete\/#primaryimage\"},\"thumbnailUrl\":\"https:\/\/www.public.sn\/wp-content\/uploads\/2023\/03\/manifs.jpg\",\"keywords\":[\"Gambie\",\"Militaire\",\"Omar San\u00e9\"],\"articleSection\":[\"ACTUALIT\u00c9S\",\"POLITIQUE\",\"S\u00c9CURIT\u00c9 &amp; JUSTICE\",\"S\u00c9N\u00c9GAL\",\"VEDETTE\"],\"inLanguage\":\"fr-FR\",\"potentialAction\":[{\"@type\":\"CommentAction\",\"name\":\"Comment\",\"target\":[\"https:\/\/www.public.sn\/index.php\/2023\/06\/20\/manifestations-a-bignona-un-ancien-militaires-gambien-arrete\/#respond\"]}]},{\"@type\":\"WebPage\",\"@id\":\"https:\/\/www.public.sn\/index.php\/2023\/06\/20\/manifestations-a-bignona-un-ancien-militaires-gambien-arrete\/\",\"url\":\"https:\/\/www.public.sn\/index.php\/2023\/06\/20\/manifestations-a-bignona-un-ancien-militaires-gambien-arrete\/\",\"name\":\"Manifestations \u00e0 Bignona : un ancien militaires gambien arr\u00eat\u00e9 - LE PUBLIC\",\"isPartOf\":{\"@id\":\"https:\/\/www.public.sn\/#website\"},\"primaryImageOfPage\":{\"@id\":\"https:\/\/www.public.sn\/index.php\/2023\/06\/20\/manifestations-a-bignona-un-ancien-militaires-gambien-arrete\/#primaryimage\"},\"image\":{\"@id\":\"https:\/\/www.public.sn\/index.php\/2023\/06\/20\/manifestations-a-bignona-un-ancien-militaires-gambien-arrete\/#primaryimage\"},\"thumbnailUrl\":\"https:\/\/www.public.sn\/wp-content\/uploads\/2023\/03\/manifs.jpg\",\"datePublished\":\"2023-06-20T12:07:58+00:00\",\"description\":\"L'information est de L'Observateur. Omar San\u00e9, ancien militaire gambien, surnomm\u00e9 Baytullah a \u00e9t\u00e9 arr\u00eat\u00e9 le 10 juin \u00e0 Bignona et mis \u00e0 la disposition de la Section de recherches de la gendarmerie de Colobane. Envoy\u00e9 chez le procureur hier, il a fait l\u2019objet d\u2019un retour de parquet.\",\"breadcrumb\":{\"@id\":\"https:\/\/www.public.sn\/index.php\/2023\/06\/20\/manifestations-a-bignona-un-ancien-militaires-gambien-arrete\/#breadcrumb\"},\"inLanguage\":\"fr-FR\",\"potentialAction\":[{\"@type\":\"ReadAction\",\"target\":[\"https:\/\/www.public.sn\/index.php\/2023\/06\/20\/manifestations-a-bignona-un-ancien-militaires-gambien-arrete\/\"]}]},{\"@type\":\"ImageObject\",\"inLanguage\":\"fr-FR\",\"@id\":\"https:\/\/www.public.sn\/index.php\/2023\/06\/20\/manifestations-a-bignona-un-ancien-militaires-gambien-arrete\/#primaryimage\",\"url\":\"https:\/\/www.public.sn\/wp-content\/uploads\/2023\/03\/manifs.jpg\",\"contentUrl\":\"https:\/\/www.public.sn\/wp-content\/uploads\/2023\/03\/manifs.jpg\",\"width\":664,\"height\":443,\"caption\":\"A demonstrator holds up a Senegalese flag during protests against the arrest of opposition leader and former presidential candidate Ousmane Sonko in Dakar, Senegal, Friday, March 5, 2021. Days of violent protests in Senegal have killed at least one person, local reports say, as young people take to the streets nationwide in support of the main opposition leader who was detained Wednesday. (AP Photo\/Leo Correa)\"},{\"@type\":\"BreadcrumbList\",\"@id\":\"https:\/\/www.public.sn\/index.php\/2023\/06\/20\/manifestations-a-bignona-un-ancien-militaires-gambien-arrete\/#breadcrumb\",\"itemListElement\":[{\"@type\":\"ListItem\",\"position\":1,\"name\":\"Accueil\",\"item\":\"https:\/\/www.public.sn\/\"},{\"@type\":\"ListItem\",\"position\":2,\"name\":\"Manifestations \u00e0 Bignona : un ancien militaires gambien arr\u00eat\u00e9\"}]},{\"@type\":\"WebSite\",\"@id\":\"https:\/\/www.public.sn\/#website\",\"url\":\"https:\/\/www.public.sn\/\",\"name\":\"LE PUBLIC\",\"description\":\"\",\"publisher\":{\"@id\":\"https:\/\/www.public.sn\/#organization\"},\"potentialAction\":[{\"@type\":\"SearchAction\",\"target\":{\"@type\":\"EntryPoint\",\"urlTemplate\":\"https:\/\/www.public.sn\/?s={search_term_string}\"},\"query-input\":{\"@type\":\"PropertyValueSpecification\",\"valueRequired\":true,\"valueName\":\"search_term_string\"}}],\"inLanguage\":\"fr-FR\"},{\"@type\":\"Organization\",\"@id\":\"https:\/\/www.public.sn\/#organization\",\"name\":\"LE PUBLIC\",\"url\":\"https:\/\/www.public.sn\/\",\"logo\":{\"@type\":\"ImageObject\",\"inLanguage\":\"fr-FR\",\"@id\":\"https:\/\/www.public.sn\/#\/schema\/logo\/image\/\",\"url\":\"https:\/\/www.public.sn\/wp-content\/uploads\/2024\/05\/cropped-LOGO-PUBLIC.SN_.png\",\"contentUrl\":\"https:\/\/www.public.sn\/wp-content\/uploads\/2024\/05\/cropped-LOGO-PUBLIC.SN_.png\",\"width\":682,\"height\":192,\"caption\":\"LE PUBLIC\"},\"image\":{\"@id\":\"https:\/\/www.public.sn\/#\/schema\/logo\/image\/\"}},{\"@type\":\"Person\",\"@id\":\"https:\/\/www.public.sn\/#\/schema\/person\/e3f4a11b037d4203902db148f9bc8d5a\",\"name\":\"LA REDACTION\",\"image\":{\"@type\":\"ImageObject\",\"inLanguage\":\"fr-FR\",\"@id\":\"https:\/\/www.public.sn\/#\/schema\/person\/image\/\",\"url\":\"https:\/\/secure.gravatar.com\/avatar\/d6c030db45db2883c075085c5d6c6258654a801a93766b49af0b82d4f454e2a5?s=96&d=mm&r=g\",\"contentUrl\":\"https:\/\/secure.gravatar.com\/avatar\/d6c030db45db2883c075085c5d6c6258654a801a93766b49af0b82d4f454e2a5?s=96&d=mm&r=g\",\"caption\":\"LA REDACTION\"},\"sameAs\":[\"http:\/\/www.public.sn\"],\"url\":\"https:\/\/www.public.sn\/index.php\/author\/admin7324\/\"}]}<\/script>\n<!-- \/ Yoast SEO plugin. -->","yoast_head_json":{"title":"Manifestations \u00e0 Bignona : un ancien militaires gambien arr\u00eat\u00e9 - LE PUBLIC","description":"L'information est de L'Observateur. Omar San\u00e9, ancien militaire gambien, surnomm\u00e9 Baytullah a \u00e9t\u00e9 arr\u00eat\u00e9 le 10 juin \u00e0 Bignona et mis \u00e0 la disposition de la Section de recherches de la gendarmerie de Colobane. Envoy\u00e9 chez le procureur hier, il a fait l\u2019objet d\u2019un retour de parquet.","robots":{"index":"index","follow":"follow","max-snippet":"max-snippet:-1","max-image-preview":"max-image-preview:large","max-video-preview":"max-video-preview:-1"},"canonical":"https:\/\/www.public.sn\/index.php\/2023\/06\/20\/manifestations-a-bignona-un-ancien-militaires-gambien-arrete\/","og_locale":"fr_FR","og_type":"article","og_title":"Manifestations \u00e0 Bignona : un ancien militaires gambien arr\u00eat\u00e9 - LE PUBLIC","og_description":"L'information est de L'Observateur. Omar San\u00e9, ancien militaire gambien, surnomm\u00e9 Baytullah a \u00e9t\u00e9 arr\u00eat\u00e9 le 10 juin \u00e0 Bignona et mis \u00e0 la disposition de la Section de recherches de la gendarmerie de Colobane. Envoy\u00e9 chez le procureur hier, il a fait l\u2019objet d\u2019un retour de parquet.","og_url":"https:\/\/www.public.sn\/index.php\/2023\/06\/20\/manifestations-a-bignona-un-ancien-militaires-gambien-arrete\/","og_site_name":"LE PUBLIC","article_published_time":"2023-06-20T12:07:58+00:00","og_image":[{"width":664,"height":443,"url":"https:\/\/www.public.sn\/wp-content\/uploads\/2023\/03\/manifs.jpg","type":"image\/jpeg"}],"author":"LA REDACTION","twitter_card":"summary_large_image","twitter_misc":{"\u00c9crit par":"LA REDACTION","Dur\u00e9e de lecture estim\u00e9e":"2 minutes"},"schema":{"@context":"https:\/\/schema.org","@graph":[{"@type":"Article","@id":"https:\/\/www.public.sn\/index.php\/2023\/06\/20\/manifestations-a-bignona-un-ancien-militaires-gambien-arrete\/#article","isPartOf":{"@id":"https:\/\/www.public.sn\/index.php\/2023\/06\/20\/manifestations-a-bignona-un-ancien-militaires-gambien-arrete\/"},"author":{"name":"LA REDACTION","@id":"https:\/\/www.public.sn\/#\/schema\/person\/e3f4a11b037d4203902db148f9bc8d5a"},"headline":"Manifestations \u00e0 Bignona : un ancien militaires gambien arr\u00eat\u00e9","datePublished":"2023-06-20T12:07:58+00:00","mainEntityOfPage":{"@id":"https:\/\/www.public.sn\/index.php\/2023\/06\/20\/manifestations-a-bignona-un-ancien-militaires-gambien-arrete\/"},"wordCount":431,"commentCount":0,"publisher":{"@id":"https:\/\/www.public.sn\/#organization"},"image":{"@id":"https:\/\/www.public.sn\/index.php\/2023\/06\/20\/manifestations-a-bignona-un-ancien-militaires-gambien-arrete\/#primaryimage"},"thumbnailUrl":"https:\/\/www.public.sn\/wp-content\/uploads\/2023\/03\/manifs.jpg","keywords":["Gambie","Militaire","Omar San\u00e9"],"articleSection":["ACTUALIT\u00c9S","POLITIQUE","S\u00c9CURIT\u00c9 &amp; JUSTICE","S\u00c9N\u00c9GAL","VEDETTE"],"inLanguage":"fr-FR","potentialAction":[{"@type":"CommentAction","name":"Comment","target":["https:\/\/www.public.sn\/index.php\/2023\/06\/20\/manifestations-a-bignona-un-ancien-militaires-gambien-arrete\/#respond"]}]},{"@type":"WebPage","@id":"https:\/\/www.public.sn\/index.php\/2023\/06\/20\/manifestations-a-bignona-un-ancien-militaires-gambien-arrete\/","url":"https:\/\/www.public.sn\/index.php\/2023\/06\/20\/manifestations-a-bignona-un-ancien-militaires-gambien-arrete\/","name":"Manifestations \u00e0 Bignona : un ancien militaires gambien arr\u00eat\u00e9 - LE PUBLIC","isPartOf":{"@id":"https:\/\/www.public.sn\/#website"},"primaryImageOfPage":{"@id":"https:\/\/www.public.sn\/index.php\/2023\/06\/20\/manifestations-a-bignona-un-ancien-militaires-gambien-arrete\/#primaryimage"},"image":{"@id":"https:\/\/www.public.sn\/index.php\/2023\/06\/20\/manifestations-a-bignona-un-ancien-militaires-gambien-arrete\/#primaryimage"},"thumbnailUrl":"https:\/\/www.public.sn\/wp-content\/uploads\/2023\/03\/manifs.jpg","datePublished":"2023-06-20T12:07:58+00:00","description":"L'information est de L'Observateur. Omar San\u00e9, ancien militaire gambien, surnomm\u00e9 Baytullah a \u00e9t\u00e9 arr\u00eat\u00e9 le 10 juin \u00e0 Bignona et mis \u00e0 la disposition de la Section de recherches de la gendarmerie de Colobane. Envoy\u00e9 chez le procureur hier, il a fait l\u2019objet d\u2019un retour de parquet.","breadcrumb":{"@id":"https:\/\/www.public.sn\/index.php\/2023\/06\/20\/manifestations-a-bignona-un-ancien-militaires-gambien-arrete\/#breadcrumb"},"inLanguage":"fr-FR","potentialAction":[{"@type":"ReadAction","target":["https:\/\/www.public.sn\/index.php\/2023\/06\/20\/manifestations-a-bignona-un-ancien-militaires-gambien-arrete\/"]}]},{"@type":"ImageObject","inLanguage":"fr-FR","@id":"https:\/\/www.public.sn\/index.php\/2023\/06\/20\/manifestations-a-bignona-un-ancien-militaires-gambien-arrete\/#primaryimage","url":"https:\/\/www.public.sn\/wp-content\/uploads\/2023\/03\/manifs.jpg","contentUrl":"https:\/\/www.public.sn\/wp-content\/uploads\/2023\/03\/manifs.jpg","width":664,"height":443,"caption":"A demonstrator holds up a Senegalese flag during protests against the arrest of opposition leader and former presidential candidate Ousmane Sonko in Dakar, Senegal, Friday, March 5, 2021. Days of violent protests in Senegal have killed at least one person, local reports say, as young people take to the streets nationwide in support of the main opposition leader who was detained Wednesday. (AP Photo\/Leo Correa)"},{"@type":"BreadcrumbList","@id":"https:\/\/www.public.sn\/index.php\/2023\/06\/20\/manifestations-a-bignona-un-ancien-militaires-gambien-arrete\/#breadcrumb","itemListElement":[{"@type":"ListItem","position":1,"name":"Accueil","item":"https:\/\/www.public.sn\/"},{"@type":"ListItem","position":2,"name":"Manifestations \u00e0 Bignona : un ancien militaires gambien arr\u00eat\u00e9"}]},{"@type":"WebSite","@id":"https:\/\/www.public.sn\/#website","url":"https:\/\/www.public.sn\/","name":"LE PUBLIC","description":"","publisher":{"@id":"https:\/\/www.public.sn\/#organization"},"potentialAction":[{"@type":"SearchAction","target":{"@type":"EntryPoint","urlTemplate":"https:\/\/www.public.sn\/?s={search_term_string}"},"query-input":{"@type":"PropertyValueSpecification","valueRequired":true,"valueName":"search_term_string"}}],"inLanguage":"fr-FR"},{"@type":"Organization","@id":"https:\/\/www.public.sn\/#organization","name":"LE PUBLIC","url":"https:\/\/www.public.sn\/","logo":{"@type":"ImageObject","inLanguage":"fr-FR","@id":"https:\/\/www.public.sn\/#\/schema\/logo\/image\/","url":"https:\/\/www.public.sn\/wp-content\/uploads\/2024\/05\/cropped-LOGO-PUBLIC.SN_.png","contentUrl":"https:\/\/www.public.sn\/wp-content\/uploads\/2024\/05\/cropped-LOGO-PUBLIC.SN_.png","width":682,"height":192,"caption":"LE PUBLIC"},"image":{"@id":"https:\/\/www.public.sn\/#\/schema\/logo\/image\/"}},{"@type":"Person","@id":"https:\/\/www.public.sn\/#\/schema\/person\/e3f4a11b037d4203902db148f9bc8d5a","name":"LA REDACTION","image":{"@type":"ImageObject","inLanguage":"fr-FR","@id":"https:\/\/www.public.sn\/#\/schema\/person\/image\/","url":"https:\/\/secure.gravatar.com\/avatar\/d6c030db45db2883c075085c5d6c6258654a801a93766b49af0b82d4f454e2a5?s=96&d=mm&r=g","contentUrl":"https:\/\/secure.gravatar.com\/avatar\/d6c030db45db2883c075085c5d6c6258654a801a93766b49af0b82d4f454e2a5?s=96&d=mm&r=g","caption":"LA REDACTION"},"sameAs":["http:\/\/www.public.sn"],"url":"https:\/\/www.public.sn\/index.php\/author\/admin7324\/"}]}},"jetpack_featured_media_url":"https:\/\/www.public.sn\/wp-content\/uploads\/2023\/03\/manifs.jpg","jetpack_sharing_enabled":true,"_links":{"self":[{"href":"https:\/\/www.public.sn\/index.php\/wp-json\/wp\/v2\/posts\/23963","targetHints":{"allow":["GET"]}}],"collection":[{"href":"https:\/\/www.public.sn\/index.php\/wp-json\/wp\/v2\/posts"}],"about":[{"href":"https:\/\/www.public.sn\/index.php\/wp-json\/wp\/v2\/types\/post"}],"author":[{"embeddable":true,"href":"https:\/\/www.public.sn\/index.php\/wp-json\/wp\/v2\/users\/1"}],"replies":[{"embeddable":true,"href":"https:\/\/www.public.sn\/index.php\/wp-json\/wp\/v2\/comments?post=23963"}],"version-history":[{"count":1,"href":"https:\/\/www.public.sn\/index.php\/wp-json\/wp\/v2\/posts\/23963\/revisions"}],"predecessor-version":[{"id":23964,"href":"https:\/\/www.public.sn\/index.php\/wp-json\/wp\/v2\/posts\/23963\/revisions\/23964"}],"wp:featuredmedia":[{"embeddable":true,"href":"https:\/\/www.public.sn\/index.php\/wp-json\/wp\/v2\/media\/18001"}],"wp:attachment":[{"href":"https:\/\/www.public.sn\/index.php\/wp-json\/wp\/v2\/media?parent=23963"}],"wp:term":[{"taxonomy":"category","embeddable":true,"href":"https:\/\/www.public.sn\/index.php\/wp-json\/wp\/v2\/categories?post=23963"},{"taxonomy":"post_tag","embeddable":true,"href":"https:\/\/www.public.sn\/index.php\/wp-json\/wp\/v2\/tags?post=23963"}],"curies":[{"name":"wp","href":"https:\/\/api.w.org\/{rel}","templated":true}]}}