{"id":23971,"date":"2023-06-20T14:05:45","date_gmt":"2023-06-20T14:05:45","guid":{"rendered":"https:\/\/www.public.sn\/?p=23971"},"modified":"2023-06-20T13:14:10","modified_gmt":"2023-06-20T13:14:10","slug":"suspension-ligne-dakar-ziguinchor-dakar-dem-dikk-brandit-linsecurite","status":"publish","type":"post","link":"https:\/\/www.public.sn\/index.php\/2023\/06\/20\/suspension-ligne-dakar-ziguinchor-dakar-dem-dikk-brandit-linsecurite\/","title":{"rendered":"Suspension ligne Dakar-Ziguinchor : Dakar Dem Dikk brandit l\u2019ins\u00e9curit\u00e9"},"content":{"rendered":"<p><strong>La suspension de la ligne Dakar-Ziguinchor-Dakar est sur toutes les l\u00e8vres. Des S\u00e9n\u00e9galais s\u2019interrogent sur l&rsquo;arr\u00eat des lignes de Dakar Dem Dikk qui rallient les r\u00e9gions de la Casamance. Le directeur g\u00e9n\u00e9ral de la soci\u00e9t\u00e9 a r\u00e9pondu \u00e0 la rumeur persistante sur cette question. Selon Dakaractu, Ousmane Sylla, motive cette d\u00e9cision par le manque de s\u00e9curit\u00e9 \u00e0 Ziguinchor.<\/strong><\/p><div class=\"publi-paragraphe1\" style=\"margin-top: 10px;margin-bottom: 10px;margin-left: auto;margin-right: auto;text-align: center;\" id=\"publi-415598640\"><div class=\"publi-adlabel\">Publicit\u00e9<\/div><script async src=\"\/\/pagead2.googlesyndication.com\/pagead\/js\/adsbygoogle.js?client=ca-pub-4089586018074219\" crossorigin=\"anonymous\"><\/script><ins class=\"adsbygoogle\" style=\"display:block;\" data-ad-client=\"ca-pub-4089586018074219\" \ndata-ad-slot=\"2087940154\" \ndata-ad-format=\"auto\"><\/ins>\n<script> \n(adsbygoogle = window.adsbygoogle || []).push({}); \n<\/script>\n<\/div>\n<p>\u00ab Nous avons v\u00e9cu des \u00e9v\u00e8nements tr\u00e8s difficiles pour les S\u00e9n\u00e9galais et particuli\u00e8rement pour Dakar Dem Dikk une situation qu\u2019on pourrait \u00e9viter. Notre objectif, c\u2019est d\u2019assurer la s\u00e9curit\u00e9 de tous nos clients mais aussi de nos biens. Nous \u00e9valuons la situation dans cette localit\u00e9 tous les jours. Nous avons constat\u00e9 qu\u2019il y a des risques \u00bb, explique Ousmane Sylla \u00e0 l\u2019occasion de la signature d\u2019un partenariat entre Dakar Dem Dikk et le Groupe La Poste.<\/p>\n<p>M. Sy a tenu \u00e0 rassurer les passagers que cette d\u00e9cision n\u2019est pas encore d\u00e9finitive et que la soci\u00e9t\u00e9 est en train de travailler pour trouver une solution le plus rapidement possible. \u00ab Je rappelle que Dakar Dem Dikk est un patrimoine national. Et en fonction de cela, nous allons mettre les dispositions pour accompagner tous les S\u00e9n\u00e9galais et surtout les habitants de cette localit\u00e9 (Ziguinchor). Nous compatissons \u00e0 cette situation mais sachez que la Direction Dakar Dem Dikk met tout en \u0153uvre pour r\u00e9pondre aux attentes des clients \u00bb, a-t-il assur\u00e9.<\/p>\n<p>Selon le journal Les Echos qui donne l&rsquo;information, les passagers ont d\u00e9vers\u00e9 leur col\u00e8re dans les r\u00e9seaux sociaux. Certains d\u00e9clarent m\u00eame que cette suspension leur porte pr\u00e9judice \u00e0 quelques jours seulement de la f\u00eate de la Tabaski. A en croire le Directeur de Dakar Dem Dikk, la soci\u00e9t\u00e9 a re\u00e7u des menaces de caillassage et pour des raisons de s\u00e9curit\u00e9 la ligne a \u00e9t\u00e9 suspendue.<\/p>\n<p>\u00ab Nous avons v\u00e9cu des \u00e9v\u00e9nements tr\u00e8s difficiles pour les S\u00e9n\u00e9galais et particuli\u00e8rement pour Dakar Dem Dikk. Notre objectif est d\u2019assurer la s\u00e9curit\u00e9 de tous les clients mais aussi de nos biens. Nous \u00e9valuons la situation dans cette localit\u00e9 tous les jours. Nous avons constat\u00e9 qu\u2019il y a des risques que nous \u00e9valuons \u00bb, a d\u00e9clar\u00e9 Ousmane Sylla. Qui a r\u00e9v\u00e9l\u00e9 que \u00ab la soci\u00e9t\u00e9 subit des menaces de destruction de la part de militants de Pastef \u00bb.<\/p>\n<div class=\"publi-apres-le-contenu\" style=\"margin-top: 10px;margin-bottom: 10px;margin-left: auto;margin-right: auto;text-align: center;\" id=\"publi-2075304850\"><div class=\"publi-adlabel\">Publicit\u00e9<\/div><script async src=\"\/\/pagead2.googlesyndication.com\/pagead\/js\/adsbygoogle.js?client=ca-pub-4089586018074219\" crossorigin=\"anonymous\"><\/script><ins class=\"adsbygoogle\" style=\"display:block;\" data-ad-client=\"ca-pub-4089586018074219\" \ndata-ad-slot=\"2087940154\" \ndata-ad-format=\"auto\"><\/ins>\n<script> \n(adsbygoogle = window.adsbygoogle || []).push({}); \n<\/script>\n<\/div>","protected":false},"excerpt":{"rendered":"<p>La suspension de la ligne Dakar-Ziguinchor-Dakar est sur toutes les l\u00e8vres. Des S\u00e9n\u00e9galais s\u2019interrogent sur l&rsquo;arr\u00eat des lignes de Dakar Dem Dikk qui rallient les r\u00e9gions de la Casamance. Le directeur g\u00e9n\u00e9ral de la soci\u00e9t\u00e9 a r\u00e9pondu \u00e0 la rumeur persistante sur cette question. Selon Dakaractu, Ousmane Sylla, motive cette d\u00e9cision par le manque de s\u00e9curit\u00e9 \u00e0 Ziguinchor. \u00ab Nous avons v\u00e9cu des \u00e9v\u00e8nements tr\u00e8s difficiles pour les S\u00e9n\u00e9galais et particuli\u00e8rement pour Dakar Dem Dikk une situation qu\u2019on pourrait \u00e9viter. Notre objectif, c\u2019est d\u2019assurer la s\u00e9curit\u00e9 de tous nos clients mais aussi de nos biens. Nous \u00e9valuons la situation dans cette localit\u00e9 tous les jours. Nous avons constat\u00e9 qu\u2019il y a des risques \u00bb, explique Ousmane Sylla \u00e0 l\u2019occasion de la signature d\u2019un partenariat entre Dakar Dem Dikk et le Groupe La Poste. M. Sy a tenu \u00e0 rassurer les passagers que cette d\u00e9cision n\u2019est pas encore d\u00e9finitive et que la soci\u00e9t\u00e9 est en train de travailler pour trouver une solution le plus rapidement possible. \u00ab Je rappelle que Dakar Dem Dikk est un patrimoine national. Et en fonction de cela, nous allons mettre les dispositions pour accompagner tous les S\u00e9n\u00e9galais et surtout les habitants de cette localit\u00e9 (Ziguinchor). Nous compatissons \u00e0 cette situation mais sachez que la Direction Dakar Dem Dikk met tout en \u0153uvre pour r\u00e9pondre aux attentes des clients \u00bb, a-t-il assur\u00e9. Selon le journal Les Echos qui donne l&rsquo;information, les passagers ont d\u00e9vers\u00e9 leur col\u00e8re dans les r\u00e9seaux sociaux. Certains d\u00e9clarent m\u00eame que cette suspension leur porte pr\u00e9judice \u00e0 quelques jours seulement de la f\u00eate de la Tabaski. A en croire le Directeur de Dakar Dem Dikk, la soci\u00e9t\u00e9 a re\u00e7u des menaces de caillassage et pour des raisons de s\u00e9curit\u00e9 la ligne a \u00e9t\u00e9 suspendue. \u00ab Nous avons v\u00e9cu des \u00e9v\u00e9nements tr\u00e8s difficiles pour les S\u00e9n\u00e9galais et particuli\u00e8rement pour Dakar Dem Dikk. Notre objectif est d\u2019assurer la s\u00e9curit\u00e9 de tous les clients mais aussi de nos biens. Nous \u00e9valuons la situation dans cette localit\u00e9 tous les jours. Nous avons constat\u00e9 qu\u2019il y a des risques que nous \u00e9valuons \u00bb, a d\u00e9clar\u00e9 Ousmane Sylla. Qui a r\u00e9v\u00e9l\u00e9 que \u00ab la soci\u00e9t\u00e9 subit des menaces de destruction de la part de militants de Pastef \u00bb.<\/p>\n","protected":false},"author":1,"featured_media":3726,"comment_status":"open","ping_status":"open","sticky":false,"template":"","format":"standard","meta":{"_jetpack_memberships_contains_paid_content":false,"footnotes":""},"categories":[375,1,1052],"tags":[746,1211,196],"class_list":["post-23971","post","type-post","status-publish","format-standard","has-post-thumbnail","hentry","category-actualites","category-non-classe","category-transport","tag-dakar-dem-dikk","tag-ousmane-sylla","tag-ziguinchor","entry","has-media","owp-thumbs-layout-horizontal","owp-btn-normal","owp-tabs-layout-horizontal","has-no-thumbnails","has-product-nav"],"yoast_head":"<!-- This site is optimized with the Yoast SEO plugin v25.5 - https:\/\/yoast.com\/wordpress\/plugins\/seo\/ -->\n<title>Suspension ligne Dakar-Ziguinchor : Dakar Dem Dikk brandit l\u2019ins\u00e9curit\u00e9 - LE PUBLIC<\/title>\n<meta name=\"description\" content=\"La suspension de la ligne Dakar-Ziguinchor-Dakar est sur toutes les l\u00e8vres. Des S\u00e9n\u00e9galais s\u2019interrogent sur l&#039;arr\u00eat des lignes de Dakar Dem Dikk qui rallient les r\u00e9gions de la Casamance. Le directeur g\u00e9n\u00e9ral de la soci\u00e9t\u00e9 a r\u00e9pondu \u00e0 la rumeur persistante sur cette question. Selon Dakaractu, Ousmane Sylla, motive cette d\u00e9cision par le manque de s\u00e9curit\u00e9 \u00e0 Ziguinchor.\" \/>\n<meta name=\"robots\" content=\"index, follow, max-snippet:-1, max-image-preview:large, max-video-preview:-1\" \/>\n<link rel=\"canonical\" href=\"https:\/\/www.public.sn\/index.php\/2023\/06\/20\/suspension-ligne-dakar-ziguinchor-dakar-dem-dikk-brandit-linsecurite\/\" \/>\n<meta property=\"og:locale\" content=\"fr_FR\" \/>\n<meta property=\"og:type\" content=\"article\" \/>\n<meta property=\"og:title\" content=\"Suspension ligne Dakar-Ziguinchor : Dakar Dem Dikk brandit l\u2019ins\u00e9curit\u00e9 - LE PUBLIC\" \/>\n<meta property=\"og:description\" content=\"La suspension de la ligne Dakar-Ziguinchor-Dakar est sur toutes les l\u00e8vres. Des S\u00e9n\u00e9galais s\u2019interrogent sur l&#039;arr\u00eat des lignes de Dakar Dem Dikk qui rallient les r\u00e9gions de la Casamance. Le directeur g\u00e9n\u00e9ral de la soci\u00e9t\u00e9 a r\u00e9pondu \u00e0 la rumeur persistante sur cette question. Selon Dakaractu, Ousmane Sylla, motive cette d\u00e9cision par le manque de s\u00e9curit\u00e9 \u00e0 Ziguinchor.\" \/>\n<meta property=\"og:url\" content=\"https:\/\/www.public.sn\/index.php\/2023\/06\/20\/suspension-ligne-dakar-ziguinchor-dakar-dem-dikk-brandit-linsecurite\/\" \/>\n<meta property=\"og:site_name\" content=\"LE PUBLIC\" \/>\n<meta property=\"article:published_time\" content=\"2023-06-20T14:05:45+00:00\" \/>\n<meta property=\"og:image\" content=\"https:\/\/www.public.sn\/wp-content\/uploads\/2022\/10\/DDD.jpg\" \/>\n\t<meta property=\"og:image:width\" content=\"2560\" \/>\n\t<meta property=\"og:image:height\" content=\"1439\" \/>\n\t<meta property=\"og:image:type\" content=\"image\/jpeg\" \/>\n<meta name=\"author\" content=\"LA REDACTION\" \/>\n<meta name=\"twitter:card\" content=\"summary_large_image\" \/>\n<meta name=\"twitter:label1\" content=\"\u00c9crit par\" \/>\n\t<meta name=\"twitter:data1\" content=\"LA REDACTION\" \/>\n\t<meta name=\"twitter:label2\" content=\"Dur\u00e9e de lecture estim\u00e9e\" \/>\n\t<meta name=\"twitter:data2\" content=\"2 minutes\" \/>\n<script type=\"application\/ld+json\" class=\"yoast-schema-graph\">{\"@context\":\"https:\/\/schema.org\",\"@graph\":[{\"@type\":\"Article\",\"@id\":\"https:\/\/www.public.sn\/index.php\/2023\/06\/20\/suspension-ligne-dakar-ziguinchor-dakar-dem-dikk-brandit-linsecurite\/#article\",\"isPartOf\":{\"@id\":\"https:\/\/www.public.sn\/index.php\/2023\/06\/20\/suspension-ligne-dakar-ziguinchor-dakar-dem-dikk-brandit-linsecurite\/\"},\"author\":{\"name\":\"LA REDACTION\",\"@id\":\"https:\/\/www.public.sn\/#\/schema\/person\/e3f4a11b037d4203902db148f9bc8d5a\"},\"headline\":\"Suspension ligne Dakar-Ziguinchor : Dakar Dem Dikk brandit l\u2019ins\u00e9curit\u00e9\",\"datePublished\":\"2023-06-20T14:05:45+00:00\",\"mainEntityOfPage\":{\"@id\":\"https:\/\/www.public.sn\/index.php\/2023\/06\/20\/suspension-ligne-dakar-ziguinchor-dakar-dem-dikk-brandit-linsecurite\/\"},\"wordCount\":419,\"commentCount\":0,\"publisher\":{\"@id\":\"https:\/\/www.public.sn\/#organization\"},\"image\":{\"@id\":\"https:\/\/www.public.sn\/index.php\/2023\/06\/20\/suspension-ligne-dakar-ziguinchor-dakar-dem-dikk-brandit-linsecurite\/#primaryimage\"},\"thumbnailUrl\":\"https:\/\/www.public.sn\/wp-content\/uploads\/2022\/10\/DDD.jpg\",\"keywords\":[\"Dakar Dem Dikk\",\"ousmane sylla\",\"Ziguinchor\"],\"articleSection\":[\"ACTUALIT\u00c9S\",\"S\u00c9N\u00c9GAL\",\"TRANSPORT\"],\"inLanguage\":\"fr-FR\",\"potentialAction\":[{\"@type\":\"CommentAction\",\"name\":\"Comment\",\"target\":[\"https:\/\/www.public.sn\/index.php\/2023\/06\/20\/suspension-ligne-dakar-ziguinchor-dakar-dem-dikk-brandit-linsecurite\/#respond\"]}]},{\"@type\":\"WebPage\",\"@id\":\"https:\/\/www.public.sn\/index.php\/2023\/06\/20\/suspension-ligne-dakar-ziguinchor-dakar-dem-dikk-brandit-linsecurite\/\",\"url\":\"https:\/\/www.public.sn\/index.php\/2023\/06\/20\/suspension-ligne-dakar-ziguinchor-dakar-dem-dikk-brandit-linsecurite\/\",\"name\":\"Suspension ligne Dakar-Ziguinchor : Dakar Dem Dikk brandit l\u2019ins\u00e9curit\u00e9 - LE PUBLIC\",\"isPartOf\":{\"@id\":\"https:\/\/www.public.sn\/#website\"},\"primaryImageOfPage\":{\"@id\":\"https:\/\/www.public.sn\/index.php\/2023\/06\/20\/suspension-ligne-dakar-ziguinchor-dakar-dem-dikk-brandit-linsecurite\/#primaryimage\"},\"image\":{\"@id\":\"https:\/\/www.public.sn\/index.php\/2023\/06\/20\/suspension-ligne-dakar-ziguinchor-dakar-dem-dikk-brandit-linsecurite\/#primaryimage\"},\"thumbnailUrl\":\"https:\/\/www.public.sn\/wp-content\/uploads\/2022\/10\/DDD.jpg\",\"datePublished\":\"2023-06-20T14:05:45+00:00\",\"description\":\"La suspension de la ligne Dakar-Ziguinchor-Dakar est sur toutes les l\u00e8vres. Des S\u00e9n\u00e9galais s\u2019interrogent sur l'arr\u00eat des lignes de Dakar Dem Dikk qui rallient les r\u00e9gions de la Casamance. Le directeur g\u00e9n\u00e9ral de la soci\u00e9t\u00e9 a r\u00e9pondu \u00e0 la rumeur persistante sur cette question. Selon Dakaractu, Ousmane Sylla, motive cette d\u00e9cision par le manque de s\u00e9curit\u00e9 \u00e0 Ziguinchor.\",\"breadcrumb\":{\"@id\":\"https:\/\/www.public.sn\/index.php\/2023\/06\/20\/suspension-ligne-dakar-ziguinchor-dakar-dem-dikk-brandit-linsecurite\/#breadcrumb\"},\"inLanguage\":\"fr-FR\",\"potentialAction\":[{\"@type\":\"ReadAction\",\"target\":[\"https:\/\/www.public.sn\/index.php\/2023\/06\/20\/suspension-ligne-dakar-ziguinchor-dakar-dem-dikk-brandit-linsecurite\/\"]}]},{\"@type\":\"ImageObject\",\"inLanguage\":\"fr-FR\",\"@id\":\"https:\/\/www.public.sn\/index.php\/2023\/06\/20\/suspension-ligne-dakar-ziguinchor-dakar-dem-dikk-brandit-linsecurite\/#primaryimage\",\"url\":\"https:\/\/www.public.sn\/wp-content\/uploads\/2022\/10\/DDD.jpg\",\"contentUrl\":\"https:\/\/www.public.sn\/wp-content\/uploads\/2022\/10\/DDD.jpg\",\"width\":2560,\"height\":1439,\"caption\":\"publicsn\"},{\"@type\":\"BreadcrumbList\",\"@id\":\"https:\/\/www.public.sn\/index.php\/2023\/06\/20\/suspension-ligne-dakar-ziguinchor-dakar-dem-dikk-brandit-linsecurite\/#breadcrumb\",\"itemListElement\":[{\"@type\":\"ListItem\",\"position\":1,\"name\":\"Accueil\",\"item\":\"https:\/\/www.public.sn\/\"},{\"@type\":\"ListItem\",\"position\":2,\"name\":\"Suspension ligne Dakar-Ziguinchor : Dakar Dem Dikk brandit l\u2019ins\u00e9curit\u00e9\"}]},{\"@type\":\"WebSite\",\"@id\":\"https:\/\/www.public.sn\/#website\",\"url\":\"https:\/\/www.public.sn\/\",\"name\":\"LE PUBLIC\",\"description\":\"\",\"publisher\":{\"@id\":\"https:\/\/www.public.sn\/#organization\"},\"potentialAction\":[{\"@type\":\"SearchAction\",\"target\":{\"@type\":\"EntryPoint\",\"urlTemplate\":\"https:\/\/www.public.sn\/?s={search_term_string}\"},\"query-input\":{\"@type\":\"PropertyValueSpecification\",\"valueRequired\":true,\"valueName\":\"search_term_string\"}}],\"inLanguage\":\"fr-FR\"},{\"@type\":\"Organization\",\"@id\":\"https:\/\/www.public.sn\/#organization\",\"name\":\"LE PUBLIC\",\"url\":\"https:\/\/www.public.sn\/\",\"logo\":{\"@type\":\"ImageObject\",\"inLanguage\":\"fr-FR\",\"@id\":\"https:\/\/www.public.sn\/#\/schema\/logo\/image\/\",\"url\":\"https:\/\/www.public.sn\/wp-content\/uploads\/2024\/05\/cropped-LOGO-PUBLIC.SN_.png\",\"contentUrl\":\"https:\/\/www.public.sn\/wp-content\/uploads\/2024\/05\/cropped-LOGO-PUBLIC.SN_.png\",\"width\":682,\"height\":192,\"caption\":\"LE PUBLIC\"},\"image\":{\"@id\":\"https:\/\/www.public.sn\/#\/schema\/logo\/image\/\"}},{\"@type\":\"Person\",\"@id\":\"https:\/\/www.public.sn\/#\/schema\/person\/e3f4a11b037d4203902db148f9bc8d5a\",\"name\":\"LA REDACTION\",\"image\":{\"@type\":\"ImageObject\",\"inLanguage\":\"fr-FR\",\"@id\":\"https:\/\/www.public.sn\/#\/schema\/person\/image\/\",\"url\":\"https:\/\/secure.gravatar.com\/avatar\/d6c030db45db2883c075085c5d6c6258654a801a93766b49af0b82d4f454e2a5?s=96&d=mm&r=g\",\"contentUrl\":\"https:\/\/secure.gravatar.com\/avatar\/d6c030db45db2883c075085c5d6c6258654a801a93766b49af0b82d4f454e2a5?s=96&d=mm&r=g\",\"caption\":\"LA REDACTION\"},\"sameAs\":[\"http:\/\/www.public.sn\"],\"url\":\"https:\/\/www.public.sn\/index.php\/author\/admin7324\/\"}]}<\/script>\n<!-- \/ Yoast SEO plugin. -->","yoast_head_json":{"title":"Suspension ligne Dakar-Ziguinchor : Dakar Dem Dikk brandit l\u2019ins\u00e9curit\u00e9 - LE PUBLIC","description":"La suspension de la ligne Dakar-Ziguinchor-Dakar est sur toutes les l\u00e8vres. Des S\u00e9n\u00e9galais s\u2019interrogent sur l'arr\u00eat des lignes de Dakar Dem Dikk qui rallient les r\u00e9gions de la Casamance. Le directeur g\u00e9n\u00e9ral de la soci\u00e9t\u00e9 a r\u00e9pondu \u00e0 la rumeur persistante sur cette question. Selon Dakaractu, Ousmane Sylla, motive cette d\u00e9cision par le manque de s\u00e9curit\u00e9 \u00e0 Ziguinchor.","robots":{"index":"index","follow":"follow","max-snippet":"max-snippet:-1","max-image-preview":"max-image-preview:large","max-video-preview":"max-video-preview:-1"},"canonical":"https:\/\/www.public.sn\/index.php\/2023\/06\/20\/suspension-ligne-dakar-ziguinchor-dakar-dem-dikk-brandit-linsecurite\/","og_locale":"fr_FR","og_type":"article","og_title":"Suspension ligne Dakar-Ziguinchor : Dakar Dem Dikk brandit l\u2019ins\u00e9curit\u00e9 - LE PUBLIC","og_description":"La suspension de la ligne Dakar-Ziguinchor-Dakar est sur toutes les l\u00e8vres. Des S\u00e9n\u00e9galais s\u2019interrogent sur l'arr\u00eat des lignes de Dakar Dem Dikk qui rallient les r\u00e9gions de la Casamance. Le directeur g\u00e9n\u00e9ral de la soci\u00e9t\u00e9 a r\u00e9pondu \u00e0 la rumeur persistante sur cette question. Selon Dakaractu, Ousmane Sylla, motive cette d\u00e9cision par le manque de s\u00e9curit\u00e9 \u00e0 Ziguinchor.","og_url":"https:\/\/www.public.sn\/index.php\/2023\/06\/20\/suspension-ligne-dakar-ziguinchor-dakar-dem-dikk-brandit-linsecurite\/","og_site_name":"LE PUBLIC","article_published_time":"2023-06-20T14:05:45+00:00","og_image":[{"width":2560,"height":1439,"url":"https:\/\/www.public.sn\/wp-content\/uploads\/2022\/10\/DDD.jpg","type":"image\/jpeg"}],"author":"LA REDACTION","twitter_card":"summary_large_image","twitter_misc":{"\u00c9crit par":"LA REDACTION","Dur\u00e9e de lecture estim\u00e9e":"2 minutes"},"schema":{"@context":"https:\/\/schema.org","@graph":[{"@type":"Article","@id":"https:\/\/www.public.sn\/index.php\/2023\/06\/20\/suspension-ligne-dakar-ziguinchor-dakar-dem-dikk-brandit-linsecurite\/#article","isPartOf":{"@id":"https:\/\/www.public.sn\/index.php\/2023\/06\/20\/suspension-ligne-dakar-ziguinchor-dakar-dem-dikk-brandit-linsecurite\/"},"author":{"name":"LA REDACTION","@id":"https:\/\/www.public.sn\/#\/schema\/person\/e3f4a11b037d4203902db148f9bc8d5a"},"headline":"Suspension ligne Dakar-Ziguinchor : Dakar Dem Dikk brandit l\u2019ins\u00e9curit\u00e9","datePublished":"2023-06-20T14:05:45+00:00","mainEntityOfPage":{"@id":"https:\/\/www.public.sn\/index.php\/2023\/06\/20\/suspension-ligne-dakar-ziguinchor-dakar-dem-dikk-brandit-linsecurite\/"},"wordCount":419,"commentCount":0,"publisher":{"@id":"https:\/\/www.public.sn\/#organization"},"image":{"@id":"https:\/\/www.public.sn\/index.php\/2023\/06\/20\/suspension-ligne-dakar-ziguinchor-dakar-dem-dikk-brandit-linsecurite\/#primaryimage"},"thumbnailUrl":"https:\/\/www.public.sn\/wp-content\/uploads\/2022\/10\/DDD.jpg","keywords":["Dakar Dem Dikk","ousmane sylla","Ziguinchor"],"articleSection":["ACTUALIT\u00c9S","S\u00c9N\u00c9GAL","TRANSPORT"],"inLanguage":"fr-FR","potentialAction":[{"@type":"CommentAction","name":"Comment","target":["https:\/\/www.public.sn\/index.php\/2023\/06\/20\/suspension-ligne-dakar-ziguinchor-dakar-dem-dikk-brandit-linsecurite\/#respond"]}]},{"@type":"WebPage","@id":"https:\/\/www.public.sn\/index.php\/2023\/06\/20\/suspension-ligne-dakar-ziguinchor-dakar-dem-dikk-brandit-linsecurite\/","url":"https:\/\/www.public.sn\/index.php\/2023\/06\/20\/suspension-ligne-dakar-ziguinchor-dakar-dem-dikk-brandit-linsecurite\/","name":"Suspension ligne Dakar-Ziguinchor : Dakar Dem Dikk brandit l\u2019ins\u00e9curit\u00e9 - LE PUBLIC","isPartOf":{"@id":"https:\/\/www.public.sn\/#website"},"primaryImageOfPage":{"@id":"https:\/\/www.public.sn\/index.php\/2023\/06\/20\/suspension-ligne-dakar-ziguinchor-dakar-dem-dikk-brandit-linsecurite\/#primaryimage"},"image":{"@id":"https:\/\/www.public.sn\/index.php\/2023\/06\/20\/suspension-ligne-dakar-ziguinchor-dakar-dem-dikk-brandit-linsecurite\/#primaryimage"},"thumbnailUrl":"https:\/\/www.public.sn\/wp-content\/uploads\/2022\/10\/DDD.jpg","datePublished":"2023-06-20T14:05:45+00:00","description":"La suspension de la ligne Dakar-Ziguinchor-Dakar est sur toutes les l\u00e8vres. Des S\u00e9n\u00e9galais s\u2019interrogent sur l'arr\u00eat des lignes de Dakar Dem Dikk qui rallient les r\u00e9gions de la Casamance. Le directeur g\u00e9n\u00e9ral de la soci\u00e9t\u00e9 a r\u00e9pondu \u00e0 la rumeur persistante sur cette question. Selon Dakaractu, Ousmane Sylla, motive cette d\u00e9cision par le manque de s\u00e9curit\u00e9 \u00e0 Ziguinchor.","breadcrumb":{"@id":"https:\/\/www.public.sn\/index.php\/2023\/06\/20\/suspension-ligne-dakar-ziguinchor-dakar-dem-dikk-brandit-linsecurite\/#breadcrumb"},"inLanguage":"fr-FR","potentialAction":[{"@type":"ReadAction","target":["https:\/\/www.public.sn\/index.php\/2023\/06\/20\/suspension-ligne-dakar-ziguinchor-dakar-dem-dikk-brandit-linsecurite\/"]}]},{"@type":"ImageObject","inLanguage":"fr-FR","@id":"https:\/\/www.public.sn\/index.php\/2023\/06\/20\/suspension-ligne-dakar-ziguinchor-dakar-dem-dikk-brandit-linsecurite\/#primaryimage","url":"https:\/\/www.public.sn\/wp-content\/uploads\/2022\/10\/DDD.jpg","contentUrl":"https:\/\/www.public.sn\/wp-content\/uploads\/2022\/10\/DDD.jpg","width":2560,"height":1439,"caption":"publicsn"},{"@type":"BreadcrumbList","@id":"https:\/\/www.public.sn\/index.php\/2023\/06\/20\/suspension-ligne-dakar-ziguinchor-dakar-dem-dikk-brandit-linsecurite\/#breadcrumb","itemListElement":[{"@type":"ListItem","position":1,"name":"Accueil","item":"https:\/\/www.public.sn\/"},{"@type":"ListItem","position":2,"name":"Suspension ligne Dakar-Ziguinchor : Dakar Dem Dikk brandit l\u2019ins\u00e9curit\u00e9"}]},{"@type":"WebSite","@id":"https:\/\/www.public.sn\/#website","url":"https:\/\/www.public.sn\/","name":"LE PUBLIC","description":"","publisher":{"@id":"https:\/\/www.public.sn\/#organization"},"potentialAction":[{"@type":"SearchAction","target":{"@type":"EntryPoint","urlTemplate":"https:\/\/www.public.sn\/?s={search_term_string}"},"query-input":{"@type":"PropertyValueSpecification","valueRequired":true,"valueName":"search_term_string"}}],"inLanguage":"fr-FR"},{"@type":"Organization","@id":"https:\/\/www.public.sn\/#organization","name":"LE PUBLIC","url":"https:\/\/www.public.sn\/","logo":{"@type":"ImageObject","inLanguage":"fr-FR","@id":"https:\/\/www.public.sn\/#\/schema\/logo\/image\/","url":"https:\/\/www.public.sn\/wp-content\/uploads\/2024\/05\/cropped-LOGO-PUBLIC.SN_.png","contentUrl":"https:\/\/www.public.sn\/wp-content\/uploads\/2024\/05\/cropped-LOGO-PUBLIC.SN_.png","width":682,"height":192,"caption":"LE PUBLIC"},"image":{"@id":"https:\/\/www.public.sn\/#\/schema\/logo\/image\/"}},{"@type":"Person","@id":"https:\/\/www.public.sn\/#\/schema\/person\/e3f4a11b037d4203902db148f9bc8d5a","name":"LA REDACTION","image":{"@type":"ImageObject","inLanguage":"fr-FR","@id":"https:\/\/www.public.sn\/#\/schema\/person\/image\/","url":"https:\/\/secure.gravatar.com\/avatar\/d6c030db45db2883c075085c5d6c6258654a801a93766b49af0b82d4f454e2a5?s=96&d=mm&r=g","contentUrl":"https:\/\/secure.gravatar.com\/avatar\/d6c030db45db2883c075085c5d6c6258654a801a93766b49af0b82d4f454e2a5?s=96&d=mm&r=g","caption":"LA REDACTION"},"sameAs":["http:\/\/www.public.sn"],"url":"https:\/\/www.public.sn\/index.php\/author\/admin7324\/"}]}},"jetpack_featured_media_url":"https:\/\/www.public.sn\/wp-content\/uploads\/2022\/10\/DDD.jpg","jetpack_sharing_enabled":true,"_links":{"self":[{"href":"https:\/\/www.public.sn\/index.php\/wp-json\/wp\/v2\/posts\/23971","targetHints":{"allow":["GET"]}}],"collection":[{"href":"https:\/\/www.public.sn\/index.php\/wp-json\/wp\/v2\/posts"}],"about":[{"href":"https:\/\/www.public.sn\/index.php\/wp-json\/wp\/v2\/types\/post"}],"author":[{"embeddable":true,"href":"https:\/\/www.public.sn\/index.php\/wp-json\/wp\/v2\/users\/1"}],"replies":[{"embeddable":true,"href":"https:\/\/www.public.sn\/index.php\/wp-json\/wp\/v2\/comments?post=23971"}],"version-history":[{"count":1,"href":"https:\/\/www.public.sn\/index.php\/wp-json\/wp\/v2\/posts\/23971\/revisions"}],"predecessor-version":[{"id":23972,"href":"https:\/\/www.public.sn\/index.php\/wp-json\/wp\/v2\/posts\/23971\/revisions\/23972"}],"wp:featuredmedia":[{"embeddable":true,"href":"https:\/\/www.public.sn\/index.php\/wp-json\/wp\/v2\/media\/3726"}],"wp:attachment":[{"href":"https:\/\/www.public.sn\/index.php\/wp-json\/wp\/v2\/media?parent=23971"}],"wp:term":[{"taxonomy":"category","embeddable":true,"href":"https:\/\/www.public.sn\/index.php\/wp-json\/wp\/v2\/categories?post=23971"},{"taxonomy":"post_tag","embeddable":true,"href":"https:\/\/www.public.sn\/index.php\/wp-json\/wp\/v2\/tags?post=23971"}],"curies":[{"name":"wp","href":"https:\/\/api.w.org\/{rel}","templated":true}]}}