{"id":23976,"date":"2023-06-20T16:12:39","date_gmt":"2023-06-20T16:12:39","guid":{"rendered":"https:\/\/www.public.sn\/?p=23976"},"modified":"2023-06-20T13:59:58","modified_gmt":"2023-06-20T13:59:58","slug":"aliou-cisse-jai-une-autre-maniere-de-vivre-ma-negritude-je-sais-qui-je-suis","status":"publish","type":"post","link":"https:\/\/www.public.sn\/index.php\/2023\/06\/20\/aliou-cisse-jai-une-autre-maniere-de-vivre-ma-negritude-je-sais-qui-je-suis\/","title":{"rendered":"Aliou Ciss\u00e9 : \u00ab\u00a0J\u2019ai une autre mani\u00e8re de vivre ma n\u00e9gritude. Je sais qui je suis&#8230;\u00a0\u00bb"},"content":{"rendered":"<p><strong>Le racisme, voil\u00e0 un sujet d\u2019actualit\u00e9 et l\u2019un des maux qui rongent le football. Mais Aliou Ciss\u00e9 a un avis bien diff\u00e9rent sur la question.<\/strong><\/p><div class=\"publi-paragraphe1\" style=\"margin-top: 10px;margin-bottom: 10px;margin-left: auto;margin-right: auto;text-align: center;\" id=\"publi-2587241943\"><div class=\"publi-adlabel\">Publicit\u00e9<\/div><script async src=\"\/\/pagead2.googlesyndication.com\/pagead\/js\/adsbygoogle.js?client=ca-pub-4089586018074219\" crossorigin=\"anonymous\"><\/script><ins class=\"adsbygoogle\" style=\"display:block;\" data-ad-client=\"ca-pub-4089586018074219\" \ndata-ad-slot=\"2087940154\" \ndata-ad-format=\"auto\"><\/ins>\n<script> \n(adsbygoogle = window.adsbygoogle || []).push({}); \n<\/script>\n<\/div>\n<p>S\u2019il y a quelque chose qui va mettre Aliou Ciss\u00e9 en col\u00e8re, ce n\u2019est certainement pas le racisme. En conf\u00e9rence de presse avant d\u2019affronter le Br\u00e9sil en amical, le s\u00e9lectionneur du S\u00e9n\u00e9gal a \u00e9t\u00e9 interrog\u00e9 sur le sujet. Et contrairement aux autres, ce dernier ne s\u2019est pas enflamm\u00e9. Il a une autre mani\u00e8re d\u2019apercevoir les choses et les cris racistes ne sont pas ce qu\u2019il y a de pire, estime Aliou Ciss\u00e9.<\/p>\n<p>\u00ab Ce genre de comportement, \u00e7a me touche pas, parce que je sais qui je suis. J\u2019ai une autre mani\u00e8re de vivre ma n\u00e9gritude. Je sais qui je suis, je sais qui sont mes anc\u00eatres. Je connais mon histoire. Je suis fier d\u2019\u00eatre noir. Vous ne savez m\u00eame pas comment je vis ma n\u00e9gritude, rien ne peut me toucher. C\u2019est pas parce que 2-3 mecs en tribune font des cris de singe que \u00e7a va me d\u00e9stabiliser dans ma fa\u00e7on de vivre. On a tous \u00e9t\u00e9 victime de \u00e7a une fois dans notre vie, \u00e7a ne nous a pas emp\u00each\u00e9 d\u2019avancer. Il y a encore plus grave que \u00e7a. \u00bb<\/p>\n<p><strong>INFOS-SPORT<\/strong><\/p>\n<div class=\"publi-apres-le-contenu\" style=\"margin-top: 10px;margin-bottom: 10px;margin-left: auto;margin-right: auto;text-align: center;\" id=\"publi-3648005224\"><div class=\"publi-adlabel\">Publicit\u00e9<\/div><script async src=\"\/\/pagead2.googlesyndication.com\/pagead\/js\/adsbygoogle.js?client=ca-pub-4089586018074219\" crossorigin=\"anonymous\"><\/script><ins class=\"adsbygoogle\" style=\"display:block;\" data-ad-client=\"ca-pub-4089586018074219\" \ndata-ad-slot=\"2087940154\" \ndata-ad-format=\"auto\"><\/ins>\n<script> \n(adsbygoogle = window.adsbygoogle || []).push({}); \n<\/script>\n<\/div>","protected":false},"excerpt":{"rendered":"<p>Le racisme, voil\u00e0 un sujet d\u2019actualit\u00e9 et l\u2019un des maux qui rongent le football. Mais Aliou Ciss\u00e9 a un avis bien diff\u00e9rent sur la question. S\u2019il y a quelque chose qui va mettre Aliou Ciss\u00e9 en col\u00e8re, ce n\u2019est certainement pas le racisme. En conf\u00e9rence de presse avant d\u2019affronter le Br\u00e9sil en amical, le s\u00e9lectionneur du S\u00e9n\u00e9gal a \u00e9t\u00e9 interrog\u00e9 sur le sujet. Et contrairement aux autres, ce dernier ne s\u2019est pas enflamm\u00e9. Il a une autre mani\u00e8re d\u2019apercevoir les choses et les cris racistes ne sont pas ce qu\u2019il y a de pire, estime Aliou Ciss\u00e9. \u00ab Ce genre de comportement, \u00e7a me touche pas, parce que je sais qui je suis. J\u2019ai une autre mani\u00e8re de vivre ma n\u00e9gritude. Je sais qui je suis, je sais qui sont mes anc\u00eatres. Je connais mon histoire. Je suis fier d\u2019\u00eatre noir. Vous ne savez m\u00eame pas comment je vis ma n\u00e9gritude, rien ne peut me toucher. C\u2019est pas parce que 2-3 mecs en tribune font des cris de singe que \u00e7a va me d\u00e9stabiliser dans ma fa\u00e7on de vivre. On a tous \u00e9t\u00e9 victime de \u00e7a une fois dans notre vie, \u00e7a ne nous a pas emp\u00each\u00e9 d\u2019avancer. Il y a encore plus grave que \u00e7a. \u00bb INFOS-SPORT<\/p>\n","protected":false},"author":1,"featured_media":16522,"comment_status":"open","ping_status":"open","sticky":false,"template":"","format":"standard","meta":{"_jetpack_memberships_contains_paid_content":false,"footnotes":""},"categories":[375,550,3412,7],"tags":[827,4608],"class_list":["post-23976","post","type-post","status-publish","format-standard","has-post-thumbnail","hentry","category-actualites","category-afrique-monde","category-football","category-sport","tag-aliou-cisse","tag-racisme","entry","has-media","owp-thumbs-layout-horizontal","owp-btn-normal","owp-tabs-layout-horizontal","has-no-thumbnails","has-product-nav"],"yoast_head":"<!-- This site is optimized with the Yoast SEO plugin v25.5 - https:\/\/yoast.com\/wordpress\/plugins\/seo\/ -->\n<title>Aliou Ciss\u00e9 : &quot;J\u2019ai une autre mani\u00e8re de vivre ma n\u00e9gritude. Je sais qui je suis...&quot; - LE PUBLIC<\/title>\n<meta name=\"description\" content=\"Le racisme, voil\u00e0 un sujet d\u2019actualit\u00e9 et l\u2019un des maux qui rongent le football. Mais Aliou Ciss\u00e9 a un avis bien diff\u00e9rent sur la question.\" \/>\n<meta name=\"robots\" content=\"index, follow, max-snippet:-1, max-image-preview:large, max-video-preview:-1\" \/>\n<link rel=\"canonical\" href=\"https:\/\/www.public.sn\/index.php\/2023\/06\/20\/aliou-cisse-jai-une-autre-maniere-de-vivre-ma-negritude-je-sais-qui-je-suis\/\" \/>\n<meta property=\"og:locale\" content=\"fr_FR\" \/>\n<meta property=\"og:type\" content=\"article\" \/>\n<meta property=\"og:title\" content=\"Aliou Ciss\u00e9 : &quot;J\u2019ai une autre mani\u00e8re de vivre ma n\u00e9gritude. Je sais qui je suis...&quot; - LE PUBLIC\" \/>\n<meta property=\"og:description\" content=\"Le racisme, voil\u00e0 un sujet d\u2019actualit\u00e9 et l\u2019un des maux qui rongent le football. Mais Aliou Ciss\u00e9 a un avis bien diff\u00e9rent sur la question.\" \/>\n<meta property=\"og:url\" content=\"https:\/\/www.public.sn\/index.php\/2023\/06\/20\/aliou-cisse-jai-une-autre-maniere-de-vivre-ma-negritude-je-sais-qui-je-suis\/\" \/>\n<meta property=\"og:site_name\" content=\"LE PUBLIC\" \/>\n<meta property=\"article:published_time\" content=\"2023-06-20T16:12:39+00:00\" \/>\n<meta property=\"og:image\" content=\"https:\/\/www.public.sn\/wp-content\/uploads\/2023\/02\/aliou-cisse.jpg\" \/>\n\t<meta property=\"og:image:width\" content=\"696\" \/>\n\t<meta property=\"og:image:height\" content=\"414\" \/>\n\t<meta property=\"og:image:type\" content=\"image\/jpeg\" \/>\n<meta name=\"author\" content=\"LA REDACTION\" \/>\n<meta name=\"twitter:card\" content=\"summary_large_image\" \/>\n<meta name=\"twitter:label1\" content=\"\u00c9crit par\" \/>\n\t<meta name=\"twitter:data1\" content=\"LA REDACTION\" \/>\n\t<meta name=\"twitter:label2\" content=\"Dur\u00e9e de lecture estim\u00e9e\" \/>\n\t<meta name=\"twitter:data2\" content=\"2 minutes\" \/>\n<script type=\"application\/ld+json\" class=\"yoast-schema-graph\">{\"@context\":\"https:\/\/schema.org\",\"@graph\":[{\"@type\":\"Article\",\"@id\":\"https:\/\/www.public.sn\/index.php\/2023\/06\/20\/aliou-cisse-jai-une-autre-maniere-de-vivre-ma-negritude-je-sais-qui-je-suis\/#article\",\"isPartOf\":{\"@id\":\"https:\/\/www.public.sn\/index.php\/2023\/06\/20\/aliou-cisse-jai-une-autre-maniere-de-vivre-ma-negritude-je-sais-qui-je-suis\/\"},\"author\":{\"name\":\"LA REDACTION\",\"@id\":\"https:\/\/www.public.sn\/#\/schema\/person\/e3f4a11b037d4203902db148f9bc8d5a\"},\"headline\":\"Aliou Ciss\u00e9 : \u00ab\u00a0J\u2019ai une autre mani\u00e8re de vivre ma n\u00e9gritude. Je sais qui je suis&#8230;\u00a0\u00bb\",\"datePublished\":\"2023-06-20T16:12:39+00:00\",\"mainEntityOfPage\":{\"@id\":\"https:\/\/www.public.sn\/index.php\/2023\/06\/20\/aliou-cisse-jai-une-autre-maniere-de-vivre-ma-negritude-je-sais-qui-je-suis\/\"},\"wordCount\":252,\"commentCount\":0,\"publisher\":{\"@id\":\"https:\/\/www.public.sn\/#organization\"},\"image\":{\"@id\":\"https:\/\/www.public.sn\/index.php\/2023\/06\/20\/aliou-cisse-jai-une-autre-maniere-de-vivre-ma-negritude-je-sais-qui-je-suis\/#primaryimage\"},\"thumbnailUrl\":\"https:\/\/www.public.sn\/wp-content\/uploads\/2023\/02\/aliou-cisse.jpg\",\"keywords\":[\"Aliou Ciss\u00e9\",\"racisme\"],\"articleSection\":[\"ACTUALIT\u00c9S\",\"AFRIQUE &amp; MONDE\",\"FOOTBALL\",\"SPORTS\"],\"inLanguage\":\"fr-FR\",\"potentialAction\":[{\"@type\":\"CommentAction\",\"name\":\"Comment\",\"target\":[\"https:\/\/www.public.sn\/index.php\/2023\/06\/20\/aliou-cisse-jai-une-autre-maniere-de-vivre-ma-negritude-je-sais-qui-je-suis\/#respond\"]}]},{\"@type\":\"WebPage\",\"@id\":\"https:\/\/www.public.sn\/index.php\/2023\/06\/20\/aliou-cisse-jai-une-autre-maniere-de-vivre-ma-negritude-je-sais-qui-je-suis\/\",\"url\":\"https:\/\/www.public.sn\/index.php\/2023\/06\/20\/aliou-cisse-jai-une-autre-maniere-de-vivre-ma-negritude-je-sais-qui-je-suis\/\",\"name\":\"Aliou Ciss\u00e9 : \\\"J\u2019ai une autre mani\u00e8re de vivre ma n\u00e9gritude. Je sais qui je suis...\\\" - LE PUBLIC\",\"isPartOf\":{\"@id\":\"https:\/\/www.public.sn\/#website\"},\"primaryImageOfPage\":{\"@id\":\"https:\/\/www.public.sn\/index.php\/2023\/06\/20\/aliou-cisse-jai-une-autre-maniere-de-vivre-ma-negritude-je-sais-qui-je-suis\/#primaryimage\"},\"image\":{\"@id\":\"https:\/\/www.public.sn\/index.php\/2023\/06\/20\/aliou-cisse-jai-une-autre-maniere-de-vivre-ma-negritude-je-sais-qui-je-suis\/#primaryimage\"},\"thumbnailUrl\":\"https:\/\/www.public.sn\/wp-content\/uploads\/2023\/02\/aliou-cisse.jpg\",\"datePublished\":\"2023-06-20T16:12:39+00:00\",\"description\":\"Le racisme, voil\u00e0 un sujet d\u2019actualit\u00e9 et l\u2019un des maux qui rongent le football. Mais Aliou Ciss\u00e9 a un avis bien diff\u00e9rent sur la question.\",\"breadcrumb\":{\"@id\":\"https:\/\/www.public.sn\/index.php\/2023\/06\/20\/aliou-cisse-jai-une-autre-maniere-de-vivre-ma-negritude-je-sais-qui-je-suis\/#breadcrumb\"},\"inLanguage\":\"fr-FR\",\"potentialAction\":[{\"@type\":\"ReadAction\",\"target\":[\"https:\/\/www.public.sn\/index.php\/2023\/06\/20\/aliou-cisse-jai-une-autre-maniere-de-vivre-ma-negritude-je-sais-qui-je-suis\/\"]}]},{\"@type\":\"ImageObject\",\"inLanguage\":\"fr-FR\",\"@id\":\"https:\/\/www.public.sn\/index.php\/2023\/06\/20\/aliou-cisse-jai-une-autre-maniere-de-vivre-ma-negritude-je-sais-qui-je-suis\/#primaryimage\",\"url\":\"https:\/\/www.public.sn\/wp-content\/uploads\/2023\/02\/aliou-cisse.jpg\",\"contentUrl\":\"https:\/\/www.public.sn\/wp-content\/uploads\/2023\/02\/aliou-cisse.jpg\",\"width\":696,\"height\":414},{\"@type\":\"BreadcrumbList\",\"@id\":\"https:\/\/www.public.sn\/index.php\/2023\/06\/20\/aliou-cisse-jai-une-autre-maniere-de-vivre-ma-negritude-je-sais-qui-je-suis\/#breadcrumb\",\"itemListElement\":[{\"@type\":\"ListItem\",\"position\":1,\"name\":\"Accueil\",\"item\":\"https:\/\/www.public.sn\/\"},{\"@type\":\"ListItem\",\"position\":2,\"name\":\"Aliou Ciss\u00e9 : \u00ab\u00a0J\u2019ai une autre mani\u00e8re de vivre ma n\u00e9gritude. Je sais qui je suis&#8230;\u00a0\u00bb\"}]},{\"@type\":\"WebSite\",\"@id\":\"https:\/\/www.public.sn\/#website\",\"url\":\"https:\/\/www.public.sn\/\",\"name\":\"LE PUBLIC\",\"description\":\"\",\"publisher\":{\"@id\":\"https:\/\/www.public.sn\/#organization\"},\"potentialAction\":[{\"@type\":\"SearchAction\",\"target\":{\"@type\":\"EntryPoint\",\"urlTemplate\":\"https:\/\/www.public.sn\/?s={search_term_string}\"},\"query-input\":{\"@type\":\"PropertyValueSpecification\",\"valueRequired\":true,\"valueName\":\"search_term_string\"}}],\"inLanguage\":\"fr-FR\"},{\"@type\":\"Organization\",\"@id\":\"https:\/\/www.public.sn\/#organization\",\"name\":\"LE PUBLIC\",\"url\":\"https:\/\/www.public.sn\/\",\"logo\":{\"@type\":\"ImageObject\",\"inLanguage\":\"fr-FR\",\"@id\":\"https:\/\/www.public.sn\/#\/schema\/logo\/image\/\",\"url\":\"https:\/\/www.public.sn\/wp-content\/uploads\/2024\/05\/cropped-LOGO-PUBLIC.SN_.png\",\"contentUrl\":\"https:\/\/www.public.sn\/wp-content\/uploads\/2024\/05\/cropped-LOGO-PUBLIC.SN_.png\",\"width\":682,\"height\":192,\"caption\":\"LE PUBLIC\"},\"image\":{\"@id\":\"https:\/\/www.public.sn\/#\/schema\/logo\/image\/\"}},{\"@type\":\"Person\",\"@id\":\"https:\/\/www.public.sn\/#\/schema\/person\/e3f4a11b037d4203902db148f9bc8d5a\",\"name\":\"LA REDACTION\",\"image\":{\"@type\":\"ImageObject\",\"inLanguage\":\"fr-FR\",\"@id\":\"https:\/\/www.public.sn\/#\/schema\/person\/image\/\",\"url\":\"https:\/\/secure.gravatar.com\/avatar\/d6c030db45db2883c075085c5d6c6258654a801a93766b49af0b82d4f454e2a5?s=96&d=mm&r=g\",\"contentUrl\":\"https:\/\/secure.gravatar.com\/avatar\/d6c030db45db2883c075085c5d6c6258654a801a93766b49af0b82d4f454e2a5?s=96&d=mm&r=g\",\"caption\":\"LA REDACTION\"},\"sameAs\":[\"http:\/\/www.public.sn\"],\"url\":\"https:\/\/www.public.sn\/index.php\/author\/admin7324\/\"}]}<\/script>\n<!-- \/ Yoast SEO plugin. -->","yoast_head_json":{"title":"Aliou Ciss\u00e9 : \"J\u2019ai une autre mani\u00e8re de vivre ma n\u00e9gritude. Je sais qui je suis...\" - LE PUBLIC","description":"Le racisme, voil\u00e0 un sujet d\u2019actualit\u00e9 et l\u2019un des maux qui rongent le football. Mais Aliou Ciss\u00e9 a un avis bien diff\u00e9rent sur la question.","robots":{"index":"index","follow":"follow","max-snippet":"max-snippet:-1","max-image-preview":"max-image-preview:large","max-video-preview":"max-video-preview:-1"},"canonical":"https:\/\/www.public.sn\/index.php\/2023\/06\/20\/aliou-cisse-jai-une-autre-maniere-de-vivre-ma-negritude-je-sais-qui-je-suis\/","og_locale":"fr_FR","og_type":"article","og_title":"Aliou Ciss\u00e9 : \"J\u2019ai une autre mani\u00e8re de vivre ma n\u00e9gritude. Je sais qui je suis...\" - LE PUBLIC","og_description":"Le racisme, voil\u00e0 un sujet d\u2019actualit\u00e9 et l\u2019un des maux qui rongent le football. Mais Aliou Ciss\u00e9 a un avis bien diff\u00e9rent sur la question.","og_url":"https:\/\/www.public.sn\/index.php\/2023\/06\/20\/aliou-cisse-jai-une-autre-maniere-de-vivre-ma-negritude-je-sais-qui-je-suis\/","og_site_name":"LE PUBLIC","article_published_time":"2023-06-20T16:12:39+00:00","og_image":[{"width":696,"height":414,"url":"https:\/\/www.public.sn\/wp-content\/uploads\/2023\/02\/aliou-cisse.jpg","type":"image\/jpeg"}],"author":"LA REDACTION","twitter_card":"summary_large_image","twitter_misc":{"\u00c9crit par":"LA REDACTION","Dur\u00e9e de lecture estim\u00e9e":"2 minutes"},"schema":{"@context":"https:\/\/schema.org","@graph":[{"@type":"Article","@id":"https:\/\/www.public.sn\/index.php\/2023\/06\/20\/aliou-cisse-jai-une-autre-maniere-de-vivre-ma-negritude-je-sais-qui-je-suis\/#article","isPartOf":{"@id":"https:\/\/www.public.sn\/index.php\/2023\/06\/20\/aliou-cisse-jai-une-autre-maniere-de-vivre-ma-negritude-je-sais-qui-je-suis\/"},"author":{"name":"LA REDACTION","@id":"https:\/\/www.public.sn\/#\/schema\/person\/e3f4a11b037d4203902db148f9bc8d5a"},"headline":"Aliou Ciss\u00e9 : \u00ab\u00a0J\u2019ai une autre mani\u00e8re de vivre ma n\u00e9gritude. Je sais qui je suis&#8230;\u00a0\u00bb","datePublished":"2023-06-20T16:12:39+00:00","mainEntityOfPage":{"@id":"https:\/\/www.public.sn\/index.php\/2023\/06\/20\/aliou-cisse-jai-une-autre-maniere-de-vivre-ma-negritude-je-sais-qui-je-suis\/"},"wordCount":252,"commentCount":0,"publisher":{"@id":"https:\/\/www.public.sn\/#organization"},"image":{"@id":"https:\/\/www.public.sn\/index.php\/2023\/06\/20\/aliou-cisse-jai-une-autre-maniere-de-vivre-ma-negritude-je-sais-qui-je-suis\/#primaryimage"},"thumbnailUrl":"https:\/\/www.public.sn\/wp-content\/uploads\/2023\/02\/aliou-cisse.jpg","keywords":["Aliou Ciss\u00e9","racisme"],"articleSection":["ACTUALIT\u00c9S","AFRIQUE &amp; MONDE","FOOTBALL","SPORTS"],"inLanguage":"fr-FR","potentialAction":[{"@type":"CommentAction","name":"Comment","target":["https:\/\/www.public.sn\/index.php\/2023\/06\/20\/aliou-cisse-jai-une-autre-maniere-de-vivre-ma-negritude-je-sais-qui-je-suis\/#respond"]}]},{"@type":"WebPage","@id":"https:\/\/www.public.sn\/index.php\/2023\/06\/20\/aliou-cisse-jai-une-autre-maniere-de-vivre-ma-negritude-je-sais-qui-je-suis\/","url":"https:\/\/www.public.sn\/index.php\/2023\/06\/20\/aliou-cisse-jai-une-autre-maniere-de-vivre-ma-negritude-je-sais-qui-je-suis\/","name":"Aliou Ciss\u00e9 : \"J\u2019ai une autre mani\u00e8re de vivre ma n\u00e9gritude. Je sais qui je suis...\" - LE PUBLIC","isPartOf":{"@id":"https:\/\/www.public.sn\/#website"},"primaryImageOfPage":{"@id":"https:\/\/www.public.sn\/index.php\/2023\/06\/20\/aliou-cisse-jai-une-autre-maniere-de-vivre-ma-negritude-je-sais-qui-je-suis\/#primaryimage"},"image":{"@id":"https:\/\/www.public.sn\/index.php\/2023\/06\/20\/aliou-cisse-jai-une-autre-maniere-de-vivre-ma-negritude-je-sais-qui-je-suis\/#primaryimage"},"thumbnailUrl":"https:\/\/www.public.sn\/wp-content\/uploads\/2023\/02\/aliou-cisse.jpg","datePublished":"2023-06-20T16:12:39+00:00","description":"Le racisme, voil\u00e0 un sujet d\u2019actualit\u00e9 et l\u2019un des maux qui rongent le football. Mais Aliou Ciss\u00e9 a un avis bien diff\u00e9rent sur la question.","breadcrumb":{"@id":"https:\/\/www.public.sn\/index.php\/2023\/06\/20\/aliou-cisse-jai-une-autre-maniere-de-vivre-ma-negritude-je-sais-qui-je-suis\/#breadcrumb"},"inLanguage":"fr-FR","potentialAction":[{"@type":"ReadAction","target":["https:\/\/www.public.sn\/index.php\/2023\/06\/20\/aliou-cisse-jai-une-autre-maniere-de-vivre-ma-negritude-je-sais-qui-je-suis\/"]}]},{"@type":"ImageObject","inLanguage":"fr-FR","@id":"https:\/\/www.public.sn\/index.php\/2023\/06\/20\/aliou-cisse-jai-une-autre-maniere-de-vivre-ma-negritude-je-sais-qui-je-suis\/#primaryimage","url":"https:\/\/www.public.sn\/wp-content\/uploads\/2023\/02\/aliou-cisse.jpg","contentUrl":"https:\/\/www.public.sn\/wp-content\/uploads\/2023\/02\/aliou-cisse.jpg","width":696,"height":414},{"@type":"BreadcrumbList","@id":"https:\/\/www.public.sn\/index.php\/2023\/06\/20\/aliou-cisse-jai-une-autre-maniere-de-vivre-ma-negritude-je-sais-qui-je-suis\/#breadcrumb","itemListElement":[{"@type":"ListItem","position":1,"name":"Accueil","item":"https:\/\/www.public.sn\/"},{"@type":"ListItem","position":2,"name":"Aliou Ciss\u00e9 : \u00ab\u00a0J\u2019ai une autre mani\u00e8re de vivre ma n\u00e9gritude. Je sais qui je suis&#8230;\u00a0\u00bb"}]},{"@type":"WebSite","@id":"https:\/\/www.public.sn\/#website","url":"https:\/\/www.public.sn\/","name":"LE PUBLIC","description":"","publisher":{"@id":"https:\/\/www.public.sn\/#organization"},"potentialAction":[{"@type":"SearchAction","target":{"@type":"EntryPoint","urlTemplate":"https:\/\/www.public.sn\/?s={search_term_string}"},"query-input":{"@type":"PropertyValueSpecification","valueRequired":true,"valueName":"search_term_string"}}],"inLanguage":"fr-FR"},{"@type":"Organization","@id":"https:\/\/www.public.sn\/#organization","name":"LE PUBLIC","url":"https:\/\/www.public.sn\/","logo":{"@type":"ImageObject","inLanguage":"fr-FR","@id":"https:\/\/www.public.sn\/#\/schema\/logo\/image\/","url":"https:\/\/www.public.sn\/wp-content\/uploads\/2024\/05\/cropped-LOGO-PUBLIC.SN_.png","contentUrl":"https:\/\/www.public.sn\/wp-content\/uploads\/2024\/05\/cropped-LOGO-PUBLIC.SN_.png","width":682,"height":192,"caption":"LE PUBLIC"},"image":{"@id":"https:\/\/www.public.sn\/#\/schema\/logo\/image\/"}},{"@type":"Person","@id":"https:\/\/www.public.sn\/#\/schema\/person\/e3f4a11b037d4203902db148f9bc8d5a","name":"LA REDACTION","image":{"@type":"ImageObject","inLanguage":"fr-FR","@id":"https:\/\/www.public.sn\/#\/schema\/person\/image\/","url":"https:\/\/secure.gravatar.com\/avatar\/d6c030db45db2883c075085c5d6c6258654a801a93766b49af0b82d4f454e2a5?s=96&d=mm&r=g","contentUrl":"https:\/\/secure.gravatar.com\/avatar\/d6c030db45db2883c075085c5d6c6258654a801a93766b49af0b82d4f454e2a5?s=96&d=mm&r=g","caption":"LA REDACTION"},"sameAs":["http:\/\/www.public.sn"],"url":"https:\/\/www.public.sn\/index.php\/author\/admin7324\/"}]}},"jetpack_featured_media_url":"https:\/\/www.public.sn\/wp-content\/uploads\/2023\/02\/aliou-cisse.jpg","jetpack_sharing_enabled":true,"_links":{"self":[{"href":"https:\/\/www.public.sn\/index.php\/wp-json\/wp\/v2\/posts\/23976","targetHints":{"allow":["GET"]}}],"collection":[{"href":"https:\/\/www.public.sn\/index.php\/wp-json\/wp\/v2\/posts"}],"about":[{"href":"https:\/\/www.public.sn\/index.php\/wp-json\/wp\/v2\/types\/post"}],"author":[{"embeddable":true,"href":"https:\/\/www.public.sn\/index.php\/wp-json\/wp\/v2\/users\/1"}],"replies":[{"embeddable":true,"href":"https:\/\/www.public.sn\/index.php\/wp-json\/wp\/v2\/comments?post=23976"}],"version-history":[{"count":1,"href":"https:\/\/www.public.sn\/index.php\/wp-json\/wp\/v2\/posts\/23976\/revisions"}],"predecessor-version":[{"id":23977,"href":"https:\/\/www.public.sn\/index.php\/wp-json\/wp\/v2\/posts\/23976\/revisions\/23977"}],"wp:featuredmedia":[{"embeddable":true,"href":"https:\/\/www.public.sn\/index.php\/wp-json\/wp\/v2\/media\/16522"}],"wp:attachment":[{"href":"https:\/\/www.public.sn\/index.php\/wp-json\/wp\/v2\/media?parent=23976"}],"wp:term":[{"taxonomy":"category","embeddable":true,"href":"https:\/\/www.public.sn\/index.php\/wp-json\/wp\/v2\/categories?post=23976"},{"taxonomy":"post_tag","embeddable":true,"href":"https:\/\/www.public.sn\/index.php\/wp-json\/wp\/v2\/tags?post=23976"}],"curies":[{"name":"wp","href":"https:\/\/api.w.org\/{rel}","templated":true}]}}