{"id":2398,"date":"2022-09-21T21:04:46","date_gmt":"2022-09-21T21:04:46","guid":{"rendered":"https:\/\/www.public.sn\/?p=2398"},"modified":"2022-09-21T21:04:49","modified_gmt":"2022-09-21T21:04:49","slug":"censure-de-la-serie-rebelle-de-marodi-la-direction-de-la-cinematographie-brise-le-silence","status":"publish","type":"post","link":"https:\/\/www.public.sn\/index.php\/2022\/09\/21\/censure-de-la-serie-rebelle-de-marodi-la-direction-de-la-cinematographie-brise-le-silence\/","title":{"rendered":"\u00ab Censure \u00bb de la s\u00e9rie \u00ab Rebelle \u00bb de Marodi : la Direction de la cin\u00e9matographie brise le silence"},"content":{"rendered":"<p><strong>La maison de la production Marodi annon\u00e7ait tout r\u00e9cemment que la s\u00e9rie intitul\u00e9e \u00ab Rebelle \u00bb, un combat pour l&rsquo;unit\u00e9 dont la diffusion du premier \u00e9pisode \u00e9tait pr\u00e9vue ce\u00a0<\/strong><b>mercredi 21 septembre est finalement report\u00e9e. Ce, parce qu&rsquo;elle a \u00e9t\u00e9 mise en demeure par la Direction de la cin\u00e9matographie.\u00a0 Cette derni\u00e8re,\u00a0 dans un communiqu\u00e9 de presse, apporte des \u00e9clairages sur cette affaire.\u00a0<\/b><\/p><div class=\"publi-paragraphe1\" style=\"margin-top: 10px;margin-bottom: 10px;margin-left: auto;margin-right: auto;text-align: center;\" id=\"publi-3866130212\"><div class=\"publi-adlabel\">Publicit\u00e9<\/div><script async src=\"\/\/pagead2.googlesyndication.com\/pagead\/js\/adsbygoogle.js?client=ca-pub-4089586018074219\" crossorigin=\"anonymous\"><\/script><ins class=\"adsbygoogle\" style=\"display:block;\" data-ad-client=\"ca-pub-4089586018074219\" \ndata-ad-slot=\"2087940154\" \ndata-ad-format=\"auto\"><\/ins>\n<script> \n(adsbygoogle = window.adsbygoogle || []).push({}); \n<\/script>\n<\/div>\n<p>In extenso, voici l&rsquo;int\u00e9gralit\u00e9 du communiqu\u00e9 de la maison de Production Marodi&#8230;<\/p>\n<p>Nous avons pris connaissance, ce 20 septembre 2022, du communiqu\u00e9 de la Soci\u00e9t\u00e9 de Production Marodi Africa S.A, portant sur le dossier relatif \u00e0 la s\u00e9rie t\u00e9l\u00e9vis\u00e9e \u00ab REBELLE \u00bb.<\/p>\n<p>Par le pr\u00e9sent communiqu\u00e9, nous voulons r\u00e9tablir la v\u00e9rit\u00e9 des faits et porter \u00e0 l\u2019attention de l\u2019opinion publique les informations, ci-apr\u00e8s.<\/p>\n<p>Monsieur le Directeur G\u00e9n\u00e9ral de la Soci\u00e9t\u00e9 de Production MARODI S.A, a saisi, par mail du 17 mars 2022, la Direction de la Cin\u00e9matographie, pour solliciter une autorisation de tournage pour son projet de s\u00e9rie intitul\u00e9e \u00ab\u00a0REBELLE\u00a0\u00bb. Le dossier joint \u00e0 cette fin \u00e9tait incomplet du point de vue de la r\u00e9glementation. Le 25 avril 2022, suite \u00e0 notre saisine, l\u2019int\u00e9ress\u00e9 nous a fait parvenir un r\u00e9sum\u00e9 des sept (07) premiers \u00e9pisodes sur quarante-cinq (45) et un teaser. En l\u2019\u00e9tat, le dossier demeure toujours incomplet.<\/p>\n<p>Devant cette situation et dans notre mission d\u2019accompagnement des producteurs, le Directeur g\u00e9n\u00e9ral a \u00e9t\u00e9 re\u00e7u en s\u00e9ance de travail les 17 mai et 22 juin 2022. A l\u2019issue de ces diff\u00e9rentes rencontres et de l\u2019exploitation des documents fournis (pour rappel incomplets), il lui a \u00e9t\u00e9 indiqu\u00e9 les s\u00e9rieuses r\u00e9serves par rapport \u00e0 la r\u00e9alisation d\u2019une telle s\u00e9rie dans le contexte actuel du dossier de la crise casaman\u00e7aise et des effets qu\u2019une telle s\u00e9rie pourrait avoir aupr\u00e8s de l\u2019opinion publique.<\/p>\n<p>Par la suite, une audience lui a \u00e9t\u00e9 accord\u00e9e le 02 ao\u00fbt 2022, en pr\u00e9sence de sa charg\u00e9e de communication, du responsable de la chaine Sunu Yeuf et du r\u00e9alisateur et une autre, le 09 septembre 2022, en pr\u00e9sence de l\u2019autorit\u00e9 minist\u00e9rielle, toujours dans le but de trouver une issue heureuse \u00e0 cette situation et d\u2019accompagner l\u2019int\u00e9ress\u00e9.<\/p>\n<p>Malgr\u00e9 tout, il a \u00e9t\u00e9, constamment, relev\u00e9 un manque de collaboration, frisant m\u00eame la d\u00e9fiance puisque l\u2019int\u00e9ress\u00e9 a continu\u00e9 \u00e0 faire des tournages, sans autorisation, et \u00e0 diffuser la bande annonce de la sortie de la s\u00e9rie.<\/p>\n<p>C\u2019est fort de ces constats factuels et des manquements \u00e0 la r\u00e9glementation qu\u2019il lui a \u00e9t\u00e9, successivement, notifi\u00e9 le refus de l\u2019autorisation de tournage et la mise en demeure de retirer la bande annonce et d\u2019arr\u00eater les tournages, conform\u00e9ment aux dispositions de loi n\u00b02002-18 du 15 avril 2002 portant r\u00e8gles d\u2019organisation des activit\u00e9s de production, d\u2019exploitation et de promotion cin\u00e9matographiques et audiovisuelles et du d\u00e9cret n\u00b02004-735 du 21 juin 2004 fixant les conditions de d\u00e9livrance d\u2019autorisation de tournage professionnel de films au S\u00e9n\u00e9gal.<\/p>\n<p>Pour finir, la Direction de Cin\u00e9matographie rappelle son attachement aux valeurs r\u00e9publicaines qui fondent notre vivre-ensemble et sa disponibilit\u00e9 constante \u00e0 accompagner les acteurs pour un rayonnement de notre industrie cin\u00e9matographique. C\u2019est dans ce sens, d\u2019ailleurs, qu\u2019\u00e0 sa cr\u00e9ation, MARODI S.A a b\u00e9n\u00e9fici\u00e9 d\u2019un soutien cons\u00e9quent du FOPICA pour sa structuration, ce qui a contribu\u00e9 \u00e0 en faire un acteur majeur de l\u2019industrie cin\u00e9matographique nationale.<\/p>\n<p>Fait \u00e0 Dakar, le 21 septembre 2022<\/p>\n<div class=\"publi-apres-le-contenu\" style=\"margin-top: 10px;margin-bottom: 10px;margin-left: auto;margin-right: auto;text-align: center;\" id=\"publi-4291163588\"><div class=\"publi-adlabel\">Publicit\u00e9<\/div><script async src=\"\/\/pagead2.googlesyndication.com\/pagead\/js\/adsbygoogle.js?client=ca-pub-4089586018074219\" crossorigin=\"anonymous\"><\/script><ins class=\"adsbygoogle\" style=\"display:block;\" data-ad-client=\"ca-pub-4089586018074219\" \ndata-ad-slot=\"2087940154\" \ndata-ad-format=\"auto\"><\/ins>\n<script> \n(adsbygoogle = window.adsbygoogle || []).push({}); \n<\/script>\n<\/div>","protected":false},"excerpt":{"rendered":"<p>La maison de la production Marodi annon\u00e7ait tout r\u00e9cemment que la s\u00e9rie intitul\u00e9e \u00ab Rebelle \u00bb, un combat pour l&rsquo;unit\u00e9 dont la diffusion du premier \u00e9pisode \u00e9tait pr\u00e9vue ce\u00a0mercredi 21 septembre est finalement report\u00e9e. Ce, parce qu&rsquo;elle a \u00e9t\u00e9 mise en demeure par la Direction de la cin\u00e9matographie.\u00a0 Cette derni\u00e8re,\u00a0 dans un communiqu\u00e9 de presse, apporte des \u00e9clairages sur cette affaire.\u00a0 In extenso, voici l&rsquo;int\u00e9gralit\u00e9 du communiqu\u00e9 de la maison de Production Marodi&#8230; Nous avons pris connaissance, ce 20 septembre 2022, du communiqu\u00e9 de la Soci\u00e9t\u00e9 de Production Marodi Africa S.A, portant sur le dossier relatif \u00e0 la s\u00e9rie t\u00e9l\u00e9vis\u00e9e \u00ab REBELLE \u00bb. Par le pr\u00e9sent communiqu\u00e9, nous voulons r\u00e9tablir la v\u00e9rit\u00e9 des faits et porter \u00e0 l\u2019attention de l\u2019opinion publique les informations, ci-apr\u00e8s. Monsieur le Directeur G\u00e9n\u00e9ral de la Soci\u00e9t\u00e9 de Production MARODI S.A, a saisi, par mail du 17 mars 2022, la Direction de la Cin\u00e9matographie, pour solliciter une autorisation de tournage pour son projet de s\u00e9rie intitul\u00e9e \u00ab\u00a0REBELLE\u00a0\u00bb. Le dossier joint \u00e0 cette fin \u00e9tait incomplet du point de vue de la r\u00e9glementation. Le 25 avril 2022, suite \u00e0 notre saisine, l\u2019int\u00e9ress\u00e9 nous a fait parvenir un r\u00e9sum\u00e9 des sept (07) premiers \u00e9pisodes sur quarante-cinq (45) et un teaser. En l\u2019\u00e9tat, le dossier demeure toujours incomplet. Devant cette situation et dans notre mission d\u2019accompagnement des producteurs, le Directeur g\u00e9n\u00e9ral a \u00e9t\u00e9 re\u00e7u en s\u00e9ance de travail les 17 mai et 22 juin 2022. A l\u2019issue de ces diff\u00e9rentes rencontres et de l\u2019exploitation des documents fournis (pour rappel incomplets), il lui a \u00e9t\u00e9 indiqu\u00e9 les s\u00e9rieuses r\u00e9serves par rapport \u00e0 la r\u00e9alisation d\u2019une telle s\u00e9rie dans le contexte actuel du dossier de la crise casaman\u00e7aise et des effets qu\u2019une telle s\u00e9rie pourrait avoir aupr\u00e8s de l\u2019opinion publique. Par la suite, une audience lui a \u00e9t\u00e9 accord\u00e9e le 02 ao\u00fbt 2022, en pr\u00e9sence de sa charg\u00e9e de communication, du responsable de la chaine Sunu Yeuf et du r\u00e9alisateur et une autre, le 09 septembre 2022, en pr\u00e9sence de l\u2019autorit\u00e9 minist\u00e9rielle, toujours dans le but de trouver une issue heureuse \u00e0 cette situation et d\u2019accompagner l\u2019int\u00e9ress\u00e9. Malgr\u00e9 tout, il a \u00e9t\u00e9, constamment, relev\u00e9 un manque de collaboration, frisant m\u00eame la d\u00e9fiance puisque l\u2019int\u00e9ress\u00e9 a continu\u00e9 \u00e0 faire des tournages, sans autorisation, et \u00e0 diffuser la bande annonce de la sortie de la s\u00e9rie. C\u2019est fort de ces constats factuels et des manquements \u00e0 la r\u00e9glementation qu\u2019il lui a \u00e9t\u00e9, successivement, notifi\u00e9 le refus de l\u2019autorisation de tournage et la mise en demeure de retirer la bande annonce et d\u2019arr\u00eater les tournages, conform\u00e9ment aux dispositions de loi n\u00b02002-18 du 15 avril 2002 portant r\u00e8gles d\u2019organisation des activit\u00e9s de production, d\u2019exploitation et de promotion cin\u00e9matographiques et audiovisuelles et du d\u00e9cret n\u00b02004-735 du 21 juin 2004 fixant les conditions de d\u00e9livrance d\u2019autorisation de tournage professionnel de films au S\u00e9n\u00e9gal. Pour finir, la Direction de Cin\u00e9matographie rappelle son attachement aux valeurs r\u00e9publicaines qui fondent notre vivre-ensemble et sa disponibilit\u00e9 constante \u00e0 accompagner les acteurs pour un rayonnement de notre industrie cin\u00e9matographique. C\u2019est dans ce sens, d\u2019ailleurs, qu\u2019\u00e0 sa cr\u00e9ation, MARODI S.A a b\u00e9n\u00e9fici\u00e9 d\u2019un soutien cons\u00e9quent du FOPICA pour sa structuration, ce qui a contribu\u00e9 \u00e0 en faire un acteur majeur de l\u2019industrie cin\u00e9matographique nationale. Fait \u00e0 Dakar, le 21 septembre 2022<\/p>\n","protected":false},"author":1,"featured_media":2399,"comment_status":"open","ping_status":"open","sticky":false,"template":"","format":"standard","meta":{"_jetpack_memberships_contains_paid_content":false,"footnotes":""},"categories":[9,864,1,865,372],"tags":[861,863,862],"class_list":["post-2398","post","type-post","status-publish","format-standard","has-post-thumbnail","hentry","category-communique","category-culture","category-non-classe","category-series-cinemas","category-vedette","tag-cnra","tag-marodi","tag-rebelle","entry","has-media","owp-thumbs-layout-horizontal","owp-btn-normal","owp-tabs-layout-horizontal","has-no-thumbnails","has-product-nav"],"yoast_head":"<!-- This site is optimized with the Yoast SEO plugin v25.5 - https:\/\/yoast.com\/wordpress\/plugins\/seo\/ -->\n<title>\u00ab Censure \u00bb de la s\u00e9rie \u00ab Rebelle \u00bb de Marodi : la Direction de la cin\u00e9matographie brise le silence - LE PUBLIC<\/title>\n<meta name=\"robots\" content=\"index, follow, max-snippet:-1, max-image-preview:large, max-video-preview:-1\" \/>\n<link rel=\"canonical\" href=\"https:\/\/www.public.sn\/index.php\/2022\/09\/21\/censure-de-la-serie-rebelle-de-marodi-la-direction-de-la-cinematographie-brise-le-silence\/\" \/>\n<meta property=\"og:locale\" content=\"fr_FR\" \/>\n<meta property=\"og:type\" content=\"article\" \/>\n<meta property=\"og:title\" content=\"\u00ab Censure \u00bb de la s\u00e9rie \u00ab Rebelle \u00bb de Marodi : la Direction de la cin\u00e9matographie brise le silence - LE PUBLIC\" \/>\n<meta property=\"og:description\" content=\"La maison de la production Marodi annon\u00e7ait tout r\u00e9cemment que la s\u00e9rie intitul\u00e9e \u00ab Rebelle \u00bb, un combat pour l&rsquo;unit\u00e9 dont la diffusion du premier \u00e9pisode \u00e9tait pr\u00e9vue ce\u00a0mercredi 21 septembre est finalement report\u00e9e. Ce, parce qu&rsquo;elle a \u00e9t\u00e9 mise en demeure par la Direction de la cin\u00e9matographie.\u00a0 Cette derni\u00e8re,\u00a0 dans un communiqu\u00e9 de presse, apporte des \u00e9clairages sur cette affaire.\u00a0 In extenso, voici l&rsquo;int\u00e9gralit\u00e9 du communiqu\u00e9 de la maison de Production Marodi&#8230; Nous avons pris connaissance, ce 20 septembre 2022, du communiqu\u00e9 de la Soci\u00e9t\u00e9 de Production Marodi Africa S.A, portant sur le dossier relatif \u00e0 la s\u00e9rie t\u00e9l\u00e9vis\u00e9e \u00ab REBELLE \u00bb. Par le pr\u00e9sent communiqu\u00e9, nous voulons r\u00e9tablir la v\u00e9rit\u00e9 des faits et porter \u00e0 l\u2019attention de l\u2019opinion publique les informations, ci-apr\u00e8s. Monsieur le Directeur G\u00e9n\u00e9ral de la Soci\u00e9t\u00e9 de Production MARODI S.A, a saisi, par mail du 17 mars 2022, la Direction de la Cin\u00e9matographie, pour solliciter une autorisation de tournage pour son projet de s\u00e9rie intitul\u00e9e \u00ab\u00a0REBELLE\u00a0\u00bb. Le dossier joint \u00e0 cette fin \u00e9tait incomplet du point de vue de la r\u00e9glementation. Le 25 avril 2022, suite \u00e0 notre saisine, l\u2019int\u00e9ress\u00e9 nous a fait parvenir un r\u00e9sum\u00e9 des sept (07) premiers \u00e9pisodes sur quarante-cinq (45) et un teaser. En l\u2019\u00e9tat, le dossier demeure toujours incomplet. Devant cette situation et dans notre mission d\u2019accompagnement des producteurs, le Directeur g\u00e9n\u00e9ral a \u00e9t\u00e9 re\u00e7u en s\u00e9ance de travail les 17 mai et 22 juin 2022. A l\u2019issue de ces diff\u00e9rentes rencontres et de l\u2019exploitation des documents fournis (pour rappel incomplets), il lui a \u00e9t\u00e9 indiqu\u00e9 les s\u00e9rieuses r\u00e9serves par rapport \u00e0 la r\u00e9alisation d\u2019une telle s\u00e9rie dans le contexte actuel du dossier de la crise casaman\u00e7aise et des effets qu\u2019une telle s\u00e9rie pourrait avoir aupr\u00e8s de l\u2019opinion publique. Par la suite, une audience lui a \u00e9t\u00e9 accord\u00e9e le 02 ao\u00fbt 2022, en pr\u00e9sence de sa charg\u00e9e de communication, du responsable de la chaine Sunu Yeuf et du r\u00e9alisateur et une autre, le 09 septembre 2022, en pr\u00e9sence de l\u2019autorit\u00e9 minist\u00e9rielle, toujours dans le but de trouver une issue heureuse \u00e0 cette situation et d\u2019accompagner l\u2019int\u00e9ress\u00e9. Malgr\u00e9 tout, il a \u00e9t\u00e9, constamment, relev\u00e9 un manque de collaboration, frisant m\u00eame la d\u00e9fiance puisque l\u2019int\u00e9ress\u00e9 a continu\u00e9 \u00e0 faire des tournages, sans autorisation, et \u00e0 diffuser la bande annonce de la sortie de la s\u00e9rie. C\u2019est fort de ces constats factuels et des manquements \u00e0 la r\u00e9glementation qu\u2019il lui a \u00e9t\u00e9, successivement, notifi\u00e9 le refus de l\u2019autorisation de tournage et la mise en demeure de retirer la bande annonce et d\u2019arr\u00eater les tournages, conform\u00e9ment aux dispositions de loi n\u00b02002-18 du 15 avril 2002 portant r\u00e8gles d\u2019organisation des activit\u00e9s de production, d\u2019exploitation et de promotion cin\u00e9matographiques et audiovisuelles et du d\u00e9cret n\u00b02004-735 du 21 juin 2004 fixant les conditions de d\u00e9livrance d\u2019autorisation de tournage professionnel de films au S\u00e9n\u00e9gal. Pour finir, la Direction de Cin\u00e9matographie rappelle son attachement aux valeurs r\u00e9publicaines qui fondent notre vivre-ensemble et sa disponibilit\u00e9 constante \u00e0 accompagner les acteurs pour un rayonnement de notre industrie cin\u00e9matographique. C\u2019est dans ce sens, d\u2019ailleurs, qu\u2019\u00e0 sa cr\u00e9ation, MARODI S.A a b\u00e9n\u00e9fici\u00e9 d\u2019un soutien cons\u00e9quent du FOPICA pour sa structuration, ce qui a contribu\u00e9 \u00e0 en faire un acteur majeur de l\u2019industrie cin\u00e9matographique nationale. Fait \u00e0 Dakar, le 21 septembre 2022\" \/>\n<meta property=\"og:url\" content=\"https:\/\/www.public.sn\/index.php\/2022\/09\/21\/censure-de-la-serie-rebelle-de-marodi-la-direction-de-la-cinematographie-brise-le-silence\/\" \/>\n<meta property=\"og:site_name\" content=\"LE PUBLIC\" \/>\n<meta property=\"article:published_time\" content=\"2022-09-21T21:04:46+00:00\" \/>\n<meta property=\"article:modified_time\" content=\"2022-09-21T21:04:49+00:00\" \/>\n<meta property=\"og:image\" content=\"https:\/\/www.public.sn\/wp-content\/uploads\/2022\/09\/Rebelle.gif\" \/>\n\t<meta property=\"og:image:width\" content=\"1073\" \/>\n\t<meta property=\"og:image:height\" content=\"564\" \/>\n\t<meta property=\"og:image:type\" content=\"image\/gif\" \/>\n<meta name=\"author\" content=\"LA REDACTION\" \/>\n<meta name=\"twitter:card\" content=\"summary_large_image\" \/>\n<meta name=\"twitter:label1\" content=\"\u00c9crit par\" \/>\n\t<meta name=\"twitter:data1\" content=\"LA REDACTION\" \/>\n\t<meta name=\"twitter:label2\" content=\"Dur\u00e9e de lecture estim\u00e9e\" \/>\n\t<meta name=\"twitter:data2\" content=\"3 minutes\" \/>\n<script type=\"application\/ld+json\" class=\"yoast-schema-graph\">{\"@context\":\"https:\/\/schema.org\",\"@graph\":[{\"@type\":\"Article\",\"@id\":\"https:\/\/www.public.sn\/index.php\/2022\/09\/21\/censure-de-la-serie-rebelle-de-marodi-la-direction-de-la-cinematographie-brise-le-silence\/#article\",\"isPartOf\":{\"@id\":\"https:\/\/www.public.sn\/index.php\/2022\/09\/21\/censure-de-la-serie-rebelle-de-marodi-la-direction-de-la-cinematographie-brise-le-silence\/\"},\"author\":{\"name\":\"LA REDACTION\",\"@id\":\"https:\/\/www.public.sn\/#\/schema\/person\/e3f4a11b037d4203902db148f9bc8d5a\"},\"headline\":\"\u00ab Censure \u00bb de la s\u00e9rie \u00ab Rebelle \u00bb de Marodi : la Direction de la cin\u00e9matographie brise le silence\",\"datePublished\":\"2022-09-21T21:04:46+00:00\",\"dateModified\":\"2022-09-21T21:04:49+00:00\",\"mainEntityOfPage\":{\"@id\":\"https:\/\/www.public.sn\/index.php\/2022\/09\/21\/censure-de-la-serie-rebelle-de-marodi-la-direction-de-la-cinematographie-brise-le-silence\/\"},\"wordCount\":617,\"commentCount\":0,\"publisher\":{\"@id\":\"https:\/\/www.public.sn\/#organization\"},\"image\":{\"@id\":\"https:\/\/www.public.sn\/index.php\/2022\/09\/21\/censure-de-la-serie-rebelle-de-marodi-la-direction-de-la-cinematographie-brise-le-silence\/#primaryimage\"},\"thumbnailUrl\":\"https:\/\/www.public.sn\/wp-content\/uploads\/2022\/09\/Rebelle.gif\",\"keywords\":[\"CNRA\",\"Marodi\",\"Rebelle\"],\"articleSection\":[\"COMMUNIQU\u00c9\",\"CULTURE\",\"S\u00c9N\u00c9GAL\",\"S\u00c9RIES &amp; CIN\u00c9MAS\",\"VEDETTE\"],\"inLanguage\":\"fr-FR\",\"potentialAction\":[{\"@type\":\"CommentAction\",\"name\":\"Comment\",\"target\":[\"https:\/\/www.public.sn\/index.php\/2022\/09\/21\/censure-de-la-serie-rebelle-de-marodi-la-direction-de-la-cinematographie-brise-le-silence\/#respond\"]}]},{\"@type\":\"WebPage\",\"@id\":\"https:\/\/www.public.sn\/index.php\/2022\/09\/21\/censure-de-la-serie-rebelle-de-marodi-la-direction-de-la-cinematographie-brise-le-silence\/\",\"url\":\"https:\/\/www.public.sn\/index.php\/2022\/09\/21\/censure-de-la-serie-rebelle-de-marodi-la-direction-de-la-cinematographie-brise-le-silence\/\",\"name\":\"\u00ab Censure \u00bb de la s\u00e9rie \u00ab Rebelle \u00bb de Marodi : la Direction de la cin\u00e9matographie brise le silence - LE PUBLIC\",\"isPartOf\":{\"@id\":\"https:\/\/www.public.sn\/#website\"},\"primaryImageOfPage\":{\"@id\":\"https:\/\/www.public.sn\/index.php\/2022\/09\/21\/censure-de-la-serie-rebelle-de-marodi-la-direction-de-la-cinematographie-brise-le-silence\/#primaryimage\"},\"image\":{\"@id\":\"https:\/\/www.public.sn\/index.php\/2022\/09\/21\/censure-de-la-serie-rebelle-de-marodi-la-direction-de-la-cinematographie-brise-le-silence\/#primaryimage\"},\"thumbnailUrl\":\"https:\/\/www.public.sn\/wp-content\/uploads\/2022\/09\/Rebelle.gif\",\"datePublished\":\"2022-09-21T21:04:46+00:00\",\"dateModified\":\"2022-09-21T21:04:49+00:00\",\"breadcrumb\":{\"@id\":\"https:\/\/www.public.sn\/index.php\/2022\/09\/21\/censure-de-la-serie-rebelle-de-marodi-la-direction-de-la-cinematographie-brise-le-silence\/#breadcrumb\"},\"inLanguage\":\"fr-FR\",\"potentialAction\":[{\"@type\":\"ReadAction\",\"target\":[\"https:\/\/www.public.sn\/index.php\/2022\/09\/21\/censure-de-la-serie-rebelle-de-marodi-la-direction-de-la-cinematographie-brise-le-silence\/\"]}]},{\"@type\":\"ImageObject\",\"inLanguage\":\"fr-FR\",\"@id\":\"https:\/\/www.public.sn\/index.php\/2022\/09\/21\/censure-de-la-serie-rebelle-de-marodi-la-direction-de-la-cinematographie-brise-le-silence\/#primaryimage\",\"url\":\"https:\/\/www.public.sn\/wp-content\/uploads\/2022\/09\/Rebelle.gif\",\"contentUrl\":\"https:\/\/www.public.sn\/wp-content\/uploads\/2022\/09\/Rebelle.gif\",\"width\":1073,\"height\":564},{\"@type\":\"BreadcrumbList\",\"@id\":\"https:\/\/www.public.sn\/index.php\/2022\/09\/21\/censure-de-la-serie-rebelle-de-marodi-la-direction-de-la-cinematographie-brise-le-silence\/#breadcrumb\",\"itemListElement\":[{\"@type\":\"ListItem\",\"position\":1,\"name\":\"Accueil\",\"item\":\"https:\/\/www.public.sn\/\"},{\"@type\":\"ListItem\",\"position\":2,\"name\":\"\u00ab Censure \u00bb de la s\u00e9rie \u00ab Rebelle \u00bb de Marodi : la Direction de la cin\u00e9matographie brise le silence\"}]},{\"@type\":\"WebSite\",\"@id\":\"https:\/\/www.public.sn\/#website\",\"url\":\"https:\/\/www.public.sn\/\",\"name\":\"LE PUBLIC\",\"description\":\"\",\"publisher\":{\"@id\":\"https:\/\/www.public.sn\/#organization\"},\"potentialAction\":[{\"@type\":\"SearchAction\",\"target\":{\"@type\":\"EntryPoint\",\"urlTemplate\":\"https:\/\/www.public.sn\/?s={search_term_string}\"},\"query-input\":{\"@type\":\"PropertyValueSpecification\",\"valueRequired\":true,\"valueName\":\"search_term_string\"}}],\"inLanguage\":\"fr-FR\"},{\"@type\":\"Organization\",\"@id\":\"https:\/\/www.public.sn\/#organization\",\"name\":\"LE PUBLIC\",\"url\":\"https:\/\/www.public.sn\/\",\"logo\":{\"@type\":\"ImageObject\",\"inLanguage\":\"fr-FR\",\"@id\":\"https:\/\/www.public.sn\/#\/schema\/logo\/image\/\",\"url\":\"https:\/\/www.public.sn\/wp-content\/uploads\/2024\/05\/cropped-LOGO-PUBLIC.SN_.png\",\"contentUrl\":\"https:\/\/www.public.sn\/wp-content\/uploads\/2024\/05\/cropped-LOGO-PUBLIC.SN_.png\",\"width\":682,\"height\":192,\"caption\":\"LE PUBLIC\"},\"image\":{\"@id\":\"https:\/\/www.public.sn\/#\/schema\/logo\/image\/\"}},{\"@type\":\"Person\",\"@id\":\"https:\/\/www.public.sn\/#\/schema\/person\/e3f4a11b037d4203902db148f9bc8d5a\",\"name\":\"LA REDACTION\",\"image\":{\"@type\":\"ImageObject\",\"inLanguage\":\"fr-FR\",\"@id\":\"https:\/\/www.public.sn\/#\/schema\/person\/image\/\",\"url\":\"https:\/\/secure.gravatar.com\/avatar\/d6c030db45db2883c075085c5d6c6258654a801a93766b49af0b82d4f454e2a5?s=96&d=mm&r=g\",\"contentUrl\":\"https:\/\/secure.gravatar.com\/avatar\/d6c030db45db2883c075085c5d6c6258654a801a93766b49af0b82d4f454e2a5?s=96&d=mm&r=g\",\"caption\":\"LA REDACTION\"},\"sameAs\":[\"http:\/\/www.public.sn\"],\"url\":\"https:\/\/www.public.sn\/index.php\/author\/admin7324\/\"}]}<\/script>\n<!-- \/ Yoast SEO plugin. -->","yoast_head_json":{"title":"\u00ab Censure \u00bb de la s\u00e9rie \u00ab Rebelle \u00bb de Marodi : la Direction de la cin\u00e9matographie brise le silence - LE PUBLIC","robots":{"index":"index","follow":"follow","max-snippet":"max-snippet:-1","max-image-preview":"max-image-preview:large","max-video-preview":"max-video-preview:-1"},"canonical":"https:\/\/www.public.sn\/index.php\/2022\/09\/21\/censure-de-la-serie-rebelle-de-marodi-la-direction-de-la-cinematographie-brise-le-silence\/","og_locale":"fr_FR","og_type":"article","og_title":"\u00ab Censure \u00bb de la s\u00e9rie \u00ab Rebelle \u00bb de Marodi : la Direction de la cin\u00e9matographie brise le silence - LE PUBLIC","og_description":"La maison de la production Marodi annon\u00e7ait tout r\u00e9cemment que la s\u00e9rie intitul\u00e9e \u00ab Rebelle \u00bb, un combat pour l&rsquo;unit\u00e9 dont la diffusion du premier \u00e9pisode \u00e9tait pr\u00e9vue ce\u00a0mercredi 21 septembre est finalement report\u00e9e. Ce, parce qu&rsquo;elle a \u00e9t\u00e9 mise en demeure par la Direction de la cin\u00e9matographie.\u00a0 Cette derni\u00e8re,\u00a0 dans un communiqu\u00e9 de presse, apporte des \u00e9clairages sur cette affaire.\u00a0 In extenso, voici l&rsquo;int\u00e9gralit\u00e9 du communiqu\u00e9 de la maison de Production Marodi&#8230; Nous avons pris connaissance, ce 20 septembre 2022, du communiqu\u00e9 de la Soci\u00e9t\u00e9 de Production Marodi Africa S.A, portant sur le dossier relatif \u00e0 la s\u00e9rie t\u00e9l\u00e9vis\u00e9e \u00ab REBELLE \u00bb. Par le pr\u00e9sent communiqu\u00e9, nous voulons r\u00e9tablir la v\u00e9rit\u00e9 des faits et porter \u00e0 l\u2019attention de l\u2019opinion publique les informations, ci-apr\u00e8s. Monsieur le Directeur G\u00e9n\u00e9ral de la Soci\u00e9t\u00e9 de Production MARODI S.A, a saisi, par mail du 17 mars 2022, la Direction de la Cin\u00e9matographie, pour solliciter une autorisation de tournage pour son projet de s\u00e9rie intitul\u00e9e \u00ab\u00a0REBELLE\u00a0\u00bb. Le dossier joint \u00e0 cette fin \u00e9tait incomplet du point de vue de la r\u00e9glementation. Le 25 avril 2022, suite \u00e0 notre saisine, l\u2019int\u00e9ress\u00e9 nous a fait parvenir un r\u00e9sum\u00e9 des sept (07) premiers \u00e9pisodes sur quarante-cinq (45) et un teaser. En l\u2019\u00e9tat, le dossier demeure toujours incomplet. Devant cette situation et dans notre mission d\u2019accompagnement des producteurs, le Directeur g\u00e9n\u00e9ral a \u00e9t\u00e9 re\u00e7u en s\u00e9ance de travail les 17 mai et 22 juin 2022. A l\u2019issue de ces diff\u00e9rentes rencontres et de l\u2019exploitation des documents fournis (pour rappel incomplets), il lui a \u00e9t\u00e9 indiqu\u00e9 les s\u00e9rieuses r\u00e9serves par rapport \u00e0 la r\u00e9alisation d\u2019une telle s\u00e9rie dans le contexte actuel du dossier de la crise casaman\u00e7aise et des effets qu\u2019une telle s\u00e9rie pourrait avoir aupr\u00e8s de l\u2019opinion publique. Par la suite, une audience lui a \u00e9t\u00e9 accord\u00e9e le 02 ao\u00fbt 2022, en pr\u00e9sence de sa charg\u00e9e de communication, du responsable de la chaine Sunu Yeuf et du r\u00e9alisateur et une autre, le 09 septembre 2022, en pr\u00e9sence de l\u2019autorit\u00e9 minist\u00e9rielle, toujours dans le but de trouver une issue heureuse \u00e0 cette situation et d\u2019accompagner l\u2019int\u00e9ress\u00e9. Malgr\u00e9 tout, il a \u00e9t\u00e9, constamment, relev\u00e9 un manque de collaboration, frisant m\u00eame la d\u00e9fiance puisque l\u2019int\u00e9ress\u00e9 a continu\u00e9 \u00e0 faire des tournages, sans autorisation, et \u00e0 diffuser la bande annonce de la sortie de la s\u00e9rie. C\u2019est fort de ces constats factuels et des manquements \u00e0 la r\u00e9glementation qu\u2019il lui a \u00e9t\u00e9, successivement, notifi\u00e9 le refus de l\u2019autorisation de tournage et la mise en demeure de retirer la bande annonce et d\u2019arr\u00eater les tournages, conform\u00e9ment aux dispositions de loi n\u00b02002-18 du 15 avril 2002 portant r\u00e8gles d\u2019organisation des activit\u00e9s de production, d\u2019exploitation et de promotion cin\u00e9matographiques et audiovisuelles et du d\u00e9cret n\u00b02004-735 du 21 juin 2004 fixant les conditions de d\u00e9livrance d\u2019autorisation de tournage professionnel de films au S\u00e9n\u00e9gal. Pour finir, la Direction de Cin\u00e9matographie rappelle son attachement aux valeurs r\u00e9publicaines qui fondent notre vivre-ensemble et sa disponibilit\u00e9 constante \u00e0 accompagner les acteurs pour un rayonnement de notre industrie cin\u00e9matographique. C\u2019est dans ce sens, d\u2019ailleurs, qu\u2019\u00e0 sa cr\u00e9ation, MARODI S.A a b\u00e9n\u00e9fici\u00e9 d\u2019un soutien cons\u00e9quent du FOPICA pour sa structuration, ce qui a contribu\u00e9 \u00e0 en faire un acteur majeur de l\u2019industrie cin\u00e9matographique nationale. Fait \u00e0 Dakar, le 21 septembre 2022","og_url":"https:\/\/www.public.sn\/index.php\/2022\/09\/21\/censure-de-la-serie-rebelle-de-marodi-la-direction-de-la-cinematographie-brise-le-silence\/","og_site_name":"LE PUBLIC","article_published_time":"2022-09-21T21:04:46+00:00","article_modified_time":"2022-09-21T21:04:49+00:00","og_image":[{"width":1073,"height":564,"url":"https:\/\/www.public.sn\/wp-content\/uploads\/2022\/09\/Rebelle.gif","type":"image\/gif"}],"author":"LA REDACTION","twitter_card":"summary_large_image","twitter_misc":{"\u00c9crit par":"LA REDACTION","Dur\u00e9e de lecture estim\u00e9e":"3 minutes"},"schema":{"@context":"https:\/\/schema.org","@graph":[{"@type":"Article","@id":"https:\/\/www.public.sn\/index.php\/2022\/09\/21\/censure-de-la-serie-rebelle-de-marodi-la-direction-de-la-cinematographie-brise-le-silence\/#article","isPartOf":{"@id":"https:\/\/www.public.sn\/index.php\/2022\/09\/21\/censure-de-la-serie-rebelle-de-marodi-la-direction-de-la-cinematographie-brise-le-silence\/"},"author":{"name":"LA REDACTION","@id":"https:\/\/www.public.sn\/#\/schema\/person\/e3f4a11b037d4203902db148f9bc8d5a"},"headline":"\u00ab Censure \u00bb de la s\u00e9rie \u00ab Rebelle \u00bb de Marodi : la Direction de la cin\u00e9matographie brise le silence","datePublished":"2022-09-21T21:04:46+00:00","dateModified":"2022-09-21T21:04:49+00:00","mainEntityOfPage":{"@id":"https:\/\/www.public.sn\/index.php\/2022\/09\/21\/censure-de-la-serie-rebelle-de-marodi-la-direction-de-la-cinematographie-brise-le-silence\/"},"wordCount":617,"commentCount":0,"publisher":{"@id":"https:\/\/www.public.sn\/#organization"},"image":{"@id":"https:\/\/www.public.sn\/index.php\/2022\/09\/21\/censure-de-la-serie-rebelle-de-marodi-la-direction-de-la-cinematographie-brise-le-silence\/#primaryimage"},"thumbnailUrl":"https:\/\/www.public.sn\/wp-content\/uploads\/2022\/09\/Rebelle.gif","keywords":["CNRA","Marodi","Rebelle"],"articleSection":["COMMUNIQU\u00c9","CULTURE","S\u00c9N\u00c9GAL","S\u00c9RIES &amp; CIN\u00c9MAS","VEDETTE"],"inLanguage":"fr-FR","potentialAction":[{"@type":"CommentAction","name":"Comment","target":["https:\/\/www.public.sn\/index.php\/2022\/09\/21\/censure-de-la-serie-rebelle-de-marodi-la-direction-de-la-cinematographie-brise-le-silence\/#respond"]}]},{"@type":"WebPage","@id":"https:\/\/www.public.sn\/index.php\/2022\/09\/21\/censure-de-la-serie-rebelle-de-marodi-la-direction-de-la-cinematographie-brise-le-silence\/","url":"https:\/\/www.public.sn\/index.php\/2022\/09\/21\/censure-de-la-serie-rebelle-de-marodi-la-direction-de-la-cinematographie-brise-le-silence\/","name":"\u00ab Censure \u00bb de la s\u00e9rie \u00ab Rebelle \u00bb de Marodi : la Direction de la cin\u00e9matographie brise le silence - LE PUBLIC","isPartOf":{"@id":"https:\/\/www.public.sn\/#website"},"primaryImageOfPage":{"@id":"https:\/\/www.public.sn\/index.php\/2022\/09\/21\/censure-de-la-serie-rebelle-de-marodi-la-direction-de-la-cinematographie-brise-le-silence\/#primaryimage"},"image":{"@id":"https:\/\/www.public.sn\/index.php\/2022\/09\/21\/censure-de-la-serie-rebelle-de-marodi-la-direction-de-la-cinematographie-brise-le-silence\/#primaryimage"},"thumbnailUrl":"https:\/\/www.public.sn\/wp-content\/uploads\/2022\/09\/Rebelle.gif","datePublished":"2022-09-21T21:04:46+00:00","dateModified":"2022-09-21T21:04:49+00:00","breadcrumb":{"@id":"https:\/\/www.public.sn\/index.php\/2022\/09\/21\/censure-de-la-serie-rebelle-de-marodi-la-direction-de-la-cinematographie-brise-le-silence\/#breadcrumb"},"inLanguage":"fr-FR","potentialAction":[{"@type":"ReadAction","target":["https:\/\/www.public.sn\/index.php\/2022\/09\/21\/censure-de-la-serie-rebelle-de-marodi-la-direction-de-la-cinematographie-brise-le-silence\/"]}]},{"@type":"ImageObject","inLanguage":"fr-FR","@id":"https:\/\/www.public.sn\/index.php\/2022\/09\/21\/censure-de-la-serie-rebelle-de-marodi-la-direction-de-la-cinematographie-brise-le-silence\/#primaryimage","url":"https:\/\/www.public.sn\/wp-content\/uploads\/2022\/09\/Rebelle.gif","contentUrl":"https:\/\/www.public.sn\/wp-content\/uploads\/2022\/09\/Rebelle.gif","width":1073,"height":564},{"@type":"BreadcrumbList","@id":"https:\/\/www.public.sn\/index.php\/2022\/09\/21\/censure-de-la-serie-rebelle-de-marodi-la-direction-de-la-cinematographie-brise-le-silence\/#breadcrumb","itemListElement":[{"@type":"ListItem","position":1,"name":"Accueil","item":"https:\/\/www.public.sn\/"},{"@type":"ListItem","position":2,"name":"\u00ab Censure \u00bb de la s\u00e9rie \u00ab Rebelle \u00bb de Marodi : la Direction de la cin\u00e9matographie brise le silence"}]},{"@type":"WebSite","@id":"https:\/\/www.public.sn\/#website","url":"https:\/\/www.public.sn\/","name":"LE PUBLIC","description":"","publisher":{"@id":"https:\/\/www.public.sn\/#organization"},"potentialAction":[{"@type":"SearchAction","target":{"@type":"EntryPoint","urlTemplate":"https:\/\/www.public.sn\/?s={search_term_string}"},"query-input":{"@type":"PropertyValueSpecification","valueRequired":true,"valueName":"search_term_string"}}],"inLanguage":"fr-FR"},{"@type":"Organization","@id":"https:\/\/www.public.sn\/#organization","name":"LE PUBLIC","url":"https:\/\/www.public.sn\/","logo":{"@type":"ImageObject","inLanguage":"fr-FR","@id":"https:\/\/www.public.sn\/#\/schema\/logo\/image\/","url":"https:\/\/www.public.sn\/wp-content\/uploads\/2024\/05\/cropped-LOGO-PUBLIC.SN_.png","contentUrl":"https:\/\/www.public.sn\/wp-content\/uploads\/2024\/05\/cropped-LOGO-PUBLIC.SN_.png","width":682,"height":192,"caption":"LE PUBLIC"},"image":{"@id":"https:\/\/www.public.sn\/#\/schema\/logo\/image\/"}},{"@type":"Person","@id":"https:\/\/www.public.sn\/#\/schema\/person\/e3f4a11b037d4203902db148f9bc8d5a","name":"LA REDACTION","image":{"@type":"ImageObject","inLanguage":"fr-FR","@id":"https:\/\/www.public.sn\/#\/schema\/person\/image\/","url":"https:\/\/secure.gravatar.com\/avatar\/d6c030db45db2883c075085c5d6c6258654a801a93766b49af0b82d4f454e2a5?s=96&d=mm&r=g","contentUrl":"https:\/\/secure.gravatar.com\/avatar\/d6c030db45db2883c075085c5d6c6258654a801a93766b49af0b82d4f454e2a5?s=96&d=mm&r=g","caption":"LA REDACTION"},"sameAs":["http:\/\/www.public.sn"],"url":"https:\/\/www.public.sn\/index.php\/author\/admin7324\/"}]}},"jetpack_featured_media_url":"https:\/\/www.public.sn\/wp-content\/uploads\/2022\/09\/Rebelle.gif","jetpack_sharing_enabled":true,"_links":{"self":[{"href":"https:\/\/www.public.sn\/index.php\/wp-json\/wp\/v2\/posts\/2398","targetHints":{"allow":["GET"]}}],"collection":[{"href":"https:\/\/www.public.sn\/index.php\/wp-json\/wp\/v2\/posts"}],"about":[{"href":"https:\/\/www.public.sn\/index.php\/wp-json\/wp\/v2\/types\/post"}],"author":[{"embeddable":true,"href":"https:\/\/www.public.sn\/index.php\/wp-json\/wp\/v2\/users\/1"}],"replies":[{"embeddable":true,"href":"https:\/\/www.public.sn\/index.php\/wp-json\/wp\/v2\/comments?post=2398"}],"version-history":[{"count":3,"href":"https:\/\/www.public.sn\/index.php\/wp-json\/wp\/v2\/posts\/2398\/revisions"}],"predecessor-version":[{"id":2402,"href":"https:\/\/www.public.sn\/index.php\/wp-json\/wp\/v2\/posts\/2398\/revisions\/2402"}],"wp:featuredmedia":[{"embeddable":true,"href":"https:\/\/www.public.sn\/index.php\/wp-json\/wp\/v2\/media\/2399"}],"wp:attachment":[{"href":"https:\/\/www.public.sn\/index.php\/wp-json\/wp\/v2\/media?parent=2398"}],"wp:term":[{"taxonomy":"category","embeddable":true,"href":"https:\/\/www.public.sn\/index.php\/wp-json\/wp\/v2\/categories?post=2398"},{"taxonomy":"post_tag","embeddable":true,"href":"https:\/\/www.public.sn\/index.php\/wp-json\/wp\/v2\/tags?post=2398"}],"curies":[{"name":"wp","href":"https:\/\/api.w.org\/{rel}","templated":true}]}}