{"id":24021,"date":"2023-06-21T08:49:49","date_gmt":"2023-06-21T08:49:49","guid":{"rendered":"https:\/\/www.public.sn\/?p=24021"},"modified":"2023-06-21T08:49:49","modified_gmt":"2023-06-21T08:49:49","slug":"belle-victoire-sur-le-bresil-le-senegal-realise-un-record-inedit","status":"publish","type":"post","link":"https:\/\/www.public.sn\/index.php\/2023\/06\/21\/belle-victoire-sur-le-bresil-le-senegal-realise-un-record-inedit\/","title":{"rendered":"Belle victoire sur le Br\u00e9sil, le S\u00e9n\u00e9gal r\u00e9alise un record in\u00e9dit"},"content":{"rendered":"<div class=\"the_post_content\">\n<p><strong>D\u00e9cid\u00e9ment, le Br\u00e9sil a du mal avec les nations africaines. Apr\u00e8s ses r\u00e9centes d\u00e9faites face au Cameroun \u00e0 la Coupe du monde, puis au Maroc en mars, la Sele\u00e7ao s\u2019est inclin\u00e9e \u00e0 Lisbonne face au S\u00e9n\u00e9gal. Les Lions de la Teranga se sont impos\u00e9s 4-2, avec notamment un doubl\u00e9 de Sadio Man\u00e9 et un CSC de Marquinhos, qui a ensuite r\u00e9duit le score pour son \u00e9quipe. Pas suffisant pour \u00e9viter une nouvelle d\u00e9faite pour un Br\u00e9sil beaucoup moins convaincant ces derniers mois.<\/strong><\/p>\n<\/div>\n<div id=\"nets\" class=\"hide-mobile\"><\/div>\n<p>Le S\u00e9n\u00e9gal a pris le dessus sur le Br\u00e9sil, ce mardi 20 juin 2023. Un match qui va entrer dans l\u2019histoire pour les hommes de Aliou Ciss\u00e9.<\/p><div class=\"publi-paragraphe1\" style=\"margin-top: 10px;margin-bottom: 10px;margin-left: auto;margin-right: auto;text-align: center;\" id=\"publi-736219328\"><div class=\"publi-adlabel\">Publicit\u00e9<\/div><script async src=\"\/\/pagead2.googlesyndication.com\/pagead\/js\/adsbygoogle.js?client=ca-pub-4089586018074219\" crossorigin=\"anonymous\"><\/script><ins class=\"adsbygoogle\" style=\"display:block;\" data-ad-client=\"ca-pub-4089586018074219\" \ndata-ad-slot=\"2087940154\" \ndata-ad-format=\"auto\"><\/ins>\n<script> \n(adsbygoogle = window.adsbygoogle || []).push({}); \n<\/script>\n<\/div>\n<p>Au d\u00e9but du match, le stade de Lisbonne \u00e9tait impr\u00e9gn\u00e9 du rythme de la Samba. Les supporters br\u00e9siliens nombreux ont cr\u00e9\u00e9 une ambiance chaleureuse \u00ab Do Brasil \u00bb, \u00e0 l\u2019int\u00e9rieur et \u00e0 l\u2019ext\u00e9rieur du Stade Jos\u00e9 Alvalade. Cependant, leur humeur sera bien diff\u00e9rente \u00e0 la fin du match contre le S\u00e9n\u00e9gal, car les Lions ont remport\u00e9 la victoire avec un score de 4-2. L\u2019\u00e9quipe nationale s\u00e9n\u00e9galaise a ainsi \u00e9crit une nouvelle page de son histoire footballistique, devenant la premi\u00e8re nation africaine \u00e0 remporter un match contre l\u2019\u00e9quipe br\u00e9silienne avec un \u00e9cart de deux buts.<\/p>\n<p>Pour mieux appr\u00e9cier l\u2019exploit r\u00e9alis\u00e9 par les joueurs d\u2019Aliou Ciss\u00e9, il est important de revenir sur l\u2019historique des d\u00e9faites du Br\u00e9sil face aux \u00e9quipes africaines. Avant cette rencontre, les Auriverdes avaient d\u00e9j\u00e0 subi quelques revers contre des \u00e9quipes du continent africain, bien que ces d\u00e9faites se soient g\u00e9n\u00e9ralement sold\u00e9es par un \u00e9cart d\u2019un seul but. Le Cameroun, par exemple, a battu le Br\u00e9sil \u00e0 deux reprises avec un score de 1-0, tandis que le Maroc a \u00e9galement r\u00e9ussi \u00e0 s\u2019imposer 2-1.<\/p>\n<div class=\"publi-apres-le-contenu\" style=\"margin-top: 10px;margin-bottom: 10px;margin-left: auto;margin-right: auto;text-align: center;\" id=\"publi-4034305053\"><div class=\"publi-adlabel\">Publicit\u00e9<\/div><script async src=\"\/\/pagead2.googlesyndication.com\/pagead\/js\/adsbygoogle.js?client=ca-pub-4089586018074219\" crossorigin=\"anonymous\"><\/script><ins class=\"adsbygoogle\" style=\"display:block;\" data-ad-client=\"ca-pub-4089586018074219\" \ndata-ad-slot=\"2087940154\" \ndata-ad-format=\"auto\"><\/ins>\n<script> \n(adsbygoogle = window.adsbygoogle || []).push({}); \n<\/script>\n<\/div>","protected":false},"excerpt":{"rendered":"<p>D\u00e9cid\u00e9ment, le Br\u00e9sil a du mal avec les nations africaines. Apr\u00e8s ses r\u00e9centes d\u00e9faites face au Cameroun \u00e0 la Coupe du monde, puis au Maroc en mars, la Sele\u00e7ao s\u2019est inclin\u00e9e \u00e0 Lisbonne face au S\u00e9n\u00e9gal. Les Lions de la Teranga se sont impos\u00e9s 4-2, avec notamment un doubl\u00e9 de Sadio Man\u00e9 et un CSC de Marquinhos, qui a ensuite r\u00e9duit le score pour son \u00e9quipe. Pas suffisant pour \u00e9viter une nouvelle d\u00e9faite pour un Br\u00e9sil beaucoup moins convaincant ces derniers mois. Le S\u00e9n\u00e9gal a pris le dessus sur le Br\u00e9sil, ce mardi 20 juin 2023. Un match qui va entrer dans l\u2019histoire pour les hommes de Aliou Ciss\u00e9. Au d\u00e9but du match, le stade de Lisbonne \u00e9tait impr\u00e9gn\u00e9 du rythme de la Samba. Les supporters br\u00e9siliens nombreux ont cr\u00e9\u00e9 une ambiance chaleureuse \u00ab Do Brasil \u00bb, \u00e0 l\u2019int\u00e9rieur et \u00e0 l\u2019ext\u00e9rieur du Stade Jos\u00e9 Alvalade. Cependant, leur humeur sera bien diff\u00e9rente \u00e0 la fin du match contre le S\u00e9n\u00e9gal, car les Lions ont remport\u00e9 la victoire avec un score de 4-2. L\u2019\u00e9quipe nationale s\u00e9n\u00e9galaise a ainsi \u00e9crit une nouvelle page de son histoire footballistique, devenant la premi\u00e8re nation africaine \u00e0 remporter un match contre l\u2019\u00e9quipe br\u00e9silienne avec un \u00e9cart de deux buts. Pour mieux appr\u00e9cier l\u2019exploit r\u00e9alis\u00e9 par les joueurs d\u2019Aliou Ciss\u00e9, il est important de revenir sur l\u2019historique des d\u00e9faites du Br\u00e9sil face aux \u00e9quipes africaines. Avant cette rencontre, les Auriverdes avaient d\u00e9j\u00e0 subi quelques revers contre des \u00e9quipes du continent africain, bien que ces d\u00e9faites se soient g\u00e9n\u00e9ralement sold\u00e9es par un \u00e9cart d\u2019un seul but. Le Cameroun, par exemple, a battu le Br\u00e9sil \u00e0 deux reprises avec un score de 1-0, tandis que le Maroc a \u00e9galement r\u00e9ussi \u00e0 s\u2019imposer 2-1.<\/p>\n","protected":false},"author":1,"featured_media":24023,"comment_status":"open","ping_status":"open","sticky":false,"template":"","format":"standard","meta":{"_jetpack_memberships_contains_paid_content":false,"footnotes":""},"categories":[375,3412,1,7,372],"tags":[65,766,503],"class_list":["post-24021","post","type-post","status-publish","format-standard","has-post-thumbnail","hentry","category-actualites","category-football","category-non-classe","category-sport","category-vedette","tag-bresil","tag-senegal","tag-victoire","entry","has-media","owp-thumbs-layout-horizontal","owp-btn-normal","owp-tabs-layout-horizontal","has-no-thumbnails","has-product-nav"],"yoast_head":"<!-- This site is optimized with the Yoast SEO plugin v25.5 - https:\/\/yoast.com\/wordpress\/plugins\/seo\/ -->\n<title>Belle victoire sur le Br\u00e9sil, le S\u00e9n\u00e9gal r\u00e9alise un record in\u00e9dit - LE PUBLIC<\/title>\n<meta name=\"description\" content=\"D\u00e9cid\u00e9ment, le Br\u00e9sil a du mal avec les nations africaines. Apr\u00e8s ses r\u00e9centes d\u00e9faites face au Cameroun \u00e0 la Coupe du monde, puis au Maroc en mars, la Sele\u00e7ao s\u2019est inclin\u00e9e \u00e0 Lisbonne face au S\u00e9n\u00e9gal. Les Lions de la Teranga se sont impos\u00e9s 4-2, avec notamment un doubl\u00e9 de Sadio Man\u00e9 et un CSC de Marquinhos, qui a ensuite r\u00e9duit le score pour son \u00e9quipe. Pas suffisant pour \u00e9viter une nouvelle d\u00e9faite pour un Br\u00e9sil beaucoup moins convaincant ces derniers mois.\" \/>\n<meta name=\"robots\" content=\"index, follow, max-snippet:-1, max-image-preview:large, max-video-preview:-1\" \/>\n<link rel=\"canonical\" href=\"https:\/\/www.public.sn\/index.php\/2023\/06\/21\/belle-victoire-sur-le-bresil-le-senegal-realise-un-record-inedit\/\" \/>\n<meta property=\"og:locale\" content=\"fr_FR\" \/>\n<meta property=\"og:type\" content=\"article\" \/>\n<meta property=\"og:title\" content=\"Belle victoire sur le Br\u00e9sil, le S\u00e9n\u00e9gal r\u00e9alise un record in\u00e9dit - LE PUBLIC\" \/>\n<meta property=\"og:description\" content=\"D\u00e9cid\u00e9ment, le Br\u00e9sil a du mal avec les nations africaines. Apr\u00e8s ses r\u00e9centes d\u00e9faites face au Cameroun \u00e0 la Coupe du monde, puis au Maroc en mars, la Sele\u00e7ao s\u2019est inclin\u00e9e \u00e0 Lisbonne face au S\u00e9n\u00e9gal. Les Lions de la Teranga se sont impos\u00e9s 4-2, avec notamment un doubl\u00e9 de Sadio Man\u00e9 et un CSC de Marquinhos, qui a ensuite r\u00e9duit le score pour son \u00e9quipe. Pas suffisant pour \u00e9viter une nouvelle d\u00e9faite pour un Br\u00e9sil beaucoup moins convaincant ces derniers mois.\" \/>\n<meta property=\"og:url\" content=\"https:\/\/www.public.sn\/index.php\/2023\/06\/21\/belle-victoire-sur-le-bresil-le-senegal-realise-un-record-inedit\/\" \/>\n<meta property=\"og:site_name\" content=\"LE PUBLIC\" \/>\n<meta property=\"article:published_time\" content=\"2023-06-21T08:49:49+00:00\" \/>\n<meta property=\"og:image\" content=\"https:\/\/www.public.sn\/wp-content\/uploads\/2023\/06\/Sadio-Mane-Bresil.webp\" \/>\n\t<meta property=\"og:image:width\" content=\"696\" \/>\n\t<meta property=\"og:image:height\" content=\"334\" \/>\n\t<meta property=\"og:image:type\" content=\"image\/webp\" \/>\n<meta name=\"author\" content=\"LA REDACTION\" \/>\n<meta name=\"twitter:card\" content=\"summary_large_image\" \/>\n<meta name=\"twitter:label1\" content=\"\u00c9crit par\" \/>\n\t<meta name=\"twitter:data1\" content=\"LA REDACTION\" \/>\n\t<meta name=\"twitter:label2\" content=\"Dur\u00e9e de lecture estim\u00e9e\" \/>\n\t<meta name=\"twitter:data2\" content=\"2 minutes\" \/>\n<script type=\"application\/ld+json\" class=\"yoast-schema-graph\">{\"@context\":\"https:\/\/schema.org\",\"@graph\":[{\"@type\":\"Article\",\"@id\":\"https:\/\/www.public.sn\/index.php\/2023\/06\/21\/belle-victoire-sur-le-bresil-le-senegal-realise-un-record-inedit\/#article\",\"isPartOf\":{\"@id\":\"https:\/\/www.public.sn\/index.php\/2023\/06\/21\/belle-victoire-sur-le-bresil-le-senegal-realise-un-record-inedit\/\"},\"author\":{\"name\":\"LA REDACTION\",\"@id\":\"https:\/\/www.public.sn\/#\/schema\/person\/e3f4a11b037d4203902db148f9bc8d5a\"},\"headline\":\"Belle victoire sur le Br\u00e9sil, le S\u00e9n\u00e9gal r\u00e9alise un record in\u00e9dit\",\"datePublished\":\"2023-06-21T08:49:49+00:00\",\"mainEntityOfPage\":{\"@id\":\"https:\/\/www.public.sn\/index.php\/2023\/06\/21\/belle-victoire-sur-le-bresil-le-senegal-realise-un-record-inedit\/\"},\"wordCount\":339,\"commentCount\":0,\"publisher\":{\"@id\":\"https:\/\/www.public.sn\/#organization\"},\"image\":{\"@id\":\"https:\/\/www.public.sn\/index.php\/2023\/06\/21\/belle-victoire-sur-le-bresil-le-senegal-realise-un-record-inedit\/#primaryimage\"},\"thumbnailUrl\":\"https:\/\/www.public.sn\/wp-content\/uploads\/2023\/06\/Sadio-Mane-Bresil.webp\",\"keywords\":[\"Br\u00e9sil\",\"S\u00e9n\u00e9gal\",\"Victoire\"],\"articleSection\":[\"ACTUALIT\u00c9S\",\"FOOTBALL\",\"S\u00c9N\u00c9GAL\",\"SPORTS\",\"VEDETTE\"],\"inLanguage\":\"fr-FR\",\"potentialAction\":[{\"@type\":\"CommentAction\",\"name\":\"Comment\",\"target\":[\"https:\/\/www.public.sn\/index.php\/2023\/06\/21\/belle-victoire-sur-le-bresil-le-senegal-realise-un-record-inedit\/#respond\"]}]},{\"@type\":\"WebPage\",\"@id\":\"https:\/\/www.public.sn\/index.php\/2023\/06\/21\/belle-victoire-sur-le-bresil-le-senegal-realise-un-record-inedit\/\",\"url\":\"https:\/\/www.public.sn\/index.php\/2023\/06\/21\/belle-victoire-sur-le-bresil-le-senegal-realise-un-record-inedit\/\",\"name\":\"Belle victoire sur le Br\u00e9sil, le S\u00e9n\u00e9gal r\u00e9alise un record in\u00e9dit - LE PUBLIC\",\"isPartOf\":{\"@id\":\"https:\/\/www.public.sn\/#website\"},\"primaryImageOfPage\":{\"@id\":\"https:\/\/www.public.sn\/index.php\/2023\/06\/21\/belle-victoire-sur-le-bresil-le-senegal-realise-un-record-inedit\/#primaryimage\"},\"image\":{\"@id\":\"https:\/\/www.public.sn\/index.php\/2023\/06\/21\/belle-victoire-sur-le-bresil-le-senegal-realise-un-record-inedit\/#primaryimage\"},\"thumbnailUrl\":\"https:\/\/www.public.sn\/wp-content\/uploads\/2023\/06\/Sadio-Mane-Bresil.webp\",\"datePublished\":\"2023-06-21T08:49:49+00:00\",\"description\":\"D\u00e9cid\u00e9ment, le Br\u00e9sil a du mal avec les nations africaines. Apr\u00e8s ses r\u00e9centes d\u00e9faites face au Cameroun \u00e0 la Coupe du monde, puis au Maroc en mars, la Sele\u00e7ao s\u2019est inclin\u00e9e \u00e0 Lisbonne face au S\u00e9n\u00e9gal. Les Lions de la Teranga se sont impos\u00e9s 4-2, avec notamment un doubl\u00e9 de Sadio Man\u00e9 et un CSC de Marquinhos, qui a ensuite r\u00e9duit le score pour son \u00e9quipe. Pas suffisant pour \u00e9viter une nouvelle d\u00e9faite pour un Br\u00e9sil beaucoup moins convaincant ces derniers mois.\",\"breadcrumb\":{\"@id\":\"https:\/\/www.public.sn\/index.php\/2023\/06\/21\/belle-victoire-sur-le-bresil-le-senegal-realise-un-record-inedit\/#breadcrumb\"},\"inLanguage\":\"fr-FR\",\"potentialAction\":[{\"@type\":\"ReadAction\",\"target\":[\"https:\/\/www.public.sn\/index.php\/2023\/06\/21\/belle-victoire-sur-le-bresil-le-senegal-realise-un-record-inedit\/\"]}]},{\"@type\":\"ImageObject\",\"inLanguage\":\"fr-FR\",\"@id\":\"https:\/\/www.public.sn\/index.php\/2023\/06\/21\/belle-victoire-sur-le-bresil-le-senegal-realise-un-record-inedit\/#primaryimage\",\"url\":\"https:\/\/www.public.sn\/wp-content\/uploads\/2023\/06\/Sadio-Mane-Bresil.webp\",\"contentUrl\":\"https:\/\/www.public.sn\/wp-content\/uploads\/2023\/06\/Sadio-Mane-Bresil.webp\",\"width\":696,\"height\":334},{\"@type\":\"BreadcrumbList\",\"@id\":\"https:\/\/www.public.sn\/index.php\/2023\/06\/21\/belle-victoire-sur-le-bresil-le-senegal-realise-un-record-inedit\/#breadcrumb\",\"itemListElement\":[{\"@type\":\"ListItem\",\"position\":1,\"name\":\"Accueil\",\"item\":\"https:\/\/www.public.sn\/\"},{\"@type\":\"ListItem\",\"position\":2,\"name\":\"Belle victoire sur le Br\u00e9sil, le S\u00e9n\u00e9gal r\u00e9alise un record in\u00e9dit\"}]},{\"@type\":\"WebSite\",\"@id\":\"https:\/\/www.public.sn\/#website\",\"url\":\"https:\/\/www.public.sn\/\",\"name\":\"LE PUBLIC\",\"description\":\"\",\"publisher\":{\"@id\":\"https:\/\/www.public.sn\/#organization\"},\"potentialAction\":[{\"@type\":\"SearchAction\",\"target\":{\"@type\":\"EntryPoint\",\"urlTemplate\":\"https:\/\/www.public.sn\/?s={search_term_string}\"},\"query-input\":{\"@type\":\"PropertyValueSpecification\",\"valueRequired\":true,\"valueName\":\"search_term_string\"}}],\"inLanguage\":\"fr-FR\"},{\"@type\":\"Organization\",\"@id\":\"https:\/\/www.public.sn\/#organization\",\"name\":\"LE PUBLIC\",\"url\":\"https:\/\/www.public.sn\/\",\"logo\":{\"@type\":\"ImageObject\",\"inLanguage\":\"fr-FR\",\"@id\":\"https:\/\/www.public.sn\/#\/schema\/logo\/image\/\",\"url\":\"https:\/\/www.public.sn\/wp-content\/uploads\/2024\/05\/cropped-LOGO-PUBLIC.SN_.png\",\"contentUrl\":\"https:\/\/www.public.sn\/wp-content\/uploads\/2024\/05\/cropped-LOGO-PUBLIC.SN_.png\",\"width\":682,\"height\":192,\"caption\":\"LE PUBLIC\"},\"image\":{\"@id\":\"https:\/\/www.public.sn\/#\/schema\/logo\/image\/\"}},{\"@type\":\"Person\",\"@id\":\"https:\/\/www.public.sn\/#\/schema\/person\/e3f4a11b037d4203902db148f9bc8d5a\",\"name\":\"LA REDACTION\",\"image\":{\"@type\":\"ImageObject\",\"inLanguage\":\"fr-FR\",\"@id\":\"https:\/\/www.public.sn\/#\/schema\/person\/image\/\",\"url\":\"https:\/\/secure.gravatar.com\/avatar\/d6c030db45db2883c075085c5d6c6258654a801a93766b49af0b82d4f454e2a5?s=96&d=mm&r=g\",\"contentUrl\":\"https:\/\/secure.gravatar.com\/avatar\/d6c030db45db2883c075085c5d6c6258654a801a93766b49af0b82d4f454e2a5?s=96&d=mm&r=g\",\"caption\":\"LA REDACTION\"},\"sameAs\":[\"http:\/\/www.public.sn\"],\"url\":\"https:\/\/www.public.sn\/index.php\/author\/admin7324\/\"}]}<\/script>\n<!-- \/ Yoast SEO plugin. -->","yoast_head_json":{"title":"Belle victoire sur le Br\u00e9sil, le S\u00e9n\u00e9gal r\u00e9alise un record in\u00e9dit - LE PUBLIC","description":"D\u00e9cid\u00e9ment, le Br\u00e9sil a du mal avec les nations africaines. Apr\u00e8s ses r\u00e9centes d\u00e9faites face au Cameroun \u00e0 la Coupe du monde, puis au Maroc en mars, la Sele\u00e7ao s\u2019est inclin\u00e9e \u00e0 Lisbonne face au S\u00e9n\u00e9gal. Les Lions de la Teranga se sont impos\u00e9s 4-2, avec notamment un doubl\u00e9 de Sadio Man\u00e9 et un CSC de Marquinhos, qui a ensuite r\u00e9duit le score pour son \u00e9quipe. Pas suffisant pour \u00e9viter une nouvelle d\u00e9faite pour un Br\u00e9sil beaucoup moins convaincant ces derniers mois.","robots":{"index":"index","follow":"follow","max-snippet":"max-snippet:-1","max-image-preview":"max-image-preview:large","max-video-preview":"max-video-preview:-1"},"canonical":"https:\/\/www.public.sn\/index.php\/2023\/06\/21\/belle-victoire-sur-le-bresil-le-senegal-realise-un-record-inedit\/","og_locale":"fr_FR","og_type":"article","og_title":"Belle victoire sur le Br\u00e9sil, le S\u00e9n\u00e9gal r\u00e9alise un record in\u00e9dit - LE PUBLIC","og_description":"D\u00e9cid\u00e9ment, le Br\u00e9sil a du mal avec les nations africaines. Apr\u00e8s ses r\u00e9centes d\u00e9faites face au Cameroun \u00e0 la Coupe du monde, puis au Maroc en mars, la Sele\u00e7ao s\u2019est inclin\u00e9e \u00e0 Lisbonne face au S\u00e9n\u00e9gal. Les Lions de la Teranga se sont impos\u00e9s 4-2, avec notamment un doubl\u00e9 de Sadio Man\u00e9 et un CSC de Marquinhos, qui a ensuite r\u00e9duit le score pour son \u00e9quipe. Pas suffisant pour \u00e9viter une nouvelle d\u00e9faite pour un Br\u00e9sil beaucoup moins convaincant ces derniers mois.","og_url":"https:\/\/www.public.sn\/index.php\/2023\/06\/21\/belle-victoire-sur-le-bresil-le-senegal-realise-un-record-inedit\/","og_site_name":"LE PUBLIC","article_published_time":"2023-06-21T08:49:49+00:00","og_image":[{"width":696,"height":334,"url":"https:\/\/www.public.sn\/wp-content\/uploads\/2023\/06\/Sadio-Mane-Bresil.webp","type":"image\/webp"}],"author":"LA REDACTION","twitter_card":"summary_large_image","twitter_misc":{"\u00c9crit par":"LA REDACTION","Dur\u00e9e de lecture estim\u00e9e":"2 minutes"},"schema":{"@context":"https:\/\/schema.org","@graph":[{"@type":"Article","@id":"https:\/\/www.public.sn\/index.php\/2023\/06\/21\/belle-victoire-sur-le-bresil-le-senegal-realise-un-record-inedit\/#article","isPartOf":{"@id":"https:\/\/www.public.sn\/index.php\/2023\/06\/21\/belle-victoire-sur-le-bresil-le-senegal-realise-un-record-inedit\/"},"author":{"name":"LA REDACTION","@id":"https:\/\/www.public.sn\/#\/schema\/person\/e3f4a11b037d4203902db148f9bc8d5a"},"headline":"Belle victoire sur le Br\u00e9sil, le S\u00e9n\u00e9gal r\u00e9alise un record in\u00e9dit","datePublished":"2023-06-21T08:49:49+00:00","mainEntityOfPage":{"@id":"https:\/\/www.public.sn\/index.php\/2023\/06\/21\/belle-victoire-sur-le-bresil-le-senegal-realise-un-record-inedit\/"},"wordCount":339,"commentCount":0,"publisher":{"@id":"https:\/\/www.public.sn\/#organization"},"image":{"@id":"https:\/\/www.public.sn\/index.php\/2023\/06\/21\/belle-victoire-sur-le-bresil-le-senegal-realise-un-record-inedit\/#primaryimage"},"thumbnailUrl":"https:\/\/www.public.sn\/wp-content\/uploads\/2023\/06\/Sadio-Mane-Bresil.webp","keywords":["Br\u00e9sil","S\u00e9n\u00e9gal","Victoire"],"articleSection":["ACTUALIT\u00c9S","FOOTBALL","S\u00c9N\u00c9GAL","SPORTS","VEDETTE"],"inLanguage":"fr-FR","potentialAction":[{"@type":"CommentAction","name":"Comment","target":["https:\/\/www.public.sn\/index.php\/2023\/06\/21\/belle-victoire-sur-le-bresil-le-senegal-realise-un-record-inedit\/#respond"]}]},{"@type":"WebPage","@id":"https:\/\/www.public.sn\/index.php\/2023\/06\/21\/belle-victoire-sur-le-bresil-le-senegal-realise-un-record-inedit\/","url":"https:\/\/www.public.sn\/index.php\/2023\/06\/21\/belle-victoire-sur-le-bresil-le-senegal-realise-un-record-inedit\/","name":"Belle victoire sur le Br\u00e9sil, le S\u00e9n\u00e9gal r\u00e9alise un record in\u00e9dit - LE PUBLIC","isPartOf":{"@id":"https:\/\/www.public.sn\/#website"},"primaryImageOfPage":{"@id":"https:\/\/www.public.sn\/index.php\/2023\/06\/21\/belle-victoire-sur-le-bresil-le-senegal-realise-un-record-inedit\/#primaryimage"},"image":{"@id":"https:\/\/www.public.sn\/index.php\/2023\/06\/21\/belle-victoire-sur-le-bresil-le-senegal-realise-un-record-inedit\/#primaryimage"},"thumbnailUrl":"https:\/\/www.public.sn\/wp-content\/uploads\/2023\/06\/Sadio-Mane-Bresil.webp","datePublished":"2023-06-21T08:49:49+00:00","description":"D\u00e9cid\u00e9ment, le Br\u00e9sil a du mal avec les nations africaines. Apr\u00e8s ses r\u00e9centes d\u00e9faites face au Cameroun \u00e0 la Coupe du monde, puis au Maroc en mars, la Sele\u00e7ao s\u2019est inclin\u00e9e \u00e0 Lisbonne face au S\u00e9n\u00e9gal. Les Lions de la Teranga se sont impos\u00e9s 4-2, avec notamment un doubl\u00e9 de Sadio Man\u00e9 et un CSC de Marquinhos, qui a ensuite r\u00e9duit le score pour son \u00e9quipe. Pas suffisant pour \u00e9viter une nouvelle d\u00e9faite pour un Br\u00e9sil beaucoup moins convaincant ces derniers mois.","breadcrumb":{"@id":"https:\/\/www.public.sn\/index.php\/2023\/06\/21\/belle-victoire-sur-le-bresil-le-senegal-realise-un-record-inedit\/#breadcrumb"},"inLanguage":"fr-FR","potentialAction":[{"@type":"ReadAction","target":["https:\/\/www.public.sn\/index.php\/2023\/06\/21\/belle-victoire-sur-le-bresil-le-senegal-realise-un-record-inedit\/"]}]},{"@type":"ImageObject","inLanguage":"fr-FR","@id":"https:\/\/www.public.sn\/index.php\/2023\/06\/21\/belle-victoire-sur-le-bresil-le-senegal-realise-un-record-inedit\/#primaryimage","url":"https:\/\/www.public.sn\/wp-content\/uploads\/2023\/06\/Sadio-Mane-Bresil.webp","contentUrl":"https:\/\/www.public.sn\/wp-content\/uploads\/2023\/06\/Sadio-Mane-Bresil.webp","width":696,"height":334},{"@type":"BreadcrumbList","@id":"https:\/\/www.public.sn\/index.php\/2023\/06\/21\/belle-victoire-sur-le-bresil-le-senegal-realise-un-record-inedit\/#breadcrumb","itemListElement":[{"@type":"ListItem","position":1,"name":"Accueil","item":"https:\/\/www.public.sn\/"},{"@type":"ListItem","position":2,"name":"Belle victoire sur le Br\u00e9sil, le S\u00e9n\u00e9gal r\u00e9alise un record in\u00e9dit"}]},{"@type":"WebSite","@id":"https:\/\/www.public.sn\/#website","url":"https:\/\/www.public.sn\/","name":"LE PUBLIC","description":"","publisher":{"@id":"https:\/\/www.public.sn\/#organization"},"potentialAction":[{"@type":"SearchAction","target":{"@type":"EntryPoint","urlTemplate":"https:\/\/www.public.sn\/?s={search_term_string}"},"query-input":{"@type":"PropertyValueSpecification","valueRequired":true,"valueName":"search_term_string"}}],"inLanguage":"fr-FR"},{"@type":"Organization","@id":"https:\/\/www.public.sn\/#organization","name":"LE PUBLIC","url":"https:\/\/www.public.sn\/","logo":{"@type":"ImageObject","inLanguage":"fr-FR","@id":"https:\/\/www.public.sn\/#\/schema\/logo\/image\/","url":"https:\/\/www.public.sn\/wp-content\/uploads\/2024\/05\/cropped-LOGO-PUBLIC.SN_.png","contentUrl":"https:\/\/www.public.sn\/wp-content\/uploads\/2024\/05\/cropped-LOGO-PUBLIC.SN_.png","width":682,"height":192,"caption":"LE PUBLIC"},"image":{"@id":"https:\/\/www.public.sn\/#\/schema\/logo\/image\/"}},{"@type":"Person","@id":"https:\/\/www.public.sn\/#\/schema\/person\/e3f4a11b037d4203902db148f9bc8d5a","name":"LA REDACTION","image":{"@type":"ImageObject","inLanguage":"fr-FR","@id":"https:\/\/www.public.sn\/#\/schema\/person\/image\/","url":"https:\/\/secure.gravatar.com\/avatar\/d6c030db45db2883c075085c5d6c6258654a801a93766b49af0b82d4f454e2a5?s=96&d=mm&r=g","contentUrl":"https:\/\/secure.gravatar.com\/avatar\/d6c030db45db2883c075085c5d6c6258654a801a93766b49af0b82d4f454e2a5?s=96&d=mm&r=g","caption":"LA REDACTION"},"sameAs":["http:\/\/www.public.sn"],"url":"https:\/\/www.public.sn\/index.php\/author\/admin7324\/"}]}},"jetpack_featured_media_url":"https:\/\/www.public.sn\/wp-content\/uploads\/2023\/06\/Sadio-Mane-Bresil.webp","jetpack_sharing_enabled":true,"_links":{"self":[{"href":"https:\/\/www.public.sn\/index.php\/wp-json\/wp\/v2\/posts\/24021","targetHints":{"allow":["GET"]}}],"collection":[{"href":"https:\/\/www.public.sn\/index.php\/wp-json\/wp\/v2\/posts"}],"about":[{"href":"https:\/\/www.public.sn\/index.php\/wp-json\/wp\/v2\/types\/post"}],"author":[{"embeddable":true,"href":"https:\/\/www.public.sn\/index.php\/wp-json\/wp\/v2\/users\/1"}],"replies":[{"embeddable":true,"href":"https:\/\/www.public.sn\/index.php\/wp-json\/wp\/v2\/comments?post=24021"}],"version-history":[{"count":2,"href":"https:\/\/www.public.sn\/index.php\/wp-json\/wp\/v2\/posts\/24021\/revisions"}],"predecessor-version":[{"id":24024,"href":"https:\/\/www.public.sn\/index.php\/wp-json\/wp\/v2\/posts\/24021\/revisions\/24024"}],"wp:featuredmedia":[{"embeddable":true,"href":"https:\/\/www.public.sn\/index.php\/wp-json\/wp\/v2\/media\/24023"}],"wp:attachment":[{"href":"https:\/\/www.public.sn\/index.php\/wp-json\/wp\/v2\/media?parent=24021"}],"wp:term":[{"taxonomy":"category","embeddable":true,"href":"https:\/\/www.public.sn\/index.php\/wp-json\/wp\/v2\/categories?post=24021"},{"taxonomy":"post_tag","embeddable":true,"href":"https:\/\/www.public.sn\/index.php\/wp-json\/wp\/v2\/tags?post=24021"}],"curies":[{"name":"wp","href":"https:\/\/api.w.org\/{rel}","templated":true}]}}