{"id":24029,"date":"2023-06-21T11:32:56","date_gmt":"2023-06-21T11:32:56","guid":{"rendered":"https:\/\/www.public.sn\/?p=24029"},"modified":"2023-06-21T09:40:42","modified_gmt":"2023-06-21T09:40:42","slug":"dialogue-politique-karim-wade-et-khalifa-sall-eligibles-pour-2024","status":"publish","type":"post","link":"https:\/\/www.public.sn\/index.php\/2023\/06\/21\/dialogue-politique-karim-wade-et-khalifa-sall-eligibles-pour-2024\/","title":{"rendered":"Dialogue politique : Karim Wade et Khalifa Sall \u00e9ligibles pour 2024"},"content":{"rendered":"<p><b>De nouvelles avanc\u00e9es ont \u00e9t\u00e9 remarqu\u00e9es dans le dialogue national lanc\u00e9 le 31 mai dernier par le Pr\u00e9sident Macky Sall.\u00a0<\/b><\/p><div class=\"publi-paragraphe1\" style=\"margin-top: 10px;margin-bottom: 10px;margin-left: auto;margin-right: auto;text-align: center;\" id=\"publi-2130719800\"><div class=\"publi-adlabel\">Publicit\u00e9<\/div><script async src=\"\/\/pagead2.googlesyndication.com\/pagead\/js\/adsbygoogle.js?client=ca-pub-4089586018074219\" crossorigin=\"anonymous\"><\/script><ins class=\"adsbygoogle\" style=\"display:block;\" data-ad-client=\"ca-pub-4089586018074219\" \ndata-ad-slot=\"2087940154\" \ndata-ad-format=\"auto\"><\/ins>\n<script> \n(adsbygoogle = window.adsbygoogle || []).push({}); \n<\/script>\n<\/div>\n<p>Selon L\u2019Observateur, qui en parle dans son \u00e9dition du mercredi, la modification de l\u2019article L28, alin\u00e9a 3, va permettre \u00e0 Khalifa Sall et Karim Wade de participer \u00e0 la course. Ce point \u00e9tait l\u2019un des enjeux principaux de ce dialogue national. Ces deux personnalit\u00e9s politiques ont toujours \u00e9t\u00e9 au c\u0153ur des discussions et des planifications politiques ces derni\u00e8res ann\u00e9es, dans le but de recouvrer leurs droits civiques. En ce qui concerne Karim Wade, le journal r\u00e9v\u00e8le qu\u2019il tient \u00e0 sa r\u00e9habilitation.<\/p>\n<p>Le journal Le Temoin va m\u00eame plus loin. Khalifa Sall et Karim Wade pourront participer \u00e0 l\u2019\u00e9lection pr\u00e9sidentielle de 2024, renseigne-t-il. Le dialogue politique national a abouti \u00e0 un accord avec la d\u00e9cision de modifier la Loi L28, ce qui permettra la r\u00e9habilitation de ceux qui b\u00e9n\u00e9ficieront d\u2019une gr\u00e2ce pr\u00e9sidentielle ou qui ont d\u00e9j\u00e0 purg\u00e9 leur peine de prison. Les deux leaders politiques se trouvent dans cette situation. Le cas de Sonko reste en suspens, pr\u00e9cise le quotidien.<\/p>\n<p>La question du troisi\u00e8me mandat a \u00e9t\u00e9 laiss\u00e9e \u00e0 l\u2019appr\u00e9ciation du Conseil constitutionnel. Il y a \u00e9galement un d\u00e9saccord sur la personnalit\u00e9 ind\u00e9pendante charg\u00e9e d\u2019organiser les \u00e9lections. Les travaux du dialogue national vont donc se poursuivre. Il est \u00e0 noter que le rapport final de la Commission de la D\u00e9centralisation et de la territorialisation des politiques est d\u00e9j\u00e0 sur la table de Moustapha Niasse.<\/p>\n<div class=\"publi-apres-le-contenu\" style=\"margin-top: 10px;margin-bottom: 10px;margin-left: auto;margin-right: auto;text-align: center;\" id=\"publi-270311929\"><div class=\"publi-adlabel\">Publicit\u00e9<\/div><script async src=\"\/\/pagead2.googlesyndication.com\/pagead\/js\/adsbygoogle.js?client=ca-pub-4089586018074219\" crossorigin=\"anonymous\"><\/script><ins class=\"adsbygoogle\" style=\"display:block;\" data-ad-client=\"ca-pub-4089586018074219\" \ndata-ad-slot=\"2087940154\" \ndata-ad-format=\"auto\"><\/ins>\n<script> \n(adsbygoogle = window.adsbygoogle || []).push({}); \n<\/script>\n<\/div>","protected":false},"excerpt":{"rendered":"<p>De nouvelles avanc\u00e9es ont \u00e9t\u00e9 remarqu\u00e9es dans le dialogue national lanc\u00e9 le 31 mai dernier par le Pr\u00e9sident Macky Sall.\u00a0 Selon L\u2019Observateur, qui en parle dans son \u00e9dition du mercredi, la modification de l\u2019article L28, alin\u00e9a 3, va permettre \u00e0 Khalifa Sall et Karim Wade de participer \u00e0 la course. Ce point \u00e9tait l\u2019un des enjeux principaux de ce dialogue national. Ces deux personnalit\u00e9s politiques ont toujours \u00e9t\u00e9 au c\u0153ur des discussions et des planifications politiques ces derni\u00e8res ann\u00e9es, dans le but de recouvrer leurs droits civiques. En ce qui concerne Karim Wade, le journal r\u00e9v\u00e8le qu\u2019il tient \u00e0 sa r\u00e9habilitation. Le journal Le Temoin va m\u00eame plus loin. Khalifa Sall et Karim Wade pourront participer \u00e0 l\u2019\u00e9lection pr\u00e9sidentielle de 2024, renseigne-t-il. Le dialogue politique national a abouti \u00e0 un accord avec la d\u00e9cision de modifier la Loi L28, ce qui permettra la r\u00e9habilitation de ceux qui b\u00e9n\u00e9ficieront d\u2019une gr\u00e2ce pr\u00e9sidentielle ou qui ont d\u00e9j\u00e0 purg\u00e9 leur peine de prison. Les deux leaders politiques se trouvent dans cette situation. Le cas de Sonko reste en suspens, pr\u00e9cise le quotidien. La question du troisi\u00e8me mandat a \u00e9t\u00e9 laiss\u00e9e \u00e0 l\u2019appr\u00e9ciation du Conseil constitutionnel. Il y a \u00e9galement un d\u00e9saccord sur la personnalit\u00e9 ind\u00e9pendante charg\u00e9e d\u2019organiser les \u00e9lections. Les travaux du dialogue national vont donc se poursuivre. Il est \u00e0 noter que le rapport final de la Commission de la D\u00e9centralisation et de la territorialisation des politiques est d\u00e9j\u00e0 sur la table de Moustapha Niasse.<\/p>\n","protected":false},"author":1,"featured_media":14850,"comment_status":"open","ping_status":"open","sticky":false,"template":"","format":"standard","meta":{"_jetpack_memberships_contains_paid_content":false,"footnotes":""},"categories":[375,3,1,372],"tags":[118,30,20],"class_list":["post-24029","post","type-post","status-publish","format-standard","has-post-thumbnail","hentry","category-actualites","category-politique","category-non-classe","category-vedette","tag-karim-wade","tag-khalifa-sall","tag-presidentielle-2024","entry","has-media","owp-thumbs-layout-horizontal","owp-btn-normal","owp-tabs-layout-horizontal","has-no-thumbnails","has-product-nav"],"yoast_head":"<!-- This site is optimized with the Yoast SEO plugin v25.5 - https:\/\/yoast.com\/wordpress\/plugins\/seo\/ -->\n<title>Dialogue politique : Karim Wade et Khalifa Sall \u00e9ligibles pour 2024 - LE PUBLIC<\/title>\n<meta name=\"robots\" content=\"index, follow, max-snippet:-1, max-image-preview:large, max-video-preview:-1\" \/>\n<link rel=\"canonical\" href=\"https:\/\/www.public.sn\/index.php\/2023\/06\/21\/dialogue-politique-karim-wade-et-khalifa-sall-eligibles-pour-2024\/\" \/>\n<meta property=\"og:locale\" content=\"fr_FR\" \/>\n<meta property=\"og:type\" content=\"article\" \/>\n<meta property=\"og:title\" content=\"Dialogue politique : Karim Wade et Khalifa Sall \u00e9ligibles pour 2024 - LE PUBLIC\" \/>\n<meta property=\"og:description\" content=\"De nouvelles avanc\u00e9es ont \u00e9t\u00e9 remarqu\u00e9es dans le dialogue national lanc\u00e9 le 31 mai dernier par le Pr\u00e9sident Macky Sall.\u00a0 Selon L\u2019Observateur, qui en parle dans son \u00e9dition du mercredi, la modification de l\u2019article L28, alin\u00e9a 3, va permettre \u00e0 Khalifa Sall et Karim Wade de participer \u00e0 la course. Ce point \u00e9tait l\u2019un des enjeux principaux de ce dialogue national. Ces deux personnalit\u00e9s politiques ont toujours \u00e9t\u00e9 au c\u0153ur des discussions et des planifications politiques ces derni\u00e8res ann\u00e9es, dans le but de recouvrer leurs droits civiques. En ce qui concerne Karim Wade, le journal r\u00e9v\u00e8le qu\u2019il tient \u00e0 sa r\u00e9habilitation. Le journal Le Temoin va m\u00eame plus loin. Khalifa Sall et Karim Wade pourront participer \u00e0 l\u2019\u00e9lection pr\u00e9sidentielle de 2024, renseigne-t-il. Le dialogue politique national a abouti \u00e0 un accord avec la d\u00e9cision de modifier la Loi L28, ce qui permettra la r\u00e9habilitation de ceux qui b\u00e9n\u00e9ficieront d\u2019une gr\u00e2ce pr\u00e9sidentielle ou qui ont d\u00e9j\u00e0 purg\u00e9 leur peine de prison. Les deux leaders politiques se trouvent dans cette situation. Le cas de Sonko reste en suspens, pr\u00e9cise le quotidien. La question du troisi\u00e8me mandat a \u00e9t\u00e9 laiss\u00e9e \u00e0 l\u2019appr\u00e9ciation du Conseil constitutionnel. Il y a \u00e9galement un d\u00e9saccord sur la personnalit\u00e9 ind\u00e9pendante charg\u00e9e d\u2019organiser les \u00e9lections. Les travaux du dialogue national vont donc se poursuivre. Il est \u00e0 noter que le rapport final de la Commission de la D\u00e9centralisation et de la territorialisation des politiques est d\u00e9j\u00e0 sur la table de Moustapha Niasse.\" \/>\n<meta property=\"og:url\" content=\"https:\/\/www.public.sn\/index.php\/2023\/06\/21\/dialogue-politique-karim-wade-et-khalifa-sall-eligibles-pour-2024\/\" \/>\n<meta property=\"og:site_name\" content=\"LE PUBLIC\" \/>\n<meta property=\"article:published_time\" content=\"2023-06-21T11:32:56+00:00\" \/>\n<meta property=\"og:image\" content=\"https:\/\/www.public.sn\/wp-content\/uploads\/2023\/02\/karim-et-khalifa.jpg\" \/>\n\t<meta property=\"og:image:width\" content=\"700\" \/>\n\t<meta property=\"og:image:height\" content=\"400\" \/>\n\t<meta property=\"og:image:type\" content=\"image\/jpeg\" \/>\n<meta name=\"author\" content=\"LA REDACTION\" \/>\n<meta name=\"twitter:card\" content=\"summary_large_image\" \/>\n<meta name=\"twitter:label1\" content=\"\u00c9crit par\" \/>\n\t<meta name=\"twitter:data1\" content=\"LA REDACTION\" \/>\n\t<meta name=\"twitter:label2\" content=\"Dur\u00e9e de lecture estim\u00e9e\" \/>\n\t<meta name=\"twitter:data2\" content=\"2 minutes\" \/>\n<script type=\"application\/ld+json\" class=\"yoast-schema-graph\">{\"@context\":\"https:\/\/schema.org\",\"@graph\":[{\"@type\":\"Article\",\"@id\":\"https:\/\/www.public.sn\/index.php\/2023\/06\/21\/dialogue-politique-karim-wade-et-khalifa-sall-eligibles-pour-2024\/#article\",\"isPartOf\":{\"@id\":\"https:\/\/www.public.sn\/index.php\/2023\/06\/21\/dialogue-politique-karim-wade-et-khalifa-sall-eligibles-pour-2024\/\"},\"author\":{\"name\":\"LA REDACTION\",\"@id\":\"https:\/\/www.public.sn\/#\/schema\/person\/e3f4a11b037d4203902db148f9bc8d5a\"},\"headline\":\"Dialogue politique : Karim Wade et Khalifa Sall \u00e9ligibles pour 2024\",\"datePublished\":\"2023-06-21T11:32:56+00:00\",\"mainEntityOfPage\":{\"@id\":\"https:\/\/www.public.sn\/index.php\/2023\/06\/21\/dialogue-politique-karim-wade-et-khalifa-sall-eligibles-pour-2024\/\"},\"wordCount\":279,\"commentCount\":0,\"publisher\":{\"@id\":\"https:\/\/www.public.sn\/#organization\"},\"image\":{\"@id\":\"https:\/\/www.public.sn\/index.php\/2023\/06\/21\/dialogue-politique-karim-wade-et-khalifa-sall-eligibles-pour-2024\/#primaryimage\"},\"thumbnailUrl\":\"https:\/\/www.public.sn\/wp-content\/uploads\/2023\/02\/karim-et-khalifa.jpg\",\"keywords\":[\"Karim Wade\",\"Khalifa Sall\",\"Pr\u00e9sidentielle 2024\"],\"articleSection\":[\"ACTUALIT\u00c9S\",\"POLITIQUE\",\"S\u00c9N\u00c9GAL\",\"VEDETTE\"],\"inLanguage\":\"fr-FR\",\"potentialAction\":[{\"@type\":\"CommentAction\",\"name\":\"Comment\",\"target\":[\"https:\/\/www.public.sn\/index.php\/2023\/06\/21\/dialogue-politique-karim-wade-et-khalifa-sall-eligibles-pour-2024\/#respond\"]}]},{\"@type\":\"WebPage\",\"@id\":\"https:\/\/www.public.sn\/index.php\/2023\/06\/21\/dialogue-politique-karim-wade-et-khalifa-sall-eligibles-pour-2024\/\",\"url\":\"https:\/\/www.public.sn\/index.php\/2023\/06\/21\/dialogue-politique-karim-wade-et-khalifa-sall-eligibles-pour-2024\/\",\"name\":\"Dialogue politique : Karim Wade et Khalifa Sall \u00e9ligibles pour 2024 - LE PUBLIC\",\"isPartOf\":{\"@id\":\"https:\/\/www.public.sn\/#website\"},\"primaryImageOfPage\":{\"@id\":\"https:\/\/www.public.sn\/index.php\/2023\/06\/21\/dialogue-politique-karim-wade-et-khalifa-sall-eligibles-pour-2024\/#primaryimage\"},\"image\":{\"@id\":\"https:\/\/www.public.sn\/index.php\/2023\/06\/21\/dialogue-politique-karim-wade-et-khalifa-sall-eligibles-pour-2024\/#primaryimage\"},\"thumbnailUrl\":\"https:\/\/www.public.sn\/wp-content\/uploads\/2023\/02\/karim-et-khalifa.jpg\",\"datePublished\":\"2023-06-21T11:32:56+00:00\",\"breadcrumb\":{\"@id\":\"https:\/\/www.public.sn\/index.php\/2023\/06\/21\/dialogue-politique-karim-wade-et-khalifa-sall-eligibles-pour-2024\/#breadcrumb\"},\"inLanguage\":\"fr-FR\",\"potentialAction\":[{\"@type\":\"ReadAction\",\"target\":[\"https:\/\/www.public.sn\/index.php\/2023\/06\/21\/dialogue-politique-karim-wade-et-khalifa-sall-eligibles-pour-2024\/\"]}]},{\"@type\":\"ImageObject\",\"inLanguage\":\"fr-FR\",\"@id\":\"https:\/\/www.public.sn\/index.php\/2023\/06\/21\/dialogue-politique-karim-wade-et-khalifa-sall-eligibles-pour-2024\/#primaryimage\",\"url\":\"https:\/\/www.public.sn\/wp-content\/uploads\/2023\/02\/karim-et-khalifa.jpg\",\"contentUrl\":\"https:\/\/www.public.sn\/wp-content\/uploads\/2023\/02\/karim-et-khalifa.jpg\",\"width\":700,\"height\":400},{\"@type\":\"BreadcrumbList\",\"@id\":\"https:\/\/www.public.sn\/index.php\/2023\/06\/21\/dialogue-politique-karim-wade-et-khalifa-sall-eligibles-pour-2024\/#breadcrumb\",\"itemListElement\":[{\"@type\":\"ListItem\",\"position\":1,\"name\":\"Accueil\",\"item\":\"https:\/\/www.public.sn\/\"},{\"@type\":\"ListItem\",\"position\":2,\"name\":\"Dialogue politique : Karim Wade et Khalifa Sall \u00e9ligibles pour 2024\"}]},{\"@type\":\"WebSite\",\"@id\":\"https:\/\/www.public.sn\/#website\",\"url\":\"https:\/\/www.public.sn\/\",\"name\":\"LE PUBLIC\",\"description\":\"\",\"publisher\":{\"@id\":\"https:\/\/www.public.sn\/#organization\"},\"potentialAction\":[{\"@type\":\"SearchAction\",\"target\":{\"@type\":\"EntryPoint\",\"urlTemplate\":\"https:\/\/www.public.sn\/?s={search_term_string}\"},\"query-input\":{\"@type\":\"PropertyValueSpecification\",\"valueRequired\":true,\"valueName\":\"search_term_string\"}}],\"inLanguage\":\"fr-FR\"},{\"@type\":\"Organization\",\"@id\":\"https:\/\/www.public.sn\/#organization\",\"name\":\"LE PUBLIC\",\"url\":\"https:\/\/www.public.sn\/\",\"logo\":{\"@type\":\"ImageObject\",\"inLanguage\":\"fr-FR\",\"@id\":\"https:\/\/www.public.sn\/#\/schema\/logo\/image\/\",\"url\":\"https:\/\/www.public.sn\/wp-content\/uploads\/2024\/05\/cropped-LOGO-PUBLIC.SN_.png\",\"contentUrl\":\"https:\/\/www.public.sn\/wp-content\/uploads\/2024\/05\/cropped-LOGO-PUBLIC.SN_.png\",\"width\":682,\"height\":192,\"caption\":\"LE PUBLIC\"},\"image\":{\"@id\":\"https:\/\/www.public.sn\/#\/schema\/logo\/image\/\"}},{\"@type\":\"Person\",\"@id\":\"https:\/\/www.public.sn\/#\/schema\/person\/e3f4a11b037d4203902db148f9bc8d5a\",\"name\":\"LA REDACTION\",\"image\":{\"@type\":\"ImageObject\",\"inLanguage\":\"fr-FR\",\"@id\":\"https:\/\/www.public.sn\/#\/schema\/person\/image\/\",\"url\":\"https:\/\/secure.gravatar.com\/avatar\/d6c030db45db2883c075085c5d6c6258654a801a93766b49af0b82d4f454e2a5?s=96&d=mm&r=g\",\"contentUrl\":\"https:\/\/secure.gravatar.com\/avatar\/d6c030db45db2883c075085c5d6c6258654a801a93766b49af0b82d4f454e2a5?s=96&d=mm&r=g\",\"caption\":\"LA REDACTION\"},\"sameAs\":[\"http:\/\/www.public.sn\"],\"url\":\"https:\/\/www.public.sn\/index.php\/author\/admin7324\/\"}]}<\/script>\n<!-- \/ Yoast SEO plugin. -->","yoast_head_json":{"title":"Dialogue politique : Karim Wade et Khalifa Sall \u00e9ligibles pour 2024 - LE PUBLIC","robots":{"index":"index","follow":"follow","max-snippet":"max-snippet:-1","max-image-preview":"max-image-preview:large","max-video-preview":"max-video-preview:-1"},"canonical":"https:\/\/www.public.sn\/index.php\/2023\/06\/21\/dialogue-politique-karim-wade-et-khalifa-sall-eligibles-pour-2024\/","og_locale":"fr_FR","og_type":"article","og_title":"Dialogue politique : Karim Wade et Khalifa Sall \u00e9ligibles pour 2024 - LE PUBLIC","og_description":"De nouvelles avanc\u00e9es ont \u00e9t\u00e9 remarqu\u00e9es dans le dialogue national lanc\u00e9 le 31 mai dernier par le Pr\u00e9sident Macky Sall.\u00a0 Selon L\u2019Observateur, qui en parle dans son \u00e9dition du mercredi, la modification de l\u2019article L28, alin\u00e9a 3, va permettre \u00e0 Khalifa Sall et Karim Wade de participer \u00e0 la course. Ce point \u00e9tait l\u2019un des enjeux principaux de ce dialogue national. Ces deux personnalit\u00e9s politiques ont toujours \u00e9t\u00e9 au c\u0153ur des discussions et des planifications politiques ces derni\u00e8res ann\u00e9es, dans le but de recouvrer leurs droits civiques. En ce qui concerne Karim Wade, le journal r\u00e9v\u00e8le qu\u2019il tient \u00e0 sa r\u00e9habilitation. Le journal Le Temoin va m\u00eame plus loin. Khalifa Sall et Karim Wade pourront participer \u00e0 l\u2019\u00e9lection pr\u00e9sidentielle de 2024, renseigne-t-il. Le dialogue politique national a abouti \u00e0 un accord avec la d\u00e9cision de modifier la Loi L28, ce qui permettra la r\u00e9habilitation de ceux qui b\u00e9n\u00e9ficieront d\u2019une gr\u00e2ce pr\u00e9sidentielle ou qui ont d\u00e9j\u00e0 purg\u00e9 leur peine de prison. Les deux leaders politiques se trouvent dans cette situation. Le cas de Sonko reste en suspens, pr\u00e9cise le quotidien. La question du troisi\u00e8me mandat a \u00e9t\u00e9 laiss\u00e9e \u00e0 l\u2019appr\u00e9ciation du Conseil constitutionnel. Il y a \u00e9galement un d\u00e9saccord sur la personnalit\u00e9 ind\u00e9pendante charg\u00e9e d\u2019organiser les \u00e9lections. Les travaux du dialogue national vont donc se poursuivre. Il est \u00e0 noter que le rapport final de la Commission de la D\u00e9centralisation et de la territorialisation des politiques est d\u00e9j\u00e0 sur la table de Moustapha Niasse.","og_url":"https:\/\/www.public.sn\/index.php\/2023\/06\/21\/dialogue-politique-karim-wade-et-khalifa-sall-eligibles-pour-2024\/","og_site_name":"LE PUBLIC","article_published_time":"2023-06-21T11:32:56+00:00","og_image":[{"width":700,"height":400,"url":"https:\/\/www.public.sn\/wp-content\/uploads\/2023\/02\/karim-et-khalifa.jpg","type":"image\/jpeg"}],"author":"LA REDACTION","twitter_card":"summary_large_image","twitter_misc":{"\u00c9crit par":"LA REDACTION","Dur\u00e9e de lecture estim\u00e9e":"2 minutes"},"schema":{"@context":"https:\/\/schema.org","@graph":[{"@type":"Article","@id":"https:\/\/www.public.sn\/index.php\/2023\/06\/21\/dialogue-politique-karim-wade-et-khalifa-sall-eligibles-pour-2024\/#article","isPartOf":{"@id":"https:\/\/www.public.sn\/index.php\/2023\/06\/21\/dialogue-politique-karim-wade-et-khalifa-sall-eligibles-pour-2024\/"},"author":{"name":"LA REDACTION","@id":"https:\/\/www.public.sn\/#\/schema\/person\/e3f4a11b037d4203902db148f9bc8d5a"},"headline":"Dialogue politique : Karim Wade et Khalifa Sall \u00e9ligibles pour 2024","datePublished":"2023-06-21T11:32:56+00:00","mainEntityOfPage":{"@id":"https:\/\/www.public.sn\/index.php\/2023\/06\/21\/dialogue-politique-karim-wade-et-khalifa-sall-eligibles-pour-2024\/"},"wordCount":279,"commentCount":0,"publisher":{"@id":"https:\/\/www.public.sn\/#organization"},"image":{"@id":"https:\/\/www.public.sn\/index.php\/2023\/06\/21\/dialogue-politique-karim-wade-et-khalifa-sall-eligibles-pour-2024\/#primaryimage"},"thumbnailUrl":"https:\/\/www.public.sn\/wp-content\/uploads\/2023\/02\/karim-et-khalifa.jpg","keywords":["Karim Wade","Khalifa Sall","Pr\u00e9sidentielle 2024"],"articleSection":["ACTUALIT\u00c9S","POLITIQUE","S\u00c9N\u00c9GAL","VEDETTE"],"inLanguage":"fr-FR","potentialAction":[{"@type":"CommentAction","name":"Comment","target":["https:\/\/www.public.sn\/index.php\/2023\/06\/21\/dialogue-politique-karim-wade-et-khalifa-sall-eligibles-pour-2024\/#respond"]}]},{"@type":"WebPage","@id":"https:\/\/www.public.sn\/index.php\/2023\/06\/21\/dialogue-politique-karim-wade-et-khalifa-sall-eligibles-pour-2024\/","url":"https:\/\/www.public.sn\/index.php\/2023\/06\/21\/dialogue-politique-karim-wade-et-khalifa-sall-eligibles-pour-2024\/","name":"Dialogue politique : Karim Wade et Khalifa Sall \u00e9ligibles pour 2024 - LE PUBLIC","isPartOf":{"@id":"https:\/\/www.public.sn\/#website"},"primaryImageOfPage":{"@id":"https:\/\/www.public.sn\/index.php\/2023\/06\/21\/dialogue-politique-karim-wade-et-khalifa-sall-eligibles-pour-2024\/#primaryimage"},"image":{"@id":"https:\/\/www.public.sn\/index.php\/2023\/06\/21\/dialogue-politique-karim-wade-et-khalifa-sall-eligibles-pour-2024\/#primaryimage"},"thumbnailUrl":"https:\/\/www.public.sn\/wp-content\/uploads\/2023\/02\/karim-et-khalifa.jpg","datePublished":"2023-06-21T11:32:56+00:00","breadcrumb":{"@id":"https:\/\/www.public.sn\/index.php\/2023\/06\/21\/dialogue-politique-karim-wade-et-khalifa-sall-eligibles-pour-2024\/#breadcrumb"},"inLanguage":"fr-FR","potentialAction":[{"@type":"ReadAction","target":["https:\/\/www.public.sn\/index.php\/2023\/06\/21\/dialogue-politique-karim-wade-et-khalifa-sall-eligibles-pour-2024\/"]}]},{"@type":"ImageObject","inLanguage":"fr-FR","@id":"https:\/\/www.public.sn\/index.php\/2023\/06\/21\/dialogue-politique-karim-wade-et-khalifa-sall-eligibles-pour-2024\/#primaryimage","url":"https:\/\/www.public.sn\/wp-content\/uploads\/2023\/02\/karim-et-khalifa.jpg","contentUrl":"https:\/\/www.public.sn\/wp-content\/uploads\/2023\/02\/karim-et-khalifa.jpg","width":700,"height":400},{"@type":"BreadcrumbList","@id":"https:\/\/www.public.sn\/index.php\/2023\/06\/21\/dialogue-politique-karim-wade-et-khalifa-sall-eligibles-pour-2024\/#breadcrumb","itemListElement":[{"@type":"ListItem","position":1,"name":"Accueil","item":"https:\/\/www.public.sn\/"},{"@type":"ListItem","position":2,"name":"Dialogue politique : Karim Wade et Khalifa Sall \u00e9ligibles pour 2024"}]},{"@type":"WebSite","@id":"https:\/\/www.public.sn\/#website","url":"https:\/\/www.public.sn\/","name":"LE PUBLIC","description":"","publisher":{"@id":"https:\/\/www.public.sn\/#organization"},"potentialAction":[{"@type":"SearchAction","target":{"@type":"EntryPoint","urlTemplate":"https:\/\/www.public.sn\/?s={search_term_string}"},"query-input":{"@type":"PropertyValueSpecification","valueRequired":true,"valueName":"search_term_string"}}],"inLanguage":"fr-FR"},{"@type":"Organization","@id":"https:\/\/www.public.sn\/#organization","name":"LE PUBLIC","url":"https:\/\/www.public.sn\/","logo":{"@type":"ImageObject","inLanguage":"fr-FR","@id":"https:\/\/www.public.sn\/#\/schema\/logo\/image\/","url":"https:\/\/www.public.sn\/wp-content\/uploads\/2024\/05\/cropped-LOGO-PUBLIC.SN_.png","contentUrl":"https:\/\/www.public.sn\/wp-content\/uploads\/2024\/05\/cropped-LOGO-PUBLIC.SN_.png","width":682,"height":192,"caption":"LE PUBLIC"},"image":{"@id":"https:\/\/www.public.sn\/#\/schema\/logo\/image\/"}},{"@type":"Person","@id":"https:\/\/www.public.sn\/#\/schema\/person\/e3f4a11b037d4203902db148f9bc8d5a","name":"LA REDACTION","image":{"@type":"ImageObject","inLanguage":"fr-FR","@id":"https:\/\/www.public.sn\/#\/schema\/person\/image\/","url":"https:\/\/secure.gravatar.com\/avatar\/d6c030db45db2883c075085c5d6c6258654a801a93766b49af0b82d4f454e2a5?s=96&d=mm&r=g","contentUrl":"https:\/\/secure.gravatar.com\/avatar\/d6c030db45db2883c075085c5d6c6258654a801a93766b49af0b82d4f454e2a5?s=96&d=mm&r=g","caption":"LA REDACTION"},"sameAs":["http:\/\/www.public.sn"],"url":"https:\/\/www.public.sn\/index.php\/author\/admin7324\/"}]}},"jetpack_featured_media_url":"https:\/\/www.public.sn\/wp-content\/uploads\/2023\/02\/karim-et-khalifa.jpg","jetpack_sharing_enabled":true,"_links":{"self":[{"href":"https:\/\/www.public.sn\/index.php\/wp-json\/wp\/v2\/posts\/24029","targetHints":{"allow":["GET"]}}],"collection":[{"href":"https:\/\/www.public.sn\/index.php\/wp-json\/wp\/v2\/posts"}],"about":[{"href":"https:\/\/www.public.sn\/index.php\/wp-json\/wp\/v2\/types\/post"}],"author":[{"embeddable":true,"href":"https:\/\/www.public.sn\/index.php\/wp-json\/wp\/v2\/users\/1"}],"replies":[{"embeddable":true,"href":"https:\/\/www.public.sn\/index.php\/wp-json\/wp\/v2\/comments?post=24029"}],"version-history":[{"count":1,"href":"https:\/\/www.public.sn\/index.php\/wp-json\/wp\/v2\/posts\/24029\/revisions"}],"predecessor-version":[{"id":24030,"href":"https:\/\/www.public.sn\/index.php\/wp-json\/wp\/v2\/posts\/24029\/revisions\/24030"}],"wp:featuredmedia":[{"embeddable":true,"href":"https:\/\/www.public.sn\/index.php\/wp-json\/wp\/v2\/media\/14850"}],"wp:attachment":[{"href":"https:\/\/www.public.sn\/index.php\/wp-json\/wp\/v2\/media?parent=24029"}],"wp:term":[{"taxonomy":"category","embeddable":true,"href":"https:\/\/www.public.sn\/index.php\/wp-json\/wp\/v2\/categories?post=24029"},{"taxonomy":"post_tag","embeddable":true,"href":"https:\/\/www.public.sn\/index.php\/wp-json\/wp\/v2\/tags?post=24029"}],"curies":[{"name":"wp","href":"https:\/\/api.w.org\/{rel}","templated":true}]}}