{"id":24034,"date":"2023-06-21T15:32:18","date_gmt":"2023-06-21T15:32:18","guid":{"rendered":"https:\/\/www.public.sn\/?p=24034"},"modified":"2023-06-21T15:32:18","modified_gmt":"2023-06-21T15:32:18","slug":"la-mobilisation-de-yewwi-askan-wi-pour-lever-le-blocus-chez-sonko-interdite","status":"publish","type":"post","link":"https:\/\/www.public.sn\/index.php\/2023\/06\/21\/la-mobilisation-de-yewwi-askan-wi-pour-lever-le-blocus-chez-sonko-interdite\/","title":{"rendered":"La mobilisation de Yewwi Askan Wi pour \u00ab lever le blocus chez Sonko \u00bb interdite"},"content":{"rendered":"<p><strong>Le Pr\u00e9fet de Dakar vient d&rsquo;interdire la manifestation de Yewwi Askan Wi pr\u00e9vuedimanche 25 juin, par la coalition Yewwi Askan Wi (YAW) qui avait pour but de lever le blocus install\u00e9 autour du domicile de Ousmane Sonko.<\/strong><\/p><div class=\"publi-paragraphe1\" style=\"margin-top: 10px;margin-bottom: 10px;margin-left: auto;margin-right: auto;text-align: center;\" id=\"publi-4192709246\"><div class=\"publi-adlabel\">Publicit\u00e9<\/div><script async src=\"\/\/pagead2.googlesyndication.com\/pagead\/js\/adsbygoogle.js?client=ca-pub-4089586018074219\" crossorigin=\"anonymous\"><\/script><ins class=\"adsbygoogle\" style=\"display:block;\" data-ad-client=\"ca-pub-4089586018074219\" \ndata-ad-slot=\"2087940154\" \ndata-ad-format=\"auto\"><\/ins>\n<script> \n(adsbygoogle = window.adsbygoogle || []).push({}); \n<\/script>\n<\/div>\n<p>Face \u00e0 la presse, le leader du PRP D\u00e9thie Fall, par ailleurs membre de la conf\u00e9rence des leaders de ladite coalition, avait annonc\u00e9 un rassemblement, pour, dit-il, lib\u00e9rer Ousmane Sonko. Ainsi, il avait donn\u00e9 rendez-vous aux S\u00e9n\u00e9galais le 25 juin prochain.<\/p>\n<p>\u00ab Apr\u00e8s m\u00fbres r\u00e9flexions, la Coalition Yewwi Askan Wi a d\u00e9cid\u00e9, \u00e0 l\u2019unanimit\u00e9, de rendre visite au pr\u00e9sident Ousmane Sonko le dimanche 25 juin \u00e0 15 heures et de le lib\u00e9rer de ce blocus incompr\u00e9hensible et injustifi\u00e9\u00ab , avait annonc\u00e9 D\u00e9thie Fall.<\/p>\n<p>Mais aujourd\u2019hui, le Pr\u00e9fet de Dakar a tout simplement interdit cette mobilisation pour \u00ab risques de troubles \u00e0 l\u2019ordre public et entrave \u00e0 la libre circulation des personnes et des biens. \u00bb<\/p>\n<p><img fetchpriority=\"high\" decoding=\"async\" class=\"aligncenter wp-image-24036 size-full\" src=\"https:\/\/www.public.sn\/wp-content\/uploads\/2023\/06\/img-1377-468x696-1.webp\" alt=\"\" width=\"468\" height=\"696\" srcset=\"https:\/\/www.public.sn\/wp-content\/uploads\/2023\/06\/img-1377-468x696-1.webp 468w, https:\/\/www.public.sn\/wp-content\/uploads\/2023\/06\/img-1377-468x696-1-202x300.webp 202w\" sizes=\"(max-width: 468px) 100vw, 468px\" \/><\/p>\n<div class=\"publi-apres-le-contenu\" style=\"margin-top: 10px;margin-bottom: 10px;margin-left: auto;margin-right: auto;text-align: center;\" id=\"publi-1390441108\"><div class=\"publi-adlabel\">Publicit\u00e9<\/div><script async src=\"\/\/pagead2.googlesyndication.com\/pagead\/js\/adsbygoogle.js?client=ca-pub-4089586018074219\" crossorigin=\"anonymous\"><\/script><ins class=\"adsbygoogle\" style=\"display:block;\" data-ad-client=\"ca-pub-4089586018074219\" \ndata-ad-slot=\"2087940154\" \ndata-ad-format=\"auto\"><\/ins>\n<script> \n(adsbygoogle = window.adsbygoogle || []).push({}); \n<\/script>\n<\/div>","protected":false},"excerpt":{"rendered":"<p>Le Pr\u00e9fet de Dakar vient d&rsquo;interdire la manifestation de Yewwi Askan Wi pr\u00e9vuedimanche 25 juin, par la coalition Yewwi Askan Wi (YAW) qui avait pour but de lever le blocus install\u00e9 autour du domicile de Ousmane Sonko. Face \u00e0 la presse, le leader du PRP D\u00e9thie Fall, par ailleurs membre de la conf\u00e9rence des leaders de ladite coalition, avait annonc\u00e9 un rassemblement, pour, dit-il, lib\u00e9rer Ousmane Sonko. Ainsi, il avait donn\u00e9 rendez-vous aux S\u00e9n\u00e9galais le 25 juin prochain. \u00ab Apr\u00e8s m\u00fbres r\u00e9flexions, la Coalition Yewwi Askan Wi a d\u00e9cid\u00e9, \u00e0 l\u2019unanimit\u00e9, de rendre visite au pr\u00e9sident Ousmane Sonko le dimanche 25 juin \u00e0 15 heures et de le lib\u00e9rer de ce blocus incompr\u00e9hensible et injustifi\u00e9\u00ab , avait annonc\u00e9 D\u00e9thie Fall. Mais aujourd\u2019hui, le Pr\u00e9fet de Dakar a tout simplement interdit cette mobilisation pour \u00ab risques de troubles \u00e0 l\u2019ordre public et entrave \u00e0 la libre circulation des personnes et des biens. \u00bb<\/p>\n","protected":false},"author":1,"featured_media":24035,"comment_status":"open","ping_status":"open","sticky":false,"template":"","format":"standard","meta":{"_jetpack_memberships_contains_paid_content":false,"footnotes":""},"categories":[375,3,1,372],"tags":[2161,306,3271],"class_list":["post-24034","post","type-post","status-publish","format-standard","has-post-thumbnail","hentry","category-actualites","category-politique","category-non-classe","category-vedette","tag-prefet","tag-sonko","tag-yewwi-askan-wi","entry","has-media","owp-thumbs-layout-horizontal","owp-btn-normal","owp-tabs-layout-horizontal","has-no-thumbnails","has-product-nav"],"yoast_head":"<!-- This site is optimized with the Yoast SEO plugin v25.5 - https:\/\/yoast.com\/wordpress\/plugins\/seo\/ -->\n<title>La mobilisation de Yewwi Askan Wi pour \u00ab lever le blocus chez Sonko \u00bb interdite - LE PUBLIC<\/title>\n<meta name=\"description\" content=\"Le Pr\u00e9fet de Dakar vient d&#039;interdire la manifestation de Yewwi Askan Wi pr\u00e9vuedimanche 25 juin, par la coalition Yewwi Askan Wi (YAW) qui avait pour but de lever le blocus install\u00e9 autour du domicile de Ousmane Sonko.\" \/>\n<meta name=\"robots\" content=\"index, follow, max-snippet:-1, max-image-preview:large, max-video-preview:-1\" \/>\n<link rel=\"canonical\" href=\"https:\/\/www.public.sn\/index.php\/2023\/06\/21\/la-mobilisation-de-yewwi-askan-wi-pour-lever-le-blocus-chez-sonko-interdite\/\" \/>\n<meta property=\"og:locale\" content=\"fr_FR\" \/>\n<meta property=\"og:type\" content=\"article\" \/>\n<meta property=\"og:title\" content=\"La mobilisation de Yewwi Askan Wi pour \u00ab lever le blocus chez Sonko \u00bb interdite - LE PUBLIC\" \/>\n<meta property=\"og:description\" content=\"Le Pr\u00e9fet de Dakar vient d&#039;interdire la manifestation de Yewwi Askan Wi pr\u00e9vuedimanche 25 juin, par la coalition Yewwi Askan Wi (YAW) qui avait pour but de lever le blocus install\u00e9 autour du domicile de Ousmane Sonko.\" \/>\n<meta property=\"og:url\" content=\"https:\/\/www.public.sn\/index.php\/2023\/06\/21\/la-mobilisation-de-yewwi-askan-wi-pour-lever-le-blocus-chez-sonko-interdite\/\" \/>\n<meta property=\"og:site_name\" content=\"LE PUBLIC\" \/>\n<meta property=\"article:published_time\" content=\"2023-06-21T15:32:18+00:00\" \/>\n<meta property=\"og:image\" content=\"https:\/\/www.public.sn\/wp-content\/uploads\/2023\/06\/Ousmane-Sonko-snnn.webp\" \/>\n\t<meta property=\"og:image:width\" content=\"661\" \/>\n\t<meta property=\"og:image:height\" content=\"346\" \/>\n\t<meta property=\"og:image:type\" content=\"image\/webp\" \/>\n<meta name=\"author\" content=\"LA REDACTION\" \/>\n<meta name=\"twitter:card\" content=\"summary_large_image\" \/>\n<meta name=\"twitter:label1\" content=\"\u00c9crit par\" \/>\n\t<meta name=\"twitter:data1\" content=\"LA REDACTION\" \/>\n\t<meta name=\"twitter:label2\" content=\"Dur\u00e9e de lecture estim\u00e9e\" \/>\n\t<meta name=\"twitter:data2\" content=\"1 minute\" \/>\n<script type=\"application\/ld+json\" class=\"yoast-schema-graph\">{\"@context\":\"https:\/\/schema.org\",\"@graph\":[{\"@type\":\"Article\",\"@id\":\"https:\/\/www.public.sn\/index.php\/2023\/06\/21\/la-mobilisation-de-yewwi-askan-wi-pour-lever-le-blocus-chez-sonko-interdite\/#article\",\"isPartOf\":{\"@id\":\"https:\/\/www.public.sn\/index.php\/2023\/06\/21\/la-mobilisation-de-yewwi-askan-wi-pour-lever-le-blocus-chez-sonko-interdite\/\"},\"author\":{\"name\":\"LA REDACTION\",\"@id\":\"https:\/\/www.public.sn\/#\/schema\/person\/e3f4a11b037d4203902db148f9bc8d5a\"},\"headline\":\"La mobilisation de Yewwi Askan Wi pour \u00ab lever le blocus chez Sonko \u00bb interdite\",\"datePublished\":\"2023-06-21T15:32:18+00:00\",\"mainEntityOfPage\":{\"@id\":\"https:\/\/www.public.sn\/index.php\/2023\/06\/21\/la-mobilisation-de-yewwi-askan-wi-pour-lever-le-blocus-chez-sonko-interdite\/\"},\"wordCount\":171,\"commentCount\":0,\"publisher\":{\"@id\":\"https:\/\/www.public.sn\/#organization\"},\"image\":{\"@id\":\"https:\/\/www.public.sn\/index.php\/2023\/06\/21\/la-mobilisation-de-yewwi-askan-wi-pour-lever-le-blocus-chez-sonko-interdite\/#primaryimage\"},\"thumbnailUrl\":\"https:\/\/www.public.sn\/wp-content\/uploads\/2023\/06\/Ousmane-Sonko-snnn.webp\",\"keywords\":[\"prefet\",\"sonko\",\"yewwi askan wi\"],\"articleSection\":[\"ACTUALIT\u00c9S\",\"POLITIQUE\",\"S\u00c9N\u00c9GAL\",\"VEDETTE\"],\"inLanguage\":\"fr-FR\",\"potentialAction\":[{\"@type\":\"CommentAction\",\"name\":\"Comment\",\"target\":[\"https:\/\/www.public.sn\/index.php\/2023\/06\/21\/la-mobilisation-de-yewwi-askan-wi-pour-lever-le-blocus-chez-sonko-interdite\/#respond\"]}]},{\"@type\":\"WebPage\",\"@id\":\"https:\/\/www.public.sn\/index.php\/2023\/06\/21\/la-mobilisation-de-yewwi-askan-wi-pour-lever-le-blocus-chez-sonko-interdite\/\",\"url\":\"https:\/\/www.public.sn\/index.php\/2023\/06\/21\/la-mobilisation-de-yewwi-askan-wi-pour-lever-le-blocus-chez-sonko-interdite\/\",\"name\":\"La mobilisation de Yewwi Askan Wi pour \u00ab lever le blocus chez Sonko \u00bb interdite - LE PUBLIC\",\"isPartOf\":{\"@id\":\"https:\/\/www.public.sn\/#website\"},\"primaryImageOfPage\":{\"@id\":\"https:\/\/www.public.sn\/index.php\/2023\/06\/21\/la-mobilisation-de-yewwi-askan-wi-pour-lever-le-blocus-chez-sonko-interdite\/#primaryimage\"},\"image\":{\"@id\":\"https:\/\/www.public.sn\/index.php\/2023\/06\/21\/la-mobilisation-de-yewwi-askan-wi-pour-lever-le-blocus-chez-sonko-interdite\/#primaryimage\"},\"thumbnailUrl\":\"https:\/\/www.public.sn\/wp-content\/uploads\/2023\/06\/Ousmane-Sonko-snnn.webp\",\"datePublished\":\"2023-06-21T15:32:18+00:00\",\"description\":\"Le Pr\u00e9fet de Dakar vient d'interdire la manifestation de Yewwi Askan Wi pr\u00e9vuedimanche 25 juin, par la coalition Yewwi Askan Wi (YAW) qui avait pour but de lever le blocus install\u00e9 autour du domicile de Ousmane Sonko.\",\"breadcrumb\":{\"@id\":\"https:\/\/www.public.sn\/index.php\/2023\/06\/21\/la-mobilisation-de-yewwi-askan-wi-pour-lever-le-blocus-chez-sonko-interdite\/#breadcrumb\"},\"inLanguage\":\"fr-FR\",\"potentialAction\":[{\"@type\":\"ReadAction\",\"target\":[\"https:\/\/www.public.sn\/index.php\/2023\/06\/21\/la-mobilisation-de-yewwi-askan-wi-pour-lever-le-blocus-chez-sonko-interdite\/\"]}]},{\"@type\":\"ImageObject\",\"inLanguage\":\"fr-FR\",\"@id\":\"https:\/\/www.public.sn\/index.php\/2023\/06\/21\/la-mobilisation-de-yewwi-askan-wi-pour-lever-le-blocus-chez-sonko-interdite\/#primaryimage\",\"url\":\"https:\/\/www.public.sn\/wp-content\/uploads\/2023\/06\/Ousmane-Sonko-snnn.webp\",\"contentUrl\":\"https:\/\/www.public.sn\/wp-content\/uploads\/2023\/06\/Ousmane-Sonko-snnn.webp\",\"width\":661,\"height\":346},{\"@type\":\"BreadcrumbList\",\"@id\":\"https:\/\/www.public.sn\/index.php\/2023\/06\/21\/la-mobilisation-de-yewwi-askan-wi-pour-lever-le-blocus-chez-sonko-interdite\/#breadcrumb\",\"itemListElement\":[{\"@type\":\"ListItem\",\"position\":1,\"name\":\"Accueil\",\"item\":\"https:\/\/www.public.sn\/\"},{\"@type\":\"ListItem\",\"position\":2,\"name\":\"La mobilisation de Yewwi Askan Wi pour \u00ab lever le blocus chez Sonko \u00bb interdite\"}]},{\"@type\":\"WebSite\",\"@id\":\"https:\/\/www.public.sn\/#website\",\"url\":\"https:\/\/www.public.sn\/\",\"name\":\"LE PUBLIC\",\"description\":\"\",\"publisher\":{\"@id\":\"https:\/\/www.public.sn\/#organization\"},\"potentialAction\":[{\"@type\":\"SearchAction\",\"target\":{\"@type\":\"EntryPoint\",\"urlTemplate\":\"https:\/\/www.public.sn\/?s={search_term_string}\"},\"query-input\":{\"@type\":\"PropertyValueSpecification\",\"valueRequired\":true,\"valueName\":\"search_term_string\"}}],\"inLanguage\":\"fr-FR\"},{\"@type\":\"Organization\",\"@id\":\"https:\/\/www.public.sn\/#organization\",\"name\":\"LE PUBLIC\",\"url\":\"https:\/\/www.public.sn\/\",\"logo\":{\"@type\":\"ImageObject\",\"inLanguage\":\"fr-FR\",\"@id\":\"https:\/\/www.public.sn\/#\/schema\/logo\/image\/\",\"url\":\"https:\/\/www.public.sn\/wp-content\/uploads\/2024\/05\/cropped-LOGO-PUBLIC.SN_.png\",\"contentUrl\":\"https:\/\/www.public.sn\/wp-content\/uploads\/2024\/05\/cropped-LOGO-PUBLIC.SN_.png\",\"width\":682,\"height\":192,\"caption\":\"LE PUBLIC\"},\"image\":{\"@id\":\"https:\/\/www.public.sn\/#\/schema\/logo\/image\/\"}},{\"@type\":\"Person\",\"@id\":\"https:\/\/www.public.sn\/#\/schema\/person\/e3f4a11b037d4203902db148f9bc8d5a\",\"name\":\"LA REDACTION\",\"image\":{\"@type\":\"ImageObject\",\"inLanguage\":\"fr-FR\",\"@id\":\"https:\/\/www.public.sn\/#\/schema\/person\/image\/\",\"url\":\"https:\/\/secure.gravatar.com\/avatar\/d6c030db45db2883c075085c5d6c6258654a801a93766b49af0b82d4f454e2a5?s=96&d=mm&r=g\",\"contentUrl\":\"https:\/\/secure.gravatar.com\/avatar\/d6c030db45db2883c075085c5d6c6258654a801a93766b49af0b82d4f454e2a5?s=96&d=mm&r=g\",\"caption\":\"LA REDACTION\"},\"sameAs\":[\"http:\/\/www.public.sn\"],\"url\":\"https:\/\/www.public.sn\/index.php\/author\/admin7324\/\"}]}<\/script>\n<!-- \/ Yoast SEO plugin. -->","yoast_head_json":{"title":"La mobilisation de Yewwi Askan Wi pour \u00ab lever le blocus chez Sonko \u00bb interdite - LE PUBLIC","description":"Le Pr\u00e9fet de Dakar vient d'interdire la manifestation de Yewwi Askan Wi pr\u00e9vuedimanche 25 juin, par la coalition Yewwi Askan Wi (YAW) qui avait pour but de lever le blocus install\u00e9 autour du domicile de Ousmane Sonko.","robots":{"index":"index","follow":"follow","max-snippet":"max-snippet:-1","max-image-preview":"max-image-preview:large","max-video-preview":"max-video-preview:-1"},"canonical":"https:\/\/www.public.sn\/index.php\/2023\/06\/21\/la-mobilisation-de-yewwi-askan-wi-pour-lever-le-blocus-chez-sonko-interdite\/","og_locale":"fr_FR","og_type":"article","og_title":"La mobilisation de Yewwi Askan Wi pour \u00ab lever le blocus chez Sonko \u00bb interdite - LE PUBLIC","og_description":"Le Pr\u00e9fet de Dakar vient d'interdire la manifestation de Yewwi Askan Wi pr\u00e9vuedimanche 25 juin, par la coalition Yewwi Askan Wi (YAW) qui avait pour but de lever le blocus install\u00e9 autour du domicile de Ousmane Sonko.","og_url":"https:\/\/www.public.sn\/index.php\/2023\/06\/21\/la-mobilisation-de-yewwi-askan-wi-pour-lever-le-blocus-chez-sonko-interdite\/","og_site_name":"LE PUBLIC","article_published_time":"2023-06-21T15:32:18+00:00","og_image":[{"width":661,"height":346,"url":"https:\/\/www.public.sn\/wp-content\/uploads\/2023\/06\/Ousmane-Sonko-snnn.webp","type":"image\/webp"}],"author":"LA REDACTION","twitter_card":"summary_large_image","twitter_misc":{"\u00c9crit par":"LA REDACTION","Dur\u00e9e de lecture estim\u00e9e":"1 minute"},"schema":{"@context":"https:\/\/schema.org","@graph":[{"@type":"Article","@id":"https:\/\/www.public.sn\/index.php\/2023\/06\/21\/la-mobilisation-de-yewwi-askan-wi-pour-lever-le-blocus-chez-sonko-interdite\/#article","isPartOf":{"@id":"https:\/\/www.public.sn\/index.php\/2023\/06\/21\/la-mobilisation-de-yewwi-askan-wi-pour-lever-le-blocus-chez-sonko-interdite\/"},"author":{"name":"LA REDACTION","@id":"https:\/\/www.public.sn\/#\/schema\/person\/e3f4a11b037d4203902db148f9bc8d5a"},"headline":"La mobilisation de Yewwi Askan Wi pour \u00ab lever le blocus chez Sonko \u00bb interdite","datePublished":"2023-06-21T15:32:18+00:00","mainEntityOfPage":{"@id":"https:\/\/www.public.sn\/index.php\/2023\/06\/21\/la-mobilisation-de-yewwi-askan-wi-pour-lever-le-blocus-chez-sonko-interdite\/"},"wordCount":171,"commentCount":0,"publisher":{"@id":"https:\/\/www.public.sn\/#organization"},"image":{"@id":"https:\/\/www.public.sn\/index.php\/2023\/06\/21\/la-mobilisation-de-yewwi-askan-wi-pour-lever-le-blocus-chez-sonko-interdite\/#primaryimage"},"thumbnailUrl":"https:\/\/www.public.sn\/wp-content\/uploads\/2023\/06\/Ousmane-Sonko-snnn.webp","keywords":["prefet","sonko","yewwi askan wi"],"articleSection":["ACTUALIT\u00c9S","POLITIQUE","S\u00c9N\u00c9GAL","VEDETTE"],"inLanguage":"fr-FR","potentialAction":[{"@type":"CommentAction","name":"Comment","target":["https:\/\/www.public.sn\/index.php\/2023\/06\/21\/la-mobilisation-de-yewwi-askan-wi-pour-lever-le-blocus-chez-sonko-interdite\/#respond"]}]},{"@type":"WebPage","@id":"https:\/\/www.public.sn\/index.php\/2023\/06\/21\/la-mobilisation-de-yewwi-askan-wi-pour-lever-le-blocus-chez-sonko-interdite\/","url":"https:\/\/www.public.sn\/index.php\/2023\/06\/21\/la-mobilisation-de-yewwi-askan-wi-pour-lever-le-blocus-chez-sonko-interdite\/","name":"La mobilisation de Yewwi Askan Wi pour \u00ab lever le blocus chez Sonko \u00bb interdite - LE PUBLIC","isPartOf":{"@id":"https:\/\/www.public.sn\/#website"},"primaryImageOfPage":{"@id":"https:\/\/www.public.sn\/index.php\/2023\/06\/21\/la-mobilisation-de-yewwi-askan-wi-pour-lever-le-blocus-chez-sonko-interdite\/#primaryimage"},"image":{"@id":"https:\/\/www.public.sn\/index.php\/2023\/06\/21\/la-mobilisation-de-yewwi-askan-wi-pour-lever-le-blocus-chez-sonko-interdite\/#primaryimage"},"thumbnailUrl":"https:\/\/www.public.sn\/wp-content\/uploads\/2023\/06\/Ousmane-Sonko-snnn.webp","datePublished":"2023-06-21T15:32:18+00:00","description":"Le Pr\u00e9fet de Dakar vient d'interdire la manifestation de Yewwi Askan Wi pr\u00e9vuedimanche 25 juin, par la coalition Yewwi Askan Wi (YAW) qui avait pour but de lever le blocus install\u00e9 autour du domicile de Ousmane Sonko.","breadcrumb":{"@id":"https:\/\/www.public.sn\/index.php\/2023\/06\/21\/la-mobilisation-de-yewwi-askan-wi-pour-lever-le-blocus-chez-sonko-interdite\/#breadcrumb"},"inLanguage":"fr-FR","potentialAction":[{"@type":"ReadAction","target":["https:\/\/www.public.sn\/index.php\/2023\/06\/21\/la-mobilisation-de-yewwi-askan-wi-pour-lever-le-blocus-chez-sonko-interdite\/"]}]},{"@type":"ImageObject","inLanguage":"fr-FR","@id":"https:\/\/www.public.sn\/index.php\/2023\/06\/21\/la-mobilisation-de-yewwi-askan-wi-pour-lever-le-blocus-chez-sonko-interdite\/#primaryimage","url":"https:\/\/www.public.sn\/wp-content\/uploads\/2023\/06\/Ousmane-Sonko-snnn.webp","contentUrl":"https:\/\/www.public.sn\/wp-content\/uploads\/2023\/06\/Ousmane-Sonko-snnn.webp","width":661,"height":346},{"@type":"BreadcrumbList","@id":"https:\/\/www.public.sn\/index.php\/2023\/06\/21\/la-mobilisation-de-yewwi-askan-wi-pour-lever-le-blocus-chez-sonko-interdite\/#breadcrumb","itemListElement":[{"@type":"ListItem","position":1,"name":"Accueil","item":"https:\/\/www.public.sn\/"},{"@type":"ListItem","position":2,"name":"La mobilisation de Yewwi Askan Wi pour \u00ab lever le blocus chez Sonko \u00bb interdite"}]},{"@type":"WebSite","@id":"https:\/\/www.public.sn\/#website","url":"https:\/\/www.public.sn\/","name":"LE PUBLIC","description":"","publisher":{"@id":"https:\/\/www.public.sn\/#organization"},"potentialAction":[{"@type":"SearchAction","target":{"@type":"EntryPoint","urlTemplate":"https:\/\/www.public.sn\/?s={search_term_string}"},"query-input":{"@type":"PropertyValueSpecification","valueRequired":true,"valueName":"search_term_string"}}],"inLanguage":"fr-FR"},{"@type":"Organization","@id":"https:\/\/www.public.sn\/#organization","name":"LE PUBLIC","url":"https:\/\/www.public.sn\/","logo":{"@type":"ImageObject","inLanguage":"fr-FR","@id":"https:\/\/www.public.sn\/#\/schema\/logo\/image\/","url":"https:\/\/www.public.sn\/wp-content\/uploads\/2024\/05\/cropped-LOGO-PUBLIC.SN_.png","contentUrl":"https:\/\/www.public.sn\/wp-content\/uploads\/2024\/05\/cropped-LOGO-PUBLIC.SN_.png","width":682,"height":192,"caption":"LE PUBLIC"},"image":{"@id":"https:\/\/www.public.sn\/#\/schema\/logo\/image\/"}},{"@type":"Person","@id":"https:\/\/www.public.sn\/#\/schema\/person\/e3f4a11b037d4203902db148f9bc8d5a","name":"LA REDACTION","image":{"@type":"ImageObject","inLanguage":"fr-FR","@id":"https:\/\/www.public.sn\/#\/schema\/person\/image\/","url":"https:\/\/secure.gravatar.com\/avatar\/d6c030db45db2883c075085c5d6c6258654a801a93766b49af0b82d4f454e2a5?s=96&d=mm&r=g","contentUrl":"https:\/\/secure.gravatar.com\/avatar\/d6c030db45db2883c075085c5d6c6258654a801a93766b49af0b82d4f454e2a5?s=96&d=mm&r=g","caption":"LA REDACTION"},"sameAs":["http:\/\/www.public.sn"],"url":"https:\/\/www.public.sn\/index.php\/author\/admin7324\/"}]}},"jetpack_featured_media_url":"https:\/\/www.public.sn\/wp-content\/uploads\/2023\/06\/Ousmane-Sonko-snnn.webp","jetpack_sharing_enabled":true,"_links":{"self":[{"href":"https:\/\/www.public.sn\/index.php\/wp-json\/wp\/v2\/posts\/24034","targetHints":{"allow":["GET"]}}],"collection":[{"href":"https:\/\/www.public.sn\/index.php\/wp-json\/wp\/v2\/posts"}],"about":[{"href":"https:\/\/www.public.sn\/index.php\/wp-json\/wp\/v2\/types\/post"}],"author":[{"embeddable":true,"href":"https:\/\/www.public.sn\/index.php\/wp-json\/wp\/v2\/users\/1"}],"replies":[{"embeddable":true,"href":"https:\/\/www.public.sn\/index.php\/wp-json\/wp\/v2\/comments?post=24034"}],"version-history":[{"count":1,"href":"https:\/\/www.public.sn\/index.php\/wp-json\/wp\/v2\/posts\/24034\/revisions"}],"predecessor-version":[{"id":24037,"href":"https:\/\/www.public.sn\/index.php\/wp-json\/wp\/v2\/posts\/24034\/revisions\/24037"}],"wp:featuredmedia":[{"embeddable":true,"href":"https:\/\/www.public.sn\/index.php\/wp-json\/wp\/v2\/media\/24035"}],"wp:attachment":[{"href":"https:\/\/www.public.sn\/index.php\/wp-json\/wp\/v2\/media?parent=24034"}],"wp:term":[{"taxonomy":"category","embeddable":true,"href":"https:\/\/www.public.sn\/index.php\/wp-json\/wp\/v2\/categories?post=24034"},{"taxonomy":"post_tag","embeddable":true,"href":"https:\/\/www.public.sn\/index.php\/wp-json\/wp\/v2\/tags?post=24034"}],"curies":[{"name":"wp","href":"https:\/\/api.w.org\/{rel}","templated":true}]}}