{"id":24195,"date":"2023-06-23T09:58:41","date_gmt":"2023-06-23T09:58:41","guid":{"rendered":"https:\/\/www.public.sn\/?p=24195"},"modified":"2023-06-23T09:58:41","modified_gmt":"2023-06-23T09:58:41","slug":"revision-de-son-proces-karim-wade-face-aux-trois-obstacles","status":"publish","type":"post","link":"https:\/\/www.public.sn\/index.php\/2023\/06\/23\/revision-de-son-proces-karim-wade-face-aux-trois-obstacles\/","title":{"rendered":"R\u00e9vision de son proc\u00e8s : Karim Wade face aux trois obstacles"},"content":{"rendered":"<p><strong>Condamn\u00e9 pour enrichissement illicite par la Cour de r\u00e9pression de l\u2019enrichissement illicite (Crei), \u00e0 six ans de prison ferme et 138 milliards de francs CFA d&rsquo;amende, verdict confirm\u00e9 en 2015 par la Cour supr\u00eame, Karim Wade a obtenu la r\u00e9vision de son proc\u00e8s.<\/strong><\/p><div class=\"publi-paragraphe1\" style=\"margin-top: 10px;margin-bottom: 10px;margin-left: auto;margin-right: auto;text-align: center;\" id=\"publi-1652470569\"><div class=\"publi-adlabel\">Publicit\u00e9<\/div><script async src=\"\/\/pagead2.googlesyndication.com\/pagead\/js\/adsbygoogle.js?client=ca-pub-4089586018074219\" crossorigin=\"anonymous\"><\/script><ins class=\"adsbygoogle\" style=\"display:block;\" data-ad-client=\"ca-pub-4089586018074219\" \ndata-ad-slot=\"2087940154\" \ndata-ad-format=\"auto\"><\/ins>\n<script> \n(adsbygoogle = window.adsbygoogle || []).push({}); \n<\/script>\n<\/div>\n<p>Mais, le fils de l\u2019ancien Pr\u00e9sident Abdoulaye Wade (2000 &#8211; 2012) n\u2019est pas au bout de ses peines. L\u2019ex\u00e9cution de l\u2019accord n\u00e9goci\u00e9 par le Parti d\u00e9mocratique s\u00e9n\u00e9galais (Pds) et act\u00e9 par la commission politique du dialogue national risque de prendre du temps, souffle Source A dans son \u00e9dition de ce vendredi 23 juin.<\/p>\n<p>Le journal doute m\u00eame que la proc\u00e9dure se termine avant la prochaine \u00e9lection pr\u00e9sidentielle fix\u00e9e au 25 f\u00e9vrier 2024. Et pour cause, souligne la source, \u00ab\u00a0si on doit r\u00e9former la Crei, il faut un projet ou une proposition de loi qui, vot\u00e9 (e) par l\u2019Assembl\u00e9e nationale, et qui doit \u00eatre promulgu\u00e9 (e) par le pr\u00e9sident de la R\u00e9publique.\u00a0\u00bb<\/p>\n<p>Ce n\u2019est pas fini car \u00ab\u00a0il faut, ensuite, sortir les d\u00e9crets d\u2019application.\u00a0\u00bb<br \/>\nDes experts du droit contact\u00e9s par le journal sont formels : \u00ab\u00a0Il est impossible de faire tout ce travail avant la pr\u00e9sidentielle 2024\u00a0\u00bb.<\/p>\n<p><strong>Lala RASSOUL<\/strong><\/p>\n<div class=\"publi-apres-le-contenu\" style=\"margin-top: 10px;margin-bottom: 10px;margin-left: auto;margin-right: auto;text-align: center;\" id=\"publi-1837331458\"><div class=\"publi-adlabel\">Publicit\u00e9<\/div><script async src=\"\/\/pagead2.googlesyndication.com\/pagead\/js\/adsbygoogle.js?client=ca-pub-4089586018074219\" crossorigin=\"anonymous\"><\/script><ins class=\"adsbygoogle\" style=\"display:block;\" data-ad-client=\"ca-pub-4089586018074219\" \ndata-ad-slot=\"2087940154\" \ndata-ad-format=\"auto\"><\/ins>\n<script> \n(adsbygoogle = window.adsbygoogle || []).push({}); \n<\/script>\n<\/div>","protected":false},"excerpt":{"rendered":"<p>Condamn\u00e9 pour enrichissement illicite par la Cour de r\u00e9pression de l\u2019enrichissement illicite (Crei), \u00e0 six ans de prison ferme et 138 milliards de francs CFA d&rsquo;amende, verdict confirm\u00e9 en 2015 par la Cour supr\u00eame, Karim Wade a obtenu la r\u00e9vision de son proc\u00e8s. Mais, le fils de l\u2019ancien Pr\u00e9sident Abdoulaye Wade (2000 &#8211; 2012) n\u2019est pas au bout de ses peines. L\u2019ex\u00e9cution de l\u2019accord n\u00e9goci\u00e9 par le Parti d\u00e9mocratique s\u00e9n\u00e9galais (Pds) et act\u00e9 par la commission politique du dialogue national risque de prendre du temps, souffle Source A dans son \u00e9dition de ce vendredi 23 juin. Le journal doute m\u00eame que la proc\u00e9dure se termine avant la prochaine \u00e9lection pr\u00e9sidentielle fix\u00e9e au 25 f\u00e9vrier 2024. Et pour cause, souligne la source, \u00ab\u00a0si on doit r\u00e9former la Crei, il faut un projet ou une proposition de loi qui, vot\u00e9 (e) par l\u2019Assembl\u00e9e nationale, et qui doit \u00eatre promulgu\u00e9 (e) par le pr\u00e9sident de la R\u00e9publique.\u00a0\u00bb Ce n\u2019est pas fini car \u00ab\u00a0il faut, ensuite, sortir les d\u00e9crets d\u2019application.\u00a0\u00bb Des experts du droit contact\u00e9s par le journal sont formels : \u00ab\u00a0Il est impossible de faire tout ce travail avant la pr\u00e9sidentielle 2024\u00a0\u00bb. Lala RASSOUL<\/p>\n","protected":false},"author":7,"featured_media":24197,"comment_status":"open","ping_status":"open","sticky":false,"template":"","format":"standard","meta":{"_jetpack_memberships_contains_paid_content":false,"footnotes":""},"categories":[375,3724],"tags":[],"class_list":["post-24195","post","type-post","status-publish","format-standard","has-post-thumbnail","hentry","category-actualites","category-justice","entry","has-media","owp-thumbs-layout-horizontal","owp-btn-normal","owp-tabs-layout-horizontal","has-no-thumbnails","has-product-nav"],"yoast_head":"<!-- This site is optimized with the Yoast SEO plugin v25.5 - https:\/\/yoast.com\/wordpress\/plugins\/seo\/ -->\n<title>R\u00e9vision de son proc\u00e8s : Karim Wade face aux trois obstacles - LE PUBLIC<\/title>\n<meta name=\"robots\" content=\"index, follow, max-snippet:-1, max-image-preview:large, max-video-preview:-1\" \/>\n<link rel=\"canonical\" href=\"https:\/\/www.public.sn\/index.php\/2023\/06\/23\/revision-de-son-proces-karim-wade-face-aux-trois-obstacles\/\" \/>\n<meta property=\"og:locale\" content=\"fr_FR\" \/>\n<meta property=\"og:type\" content=\"article\" \/>\n<meta property=\"og:title\" content=\"R\u00e9vision de son proc\u00e8s : Karim Wade face aux trois obstacles - LE PUBLIC\" \/>\n<meta property=\"og:description\" content=\"Condamn\u00e9 pour enrichissement illicite par la Cour de r\u00e9pression de l\u2019enrichissement illicite (Crei), \u00e0 six ans de prison ferme et 138 milliards de francs CFA d&rsquo;amende, verdict confirm\u00e9 en 2015 par la Cour supr\u00eame, Karim Wade a obtenu la r\u00e9vision de son proc\u00e8s. Mais, le fils de l\u2019ancien Pr\u00e9sident Abdoulaye Wade (2000 &#8211; 2012) n\u2019est pas au bout de ses peines. L\u2019ex\u00e9cution de l\u2019accord n\u00e9goci\u00e9 par le Parti d\u00e9mocratique s\u00e9n\u00e9galais (Pds) et act\u00e9 par la commission politique du dialogue national risque de prendre du temps, souffle Source A dans son \u00e9dition de ce vendredi 23 juin. Le journal doute m\u00eame que la proc\u00e9dure se termine avant la prochaine \u00e9lection pr\u00e9sidentielle fix\u00e9e au 25 f\u00e9vrier 2024. Et pour cause, souligne la source, \u00ab\u00a0si on doit r\u00e9former la Crei, il faut un projet ou une proposition de loi qui, vot\u00e9 (e) par l\u2019Assembl\u00e9e nationale, et qui doit \u00eatre promulgu\u00e9 (e) par le pr\u00e9sident de la R\u00e9publique.\u00a0\u00bb Ce n\u2019est pas fini car \u00ab\u00a0il faut, ensuite, sortir les d\u00e9crets d\u2019application.\u00a0\u00bb Des experts du droit contact\u00e9s par le journal sont formels : \u00ab\u00a0Il est impossible de faire tout ce travail avant la pr\u00e9sidentielle 2024\u00a0\u00bb. Lala RASSOUL\" \/>\n<meta property=\"og:url\" content=\"https:\/\/www.public.sn\/index.php\/2023\/06\/23\/revision-de-son-proces-karim-wade-face-aux-trois-obstacles\/\" \/>\n<meta property=\"og:site_name\" content=\"LE PUBLIC\" \/>\n<meta property=\"article:published_time\" content=\"2023-06-23T09:58:41+00:00\" \/>\n<meta property=\"og:image\" content=\"https:\/\/www.public.sn\/wp-content\/uploads\/2023\/06\/6675bd8becd328ea21991ac65dfc4208d7976ae7-1.jpeg\" \/>\n\t<meta property=\"og:image:width\" content=\"612\" \/>\n\t<meta property=\"og:image:height\" content=\"298\" \/>\n\t<meta property=\"og:image:type\" content=\"image\/jpeg\" \/>\n<meta name=\"author\" content=\"LA REDACTION\" \/>\n<meta name=\"twitter:card\" content=\"summary_large_image\" \/>\n<meta name=\"twitter:label1\" content=\"\u00c9crit par\" \/>\n\t<meta name=\"twitter:data1\" content=\"LA REDACTION\" \/>\n\t<meta name=\"twitter:label2\" content=\"Dur\u00e9e de lecture estim\u00e9e\" \/>\n\t<meta name=\"twitter:data2\" content=\"1 minute\" \/>\n<script type=\"application\/ld+json\" class=\"yoast-schema-graph\">{\"@context\":\"https:\/\/schema.org\",\"@graph\":[{\"@type\":\"Article\",\"@id\":\"https:\/\/www.public.sn\/index.php\/2023\/06\/23\/revision-de-son-proces-karim-wade-face-aux-trois-obstacles\/#article\",\"isPartOf\":{\"@id\":\"https:\/\/www.public.sn\/index.php\/2023\/06\/23\/revision-de-son-proces-karim-wade-face-aux-trois-obstacles\/\"},\"author\":{\"name\":\"LA REDACTION\",\"@id\":\"https:\/\/www.public.sn\/#\/schema\/person\/cb76c8e1b8becc6be61fb5e92d6d0224\"},\"headline\":\"R\u00e9vision de son proc\u00e8s : Karim Wade face aux trois obstacles\",\"datePublished\":\"2023-06-23T09:58:41+00:00\",\"mainEntityOfPage\":{\"@id\":\"https:\/\/www.public.sn\/index.php\/2023\/06\/23\/revision-de-son-proces-karim-wade-face-aux-trois-obstacles\/\"},\"wordCount\":223,\"commentCount\":0,\"publisher\":{\"@id\":\"https:\/\/www.public.sn\/#organization\"},\"image\":{\"@id\":\"https:\/\/www.public.sn\/index.php\/2023\/06\/23\/revision-de-son-proces-karim-wade-face-aux-trois-obstacles\/#primaryimage\"},\"thumbnailUrl\":\"https:\/\/www.public.sn\/wp-content\/uploads\/2023\/06\/6675bd8becd328ea21991ac65dfc4208d7976ae7-1.jpeg\",\"articleSection\":[\"ACTUALIT\u00c9S\",\"justice\"],\"inLanguage\":\"fr-FR\",\"potentialAction\":[{\"@type\":\"CommentAction\",\"name\":\"Comment\",\"target\":[\"https:\/\/www.public.sn\/index.php\/2023\/06\/23\/revision-de-son-proces-karim-wade-face-aux-trois-obstacles\/#respond\"]}]},{\"@type\":\"WebPage\",\"@id\":\"https:\/\/www.public.sn\/index.php\/2023\/06\/23\/revision-de-son-proces-karim-wade-face-aux-trois-obstacles\/\",\"url\":\"https:\/\/www.public.sn\/index.php\/2023\/06\/23\/revision-de-son-proces-karim-wade-face-aux-trois-obstacles\/\",\"name\":\"R\u00e9vision de son proc\u00e8s : Karim Wade face aux trois obstacles - LE PUBLIC\",\"isPartOf\":{\"@id\":\"https:\/\/www.public.sn\/#website\"},\"primaryImageOfPage\":{\"@id\":\"https:\/\/www.public.sn\/index.php\/2023\/06\/23\/revision-de-son-proces-karim-wade-face-aux-trois-obstacles\/#primaryimage\"},\"image\":{\"@id\":\"https:\/\/www.public.sn\/index.php\/2023\/06\/23\/revision-de-son-proces-karim-wade-face-aux-trois-obstacles\/#primaryimage\"},\"thumbnailUrl\":\"https:\/\/www.public.sn\/wp-content\/uploads\/2023\/06\/6675bd8becd328ea21991ac65dfc4208d7976ae7-1.jpeg\",\"datePublished\":\"2023-06-23T09:58:41+00:00\",\"breadcrumb\":{\"@id\":\"https:\/\/www.public.sn\/index.php\/2023\/06\/23\/revision-de-son-proces-karim-wade-face-aux-trois-obstacles\/#breadcrumb\"},\"inLanguage\":\"fr-FR\",\"potentialAction\":[{\"@type\":\"ReadAction\",\"target\":[\"https:\/\/www.public.sn\/index.php\/2023\/06\/23\/revision-de-son-proces-karim-wade-face-aux-trois-obstacles\/\"]}]},{\"@type\":\"ImageObject\",\"inLanguage\":\"fr-FR\",\"@id\":\"https:\/\/www.public.sn\/index.php\/2023\/06\/23\/revision-de-son-proces-karim-wade-face-aux-trois-obstacles\/#primaryimage\",\"url\":\"https:\/\/www.public.sn\/wp-content\/uploads\/2023\/06\/6675bd8becd328ea21991ac65dfc4208d7976ae7-1.jpeg\",\"contentUrl\":\"https:\/\/www.public.sn\/wp-content\/uploads\/2023\/06\/6675bd8becd328ea21991ac65dfc4208d7976ae7-1.jpeg\",\"width\":612,\"height\":298},{\"@type\":\"BreadcrumbList\",\"@id\":\"https:\/\/www.public.sn\/index.php\/2023\/06\/23\/revision-de-son-proces-karim-wade-face-aux-trois-obstacles\/#breadcrumb\",\"itemListElement\":[{\"@type\":\"ListItem\",\"position\":1,\"name\":\"Accueil\",\"item\":\"https:\/\/www.public.sn\/\"},{\"@type\":\"ListItem\",\"position\":2,\"name\":\"R\u00e9vision de son proc\u00e8s : Karim Wade face aux trois obstacles\"}]},{\"@type\":\"WebSite\",\"@id\":\"https:\/\/www.public.sn\/#website\",\"url\":\"https:\/\/www.public.sn\/\",\"name\":\"LE PUBLIC\",\"description\":\"\",\"publisher\":{\"@id\":\"https:\/\/www.public.sn\/#organization\"},\"potentialAction\":[{\"@type\":\"SearchAction\",\"target\":{\"@type\":\"EntryPoint\",\"urlTemplate\":\"https:\/\/www.public.sn\/?s={search_term_string}\"},\"query-input\":{\"@type\":\"PropertyValueSpecification\",\"valueRequired\":true,\"valueName\":\"search_term_string\"}}],\"inLanguage\":\"fr-FR\"},{\"@type\":\"Organization\",\"@id\":\"https:\/\/www.public.sn\/#organization\",\"name\":\"LE PUBLIC\",\"url\":\"https:\/\/www.public.sn\/\",\"logo\":{\"@type\":\"ImageObject\",\"inLanguage\":\"fr-FR\",\"@id\":\"https:\/\/www.public.sn\/#\/schema\/logo\/image\/\",\"url\":\"https:\/\/www.public.sn\/wp-content\/uploads\/2024\/05\/cropped-LOGO-PUBLIC.SN_.png\",\"contentUrl\":\"https:\/\/www.public.sn\/wp-content\/uploads\/2024\/05\/cropped-LOGO-PUBLIC.SN_.png\",\"width\":682,\"height\":192,\"caption\":\"LE PUBLIC\"},\"image\":{\"@id\":\"https:\/\/www.public.sn\/#\/schema\/logo\/image\/\"}},{\"@type\":\"Person\",\"@id\":\"https:\/\/www.public.sn\/#\/schema\/person\/cb76c8e1b8becc6be61fb5e92d6d0224\",\"name\":\"LA REDACTION\",\"image\":{\"@type\":\"ImageObject\",\"inLanguage\":\"fr-FR\",\"@id\":\"https:\/\/www.public.sn\/#\/schema\/person\/image\/\",\"url\":\"https:\/\/secure.gravatar.com\/avatar\/2dce5ddd34b8fef0180efe03aa2a9bee7d953856048f9a16b298190a3178407c?s=96&d=mm&r=g\",\"contentUrl\":\"https:\/\/secure.gravatar.com\/avatar\/2dce5ddd34b8fef0180efe03aa2a9bee7d953856048f9a16b298190a3178407c?s=96&d=mm&r=g\",\"caption\":\"LA REDACTION\"},\"url\":\"https:\/\/www.public.sn\/index.php\/author\/editeurpsn\/\"}]}<\/script>\n<!-- \/ Yoast SEO plugin. -->","yoast_head_json":{"title":"R\u00e9vision de son proc\u00e8s : Karim Wade face aux trois obstacles - LE PUBLIC","robots":{"index":"index","follow":"follow","max-snippet":"max-snippet:-1","max-image-preview":"max-image-preview:large","max-video-preview":"max-video-preview:-1"},"canonical":"https:\/\/www.public.sn\/index.php\/2023\/06\/23\/revision-de-son-proces-karim-wade-face-aux-trois-obstacles\/","og_locale":"fr_FR","og_type":"article","og_title":"R\u00e9vision de son proc\u00e8s : Karim Wade face aux trois obstacles - LE PUBLIC","og_description":"Condamn\u00e9 pour enrichissement illicite par la Cour de r\u00e9pression de l\u2019enrichissement illicite (Crei), \u00e0 six ans de prison ferme et 138 milliards de francs CFA d&rsquo;amende, verdict confirm\u00e9 en 2015 par la Cour supr\u00eame, Karim Wade a obtenu la r\u00e9vision de son proc\u00e8s. Mais, le fils de l\u2019ancien Pr\u00e9sident Abdoulaye Wade (2000 &#8211; 2012) n\u2019est pas au bout de ses peines. L\u2019ex\u00e9cution de l\u2019accord n\u00e9goci\u00e9 par le Parti d\u00e9mocratique s\u00e9n\u00e9galais (Pds) et act\u00e9 par la commission politique du dialogue national risque de prendre du temps, souffle Source A dans son \u00e9dition de ce vendredi 23 juin. Le journal doute m\u00eame que la proc\u00e9dure se termine avant la prochaine \u00e9lection pr\u00e9sidentielle fix\u00e9e au 25 f\u00e9vrier 2024. Et pour cause, souligne la source, \u00ab\u00a0si on doit r\u00e9former la Crei, il faut un projet ou une proposition de loi qui, vot\u00e9 (e) par l\u2019Assembl\u00e9e nationale, et qui doit \u00eatre promulgu\u00e9 (e) par le pr\u00e9sident de la R\u00e9publique.\u00a0\u00bb Ce n\u2019est pas fini car \u00ab\u00a0il faut, ensuite, sortir les d\u00e9crets d\u2019application.\u00a0\u00bb Des experts du droit contact\u00e9s par le journal sont formels : \u00ab\u00a0Il est impossible de faire tout ce travail avant la pr\u00e9sidentielle 2024\u00a0\u00bb. Lala RASSOUL","og_url":"https:\/\/www.public.sn\/index.php\/2023\/06\/23\/revision-de-son-proces-karim-wade-face-aux-trois-obstacles\/","og_site_name":"LE PUBLIC","article_published_time":"2023-06-23T09:58:41+00:00","og_image":[{"width":612,"height":298,"url":"https:\/\/www.public.sn\/wp-content\/uploads\/2023\/06\/6675bd8becd328ea21991ac65dfc4208d7976ae7-1.jpeg","type":"image\/jpeg"}],"author":"LA REDACTION","twitter_card":"summary_large_image","twitter_misc":{"\u00c9crit par":"LA REDACTION","Dur\u00e9e de lecture estim\u00e9e":"1 minute"},"schema":{"@context":"https:\/\/schema.org","@graph":[{"@type":"Article","@id":"https:\/\/www.public.sn\/index.php\/2023\/06\/23\/revision-de-son-proces-karim-wade-face-aux-trois-obstacles\/#article","isPartOf":{"@id":"https:\/\/www.public.sn\/index.php\/2023\/06\/23\/revision-de-son-proces-karim-wade-face-aux-trois-obstacles\/"},"author":{"name":"LA REDACTION","@id":"https:\/\/www.public.sn\/#\/schema\/person\/cb76c8e1b8becc6be61fb5e92d6d0224"},"headline":"R\u00e9vision de son proc\u00e8s : Karim Wade face aux trois obstacles","datePublished":"2023-06-23T09:58:41+00:00","mainEntityOfPage":{"@id":"https:\/\/www.public.sn\/index.php\/2023\/06\/23\/revision-de-son-proces-karim-wade-face-aux-trois-obstacles\/"},"wordCount":223,"commentCount":0,"publisher":{"@id":"https:\/\/www.public.sn\/#organization"},"image":{"@id":"https:\/\/www.public.sn\/index.php\/2023\/06\/23\/revision-de-son-proces-karim-wade-face-aux-trois-obstacles\/#primaryimage"},"thumbnailUrl":"https:\/\/www.public.sn\/wp-content\/uploads\/2023\/06\/6675bd8becd328ea21991ac65dfc4208d7976ae7-1.jpeg","articleSection":["ACTUALIT\u00c9S","justice"],"inLanguage":"fr-FR","potentialAction":[{"@type":"CommentAction","name":"Comment","target":["https:\/\/www.public.sn\/index.php\/2023\/06\/23\/revision-de-son-proces-karim-wade-face-aux-trois-obstacles\/#respond"]}]},{"@type":"WebPage","@id":"https:\/\/www.public.sn\/index.php\/2023\/06\/23\/revision-de-son-proces-karim-wade-face-aux-trois-obstacles\/","url":"https:\/\/www.public.sn\/index.php\/2023\/06\/23\/revision-de-son-proces-karim-wade-face-aux-trois-obstacles\/","name":"R\u00e9vision de son proc\u00e8s : Karim Wade face aux trois obstacles - LE PUBLIC","isPartOf":{"@id":"https:\/\/www.public.sn\/#website"},"primaryImageOfPage":{"@id":"https:\/\/www.public.sn\/index.php\/2023\/06\/23\/revision-de-son-proces-karim-wade-face-aux-trois-obstacles\/#primaryimage"},"image":{"@id":"https:\/\/www.public.sn\/index.php\/2023\/06\/23\/revision-de-son-proces-karim-wade-face-aux-trois-obstacles\/#primaryimage"},"thumbnailUrl":"https:\/\/www.public.sn\/wp-content\/uploads\/2023\/06\/6675bd8becd328ea21991ac65dfc4208d7976ae7-1.jpeg","datePublished":"2023-06-23T09:58:41+00:00","breadcrumb":{"@id":"https:\/\/www.public.sn\/index.php\/2023\/06\/23\/revision-de-son-proces-karim-wade-face-aux-trois-obstacles\/#breadcrumb"},"inLanguage":"fr-FR","potentialAction":[{"@type":"ReadAction","target":["https:\/\/www.public.sn\/index.php\/2023\/06\/23\/revision-de-son-proces-karim-wade-face-aux-trois-obstacles\/"]}]},{"@type":"ImageObject","inLanguage":"fr-FR","@id":"https:\/\/www.public.sn\/index.php\/2023\/06\/23\/revision-de-son-proces-karim-wade-face-aux-trois-obstacles\/#primaryimage","url":"https:\/\/www.public.sn\/wp-content\/uploads\/2023\/06\/6675bd8becd328ea21991ac65dfc4208d7976ae7-1.jpeg","contentUrl":"https:\/\/www.public.sn\/wp-content\/uploads\/2023\/06\/6675bd8becd328ea21991ac65dfc4208d7976ae7-1.jpeg","width":612,"height":298},{"@type":"BreadcrumbList","@id":"https:\/\/www.public.sn\/index.php\/2023\/06\/23\/revision-de-son-proces-karim-wade-face-aux-trois-obstacles\/#breadcrumb","itemListElement":[{"@type":"ListItem","position":1,"name":"Accueil","item":"https:\/\/www.public.sn\/"},{"@type":"ListItem","position":2,"name":"R\u00e9vision de son proc\u00e8s : Karim Wade face aux trois obstacles"}]},{"@type":"WebSite","@id":"https:\/\/www.public.sn\/#website","url":"https:\/\/www.public.sn\/","name":"LE PUBLIC","description":"","publisher":{"@id":"https:\/\/www.public.sn\/#organization"},"potentialAction":[{"@type":"SearchAction","target":{"@type":"EntryPoint","urlTemplate":"https:\/\/www.public.sn\/?s={search_term_string}"},"query-input":{"@type":"PropertyValueSpecification","valueRequired":true,"valueName":"search_term_string"}}],"inLanguage":"fr-FR"},{"@type":"Organization","@id":"https:\/\/www.public.sn\/#organization","name":"LE PUBLIC","url":"https:\/\/www.public.sn\/","logo":{"@type":"ImageObject","inLanguage":"fr-FR","@id":"https:\/\/www.public.sn\/#\/schema\/logo\/image\/","url":"https:\/\/www.public.sn\/wp-content\/uploads\/2024\/05\/cropped-LOGO-PUBLIC.SN_.png","contentUrl":"https:\/\/www.public.sn\/wp-content\/uploads\/2024\/05\/cropped-LOGO-PUBLIC.SN_.png","width":682,"height":192,"caption":"LE PUBLIC"},"image":{"@id":"https:\/\/www.public.sn\/#\/schema\/logo\/image\/"}},{"@type":"Person","@id":"https:\/\/www.public.sn\/#\/schema\/person\/cb76c8e1b8becc6be61fb5e92d6d0224","name":"LA REDACTION","image":{"@type":"ImageObject","inLanguage":"fr-FR","@id":"https:\/\/www.public.sn\/#\/schema\/person\/image\/","url":"https:\/\/secure.gravatar.com\/avatar\/2dce5ddd34b8fef0180efe03aa2a9bee7d953856048f9a16b298190a3178407c?s=96&d=mm&r=g","contentUrl":"https:\/\/secure.gravatar.com\/avatar\/2dce5ddd34b8fef0180efe03aa2a9bee7d953856048f9a16b298190a3178407c?s=96&d=mm&r=g","caption":"LA REDACTION"},"url":"https:\/\/www.public.sn\/index.php\/author\/editeurpsn\/"}]}},"jetpack_featured_media_url":"https:\/\/www.public.sn\/wp-content\/uploads\/2023\/06\/6675bd8becd328ea21991ac65dfc4208d7976ae7-1.jpeg","jetpack_sharing_enabled":true,"_links":{"self":[{"href":"https:\/\/www.public.sn\/index.php\/wp-json\/wp\/v2\/posts\/24195","targetHints":{"allow":["GET"]}}],"collection":[{"href":"https:\/\/www.public.sn\/index.php\/wp-json\/wp\/v2\/posts"}],"about":[{"href":"https:\/\/www.public.sn\/index.php\/wp-json\/wp\/v2\/types\/post"}],"author":[{"embeddable":true,"href":"https:\/\/www.public.sn\/index.php\/wp-json\/wp\/v2\/users\/7"}],"replies":[{"embeddable":true,"href":"https:\/\/www.public.sn\/index.php\/wp-json\/wp\/v2\/comments?post=24195"}],"version-history":[{"count":1,"href":"https:\/\/www.public.sn\/index.php\/wp-json\/wp\/v2\/posts\/24195\/revisions"}],"predecessor-version":[{"id":24198,"href":"https:\/\/www.public.sn\/index.php\/wp-json\/wp\/v2\/posts\/24195\/revisions\/24198"}],"wp:featuredmedia":[{"embeddable":true,"href":"https:\/\/www.public.sn\/index.php\/wp-json\/wp\/v2\/media\/24197"}],"wp:attachment":[{"href":"https:\/\/www.public.sn\/index.php\/wp-json\/wp\/v2\/media?parent=24195"}],"wp:term":[{"taxonomy":"category","embeddable":true,"href":"https:\/\/www.public.sn\/index.php\/wp-json\/wp\/v2\/categories?post=24195"},{"taxonomy":"post_tag","embeddable":true,"href":"https:\/\/www.public.sn\/index.php\/wp-json\/wp\/v2\/tags?post=24195"}],"curies":[{"name":"wp","href":"https:\/\/api.w.org\/{rel}","templated":true}]}}