{"id":24196,"date":"2023-06-23T10:01:43","date_gmt":"2023-06-23T10:01:43","guid":{"rendered":"https:\/\/www.public.sn\/?p=24196"},"modified":"2023-06-23T10:31:28","modified_gmt":"2023-06-23T10:31:28","slug":"medina-une-banale-histoire-vire-au-meurtre-entre-deux-amis-denfance","status":"publish","type":"post","link":"https:\/\/www.public.sn\/index.php\/2023\/06\/23\/medina-une-banale-histoire-vire-au-meurtre-entre-deux-amis-denfance\/","title":{"rendered":"M\u00e9dina : une banale histoire entre deux amis d\u2019enfance vire au meurtre"},"content":{"rendered":"<p><strong>Dans la nuit de mercredi \u00e0 jeudi, la M\u00e9dina, dans la capitale s\u00e9n\u00e9galaise, a \u00e9t\u00e9 th\u00e9atre d\u2019une bagarre qui a vir\u00e9 au drame A M\u00e9dina (Dakar), une bagarre entre deux amis d\u2019enfance a vir\u00e9 au drame dans la nuit du mercredi \u00e0 jeudi. Pour une dispute banale li\u00e9e \u00e0 l\u2019achat de cigarettes, S. O. Ndour a donn\u00e9 deux coups de couteaux mortels \u00e0 son ami d\u2019enfance S. Dial. D\u2019apr\u00e8s L\u2019Observateur qui file l&rsquo;info, les deux amis \u00e9taient en train de boire de l\u2019alcool dans une pi\u00e8ce lorsque les \u00e9v\u00e9nements se sont d\u00e9roul\u00e9s.<\/strong><\/p><div class=\"publi-paragraphe1\" style=\"margin-top: 10px;margin-bottom: 10px;margin-left: auto;margin-right: auto;text-align: center;\" id=\"publi-2683063402\"><div class=\"publi-adlabel\">Publicit\u00e9<\/div><script async src=\"\/\/pagead2.googlesyndication.com\/pagead\/js\/adsbygoogle.js?client=ca-pub-4089586018074219\" crossorigin=\"anonymous\"><\/script><ins class=\"adsbygoogle\" style=\"display:block;\" data-ad-client=\"ca-pub-4089586018074219\" \ndata-ad-slot=\"2087940154\" \ndata-ad-format=\"auto\"><\/ins>\n<script> \n(adsbygoogle = window.adsbygoogle || []).push({}); \n<\/script>\n<\/div>\n<p>Vers 3 heures du matin, S. Dial s\u2019est lev\u00e9 pour aller chercher des cigarettes, mais S. O. Ndour, qui \u00e9tait ivre, a refus\u00e9 de le laisser partir. Il aurait demand\u00e9 \u00e0 son ami de rester assis et d\u2019attendre qu\u2019ils terminent leur bouteille avant de partir. Cependant, S. Dial a refus\u00e9 et cela a provoqu\u00e9 une altercation entre les deux amis. Leur dispute a d\u00e9g\u00e9n\u00e9r\u00e9 en une bagarre physique, au cours de laquelle S. O. Ndour a pris un couteau de cuisine et a poignard\u00e9 S. Dial \u00e0 deux reprises. Ce dernier est tomb\u00e9 par terre, mortellement bless\u00e9 et couvert de sang.<\/p>\n<p>Les voisins ont alert\u00e9 la police, qui a arr\u00eat\u00e9 S. O. Ndour pour coups et blessures volontaires (Cbv). Cependant, lorsque les pompiers sont arriv\u00e9s et ont \u00e9vacu\u00e9 S. Dial, qui a finalement succomb\u00e9 \u00e0 ses blessures, les charges contre S. O. Ndour ont \u00e9t\u00e9 requalifi\u00e9es en homicide.<\/p>\n<div class=\"publi-apres-le-contenu\" style=\"margin-top: 10px;margin-bottom: 10px;margin-left: auto;margin-right: auto;text-align: center;\" id=\"publi-2037823578\"><div class=\"publi-adlabel\">Publicit\u00e9<\/div><script async src=\"\/\/pagead2.googlesyndication.com\/pagead\/js\/adsbygoogle.js?client=ca-pub-4089586018074219\" crossorigin=\"anonymous\"><\/script><ins class=\"adsbygoogle\" style=\"display:block;\" data-ad-client=\"ca-pub-4089586018074219\" \ndata-ad-slot=\"2087940154\" \ndata-ad-format=\"auto\"><\/ins>\n<script> \n(adsbygoogle = window.adsbygoogle || []).push({}); \n<\/script>\n<\/div>","protected":false},"excerpt":{"rendered":"<p>Dans la nuit de mercredi \u00e0 jeudi, la M\u00e9dina, dans la capitale s\u00e9n\u00e9galaise, a \u00e9t\u00e9 th\u00e9atre d\u2019une bagarre qui a vir\u00e9 au drame A M\u00e9dina (Dakar), une bagarre entre deux amis d\u2019enfance a vir\u00e9 au drame dans la nuit du mercredi \u00e0 jeudi. Pour une dispute banale li\u00e9e \u00e0 l\u2019achat de cigarettes, S. O. Ndour a donn\u00e9 deux coups de couteaux mortels \u00e0 son ami d\u2019enfance S. Dial. D\u2019apr\u00e8s L\u2019Observateur qui file l&rsquo;info, les deux amis \u00e9taient en train de boire de l\u2019alcool dans une pi\u00e8ce lorsque les \u00e9v\u00e9nements se sont d\u00e9roul\u00e9s. Vers 3 heures du matin, S. Dial s\u2019est lev\u00e9 pour aller chercher des cigarettes, mais S. O. Ndour, qui \u00e9tait ivre, a refus\u00e9 de le laisser partir. Il aurait demand\u00e9 \u00e0 son ami de rester assis et d\u2019attendre qu\u2019ils terminent leur bouteille avant de partir. Cependant, S. Dial a refus\u00e9 et cela a provoqu\u00e9 une altercation entre les deux amis. Leur dispute a d\u00e9g\u00e9n\u00e9r\u00e9 en une bagarre physique, au cours de laquelle S. O. Ndour a pris un couteau de cuisine et a poignard\u00e9 S. Dial \u00e0 deux reprises. Ce dernier est tomb\u00e9 par terre, mortellement bless\u00e9 et couvert de sang. Les voisins ont alert\u00e9 la police, qui a arr\u00eat\u00e9 S. O. Ndour pour coups et blessures volontaires (Cbv). Cependant, lorsque les pompiers sont arriv\u00e9s et ont \u00e9vacu\u00e9 S. Dial, qui a finalement succomb\u00e9 \u00e0 ses blessures, les charges contre S. O. Ndour ont \u00e9t\u00e9 requalifi\u00e9es en homicide.<\/p>\n","protected":false},"author":1,"featured_media":564,"comment_status":"open","ping_status":"open","sticky":false,"template":"","format":"standard","meta":{"_jetpack_memberships_contains_paid_content":false,"footnotes":""},"categories":[1,4],"tags":[2211,481],"class_list":["post-24196","post","type-post","status-publish","format-standard","has-post-thumbnail","hentry","category-non-classe","category-societe","tag-medina","tag-meurtre","entry","has-media","owp-thumbs-layout-horizontal","owp-btn-normal","owp-tabs-layout-horizontal","has-no-thumbnails","has-product-nav"],"yoast_head":"<!-- This site is optimized with the Yoast SEO plugin v25.5 - https:\/\/yoast.com\/wordpress\/plugins\/seo\/ -->\n<title>M\u00e9dina : une banale histoire entre deux amis d\u2019enfance vire au meurtre - LE PUBLIC<\/title>\n<meta name=\"description\" content=\"Dans la nuit de mercredi \u00e0 jeudi, la M\u00e9dina, dans la capitale s\u00e9n\u00e9galaise, a \u00e9t\u00e9 th\u00e9atre d\u2019une bagarre qui a vir\u00e9 au drame A M\u00e9dina (Dakar), une bagarre entre deux amis d\u2019enfance a vir\u00e9 au drame dans la nuit du mercredi \u00e0 jeudi. Pour une dispute banale li\u00e9e \u00e0 l\u2019achat de cigarettes, S. O. Ndour a donn\u00e9 deux coups de couteaux mortels \u00e0 son ami d\u2019enfance S. Dial. D\u2019apr\u00e8s L\u2019Observateur qui file l&#039;info, les deux amis \u00e9taient en train de boire de l\u2019alcool dans une pi\u00e8ce lorsque les \u00e9v\u00e9nements se sont d\u00e9roul\u00e9s.\" \/>\n<meta name=\"robots\" content=\"index, follow, max-snippet:-1, max-image-preview:large, max-video-preview:-1\" \/>\n<link rel=\"canonical\" href=\"https:\/\/www.public.sn\/index.php\/2023\/06\/23\/medina-une-banale-histoire-vire-au-meurtre-entre-deux-amis-denfance\/\" \/>\n<meta property=\"og:locale\" content=\"fr_FR\" \/>\n<meta property=\"og:type\" content=\"article\" \/>\n<meta property=\"og:title\" content=\"M\u00e9dina : une banale histoire entre deux amis d\u2019enfance vire au meurtre - LE PUBLIC\" \/>\n<meta property=\"og:description\" content=\"Dans la nuit de mercredi \u00e0 jeudi, la M\u00e9dina, dans la capitale s\u00e9n\u00e9galaise, a \u00e9t\u00e9 th\u00e9atre d\u2019une bagarre qui a vir\u00e9 au drame A M\u00e9dina (Dakar), une bagarre entre deux amis d\u2019enfance a vir\u00e9 au drame dans la nuit du mercredi \u00e0 jeudi. Pour une dispute banale li\u00e9e \u00e0 l\u2019achat de cigarettes, S. O. Ndour a donn\u00e9 deux coups de couteaux mortels \u00e0 son ami d\u2019enfance S. Dial. D\u2019apr\u00e8s L\u2019Observateur qui file l&#039;info, les deux amis \u00e9taient en train de boire de l\u2019alcool dans une pi\u00e8ce lorsque les \u00e9v\u00e9nements se sont d\u00e9roul\u00e9s.\" \/>\n<meta property=\"og:url\" content=\"https:\/\/www.public.sn\/index.php\/2023\/06\/23\/medina-une-banale-histoire-vire-au-meurtre-entre-deux-amis-denfance\/\" \/>\n<meta property=\"og:site_name\" content=\"LE PUBLIC\" \/>\n<meta property=\"article:published_time\" content=\"2023-06-23T10:01:43+00:00\" \/>\n<meta property=\"article:modified_time\" content=\"2023-06-23T10:31:28+00:00\" \/>\n<meta property=\"og:image\" content=\"https:\/\/www.public.sn\/wp-content\/uploads\/2022\/08\/drame.png\" \/>\n\t<meta property=\"og:image:width\" content=\"620\" \/>\n\t<meta property=\"og:image:height\" content=\"400\" \/>\n\t<meta property=\"og:image:type\" content=\"image\/png\" \/>\n<meta name=\"author\" content=\"LA REDACTION\" \/>\n<meta name=\"twitter:card\" content=\"summary_large_image\" \/>\n<meta name=\"twitter:label1\" content=\"\u00c9crit par\" \/>\n\t<meta name=\"twitter:data1\" content=\"LA REDACTION\" \/>\n\t<meta name=\"twitter:label2\" content=\"Dur\u00e9e de lecture estim\u00e9e\" \/>\n\t<meta name=\"twitter:data2\" content=\"2 minutes\" \/>\n<script type=\"application\/ld+json\" class=\"yoast-schema-graph\">{\"@context\":\"https:\/\/schema.org\",\"@graph\":[{\"@type\":\"Article\",\"@id\":\"https:\/\/www.public.sn\/index.php\/2023\/06\/23\/medina-une-banale-histoire-vire-au-meurtre-entre-deux-amis-denfance\/#article\",\"isPartOf\":{\"@id\":\"https:\/\/www.public.sn\/index.php\/2023\/06\/23\/medina-une-banale-histoire-vire-au-meurtre-entre-deux-amis-denfance\/\"},\"author\":{\"name\":\"LA REDACTION\",\"@id\":\"https:\/\/www.public.sn\/#\/schema\/person\/e3f4a11b037d4203902db148f9bc8d5a\"},\"headline\":\"M\u00e9dina : une banale histoire entre deux amis d\u2019enfance vire au meurtre\",\"datePublished\":\"2023-06-23T10:01:43+00:00\",\"dateModified\":\"2023-06-23T10:31:28+00:00\",\"mainEntityOfPage\":{\"@id\":\"https:\/\/www.public.sn\/index.php\/2023\/06\/23\/medina-une-banale-histoire-vire-au-meurtre-entre-deux-amis-denfance\/\"},\"wordCount\":272,\"commentCount\":0,\"publisher\":{\"@id\":\"https:\/\/www.public.sn\/#organization\"},\"image\":{\"@id\":\"https:\/\/www.public.sn\/index.php\/2023\/06\/23\/medina-une-banale-histoire-vire-au-meurtre-entre-deux-amis-denfance\/#primaryimage\"},\"thumbnailUrl\":\"https:\/\/www.public.sn\/wp-content\/uploads\/2022\/08\/drame.png\",\"keywords\":[\"medina\",\"Meurtre\"],\"articleSection\":[\"S\u00c9N\u00c9GAL\",\"SOCIETE\"],\"inLanguage\":\"fr-FR\",\"potentialAction\":[{\"@type\":\"CommentAction\",\"name\":\"Comment\",\"target\":[\"https:\/\/www.public.sn\/index.php\/2023\/06\/23\/medina-une-banale-histoire-vire-au-meurtre-entre-deux-amis-denfance\/#respond\"]}]},{\"@type\":\"WebPage\",\"@id\":\"https:\/\/www.public.sn\/index.php\/2023\/06\/23\/medina-une-banale-histoire-vire-au-meurtre-entre-deux-amis-denfance\/\",\"url\":\"https:\/\/www.public.sn\/index.php\/2023\/06\/23\/medina-une-banale-histoire-vire-au-meurtre-entre-deux-amis-denfance\/\",\"name\":\"M\u00e9dina : une banale histoire entre deux amis d\u2019enfance vire au meurtre - LE PUBLIC\",\"isPartOf\":{\"@id\":\"https:\/\/www.public.sn\/#website\"},\"primaryImageOfPage\":{\"@id\":\"https:\/\/www.public.sn\/index.php\/2023\/06\/23\/medina-une-banale-histoire-vire-au-meurtre-entre-deux-amis-denfance\/#primaryimage\"},\"image\":{\"@id\":\"https:\/\/www.public.sn\/index.php\/2023\/06\/23\/medina-une-banale-histoire-vire-au-meurtre-entre-deux-amis-denfance\/#primaryimage\"},\"thumbnailUrl\":\"https:\/\/www.public.sn\/wp-content\/uploads\/2022\/08\/drame.png\",\"datePublished\":\"2023-06-23T10:01:43+00:00\",\"dateModified\":\"2023-06-23T10:31:28+00:00\",\"description\":\"Dans la nuit de mercredi \u00e0 jeudi, la M\u00e9dina, dans la capitale s\u00e9n\u00e9galaise, a \u00e9t\u00e9 th\u00e9atre d\u2019une bagarre qui a vir\u00e9 au drame A M\u00e9dina (Dakar), une bagarre entre deux amis d\u2019enfance a vir\u00e9 au drame dans la nuit du mercredi \u00e0 jeudi. Pour une dispute banale li\u00e9e \u00e0 l\u2019achat de cigarettes, S. O. Ndour a donn\u00e9 deux coups de couteaux mortels \u00e0 son ami d\u2019enfance S. Dial. D\u2019apr\u00e8s L\u2019Observateur qui file l'info, les deux amis \u00e9taient en train de boire de l\u2019alcool dans une pi\u00e8ce lorsque les \u00e9v\u00e9nements se sont d\u00e9roul\u00e9s.\",\"breadcrumb\":{\"@id\":\"https:\/\/www.public.sn\/index.php\/2023\/06\/23\/medina-une-banale-histoire-vire-au-meurtre-entre-deux-amis-denfance\/#breadcrumb\"},\"inLanguage\":\"fr-FR\",\"potentialAction\":[{\"@type\":\"ReadAction\",\"target\":[\"https:\/\/www.public.sn\/index.php\/2023\/06\/23\/medina-une-banale-histoire-vire-au-meurtre-entre-deux-amis-denfance\/\"]}]},{\"@type\":\"ImageObject\",\"inLanguage\":\"fr-FR\",\"@id\":\"https:\/\/www.public.sn\/index.php\/2023\/06\/23\/medina-une-banale-histoire-vire-au-meurtre-entre-deux-amis-denfance\/#primaryimage\",\"url\":\"https:\/\/www.public.sn\/wp-content\/uploads\/2022\/08\/drame.png\",\"contentUrl\":\"https:\/\/www.public.sn\/wp-content\/uploads\/2022\/08\/drame.png\",\"width\":620,\"height\":400},{\"@type\":\"BreadcrumbList\",\"@id\":\"https:\/\/www.public.sn\/index.php\/2023\/06\/23\/medina-une-banale-histoire-vire-au-meurtre-entre-deux-amis-denfance\/#breadcrumb\",\"itemListElement\":[{\"@type\":\"ListItem\",\"position\":1,\"name\":\"Accueil\",\"item\":\"https:\/\/www.public.sn\/\"},{\"@type\":\"ListItem\",\"position\":2,\"name\":\"M\u00e9dina : une banale histoire entre deux amis d\u2019enfance vire au meurtre\"}]},{\"@type\":\"WebSite\",\"@id\":\"https:\/\/www.public.sn\/#website\",\"url\":\"https:\/\/www.public.sn\/\",\"name\":\"LE PUBLIC\",\"description\":\"\",\"publisher\":{\"@id\":\"https:\/\/www.public.sn\/#organization\"},\"potentialAction\":[{\"@type\":\"SearchAction\",\"target\":{\"@type\":\"EntryPoint\",\"urlTemplate\":\"https:\/\/www.public.sn\/?s={search_term_string}\"},\"query-input\":{\"@type\":\"PropertyValueSpecification\",\"valueRequired\":true,\"valueName\":\"search_term_string\"}}],\"inLanguage\":\"fr-FR\"},{\"@type\":\"Organization\",\"@id\":\"https:\/\/www.public.sn\/#organization\",\"name\":\"LE PUBLIC\",\"url\":\"https:\/\/www.public.sn\/\",\"logo\":{\"@type\":\"ImageObject\",\"inLanguage\":\"fr-FR\",\"@id\":\"https:\/\/www.public.sn\/#\/schema\/logo\/image\/\",\"url\":\"https:\/\/www.public.sn\/wp-content\/uploads\/2024\/05\/cropped-LOGO-PUBLIC.SN_.png\",\"contentUrl\":\"https:\/\/www.public.sn\/wp-content\/uploads\/2024\/05\/cropped-LOGO-PUBLIC.SN_.png\",\"width\":682,\"height\":192,\"caption\":\"LE PUBLIC\"},\"image\":{\"@id\":\"https:\/\/www.public.sn\/#\/schema\/logo\/image\/\"}},{\"@type\":\"Person\",\"@id\":\"https:\/\/www.public.sn\/#\/schema\/person\/e3f4a11b037d4203902db148f9bc8d5a\",\"name\":\"LA REDACTION\",\"image\":{\"@type\":\"ImageObject\",\"inLanguage\":\"fr-FR\",\"@id\":\"https:\/\/www.public.sn\/#\/schema\/person\/image\/\",\"url\":\"https:\/\/secure.gravatar.com\/avatar\/d6c030db45db2883c075085c5d6c6258654a801a93766b49af0b82d4f454e2a5?s=96&d=mm&r=g\",\"contentUrl\":\"https:\/\/secure.gravatar.com\/avatar\/d6c030db45db2883c075085c5d6c6258654a801a93766b49af0b82d4f454e2a5?s=96&d=mm&r=g\",\"caption\":\"LA REDACTION\"},\"sameAs\":[\"http:\/\/www.public.sn\"],\"url\":\"https:\/\/www.public.sn\/index.php\/author\/admin7324\/\"}]}<\/script>\n<!-- \/ Yoast SEO plugin. -->","yoast_head_json":{"title":"M\u00e9dina : une banale histoire entre deux amis d\u2019enfance vire au meurtre - LE PUBLIC","description":"Dans la nuit de mercredi \u00e0 jeudi, la M\u00e9dina, dans la capitale s\u00e9n\u00e9galaise, a \u00e9t\u00e9 th\u00e9atre d\u2019une bagarre qui a vir\u00e9 au drame A M\u00e9dina (Dakar), une bagarre entre deux amis d\u2019enfance a vir\u00e9 au drame dans la nuit du mercredi \u00e0 jeudi. Pour une dispute banale li\u00e9e \u00e0 l\u2019achat de cigarettes, S. O. Ndour a donn\u00e9 deux coups de couteaux mortels \u00e0 son ami d\u2019enfance S. Dial. D\u2019apr\u00e8s L\u2019Observateur qui file l'info, les deux amis \u00e9taient en train de boire de l\u2019alcool dans une pi\u00e8ce lorsque les \u00e9v\u00e9nements se sont d\u00e9roul\u00e9s.","robots":{"index":"index","follow":"follow","max-snippet":"max-snippet:-1","max-image-preview":"max-image-preview:large","max-video-preview":"max-video-preview:-1"},"canonical":"https:\/\/www.public.sn\/index.php\/2023\/06\/23\/medina-une-banale-histoire-vire-au-meurtre-entre-deux-amis-denfance\/","og_locale":"fr_FR","og_type":"article","og_title":"M\u00e9dina : une banale histoire entre deux amis d\u2019enfance vire au meurtre - LE PUBLIC","og_description":"Dans la nuit de mercredi \u00e0 jeudi, la M\u00e9dina, dans la capitale s\u00e9n\u00e9galaise, a \u00e9t\u00e9 th\u00e9atre d\u2019une bagarre qui a vir\u00e9 au drame A M\u00e9dina (Dakar), une bagarre entre deux amis d\u2019enfance a vir\u00e9 au drame dans la nuit du mercredi \u00e0 jeudi. Pour une dispute banale li\u00e9e \u00e0 l\u2019achat de cigarettes, S. O. Ndour a donn\u00e9 deux coups de couteaux mortels \u00e0 son ami d\u2019enfance S. Dial. D\u2019apr\u00e8s L\u2019Observateur qui file l'info, les deux amis \u00e9taient en train de boire de l\u2019alcool dans une pi\u00e8ce lorsque les \u00e9v\u00e9nements se sont d\u00e9roul\u00e9s.","og_url":"https:\/\/www.public.sn\/index.php\/2023\/06\/23\/medina-une-banale-histoire-vire-au-meurtre-entre-deux-amis-denfance\/","og_site_name":"LE PUBLIC","article_published_time":"2023-06-23T10:01:43+00:00","article_modified_time":"2023-06-23T10:31:28+00:00","og_image":[{"width":620,"height":400,"url":"https:\/\/www.public.sn\/wp-content\/uploads\/2022\/08\/drame.png","type":"image\/png"}],"author":"LA REDACTION","twitter_card":"summary_large_image","twitter_misc":{"\u00c9crit par":"LA REDACTION","Dur\u00e9e de lecture estim\u00e9e":"2 minutes"},"schema":{"@context":"https:\/\/schema.org","@graph":[{"@type":"Article","@id":"https:\/\/www.public.sn\/index.php\/2023\/06\/23\/medina-une-banale-histoire-vire-au-meurtre-entre-deux-amis-denfance\/#article","isPartOf":{"@id":"https:\/\/www.public.sn\/index.php\/2023\/06\/23\/medina-une-banale-histoire-vire-au-meurtre-entre-deux-amis-denfance\/"},"author":{"name":"LA REDACTION","@id":"https:\/\/www.public.sn\/#\/schema\/person\/e3f4a11b037d4203902db148f9bc8d5a"},"headline":"M\u00e9dina : une banale histoire entre deux amis d\u2019enfance vire au meurtre","datePublished":"2023-06-23T10:01:43+00:00","dateModified":"2023-06-23T10:31:28+00:00","mainEntityOfPage":{"@id":"https:\/\/www.public.sn\/index.php\/2023\/06\/23\/medina-une-banale-histoire-vire-au-meurtre-entre-deux-amis-denfance\/"},"wordCount":272,"commentCount":0,"publisher":{"@id":"https:\/\/www.public.sn\/#organization"},"image":{"@id":"https:\/\/www.public.sn\/index.php\/2023\/06\/23\/medina-une-banale-histoire-vire-au-meurtre-entre-deux-amis-denfance\/#primaryimage"},"thumbnailUrl":"https:\/\/www.public.sn\/wp-content\/uploads\/2022\/08\/drame.png","keywords":["medina","Meurtre"],"articleSection":["S\u00c9N\u00c9GAL","SOCIETE"],"inLanguage":"fr-FR","potentialAction":[{"@type":"CommentAction","name":"Comment","target":["https:\/\/www.public.sn\/index.php\/2023\/06\/23\/medina-une-banale-histoire-vire-au-meurtre-entre-deux-amis-denfance\/#respond"]}]},{"@type":"WebPage","@id":"https:\/\/www.public.sn\/index.php\/2023\/06\/23\/medina-une-banale-histoire-vire-au-meurtre-entre-deux-amis-denfance\/","url":"https:\/\/www.public.sn\/index.php\/2023\/06\/23\/medina-une-banale-histoire-vire-au-meurtre-entre-deux-amis-denfance\/","name":"M\u00e9dina : une banale histoire entre deux amis d\u2019enfance vire au meurtre - LE PUBLIC","isPartOf":{"@id":"https:\/\/www.public.sn\/#website"},"primaryImageOfPage":{"@id":"https:\/\/www.public.sn\/index.php\/2023\/06\/23\/medina-une-banale-histoire-vire-au-meurtre-entre-deux-amis-denfance\/#primaryimage"},"image":{"@id":"https:\/\/www.public.sn\/index.php\/2023\/06\/23\/medina-une-banale-histoire-vire-au-meurtre-entre-deux-amis-denfance\/#primaryimage"},"thumbnailUrl":"https:\/\/www.public.sn\/wp-content\/uploads\/2022\/08\/drame.png","datePublished":"2023-06-23T10:01:43+00:00","dateModified":"2023-06-23T10:31:28+00:00","description":"Dans la nuit de mercredi \u00e0 jeudi, la M\u00e9dina, dans la capitale s\u00e9n\u00e9galaise, a \u00e9t\u00e9 th\u00e9atre d\u2019une bagarre qui a vir\u00e9 au drame A M\u00e9dina (Dakar), une bagarre entre deux amis d\u2019enfance a vir\u00e9 au drame dans la nuit du mercredi \u00e0 jeudi. Pour une dispute banale li\u00e9e \u00e0 l\u2019achat de cigarettes, S. O. Ndour a donn\u00e9 deux coups de couteaux mortels \u00e0 son ami d\u2019enfance S. Dial. D\u2019apr\u00e8s L\u2019Observateur qui file l'info, les deux amis \u00e9taient en train de boire de l\u2019alcool dans une pi\u00e8ce lorsque les \u00e9v\u00e9nements se sont d\u00e9roul\u00e9s.","breadcrumb":{"@id":"https:\/\/www.public.sn\/index.php\/2023\/06\/23\/medina-une-banale-histoire-vire-au-meurtre-entre-deux-amis-denfance\/#breadcrumb"},"inLanguage":"fr-FR","potentialAction":[{"@type":"ReadAction","target":["https:\/\/www.public.sn\/index.php\/2023\/06\/23\/medina-une-banale-histoire-vire-au-meurtre-entre-deux-amis-denfance\/"]}]},{"@type":"ImageObject","inLanguage":"fr-FR","@id":"https:\/\/www.public.sn\/index.php\/2023\/06\/23\/medina-une-banale-histoire-vire-au-meurtre-entre-deux-amis-denfance\/#primaryimage","url":"https:\/\/www.public.sn\/wp-content\/uploads\/2022\/08\/drame.png","contentUrl":"https:\/\/www.public.sn\/wp-content\/uploads\/2022\/08\/drame.png","width":620,"height":400},{"@type":"BreadcrumbList","@id":"https:\/\/www.public.sn\/index.php\/2023\/06\/23\/medina-une-banale-histoire-vire-au-meurtre-entre-deux-amis-denfance\/#breadcrumb","itemListElement":[{"@type":"ListItem","position":1,"name":"Accueil","item":"https:\/\/www.public.sn\/"},{"@type":"ListItem","position":2,"name":"M\u00e9dina : une banale histoire entre deux amis d\u2019enfance vire au meurtre"}]},{"@type":"WebSite","@id":"https:\/\/www.public.sn\/#website","url":"https:\/\/www.public.sn\/","name":"LE PUBLIC","description":"","publisher":{"@id":"https:\/\/www.public.sn\/#organization"},"potentialAction":[{"@type":"SearchAction","target":{"@type":"EntryPoint","urlTemplate":"https:\/\/www.public.sn\/?s={search_term_string}"},"query-input":{"@type":"PropertyValueSpecification","valueRequired":true,"valueName":"search_term_string"}}],"inLanguage":"fr-FR"},{"@type":"Organization","@id":"https:\/\/www.public.sn\/#organization","name":"LE PUBLIC","url":"https:\/\/www.public.sn\/","logo":{"@type":"ImageObject","inLanguage":"fr-FR","@id":"https:\/\/www.public.sn\/#\/schema\/logo\/image\/","url":"https:\/\/www.public.sn\/wp-content\/uploads\/2024\/05\/cropped-LOGO-PUBLIC.SN_.png","contentUrl":"https:\/\/www.public.sn\/wp-content\/uploads\/2024\/05\/cropped-LOGO-PUBLIC.SN_.png","width":682,"height":192,"caption":"LE PUBLIC"},"image":{"@id":"https:\/\/www.public.sn\/#\/schema\/logo\/image\/"}},{"@type":"Person","@id":"https:\/\/www.public.sn\/#\/schema\/person\/e3f4a11b037d4203902db148f9bc8d5a","name":"LA REDACTION","image":{"@type":"ImageObject","inLanguage":"fr-FR","@id":"https:\/\/www.public.sn\/#\/schema\/person\/image\/","url":"https:\/\/secure.gravatar.com\/avatar\/d6c030db45db2883c075085c5d6c6258654a801a93766b49af0b82d4f454e2a5?s=96&d=mm&r=g","contentUrl":"https:\/\/secure.gravatar.com\/avatar\/d6c030db45db2883c075085c5d6c6258654a801a93766b49af0b82d4f454e2a5?s=96&d=mm&r=g","caption":"LA REDACTION"},"sameAs":["http:\/\/www.public.sn"],"url":"https:\/\/www.public.sn\/index.php\/author\/admin7324\/"}]}},"jetpack_featured_media_url":"https:\/\/www.public.sn\/wp-content\/uploads\/2022\/08\/drame.png","jetpack_sharing_enabled":true,"_links":{"self":[{"href":"https:\/\/www.public.sn\/index.php\/wp-json\/wp\/v2\/posts\/24196","targetHints":{"allow":["GET"]}}],"collection":[{"href":"https:\/\/www.public.sn\/index.php\/wp-json\/wp\/v2\/posts"}],"about":[{"href":"https:\/\/www.public.sn\/index.php\/wp-json\/wp\/v2\/types\/post"}],"author":[{"embeddable":true,"href":"https:\/\/www.public.sn\/index.php\/wp-json\/wp\/v2\/users\/1"}],"replies":[{"embeddable":true,"href":"https:\/\/www.public.sn\/index.php\/wp-json\/wp\/v2\/comments?post=24196"}],"version-history":[{"count":2,"href":"https:\/\/www.public.sn\/index.php\/wp-json\/wp\/v2\/posts\/24196\/revisions"}],"predecessor-version":[{"id":24208,"href":"https:\/\/www.public.sn\/index.php\/wp-json\/wp\/v2\/posts\/24196\/revisions\/24208"}],"wp:featuredmedia":[{"embeddable":true,"href":"https:\/\/www.public.sn\/index.php\/wp-json\/wp\/v2\/media\/564"}],"wp:attachment":[{"href":"https:\/\/www.public.sn\/index.php\/wp-json\/wp\/v2\/media?parent=24196"}],"wp:term":[{"taxonomy":"category","embeddable":true,"href":"https:\/\/www.public.sn\/index.php\/wp-json\/wp\/v2\/categories?post=24196"},{"taxonomy":"post_tag","embeddable":true,"href":"https:\/\/www.public.sn\/index.php\/wp-json\/wp\/v2\/tags?post=24196"}],"curies":[{"name":"wp","href":"https:\/\/api.w.org\/{rel}","templated":true}]}}