{"id":24322,"date":"2023-06-26T12:13:06","date_gmt":"2023-06-26T12:13:06","guid":{"rendered":"https:\/\/www.public.sn\/?p=24322"},"modified":"2023-06-26T12:13:06","modified_gmt":"2023-06-26T12:13:06","slug":"asemblee-nationale-les-deputes-rendrons-une-pause-apres-avoir","status":"publish","type":"post","link":"https:\/\/www.public.sn\/index.php\/2023\/06\/26\/asemblee-nationale-les-deputes-rendrons-une-pause-apres-avoir\/","title":{"rendered":"Asembl\u00e9e nationale : les d\u00e9put\u00e9s rendrons une pause apr\u00e8s avoir &#8230;"},"content":{"rendered":"<p>L<strong>a session unique de l\u2019Assembl\u00e9e nationale, ouverte en octobre, sera ferm\u00e9e ce lundi. Ainsi les d\u00e9put\u00e9s partiront en vacances pour trois mois.<\/strong><\/p><div class=\"publi-paragraphe1\" style=\"margin-top: 10px;margin-bottom: 10px;margin-left: auto;margin-right: auto;text-align: center;\" id=\"publi-173895282\"><div class=\"publi-adlabel\">Publicit\u00e9<\/div><script async src=\"\/\/pagead2.googlesyndication.com\/pagead\/js\/adsbygoogle.js?client=ca-pub-4089586018074219\" crossorigin=\"anonymous\"><\/script><ins class=\"adsbygoogle\" style=\"display:block;\" data-ad-client=\"ca-pub-4089586018074219\" \ndata-ad-slot=\"2087940154\" \ndata-ad-format=\"auto\"><\/ins>\n<script> \n(adsbygoogle = window.adsbygoogle || []).push({}); \n<\/script>\n<\/div>\n<p>Mais d\u2019apr\u00e8s Les \u00c9chos, qui donne l\u2019information, avant de prendre leurs cong\u00e9s, les parlementaires vont se pencher ce jour sur le d\u00e9bat d\u2019orientation budg\u00e9taire. Ils auront donc devant eux le ministre des Finances et du Budget, Mamadou Moustapha Ba, qui \u00abva d\u00e9fendre le projet de loi\u00bb.<\/p>\n<p><strong>Lala RASSOUL<\/strong><\/p>\n<div class=\"publi-apres-le-contenu\" style=\"margin-top: 10px;margin-bottom: 10px;margin-left: auto;margin-right: auto;text-align: center;\" id=\"publi-3681634503\"><div class=\"publi-adlabel\">Publicit\u00e9<\/div><script async src=\"\/\/pagead2.googlesyndication.com\/pagead\/js\/adsbygoogle.js?client=ca-pub-4089586018074219\" crossorigin=\"anonymous\"><\/script><ins class=\"adsbygoogle\" style=\"display:block;\" data-ad-client=\"ca-pub-4089586018074219\" \ndata-ad-slot=\"2087940154\" \ndata-ad-format=\"auto\"><\/ins>\n<script> \n(adsbygoogle = window.adsbygoogle || []).push({}); \n<\/script>\n<\/div>","protected":false},"excerpt":{"rendered":"<p>La session unique de l\u2019Assembl\u00e9e nationale, ouverte en octobre, sera ferm\u00e9e ce lundi. Ainsi les d\u00e9put\u00e9s partiront en vacances pour trois mois. Mais d\u2019apr\u00e8s Les \u00c9chos, qui donne l\u2019information, avant de prendre leurs cong\u00e9s, les parlementaires vont se pencher ce jour sur le d\u00e9bat d\u2019orientation budg\u00e9taire. Ils auront donc devant eux le ministre des Finances et du Budget, Mamadou Moustapha Ba, qui \u00abva d\u00e9fendre le projet de loi\u00bb. Lala RASSOUL<\/p>\n","protected":false},"author":7,"featured_media":24323,"comment_status":"open","ping_status":"open","sticky":false,"template":"","format":"standard","meta":{"_jetpack_memberships_contains_paid_content":false,"footnotes":""},"categories":[375,3,1],"tags":[],"class_list":["post-24322","post","type-post","status-publish","format-standard","has-post-thumbnail","hentry","category-actualites","category-politique","category-non-classe","entry","has-media","owp-thumbs-layout-horizontal","owp-btn-normal","owp-tabs-layout-horizontal","has-no-thumbnails","has-product-nav"],"yoast_head":"<!-- This site is optimized with the Yoast SEO plugin v25.5 - https:\/\/yoast.com\/wordpress\/plugins\/seo\/ -->\n<title>Asembl\u00e9e nationale : les d\u00e9put\u00e9s rendrons une pause apr\u00e8s avoir ... - LE PUBLIC<\/title>\n<meta name=\"robots\" content=\"index, follow, max-snippet:-1, max-image-preview:large, max-video-preview:-1\" \/>\n<link rel=\"canonical\" href=\"https:\/\/www.public.sn\/index.php\/2023\/06\/26\/asemblee-nationale-les-deputes-rendrons-une-pause-apres-avoir\/\" \/>\n<meta property=\"og:locale\" content=\"fr_FR\" \/>\n<meta property=\"og:type\" content=\"article\" \/>\n<meta property=\"og:title\" content=\"Asembl\u00e9e nationale : les d\u00e9put\u00e9s rendrons une pause apr\u00e8s avoir ... - LE PUBLIC\" \/>\n<meta property=\"og:description\" content=\"La session unique de l\u2019Assembl\u00e9e nationale, ouverte en octobre, sera ferm\u00e9e ce lundi. Ainsi les d\u00e9put\u00e9s partiront en vacances pour trois mois. Mais d\u2019apr\u00e8s Les \u00c9chos, qui donne l\u2019information, avant de prendre leurs cong\u00e9s, les parlementaires vont se pencher ce jour sur le d\u00e9bat d\u2019orientation budg\u00e9taire. Ils auront donc devant eux le ministre des Finances et du Budget, Mamadou Moustapha Ba, qui \u00abva d\u00e9fendre le projet de loi\u00bb. Lala RASSOUL\" \/>\n<meta property=\"og:url\" content=\"https:\/\/www.public.sn\/index.php\/2023\/06\/26\/asemblee-nationale-les-deputes-rendrons-une-pause-apres-avoir\/\" \/>\n<meta property=\"og:site_name\" content=\"LE PUBLIC\" \/>\n<meta property=\"article:published_time\" content=\"2023-06-26T12:13:06+00:00\" \/>\n<meta property=\"og:image\" content=\"https:\/\/www.public.sn\/wp-content\/uploads\/2023\/06\/a44a046b46d0d8ff7ce5bb3802086f543c5510a7.jpeg\" \/>\n\t<meta property=\"og:image:width\" content=\"612\" \/>\n\t<meta property=\"og:image:height\" content=\"298\" \/>\n\t<meta property=\"og:image:type\" content=\"image\/jpeg\" \/>\n<meta name=\"author\" content=\"LA REDACTION\" \/>\n<meta name=\"twitter:card\" content=\"summary_large_image\" \/>\n<meta name=\"twitter:label1\" content=\"\u00c9crit par\" \/>\n\t<meta name=\"twitter:data1\" content=\"LA REDACTION\" \/>\n\t<meta name=\"twitter:label2\" content=\"Dur\u00e9e de lecture estim\u00e9e\" \/>\n\t<meta name=\"twitter:data2\" content=\"1 minute\" \/>\n<script type=\"application\/ld+json\" class=\"yoast-schema-graph\">{\"@context\":\"https:\/\/schema.org\",\"@graph\":[{\"@type\":\"Article\",\"@id\":\"https:\/\/www.public.sn\/index.php\/2023\/06\/26\/asemblee-nationale-les-deputes-rendrons-une-pause-apres-avoir\/#article\",\"isPartOf\":{\"@id\":\"https:\/\/www.public.sn\/index.php\/2023\/06\/26\/asemblee-nationale-les-deputes-rendrons-une-pause-apres-avoir\/\"},\"author\":{\"name\":\"LA REDACTION\",\"@id\":\"https:\/\/www.public.sn\/#\/schema\/person\/cb76c8e1b8becc6be61fb5e92d6d0224\"},\"headline\":\"Asembl\u00e9e nationale : les d\u00e9put\u00e9s rendrons une pause apr\u00e8s avoir &#8230;\",\"datePublished\":\"2023-06-26T12:13:06+00:00\",\"mainEntityOfPage\":{\"@id\":\"https:\/\/www.public.sn\/index.php\/2023\/06\/26\/asemblee-nationale-les-deputes-rendrons-une-pause-apres-avoir\/\"},\"wordCount\":96,\"commentCount\":0,\"publisher\":{\"@id\":\"https:\/\/www.public.sn\/#organization\"},\"image\":{\"@id\":\"https:\/\/www.public.sn\/index.php\/2023\/06\/26\/asemblee-nationale-les-deputes-rendrons-une-pause-apres-avoir\/#primaryimage\"},\"thumbnailUrl\":\"https:\/\/www.public.sn\/wp-content\/uploads\/2023\/06\/a44a046b46d0d8ff7ce5bb3802086f543c5510a7.jpeg\",\"articleSection\":[\"ACTUALIT\u00c9S\",\"POLITIQUE\",\"S\u00c9N\u00c9GAL\"],\"inLanguage\":\"fr-FR\",\"potentialAction\":[{\"@type\":\"CommentAction\",\"name\":\"Comment\",\"target\":[\"https:\/\/www.public.sn\/index.php\/2023\/06\/26\/asemblee-nationale-les-deputes-rendrons-une-pause-apres-avoir\/#respond\"]}]},{\"@type\":\"WebPage\",\"@id\":\"https:\/\/www.public.sn\/index.php\/2023\/06\/26\/asemblee-nationale-les-deputes-rendrons-une-pause-apres-avoir\/\",\"url\":\"https:\/\/www.public.sn\/index.php\/2023\/06\/26\/asemblee-nationale-les-deputes-rendrons-une-pause-apres-avoir\/\",\"name\":\"Asembl\u00e9e nationale : les d\u00e9put\u00e9s rendrons une pause apr\u00e8s avoir ... - LE PUBLIC\",\"isPartOf\":{\"@id\":\"https:\/\/www.public.sn\/#website\"},\"primaryImageOfPage\":{\"@id\":\"https:\/\/www.public.sn\/index.php\/2023\/06\/26\/asemblee-nationale-les-deputes-rendrons-une-pause-apres-avoir\/#primaryimage\"},\"image\":{\"@id\":\"https:\/\/www.public.sn\/index.php\/2023\/06\/26\/asemblee-nationale-les-deputes-rendrons-une-pause-apres-avoir\/#primaryimage\"},\"thumbnailUrl\":\"https:\/\/www.public.sn\/wp-content\/uploads\/2023\/06\/a44a046b46d0d8ff7ce5bb3802086f543c5510a7.jpeg\",\"datePublished\":\"2023-06-26T12:13:06+00:00\",\"breadcrumb\":{\"@id\":\"https:\/\/www.public.sn\/index.php\/2023\/06\/26\/asemblee-nationale-les-deputes-rendrons-une-pause-apres-avoir\/#breadcrumb\"},\"inLanguage\":\"fr-FR\",\"potentialAction\":[{\"@type\":\"ReadAction\",\"target\":[\"https:\/\/www.public.sn\/index.php\/2023\/06\/26\/asemblee-nationale-les-deputes-rendrons-une-pause-apres-avoir\/\"]}]},{\"@type\":\"ImageObject\",\"inLanguage\":\"fr-FR\",\"@id\":\"https:\/\/www.public.sn\/index.php\/2023\/06\/26\/asemblee-nationale-les-deputes-rendrons-une-pause-apres-avoir\/#primaryimage\",\"url\":\"https:\/\/www.public.sn\/wp-content\/uploads\/2023\/06\/a44a046b46d0d8ff7ce5bb3802086f543c5510a7.jpeg\",\"contentUrl\":\"https:\/\/www.public.sn\/wp-content\/uploads\/2023\/06\/a44a046b46d0d8ff7ce5bb3802086f543c5510a7.jpeg\",\"width\":612,\"height\":298},{\"@type\":\"BreadcrumbList\",\"@id\":\"https:\/\/www.public.sn\/index.php\/2023\/06\/26\/asemblee-nationale-les-deputes-rendrons-une-pause-apres-avoir\/#breadcrumb\",\"itemListElement\":[{\"@type\":\"ListItem\",\"position\":1,\"name\":\"Accueil\",\"item\":\"https:\/\/www.public.sn\/\"},{\"@type\":\"ListItem\",\"position\":2,\"name\":\"Asembl\u00e9e nationale : les d\u00e9put\u00e9s rendrons une pause apr\u00e8s avoir &#8230;\"}]},{\"@type\":\"WebSite\",\"@id\":\"https:\/\/www.public.sn\/#website\",\"url\":\"https:\/\/www.public.sn\/\",\"name\":\"LE PUBLIC\",\"description\":\"\",\"publisher\":{\"@id\":\"https:\/\/www.public.sn\/#organization\"},\"potentialAction\":[{\"@type\":\"SearchAction\",\"target\":{\"@type\":\"EntryPoint\",\"urlTemplate\":\"https:\/\/www.public.sn\/?s={search_term_string}\"},\"query-input\":{\"@type\":\"PropertyValueSpecification\",\"valueRequired\":true,\"valueName\":\"search_term_string\"}}],\"inLanguage\":\"fr-FR\"},{\"@type\":\"Organization\",\"@id\":\"https:\/\/www.public.sn\/#organization\",\"name\":\"LE PUBLIC\",\"url\":\"https:\/\/www.public.sn\/\",\"logo\":{\"@type\":\"ImageObject\",\"inLanguage\":\"fr-FR\",\"@id\":\"https:\/\/www.public.sn\/#\/schema\/logo\/image\/\",\"url\":\"https:\/\/www.public.sn\/wp-content\/uploads\/2024\/05\/cropped-LOGO-PUBLIC.SN_.png\",\"contentUrl\":\"https:\/\/www.public.sn\/wp-content\/uploads\/2024\/05\/cropped-LOGO-PUBLIC.SN_.png\",\"width\":682,\"height\":192,\"caption\":\"LE PUBLIC\"},\"image\":{\"@id\":\"https:\/\/www.public.sn\/#\/schema\/logo\/image\/\"}},{\"@type\":\"Person\",\"@id\":\"https:\/\/www.public.sn\/#\/schema\/person\/cb76c8e1b8becc6be61fb5e92d6d0224\",\"name\":\"LA REDACTION\",\"image\":{\"@type\":\"ImageObject\",\"inLanguage\":\"fr-FR\",\"@id\":\"https:\/\/www.public.sn\/#\/schema\/person\/image\/\",\"url\":\"https:\/\/secure.gravatar.com\/avatar\/2dce5ddd34b8fef0180efe03aa2a9bee7d953856048f9a16b298190a3178407c?s=96&d=mm&r=g\",\"contentUrl\":\"https:\/\/secure.gravatar.com\/avatar\/2dce5ddd34b8fef0180efe03aa2a9bee7d953856048f9a16b298190a3178407c?s=96&d=mm&r=g\",\"caption\":\"LA REDACTION\"},\"url\":\"https:\/\/www.public.sn\/index.php\/author\/editeurpsn\/\"}]}<\/script>\n<!-- \/ Yoast SEO plugin. -->","yoast_head_json":{"title":"Asembl\u00e9e nationale : les d\u00e9put\u00e9s rendrons une pause apr\u00e8s avoir ... - LE PUBLIC","robots":{"index":"index","follow":"follow","max-snippet":"max-snippet:-1","max-image-preview":"max-image-preview:large","max-video-preview":"max-video-preview:-1"},"canonical":"https:\/\/www.public.sn\/index.php\/2023\/06\/26\/asemblee-nationale-les-deputes-rendrons-une-pause-apres-avoir\/","og_locale":"fr_FR","og_type":"article","og_title":"Asembl\u00e9e nationale : les d\u00e9put\u00e9s rendrons une pause apr\u00e8s avoir ... - LE PUBLIC","og_description":"La session unique de l\u2019Assembl\u00e9e nationale, ouverte en octobre, sera ferm\u00e9e ce lundi. Ainsi les d\u00e9put\u00e9s partiront en vacances pour trois mois. Mais d\u2019apr\u00e8s Les \u00c9chos, qui donne l\u2019information, avant de prendre leurs cong\u00e9s, les parlementaires vont se pencher ce jour sur le d\u00e9bat d\u2019orientation budg\u00e9taire. Ils auront donc devant eux le ministre des Finances et du Budget, Mamadou Moustapha Ba, qui \u00abva d\u00e9fendre le projet de loi\u00bb. Lala RASSOUL","og_url":"https:\/\/www.public.sn\/index.php\/2023\/06\/26\/asemblee-nationale-les-deputes-rendrons-une-pause-apres-avoir\/","og_site_name":"LE PUBLIC","article_published_time":"2023-06-26T12:13:06+00:00","og_image":[{"width":612,"height":298,"url":"https:\/\/www.public.sn\/wp-content\/uploads\/2023\/06\/a44a046b46d0d8ff7ce5bb3802086f543c5510a7.jpeg","type":"image\/jpeg"}],"author":"LA REDACTION","twitter_card":"summary_large_image","twitter_misc":{"\u00c9crit par":"LA REDACTION","Dur\u00e9e de lecture estim\u00e9e":"1 minute"},"schema":{"@context":"https:\/\/schema.org","@graph":[{"@type":"Article","@id":"https:\/\/www.public.sn\/index.php\/2023\/06\/26\/asemblee-nationale-les-deputes-rendrons-une-pause-apres-avoir\/#article","isPartOf":{"@id":"https:\/\/www.public.sn\/index.php\/2023\/06\/26\/asemblee-nationale-les-deputes-rendrons-une-pause-apres-avoir\/"},"author":{"name":"LA REDACTION","@id":"https:\/\/www.public.sn\/#\/schema\/person\/cb76c8e1b8becc6be61fb5e92d6d0224"},"headline":"Asembl\u00e9e nationale : les d\u00e9put\u00e9s rendrons une pause apr\u00e8s avoir &#8230;","datePublished":"2023-06-26T12:13:06+00:00","mainEntityOfPage":{"@id":"https:\/\/www.public.sn\/index.php\/2023\/06\/26\/asemblee-nationale-les-deputes-rendrons-une-pause-apres-avoir\/"},"wordCount":96,"commentCount":0,"publisher":{"@id":"https:\/\/www.public.sn\/#organization"},"image":{"@id":"https:\/\/www.public.sn\/index.php\/2023\/06\/26\/asemblee-nationale-les-deputes-rendrons-une-pause-apres-avoir\/#primaryimage"},"thumbnailUrl":"https:\/\/www.public.sn\/wp-content\/uploads\/2023\/06\/a44a046b46d0d8ff7ce5bb3802086f543c5510a7.jpeg","articleSection":["ACTUALIT\u00c9S","POLITIQUE","S\u00c9N\u00c9GAL"],"inLanguage":"fr-FR","potentialAction":[{"@type":"CommentAction","name":"Comment","target":["https:\/\/www.public.sn\/index.php\/2023\/06\/26\/asemblee-nationale-les-deputes-rendrons-une-pause-apres-avoir\/#respond"]}]},{"@type":"WebPage","@id":"https:\/\/www.public.sn\/index.php\/2023\/06\/26\/asemblee-nationale-les-deputes-rendrons-une-pause-apres-avoir\/","url":"https:\/\/www.public.sn\/index.php\/2023\/06\/26\/asemblee-nationale-les-deputes-rendrons-une-pause-apres-avoir\/","name":"Asembl\u00e9e nationale : les d\u00e9put\u00e9s rendrons une pause apr\u00e8s avoir ... - LE PUBLIC","isPartOf":{"@id":"https:\/\/www.public.sn\/#website"},"primaryImageOfPage":{"@id":"https:\/\/www.public.sn\/index.php\/2023\/06\/26\/asemblee-nationale-les-deputes-rendrons-une-pause-apres-avoir\/#primaryimage"},"image":{"@id":"https:\/\/www.public.sn\/index.php\/2023\/06\/26\/asemblee-nationale-les-deputes-rendrons-une-pause-apres-avoir\/#primaryimage"},"thumbnailUrl":"https:\/\/www.public.sn\/wp-content\/uploads\/2023\/06\/a44a046b46d0d8ff7ce5bb3802086f543c5510a7.jpeg","datePublished":"2023-06-26T12:13:06+00:00","breadcrumb":{"@id":"https:\/\/www.public.sn\/index.php\/2023\/06\/26\/asemblee-nationale-les-deputes-rendrons-une-pause-apres-avoir\/#breadcrumb"},"inLanguage":"fr-FR","potentialAction":[{"@type":"ReadAction","target":["https:\/\/www.public.sn\/index.php\/2023\/06\/26\/asemblee-nationale-les-deputes-rendrons-une-pause-apres-avoir\/"]}]},{"@type":"ImageObject","inLanguage":"fr-FR","@id":"https:\/\/www.public.sn\/index.php\/2023\/06\/26\/asemblee-nationale-les-deputes-rendrons-une-pause-apres-avoir\/#primaryimage","url":"https:\/\/www.public.sn\/wp-content\/uploads\/2023\/06\/a44a046b46d0d8ff7ce5bb3802086f543c5510a7.jpeg","contentUrl":"https:\/\/www.public.sn\/wp-content\/uploads\/2023\/06\/a44a046b46d0d8ff7ce5bb3802086f543c5510a7.jpeg","width":612,"height":298},{"@type":"BreadcrumbList","@id":"https:\/\/www.public.sn\/index.php\/2023\/06\/26\/asemblee-nationale-les-deputes-rendrons-une-pause-apres-avoir\/#breadcrumb","itemListElement":[{"@type":"ListItem","position":1,"name":"Accueil","item":"https:\/\/www.public.sn\/"},{"@type":"ListItem","position":2,"name":"Asembl\u00e9e nationale : les d\u00e9put\u00e9s rendrons une pause apr\u00e8s avoir &#8230;"}]},{"@type":"WebSite","@id":"https:\/\/www.public.sn\/#website","url":"https:\/\/www.public.sn\/","name":"LE PUBLIC","description":"","publisher":{"@id":"https:\/\/www.public.sn\/#organization"},"potentialAction":[{"@type":"SearchAction","target":{"@type":"EntryPoint","urlTemplate":"https:\/\/www.public.sn\/?s={search_term_string}"},"query-input":{"@type":"PropertyValueSpecification","valueRequired":true,"valueName":"search_term_string"}}],"inLanguage":"fr-FR"},{"@type":"Organization","@id":"https:\/\/www.public.sn\/#organization","name":"LE PUBLIC","url":"https:\/\/www.public.sn\/","logo":{"@type":"ImageObject","inLanguage":"fr-FR","@id":"https:\/\/www.public.sn\/#\/schema\/logo\/image\/","url":"https:\/\/www.public.sn\/wp-content\/uploads\/2024\/05\/cropped-LOGO-PUBLIC.SN_.png","contentUrl":"https:\/\/www.public.sn\/wp-content\/uploads\/2024\/05\/cropped-LOGO-PUBLIC.SN_.png","width":682,"height":192,"caption":"LE PUBLIC"},"image":{"@id":"https:\/\/www.public.sn\/#\/schema\/logo\/image\/"}},{"@type":"Person","@id":"https:\/\/www.public.sn\/#\/schema\/person\/cb76c8e1b8becc6be61fb5e92d6d0224","name":"LA REDACTION","image":{"@type":"ImageObject","inLanguage":"fr-FR","@id":"https:\/\/www.public.sn\/#\/schema\/person\/image\/","url":"https:\/\/secure.gravatar.com\/avatar\/2dce5ddd34b8fef0180efe03aa2a9bee7d953856048f9a16b298190a3178407c?s=96&d=mm&r=g","contentUrl":"https:\/\/secure.gravatar.com\/avatar\/2dce5ddd34b8fef0180efe03aa2a9bee7d953856048f9a16b298190a3178407c?s=96&d=mm&r=g","caption":"LA REDACTION"},"url":"https:\/\/www.public.sn\/index.php\/author\/editeurpsn\/"}]}},"jetpack_featured_media_url":"https:\/\/www.public.sn\/wp-content\/uploads\/2023\/06\/a44a046b46d0d8ff7ce5bb3802086f543c5510a7.jpeg","jetpack_sharing_enabled":true,"_links":{"self":[{"href":"https:\/\/www.public.sn\/index.php\/wp-json\/wp\/v2\/posts\/24322","targetHints":{"allow":["GET"]}}],"collection":[{"href":"https:\/\/www.public.sn\/index.php\/wp-json\/wp\/v2\/posts"}],"about":[{"href":"https:\/\/www.public.sn\/index.php\/wp-json\/wp\/v2\/types\/post"}],"author":[{"embeddable":true,"href":"https:\/\/www.public.sn\/index.php\/wp-json\/wp\/v2\/users\/7"}],"replies":[{"embeddable":true,"href":"https:\/\/www.public.sn\/index.php\/wp-json\/wp\/v2\/comments?post=24322"}],"version-history":[{"count":1,"href":"https:\/\/www.public.sn\/index.php\/wp-json\/wp\/v2\/posts\/24322\/revisions"}],"predecessor-version":[{"id":24324,"href":"https:\/\/www.public.sn\/index.php\/wp-json\/wp\/v2\/posts\/24322\/revisions\/24324"}],"wp:featuredmedia":[{"embeddable":true,"href":"https:\/\/www.public.sn\/index.php\/wp-json\/wp\/v2\/media\/24323"}],"wp:attachment":[{"href":"https:\/\/www.public.sn\/index.php\/wp-json\/wp\/v2\/media?parent=24322"}],"wp:term":[{"taxonomy":"category","embeddable":true,"href":"https:\/\/www.public.sn\/index.php\/wp-json\/wp\/v2\/categories?post=24322"},{"taxonomy":"post_tag","embeddable":true,"href":"https:\/\/www.public.sn\/index.php\/wp-json\/wp\/v2\/tags?post=24322"}],"curies":[{"name":"wp","href":"https:\/\/api.w.org\/{rel}","templated":true}]}}