{"id":24398,"date":"2023-07-03T18:31:29","date_gmt":"2023-07-03T18:31:29","guid":{"rendered":"https:\/\/www.public.sn\/?p=24398"},"modified":"2023-07-03T18:31:29","modified_gmt":"2023-07-03T18:31:29","slug":"message-a-la-nation-ce-que-mamoudou-ibra-kane-attend-de-macky-sall","status":"publish","type":"post","link":"https:\/\/www.public.sn\/index.php\/2023\/07\/03\/message-a-la-nation-ce-que-mamoudou-ibra-kane-attend-de-macky-sall\/","title":{"rendered":"Message \u00e0 la nation: Ce que Mamoudou Ibra Kane attend de Macky Sall"},"content":{"rendered":"<blockquote>\n<h2 class=\"summary_label\"><strong>Ce lundi, le pr\u00e9sident Macky Sall va s\u2019adresser \u00e0 la nation pour dire s\u2019il compte d\u00e9poser candidature pour la future pr\u00e9sidentielle. Dans un enregistrement vid\u00e9o publi\u00e9 sur sa page, Mamoudou Ibra Kane a adress\u00e9 un message \u00e0 Macky Sall.<\/strong><\/h2>\n<\/blockquote>\n<div id=\"printable\" class=\"text_body\">\n<p>\u00abJe ne briguerai pas un troisi\u00e8me mandat, parce que la constitution me l\u2019interdit\u00bb. C\u2019est la phrase que le leader du mouvement \u00ab\u00a0Demain c\u2019est maintenant\u00a0\u00bb veut que le chef de l&rsquo;Etat Macky Sall dise ce soir, quand il va s\u2019adresser \u00e0 la nation.<\/p><div class=\"publi-paragraphe1\" style=\"margin-top: 10px;margin-bottom: 10px;margin-left: auto;margin-right: auto;text-align: center;\" id=\"publi-454507950\"><div class=\"publi-adlabel\">Publicit\u00e9<\/div><script async src=\"\/\/pagead2.googlesyndication.com\/pagead\/js\/adsbygoogle.js?client=ca-pub-4089586018074219\" crossorigin=\"anonymous\"><\/script><ins class=\"adsbygoogle\" style=\"display:block;\" data-ad-client=\"ca-pub-4089586018074219\" \ndata-ad-slot=\"2087940154\" \ndata-ad-format=\"auto\"><\/ins>\n<script> \n(adsbygoogle = window.adsbygoogle || []).push({}); \n<\/script>\n<\/div>\n<p>Dans un enregistrement vid\u00e9o publi\u00e9 sur sa page, Mamoudou Ibra Kane appelle le pr\u00e9sident Macky Sall \u00e0 respecter d\u2019abord la constitution \u00ab\u00a0qui lui interdit de briguer une troisi\u00e8me candidature\u00a0\u00bb, qu\u2019il respecte \u00e9galement sa parole donn\u00e9<\/p>\n<p>&nbsp;<\/p>\n<\/div>\n<div class=\"publi-apres-le-contenu\" style=\"margin-top: 10px;margin-bottom: 10px;margin-left: auto;margin-right: auto;text-align: center;\" id=\"publi-1230366272\"><div class=\"publi-adlabel\">Publicit\u00e9<\/div><script async src=\"\/\/pagead2.googlesyndication.com\/pagead\/js\/adsbygoogle.js?client=ca-pub-4089586018074219\" crossorigin=\"anonymous\"><\/script><ins class=\"adsbygoogle\" style=\"display:block;\" data-ad-client=\"ca-pub-4089586018074219\" \ndata-ad-slot=\"2087940154\" \ndata-ad-format=\"auto\"><\/ins>\n<script> \n(adsbygoogle = window.adsbygoogle || []).push({}); \n<\/script>\n<\/div>","protected":false},"excerpt":{"rendered":"<p>Ce lundi, le pr\u00e9sident Macky Sall va s\u2019adresser \u00e0 la nation pour dire s\u2019il compte d\u00e9poser candidature pour la future pr\u00e9sidentielle. Dans un enregistrement vid\u00e9o publi\u00e9 sur sa page, Mamoudou Ibra Kane a adress\u00e9 un message \u00e0 Macky Sall. \u00abJe ne briguerai pas un troisi\u00e8me mandat, parce que la constitution me l\u2019interdit\u00bb. C\u2019est la phrase que le leader du mouvement \u00ab\u00a0Demain c\u2019est maintenant\u00a0\u00bb veut que le chef de l&rsquo;Etat Macky Sall dise ce soir, quand il va s\u2019adresser \u00e0 la nation. Dans un enregistrement vid\u00e9o publi\u00e9 sur sa page, Mamoudou Ibra Kane appelle le pr\u00e9sident Macky Sall \u00e0 respecter d\u2019abord la constitution \u00ab\u00a0qui lui interdit de briguer une troisi\u00e8me candidature\u00a0\u00bb, qu\u2019il respecte \u00e9galement sa parole donn\u00e9 &nbsp;<\/p>\n","protected":false},"author":7,"featured_media":24400,"comment_status":"open","ping_status":"open","sticky":false,"template":"","format":"standard","meta":{"_jetpack_memberships_contains_paid_content":false,"footnotes":""},"categories":[375,3],"tags":[],"class_list":["post-24398","post","type-post","status-publish","format-standard","has-post-thumbnail","hentry","category-actualites","category-politique","entry","has-media","owp-thumbs-layout-horizontal","owp-btn-normal","owp-tabs-layout-horizontal","has-no-thumbnails","has-product-nav"],"yoast_head":"<!-- This site is optimized with the Yoast SEO plugin v25.5 - https:\/\/yoast.com\/wordpress\/plugins\/seo\/ -->\n<title>Message \u00e0 la nation: Ce que Mamoudou Ibra Kane attend de Macky Sall - LE PUBLIC<\/title>\n<meta name=\"robots\" content=\"index, follow, max-snippet:-1, max-image-preview:large, max-video-preview:-1\" \/>\n<link rel=\"canonical\" href=\"https:\/\/www.public.sn\/index.php\/2023\/07\/03\/message-a-la-nation-ce-que-mamoudou-ibra-kane-attend-de-macky-sall\/\" \/>\n<meta property=\"og:locale\" content=\"fr_FR\" \/>\n<meta property=\"og:type\" content=\"article\" \/>\n<meta property=\"og:title\" content=\"Message \u00e0 la nation: Ce que Mamoudou Ibra Kane attend de Macky Sall - LE PUBLIC\" \/>\n<meta property=\"og:description\" content=\"Ce lundi, le pr\u00e9sident Macky Sall va s\u2019adresser \u00e0 la nation pour dire s\u2019il compte d\u00e9poser candidature pour la future pr\u00e9sidentielle. Dans un enregistrement vid\u00e9o publi\u00e9 sur sa page, Mamoudou Ibra Kane a adress\u00e9 un message \u00e0 Macky Sall. \u00abJe ne briguerai pas un troisi\u00e8me mandat, parce que la constitution me l\u2019interdit\u00bb. C\u2019est la phrase que le leader du mouvement \u00ab\u00a0Demain c\u2019est maintenant\u00a0\u00bb veut que le chef de l&rsquo;Etat Macky Sall dise ce soir, quand il va s\u2019adresser \u00e0 la nation. Dans un enregistrement vid\u00e9o publi\u00e9 sur sa page, Mamoudou Ibra Kane appelle le pr\u00e9sident Macky Sall \u00e0 respecter d\u2019abord la constitution \u00ab\u00a0qui lui interdit de briguer une troisi\u00e8me candidature\u00a0\u00bb, qu\u2019il respecte \u00e9galement sa parole donn\u00e9 &nbsp;\" \/>\n<meta property=\"og:url\" content=\"https:\/\/www.public.sn\/index.php\/2023\/07\/03\/message-a-la-nation-ce-que-mamoudou-ibra-kane-attend-de-macky-sall\/\" \/>\n<meta property=\"og:site_name\" content=\"LE PUBLIC\" \/>\n<meta property=\"article:published_time\" content=\"2023-07-03T18:31:29+00:00\" \/>\n<meta property=\"og:image\" content=\"https:\/\/www.public.sn\/wp-content\/uploads\/2023\/07\/mamoudou_1350.png\" \/>\n\t<meta property=\"og:image:width\" content=\"1446\" \/>\n\t<meta property=\"og:image:height\" content=\"828\" \/>\n\t<meta property=\"og:image:type\" content=\"image\/png\" \/>\n<meta name=\"author\" content=\"LA REDACTION\" \/>\n<meta name=\"twitter:card\" content=\"summary_large_image\" \/>\n<meta name=\"twitter:label1\" content=\"\u00c9crit par\" \/>\n\t<meta name=\"twitter:data1\" content=\"LA REDACTION\" \/>\n\t<meta name=\"twitter:label2\" content=\"Dur\u00e9e de lecture estim\u00e9e\" \/>\n\t<meta name=\"twitter:data2\" content=\"1 minute\" \/>\n<script type=\"application\/ld+json\" class=\"yoast-schema-graph\">{\"@context\":\"https:\/\/schema.org\",\"@graph\":[{\"@type\":\"Article\",\"@id\":\"https:\/\/www.public.sn\/index.php\/2023\/07\/03\/message-a-la-nation-ce-que-mamoudou-ibra-kane-attend-de-macky-sall\/#article\",\"isPartOf\":{\"@id\":\"https:\/\/www.public.sn\/index.php\/2023\/07\/03\/message-a-la-nation-ce-que-mamoudou-ibra-kane-attend-de-macky-sall\/\"},\"author\":{\"name\":\"LA REDACTION\",\"@id\":\"https:\/\/www.public.sn\/#\/schema\/person\/cb76c8e1b8becc6be61fb5e92d6d0224\"},\"headline\":\"Message \u00e0 la nation: Ce que Mamoudou Ibra Kane attend de Macky Sall\",\"datePublished\":\"2023-07-03T18:31:29+00:00\",\"mainEntityOfPage\":{\"@id\":\"https:\/\/www.public.sn\/index.php\/2023\/07\/03\/message-a-la-nation-ce-que-mamoudou-ibra-kane-attend-de-macky-sall\/\"},\"wordCount\":141,\"commentCount\":0,\"publisher\":{\"@id\":\"https:\/\/www.public.sn\/#organization\"},\"image\":{\"@id\":\"https:\/\/www.public.sn\/index.php\/2023\/07\/03\/message-a-la-nation-ce-que-mamoudou-ibra-kane-attend-de-macky-sall\/#primaryimage\"},\"thumbnailUrl\":\"https:\/\/www.public.sn\/wp-content\/uploads\/2023\/07\/mamoudou_1350.png\",\"articleSection\":[\"ACTUALIT\u00c9S\",\"POLITIQUE\"],\"inLanguage\":\"fr-FR\",\"potentialAction\":[{\"@type\":\"CommentAction\",\"name\":\"Comment\",\"target\":[\"https:\/\/www.public.sn\/index.php\/2023\/07\/03\/message-a-la-nation-ce-que-mamoudou-ibra-kane-attend-de-macky-sall\/#respond\"]}]},{\"@type\":\"WebPage\",\"@id\":\"https:\/\/www.public.sn\/index.php\/2023\/07\/03\/message-a-la-nation-ce-que-mamoudou-ibra-kane-attend-de-macky-sall\/\",\"url\":\"https:\/\/www.public.sn\/index.php\/2023\/07\/03\/message-a-la-nation-ce-que-mamoudou-ibra-kane-attend-de-macky-sall\/\",\"name\":\"Message \u00e0 la nation: Ce que Mamoudou Ibra Kane attend de Macky Sall - LE PUBLIC\",\"isPartOf\":{\"@id\":\"https:\/\/www.public.sn\/#website\"},\"primaryImageOfPage\":{\"@id\":\"https:\/\/www.public.sn\/index.php\/2023\/07\/03\/message-a-la-nation-ce-que-mamoudou-ibra-kane-attend-de-macky-sall\/#primaryimage\"},\"image\":{\"@id\":\"https:\/\/www.public.sn\/index.php\/2023\/07\/03\/message-a-la-nation-ce-que-mamoudou-ibra-kane-attend-de-macky-sall\/#primaryimage\"},\"thumbnailUrl\":\"https:\/\/www.public.sn\/wp-content\/uploads\/2023\/07\/mamoudou_1350.png\",\"datePublished\":\"2023-07-03T18:31:29+00:00\",\"breadcrumb\":{\"@id\":\"https:\/\/www.public.sn\/index.php\/2023\/07\/03\/message-a-la-nation-ce-que-mamoudou-ibra-kane-attend-de-macky-sall\/#breadcrumb\"},\"inLanguage\":\"fr-FR\",\"potentialAction\":[{\"@type\":\"ReadAction\",\"target\":[\"https:\/\/www.public.sn\/index.php\/2023\/07\/03\/message-a-la-nation-ce-que-mamoudou-ibra-kane-attend-de-macky-sall\/\"]}]},{\"@type\":\"ImageObject\",\"inLanguage\":\"fr-FR\",\"@id\":\"https:\/\/www.public.sn\/index.php\/2023\/07\/03\/message-a-la-nation-ce-que-mamoudou-ibra-kane-attend-de-macky-sall\/#primaryimage\",\"url\":\"https:\/\/www.public.sn\/wp-content\/uploads\/2023\/07\/mamoudou_1350.png\",\"contentUrl\":\"https:\/\/www.public.sn\/wp-content\/uploads\/2023\/07\/mamoudou_1350.png\",\"width\":1446,\"height\":828},{\"@type\":\"BreadcrumbList\",\"@id\":\"https:\/\/www.public.sn\/index.php\/2023\/07\/03\/message-a-la-nation-ce-que-mamoudou-ibra-kane-attend-de-macky-sall\/#breadcrumb\",\"itemListElement\":[{\"@type\":\"ListItem\",\"position\":1,\"name\":\"Accueil\",\"item\":\"https:\/\/www.public.sn\/\"},{\"@type\":\"ListItem\",\"position\":2,\"name\":\"Message \u00e0 la nation: Ce que Mamoudou Ibra Kane attend de Macky Sall\"}]},{\"@type\":\"WebSite\",\"@id\":\"https:\/\/www.public.sn\/#website\",\"url\":\"https:\/\/www.public.sn\/\",\"name\":\"LE PUBLIC\",\"description\":\"\",\"publisher\":{\"@id\":\"https:\/\/www.public.sn\/#organization\"},\"potentialAction\":[{\"@type\":\"SearchAction\",\"target\":{\"@type\":\"EntryPoint\",\"urlTemplate\":\"https:\/\/www.public.sn\/?s={search_term_string}\"},\"query-input\":{\"@type\":\"PropertyValueSpecification\",\"valueRequired\":true,\"valueName\":\"search_term_string\"}}],\"inLanguage\":\"fr-FR\"},{\"@type\":\"Organization\",\"@id\":\"https:\/\/www.public.sn\/#organization\",\"name\":\"LE PUBLIC\",\"url\":\"https:\/\/www.public.sn\/\",\"logo\":{\"@type\":\"ImageObject\",\"inLanguage\":\"fr-FR\",\"@id\":\"https:\/\/www.public.sn\/#\/schema\/logo\/image\/\",\"url\":\"https:\/\/www.public.sn\/wp-content\/uploads\/2024\/05\/cropped-LOGO-PUBLIC.SN_.png\",\"contentUrl\":\"https:\/\/www.public.sn\/wp-content\/uploads\/2024\/05\/cropped-LOGO-PUBLIC.SN_.png\",\"width\":682,\"height\":192,\"caption\":\"LE PUBLIC\"},\"image\":{\"@id\":\"https:\/\/www.public.sn\/#\/schema\/logo\/image\/\"}},{\"@type\":\"Person\",\"@id\":\"https:\/\/www.public.sn\/#\/schema\/person\/cb76c8e1b8becc6be61fb5e92d6d0224\",\"name\":\"LA REDACTION\",\"image\":{\"@type\":\"ImageObject\",\"inLanguage\":\"fr-FR\",\"@id\":\"https:\/\/www.public.sn\/#\/schema\/person\/image\/\",\"url\":\"https:\/\/secure.gravatar.com\/avatar\/2dce5ddd34b8fef0180efe03aa2a9bee7d953856048f9a16b298190a3178407c?s=96&d=mm&r=g\",\"contentUrl\":\"https:\/\/secure.gravatar.com\/avatar\/2dce5ddd34b8fef0180efe03aa2a9bee7d953856048f9a16b298190a3178407c?s=96&d=mm&r=g\",\"caption\":\"LA REDACTION\"},\"url\":\"https:\/\/www.public.sn\/index.php\/author\/editeurpsn\/\"}]}<\/script>\n<!-- \/ Yoast SEO plugin. -->","yoast_head_json":{"title":"Message \u00e0 la nation: Ce que Mamoudou Ibra Kane attend de Macky Sall - LE PUBLIC","robots":{"index":"index","follow":"follow","max-snippet":"max-snippet:-1","max-image-preview":"max-image-preview:large","max-video-preview":"max-video-preview:-1"},"canonical":"https:\/\/www.public.sn\/index.php\/2023\/07\/03\/message-a-la-nation-ce-que-mamoudou-ibra-kane-attend-de-macky-sall\/","og_locale":"fr_FR","og_type":"article","og_title":"Message \u00e0 la nation: Ce que Mamoudou Ibra Kane attend de Macky Sall - LE PUBLIC","og_description":"Ce lundi, le pr\u00e9sident Macky Sall va s\u2019adresser \u00e0 la nation pour dire s\u2019il compte d\u00e9poser candidature pour la future pr\u00e9sidentielle. Dans un enregistrement vid\u00e9o publi\u00e9 sur sa page, Mamoudou Ibra Kane a adress\u00e9 un message \u00e0 Macky Sall. \u00abJe ne briguerai pas un troisi\u00e8me mandat, parce que la constitution me l\u2019interdit\u00bb. C\u2019est la phrase que le leader du mouvement \u00ab\u00a0Demain c\u2019est maintenant\u00a0\u00bb veut que le chef de l&rsquo;Etat Macky Sall dise ce soir, quand il va s\u2019adresser \u00e0 la nation. Dans un enregistrement vid\u00e9o publi\u00e9 sur sa page, Mamoudou Ibra Kane appelle le pr\u00e9sident Macky Sall \u00e0 respecter d\u2019abord la constitution \u00ab\u00a0qui lui interdit de briguer une troisi\u00e8me candidature\u00a0\u00bb, qu\u2019il respecte \u00e9galement sa parole donn\u00e9 &nbsp;","og_url":"https:\/\/www.public.sn\/index.php\/2023\/07\/03\/message-a-la-nation-ce-que-mamoudou-ibra-kane-attend-de-macky-sall\/","og_site_name":"LE PUBLIC","article_published_time":"2023-07-03T18:31:29+00:00","og_image":[{"width":1446,"height":828,"url":"https:\/\/www.public.sn\/wp-content\/uploads\/2023\/07\/mamoudou_1350.png","type":"image\/png"}],"author":"LA REDACTION","twitter_card":"summary_large_image","twitter_misc":{"\u00c9crit par":"LA REDACTION","Dur\u00e9e de lecture estim\u00e9e":"1 minute"},"schema":{"@context":"https:\/\/schema.org","@graph":[{"@type":"Article","@id":"https:\/\/www.public.sn\/index.php\/2023\/07\/03\/message-a-la-nation-ce-que-mamoudou-ibra-kane-attend-de-macky-sall\/#article","isPartOf":{"@id":"https:\/\/www.public.sn\/index.php\/2023\/07\/03\/message-a-la-nation-ce-que-mamoudou-ibra-kane-attend-de-macky-sall\/"},"author":{"name":"LA REDACTION","@id":"https:\/\/www.public.sn\/#\/schema\/person\/cb76c8e1b8becc6be61fb5e92d6d0224"},"headline":"Message \u00e0 la nation: Ce que Mamoudou Ibra Kane attend de Macky Sall","datePublished":"2023-07-03T18:31:29+00:00","mainEntityOfPage":{"@id":"https:\/\/www.public.sn\/index.php\/2023\/07\/03\/message-a-la-nation-ce-que-mamoudou-ibra-kane-attend-de-macky-sall\/"},"wordCount":141,"commentCount":0,"publisher":{"@id":"https:\/\/www.public.sn\/#organization"},"image":{"@id":"https:\/\/www.public.sn\/index.php\/2023\/07\/03\/message-a-la-nation-ce-que-mamoudou-ibra-kane-attend-de-macky-sall\/#primaryimage"},"thumbnailUrl":"https:\/\/www.public.sn\/wp-content\/uploads\/2023\/07\/mamoudou_1350.png","articleSection":["ACTUALIT\u00c9S","POLITIQUE"],"inLanguage":"fr-FR","potentialAction":[{"@type":"CommentAction","name":"Comment","target":["https:\/\/www.public.sn\/index.php\/2023\/07\/03\/message-a-la-nation-ce-que-mamoudou-ibra-kane-attend-de-macky-sall\/#respond"]}]},{"@type":"WebPage","@id":"https:\/\/www.public.sn\/index.php\/2023\/07\/03\/message-a-la-nation-ce-que-mamoudou-ibra-kane-attend-de-macky-sall\/","url":"https:\/\/www.public.sn\/index.php\/2023\/07\/03\/message-a-la-nation-ce-que-mamoudou-ibra-kane-attend-de-macky-sall\/","name":"Message \u00e0 la nation: Ce que Mamoudou Ibra Kane attend de Macky Sall - LE PUBLIC","isPartOf":{"@id":"https:\/\/www.public.sn\/#website"},"primaryImageOfPage":{"@id":"https:\/\/www.public.sn\/index.php\/2023\/07\/03\/message-a-la-nation-ce-que-mamoudou-ibra-kane-attend-de-macky-sall\/#primaryimage"},"image":{"@id":"https:\/\/www.public.sn\/index.php\/2023\/07\/03\/message-a-la-nation-ce-que-mamoudou-ibra-kane-attend-de-macky-sall\/#primaryimage"},"thumbnailUrl":"https:\/\/www.public.sn\/wp-content\/uploads\/2023\/07\/mamoudou_1350.png","datePublished":"2023-07-03T18:31:29+00:00","breadcrumb":{"@id":"https:\/\/www.public.sn\/index.php\/2023\/07\/03\/message-a-la-nation-ce-que-mamoudou-ibra-kane-attend-de-macky-sall\/#breadcrumb"},"inLanguage":"fr-FR","potentialAction":[{"@type":"ReadAction","target":["https:\/\/www.public.sn\/index.php\/2023\/07\/03\/message-a-la-nation-ce-que-mamoudou-ibra-kane-attend-de-macky-sall\/"]}]},{"@type":"ImageObject","inLanguage":"fr-FR","@id":"https:\/\/www.public.sn\/index.php\/2023\/07\/03\/message-a-la-nation-ce-que-mamoudou-ibra-kane-attend-de-macky-sall\/#primaryimage","url":"https:\/\/www.public.sn\/wp-content\/uploads\/2023\/07\/mamoudou_1350.png","contentUrl":"https:\/\/www.public.sn\/wp-content\/uploads\/2023\/07\/mamoudou_1350.png","width":1446,"height":828},{"@type":"BreadcrumbList","@id":"https:\/\/www.public.sn\/index.php\/2023\/07\/03\/message-a-la-nation-ce-que-mamoudou-ibra-kane-attend-de-macky-sall\/#breadcrumb","itemListElement":[{"@type":"ListItem","position":1,"name":"Accueil","item":"https:\/\/www.public.sn\/"},{"@type":"ListItem","position":2,"name":"Message \u00e0 la nation: Ce que Mamoudou Ibra Kane attend de Macky Sall"}]},{"@type":"WebSite","@id":"https:\/\/www.public.sn\/#website","url":"https:\/\/www.public.sn\/","name":"LE PUBLIC","description":"","publisher":{"@id":"https:\/\/www.public.sn\/#organization"},"potentialAction":[{"@type":"SearchAction","target":{"@type":"EntryPoint","urlTemplate":"https:\/\/www.public.sn\/?s={search_term_string}"},"query-input":{"@type":"PropertyValueSpecification","valueRequired":true,"valueName":"search_term_string"}}],"inLanguage":"fr-FR"},{"@type":"Organization","@id":"https:\/\/www.public.sn\/#organization","name":"LE PUBLIC","url":"https:\/\/www.public.sn\/","logo":{"@type":"ImageObject","inLanguage":"fr-FR","@id":"https:\/\/www.public.sn\/#\/schema\/logo\/image\/","url":"https:\/\/www.public.sn\/wp-content\/uploads\/2024\/05\/cropped-LOGO-PUBLIC.SN_.png","contentUrl":"https:\/\/www.public.sn\/wp-content\/uploads\/2024\/05\/cropped-LOGO-PUBLIC.SN_.png","width":682,"height":192,"caption":"LE PUBLIC"},"image":{"@id":"https:\/\/www.public.sn\/#\/schema\/logo\/image\/"}},{"@type":"Person","@id":"https:\/\/www.public.sn\/#\/schema\/person\/cb76c8e1b8becc6be61fb5e92d6d0224","name":"LA REDACTION","image":{"@type":"ImageObject","inLanguage":"fr-FR","@id":"https:\/\/www.public.sn\/#\/schema\/person\/image\/","url":"https:\/\/secure.gravatar.com\/avatar\/2dce5ddd34b8fef0180efe03aa2a9bee7d953856048f9a16b298190a3178407c?s=96&d=mm&r=g","contentUrl":"https:\/\/secure.gravatar.com\/avatar\/2dce5ddd34b8fef0180efe03aa2a9bee7d953856048f9a16b298190a3178407c?s=96&d=mm&r=g","caption":"LA REDACTION"},"url":"https:\/\/www.public.sn\/index.php\/author\/editeurpsn\/"}]}},"jetpack_featured_media_url":"https:\/\/www.public.sn\/wp-content\/uploads\/2023\/07\/mamoudou_1350.png","jetpack_sharing_enabled":true,"_links":{"self":[{"href":"https:\/\/www.public.sn\/index.php\/wp-json\/wp\/v2\/posts\/24398","targetHints":{"allow":["GET"]}}],"collection":[{"href":"https:\/\/www.public.sn\/index.php\/wp-json\/wp\/v2\/posts"}],"about":[{"href":"https:\/\/www.public.sn\/index.php\/wp-json\/wp\/v2\/types\/post"}],"author":[{"embeddable":true,"href":"https:\/\/www.public.sn\/index.php\/wp-json\/wp\/v2\/users\/7"}],"replies":[{"embeddable":true,"href":"https:\/\/www.public.sn\/index.php\/wp-json\/wp\/v2\/comments?post=24398"}],"version-history":[{"count":1,"href":"https:\/\/www.public.sn\/index.php\/wp-json\/wp\/v2\/posts\/24398\/revisions"}],"predecessor-version":[{"id":24401,"href":"https:\/\/www.public.sn\/index.php\/wp-json\/wp\/v2\/posts\/24398\/revisions\/24401"}],"wp:featuredmedia":[{"embeddable":true,"href":"https:\/\/www.public.sn\/index.php\/wp-json\/wp\/v2\/media\/24400"}],"wp:attachment":[{"href":"https:\/\/www.public.sn\/index.php\/wp-json\/wp\/v2\/media?parent=24398"}],"wp:term":[{"taxonomy":"category","embeddable":true,"href":"https:\/\/www.public.sn\/index.php\/wp-json\/wp\/v2\/categories?post=24398"},{"taxonomy":"post_tag","embeddable":true,"href":"https:\/\/www.public.sn\/index.php\/wp-json\/wp\/v2\/tags?post=24398"}],"curies":[{"name":"wp","href":"https:\/\/api.w.org\/{rel}","templated":true}]}}