{"id":24496,"date":"2023-07-05T18:59:53","date_gmt":"2023-07-05T18:59:53","guid":{"rendered":"https:\/\/www.public.sn\/?p=24496"},"modified":"2023-07-05T18:59:53","modified_gmt":"2023-07-05T18:59:53","slug":"proces-sweet-beauty-le-jugement-affiche-devant-la-salle-daudience-du-tgi-de-dakar","status":"publish","type":"post","link":"https:\/\/www.public.sn\/index.php\/2023\/07\/05\/proces-sweet-beauty-le-jugement-affiche-devant-la-salle-daudience-du-tgi-de-dakar\/","title":{"rendered":"Proc\u00e8s Sweet beauty : le jugement affich\u00e9 devant la salle d\u2019audience du TGI de Dakar."},"content":{"rendered":"<p><strong>Apr\u00e8s avoir \u00e9t\u00e9 largement partag\u00e9 en tant que fichier PDF sur les r\u00e9seaux sociaux, le jugement de l\u2019affaire Adji Sarr-Ousmane Sonko commence maintenant \u00e0 \u00eatre affich\u00e9.<\/strong><\/p><div class=\"publi-paragraphe1\" style=\"margin-top: 10px;margin-bottom: 10px;margin-left: auto;margin-right: auto;text-align: center;\" id=\"publi-1956526817\"><div class=\"publi-adlabel\">Publicit\u00e9<\/div><script async src=\"\/\/pagead2.googlesyndication.com\/pagead\/js\/adsbygoogle.js?client=ca-pub-4089586018074219\" crossorigin=\"anonymous\"><\/script><ins class=\"adsbygoogle\" style=\"display:block;\" data-ad-client=\"ca-pub-4089586018074219\" \ndata-ad-slot=\"2087940154\" \ndata-ad-format=\"auto\"><\/ins>\n<script> \n(adsbygoogle = window.adsbygoogle || []).push({}); \n<\/script>\n<\/div>\n<p>Ce mercredi 05 juillet 2023, le jugement de l\u2019affaire Adji Sarr-Ousmane Sonko est affich\u00e9 devant la salle d\u2019audience du Tribunal de Grande Instance de Dakar. Une d\u00e9marche fait partie de la proc\u00e9dure, comme l\u2019ont d\u00e9clar\u00e9 les autorit\u00e9s. Ismaila Madior Fall a affirm\u00e9 que l\u2019ex\u00e9cution de la d\u00e9cision de justice contre Ousmane Sonko n\u00e9cessite le respect de certaines proc\u00e9dures.<\/p>\n<p>Selon lui, c\u2019est au parquet qu\u2019incombe la responsabilit\u00e9 de l\u2019ex\u00e9cution de la d\u00e9cision de justice. Toutefois, pour que le parquet puisse proc\u00e9der \u00e0 son ex\u00e9cution, il faut que la d\u00e9cision elle-m\u00eame soit disponible. \u00ab Ce que nous avons re\u00e7u au tribunal est un extrait du jugement, mais selon le proc\u00e8s-verbal, les juges doivent r\u00e9diger la d\u00e9cision.<\/p>\n<p>Lorsque le mandat d\u2019arr\u00eat n\u2019est pas d\u00e9livr\u00e9, vous rentrez chez vous en attendant que les autorit\u00e9s charg\u00e9es de l\u2019ex\u00e9cution de la d\u00e9cision de justice le fassent, et cela implique de rendre la d\u00e9cision publique par affichage \u00bb.<\/p>\n<p><img fetchpriority=\"high\" decoding=\"async\" class=\"alignnone size-full wp-image-24497\" src=\"https:\/\/www.public.sn\/wp-content\/uploads\/2023\/07\/img_5159.webp\" alt=\"\" width=\"660\" height=\"496\" srcset=\"https:\/\/www.public.sn\/wp-content\/uploads\/2023\/07\/img_5159.webp 660w, https:\/\/www.public.sn\/wp-content\/uploads\/2023\/07\/img_5159-600x451.webp 600w, https:\/\/www.public.sn\/wp-content\/uploads\/2023\/07\/img_5159-300x225.webp 300w\" sizes=\"(max-width: 660px) 100vw, 660px\" \/><\/p>\n<div class=\"publi-apres-le-contenu\" style=\"margin-top: 10px;margin-bottom: 10px;margin-left: auto;margin-right: auto;text-align: center;\" id=\"publi-549112149\"><div class=\"publi-adlabel\">Publicit\u00e9<\/div><script async src=\"\/\/pagead2.googlesyndication.com\/pagead\/js\/adsbygoogle.js?client=ca-pub-4089586018074219\" crossorigin=\"anonymous\"><\/script><ins class=\"adsbygoogle\" style=\"display:block;\" data-ad-client=\"ca-pub-4089586018074219\" \ndata-ad-slot=\"2087940154\" \ndata-ad-format=\"auto\"><\/ins>\n<script> \n(adsbygoogle = window.adsbygoogle || []).push({}); \n<\/script>\n<\/div>","protected":false},"excerpt":{"rendered":"<p>Apr\u00e8s avoir \u00e9t\u00e9 largement partag\u00e9 en tant que fichier PDF sur les r\u00e9seaux sociaux, le jugement de l\u2019affaire Adji Sarr-Ousmane Sonko commence maintenant \u00e0 \u00eatre affich\u00e9. Ce mercredi 05 juillet 2023, le jugement de l\u2019affaire Adji Sarr-Ousmane Sonko est affich\u00e9 devant la salle d\u2019audience du Tribunal de Grande Instance de Dakar. Une d\u00e9marche fait partie de la proc\u00e9dure, comme l\u2019ont d\u00e9clar\u00e9 les autorit\u00e9s. Ismaila Madior Fall a affirm\u00e9 que l\u2019ex\u00e9cution de la d\u00e9cision de justice contre Ousmane Sonko n\u00e9cessite le respect de certaines proc\u00e9dures. Selon lui, c\u2019est au parquet qu\u2019incombe la responsabilit\u00e9 de l\u2019ex\u00e9cution de la d\u00e9cision de justice. Toutefois, pour que le parquet puisse proc\u00e9der \u00e0 son ex\u00e9cution, il faut que la d\u00e9cision elle-m\u00eame soit disponible. \u00ab Ce que nous avons re\u00e7u au tribunal est un extrait du jugement, mais selon le proc\u00e8s-verbal, les juges doivent r\u00e9diger la d\u00e9cision. Lorsque le mandat d\u2019arr\u00eat n\u2019est pas d\u00e9livr\u00e9, vous rentrez chez vous en attendant que les autorit\u00e9s charg\u00e9es de l\u2019ex\u00e9cution de la d\u00e9cision de justice le fassent, et cela implique de rendre la d\u00e9cision publique par affichage \u00bb.<\/p>\n","protected":false},"author":1,"featured_media":22310,"comment_status":"open","ping_status":"open","sticky":false,"template":"","format":"standard","meta":{"_jetpack_memberships_contains_paid_content":false,"footnotes":""},"categories":[375,3,376,1,372],"tags":[11,16,3632],"class_list":["post-24496","post","type-post","status-publish","format-standard","has-post-thumbnail","hentry","category-actualites","category-politique","category-securite-justice","category-non-classe","category-vedette","tag-macky-sall","tag-ousmane-sonko","tag-sweet-beauty","entry","has-media","owp-thumbs-layout-horizontal","owp-btn-normal","owp-tabs-layout-horizontal","has-no-thumbnails","has-product-nav"],"yoast_head":"<!-- This site is optimized with the Yoast SEO plugin v25.5 - https:\/\/yoast.com\/wordpress\/plugins\/seo\/ -->\n<title>Proc\u00e8s Sweet beauty : le jugement affich\u00e9 devant la salle d\u2019audience du TGI de Dakar. - LE PUBLIC<\/title>\n<meta name=\"description\" content=\"Apr\u00e8s avoir \u00e9t\u00e9 largement partag\u00e9 en tant que fichier PDF sur les r\u00e9seaux sociaux, le jugement de l\u2019affaire Adji Sarr-Ousmane Sonko commence maintenant \u00e0 \u00eatre affich\u00e9.\" \/>\n<meta name=\"robots\" content=\"index, follow, max-snippet:-1, max-image-preview:large, max-video-preview:-1\" \/>\n<link rel=\"canonical\" href=\"https:\/\/www.public.sn\/index.php\/2023\/07\/05\/proces-sweet-beauty-le-jugement-affiche-devant-la-salle-daudience-du-tgi-de-dakar\/\" \/>\n<meta property=\"og:locale\" content=\"fr_FR\" \/>\n<meta property=\"og:type\" content=\"article\" \/>\n<meta property=\"og:title\" content=\"Proc\u00e8s Sweet beauty : le jugement affich\u00e9 devant la salle d\u2019audience du TGI de Dakar. - LE PUBLIC\" \/>\n<meta property=\"og:description\" content=\"Apr\u00e8s avoir \u00e9t\u00e9 largement partag\u00e9 en tant que fichier PDF sur les r\u00e9seaux sociaux, le jugement de l\u2019affaire Adji Sarr-Ousmane Sonko commence maintenant \u00e0 \u00eatre affich\u00e9.\" \/>\n<meta property=\"og:url\" content=\"https:\/\/www.public.sn\/index.php\/2023\/07\/05\/proces-sweet-beauty-le-jugement-affiche-devant-la-salle-daudience-du-tgi-de-dakar\/\" \/>\n<meta property=\"og:site_name\" content=\"LE PUBLIC\" \/>\n<meta property=\"article:published_time\" content=\"2023-07-05T18:59:53+00:00\" \/>\n<meta property=\"og:image\" content=\"https:\/\/www.public.sn\/wp-content\/uploads\/2023\/05\/Adji-Sarr-Ousmane-Sonko-mediagate-1024x576.png\" \/>\n\t<meta property=\"og:image:width\" content=\"1024\" \/>\n\t<meta property=\"og:image:height\" content=\"576\" \/>\n\t<meta property=\"og:image:type\" content=\"image\/png\" \/>\n<meta name=\"author\" content=\"LA REDACTION\" \/>\n<meta name=\"twitter:card\" content=\"summary_large_image\" \/>\n<meta name=\"twitter:label1\" content=\"\u00c9crit par\" \/>\n\t<meta name=\"twitter:data1\" content=\"LA REDACTION\" \/>\n\t<meta name=\"twitter:label2\" content=\"Dur\u00e9e de lecture estim\u00e9e\" \/>\n\t<meta name=\"twitter:data2\" content=\"2 minutes\" \/>\n<script type=\"application\/ld+json\" class=\"yoast-schema-graph\">{\"@context\":\"https:\/\/schema.org\",\"@graph\":[{\"@type\":\"Article\",\"@id\":\"https:\/\/www.public.sn\/index.php\/2023\/07\/05\/proces-sweet-beauty-le-jugement-affiche-devant-la-salle-daudience-du-tgi-de-dakar\/#article\",\"isPartOf\":{\"@id\":\"https:\/\/www.public.sn\/index.php\/2023\/07\/05\/proces-sweet-beauty-le-jugement-affiche-devant-la-salle-daudience-du-tgi-de-dakar\/\"},\"author\":{\"name\":\"LA REDACTION\",\"@id\":\"https:\/\/www.public.sn\/#\/schema\/person\/e3f4a11b037d4203902db148f9bc8d5a\"},\"headline\":\"Proc\u00e8s Sweet beauty : le jugement affich\u00e9 devant la salle d\u2019audience du TGI de Dakar.\",\"datePublished\":\"2023-07-05T18:59:53+00:00\",\"mainEntityOfPage\":{\"@id\":\"https:\/\/www.public.sn\/index.php\/2023\/07\/05\/proces-sweet-beauty-le-jugement-affiche-devant-la-salle-daudience-du-tgi-de-dakar\/\"},\"wordCount\":225,\"commentCount\":0,\"publisher\":{\"@id\":\"https:\/\/www.public.sn\/#organization\"},\"image\":{\"@id\":\"https:\/\/www.public.sn\/index.php\/2023\/07\/05\/proces-sweet-beauty-le-jugement-affiche-devant-la-salle-daudience-du-tgi-de-dakar\/#primaryimage\"},\"thumbnailUrl\":\"https:\/\/www.public.sn\/wp-content\/uploads\/2023\/05\/Adji-Sarr-Ousmane-Sonko-mediagate.png\",\"keywords\":[\"Macky Sall\",\"Ousmane Sonko\",\"Sweet beauty\"],\"articleSection\":[\"ACTUALIT\u00c9S\",\"POLITIQUE\",\"S\u00c9CURIT\u00c9 &amp; JUSTICE\",\"S\u00c9N\u00c9GAL\",\"VEDETTE\"],\"inLanguage\":\"fr-FR\",\"potentialAction\":[{\"@type\":\"CommentAction\",\"name\":\"Comment\",\"target\":[\"https:\/\/www.public.sn\/index.php\/2023\/07\/05\/proces-sweet-beauty-le-jugement-affiche-devant-la-salle-daudience-du-tgi-de-dakar\/#respond\"]}]},{\"@type\":\"WebPage\",\"@id\":\"https:\/\/www.public.sn\/index.php\/2023\/07\/05\/proces-sweet-beauty-le-jugement-affiche-devant-la-salle-daudience-du-tgi-de-dakar\/\",\"url\":\"https:\/\/www.public.sn\/index.php\/2023\/07\/05\/proces-sweet-beauty-le-jugement-affiche-devant-la-salle-daudience-du-tgi-de-dakar\/\",\"name\":\"Proc\u00e8s Sweet beauty : le jugement affich\u00e9 devant la salle d\u2019audience du TGI de Dakar. - LE PUBLIC\",\"isPartOf\":{\"@id\":\"https:\/\/www.public.sn\/#website\"},\"primaryImageOfPage\":{\"@id\":\"https:\/\/www.public.sn\/index.php\/2023\/07\/05\/proces-sweet-beauty-le-jugement-affiche-devant-la-salle-daudience-du-tgi-de-dakar\/#primaryimage\"},\"image\":{\"@id\":\"https:\/\/www.public.sn\/index.php\/2023\/07\/05\/proces-sweet-beauty-le-jugement-affiche-devant-la-salle-daudience-du-tgi-de-dakar\/#primaryimage\"},\"thumbnailUrl\":\"https:\/\/www.public.sn\/wp-content\/uploads\/2023\/05\/Adji-Sarr-Ousmane-Sonko-mediagate.png\",\"datePublished\":\"2023-07-05T18:59:53+00:00\",\"description\":\"Apr\u00e8s avoir \u00e9t\u00e9 largement partag\u00e9 en tant que fichier PDF sur les r\u00e9seaux sociaux, le jugement de l\u2019affaire Adji Sarr-Ousmane Sonko commence maintenant \u00e0 \u00eatre affich\u00e9.\",\"breadcrumb\":{\"@id\":\"https:\/\/www.public.sn\/index.php\/2023\/07\/05\/proces-sweet-beauty-le-jugement-affiche-devant-la-salle-daudience-du-tgi-de-dakar\/#breadcrumb\"},\"inLanguage\":\"fr-FR\",\"potentialAction\":[{\"@type\":\"ReadAction\",\"target\":[\"https:\/\/www.public.sn\/index.php\/2023\/07\/05\/proces-sweet-beauty-le-jugement-affiche-devant-la-salle-daudience-du-tgi-de-dakar\/\"]}]},{\"@type\":\"ImageObject\",\"inLanguage\":\"fr-FR\",\"@id\":\"https:\/\/www.public.sn\/index.php\/2023\/07\/05\/proces-sweet-beauty-le-jugement-affiche-devant-la-salle-daudience-du-tgi-de-dakar\/#primaryimage\",\"url\":\"https:\/\/www.public.sn\/wp-content\/uploads\/2023\/05\/Adji-Sarr-Ousmane-Sonko-mediagate.png\",\"contentUrl\":\"https:\/\/www.public.sn\/wp-content\/uploads\/2023\/05\/Adji-Sarr-Ousmane-Sonko-mediagate.png\",\"width\":1600,\"height\":900},{\"@type\":\"BreadcrumbList\",\"@id\":\"https:\/\/www.public.sn\/index.php\/2023\/07\/05\/proces-sweet-beauty-le-jugement-affiche-devant-la-salle-daudience-du-tgi-de-dakar\/#breadcrumb\",\"itemListElement\":[{\"@type\":\"ListItem\",\"position\":1,\"name\":\"Accueil\",\"item\":\"https:\/\/www.public.sn\/\"},{\"@type\":\"ListItem\",\"position\":2,\"name\":\"Proc\u00e8s Sweet beauty : le jugement affich\u00e9 devant la salle d\u2019audience du TGI de Dakar.\"}]},{\"@type\":\"WebSite\",\"@id\":\"https:\/\/www.public.sn\/#website\",\"url\":\"https:\/\/www.public.sn\/\",\"name\":\"LE PUBLIC\",\"description\":\"\",\"publisher\":{\"@id\":\"https:\/\/www.public.sn\/#organization\"},\"potentialAction\":[{\"@type\":\"SearchAction\",\"target\":{\"@type\":\"EntryPoint\",\"urlTemplate\":\"https:\/\/www.public.sn\/?s={search_term_string}\"},\"query-input\":{\"@type\":\"PropertyValueSpecification\",\"valueRequired\":true,\"valueName\":\"search_term_string\"}}],\"inLanguage\":\"fr-FR\"},{\"@type\":\"Organization\",\"@id\":\"https:\/\/www.public.sn\/#organization\",\"name\":\"LE PUBLIC\",\"url\":\"https:\/\/www.public.sn\/\",\"logo\":{\"@type\":\"ImageObject\",\"inLanguage\":\"fr-FR\",\"@id\":\"https:\/\/www.public.sn\/#\/schema\/logo\/image\/\",\"url\":\"https:\/\/www.public.sn\/wp-content\/uploads\/2024\/05\/cropped-LOGO-PUBLIC.SN_.png\",\"contentUrl\":\"https:\/\/www.public.sn\/wp-content\/uploads\/2024\/05\/cropped-LOGO-PUBLIC.SN_.png\",\"width\":682,\"height\":192,\"caption\":\"LE PUBLIC\"},\"image\":{\"@id\":\"https:\/\/www.public.sn\/#\/schema\/logo\/image\/\"}},{\"@type\":\"Person\",\"@id\":\"https:\/\/www.public.sn\/#\/schema\/person\/e3f4a11b037d4203902db148f9bc8d5a\",\"name\":\"LA REDACTION\",\"image\":{\"@type\":\"ImageObject\",\"inLanguage\":\"fr-FR\",\"@id\":\"https:\/\/www.public.sn\/#\/schema\/person\/image\/\",\"url\":\"https:\/\/secure.gravatar.com\/avatar\/d6c030db45db2883c075085c5d6c6258654a801a93766b49af0b82d4f454e2a5?s=96&d=mm&r=g\",\"contentUrl\":\"https:\/\/secure.gravatar.com\/avatar\/d6c030db45db2883c075085c5d6c6258654a801a93766b49af0b82d4f454e2a5?s=96&d=mm&r=g\",\"caption\":\"LA REDACTION\"},\"sameAs\":[\"http:\/\/www.public.sn\"],\"url\":\"https:\/\/www.public.sn\/index.php\/author\/admin7324\/\"}]}<\/script>\n<!-- \/ Yoast SEO plugin. -->","yoast_head_json":{"title":"Proc\u00e8s Sweet beauty : le jugement affich\u00e9 devant la salle d\u2019audience du TGI de Dakar. - LE PUBLIC","description":"Apr\u00e8s avoir \u00e9t\u00e9 largement partag\u00e9 en tant que fichier PDF sur les r\u00e9seaux sociaux, le jugement de l\u2019affaire Adji Sarr-Ousmane Sonko commence maintenant \u00e0 \u00eatre affich\u00e9.","robots":{"index":"index","follow":"follow","max-snippet":"max-snippet:-1","max-image-preview":"max-image-preview:large","max-video-preview":"max-video-preview:-1"},"canonical":"https:\/\/www.public.sn\/index.php\/2023\/07\/05\/proces-sweet-beauty-le-jugement-affiche-devant-la-salle-daudience-du-tgi-de-dakar\/","og_locale":"fr_FR","og_type":"article","og_title":"Proc\u00e8s Sweet beauty : le jugement affich\u00e9 devant la salle d\u2019audience du TGI de Dakar. - LE PUBLIC","og_description":"Apr\u00e8s avoir \u00e9t\u00e9 largement partag\u00e9 en tant que fichier PDF sur les r\u00e9seaux sociaux, le jugement de l\u2019affaire Adji Sarr-Ousmane Sonko commence maintenant \u00e0 \u00eatre affich\u00e9.","og_url":"https:\/\/www.public.sn\/index.php\/2023\/07\/05\/proces-sweet-beauty-le-jugement-affiche-devant-la-salle-daudience-du-tgi-de-dakar\/","og_site_name":"LE PUBLIC","article_published_time":"2023-07-05T18:59:53+00:00","og_image":[{"width":1024,"height":576,"url":"https:\/\/www.public.sn\/wp-content\/uploads\/2023\/05\/Adji-Sarr-Ousmane-Sonko-mediagate-1024x576.png","type":"image\/png"}],"author":"LA REDACTION","twitter_card":"summary_large_image","twitter_misc":{"\u00c9crit par":"LA REDACTION","Dur\u00e9e de lecture estim\u00e9e":"2 minutes"},"schema":{"@context":"https:\/\/schema.org","@graph":[{"@type":"Article","@id":"https:\/\/www.public.sn\/index.php\/2023\/07\/05\/proces-sweet-beauty-le-jugement-affiche-devant-la-salle-daudience-du-tgi-de-dakar\/#article","isPartOf":{"@id":"https:\/\/www.public.sn\/index.php\/2023\/07\/05\/proces-sweet-beauty-le-jugement-affiche-devant-la-salle-daudience-du-tgi-de-dakar\/"},"author":{"name":"LA REDACTION","@id":"https:\/\/www.public.sn\/#\/schema\/person\/e3f4a11b037d4203902db148f9bc8d5a"},"headline":"Proc\u00e8s Sweet beauty : le jugement affich\u00e9 devant la salle d\u2019audience du TGI de Dakar.","datePublished":"2023-07-05T18:59:53+00:00","mainEntityOfPage":{"@id":"https:\/\/www.public.sn\/index.php\/2023\/07\/05\/proces-sweet-beauty-le-jugement-affiche-devant-la-salle-daudience-du-tgi-de-dakar\/"},"wordCount":225,"commentCount":0,"publisher":{"@id":"https:\/\/www.public.sn\/#organization"},"image":{"@id":"https:\/\/www.public.sn\/index.php\/2023\/07\/05\/proces-sweet-beauty-le-jugement-affiche-devant-la-salle-daudience-du-tgi-de-dakar\/#primaryimage"},"thumbnailUrl":"https:\/\/www.public.sn\/wp-content\/uploads\/2023\/05\/Adji-Sarr-Ousmane-Sonko-mediagate.png","keywords":["Macky Sall","Ousmane Sonko","Sweet beauty"],"articleSection":["ACTUALIT\u00c9S","POLITIQUE","S\u00c9CURIT\u00c9 &amp; JUSTICE","S\u00c9N\u00c9GAL","VEDETTE"],"inLanguage":"fr-FR","potentialAction":[{"@type":"CommentAction","name":"Comment","target":["https:\/\/www.public.sn\/index.php\/2023\/07\/05\/proces-sweet-beauty-le-jugement-affiche-devant-la-salle-daudience-du-tgi-de-dakar\/#respond"]}]},{"@type":"WebPage","@id":"https:\/\/www.public.sn\/index.php\/2023\/07\/05\/proces-sweet-beauty-le-jugement-affiche-devant-la-salle-daudience-du-tgi-de-dakar\/","url":"https:\/\/www.public.sn\/index.php\/2023\/07\/05\/proces-sweet-beauty-le-jugement-affiche-devant-la-salle-daudience-du-tgi-de-dakar\/","name":"Proc\u00e8s Sweet beauty : le jugement affich\u00e9 devant la salle d\u2019audience du TGI de Dakar. - LE PUBLIC","isPartOf":{"@id":"https:\/\/www.public.sn\/#website"},"primaryImageOfPage":{"@id":"https:\/\/www.public.sn\/index.php\/2023\/07\/05\/proces-sweet-beauty-le-jugement-affiche-devant-la-salle-daudience-du-tgi-de-dakar\/#primaryimage"},"image":{"@id":"https:\/\/www.public.sn\/index.php\/2023\/07\/05\/proces-sweet-beauty-le-jugement-affiche-devant-la-salle-daudience-du-tgi-de-dakar\/#primaryimage"},"thumbnailUrl":"https:\/\/www.public.sn\/wp-content\/uploads\/2023\/05\/Adji-Sarr-Ousmane-Sonko-mediagate.png","datePublished":"2023-07-05T18:59:53+00:00","description":"Apr\u00e8s avoir \u00e9t\u00e9 largement partag\u00e9 en tant que fichier PDF sur les r\u00e9seaux sociaux, le jugement de l\u2019affaire Adji Sarr-Ousmane Sonko commence maintenant \u00e0 \u00eatre affich\u00e9.","breadcrumb":{"@id":"https:\/\/www.public.sn\/index.php\/2023\/07\/05\/proces-sweet-beauty-le-jugement-affiche-devant-la-salle-daudience-du-tgi-de-dakar\/#breadcrumb"},"inLanguage":"fr-FR","potentialAction":[{"@type":"ReadAction","target":["https:\/\/www.public.sn\/index.php\/2023\/07\/05\/proces-sweet-beauty-le-jugement-affiche-devant-la-salle-daudience-du-tgi-de-dakar\/"]}]},{"@type":"ImageObject","inLanguage":"fr-FR","@id":"https:\/\/www.public.sn\/index.php\/2023\/07\/05\/proces-sweet-beauty-le-jugement-affiche-devant-la-salle-daudience-du-tgi-de-dakar\/#primaryimage","url":"https:\/\/www.public.sn\/wp-content\/uploads\/2023\/05\/Adji-Sarr-Ousmane-Sonko-mediagate.png","contentUrl":"https:\/\/www.public.sn\/wp-content\/uploads\/2023\/05\/Adji-Sarr-Ousmane-Sonko-mediagate.png","width":1600,"height":900},{"@type":"BreadcrumbList","@id":"https:\/\/www.public.sn\/index.php\/2023\/07\/05\/proces-sweet-beauty-le-jugement-affiche-devant-la-salle-daudience-du-tgi-de-dakar\/#breadcrumb","itemListElement":[{"@type":"ListItem","position":1,"name":"Accueil","item":"https:\/\/www.public.sn\/"},{"@type":"ListItem","position":2,"name":"Proc\u00e8s Sweet beauty : le jugement affich\u00e9 devant la salle d\u2019audience du TGI de Dakar."}]},{"@type":"WebSite","@id":"https:\/\/www.public.sn\/#website","url":"https:\/\/www.public.sn\/","name":"LE PUBLIC","description":"","publisher":{"@id":"https:\/\/www.public.sn\/#organization"},"potentialAction":[{"@type":"SearchAction","target":{"@type":"EntryPoint","urlTemplate":"https:\/\/www.public.sn\/?s={search_term_string}"},"query-input":{"@type":"PropertyValueSpecification","valueRequired":true,"valueName":"search_term_string"}}],"inLanguage":"fr-FR"},{"@type":"Organization","@id":"https:\/\/www.public.sn\/#organization","name":"LE PUBLIC","url":"https:\/\/www.public.sn\/","logo":{"@type":"ImageObject","inLanguage":"fr-FR","@id":"https:\/\/www.public.sn\/#\/schema\/logo\/image\/","url":"https:\/\/www.public.sn\/wp-content\/uploads\/2024\/05\/cropped-LOGO-PUBLIC.SN_.png","contentUrl":"https:\/\/www.public.sn\/wp-content\/uploads\/2024\/05\/cropped-LOGO-PUBLIC.SN_.png","width":682,"height":192,"caption":"LE PUBLIC"},"image":{"@id":"https:\/\/www.public.sn\/#\/schema\/logo\/image\/"}},{"@type":"Person","@id":"https:\/\/www.public.sn\/#\/schema\/person\/e3f4a11b037d4203902db148f9bc8d5a","name":"LA REDACTION","image":{"@type":"ImageObject","inLanguage":"fr-FR","@id":"https:\/\/www.public.sn\/#\/schema\/person\/image\/","url":"https:\/\/secure.gravatar.com\/avatar\/d6c030db45db2883c075085c5d6c6258654a801a93766b49af0b82d4f454e2a5?s=96&d=mm&r=g","contentUrl":"https:\/\/secure.gravatar.com\/avatar\/d6c030db45db2883c075085c5d6c6258654a801a93766b49af0b82d4f454e2a5?s=96&d=mm&r=g","caption":"LA REDACTION"},"sameAs":["http:\/\/www.public.sn"],"url":"https:\/\/www.public.sn\/index.php\/author\/admin7324\/"}]}},"jetpack_featured_media_url":"https:\/\/www.public.sn\/wp-content\/uploads\/2023\/05\/Adji-Sarr-Ousmane-Sonko-mediagate.png","jetpack_sharing_enabled":true,"_links":{"self":[{"href":"https:\/\/www.public.sn\/index.php\/wp-json\/wp\/v2\/posts\/24496","targetHints":{"allow":["GET"]}}],"collection":[{"href":"https:\/\/www.public.sn\/index.php\/wp-json\/wp\/v2\/posts"}],"about":[{"href":"https:\/\/www.public.sn\/index.php\/wp-json\/wp\/v2\/types\/post"}],"author":[{"embeddable":true,"href":"https:\/\/www.public.sn\/index.php\/wp-json\/wp\/v2\/users\/1"}],"replies":[{"embeddable":true,"href":"https:\/\/www.public.sn\/index.php\/wp-json\/wp\/v2\/comments?post=24496"}],"version-history":[{"count":1,"href":"https:\/\/www.public.sn\/index.php\/wp-json\/wp\/v2\/posts\/24496\/revisions"}],"predecessor-version":[{"id":24498,"href":"https:\/\/www.public.sn\/index.php\/wp-json\/wp\/v2\/posts\/24496\/revisions\/24498"}],"wp:featuredmedia":[{"embeddable":true,"href":"https:\/\/www.public.sn\/index.php\/wp-json\/wp\/v2\/media\/22310"}],"wp:attachment":[{"href":"https:\/\/www.public.sn\/index.php\/wp-json\/wp\/v2\/media?parent=24496"}],"wp:term":[{"taxonomy":"category","embeddable":true,"href":"https:\/\/www.public.sn\/index.php\/wp-json\/wp\/v2\/categories?post=24496"},{"taxonomy":"post_tag","embeddable":true,"href":"https:\/\/www.public.sn\/index.php\/wp-json\/wp\/v2\/tags?post=24496"}],"curies":[{"name":"wp","href":"https:\/\/api.w.org\/{rel}","templated":true}]}}