{"id":24504,"date":"2023-07-05T20:33:45","date_gmt":"2023-07-05T20:33:45","guid":{"rendered":"https:\/\/www.public.sn\/?p=24504"},"modified":"2023-07-05T20:33:45","modified_gmt":"2023-07-05T20:33:45","slug":"les-nominations-en-conseil-des-ministres-du-mercredi-05-juillet-2023","status":"publish","type":"post","link":"https:\/\/www.public.sn\/index.php\/2023\/07\/05\/les-nominations-en-conseil-des-ministres-du-mercredi-05-juillet-2023\/","title":{"rendered":"Les nominations en conseil des ministres du mercredi 05 juillet 2023"},"content":{"rendered":"<p><strong>Le Conseil des ministres s\u2019est tenu le mercredi 05 juillet 2023 au Palais de la R\u00e9publique, sous la pr\u00e9sidence du Chef de l\u2019Etat, son Excellence, Monsieur Macky SALL.<\/strong><\/p><div class=\"publi-paragraphe1\" style=\"margin-top: 10px;margin-bottom: 10px;margin-left: auto;margin-right: auto;text-align: center;\" id=\"publi-3469572960\"><div class=\"publi-adlabel\">Publicit\u00e9<\/div><script async src=\"\/\/pagead2.googlesyndication.com\/pagead\/js\/adsbygoogle.js?client=ca-pub-4089586018074219\" crossorigin=\"anonymous\"><\/script><ins class=\"adsbygoogle\" style=\"display:block;\" data-ad-client=\"ca-pub-4089586018074219\" \ndata-ad-slot=\"2087940154\" \ndata-ad-format=\"auto\"><\/ins>\n<script> \n(adsbygoogle = window.adsbygoogle || []).push({}); \n<\/script>\n<\/div>\n<p><strong>AU TITRE DES MESURES INDIVIDUELLES <\/strong><br \/>\nLe Pr\u00e9sident de la R\u00e9publique a pris les d\u00e9cisions suivantes :<br \/>\n\u25cf <strong>Monsieur Babacar TOUMBOU,<\/strong> Ma\u00eetre de Conf\u00e9rences titulaire des Universit\u00e9s, Enseignant Chercheur \u00e0 l\u2019Universit\u00e9 Iba Der Thiam de Thi\u00e8s, est nomm\u00e9 Pr\u00e9sident du Conseil de<br \/>\nSurveillance de l\u2019Agence s\u00e9n\u00e9galaise d\u2019\u00e9tudes spatiales (ASES) ;<\/p>\n<p>\u25cf <strong>Monsieur Ibrahima SECK,<\/strong> Ing\u00e9nieur en G\u00e9nie civil, est nomm\u00e9 Directeur r\u00e9gional des Infrastructures et des Transports terrestres de Dakar.<br \/>\n\u25cf Madame Mame Mari\u00e8me Dieng Ngarandou MBOUP, Ing\u00e9nieur en G\u00e9nie civil, est nomm\u00e9e Directeur r\u00e9gional des Infrastructures et des Transports terrestres de Kaolack.<br \/>\n\u25cf <strong>Monsieur Mback\u00e9 Sidy Bouya NDIAYE<\/strong>, Ing\u00e9nieur en G\u00e9nie civil, est nomm\u00e9 Directeur r\u00e9gional des Infrastructures et des Transports terrestres de Saint-Louis.<\/p>\n<p>\u25cf <strong>Monsieur Ngagne BA<\/strong>, Ing\u00e9nieur en G\u00e9nie civil, est nomm\u00e9 Directeur r\u00e9gional des Infrastructures et des Transports terrestres de Thi\u00e8s.<\/p>\n<p>\u25cf <strong>Monsieur Ibrahima DIAKHATE<\/strong>, Ing\u00e9nieur en G\u00e9nie civil, est nomm\u00e9 Directeur r\u00e9gional des Infrastructures et des Transports terrestres de Ziguinchor.<\/p>\n<p><strong>Fait \u00e0 Dakar le 05 juillet 2023 <\/strong><\/p>\n<p><strong>Le Ministre du Commerce, de la Consommation <\/strong><br \/>\n<strong>et des Petites et moyennes Entreprises, <\/strong><br \/>\n<strong>Porte-parole du Gouvernement <\/strong><br \/>\n<strong>Abdou Karim FOFANA<\/strong><\/p>\n<div class=\"publi-apres-le-contenu\" style=\"margin-top: 10px;margin-bottom: 10px;margin-left: auto;margin-right: auto;text-align: center;\" id=\"publi-2993221019\"><div class=\"publi-adlabel\">Publicit\u00e9<\/div><script async src=\"\/\/pagead2.googlesyndication.com\/pagead\/js\/adsbygoogle.js?client=ca-pub-4089586018074219\" crossorigin=\"anonymous\"><\/script><ins class=\"adsbygoogle\" style=\"display:block;\" data-ad-client=\"ca-pub-4089586018074219\" \ndata-ad-slot=\"2087940154\" \ndata-ad-format=\"auto\"><\/ins>\n<script> \n(adsbygoogle = window.adsbygoogle || []).push({}); \n<\/script>\n<\/div>","protected":false},"excerpt":{"rendered":"<p>Le Conseil des ministres s\u2019est tenu le mercredi 05 juillet 2023 au Palais de la R\u00e9publique, sous la pr\u00e9sidence du Chef de l\u2019Etat, son Excellence, Monsieur Macky SALL. AU TITRE DES MESURES INDIVIDUELLES Le Pr\u00e9sident de la R\u00e9publique a pris les d\u00e9cisions suivantes : \u25cf Monsieur Babacar TOUMBOU, Ma\u00eetre de Conf\u00e9rences titulaire des Universit\u00e9s, Enseignant Chercheur \u00e0 l\u2019Universit\u00e9 Iba Der Thiam de Thi\u00e8s, est nomm\u00e9 Pr\u00e9sident du Conseil de Surveillance de l\u2019Agence s\u00e9n\u00e9galaise d\u2019\u00e9tudes spatiales (ASES) ; \u25cf Monsieur Ibrahima SECK, Ing\u00e9nieur en G\u00e9nie civil, est nomm\u00e9 Directeur r\u00e9gional des Infrastructures et des Transports terrestres de Dakar. \u25cf Madame Mame Mari\u00e8me Dieng Ngarandou MBOUP, Ing\u00e9nieur en G\u00e9nie civil, est nomm\u00e9e Directeur r\u00e9gional des Infrastructures et des Transports terrestres de Kaolack. \u25cf Monsieur Mback\u00e9 Sidy Bouya NDIAYE, Ing\u00e9nieur en G\u00e9nie civil, est nomm\u00e9 Directeur r\u00e9gional des Infrastructures et des Transports terrestres de Saint-Louis. \u25cf Monsieur Ngagne BA, Ing\u00e9nieur en G\u00e9nie civil, est nomm\u00e9 Directeur r\u00e9gional des Infrastructures et des Transports terrestres de Thi\u00e8s. \u25cf Monsieur Ibrahima DIAKHATE, Ing\u00e9nieur en G\u00e9nie civil, est nomm\u00e9 Directeur r\u00e9gional des Infrastructures et des Transports terrestres de Ziguinchor. Fait \u00e0 Dakar le 05 juillet 2023 Le Ministre du Commerce, de la Consommation et des Petites et moyennes Entreprises, Porte-parole du Gouvernement Abdou Karim FOFANA<\/p>\n","protected":false},"author":1,"featured_media":11583,"comment_status":"open","ping_status":"open","sticky":false,"template":"","format":"standard","meta":{"_jetpack_memberships_contains_paid_content":false,"footnotes":""},"categories":[375,1],"tags":[1063],"class_list":["post-24504","post","type-post","status-publish","format-standard","has-post-thumbnail","hentry","category-actualites","category-non-classe","tag-conseil-des-ministres","entry","has-media","owp-thumbs-layout-horizontal","owp-btn-normal","owp-tabs-layout-horizontal","has-no-thumbnails","has-product-nav"],"yoast_head":"<!-- This site is optimized with the Yoast SEO plugin v25.5 - https:\/\/yoast.com\/wordpress\/plugins\/seo\/ -->\n<title>Les nominations en conseil des ministres du mercredi 05 juillet 2023 - LE PUBLIC<\/title>\n<meta name=\"description\" content=\"Le Conseil des ministres s\u2019est tenu le mercredi 05 juillet 2023 au Palais de la R\u00e9publique, sous la pr\u00e9sidence du Chef de l\u2019Etat, son Excellence, Monsieur Macky SALL.\" \/>\n<meta name=\"robots\" content=\"index, follow, max-snippet:-1, max-image-preview:large, max-video-preview:-1\" \/>\n<link rel=\"canonical\" href=\"https:\/\/www.public.sn\/index.php\/2023\/07\/05\/les-nominations-en-conseil-des-ministres-du-mercredi-05-juillet-2023\/\" \/>\n<meta property=\"og:locale\" content=\"fr_FR\" \/>\n<meta property=\"og:type\" content=\"article\" \/>\n<meta property=\"og:title\" content=\"Les nominations en conseil des ministres du mercredi 05 juillet 2023 - LE PUBLIC\" \/>\n<meta property=\"og:description\" content=\"Le Conseil des ministres s\u2019est tenu le mercredi 05 juillet 2023 au Palais de la R\u00e9publique, sous la pr\u00e9sidence du Chef de l\u2019Etat, son Excellence, Monsieur Macky SALL.\" \/>\n<meta property=\"og:url\" content=\"https:\/\/www.public.sn\/index.php\/2023\/07\/05\/les-nominations-en-conseil-des-ministres-du-mercredi-05-juillet-2023\/\" \/>\n<meta property=\"og:site_name\" content=\"LE PUBLIC\" \/>\n<meta property=\"article:published_time\" content=\"2023-07-05T20:33:45+00:00\" \/>\n<meta property=\"og:image\" content=\"https:\/\/www.public.sn\/wp-content\/uploads\/2022\/12\/Macky-Sall.webp\" \/>\n\t<meta property=\"og:image:width\" content=\"790\" \/>\n\t<meta property=\"og:image:height\" content=\"430\" \/>\n\t<meta property=\"og:image:type\" content=\"image\/webp\" \/>\n<meta name=\"author\" content=\"LA REDACTION\" \/>\n<meta name=\"twitter:card\" content=\"summary_large_image\" \/>\n<meta name=\"twitter:label1\" content=\"\u00c9crit par\" \/>\n\t<meta name=\"twitter:data1\" content=\"LA REDACTION\" \/>\n\t<meta name=\"twitter:label2\" content=\"Dur\u00e9e de lecture estim\u00e9e\" \/>\n\t<meta name=\"twitter:data2\" content=\"2 minutes\" \/>\n<script type=\"application\/ld+json\" class=\"yoast-schema-graph\">{\"@context\":\"https:\/\/schema.org\",\"@graph\":[{\"@type\":\"Article\",\"@id\":\"https:\/\/www.public.sn\/index.php\/2023\/07\/05\/les-nominations-en-conseil-des-ministres-du-mercredi-05-juillet-2023\/#article\",\"isPartOf\":{\"@id\":\"https:\/\/www.public.sn\/index.php\/2023\/07\/05\/les-nominations-en-conseil-des-ministres-du-mercredi-05-juillet-2023\/\"},\"author\":{\"name\":\"LA REDACTION\",\"@id\":\"https:\/\/www.public.sn\/#\/schema\/person\/e3f4a11b037d4203902db148f9bc8d5a\"},\"headline\":\"Les nominations en conseil des ministres du mercredi 05 juillet 2023\",\"datePublished\":\"2023-07-05T20:33:45+00:00\",\"mainEntityOfPage\":{\"@id\":\"https:\/\/www.public.sn\/index.php\/2023\/07\/05\/les-nominations-en-conseil-des-ministres-du-mercredi-05-juillet-2023\/\"},\"wordCount\":238,\"commentCount\":0,\"publisher\":{\"@id\":\"https:\/\/www.public.sn\/#organization\"},\"image\":{\"@id\":\"https:\/\/www.public.sn\/index.php\/2023\/07\/05\/les-nominations-en-conseil-des-ministres-du-mercredi-05-juillet-2023\/#primaryimage\"},\"thumbnailUrl\":\"https:\/\/www.public.sn\/wp-content\/uploads\/2022\/12\/Macky-Sall.webp\",\"keywords\":[\"conseil des ministres\"],\"articleSection\":[\"ACTUALIT\u00c9S\",\"S\u00c9N\u00c9GAL\"],\"inLanguage\":\"fr-FR\",\"potentialAction\":[{\"@type\":\"CommentAction\",\"name\":\"Comment\",\"target\":[\"https:\/\/www.public.sn\/index.php\/2023\/07\/05\/les-nominations-en-conseil-des-ministres-du-mercredi-05-juillet-2023\/#respond\"]}]},{\"@type\":\"WebPage\",\"@id\":\"https:\/\/www.public.sn\/index.php\/2023\/07\/05\/les-nominations-en-conseil-des-ministres-du-mercredi-05-juillet-2023\/\",\"url\":\"https:\/\/www.public.sn\/index.php\/2023\/07\/05\/les-nominations-en-conseil-des-ministres-du-mercredi-05-juillet-2023\/\",\"name\":\"Les nominations en conseil des ministres du mercredi 05 juillet 2023 - LE PUBLIC\",\"isPartOf\":{\"@id\":\"https:\/\/www.public.sn\/#website\"},\"primaryImageOfPage\":{\"@id\":\"https:\/\/www.public.sn\/index.php\/2023\/07\/05\/les-nominations-en-conseil-des-ministres-du-mercredi-05-juillet-2023\/#primaryimage\"},\"image\":{\"@id\":\"https:\/\/www.public.sn\/index.php\/2023\/07\/05\/les-nominations-en-conseil-des-ministres-du-mercredi-05-juillet-2023\/#primaryimage\"},\"thumbnailUrl\":\"https:\/\/www.public.sn\/wp-content\/uploads\/2022\/12\/Macky-Sall.webp\",\"datePublished\":\"2023-07-05T20:33:45+00:00\",\"description\":\"Le Conseil des ministres s\u2019est tenu le mercredi 05 juillet 2023 au Palais de la R\u00e9publique, sous la pr\u00e9sidence du Chef de l\u2019Etat, son Excellence, Monsieur Macky SALL.\",\"breadcrumb\":{\"@id\":\"https:\/\/www.public.sn\/index.php\/2023\/07\/05\/les-nominations-en-conseil-des-ministres-du-mercredi-05-juillet-2023\/#breadcrumb\"},\"inLanguage\":\"fr-FR\",\"potentialAction\":[{\"@type\":\"ReadAction\",\"target\":[\"https:\/\/www.public.sn\/index.php\/2023\/07\/05\/les-nominations-en-conseil-des-ministres-du-mercredi-05-juillet-2023\/\"]}]},{\"@type\":\"ImageObject\",\"inLanguage\":\"fr-FR\",\"@id\":\"https:\/\/www.public.sn\/index.php\/2023\/07\/05\/les-nominations-en-conseil-des-ministres-du-mercredi-05-juillet-2023\/#primaryimage\",\"url\":\"https:\/\/www.public.sn\/wp-content\/uploads\/2022\/12\/Macky-Sall.webp\",\"contentUrl\":\"https:\/\/www.public.sn\/wp-content\/uploads\/2022\/12\/Macky-Sall.webp\",\"width\":790,\"height\":430},{\"@type\":\"BreadcrumbList\",\"@id\":\"https:\/\/www.public.sn\/index.php\/2023\/07\/05\/les-nominations-en-conseil-des-ministres-du-mercredi-05-juillet-2023\/#breadcrumb\",\"itemListElement\":[{\"@type\":\"ListItem\",\"position\":1,\"name\":\"Accueil\",\"item\":\"https:\/\/www.public.sn\/\"},{\"@type\":\"ListItem\",\"position\":2,\"name\":\"Les nominations en conseil des ministres du mercredi 05 juillet 2023\"}]},{\"@type\":\"WebSite\",\"@id\":\"https:\/\/www.public.sn\/#website\",\"url\":\"https:\/\/www.public.sn\/\",\"name\":\"LE PUBLIC\",\"description\":\"\",\"publisher\":{\"@id\":\"https:\/\/www.public.sn\/#organization\"},\"potentialAction\":[{\"@type\":\"SearchAction\",\"target\":{\"@type\":\"EntryPoint\",\"urlTemplate\":\"https:\/\/www.public.sn\/?s={search_term_string}\"},\"query-input\":{\"@type\":\"PropertyValueSpecification\",\"valueRequired\":true,\"valueName\":\"search_term_string\"}}],\"inLanguage\":\"fr-FR\"},{\"@type\":\"Organization\",\"@id\":\"https:\/\/www.public.sn\/#organization\",\"name\":\"LE PUBLIC\",\"url\":\"https:\/\/www.public.sn\/\",\"logo\":{\"@type\":\"ImageObject\",\"inLanguage\":\"fr-FR\",\"@id\":\"https:\/\/www.public.sn\/#\/schema\/logo\/image\/\",\"url\":\"https:\/\/www.public.sn\/wp-content\/uploads\/2024\/05\/cropped-LOGO-PUBLIC.SN_.png\",\"contentUrl\":\"https:\/\/www.public.sn\/wp-content\/uploads\/2024\/05\/cropped-LOGO-PUBLIC.SN_.png\",\"width\":682,\"height\":192,\"caption\":\"LE PUBLIC\"},\"image\":{\"@id\":\"https:\/\/www.public.sn\/#\/schema\/logo\/image\/\"}},{\"@type\":\"Person\",\"@id\":\"https:\/\/www.public.sn\/#\/schema\/person\/e3f4a11b037d4203902db148f9bc8d5a\",\"name\":\"LA REDACTION\",\"image\":{\"@type\":\"ImageObject\",\"inLanguage\":\"fr-FR\",\"@id\":\"https:\/\/www.public.sn\/#\/schema\/person\/image\/\",\"url\":\"https:\/\/secure.gravatar.com\/avatar\/d6c030db45db2883c075085c5d6c6258654a801a93766b49af0b82d4f454e2a5?s=96&d=mm&r=g\",\"contentUrl\":\"https:\/\/secure.gravatar.com\/avatar\/d6c030db45db2883c075085c5d6c6258654a801a93766b49af0b82d4f454e2a5?s=96&d=mm&r=g\",\"caption\":\"LA REDACTION\"},\"sameAs\":[\"http:\/\/www.public.sn\"],\"url\":\"https:\/\/www.public.sn\/index.php\/author\/admin7324\/\"}]}<\/script>\n<!-- \/ Yoast SEO plugin. -->","yoast_head_json":{"title":"Les nominations en conseil des ministres du mercredi 05 juillet 2023 - LE PUBLIC","description":"Le Conseil des ministres s\u2019est tenu le mercredi 05 juillet 2023 au Palais de la R\u00e9publique, sous la pr\u00e9sidence du Chef de l\u2019Etat, son Excellence, Monsieur Macky SALL.","robots":{"index":"index","follow":"follow","max-snippet":"max-snippet:-1","max-image-preview":"max-image-preview:large","max-video-preview":"max-video-preview:-1"},"canonical":"https:\/\/www.public.sn\/index.php\/2023\/07\/05\/les-nominations-en-conseil-des-ministres-du-mercredi-05-juillet-2023\/","og_locale":"fr_FR","og_type":"article","og_title":"Les nominations en conseil des ministres du mercredi 05 juillet 2023 - LE PUBLIC","og_description":"Le Conseil des ministres s\u2019est tenu le mercredi 05 juillet 2023 au Palais de la R\u00e9publique, sous la pr\u00e9sidence du Chef de l\u2019Etat, son Excellence, Monsieur Macky SALL.","og_url":"https:\/\/www.public.sn\/index.php\/2023\/07\/05\/les-nominations-en-conseil-des-ministres-du-mercredi-05-juillet-2023\/","og_site_name":"LE PUBLIC","article_published_time":"2023-07-05T20:33:45+00:00","og_image":[{"width":790,"height":430,"url":"https:\/\/www.public.sn\/wp-content\/uploads\/2022\/12\/Macky-Sall.webp","type":"image\/webp"}],"author":"LA REDACTION","twitter_card":"summary_large_image","twitter_misc":{"\u00c9crit par":"LA REDACTION","Dur\u00e9e de lecture estim\u00e9e":"2 minutes"},"schema":{"@context":"https:\/\/schema.org","@graph":[{"@type":"Article","@id":"https:\/\/www.public.sn\/index.php\/2023\/07\/05\/les-nominations-en-conseil-des-ministres-du-mercredi-05-juillet-2023\/#article","isPartOf":{"@id":"https:\/\/www.public.sn\/index.php\/2023\/07\/05\/les-nominations-en-conseil-des-ministres-du-mercredi-05-juillet-2023\/"},"author":{"name":"LA REDACTION","@id":"https:\/\/www.public.sn\/#\/schema\/person\/e3f4a11b037d4203902db148f9bc8d5a"},"headline":"Les nominations en conseil des ministres du mercredi 05 juillet 2023","datePublished":"2023-07-05T20:33:45+00:00","mainEntityOfPage":{"@id":"https:\/\/www.public.sn\/index.php\/2023\/07\/05\/les-nominations-en-conseil-des-ministres-du-mercredi-05-juillet-2023\/"},"wordCount":238,"commentCount":0,"publisher":{"@id":"https:\/\/www.public.sn\/#organization"},"image":{"@id":"https:\/\/www.public.sn\/index.php\/2023\/07\/05\/les-nominations-en-conseil-des-ministres-du-mercredi-05-juillet-2023\/#primaryimage"},"thumbnailUrl":"https:\/\/www.public.sn\/wp-content\/uploads\/2022\/12\/Macky-Sall.webp","keywords":["conseil des ministres"],"articleSection":["ACTUALIT\u00c9S","S\u00c9N\u00c9GAL"],"inLanguage":"fr-FR","potentialAction":[{"@type":"CommentAction","name":"Comment","target":["https:\/\/www.public.sn\/index.php\/2023\/07\/05\/les-nominations-en-conseil-des-ministres-du-mercredi-05-juillet-2023\/#respond"]}]},{"@type":"WebPage","@id":"https:\/\/www.public.sn\/index.php\/2023\/07\/05\/les-nominations-en-conseil-des-ministres-du-mercredi-05-juillet-2023\/","url":"https:\/\/www.public.sn\/index.php\/2023\/07\/05\/les-nominations-en-conseil-des-ministres-du-mercredi-05-juillet-2023\/","name":"Les nominations en conseil des ministres du mercredi 05 juillet 2023 - LE PUBLIC","isPartOf":{"@id":"https:\/\/www.public.sn\/#website"},"primaryImageOfPage":{"@id":"https:\/\/www.public.sn\/index.php\/2023\/07\/05\/les-nominations-en-conseil-des-ministres-du-mercredi-05-juillet-2023\/#primaryimage"},"image":{"@id":"https:\/\/www.public.sn\/index.php\/2023\/07\/05\/les-nominations-en-conseil-des-ministres-du-mercredi-05-juillet-2023\/#primaryimage"},"thumbnailUrl":"https:\/\/www.public.sn\/wp-content\/uploads\/2022\/12\/Macky-Sall.webp","datePublished":"2023-07-05T20:33:45+00:00","description":"Le Conseil des ministres s\u2019est tenu le mercredi 05 juillet 2023 au Palais de la R\u00e9publique, sous la pr\u00e9sidence du Chef de l\u2019Etat, son Excellence, Monsieur Macky SALL.","breadcrumb":{"@id":"https:\/\/www.public.sn\/index.php\/2023\/07\/05\/les-nominations-en-conseil-des-ministres-du-mercredi-05-juillet-2023\/#breadcrumb"},"inLanguage":"fr-FR","potentialAction":[{"@type":"ReadAction","target":["https:\/\/www.public.sn\/index.php\/2023\/07\/05\/les-nominations-en-conseil-des-ministres-du-mercredi-05-juillet-2023\/"]}]},{"@type":"ImageObject","inLanguage":"fr-FR","@id":"https:\/\/www.public.sn\/index.php\/2023\/07\/05\/les-nominations-en-conseil-des-ministres-du-mercredi-05-juillet-2023\/#primaryimage","url":"https:\/\/www.public.sn\/wp-content\/uploads\/2022\/12\/Macky-Sall.webp","contentUrl":"https:\/\/www.public.sn\/wp-content\/uploads\/2022\/12\/Macky-Sall.webp","width":790,"height":430},{"@type":"BreadcrumbList","@id":"https:\/\/www.public.sn\/index.php\/2023\/07\/05\/les-nominations-en-conseil-des-ministres-du-mercredi-05-juillet-2023\/#breadcrumb","itemListElement":[{"@type":"ListItem","position":1,"name":"Accueil","item":"https:\/\/www.public.sn\/"},{"@type":"ListItem","position":2,"name":"Les nominations en conseil des ministres du mercredi 05 juillet 2023"}]},{"@type":"WebSite","@id":"https:\/\/www.public.sn\/#website","url":"https:\/\/www.public.sn\/","name":"LE PUBLIC","description":"","publisher":{"@id":"https:\/\/www.public.sn\/#organization"},"potentialAction":[{"@type":"SearchAction","target":{"@type":"EntryPoint","urlTemplate":"https:\/\/www.public.sn\/?s={search_term_string}"},"query-input":{"@type":"PropertyValueSpecification","valueRequired":true,"valueName":"search_term_string"}}],"inLanguage":"fr-FR"},{"@type":"Organization","@id":"https:\/\/www.public.sn\/#organization","name":"LE PUBLIC","url":"https:\/\/www.public.sn\/","logo":{"@type":"ImageObject","inLanguage":"fr-FR","@id":"https:\/\/www.public.sn\/#\/schema\/logo\/image\/","url":"https:\/\/www.public.sn\/wp-content\/uploads\/2024\/05\/cropped-LOGO-PUBLIC.SN_.png","contentUrl":"https:\/\/www.public.sn\/wp-content\/uploads\/2024\/05\/cropped-LOGO-PUBLIC.SN_.png","width":682,"height":192,"caption":"LE PUBLIC"},"image":{"@id":"https:\/\/www.public.sn\/#\/schema\/logo\/image\/"}},{"@type":"Person","@id":"https:\/\/www.public.sn\/#\/schema\/person\/e3f4a11b037d4203902db148f9bc8d5a","name":"LA REDACTION","image":{"@type":"ImageObject","inLanguage":"fr-FR","@id":"https:\/\/www.public.sn\/#\/schema\/person\/image\/","url":"https:\/\/secure.gravatar.com\/avatar\/d6c030db45db2883c075085c5d6c6258654a801a93766b49af0b82d4f454e2a5?s=96&d=mm&r=g","contentUrl":"https:\/\/secure.gravatar.com\/avatar\/d6c030db45db2883c075085c5d6c6258654a801a93766b49af0b82d4f454e2a5?s=96&d=mm&r=g","caption":"LA REDACTION"},"sameAs":["http:\/\/www.public.sn"],"url":"https:\/\/www.public.sn\/index.php\/author\/admin7324\/"}]}},"jetpack_featured_media_url":"https:\/\/www.public.sn\/wp-content\/uploads\/2022\/12\/Macky-Sall.webp","jetpack_sharing_enabled":true,"_links":{"self":[{"href":"https:\/\/www.public.sn\/index.php\/wp-json\/wp\/v2\/posts\/24504","targetHints":{"allow":["GET"]}}],"collection":[{"href":"https:\/\/www.public.sn\/index.php\/wp-json\/wp\/v2\/posts"}],"about":[{"href":"https:\/\/www.public.sn\/index.php\/wp-json\/wp\/v2\/types\/post"}],"author":[{"embeddable":true,"href":"https:\/\/www.public.sn\/index.php\/wp-json\/wp\/v2\/users\/1"}],"replies":[{"embeddable":true,"href":"https:\/\/www.public.sn\/index.php\/wp-json\/wp\/v2\/comments?post=24504"}],"version-history":[{"count":1,"href":"https:\/\/www.public.sn\/index.php\/wp-json\/wp\/v2\/posts\/24504\/revisions"}],"predecessor-version":[{"id":24505,"href":"https:\/\/www.public.sn\/index.php\/wp-json\/wp\/v2\/posts\/24504\/revisions\/24505"}],"wp:featuredmedia":[{"embeddable":true,"href":"https:\/\/www.public.sn\/index.php\/wp-json\/wp\/v2\/media\/11583"}],"wp:attachment":[{"href":"https:\/\/www.public.sn\/index.php\/wp-json\/wp\/v2\/media?parent=24504"}],"wp:term":[{"taxonomy":"category","embeddable":true,"href":"https:\/\/www.public.sn\/index.php\/wp-json\/wp\/v2\/categories?post=24504"},{"taxonomy":"post_tag","embeddable":true,"href":"https:\/\/www.public.sn\/index.php\/wp-json\/wp\/v2\/tags?post=24504"}],"curies":[{"name":"wp","href":"https:\/\/api.w.org\/{rel}","templated":true}]}}