{"id":24556,"date":"2023-07-06T10:30:11","date_gmt":"2023-07-06T10:30:11","guid":{"rendered":"https:\/\/www.public.sn\/?p=24556"},"modified":"2023-07-06T10:30:11","modified_gmt":"2023-07-06T10:30:11","slug":"surete-urbaine-les-choses-se-compliquent-pour-birame-souleye-diop","status":"publish","type":"post","link":"https:\/\/www.public.sn\/index.php\/2023\/07\/06\/surete-urbaine-les-choses-se-compliquent-pour-birame-souleye-diop\/","title":{"rendered":"Suret\u00e9 urbaine : les choses se compliquent pour Birame Souleye Diop"},"content":{"rendered":"<p><strong>Birame Soul\u00e8ye Diop a \u00e9t\u00e9 arr\u00eat\u00e9 hier et entendu par les enqu\u00eateurs de la S\u00fbret\u00e9 Urbaine. Le maire de la commune de Thi\u00e8s-Nord a \u00e9t\u00e9 interrog\u00e9 sur proc\u00e8s verbal de 21h30 \u00e0 00h55. Il a exprim\u00e9 des regrets quant \u00e0 ses d\u00e9clarations envers le chef de l\u2019\u00c9tat Macky Sall. Ainsi, Birame Soul\u00e8ye Diop a pr\u00e9sent\u00e9 ses excuses sinc\u00e8res devant les enqu\u00eateurs. Selon lui, il a commis une erreur linguistique.<\/strong><\/p><div class=\"publi-paragraphe1\" style=\"margin-top: 10px;margin-bottom: 10px;margin-left: auto;margin-right: auto;text-align: center;\" id=\"publi-3060512381\"><div class=\"publi-adlabel\">Publicit\u00e9<\/div><script async src=\"\/\/pagead2.googlesyndication.com\/pagead\/js\/adsbygoogle.js?client=ca-pub-4089586018074219\" crossorigin=\"anonymous\"><\/script><ins class=\"adsbygoogle\" style=\"display:block;\" data-ad-client=\"ca-pub-4089586018074219\" \ndata-ad-slot=\"2087940154\" \ndata-ad-format=\"auto\"><\/ins>\n<script> \n(adsbygoogle = window.adsbygoogle || []).push({}); \n<\/script>\n<\/div>\n<p>Dans un premier temps, deux chef d\u2019inculpation ont \u00e9t\u00e9 retenus contre le pr\u00e9sident du groupe parlementaire Yewwi Askan Wi (Yaw). En effet, il \u00e9tait d\u2019abord poursuivi pour diffamation commise par un membre de l\u2019assembl\u00e9e nationale contre un chef d\u2019Etat \u00e9tranger de nature \u00e0 saper les relations diplomatiques de l\u2019\u00e9tat et discr\u00e9dit sur une institution de la R\u00e9publique. Cependant, un 3e chef d\u2019inculpation a \u00e9t\u00e9 retenu.<\/p>\n<p>Il s\u2019agit d\u2019actes et man\u0153uvres de nature \u00e0 discr\u00e9diter les institutions de la R\u00e9publique et \u00e0 inciter les citoyens \u00e0 enfreindre les lois, selon Me Moussa Sarr. Ce qui pourrait corser les choses contre Birame Souleye Diop.<\/p>\n<div class=\"publi-apres-le-contenu\" style=\"margin-top: 10px;margin-bottom: 10px;margin-left: auto;margin-right: auto;text-align: center;\" id=\"publi-3505339408\"><div class=\"publi-adlabel\">Publicit\u00e9<\/div><script async src=\"\/\/pagead2.googlesyndication.com\/pagead\/js\/adsbygoogle.js?client=ca-pub-4089586018074219\" crossorigin=\"anonymous\"><\/script><ins class=\"adsbygoogle\" style=\"display:block;\" data-ad-client=\"ca-pub-4089586018074219\" \ndata-ad-slot=\"2087940154\" \ndata-ad-format=\"auto\"><\/ins>\n<script> \n(adsbygoogle = window.adsbygoogle || []).push({}); \n<\/script>\n<\/div>","protected":false},"excerpt":{"rendered":"<p>Birame Soul\u00e8ye Diop a \u00e9t\u00e9 arr\u00eat\u00e9 hier et entendu par les enqu\u00eateurs de la S\u00fbret\u00e9 Urbaine. Le maire de la commune de Thi\u00e8s-Nord a \u00e9t\u00e9 interrog\u00e9 sur proc\u00e8s verbal de 21h30 \u00e0 00h55. Il a exprim\u00e9 des regrets quant \u00e0 ses d\u00e9clarations envers le chef de l\u2019\u00c9tat Macky Sall. Ainsi, Birame Soul\u00e8ye Diop a pr\u00e9sent\u00e9 ses excuses sinc\u00e8res devant les enqu\u00eateurs. Selon lui, il a commis une erreur linguistique. Dans un premier temps, deux chef d\u2019inculpation ont \u00e9t\u00e9 retenus contre le pr\u00e9sident du groupe parlementaire Yewwi Askan Wi (Yaw). En effet, il \u00e9tait d\u2019abord poursuivi pour diffamation commise par un membre de l\u2019assembl\u00e9e nationale contre un chef d\u2019Etat \u00e9tranger de nature \u00e0 saper les relations diplomatiques de l\u2019\u00e9tat et discr\u00e9dit sur une institution de la R\u00e9publique. Cependant, un 3e chef d\u2019inculpation a \u00e9t\u00e9 retenu. Il s\u2019agit d\u2019actes et man\u0153uvres de nature \u00e0 discr\u00e9diter les institutions de la R\u00e9publique et \u00e0 inciter les citoyens \u00e0 enfreindre les lois, selon Me Moussa Sarr. Ce qui pourrait corser les choses contre Birame Souleye Diop.<\/p>\n","protected":false},"author":1,"featured_media":12244,"comment_status":"open","ping_status":"open","sticky":false,"template":"","format":"standard","meta":{"_jetpack_memberships_contains_paid_content":false,"footnotes":""},"categories":[375,3,376,1,372],"tags":[2990,1743,3271],"class_list":["post-24556","post","type-post","status-publish","format-standard","has-post-thumbnail","hentry","category-actualites","category-politique","category-securite-justice","category-non-classe","category-vedette","tag-birame-souleye-diop","tag-yaw","tag-yewwi-askan-wi","entry","has-media","owp-thumbs-layout-horizontal","owp-btn-normal","owp-tabs-layout-horizontal","has-no-thumbnails","has-product-nav"],"yoast_head":"<!-- This site is optimized with the Yoast SEO plugin v25.5 - https:\/\/yoast.com\/wordpress\/plugins\/seo\/ -->\n<title>Suret\u00e9 urbaine : les choses se compliquent pour Birame Souleye Diop - LE PUBLIC<\/title>\n<meta name=\"description\" content=\"Birame Soul\u00e8ye Diop a \u00e9t\u00e9 arr\u00eat\u00e9 hier et entendu par les enqu\u00eateurs de la S\u00fbret\u00e9 Urbaine. Le maire de la commune de Thi\u00e8s-Nord a \u00e9t\u00e9 interrog\u00e9 sur proc\u00e8s verbal de 21h30 \u00e0 00h55. Il a exprim\u00e9 des regrets quant \u00e0 ses d\u00e9clarations envers le chef de l\u2019\u00c9tat Macky Sall. Ainsi, Birame Soul\u00e8ye Diop a pr\u00e9sent\u00e9 ses excuses sinc\u00e8res devant les enqu\u00eateurs. Selon lui, il a commis une erreur linguistique.\" \/>\n<meta name=\"robots\" content=\"index, follow, max-snippet:-1, max-image-preview:large, max-video-preview:-1\" \/>\n<link rel=\"canonical\" href=\"https:\/\/www.public.sn\/index.php\/2023\/07\/06\/surete-urbaine-les-choses-se-compliquent-pour-birame-souleye-diop\/\" \/>\n<meta property=\"og:locale\" content=\"fr_FR\" \/>\n<meta property=\"og:type\" content=\"article\" \/>\n<meta property=\"og:title\" content=\"Suret\u00e9 urbaine : les choses se compliquent pour Birame Souleye Diop - LE PUBLIC\" \/>\n<meta property=\"og:description\" content=\"Birame Soul\u00e8ye Diop a \u00e9t\u00e9 arr\u00eat\u00e9 hier et entendu par les enqu\u00eateurs de la S\u00fbret\u00e9 Urbaine. Le maire de la commune de Thi\u00e8s-Nord a \u00e9t\u00e9 interrog\u00e9 sur proc\u00e8s verbal de 21h30 \u00e0 00h55. Il a exprim\u00e9 des regrets quant \u00e0 ses d\u00e9clarations envers le chef de l\u2019\u00c9tat Macky Sall. Ainsi, Birame Soul\u00e8ye Diop a pr\u00e9sent\u00e9 ses excuses sinc\u00e8res devant les enqu\u00eateurs. Selon lui, il a commis une erreur linguistique.\" \/>\n<meta property=\"og:url\" content=\"https:\/\/www.public.sn\/index.php\/2023\/07\/06\/surete-urbaine-les-choses-se-compliquent-pour-birame-souleye-diop\/\" \/>\n<meta property=\"og:site_name\" content=\"LE PUBLIC\" \/>\n<meta property=\"article:published_time\" content=\"2023-07-06T10:30:11+00:00\" \/>\n<meta property=\"og:image\" content=\"https:\/\/www.public.sn\/wp-content\/uploads\/2022\/12\/birame.png\" \/>\n\t<meta property=\"og:image:width\" content=\"905\" \/>\n\t<meta property=\"og:image:height\" content=\"613\" \/>\n\t<meta property=\"og:image:type\" content=\"image\/png\" \/>\n<meta name=\"author\" content=\"LA REDACTION\" \/>\n<meta name=\"twitter:card\" content=\"summary_large_image\" \/>\n<meta name=\"twitter:label1\" content=\"\u00c9crit par\" \/>\n\t<meta name=\"twitter:data1\" content=\"LA REDACTION\" \/>\n\t<meta name=\"twitter:label2\" content=\"Dur\u00e9e de lecture estim\u00e9e\" \/>\n\t<meta name=\"twitter:data2\" content=\"1 minute\" \/>\n<script type=\"application\/ld+json\" class=\"yoast-schema-graph\">{\"@context\":\"https:\/\/schema.org\",\"@graph\":[{\"@type\":\"Article\",\"@id\":\"https:\/\/www.public.sn\/index.php\/2023\/07\/06\/surete-urbaine-les-choses-se-compliquent-pour-birame-souleye-diop\/#article\",\"isPartOf\":{\"@id\":\"https:\/\/www.public.sn\/index.php\/2023\/07\/06\/surete-urbaine-les-choses-se-compliquent-pour-birame-souleye-diop\/\"},\"author\":{\"name\":\"LA REDACTION\",\"@id\":\"https:\/\/www.public.sn\/#\/schema\/person\/e3f4a11b037d4203902db148f9bc8d5a\"},\"headline\":\"Suret\u00e9 urbaine : les choses se compliquent pour Birame Souleye Diop\",\"datePublished\":\"2023-07-06T10:30:11+00:00\",\"mainEntityOfPage\":{\"@id\":\"https:\/\/www.public.sn\/index.php\/2023\/07\/06\/surete-urbaine-les-choses-se-compliquent-pour-birame-souleye-diop\/\"},\"wordCount\":202,\"commentCount\":0,\"publisher\":{\"@id\":\"https:\/\/www.public.sn\/#organization\"},\"image\":{\"@id\":\"https:\/\/www.public.sn\/index.php\/2023\/07\/06\/surete-urbaine-les-choses-se-compliquent-pour-birame-souleye-diop\/#primaryimage\"},\"thumbnailUrl\":\"https:\/\/www.public.sn\/wp-content\/uploads\/2022\/12\/birame.png\",\"keywords\":[\"birame souleye diop\",\"yaw\",\"yewwi askan wi\"],\"articleSection\":[\"ACTUALIT\u00c9S\",\"POLITIQUE\",\"S\u00c9CURIT\u00c9 &amp; JUSTICE\",\"S\u00c9N\u00c9GAL\",\"VEDETTE\"],\"inLanguage\":\"fr-FR\",\"potentialAction\":[{\"@type\":\"CommentAction\",\"name\":\"Comment\",\"target\":[\"https:\/\/www.public.sn\/index.php\/2023\/07\/06\/surete-urbaine-les-choses-se-compliquent-pour-birame-souleye-diop\/#respond\"]}]},{\"@type\":\"WebPage\",\"@id\":\"https:\/\/www.public.sn\/index.php\/2023\/07\/06\/surete-urbaine-les-choses-se-compliquent-pour-birame-souleye-diop\/\",\"url\":\"https:\/\/www.public.sn\/index.php\/2023\/07\/06\/surete-urbaine-les-choses-se-compliquent-pour-birame-souleye-diop\/\",\"name\":\"Suret\u00e9 urbaine : les choses se compliquent pour Birame Souleye Diop - LE PUBLIC\",\"isPartOf\":{\"@id\":\"https:\/\/www.public.sn\/#website\"},\"primaryImageOfPage\":{\"@id\":\"https:\/\/www.public.sn\/index.php\/2023\/07\/06\/surete-urbaine-les-choses-se-compliquent-pour-birame-souleye-diop\/#primaryimage\"},\"image\":{\"@id\":\"https:\/\/www.public.sn\/index.php\/2023\/07\/06\/surete-urbaine-les-choses-se-compliquent-pour-birame-souleye-diop\/#primaryimage\"},\"thumbnailUrl\":\"https:\/\/www.public.sn\/wp-content\/uploads\/2022\/12\/birame.png\",\"datePublished\":\"2023-07-06T10:30:11+00:00\",\"description\":\"Birame Soul\u00e8ye Diop a \u00e9t\u00e9 arr\u00eat\u00e9 hier et entendu par les enqu\u00eateurs de la S\u00fbret\u00e9 Urbaine. Le maire de la commune de Thi\u00e8s-Nord a \u00e9t\u00e9 interrog\u00e9 sur proc\u00e8s verbal de 21h30 \u00e0 00h55. Il a exprim\u00e9 des regrets quant \u00e0 ses d\u00e9clarations envers le chef de l\u2019\u00c9tat Macky Sall. Ainsi, Birame Soul\u00e8ye Diop a pr\u00e9sent\u00e9 ses excuses sinc\u00e8res devant les enqu\u00eateurs. Selon lui, il a commis une erreur linguistique.\",\"breadcrumb\":{\"@id\":\"https:\/\/www.public.sn\/index.php\/2023\/07\/06\/surete-urbaine-les-choses-se-compliquent-pour-birame-souleye-diop\/#breadcrumb\"},\"inLanguage\":\"fr-FR\",\"potentialAction\":[{\"@type\":\"ReadAction\",\"target\":[\"https:\/\/www.public.sn\/index.php\/2023\/07\/06\/surete-urbaine-les-choses-se-compliquent-pour-birame-souleye-diop\/\"]}]},{\"@type\":\"ImageObject\",\"inLanguage\":\"fr-FR\",\"@id\":\"https:\/\/www.public.sn\/index.php\/2023\/07\/06\/surete-urbaine-les-choses-se-compliquent-pour-birame-souleye-diop\/#primaryimage\",\"url\":\"https:\/\/www.public.sn\/wp-content\/uploads\/2022\/12\/birame.png\",\"contentUrl\":\"https:\/\/www.public.sn\/wp-content\/uploads\/2022\/12\/birame.png\",\"width\":905,\"height\":613},{\"@type\":\"BreadcrumbList\",\"@id\":\"https:\/\/www.public.sn\/index.php\/2023\/07\/06\/surete-urbaine-les-choses-se-compliquent-pour-birame-souleye-diop\/#breadcrumb\",\"itemListElement\":[{\"@type\":\"ListItem\",\"position\":1,\"name\":\"Accueil\",\"item\":\"https:\/\/www.public.sn\/\"},{\"@type\":\"ListItem\",\"position\":2,\"name\":\"Suret\u00e9 urbaine : les choses se compliquent pour Birame Souleye Diop\"}]},{\"@type\":\"WebSite\",\"@id\":\"https:\/\/www.public.sn\/#website\",\"url\":\"https:\/\/www.public.sn\/\",\"name\":\"LE PUBLIC\",\"description\":\"\",\"publisher\":{\"@id\":\"https:\/\/www.public.sn\/#organization\"},\"potentialAction\":[{\"@type\":\"SearchAction\",\"target\":{\"@type\":\"EntryPoint\",\"urlTemplate\":\"https:\/\/www.public.sn\/?s={search_term_string}\"},\"query-input\":{\"@type\":\"PropertyValueSpecification\",\"valueRequired\":true,\"valueName\":\"search_term_string\"}}],\"inLanguage\":\"fr-FR\"},{\"@type\":\"Organization\",\"@id\":\"https:\/\/www.public.sn\/#organization\",\"name\":\"LE PUBLIC\",\"url\":\"https:\/\/www.public.sn\/\",\"logo\":{\"@type\":\"ImageObject\",\"inLanguage\":\"fr-FR\",\"@id\":\"https:\/\/www.public.sn\/#\/schema\/logo\/image\/\",\"url\":\"https:\/\/www.public.sn\/wp-content\/uploads\/2024\/05\/cropped-LOGO-PUBLIC.SN_.png\",\"contentUrl\":\"https:\/\/www.public.sn\/wp-content\/uploads\/2024\/05\/cropped-LOGO-PUBLIC.SN_.png\",\"width\":682,\"height\":192,\"caption\":\"LE PUBLIC\"},\"image\":{\"@id\":\"https:\/\/www.public.sn\/#\/schema\/logo\/image\/\"}},{\"@type\":\"Person\",\"@id\":\"https:\/\/www.public.sn\/#\/schema\/person\/e3f4a11b037d4203902db148f9bc8d5a\",\"name\":\"LA REDACTION\",\"image\":{\"@type\":\"ImageObject\",\"inLanguage\":\"fr-FR\",\"@id\":\"https:\/\/www.public.sn\/#\/schema\/person\/image\/\",\"url\":\"https:\/\/secure.gravatar.com\/avatar\/d6c030db45db2883c075085c5d6c6258654a801a93766b49af0b82d4f454e2a5?s=96&d=mm&r=g\",\"contentUrl\":\"https:\/\/secure.gravatar.com\/avatar\/d6c030db45db2883c075085c5d6c6258654a801a93766b49af0b82d4f454e2a5?s=96&d=mm&r=g\",\"caption\":\"LA REDACTION\"},\"sameAs\":[\"http:\/\/www.public.sn\"],\"url\":\"https:\/\/www.public.sn\/index.php\/author\/admin7324\/\"}]}<\/script>\n<!-- \/ Yoast SEO plugin. -->","yoast_head_json":{"title":"Suret\u00e9 urbaine : les choses se compliquent pour Birame Souleye Diop - LE PUBLIC","description":"Birame Soul\u00e8ye Diop a \u00e9t\u00e9 arr\u00eat\u00e9 hier et entendu par les enqu\u00eateurs de la S\u00fbret\u00e9 Urbaine. Le maire de la commune de Thi\u00e8s-Nord a \u00e9t\u00e9 interrog\u00e9 sur proc\u00e8s verbal de 21h30 \u00e0 00h55. Il a exprim\u00e9 des regrets quant \u00e0 ses d\u00e9clarations envers le chef de l\u2019\u00c9tat Macky Sall. Ainsi, Birame Soul\u00e8ye Diop a pr\u00e9sent\u00e9 ses excuses sinc\u00e8res devant les enqu\u00eateurs. Selon lui, il a commis une erreur linguistique.","robots":{"index":"index","follow":"follow","max-snippet":"max-snippet:-1","max-image-preview":"max-image-preview:large","max-video-preview":"max-video-preview:-1"},"canonical":"https:\/\/www.public.sn\/index.php\/2023\/07\/06\/surete-urbaine-les-choses-se-compliquent-pour-birame-souleye-diop\/","og_locale":"fr_FR","og_type":"article","og_title":"Suret\u00e9 urbaine : les choses se compliquent pour Birame Souleye Diop - LE PUBLIC","og_description":"Birame Soul\u00e8ye Diop a \u00e9t\u00e9 arr\u00eat\u00e9 hier et entendu par les enqu\u00eateurs de la S\u00fbret\u00e9 Urbaine. Le maire de la commune de Thi\u00e8s-Nord a \u00e9t\u00e9 interrog\u00e9 sur proc\u00e8s verbal de 21h30 \u00e0 00h55. Il a exprim\u00e9 des regrets quant \u00e0 ses d\u00e9clarations envers le chef de l\u2019\u00c9tat Macky Sall. Ainsi, Birame Soul\u00e8ye Diop a pr\u00e9sent\u00e9 ses excuses sinc\u00e8res devant les enqu\u00eateurs. Selon lui, il a commis une erreur linguistique.","og_url":"https:\/\/www.public.sn\/index.php\/2023\/07\/06\/surete-urbaine-les-choses-se-compliquent-pour-birame-souleye-diop\/","og_site_name":"LE PUBLIC","article_published_time":"2023-07-06T10:30:11+00:00","og_image":[{"width":905,"height":613,"url":"https:\/\/www.public.sn\/wp-content\/uploads\/2022\/12\/birame.png","type":"image\/png"}],"author":"LA REDACTION","twitter_card":"summary_large_image","twitter_misc":{"\u00c9crit par":"LA REDACTION","Dur\u00e9e de lecture estim\u00e9e":"1 minute"},"schema":{"@context":"https:\/\/schema.org","@graph":[{"@type":"Article","@id":"https:\/\/www.public.sn\/index.php\/2023\/07\/06\/surete-urbaine-les-choses-se-compliquent-pour-birame-souleye-diop\/#article","isPartOf":{"@id":"https:\/\/www.public.sn\/index.php\/2023\/07\/06\/surete-urbaine-les-choses-se-compliquent-pour-birame-souleye-diop\/"},"author":{"name":"LA REDACTION","@id":"https:\/\/www.public.sn\/#\/schema\/person\/e3f4a11b037d4203902db148f9bc8d5a"},"headline":"Suret\u00e9 urbaine : les choses se compliquent pour Birame Souleye Diop","datePublished":"2023-07-06T10:30:11+00:00","mainEntityOfPage":{"@id":"https:\/\/www.public.sn\/index.php\/2023\/07\/06\/surete-urbaine-les-choses-se-compliquent-pour-birame-souleye-diop\/"},"wordCount":202,"commentCount":0,"publisher":{"@id":"https:\/\/www.public.sn\/#organization"},"image":{"@id":"https:\/\/www.public.sn\/index.php\/2023\/07\/06\/surete-urbaine-les-choses-se-compliquent-pour-birame-souleye-diop\/#primaryimage"},"thumbnailUrl":"https:\/\/www.public.sn\/wp-content\/uploads\/2022\/12\/birame.png","keywords":["birame souleye diop","yaw","yewwi askan wi"],"articleSection":["ACTUALIT\u00c9S","POLITIQUE","S\u00c9CURIT\u00c9 &amp; JUSTICE","S\u00c9N\u00c9GAL","VEDETTE"],"inLanguage":"fr-FR","potentialAction":[{"@type":"CommentAction","name":"Comment","target":["https:\/\/www.public.sn\/index.php\/2023\/07\/06\/surete-urbaine-les-choses-se-compliquent-pour-birame-souleye-diop\/#respond"]}]},{"@type":"WebPage","@id":"https:\/\/www.public.sn\/index.php\/2023\/07\/06\/surete-urbaine-les-choses-se-compliquent-pour-birame-souleye-diop\/","url":"https:\/\/www.public.sn\/index.php\/2023\/07\/06\/surete-urbaine-les-choses-se-compliquent-pour-birame-souleye-diop\/","name":"Suret\u00e9 urbaine : les choses se compliquent pour Birame Souleye Diop - LE PUBLIC","isPartOf":{"@id":"https:\/\/www.public.sn\/#website"},"primaryImageOfPage":{"@id":"https:\/\/www.public.sn\/index.php\/2023\/07\/06\/surete-urbaine-les-choses-se-compliquent-pour-birame-souleye-diop\/#primaryimage"},"image":{"@id":"https:\/\/www.public.sn\/index.php\/2023\/07\/06\/surete-urbaine-les-choses-se-compliquent-pour-birame-souleye-diop\/#primaryimage"},"thumbnailUrl":"https:\/\/www.public.sn\/wp-content\/uploads\/2022\/12\/birame.png","datePublished":"2023-07-06T10:30:11+00:00","description":"Birame Soul\u00e8ye Diop a \u00e9t\u00e9 arr\u00eat\u00e9 hier et entendu par les enqu\u00eateurs de la S\u00fbret\u00e9 Urbaine. Le maire de la commune de Thi\u00e8s-Nord a \u00e9t\u00e9 interrog\u00e9 sur proc\u00e8s verbal de 21h30 \u00e0 00h55. Il a exprim\u00e9 des regrets quant \u00e0 ses d\u00e9clarations envers le chef de l\u2019\u00c9tat Macky Sall. Ainsi, Birame Soul\u00e8ye Diop a pr\u00e9sent\u00e9 ses excuses sinc\u00e8res devant les enqu\u00eateurs. Selon lui, il a commis une erreur linguistique.","breadcrumb":{"@id":"https:\/\/www.public.sn\/index.php\/2023\/07\/06\/surete-urbaine-les-choses-se-compliquent-pour-birame-souleye-diop\/#breadcrumb"},"inLanguage":"fr-FR","potentialAction":[{"@type":"ReadAction","target":["https:\/\/www.public.sn\/index.php\/2023\/07\/06\/surete-urbaine-les-choses-se-compliquent-pour-birame-souleye-diop\/"]}]},{"@type":"ImageObject","inLanguage":"fr-FR","@id":"https:\/\/www.public.sn\/index.php\/2023\/07\/06\/surete-urbaine-les-choses-se-compliquent-pour-birame-souleye-diop\/#primaryimage","url":"https:\/\/www.public.sn\/wp-content\/uploads\/2022\/12\/birame.png","contentUrl":"https:\/\/www.public.sn\/wp-content\/uploads\/2022\/12\/birame.png","width":905,"height":613},{"@type":"BreadcrumbList","@id":"https:\/\/www.public.sn\/index.php\/2023\/07\/06\/surete-urbaine-les-choses-se-compliquent-pour-birame-souleye-diop\/#breadcrumb","itemListElement":[{"@type":"ListItem","position":1,"name":"Accueil","item":"https:\/\/www.public.sn\/"},{"@type":"ListItem","position":2,"name":"Suret\u00e9 urbaine : les choses se compliquent pour Birame Souleye Diop"}]},{"@type":"WebSite","@id":"https:\/\/www.public.sn\/#website","url":"https:\/\/www.public.sn\/","name":"LE PUBLIC","description":"","publisher":{"@id":"https:\/\/www.public.sn\/#organization"},"potentialAction":[{"@type":"SearchAction","target":{"@type":"EntryPoint","urlTemplate":"https:\/\/www.public.sn\/?s={search_term_string}"},"query-input":{"@type":"PropertyValueSpecification","valueRequired":true,"valueName":"search_term_string"}}],"inLanguage":"fr-FR"},{"@type":"Organization","@id":"https:\/\/www.public.sn\/#organization","name":"LE PUBLIC","url":"https:\/\/www.public.sn\/","logo":{"@type":"ImageObject","inLanguage":"fr-FR","@id":"https:\/\/www.public.sn\/#\/schema\/logo\/image\/","url":"https:\/\/www.public.sn\/wp-content\/uploads\/2024\/05\/cropped-LOGO-PUBLIC.SN_.png","contentUrl":"https:\/\/www.public.sn\/wp-content\/uploads\/2024\/05\/cropped-LOGO-PUBLIC.SN_.png","width":682,"height":192,"caption":"LE PUBLIC"},"image":{"@id":"https:\/\/www.public.sn\/#\/schema\/logo\/image\/"}},{"@type":"Person","@id":"https:\/\/www.public.sn\/#\/schema\/person\/e3f4a11b037d4203902db148f9bc8d5a","name":"LA REDACTION","image":{"@type":"ImageObject","inLanguage":"fr-FR","@id":"https:\/\/www.public.sn\/#\/schema\/person\/image\/","url":"https:\/\/secure.gravatar.com\/avatar\/d6c030db45db2883c075085c5d6c6258654a801a93766b49af0b82d4f454e2a5?s=96&d=mm&r=g","contentUrl":"https:\/\/secure.gravatar.com\/avatar\/d6c030db45db2883c075085c5d6c6258654a801a93766b49af0b82d4f454e2a5?s=96&d=mm&r=g","caption":"LA REDACTION"},"sameAs":["http:\/\/www.public.sn"],"url":"https:\/\/www.public.sn\/index.php\/author\/admin7324\/"}]}},"jetpack_featured_media_url":"https:\/\/www.public.sn\/wp-content\/uploads\/2022\/12\/birame.png","jetpack_sharing_enabled":true,"_links":{"self":[{"href":"https:\/\/www.public.sn\/index.php\/wp-json\/wp\/v2\/posts\/24556","targetHints":{"allow":["GET"]}}],"collection":[{"href":"https:\/\/www.public.sn\/index.php\/wp-json\/wp\/v2\/posts"}],"about":[{"href":"https:\/\/www.public.sn\/index.php\/wp-json\/wp\/v2\/types\/post"}],"author":[{"embeddable":true,"href":"https:\/\/www.public.sn\/index.php\/wp-json\/wp\/v2\/users\/1"}],"replies":[{"embeddable":true,"href":"https:\/\/www.public.sn\/index.php\/wp-json\/wp\/v2\/comments?post=24556"}],"version-history":[{"count":1,"href":"https:\/\/www.public.sn\/index.php\/wp-json\/wp\/v2\/posts\/24556\/revisions"}],"predecessor-version":[{"id":24557,"href":"https:\/\/www.public.sn\/index.php\/wp-json\/wp\/v2\/posts\/24556\/revisions\/24557"}],"wp:featuredmedia":[{"embeddable":true,"href":"https:\/\/www.public.sn\/index.php\/wp-json\/wp\/v2\/media\/12244"}],"wp:attachment":[{"href":"https:\/\/www.public.sn\/index.php\/wp-json\/wp\/v2\/media?parent=24556"}],"wp:term":[{"taxonomy":"category","embeddable":true,"href":"https:\/\/www.public.sn\/index.php\/wp-json\/wp\/v2\/categories?post=24556"},{"taxonomy":"post_tag","embeddable":true,"href":"https:\/\/www.public.sn\/index.php\/wp-json\/wp\/v2\/tags?post=24556"}],"curies":[{"name":"wp","href":"https:\/\/api.w.org\/{rel}","templated":true}]}}