{"id":24566,"date":"2023-07-06T12:38:40","date_gmt":"2023-07-06T12:38:40","guid":{"rendered":"https:\/\/www.public.sn\/?p=24566"},"modified":"2023-07-06T12:38:40","modified_gmt":"2023-07-06T12:38:40","slug":"sen-actualites-ce-jeudi-06-juillet-2023","status":"publish","type":"post","link":"https:\/\/www.public.sn\/index.php\/2023\/07\/06\/sen-actualites-ce-jeudi-06-juillet-2023\/","title":{"rendered":"SEN ACTUALITES ,CE JEUDI 06 JUILLET 2023"},"content":{"rendered":"<p><img fetchpriority=\"high\" decoding=\"async\" class=\"alignnone size-full wp-image-24567\" src=\"https:\/\/www.public.sn\/wp-content\/uploads\/2023\/07\/birame-souleye-diop-696x398-1-1.webp\" alt=\"\" width=\"696\" height=\"398\" srcset=\"https:\/\/www.public.sn\/wp-content\/uploads\/2023\/07\/birame-souleye-diop-696x398-1-1.webp 696w, https:\/\/www.public.sn\/wp-content\/uploads\/2023\/07\/birame-souleye-diop-696x398-1-1-600x343.webp 600w, https:\/\/www.public.sn\/wp-content\/uploads\/2023\/07\/birame-souleye-diop-696x398-1-1-300x172.webp 300w\" sizes=\"(max-width: 696px) 100vw, 696px\" \/><\/p>\n<blockquote>\n<h3><strong>\u00a0Biram Souley Diop plac\u00e9 en position de garde \u00e0 vue<\/strong><\/h3>\n<\/blockquote>\n<p>Les choses se corsent pour Biram Souley Diop. Le pr\u00e9sident du groupe parlementaire de Yewwi Askan Wi et non moins administrateur de Pastef Les Patriotes, a \u00e9t\u00e9 plac\u00e9 sous mandat de d\u00e9p\u00f4t \u00e0 la S\u00fbret\u00e9 urbaine ( Su) suite \u00e0 un soit transmis du Procureur de la R\u00e9publique.<\/p><div class=\"publi-paragraphe1\" style=\"margin-top: 10px;margin-bottom: 10px;margin-left: auto;margin-right: auto;text-align: center;\" id=\"publi-914760463\"><div class=\"publi-adlabel\">Publicit\u00e9<\/div><script async src=\"\/\/pagead2.googlesyndication.com\/pagead\/js\/adsbygoogle.js?client=ca-pub-4089586018074219\" crossorigin=\"anonymous\"><\/script><ins class=\"adsbygoogle\" style=\"display:block;\" data-ad-client=\"ca-pub-4089586018074219\" \ndata-ad-slot=\"2087940154\" \ndata-ad-format=\"auto\"><\/ins>\n<script> \n(adsbygoogle = window.adsbygoogle || []).push({}); \n<\/script>\n<\/div>\n<p>Il\u00a0est poursuivi pour diffamation commise par un membre de l\u2019Assembl\u00e9e nationale contre un chef d\u2019\u00c9tat \u00e9tranger de nature \u00e0 saper les relations diplomatiques de l\u2019\u00c9tat, discr\u00e9dit sur une institution de la R\u00e9publique\u00a0\u00bb, a fait savoir son avocat Me Moussa Sarr contact\u00e9 par PressAfrik.\u00a0A noter que Biram Souley Diop a pr\u00e9sent\u00e9 ses excuses publiquement ce mercredi apr\u00e8s son d\u00e9rapage mardi au cours de la Conf\u00e9rence de presse de Yewwi Askan Wi.<\/p>\n<blockquote>\n<h3><strong>Remaniement \u00e0 Pastef : Bassirou Diomaye Faye remplac\u00e9<\/strong><\/h3>\n<\/blockquote>\n<p>Le leader dudit parti, Ousmane Sonko, a proc\u00e9d\u00e9 \u00e0 de nouvelles nominations dans certaines postes. A cet effet, Ayib Daff\u00e9 est nomm\u00e9 Secr\u00e9taire g\u00e9n\u00e9ral. Il remplace \u00e0 ce poste Bassirou Diomaye Faye, actuellement en prison. L\u2019avocat Ngagne Demba Tour\u00e9 est nomm\u00e9 Coordonnateur des Jeunesses patriotiques en remplacement de Ibrahima Thiam nomm\u00e9 Secr\u00e9taire g\u00e9n\u00e9ral adjoint.<\/p>\n<p><img decoding=\"async\" class=\"alignnone size-full wp-image-24568\" src=\"https:\/\/www.public.sn\/wp-content\/uploads\/2023\/07\/pas1.webp\" alt=\"\" width=\"762\" height=\"1024\" srcset=\"https:\/\/www.public.sn\/wp-content\/uploads\/2023\/07\/pas1.webp 762w, https:\/\/www.public.sn\/wp-content\/uploads\/2023\/07\/pas1-600x806.webp 600w, https:\/\/www.public.sn\/wp-content\/uploads\/2023\/07\/pas1-223x300.webp 223w\" sizes=\"(max-width: 762px) 100vw, 762px\" \/><\/p>\n<p><img decoding=\"async\" class=\"alignnone size-full wp-image-24569\" src=\"https:\/\/www.public.sn\/wp-content\/uploads\/2023\/07\/pas2.webp\" alt=\"\" width=\"787\" height=\"1024\" srcset=\"https:\/\/www.public.sn\/wp-content\/uploads\/2023\/07\/pas2.webp 787w, https:\/\/www.public.sn\/wp-content\/uploads\/2023\/07\/pas2-600x781.webp 600w, https:\/\/www.public.sn\/wp-content\/uploads\/2023\/07\/pas2-231x300.webp 231w, https:\/\/www.public.sn\/wp-content\/uploads\/2023\/07\/pas2-768x999.webp 768w\" sizes=\"(max-width: 787px) 100vw, 787px\" \/><\/p>\n<p><img loading=\"lazy\" decoding=\"async\" class=\"alignnone size-full wp-image-24570\" src=\"https:\/\/www.public.sn\/wp-content\/uploads\/2023\/07\/Seydou-Gueye.webp\" alt=\"\" width=\"612\" height=\"298\" srcset=\"https:\/\/www.public.sn\/wp-content\/uploads\/2023\/07\/Seydou-Gueye.webp 612w, https:\/\/www.public.sn\/wp-content\/uploads\/2023\/07\/Seydou-Gueye-600x292.webp 600w, https:\/\/www.public.sn\/wp-content\/uploads\/2023\/07\/Seydou-Gueye-300x146.webp 300w\" sizes=\"(max-width: 612px) 100vw, 612px\" \/><\/p>\n<blockquote>\n<h3><strong>Candidature de Benno \u00e0 la pr\u00e9sidentielle 2024 : L\u2019APR donne carte blanche \u00e0 Macky<\/strong><\/h3>\n<\/blockquote>\n<p>Le Secr\u00e9tariat ex\u00e9cutif national de l\u2019APR a donn\u00e9 carte blanche au Pr\u00e9sident Macky Sall de proposer \u00e0 la coalition Benno Bokk Yaakar un candidat \u00e0 la pr\u00e9sidence du 25 f\u00e9vrier 2024.C\u2019est ce qui ressort de sa r\u00e9union tenue hier, mercredi au Palais en pr\u00e9sence du Chef de l\u2019\u00e9tat, rapporte nos confr\u00e8res de SudQuotidien.<\/p>\n<blockquote>\n<h3><strong>\u00a0Dialogue : Macky a fait adopter les projets de loi en conseil des ministres<\/strong><\/h3>\n<\/blockquote>\n<p>Le pr\u00e9sident de la R\u00e9publique, Macky Sall, vient de faire adopter, en conseil des ministres, les premiers textes dans la mise en \u0153uvre des conclusions du dialogue nationale. Ce mercredi, les projets de loi de r\u00e9vision de la constitution, de modification du code \u00e9lectoral ou encore du code p\u00e9nal, ont \u00e9t\u00e9 adopt\u00e9s en conseil des ministres, informe Igfm. Ci-dessous la liste compl\u00e8te des projets de texte en question.<\/p>\n<p>Le Conseil a examin\u00e9 et adopt\u00e9 les textes suivants :<br \/>\n\u25cf le projet de loi portant r\u00e9vision de la Constitution ;<br \/>\n\u25cf le projet de loi modifiant le Code \u00e9lectoral ;<br \/>\n\u25cf le projet de loi modifiant le Code p\u00e9nal ;<br \/>\n\u25cf le projet de loi abrogeant et rempla\u00e7ant l\u2019article 17 de la loi n\u00b0 62 \u2013 37 du 18 mai 1962 fixant le statut g\u00e9n\u00e9ral des officiers d\u2019active des Forces arm\u00e9es, modifi\u00e9e<\/p>\n<blockquote>\n<h3><strong>Macky exhorte \u00ab les acteurs p<\/strong><strong>olitiques \u00e0 cultiver le sens de La Nation S\u00e9n\u00e9galaise \u00bb<\/strong><\/h3>\n<\/blockquote>\n<p>Le pr\u00e9sident de la R\u00e9publique, Macky Sall, est largement revenu sur son adresse \u00e0 la Nation du lundi, au cours de laquelle il a annonc\u00e9 qu\u2019il ne sera pas candidat \u00e0 l\u2019\u00e9lection pr\u00e9sidentielle prochaine. En Conseil des ministres ce mercredi 5 juillet, le chef de l\u2019Etat a d\u00e9clar\u00e9 \u00e0 ses collaborateurs que son discours \u00ab\u00a0est une invite \u00e0 Prot\u00e9ger la Nation dans son Unit\u00e9, sa R\u00e9silience et son ambition de poursuivre son \u00e9lan d\u2019Emergence dans la paix, la stabilit\u00e9, la prosp\u00e9rit\u00e9 et la consolidation d\u2019un Etat de droit de r\u00e9f\u00e9rence\u00a0\u00bb.<\/p>\n<p>C\u2019est dans ce sens qu\u2019il \u00ab a exhort\u00e9 les acteurs politiques et les autres forces vives du pays, \u00e0 cultiver le sens de La Nation S\u00e9n\u00e9galaise ; \u00e0 asseoir l\u2019excellence de notre mod\u00e8le de soci\u00e9t\u00e9 d\u00e9mocratique ; et \u00e0 acc\u00e9l\u00e9rer la transformation structurelle de l\u2019\u00e9conomie nationale dans la dynamique de l\u2019exploitation prochaine des ressources nationales p\u00e9troli\u00e8res et gazi\u00e8res \u00bb.<\/p>\n<p>Par ailleurs, Macky Sall a remerci\u00e9 tous \u00ab les ministres qui, depuis 2012, ont servi l\u2019Etat \u00e0 ses c\u00f4t\u00e9s \u00bb. Avant de r\u00e9it\u00e9rer \u00e0 son gouvernement, qu\u2019il travaillera \u00ab sans rel\u00e2che, et jusqu\u2019au 02 avril 2024, pour Servir comme toujours le Peuple S\u00e9n\u00e9galais qui lui a fait confiance ces douze (12) derni\u00e8res ann\u00e9es \u00bb.<\/p>\n<p><strong>Actu internationale<\/strong><\/p>\n<blockquote>\n<ul>\n<li>\n<h3><strong>Tunisie : Des migrants africains chass\u00e9s de Sfax apr\u00e8s la mort d\u2019un Tunisien<\/strong><\/h3>\n<\/li>\n<\/ul>\n<\/blockquote>\n<p>es dizaines de migrants africains ont \u00e9t\u00e9 chass\u00e9s de la ville tunisienne de Sfax qui a connu une nouvelle nuit de violences apr\u00e8s la mort d\u2019un habitant dans des heurts, selon des t\u00e9moignages et des images diffus\u00e9es en ligne.<\/p>\n<p>Dans plusieurs quartiers de cette grande ville du centre-est de la Tunisie, des centaines d\u2019habitants se sont rassembl\u00e9s dans la nuit de mardi \u00e0 mercredi dans les rues r\u00e9clamant le d\u00e9part imm\u00e9diat de tous les migrants clandestins, selon un correspondant de l\u2019AFP sur place.<\/p>\n<p>Certains ont bloqu\u00e9 les rues et incendi\u00e9 des pneus pour exprimer leur col\u00e8re apr\u00e8s la mort d\u2019un habitant de 41 ans, poignard\u00e9 lors d\u2019affrontements tard lundi avec des migrants originaires d\u2019Afrique subsaharienne.<br \/>\nSur des vid\u00e9os diffus\u00e9es sur les r\u00e9seaux sociaux, on peut voir des agents de police chassant des dizaines de migrants de leur domicile sous les acclamations d\u2019habitants de la ville, avant de les faire monter dans des voitures de la police.<\/p>\n<div class=\"google-auto-placed ap_container\"><ins class=\"adsbygoogle adsbygoogle-noablate\" data-ad-format=\"auto\" data-ad-client=\"ca-pub-2484368898918038\" data-adsbygoogle-status=\"done\" data-ad-status=\"unfilled\"><\/p>\n<div id=\"aswift_5_host\" tabindex=\"0\" title=\"Advertisement\" aria-label=\"Advertisement\"><iframe id=\"aswift_5\" src=\"https:\/\/googleads.g.doubleclick.net\/pagead\/ads?client=ca-pub-2484368898918038&amp;output=html&amp;h=280&amp;adk=530012864&amp;adf=89155046&amp;pi=t.aa~a.626164903~i.45~rp.4&amp;w=667&amp;fwrn=4&amp;fwrnh=100&amp;lmt=1688645660&amp;num_ads=1&amp;rafmt=1&amp;armr=3&amp;sem=mc&amp;pwprc=7457929680&amp;ad_type=text_image&amp;format=667x280&amp;url=https%3A%2F%2Fcafeactu.com%2F2023%2F07%2F06%2Fsencafeactu-du-06-juillet-2023%2F&amp;fwr=0&amp;pra=3&amp;rh=167&amp;rw=667&amp;rpe=1&amp;resp_fmts=3&amp;wgl=1&amp;fa=27&amp;uach=WyJtYWNPUyIsIjEwLjE1LjciLCJ4ODYiLCIiLCIxMTQuMC41NzM1LjE5OCIsW10sMCxudWxsLCI2NCIsW1siTm90LkEvQnJhbmQiLCI4LjAuMC4wIl0sWyJDaHJvbWl1bSIsIjExNC4wLjU3MzUuMTk4Il0sWyJHb29nbGUgQ2hyb21lIiwiMTE0LjAuNTczNS4xOTgiXV0sMF0.&amp;dt=1688645660088&amp;bpp=1&amp;bdt=1876&amp;idt=1&amp;shv=r20230628&amp;mjsv=m202306280101&amp;ptt=9&amp;saldr=aa&amp;abxe=1&amp;cookie=ID%3D81377b72bb601c79-2240328523dd0074%3AT%3D1684249279%3ART%3D1688645648%3AS%3DALNI_MZvG4uZnUKl50ZLWZebjk_3COcIng&amp;gpic=UID%3D00000c17cc078aa5%3AT%3D1684249279%3ART%3D1688645648%3AS%3DALNI_MaSZoGKLhQ_kX_YPvGV75KB3IX2JA&amp;prev_fmts=0x0%2C250x209%2C667x280%2C667x280%2C667x280&amp;nras=5&amp;correlator=7432543618847&amp;frm=20&amp;pv=1&amp;ga_vid=1677678793.1684249280&amp;ga_sid=1688645659&amp;ga_hid=1884811244&amp;ga_fc=1&amp;ga_cid=1140921636.1688567875&amp;u_tz=0&amp;u_his=4&amp;u_h=1440&amp;u_w=2560&amp;u_ah=1440&amp;u_aw=2560&amp;u_cd=24&amp;u_sd=1&amp;dmc=8&amp;adx=773&amp;ady=6100&amp;biw=2545&amp;bih=1323&amp;scr_x=0&amp;scr_y=1639&amp;eid=44759837%2C44759876%2C44759927%2C44788441&amp;oid=2&amp;psts=ABnkTfC9Gu6ZnXn89QUu8XL8yfYrRKB46bcOQemB1XnlSbsZGrrGQFn8SqheHmxDP2M2I4orU0dDFiFltumq25PF8lKQEtWQ&amp;pvsid=4225265564695951&amp;tmod=2039069843&amp;uas=0&amp;nvt=1&amp;ref=https%3A%2F%2Fcafeactu.com%2F&amp;fc=1408&amp;brdim=0%2C0%2C0%2C0%2C2560%2C0%2C2560%2C1440%2C2560%2C1323&amp;vis=1&amp;rsz=%7C%7Cs%7C&amp;abl=NS&amp;fu=128&amp;bc=31&amp;ifi=6&amp;uci=a!6&amp;btvi=4&amp;fsb=1&amp;xpc=kliYas0z0F&amp;p=https%3A\/\/cafeactu.com&amp;dtd=120\" name=\"aswift_5\" width=\"667\" height=\"0\" frameborder=\"0\" marginwidth=\"0\" marginheight=\"0\" scrolling=\"no\" sandbox=\"allow-forms allow-popups allow-popups-to-escape-sandbox allow-same-origin allow-scripts allow-top-navigation-by-user-activation\" data-google-container-id=\"a!6\" data-google-query-id=\"CP-g8aWH-v8CFcrI5wMdn2UArQ\" data-load-complete=\"true\" data-mce-fragment=\"1\"><\/iframe><\/div>\n<p><\/ins><\/div>\n<p>D\u2019autres montraient des migrants \u00e0 m\u00eame le sol, les mains sur la t\u00eate, entour\u00e9s par des habitants munis de b\u00e2tons qui attendaient l\u2019arriv\u00e9e de la police.<\/p>\n<p>Sur la page Facebook du groupe local Sayeb Trottoir d\u00e9di\u00e9 \u00e0 la question de l\u2019immigration clandestine, Lazhar Neji, travaillant dans les urgences d\u2019un h\u00f4pital de Sfax, a d\u00e9plor\u00e9 \u00ab\u00a0une nuit inhumaine (\u2026) sanglante qui fait trembler\u00a0\u00bb.<\/p>\n<p>Selon lui, l\u2019h\u00f4pital a accueilli entre 30 et 40 migrants, dont des femmes et des enfants. \u00ab\u00a0Certains ont \u00e9t\u00e9 jet\u00e9s de terrasses, d\u2019autres agress\u00e9s par des sabres\u00a0\u00bb, a-t-il affirm\u00e9.<\/p>\n<div class=\"google-auto-placed ap_container\"><\/div>\n<div class=\"publi-apres-le-contenu\" style=\"margin-top: 10px;margin-bottom: 10px;margin-left: auto;margin-right: auto;text-align: center;\" id=\"publi-945898299\"><div class=\"publi-adlabel\">Publicit\u00e9<\/div><script async src=\"\/\/pagead2.googlesyndication.com\/pagead\/js\/adsbygoogle.js?client=ca-pub-4089586018074219\" crossorigin=\"anonymous\"><\/script><ins class=\"adsbygoogle\" style=\"display:block;\" data-ad-client=\"ca-pub-4089586018074219\" \ndata-ad-slot=\"2087940154\" \ndata-ad-format=\"auto\"><\/ins>\n<script> \n(adsbygoogle = window.adsbygoogle || []).push({}); \n<\/script>\n<\/div>","protected":false},"excerpt":{"rendered":"<p>\u00a0Biram Souley Diop plac\u00e9 en position de garde \u00e0 vue Les choses se corsent pour Biram Souley Diop. Le pr\u00e9sident du groupe parlementaire de Yewwi Askan Wi et non moins administrateur de Pastef Les Patriotes, a \u00e9t\u00e9 plac\u00e9 sous mandat de d\u00e9p\u00f4t \u00e0 la S\u00fbret\u00e9 urbaine ( Su) suite \u00e0 un soit transmis du Procureur de la R\u00e9publique. Il\u00a0est poursuivi pour diffamation commise par un membre de l\u2019Assembl\u00e9e nationale contre un chef d\u2019\u00c9tat \u00e9tranger de nature \u00e0 saper les relations diplomatiques de l\u2019\u00c9tat, discr\u00e9dit sur une institution de la R\u00e9publique\u00a0\u00bb, a fait savoir son avocat Me Moussa Sarr contact\u00e9 par PressAfrik.\u00a0A noter que Biram Souley Diop a pr\u00e9sent\u00e9 ses excuses publiquement ce mercredi apr\u00e8s son d\u00e9rapage mardi au cours de la Conf\u00e9rence de presse de Yewwi Askan Wi. Remaniement \u00e0 Pastef : Bassirou Diomaye Faye remplac\u00e9 Le leader dudit parti, Ousmane Sonko, a proc\u00e9d\u00e9 \u00e0 de nouvelles nominations dans certaines postes. A cet effet, Ayib Daff\u00e9 est nomm\u00e9 Secr\u00e9taire g\u00e9n\u00e9ral. Il remplace \u00e0 ce poste Bassirou Diomaye Faye, actuellement en prison. L\u2019avocat Ngagne Demba Tour\u00e9 est nomm\u00e9 Coordonnateur des Jeunesses patriotiques en remplacement de Ibrahima Thiam nomm\u00e9 Secr\u00e9taire g\u00e9n\u00e9ral adjoint. Candidature de Benno \u00e0 la pr\u00e9sidentielle 2024 : L\u2019APR donne carte blanche \u00e0 Macky Le Secr\u00e9tariat ex\u00e9cutif national de l\u2019APR a donn\u00e9 carte blanche au Pr\u00e9sident Macky Sall de proposer \u00e0 la coalition Benno Bokk Yaakar un candidat \u00e0 la pr\u00e9sidence du 25 f\u00e9vrier 2024.C\u2019est ce qui ressort de sa r\u00e9union tenue hier, mercredi au Palais en pr\u00e9sence du Chef de l\u2019\u00e9tat, rapporte nos confr\u00e8res de SudQuotidien. \u00a0Dialogue : Macky a fait adopter les projets de loi en conseil des ministres Le pr\u00e9sident de la R\u00e9publique, Macky Sall, vient de faire adopter, en conseil des ministres, les premiers textes dans la mise en \u0153uvre des conclusions du dialogue nationale. Ce mercredi, les projets de loi de r\u00e9vision de la constitution, de modification du code \u00e9lectoral ou encore du code p\u00e9nal, ont \u00e9t\u00e9 adopt\u00e9s en conseil des ministres, informe Igfm. Ci-dessous la liste compl\u00e8te des projets de texte en question. Le Conseil a examin\u00e9 et adopt\u00e9 les textes suivants : \u25cf le projet de loi portant r\u00e9vision de la Constitution ; \u25cf le projet de loi modifiant le Code \u00e9lectoral ; \u25cf le projet de loi modifiant le Code p\u00e9nal ; \u25cf le projet de loi abrogeant et rempla\u00e7ant l\u2019article 17 de la loi n\u00b0 62 \u2013 37 du 18 mai 1962 fixant le statut g\u00e9n\u00e9ral des officiers d\u2019active des Forces arm\u00e9es, modifi\u00e9e Macky exhorte \u00ab les acteurs politiques \u00e0 cultiver le sens de La Nation S\u00e9n\u00e9galaise \u00bb Le pr\u00e9sident de la R\u00e9publique, Macky Sall, est largement revenu sur son adresse \u00e0 la Nation du lundi, au cours de laquelle il a annonc\u00e9 qu\u2019il ne sera pas candidat \u00e0 l\u2019\u00e9lection pr\u00e9sidentielle prochaine. En Conseil des ministres ce mercredi 5 juillet, le chef de l\u2019Etat a d\u00e9clar\u00e9 \u00e0 ses collaborateurs que son discours \u00ab\u00a0est une invite \u00e0 Prot\u00e9ger la Nation dans son Unit\u00e9, sa R\u00e9silience et son ambition de poursuivre son \u00e9lan d\u2019Emergence dans la paix, la stabilit\u00e9, la prosp\u00e9rit\u00e9 et la consolidation d\u2019un Etat de droit de r\u00e9f\u00e9rence\u00a0\u00bb. C\u2019est dans ce sens qu\u2019il \u00ab a exhort\u00e9 les acteurs politiques et les autres forces vives du pays, \u00e0 cultiver le sens de La Nation S\u00e9n\u00e9galaise ; \u00e0 asseoir l\u2019excellence de notre mod\u00e8le de soci\u00e9t\u00e9 d\u00e9mocratique ; et \u00e0 acc\u00e9l\u00e9rer la transformation structurelle de l\u2019\u00e9conomie nationale dans la dynamique de l\u2019exploitation prochaine des ressources nationales p\u00e9troli\u00e8res et gazi\u00e8res \u00bb. Par ailleurs, Macky Sall a remerci\u00e9 tous \u00ab les ministres qui, depuis 2012, ont servi l\u2019Etat \u00e0 ses c\u00f4t\u00e9s \u00bb. Avant de r\u00e9it\u00e9rer \u00e0 son gouvernement, qu\u2019il travaillera \u00ab sans rel\u00e2che, et jusqu\u2019au 02 avril 2024, pour Servir comme toujours le Peuple S\u00e9n\u00e9galais qui lui a fait confiance ces douze (12) derni\u00e8res ann\u00e9es \u00bb. Actu internationale Tunisie : Des migrants africains chass\u00e9s de Sfax apr\u00e8s la mort d\u2019un Tunisien es dizaines de migrants africains ont \u00e9t\u00e9 chass\u00e9s de la ville tunisienne de Sfax qui a connu une nouvelle nuit de violences apr\u00e8s la mort d\u2019un habitant dans des heurts, selon des t\u00e9moignages et des images diffus\u00e9es en ligne. Dans plusieurs quartiers de cette grande ville du centre-est de la Tunisie, des centaines d\u2019habitants se sont rassembl\u00e9s dans la nuit de mardi \u00e0 mercredi dans les rues r\u00e9clamant le d\u00e9part imm\u00e9diat de tous les migrants clandestins, selon un correspondant de l\u2019AFP sur place. Certains ont bloqu\u00e9 les rues et incendi\u00e9 des pneus pour exprimer leur col\u00e8re apr\u00e8s la mort d\u2019un habitant de 41 ans, poignard\u00e9 lors d\u2019affrontements tard lundi avec des migrants originaires d\u2019Afrique subsaharienne. Sur des vid\u00e9os diffus\u00e9es sur les r\u00e9seaux sociaux, on peut voir des agents de police chassant des dizaines de migrants de leur domicile sous les acclamations d\u2019habitants de la ville, avant de les faire monter dans des voitures de la police. D\u2019autres montraient des migrants \u00e0 m\u00eame le sol, les mains sur la t\u00eate, entour\u00e9s par des habitants munis de b\u00e2tons qui attendaient l\u2019arriv\u00e9e de la police. Sur la page Facebook du groupe local Sayeb Trottoir d\u00e9di\u00e9 \u00e0 la question de l\u2019immigration clandestine, Lazhar Neji, travaillant dans les urgences d\u2019un h\u00f4pital de Sfax, a d\u00e9plor\u00e9 \u00ab\u00a0une nuit inhumaine (\u2026) sanglante qui fait trembler\u00a0\u00bb. Selon lui, l\u2019h\u00f4pital a accueilli entre 30 et 40 migrants, dont des femmes et des enfants. \u00ab\u00a0Certains ont \u00e9t\u00e9 jet\u00e9s de terrasses, d\u2019autres agress\u00e9s par des sabres\u00a0\u00bb, a-t-il affirm\u00e9.<\/p>\n","protected":false},"author":7,"featured_media":24567,"comment_status":"open","ping_status":"open","sticky":false,"template":"","format":"standard","meta":{"_jetpack_memberships_contains_paid_content":false,"footnotes":""},"categories":[375,3,844,372],"tags":[],"class_list":["post-24566","post","type-post","status-publish","format-standard","has-post-thumbnail","hentry","category-actualites","category-politique","category-revue-de-presse","category-vedette","entry","has-media","owp-thumbs-layout-horizontal","owp-btn-normal","owp-tabs-layout-horizontal","has-no-thumbnails","has-product-nav"],"yoast_head":"<!-- This site is optimized with the Yoast SEO plugin v25.5 - https:\/\/yoast.com\/wordpress\/plugins\/seo\/ -->\n<title>SEN ACTUALITES ,CE JEUDI 06 JUILLET 2023 - LE PUBLIC<\/title>\n<meta name=\"robots\" content=\"index, follow, max-snippet:-1, max-image-preview:large, max-video-preview:-1\" \/>\n<link rel=\"canonical\" href=\"https:\/\/www.public.sn\/index.php\/2023\/07\/06\/sen-actualites-ce-jeudi-06-juillet-2023\/\" \/>\n<meta property=\"og:locale\" content=\"fr_FR\" \/>\n<meta property=\"og:type\" content=\"article\" \/>\n<meta property=\"og:title\" content=\"SEN ACTUALITES ,CE JEUDI 06 JUILLET 2023 - LE PUBLIC\" \/>\n<meta property=\"og:description\" content=\"\u00a0Biram Souley Diop plac\u00e9 en position de garde \u00e0 vue Les choses se corsent pour Biram Souley Diop. Le pr\u00e9sident du groupe parlementaire de Yewwi Askan Wi et non moins administrateur de Pastef Les Patriotes, a \u00e9t\u00e9 plac\u00e9 sous mandat de d\u00e9p\u00f4t \u00e0 la S\u00fbret\u00e9 urbaine ( Su) suite \u00e0 un soit transmis du Procureur de la R\u00e9publique. Il\u00a0est poursuivi pour diffamation commise par un membre de l\u2019Assembl\u00e9e nationale contre un chef d\u2019\u00c9tat \u00e9tranger de nature \u00e0 saper les relations diplomatiques de l\u2019\u00c9tat, discr\u00e9dit sur une institution de la R\u00e9publique\u00a0\u00bb, a fait savoir son avocat Me Moussa Sarr contact\u00e9 par PressAfrik.\u00a0A noter que Biram Souley Diop a pr\u00e9sent\u00e9 ses excuses publiquement ce mercredi apr\u00e8s son d\u00e9rapage mardi au cours de la Conf\u00e9rence de presse de Yewwi Askan Wi. Remaniement \u00e0 Pastef : Bassirou Diomaye Faye remplac\u00e9 Le leader dudit parti, Ousmane Sonko, a proc\u00e9d\u00e9 \u00e0 de nouvelles nominations dans certaines postes. A cet effet, Ayib Daff\u00e9 est nomm\u00e9 Secr\u00e9taire g\u00e9n\u00e9ral. Il remplace \u00e0 ce poste Bassirou Diomaye Faye, actuellement en prison. L\u2019avocat Ngagne Demba Tour\u00e9 est nomm\u00e9 Coordonnateur des Jeunesses patriotiques en remplacement de Ibrahima Thiam nomm\u00e9 Secr\u00e9taire g\u00e9n\u00e9ral adjoint. Candidature de Benno \u00e0 la pr\u00e9sidentielle 2024 : L\u2019APR donne carte blanche \u00e0 Macky Le Secr\u00e9tariat ex\u00e9cutif national de l\u2019APR a donn\u00e9 carte blanche au Pr\u00e9sident Macky Sall de proposer \u00e0 la coalition Benno Bokk Yaakar un candidat \u00e0 la pr\u00e9sidence du 25 f\u00e9vrier 2024.C\u2019est ce qui ressort de sa r\u00e9union tenue hier, mercredi au Palais en pr\u00e9sence du Chef de l\u2019\u00e9tat, rapporte nos confr\u00e8res de SudQuotidien. \u00a0Dialogue : Macky a fait adopter les projets de loi en conseil des ministres Le pr\u00e9sident de la R\u00e9publique, Macky Sall, vient de faire adopter, en conseil des ministres, les premiers textes dans la mise en \u0153uvre des conclusions du dialogue nationale. Ce mercredi, les projets de loi de r\u00e9vision de la constitution, de modification du code \u00e9lectoral ou encore du code p\u00e9nal, ont \u00e9t\u00e9 adopt\u00e9s en conseil des ministres, informe Igfm. Ci-dessous la liste compl\u00e8te des projets de texte en question. Le Conseil a examin\u00e9 et adopt\u00e9 les textes suivants : \u25cf le projet de loi portant r\u00e9vision de la Constitution ; \u25cf le projet de loi modifiant le Code \u00e9lectoral ; \u25cf le projet de loi modifiant le Code p\u00e9nal ; \u25cf le projet de loi abrogeant et rempla\u00e7ant l\u2019article 17 de la loi n\u00b0 62 \u2013 37 du 18 mai 1962 fixant le statut g\u00e9n\u00e9ral des officiers d\u2019active des Forces arm\u00e9es, modifi\u00e9e Macky exhorte \u00ab les acteurs politiques \u00e0 cultiver le sens de La Nation S\u00e9n\u00e9galaise \u00bb Le pr\u00e9sident de la R\u00e9publique, Macky Sall, est largement revenu sur son adresse \u00e0 la Nation du lundi, au cours de laquelle il a annonc\u00e9 qu\u2019il ne sera pas candidat \u00e0 l\u2019\u00e9lection pr\u00e9sidentielle prochaine. En Conseil des ministres ce mercredi 5 juillet, le chef de l\u2019Etat a d\u00e9clar\u00e9 \u00e0 ses collaborateurs que son discours \u00ab\u00a0est une invite \u00e0 Prot\u00e9ger la Nation dans son Unit\u00e9, sa R\u00e9silience et son ambition de poursuivre son \u00e9lan d\u2019Emergence dans la paix, la stabilit\u00e9, la prosp\u00e9rit\u00e9 et la consolidation d\u2019un Etat de droit de r\u00e9f\u00e9rence\u00a0\u00bb. C\u2019est dans ce sens qu\u2019il \u00ab a exhort\u00e9 les acteurs politiques et les autres forces vives du pays, \u00e0 cultiver le sens de La Nation S\u00e9n\u00e9galaise ; \u00e0 asseoir l\u2019excellence de notre mod\u00e8le de soci\u00e9t\u00e9 d\u00e9mocratique ; et \u00e0 acc\u00e9l\u00e9rer la transformation structurelle de l\u2019\u00e9conomie nationale dans la dynamique de l\u2019exploitation prochaine des ressources nationales p\u00e9troli\u00e8res et gazi\u00e8res \u00bb. Par ailleurs, Macky Sall a remerci\u00e9 tous \u00ab les ministres qui, depuis 2012, ont servi l\u2019Etat \u00e0 ses c\u00f4t\u00e9s \u00bb. Avant de r\u00e9it\u00e9rer \u00e0 son gouvernement, qu\u2019il travaillera \u00ab sans rel\u00e2che, et jusqu\u2019au 02 avril 2024, pour Servir comme toujours le Peuple S\u00e9n\u00e9galais qui lui a fait confiance ces douze (12) derni\u00e8res ann\u00e9es \u00bb. Actu internationale Tunisie : Des migrants africains chass\u00e9s de Sfax apr\u00e8s la mort d\u2019un Tunisien es dizaines de migrants africains ont \u00e9t\u00e9 chass\u00e9s de la ville tunisienne de Sfax qui a connu une nouvelle nuit de violences apr\u00e8s la mort d\u2019un habitant dans des heurts, selon des t\u00e9moignages et des images diffus\u00e9es en ligne. Dans plusieurs quartiers de cette grande ville du centre-est de la Tunisie, des centaines d\u2019habitants se sont rassembl\u00e9s dans la nuit de mardi \u00e0 mercredi dans les rues r\u00e9clamant le d\u00e9part imm\u00e9diat de tous les migrants clandestins, selon un correspondant de l\u2019AFP sur place. Certains ont bloqu\u00e9 les rues et incendi\u00e9 des pneus pour exprimer leur col\u00e8re apr\u00e8s la mort d\u2019un habitant de 41 ans, poignard\u00e9 lors d\u2019affrontements tard lundi avec des migrants originaires d\u2019Afrique subsaharienne. Sur des vid\u00e9os diffus\u00e9es sur les r\u00e9seaux sociaux, on peut voir des agents de police chassant des dizaines de migrants de leur domicile sous les acclamations d\u2019habitants de la ville, avant de les faire monter dans des voitures de la police. D\u2019autres montraient des migrants \u00e0 m\u00eame le sol, les mains sur la t\u00eate, entour\u00e9s par des habitants munis de b\u00e2tons qui attendaient l\u2019arriv\u00e9e de la police. Sur la page Facebook du groupe local Sayeb Trottoir d\u00e9di\u00e9 \u00e0 la question de l\u2019immigration clandestine, Lazhar Neji, travaillant dans les urgences d\u2019un h\u00f4pital de Sfax, a d\u00e9plor\u00e9 \u00ab\u00a0une nuit inhumaine (\u2026) sanglante qui fait trembler\u00a0\u00bb. Selon lui, l\u2019h\u00f4pital a accueilli entre 30 et 40 migrants, dont des femmes et des enfants. \u00ab\u00a0Certains ont \u00e9t\u00e9 jet\u00e9s de terrasses, d\u2019autres agress\u00e9s par des sabres\u00a0\u00bb, a-t-il affirm\u00e9.\" \/>\n<meta property=\"og:url\" content=\"https:\/\/www.public.sn\/index.php\/2023\/07\/06\/sen-actualites-ce-jeudi-06-juillet-2023\/\" \/>\n<meta property=\"og:site_name\" content=\"LE PUBLIC\" \/>\n<meta property=\"article:published_time\" content=\"2023-07-06T12:38:40+00:00\" \/>\n<meta property=\"og:image\" content=\"https:\/\/www.public.sn\/wp-content\/uploads\/2023\/07\/birame-souleye-diop-696x398-1-1.webp\" \/>\n\t<meta property=\"og:image:width\" content=\"696\" \/>\n\t<meta property=\"og:image:height\" content=\"398\" \/>\n\t<meta property=\"og:image:type\" content=\"image\/webp\" \/>\n<meta name=\"author\" content=\"LA REDACTION\" \/>\n<meta name=\"twitter:card\" content=\"summary_large_image\" \/>\n<meta name=\"twitter:label1\" content=\"\u00c9crit par\" \/>\n\t<meta name=\"twitter:data1\" content=\"LA REDACTION\" \/>\n\t<meta name=\"twitter:label2\" content=\"Dur\u00e9e de lecture estim\u00e9e\" \/>\n\t<meta name=\"twitter:data2\" content=\"5 minutes\" \/>\n<script type=\"application\/ld+json\" class=\"yoast-schema-graph\">{\"@context\":\"https:\/\/schema.org\",\"@graph\":[{\"@type\":\"Article\",\"@id\":\"https:\/\/www.public.sn\/index.php\/2023\/07\/06\/sen-actualites-ce-jeudi-06-juillet-2023\/#article\",\"isPartOf\":{\"@id\":\"https:\/\/www.public.sn\/index.php\/2023\/07\/06\/sen-actualites-ce-jeudi-06-juillet-2023\/\"},\"author\":{\"name\":\"LA REDACTION\",\"@id\":\"https:\/\/www.public.sn\/#\/schema\/person\/cb76c8e1b8becc6be61fb5e92d6d0224\"},\"headline\":\"SEN ACTUALITES ,CE JEUDI 06 JUILLET 2023\",\"datePublished\":\"2023-07-06T12:38:40+00:00\",\"mainEntityOfPage\":{\"@id\":\"https:\/\/www.public.sn\/index.php\/2023\/07\/06\/sen-actualites-ce-jeudi-06-juillet-2023\/\"},\"wordCount\":970,\"commentCount\":0,\"publisher\":{\"@id\":\"https:\/\/www.public.sn\/#organization\"},\"image\":{\"@id\":\"https:\/\/www.public.sn\/index.php\/2023\/07\/06\/sen-actualites-ce-jeudi-06-juillet-2023\/#primaryimage\"},\"thumbnailUrl\":\"https:\/\/www.public.sn\/wp-content\/uploads\/2023\/07\/birame-souleye-diop-696x398-1-1.webp\",\"articleSection\":[\"ACTUALIT\u00c9S\",\"POLITIQUE\",\"REVUE DE PRESSE\",\"VEDETTE\"],\"inLanguage\":\"fr-FR\",\"potentialAction\":[{\"@type\":\"CommentAction\",\"name\":\"Comment\",\"target\":[\"https:\/\/www.public.sn\/index.php\/2023\/07\/06\/sen-actualites-ce-jeudi-06-juillet-2023\/#respond\"]}]},{\"@type\":\"WebPage\",\"@id\":\"https:\/\/www.public.sn\/index.php\/2023\/07\/06\/sen-actualites-ce-jeudi-06-juillet-2023\/\",\"url\":\"https:\/\/www.public.sn\/index.php\/2023\/07\/06\/sen-actualites-ce-jeudi-06-juillet-2023\/\",\"name\":\"SEN ACTUALITES ,CE JEUDI 06 JUILLET 2023 - LE PUBLIC\",\"isPartOf\":{\"@id\":\"https:\/\/www.public.sn\/#website\"},\"primaryImageOfPage\":{\"@id\":\"https:\/\/www.public.sn\/index.php\/2023\/07\/06\/sen-actualites-ce-jeudi-06-juillet-2023\/#primaryimage\"},\"image\":{\"@id\":\"https:\/\/www.public.sn\/index.php\/2023\/07\/06\/sen-actualites-ce-jeudi-06-juillet-2023\/#primaryimage\"},\"thumbnailUrl\":\"https:\/\/www.public.sn\/wp-content\/uploads\/2023\/07\/birame-souleye-diop-696x398-1-1.webp\",\"datePublished\":\"2023-07-06T12:38:40+00:00\",\"breadcrumb\":{\"@id\":\"https:\/\/www.public.sn\/index.php\/2023\/07\/06\/sen-actualites-ce-jeudi-06-juillet-2023\/#breadcrumb\"},\"inLanguage\":\"fr-FR\",\"potentialAction\":[{\"@type\":\"ReadAction\",\"target\":[\"https:\/\/www.public.sn\/index.php\/2023\/07\/06\/sen-actualites-ce-jeudi-06-juillet-2023\/\"]}]},{\"@type\":\"ImageObject\",\"inLanguage\":\"fr-FR\",\"@id\":\"https:\/\/www.public.sn\/index.php\/2023\/07\/06\/sen-actualites-ce-jeudi-06-juillet-2023\/#primaryimage\",\"url\":\"https:\/\/www.public.sn\/wp-content\/uploads\/2023\/07\/birame-souleye-diop-696x398-1-1.webp\",\"contentUrl\":\"https:\/\/www.public.sn\/wp-content\/uploads\/2023\/07\/birame-souleye-diop-696x398-1-1.webp\",\"width\":696,\"height\":398},{\"@type\":\"BreadcrumbList\",\"@id\":\"https:\/\/www.public.sn\/index.php\/2023\/07\/06\/sen-actualites-ce-jeudi-06-juillet-2023\/#breadcrumb\",\"itemListElement\":[{\"@type\":\"ListItem\",\"position\":1,\"name\":\"Accueil\",\"item\":\"https:\/\/www.public.sn\/\"},{\"@type\":\"ListItem\",\"position\":2,\"name\":\"SEN ACTUALITES ,CE JEUDI 06 JUILLET 2023\"}]},{\"@type\":\"WebSite\",\"@id\":\"https:\/\/www.public.sn\/#website\",\"url\":\"https:\/\/www.public.sn\/\",\"name\":\"LE PUBLIC\",\"description\":\"\",\"publisher\":{\"@id\":\"https:\/\/www.public.sn\/#organization\"},\"potentialAction\":[{\"@type\":\"SearchAction\",\"target\":{\"@type\":\"EntryPoint\",\"urlTemplate\":\"https:\/\/www.public.sn\/?s={search_term_string}\"},\"query-input\":{\"@type\":\"PropertyValueSpecification\",\"valueRequired\":true,\"valueName\":\"search_term_string\"}}],\"inLanguage\":\"fr-FR\"},{\"@type\":\"Organization\",\"@id\":\"https:\/\/www.public.sn\/#organization\",\"name\":\"LE PUBLIC\",\"url\":\"https:\/\/www.public.sn\/\",\"logo\":{\"@type\":\"ImageObject\",\"inLanguage\":\"fr-FR\",\"@id\":\"https:\/\/www.public.sn\/#\/schema\/logo\/image\/\",\"url\":\"https:\/\/www.public.sn\/wp-content\/uploads\/2024\/05\/cropped-LOGO-PUBLIC.SN_.png\",\"contentUrl\":\"https:\/\/www.public.sn\/wp-content\/uploads\/2024\/05\/cropped-LOGO-PUBLIC.SN_.png\",\"width\":682,\"height\":192,\"caption\":\"LE PUBLIC\"},\"image\":{\"@id\":\"https:\/\/www.public.sn\/#\/schema\/logo\/image\/\"}},{\"@type\":\"Person\",\"@id\":\"https:\/\/www.public.sn\/#\/schema\/person\/cb76c8e1b8becc6be61fb5e92d6d0224\",\"name\":\"LA REDACTION\",\"image\":{\"@type\":\"ImageObject\",\"inLanguage\":\"fr-FR\",\"@id\":\"https:\/\/www.public.sn\/#\/schema\/person\/image\/\",\"url\":\"https:\/\/secure.gravatar.com\/avatar\/2dce5ddd34b8fef0180efe03aa2a9bee7d953856048f9a16b298190a3178407c?s=96&d=mm&r=g\",\"contentUrl\":\"https:\/\/secure.gravatar.com\/avatar\/2dce5ddd34b8fef0180efe03aa2a9bee7d953856048f9a16b298190a3178407c?s=96&d=mm&r=g\",\"caption\":\"LA REDACTION\"},\"url\":\"https:\/\/www.public.sn\/index.php\/author\/editeurpsn\/\"}]}<\/script>\n<!-- \/ Yoast SEO plugin. -->","yoast_head_json":{"title":"SEN ACTUALITES ,CE JEUDI 06 JUILLET 2023 - LE PUBLIC","robots":{"index":"index","follow":"follow","max-snippet":"max-snippet:-1","max-image-preview":"max-image-preview:large","max-video-preview":"max-video-preview:-1"},"canonical":"https:\/\/www.public.sn\/index.php\/2023\/07\/06\/sen-actualites-ce-jeudi-06-juillet-2023\/","og_locale":"fr_FR","og_type":"article","og_title":"SEN ACTUALITES ,CE JEUDI 06 JUILLET 2023 - LE PUBLIC","og_description":"\u00a0Biram Souley Diop plac\u00e9 en position de garde \u00e0 vue Les choses se corsent pour Biram Souley Diop. Le pr\u00e9sident du groupe parlementaire de Yewwi Askan Wi et non moins administrateur de Pastef Les Patriotes, a \u00e9t\u00e9 plac\u00e9 sous mandat de d\u00e9p\u00f4t \u00e0 la S\u00fbret\u00e9 urbaine ( Su) suite \u00e0 un soit transmis du Procureur de la R\u00e9publique. Il\u00a0est poursuivi pour diffamation commise par un membre de l\u2019Assembl\u00e9e nationale contre un chef d\u2019\u00c9tat \u00e9tranger de nature \u00e0 saper les relations diplomatiques de l\u2019\u00c9tat, discr\u00e9dit sur une institution de la R\u00e9publique\u00a0\u00bb, a fait savoir son avocat Me Moussa Sarr contact\u00e9 par PressAfrik.\u00a0A noter que Biram Souley Diop a pr\u00e9sent\u00e9 ses excuses publiquement ce mercredi apr\u00e8s son d\u00e9rapage mardi au cours de la Conf\u00e9rence de presse de Yewwi Askan Wi. Remaniement \u00e0 Pastef : Bassirou Diomaye Faye remplac\u00e9 Le leader dudit parti, Ousmane Sonko, a proc\u00e9d\u00e9 \u00e0 de nouvelles nominations dans certaines postes. A cet effet, Ayib Daff\u00e9 est nomm\u00e9 Secr\u00e9taire g\u00e9n\u00e9ral. Il remplace \u00e0 ce poste Bassirou Diomaye Faye, actuellement en prison. L\u2019avocat Ngagne Demba Tour\u00e9 est nomm\u00e9 Coordonnateur des Jeunesses patriotiques en remplacement de Ibrahima Thiam nomm\u00e9 Secr\u00e9taire g\u00e9n\u00e9ral adjoint. Candidature de Benno \u00e0 la pr\u00e9sidentielle 2024 : L\u2019APR donne carte blanche \u00e0 Macky Le Secr\u00e9tariat ex\u00e9cutif national de l\u2019APR a donn\u00e9 carte blanche au Pr\u00e9sident Macky Sall de proposer \u00e0 la coalition Benno Bokk Yaakar un candidat \u00e0 la pr\u00e9sidence du 25 f\u00e9vrier 2024.C\u2019est ce qui ressort de sa r\u00e9union tenue hier, mercredi au Palais en pr\u00e9sence du Chef de l\u2019\u00e9tat, rapporte nos confr\u00e8res de SudQuotidien. \u00a0Dialogue : Macky a fait adopter les projets de loi en conseil des ministres Le pr\u00e9sident de la R\u00e9publique, Macky Sall, vient de faire adopter, en conseil des ministres, les premiers textes dans la mise en \u0153uvre des conclusions du dialogue nationale. Ce mercredi, les projets de loi de r\u00e9vision de la constitution, de modification du code \u00e9lectoral ou encore du code p\u00e9nal, ont \u00e9t\u00e9 adopt\u00e9s en conseil des ministres, informe Igfm. Ci-dessous la liste compl\u00e8te des projets de texte en question. Le Conseil a examin\u00e9 et adopt\u00e9 les textes suivants : \u25cf le projet de loi portant r\u00e9vision de la Constitution ; \u25cf le projet de loi modifiant le Code \u00e9lectoral ; \u25cf le projet de loi modifiant le Code p\u00e9nal ; \u25cf le projet de loi abrogeant et rempla\u00e7ant l\u2019article 17 de la loi n\u00b0 62 \u2013 37 du 18 mai 1962 fixant le statut g\u00e9n\u00e9ral des officiers d\u2019active des Forces arm\u00e9es, modifi\u00e9e Macky exhorte \u00ab les acteurs politiques \u00e0 cultiver le sens de La Nation S\u00e9n\u00e9galaise \u00bb Le pr\u00e9sident de la R\u00e9publique, Macky Sall, est largement revenu sur son adresse \u00e0 la Nation du lundi, au cours de laquelle il a annonc\u00e9 qu\u2019il ne sera pas candidat \u00e0 l\u2019\u00e9lection pr\u00e9sidentielle prochaine. En Conseil des ministres ce mercredi 5 juillet, le chef de l\u2019Etat a d\u00e9clar\u00e9 \u00e0 ses collaborateurs que son discours \u00ab\u00a0est une invite \u00e0 Prot\u00e9ger la Nation dans son Unit\u00e9, sa R\u00e9silience et son ambition de poursuivre son \u00e9lan d\u2019Emergence dans la paix, la stabilit\u00e9, la prosp\u00e9rit\u00e9 et la consolidation d\u2019un Etat de droit de r\u00e9f\u00e9rence\u00a0\u00bb. C\u2019est dans ce sens qu\u2019il \u00ab a exhort\u00e9 les acteurs politiques et les autres forces vives du pays, \u00e0 cultiver le sens de La Nation S\u00e9n\u00e9galaise ; \u00e0 asseoir l\u2019excellence de notre mod\u00e8le de soci\u00e9t\u00e9 d\u00e9mocratique ; et \u00e0 acc\u00e9l\u00e9rer la transformation structurelle de l\u2019\u00e9conomie nationale dans la dynamique de l\u2019exploitation prochaine des ressources nationales p\u00e9troli\u00e8res et gazi\u00e8res \u00bb. Par ailleurs, Macky Sall a remerci\u00e9 tous \u00ab les ministres qui, depuis 2012, ont servi l\u2019Etat \u00e0 ses c\u00f4t\u00e9s \u00bb. Avant de r\u00e9it\u00e9rer \u00e0 son gouvernement, qu\u2019il travaillera \u00ab sans rel\u00e2che, et jusqu\u2019au 02 avril 2024, pour Servir comme toujours le Peuple S\u00e9n\u00e9galais qui lui a fait confiance ces douze (12) derni\u00e8res ann\u00e9es \u00bb. Actu internationale Tunisie : Des migrants africains chass\u00e9s de Sfax apr\u00e8s la mort d\u2019un Tunisien es dizaines de migrants africains ont \u00e9t\u00e9 chass\u00e9s de la ville tunisienne de Sfax qui a connu une nouvelle nuit de violences apr\u00e8s la mort d\u2019un habitant dans des heurts, selon des t\u00e9moignages et des images diffus\u00e9es en ligne. Dans plusieurs quartiers de cette grande ville du centre-est de la Tunisie, des centaines d\u2019habitants se sont rassembl\u00e9s dans la nuit de mardi \u00e0 mercredi dans les rues r\u00e9clamant le d\u00e9part imm\u00e9diat de tous les migrants clandestins, selon un correspondant de l\u2019AFP sur place. Certains ont bloqu\u00e9 les rues et incendi\u00e9 des pneus pour exprimer leur col\u00e8re apr\u00e8s la mort d\u2019un habitant de 41 ans, poignard\u00e9 lors d\u2019affrontements tard lundi avec des migrants originaires d\u2019Afrique subsaharienne. Sur des vid\u00e9os diffus\u00e9es sur les r\u00e9seaux sociaux, on peut voir des agents de police chassant des dizaines de migrants de leur domicile sous les acclamations d\u2019habitants de la ville, avant de les faire monter dans des voitures de la police. D\u2019autres montraient des migrants \u00e0 m\u00eame le sol, les mains sur la t\u00eate, entour\u00e9s par des habitants munis de b\u00e2tons qui attendaient l\u2019arriv\u00e9e de la police. Sur la page Facebook du groupe local Sayeb Trottoir d\u00e9di\u00e9 \u00e0 la question de l\u2019immigration clandestine, Lazhar Neji, travaillant dans les urgences d\u2019un h\u00f4pital de Sfax, a d\u00e9plor\u00e9 \u00ab\u00a0une nuit inhumaine (\u2026) sanglante qui fait trembler\u00a0\u00bb. Selon lui, l\u2019h\u00f4pital a accueilli entre 30 et 40 migrants, dont des femmes et des enfants. \u00ab\u00a0Certains ont \u00e9t\u00e9 jet\u00e9s de terrasses, d\u2019autres agress\u00e9s par des sabres\u00a0\u00bb, a-t-il affirm\u00e9.","og_url":"https:\/\/www.public.sn\/index.php\/2023\/07\/06\/sen-actualites-ce-jeudi-06-juillet-2023\/","og_site_name":"LE PUBLIC","article_published_time":"2023-07-06T12:38:40+00:00","og_image":[{"width":696,"height":398,"url":"https:\/\/www.public.sn\/wp-content\/uploads\/2023\/07\/birame-souleye-diop-696x398-1-1.webp","type":"image\/webp"}],"author":"LA REDACTION","twitter_card":"summary_large_image","twitter_misc":{"\u00c9crit par":"LA REDACTION","Dur\u00e9e de lecture estim\u00e9e":"5 minutes"},"schema":{"@context":"https:\/\/schema.org","@graph":[{"@type":"Article","@id":"https:\/\/www.public.sn\/index.php\/2023\/07\/06\/sen-actualites-ce-jeudi-06-juillet-2023\/#article","isPartOf":{"@id":"https:\/\/www.public.sn\/index.php\/2023\/07\/06\/sen-actualites-ce-jeudi-06-juillet-2023\/"},"author":{"name":"LA REDACTION","@id":"https:\/\/www.public.sn\/#\/schema\/person\/cb76c8e1b8becc6be61fb5e92d6d0224"},"headline":"SEN ACTUALITES ,CE JEUDI 06 JUILLET 2023","datePublished":"2023-07-06T12:38:40+00:00","mainEntityOfPage":{"@id":"https:\/\/www.public.sn\/index.php\/2023\/07\/06\/sen-actualites-ce-jeudi-06-juillet-2023\/"},"wordCount":970,"commentCount":0,"publisher":{"@id":"https:\/\/www.public.sn\/#organization"},"image":{"@id":"https:\/\/www.public.sn\/index.php\/2023\/07\/06\/sen-actualites-ce-jeudi-06-juillet-2023\/#primaryimage"},"thumbnailUrl":"https:\/\/www.public.sn\/wp-content\/uploads\/2023\/07\/birame-souleye-diop-696x398-1-1.webp","articleSection":["ACTUALIT\u00c9S","POLITIQUE","REVUE DE PRESSE","VEDETTE"],"inLanguage":"fr-FR","potentialAction":[{"@type":"CommentAction","name":"Comment","target":["https:\/\/www.public.sn\/index.php\/2023\/07\/06\/sen-actualites-ce-jeudi-06-juillet-2023\/#respond"]}]},{"@type":"WebPage","@id":"https:\/\/www.public.sn\/index.php\/2023\/07\/06\/sen-actualites-ce-jeudi-06-juillet-2023\/","url":"https:\/\/www.public.sn\/index.php\/2023\/07\/06\/sen-actualites-ce-jeudi-06-juillet-2023\/","name":"SEN ACTUALITES ,CE JEUDI 06 JUILLET 2023 - LE PUBLIC","isPartOf":{"@id":"https:\/\/www.public.sn\/#website"},"primaryImageOfPage":{"@id":"https:\/\/www.public.sn\/index.php\/2023\/07\/06\/sen-actualites-ce-jeudi-06-juillet-2023\/#primaryimage"},"image":{"@id":"https:\/\/www.public.sn\/index.php\/2023\/07\/06\/sen-actualites-ce-jeudi-06-juillet-2023\/#primaryimage"},"thumbnailUrl":"https:\/\/www.public.sn\/wp-content\/uploads\/2023\/07\/birame-souleye-diop-696x398-1-1.webp","datePublished":"2023-07-06T12:38:40+00:00","breadcrumb":{"@id":"https:\/\/www.public.sn\/index.php\/2023\/07\/06\/sen-actualites-ce-jeudi-06-juillet-2023\/#breadcrumb"},"inLanguage":"fr-FR","potentialAction":[{"@type":"ReadAction","target":["https:\/\/www.public.sn\/index.php\/2023\/07\/06\/sen-actualites-ce-jeudi-06-juillet-2023\/"]}]},{"@type":"ImageObject","inLanguage":"fr-FR","@id":"https:\/\/www.public.sn\/index.php\/2023\/07\/06\/sen-actualites-ce-jeudi-06-juillet-2023\/#primaryimage","url":"https:\/\/www.public.sn\/wp-content\/uploads\/2023\/07\/birame-souleye-diop-696x398-1-1.webp","contentUrl":"https:\/\/www.public.sn\/wp-content\/uploads\/2023\/07\/birame-souleye-diop-696x398-1-1.webp","width":696,"height":398},{"@type":"BreadcrumbList","@id":"https:\/\/www.public.sn\/index.php\/2023\/07\/06\/sen-actualites-ce-jeudi-06-juillet-2023\/#breadcrumb","itemListElement":[{"@type":"ListItem","position":1,"name":"Accueil","item":"https:\/\/www.public.sn\/"},{"@type":"ListItem","position":2,"name":"SEN ACTUALITES ,CE JEUDI 06 JUILLET 2023"}]},{"@type":"WebSite","@id":"https:\/\/www.public.sn\/#website","url":"https:\/\/www.public.sn\/","name":"LE PUBLIC","description":"","publisher":{"@id":"https:\/\/www.public.sn\/#organization"},"potentialAction":[{"@type":"SearchAction","target":{"@type":"EntryPoint","urlTemplate":"https:\/\/www.public.sn\/?s={search_term_string}"},"query-input":{"@type":"PropertyValueSpecification","valueRequired":true,"valueName":"search_term_string"}}],"inLanguage":"fr-FR"},{"@type":"Organization","@id":"https:\/\/www.public.sn\/#organization","name":"LE PUBLIC","url":"https:\/\/www.public.sn\/","logo":{"@type":"ImageObject","inLanguage":"fr-FR","@id":"https:\/\/www.public.sn\/#\/schema\/logo\/image\/","url":"https:\/\/www.public.sn\/wp-content\/uploads\/2024\/05\/cropped-LOGO-PUBLIC.SN_.png","contentUrl":"https:\/\/www.public.sn\/wp-content\/uploads\/2024\/05\/cropped-LOGO-PUBLIC.SN_.png","width":682,"height":192,"caption":"LE PUBLIC"},"image":{"@id":"https:\/\/www.public.sn\/#\/schema\/logo\/image\/"}},{"@type":"Person","@id":"https:\/\/www.public.sn\/#\/schema\/person\/cb76c8e1b8becc6be61fb5e92d6d0224","name":"LA REDACTION","image":{"@type":"ImageObject","inLanguage":"fr-FR","@id":"https:\/\/www.public.sn\/#\/schema\/person\/image\/","url":"https:\/\/secure.gravatar.com\/avatar\/2dce5ddd34b8fef0180efe03aa2a9bee7d953856048f9a16b298190a3178407c?s=96&d=mm&r=g","contentUrl":"https:\/\/secure.gravatar.com\/avatar\/2dce5ddd34b8fef0180efe03aa2a9bee7d953856048f9a16b298190a3178407c?s=96&d=mm&r=g","caption":"LA REDACTION"},"url":"https:\/\/www.public.sn\/index.php\/author\/editeurpsn\/"}]}},"jetpack_featured_media_url":"https:\/\/www.public.sn\/wp-content\/uploads\/2023\/07\/birame-souleye-diop-696x398-1-1.webp","jetpack_sharing_enabled":true,"_links":{"self":[{"href":"https:\/\/www.public.sn\/index.php\/wp-json\/wp\/v2\/posts\/24566","targetHints":{"allow":["GET"]}}],"collection":[{"href":"https:\/\/www.public.sn\/index.php\/wp-json\/wp\/v2\/posts"}],"about":[{"href":"https:\/\/www.public.sn\/index.php\/wp-json\/wp\/v2\/types\/post"}],"author":[{"embeddable":true,"href":"https:\/\/www.public.sn\/index.php\/wp-json\/wp\/v2\/users\/7"}],"replies":[{"embeddable":true,"href":"https:\/\/www.public.sn\/index.php\/wp-json\/wp\/v2\/comments?post=24566"}],"version-history":[{"count":1,"href":"https:\/\/www.public.sn\/index.php\/wp-json\/wp\/v2\/posts\/24566\/revisions"}],"predecessor-version":[{"id":24571,"href":"https:\/\/www.public.sn\/index.php\/wp-json\/wp\/v2\/posts\/24566\/revisions\/24571"}],"wp:featuredmedia":[{"embeddable":true,"href":"https:\/\/www.public.sn\/index.php\/wp-json\/wp\/v2\/media\/24567"}],"wp:attachment":[{"href":"https:\/\/www.public.sn\/index.php\/wp-json\/wp\/v2\/media?parent=24566"}],"wp:term":[{"taxonomy":"category","embeddable":true,"href":"https:\/\/www.public.sn\/index.php\/wp-json\/wp\/v2\/categories?post=24566"},{"taxonomy":"post_tag","embeddable":true,"href":"https:\/\/www.public.sn\/index.php\/wp-json\/wp\/v2\/tags?post=24566"}],"curies":[{"name":"wp","href":"https:\/\/api.w.org\/{rel}","templated":true}]}}